{"id":20111,"date":"2012-01-01T00:00:00","date_gmt":"2012-01-01T00:00:00","guid":{"rendered":"https:\/\/crees.org.do\/lecciones-de-europa-central-y-oriental\/"},"modified":"2012-01-01T00:00:00","modified_gmt":"2012-01-01T00:00:00","slug":"lecciones-de-europa-central-y-oriental","status":"publish","type":"post","link":"https:\/\/crees.org.do\/?p=20111","title":{"rendered":"Lecciones de Europa Central y Oriental"},"content":{"rendered":"<p>&nbsp;<\/p>\n<p style=\"margin-top: 1em; margin-bottom: 1em; color: rgb(0, 0, 0); font-family: Arial, Helvetica; font-size: 13px; background-color: rgb(255, 255, 255); text-align: justify; \"><span style=\"font-size:12px;\"><span style=\"font-family: verdana, geneva, sans-serif; \"><span style=\"color: rgb(105, 105, 105); \">Autor: Gabriela Calder\u00f3n de Burgos<\/span><\/span><\/span><\/p>\n<p style=\"margin-top: 1em; margin-bottom: 1em; color: rgb(0, 0, 0); font-family: Arial, Helvetica; font-size: 13px; background-color: rgb(255, 255, 255); text-align: justify; \"><span style=\"color: rgb(105, 105, 105); font-family: verdana, geneva, sans-serif; font-size: 12px; \">Fuente: www.elcato.org<\/span><\/p>\n<p style=\"margin-top: 1em; margin-bottom: 1em; color: rgb(0, 0, 0); font-family: Arial, Helvetica; font-size: 13px; background-color: rgb(255, 255, 255); text-align: justify; \"><span style=\"font-size:12px;\"><span style=\"font-family: verdana, geneva, sans-serif; \">Mientras que los pa\u00edses de&nbsp;<strong style=\"font-family: verdana, geneva, sans-serif; font-size: 12px; \">Europa Occidental&nbsp;<\/strong>no logran recuperarse de la&nbsp;<strong style=\"font-family: verdana, geneva, sans-serif; font-size: 12px; \">Gran Recesi\u00f3n&nbsp;<\/strong>sino que parecen enfrentarse a una crisis todav\u00eda peor, los de&nbsp;<strong style=\"font-family: verdana, geneva, sans-serif; font-size: 12px; \">Europa Central y Oriental<\/strong>, salvo Hungr\u00eda, van a cumplir casi dos a\u00f1os de haberse recuperado. El economista&nbsp;<strong style=\"font-family: verdana, geneva, sans-serif; font-size: 12px; \">Anders \u00c5slund<\/strong>&nbsp;del Peterson Institute for International Economics ha escrito acerca de lo que &ldquo;la Nueva Europa&rdquo; le puede ense\u00f1ar a &ldquo;la Vieja Europa&rdquo; en materia de combatir las crisis.<\/span><\/span><\/p>\n<p style=\"margin-top: 1em; margin-bottom: 1em; color: rgb(0, 0, 0); font-family: Arial, Helvetica; font-size: 13px; background-color: rgb(255, 255, 255); text-align: justify; \"><span style=\"font-size:12px;\"><span style=\"font-family: verdana, geneva, sans-serif; \">La ortodoxia del FMI &mdash;y entre la gran mayor\u00eda de economistas&mdash; es que ante una crisis lo peor que le puede pasar a un pa\u00eds es tener un&nbsp;<strong>tipo de cambio inflexible<\/strong>&nbsp;(l\u00e9ase usar el Euro o, en nuestro caso, estar dolarizados). Esta corriente dominante presenta a la<strong>devaluaci\u00f3n<\/strong>&nbsp;y a un mayor&nbsp;<strong>gasto p\u00fablico<\/strong>&nbsp;como pociones m\u00e1gicas.<\/span><\/span><\/p>\n<p style=\"margin-top: 1em; margin-bottom: 1em; color: rgb(0, 0, 0); font-family: Arial, Helvetica; font-size: 13px; background-color: rgb(255, 255, 255); text-align: justify; \"><span style=\"font-size:12px;\"><span style=\"font-family: verdana, geneva, sans-serif; \">Pero lo que \u00c5slund se\u00f1ala de los pa\u00edses de Europa Central y Oriental contradice esta ortodoxia. Estos pa\u00edses fueron severamente golpeados por la crisis entre 2008 y 2009 &mdash;sobre todo los b\u00e1lticos (Estonia, Letonia y Lituania), donde la contracci\u00f3n promedio lleg\u00f3 a ser de 15% del PIB en 2009.<a href=\"http:\/\/www.elcato.org\/lecciones-de-europa-central-y-oriental#_ftn1\" id=\"_ftnref1\" name=\"_ftnref1\" style=\"color: rgb(51, 102, 153); font-weight: bold; \" title=\"\">1<\/a>&nbsp;Para 2010, ning\u00fan pa\u00eds de Europa Central y Oriental ten\u00eda un d\u00e9ficit superior a 4,5% del PIB y los pa\u00edses m\u00e1s golpeados por la crisis ten\u00edan super\u00e1vits. Tampoco hubo la muy temida deflaci\u00f3n ya que para 2011, la mayor\u00eda de estos pa\u00edses ten\u00eda una inflaci\u00f3n de entre 3 y 4 por ciento. Hay dos lecciones importantes que nos dan los pa\u00edses de Europa Central-Oriental:<\/span><\/span><\/p>\n<ol style=\"margin: 1em 0px; padding-left: 2em; color: rgb(0, 0, 0); font-family: Arial, Helvetica; font-size: 13px; background-color: rgb(255, 255, 255); \">\n<li style=\"margin: 0px; padding: 0px; text-align: justify; \"><span style=\"font-size:12px;\"><span style=\"font-family: verdana, geneva, sans-serif; \"><em>Ninguno de los pa\u00edses con tipo de cambio fijo devalu\u00f3 (a pesar de tener los mayores d\u00e9ficits de cuenta corriente).<\/em>&nbsp;En cambio, hicieron una &ldquo;devaluaci\u00f3n interna&rdquo;: redujeron los salarios y el gasto p\u00fablico. \u00c5slund indica que la consolidaci\u00f3n fiscal se dio tres cuartas partes por el lado de recortes de gasto y lo restante mediante aumentos de impuestos. Por ejemplo, el gobierno de Letonia cerr\u00f3 la mitad de los organismos del Estado y despidi\u00f3 a 29% de los empleados p\u00fablicos y el de Lituania redujo los salarios de empleados p\u00fablicos en un 20%. &ldquo;Los recortes de gastos eran preferibles a los aumentos de impuestos porque el gasto puede reducirse mucho m\u00e1s r\u00e1pido de lo que se pueden recaudar ingresos y la gente no aprecia aumentos de impuestos cuando reciben menos servicios p\u00fablicos y subsidios&rdquo;, explica \u00c5slund.<a href=\"http:\/\/www.elcato.org\/lecciones-de-europa-central-y-oriental#_ftn2\" id=\"_ftnref2\" name=\"_ftnref2\" style=\"color: rgb(51, 102, 153); font-weight: bold; \" title=\"\">2<\/a><\/span><\/span><\/li>\n<li style=\"margin: 0px; padding: 0px; text-align: justify; \"><span style=\"font-size:12px;\"><span style=\"font-family: verdana, geneva, sans-serif; \"><em>El populismo no es muy popular en una crisis muy seria.<\/em>&nbsp;Dos de los gobiernos m\u00e1s radicales en cuanto a medidas de ajuste frente a la crisis, Estonia y Letonia, ganaron elecciones parlamentarias en 2010 y 2011 y partidos con programas similares ganaron elecciones en la Rep\u00fablica Checa y Eslovaquia en 2010.<a href=\"http:\/\/www.elcato.org\/lecciones-de-europa-central-y-oriental#_ftn3\" id=\"_ftnref3\" name=\"_ftnref3\" style=\"color: rgb(51, 102, 153); font-weight: bold; \" title=\"\">3<\/a><\/span><\/span><\/li>\n<\/ol>\n<p style=\"margin-top: 1em; margin-bottom: 1em; color: rgb(0, 0, 0); font-family: Arial, Helvetica; font-size: 13px; background-color: rgb(255, 255, 255); text-align: justify; \"><span style=\"font-size:12px;\"><span style=\"font-family: verdana, geneva, sans-serif; \">Los pa\u00edses que en realidad redujeron el gasto p\u00fablico de manera r\u00e1pida y dr\u00e1stica mientras que implementaban reformas que hicieron m\u00e1s eficiente a sus sectores p\u00fablicos y m\u00e1s competitivas a sus econom\u00edas, son los que hoy llevan ya dos a\u00f1os de crecimiento s\u00f3lido. \u00c5slund concluye: &ldquo;Los pa\u00edses que han logrado el crecimiento m\u00e1s alto de las exportaciones y del PIB son Estonia y Lituania, seguidos de Letonia, mientras que otros pa\u00edses en crisis &mdash;Romania, Hungr\u00eda y Bulgaria&mdash; han tenido recuperaciones m\u00e1s lentas. Los tres primeros fueron l\u00edderes en realizar reformas estructurales durante la crisis, lo que parece ser la principal explicaci\u00f3n de su considerablemente mejor desempe\u00f1o&rdquo;.<\/span><\/span><\/p>\n<p style=\"margin-top: 1em; margin-bottom: 1em; color: rgb(0, 0, 0); font-family: Arial, Helvetica; font-size: 13px; background-color: rgb(255, 255, 255); text-align: justify; \"><span style=\"font-size:12px;\"><span style=\"font-family: verdana, geneva, sans-serif; \"><em>Este art\u00edculo fue publicado originalmente en&nbsp;<\/em>El Universo<em>&nbsp;(Ecuador) el 15 de junio de 2012.<\/em><\/span><\/span><\/p>\n<p style=\"margin-top: 1em; margin-bottom: 1em; color: rgb(0, 0, 0); font-family: Arial, Helvetica; font-size: 13px; background-color: rgb(255, 255, 255); text-align: justify; \"><span style=\"font-size:12px;\"><span style=\"font-family: verdana, geneva, sans-serif; \"><i><a href=\"http:\/\/www.elcato.org\/node\/2702\" style=\"color: rgb(51, 102, 153); text-decoration: underline; font-weight: bold; \">Gabriela Calder\u00f3n<\/a>&nbsp;es editora de&nbsp;<\/i>ElCato.org<i>, investigadora del Cato Institute y columnista de&nbsp;<\/i>El Universo<i>&nbsp;(Ecuador).<\/i><\/span><\/span><\/p>\n<p style=\"margin-top: 1em; margin-bottom: 1em; color: rgb(0, 0, 0); font-family: Arial, Helvetica; font-size: 13px; background-color: rgb(255, 255, 255); text-align: justify; \">&nbsp;<\/p>\n<p style=\"margin-top: 1em; margin-bottom: 1em; color: rgb(0, 0, 0); font-family: Arial, Helvetica; font-size: 13px; background-color: rgb(255, 255, 255); text-align: justify; \"><span style=\"font-size:12px;\"><span style=\"font-family: verdana, geneva, sans-serif; \"><strong>Referencias:<\/strong><\/span><\/span><\/p>\n<p style=\"margin-top: 1em; margin-bottom: 1em; color: rgb(0, 0, 0); font-family: Arial, Helvetica; font-size: 13px; background-color: rgb(255, 255, 255); text-align: justify; \"><span style=\"font-size:12px;\"><span style=\"font-family: verdana, geneva, sans-serif; \"><a href=\"http:\/\/www.elcato.org\/lecciones-de-europa-central-y-oriental#_ftnref1\" id=\"_ftn1\" name=\"_ftn1\" style=\"color: rgb(51, 102, 153); font-weight: bold; \" title=\"\">1<\/a>. Aslund, Anders. &ldquo;<a href=\"http:\/\/www.iie.com\/publications\/pb\/pb11-09.pdf\" style=\"color: rgb(51, 102, 153); font-weight: bold; \" target=\"_blank\" rel=\"noopener\">Lessons from the East European Financial Crisis<\/a>&rdquo;. Junio de 2011. Peterson Institute for International Economics.<\/span><\/span><\/p>\n<p style=\"margin-top: 1em; margin-bottom: 1em; color: rgb(0, 0, 0); font-family: Arial, Helvetica; font-size: 13px; background-color: rgb(255, 255, 255); text-align: justify; \"><span style=\"font-size:12px;\"><span style=\"font-family: verdana, geneva, sans-serif; \"><a href=\"http:\/\/www.elcato.org\/lecciones-de-europa-central-y-oriental#_ftnref2\" id=\"_ftn2\" name=\"_ftn2\" style=\"color: rgb(51, 102, 153); font-weight: bold; \" title=\"\">2<\/a>. Aslund, Anders. &ldquo;<a href=\"http:\/\/www.iie.com\/publications\/wp\/wp12-7.pdf\" style=\"color: rgb(51, 102, 153); font-weight: bold; \" target=\"_blank\" rel=\"noopener\">Lessons from Reforms in Central and Eastern Europe in the Wake of the Global Financial Crisis<\/a>&rdquo;. Abril de 2012. Peterson Institute for International Economics.<\/span><\/span><\/p>\n<p style=\"margin-top: 1em; margin-bottom: 1em; color: rgb(0, 0, 0); font-family: Arial, Helvetica; font-size: 13px; background-color: rgb(255, 255, 255); text-align: justify; \"><span style=\"font-size:12px;\"><span style=\"font-family: verdana, geneva, sans-serif; \"><a href=\"http:\/\/www.elcato.org\/lecciones-de-europa-central-y-oriental#_ftnref3\" id=\"_ftn3\" name=\"_ftn3\" style=\"color: rgb(51, 102, 153); font-weight: bold; \" title=\"\">3<\/a>. Ibid., &quot;Lessons from the East European Financial Crisis&quot;.<\/span><\/span><\/p>\n<div class=\"pvc_clear\"><\/div>\n<p class=\"pvc_stats all \" data-element-id=\"20111\" style=\"\"><i class=\"pvc-stats-icon medium\" aria-hidden=\"true\"><svg aria-hidden=\"true\" focusable=\"false\" data-prefix=\"far\" data-icon=\"chart-bar\" role=\"img\" xmlns=\"http:\/\/www.w3.org\/2000\/svg\" viewBox=\"0 0 512 512\" class=\"svg-inline--fa fa-chart-bar fa-w-16 fa-2x\"><path fill=\"currentColor\" d=\"M396.8 352h22.4c6.4 0 12.8-6.4 12.8-12.8V108.8c0-6.4-6.4-12.8-12.8-12.8h-22.4c-6.4 0-12.8 6.4-12.8 12.8v230.4c0 6.4 6.4 12.8 12.8 12.8zm-192 0h22.4c6.4 0 12.8-6.4 12.8-12.8V140.8c0-6.4-6.4-12.8-12.8-12.8h-22.4c-6.4 0-12.8 6.4-12.8 12.8v198.4c0 6.4 6.4 12.8 12.8 12.8zm96 0h22.4c6.4 0 12.8-6.4 12.8-12.8V204.8c0-6.4-6.4-12.8-12.8-12.8h-22.4c-6.4 0-12.8 6.4-12.8 12.8v134.4c0 6.4 6.4 12.8 12.8 12.8zM496 400H48V80c0-8.84-7.16-16-16-16H16C7.16 64 0 71.16 0 80v336c0 17.67 14.33 32 32 32h464c8.84 0 16-7.16 16-16v-16c0-8.84-7.16-16-16-16zm-387.2-48h22.4c6.4 0 12.8-6.4 12.8-12.8v-70.4c0-6.4-6.4-12.8-12.8-12.8h-22.4c-6.4 0-12.8 6.4-12.8 12.8v70.4c0 6.4 6.4 12.8 12.8 12.8z\" class=\"\"><\/path><\/svg><\/i> Vistas Totales&nbsp;456&nbsp;, Vistas Hoy&nbsp;2&nbsp;<\/p>\n<div class=\"pvc_clear\"><\/div>\n","protected":false},"excerpt":{"rendered":"<p>Autor: Gabriela Calder\u00f3n de BurgosFuente: www.elcato.orgMientras que los pa\u00edses de Europa Occidental no logran recuperarse de la Gran Recesi\u00f3n sino que parecen enfrentarse a una crisis todav\u00eda peor, los de Europa Central y Oriental, salvo Hungr\u00eda, van a cumplir casi dos a\u00f1os de haberse recuperado. El economista Anders \u00c5slund del Peterson Institute for International Economics ha escrito acerca de lo que \u201cla Nueva Europa\u201d le puede ense\u00f1ar a \u201cla Vieja Europa\u201d en materia de combatir las crisis.<\/p>\n<div class=\"pvc_clear\"><\/div>\n<p class=\"pvc_stats all \" data-element-id=\"20111\" style=\"\"><i class=\"pvc-stats-icon medium\" aria-hidden=\"true\"><svg aria-hidden=\"true\" focusable=\"false\" data-prefix=\"far\" data-icon=\"chart-bar\" role=\"img\" xmlns=\"http:\/\/www.w3.org\/2000\/svg\" viewBox=\"0 0 512 512\" class=\"svg-inline--fa fa-chart-bar fa-w-16 fa-2x\"><path fill=\"currentColor\" d=\"M396.8 352h22.4c6.4 0 12.8-6.4 12.8-12.8V108.8c0-6.4-6.4-12.8-12.8-12.8h-22.4c-6.4 0-12.8 6.4-12.8 12.8v230.4c0 6.4 6.4 12.8 12.8 12.8zm-192 0h22.4c6.4 0 12.8-6.4 12.8-12.8V140.8c0-6.4-6.4-12.8-12.8-12.8h-22.4c-6.4 0-12.8 6.4-12.8 12.8v198.4c0 6.4 6.4 12.8 12.8 12.8zm96 0h22.4c6.4 0 12.8-6.4 12.8-12.8V204.8c0-6.4-6.4-12.8-12.8-12.8h-22.4c-6.4 0-12.8 6.4-12.8 12.8v134.4c0 6.4 6.4 12.8 12.8 12.8zM496 400H48V80c0-8.84-7.16-16-16-16H16C7.16 64 0 71.16 0 80v336c0 17.67 14.33 32 32 32h464c8.84 0 16-7.16 16-16v-16c0-8.84-7.16-16-16-16zm-387.2-48h22.4c6.4 0 12.8-6.4 12.8-12.8v-70.4c0-6.4-6.4-12.8-12.8-12.8h-22.4c-6.4 0-12.8 6.4-12.8 12.8v70.4c0 6.4 6.4 12.8 12.8 12.8z\" class=\"\"><\/path><\/svg><\/i> Vistas Totales&nbsp;456&nbsp;, Vistas Hoy&nbsp;2&nbsp;<\/p>\n<div class=\"pvc_clear\"><\/div>\n","protected":false},"author":2,"featured_media":0,"comment_status":"open","ping_status":"open","sticky":false,"template":"","format":"standard","meta":{"footnotes":""},"categories":[21],"tags":[],"class_list":["post-20111","post","type-post","status-publish","format-standard","hentry","category-blog"],"yoast_head":"<!-- This site is optimized with the Yoast SEO plugin v25.2 - https:\/\/yoast.com\/wordpress\/plugins\/seo\/ -->\n<title>Lecciones de Europa Central y Oriental | CREES<\/title>\n<meta name=\"robots\" content=\"index, follow, max-snippet:-1, max-image-preview:large, max-video-preview:-1\" \/>\n<link rel=\"canonical\" href=\"https:\/\/crees.org.do\/?p=20111\" \/>\n<meta property=\"og:locale\" content=\"es_ES\" \/>\n<meta property=\"og:type\" content=\"article\" \/>\n<meta property=\"og:title\" content=\"Lecciones de Europa Central y Oriental | CREES\" \/>\n<meta property=\"og:description\" content=\"Autor: Gabriela Calder\u00f3n de BurgosFuente: www.elcato.orgMientras que los pa\u00edses de Europa Occidental no logran recuperarse de la Gran Recesi\u00f3n sino que parecen enfrentarse a una crisis todav\u00eda peor, los de Europa Central y Oriental, salvo Hungr\u00eda, van a cumplir casi dos a\u00f1os de haberse recuperado. El economista Anders \u00c5slund del Peterson Institute for International Economics ha escrito acerca de lo que \u201cla Nueva Europa\u201d le puede ense\u00f1ar a \u201cla Vieja Europa\u201d en materia de combatir las crisis.\" \/>\n<meta property=\"og:url\" content=\"https:\/\/crees.org.do\/?p=20111\" \/>\n<meta property=\"og:site_name\" content=\"CREES\" \/>\n<meta property=\"article:publisher\" content=\"https:\/\/www.facebook.com\/CREESRD\/\" \/>\n<meta property=\"article:published_time\" content=\"2012-01-01T00:00:00+00:00\" \/>\n<meta property=\"og:image\" content=\"https:\/\/crees.org.do\/wp-content\/uploads\/2022\/03\/crees-logo-1.jpg\" \/>\n\t<meta property=\"og:image:width\" content=\"244\" \/>\n\t<meta property=\"og:image:height\" content=\"71\" \/>\n\t<meta property=\"og:image:type\" content=\"image\/jpeg\" \/>\n<meta name=\"author\" content=\"Crees\" \/>\n<meta name=\"twitter:card\" content=\"summary_large_image\" \/>\n<meta name=\"twitter:creator\" content=\"@CREESRD\" \/>\n<meta name=\"twitter:site\" content=\"@CREESRD\" \/>\n<meta name=\"twitter:label1\" content=\"Escrito por\" \/>\n\t<meta name=\"twitter:data1\" content=\"Crees\" \/>\n\t<meta name=\"twitter:label2\" content=\"Tiempo de lectura\" \/>\n\t<meta name=\"twitter:data2\" content=\"4 minutos\" \/>\n<script type=\"application\/ld+json\" class=\"yoast-schema-graph\">{\"@context\":\"https:\/\/schema.org\",\"@graph\":[{\"@type\":\"Article\",\"@id\":\"https:\/\/crees.org.do\/?p=20111#article\",\"isPartOf\":{\"@id\":\"https:\/\/crees.org.do\/?p=20111\"},\"author\":{\"name\":\"Crees\",\"@id\":\"https:\/\/crees.org.do\/#\/schema\/person\/e7f97cd94d7bf9cd0e0ce30acb7d56b8\"},\"headline\":\"Lecciones de Europa Central y Oriental\",\"datePublished\":\"2012-01-01T00:00:00+00:00\",\"mainEntityOfPage\":{\"@id\":\"https:\/\/crees.org.do\/?p=20111\"},\"wordCount\":725,\"commentCount\":0,\"publisher\":{\"@id\":\"https:\/\/crees.org.do\/#organization\"},\"articleSection\":[\"Blog\"],\"inLanguage\":\"es\"},{\"@type\":\"WebPage\",\"@id\":\"https:\/\/crees.org.do\/?p=20111\",\"url\":\"https:\/\/crees.org.do\/?p=20111\",\"name\":\"Lecciones de Europa Central y Oriental | CREES\",\"isPartOf\":{\"@id\":\"https:\/\/crees.org.do\/#website\"},\"datePublished\":\"2012-01-01T00:00:00+00:00\",\"breadcrumb\":{\"@id\":\"https:\/\/crees.org.do\/?p=20111#breadcrumb\"},\"inLanguage\":\"es\",\"potentialAction\":[{\"@type\":\"ReadAction\",\"target\":[\"https:\/\/crees.org.do\/?p=20111\"]}]},{\"@type\":\"BreadcrumbList\",\"@id\":\"https:\/\/crees.org.do\/?p=20111#breadcrumb\",\"itemListElement\":[{\"@type\":\"ListItem\",\"position\":1,\"name\":\"Portada\",\"item\":\"https:\/\/crees.org.do\/\"},{\"@type\":\"ListItem\",\"position\":2,\"name\":\"Lecciones de Europa Central y Oriental\"}]},{\"@type\":\"WebSite\",\"@id\":\"https:\/\/crees.org.do\/#website\",\"url\":\"https:\/\/crees.org.do\/\",\"name\":\"CREES\",\"description\":\"Centro Regional de Estrategias Econ\u00f3micas Sostenibles\",\"publisher\":{\"@id\":\"https:\/\/crees.org.do\/#organization\"},\"potentialAction\":[{\"@type\":\"SearchAction\",\"target\":{\"@type\":\"EntryPoint\",\"urlTemplate\":\"https:\/\/crees.org.do\/?s={search_term_string}\"},\"query-input\":{\"@type\":\"PropertyValueSpecification\",\"valueRequired\":true,\"valueName\":\"search_term_string\"}}],\"inLanguage\":\"es\"},{\"@type\":\"Organization\",\"@id\":\"https:\/\/crees.org.do\/#organization\",\"name\":\"CREES | Centro Regional de Estrategias Econ\u00f3micas Sostenibles\",\"url\":\"https:\/\/crees.org.do\/\",\"logo\":{\"@type\":\"ImageObject\",\"inLanguage\":\"es\",\"@id\":\"https:\/\/crees.org.do\/#\/schema\/logo\/image\/\",\"url\":\"https:\/\/crees.org.do\/wp-content\/uploads\/2022\/03\/crees-logo-1.jpg\",\"contentUrl\":\"https:\/\/crees.org.do\/wp-content\/uploads\/2022\/03\/crees-logo-1.jpg\",\"width\":244,\"height\":71,\"caption\":\"CREES | Centro Regional de Estrategias Econ\u00f3micas Sostenibles\"},\"image\":{\"@id\":\"https:\/\/crees.org.do\/#\/schema\/logo\/image\/\"},\"sameAs\":[\"https:\/\/www.facebook.com\/CREESRD\/\",\"https:\/\/x.com\/CREESRD\"]},{\"@type\":\"Person\",\"@id\":\"https:\/\/crees.org.do\/#\/schema\/person\/e7f97cd94d7bf9cd0e0ce30acb7d56b8\",\"name\":\"Crees\",\"image\":{\"@type\":\"ImageObject\",\"inLanguage\":\"es\",\"@id\":\"https:\/\/crees.org.do\/#\/schema\/person\/image\/\",\"url\":\"https:\/\/secure.gravatar.com\/avatar\/390ac8f0be5d9aa046152553e2dd7011b59a512d89c150f5e5f28bb8d9a0b165?s=96&d=mm&r=g\",\"contentUrl\":\"https:\/\/secure.gravatar.com\/avatar\/390ac8f0be5d9aa046152553e2dd7011b59a512d89c150f5e5f28bb8d9a0b165?s=96&d=mm&r=g\",\"caption\":\"Crees\"},\"url\":\"https:\/\/crees.org.do\/?author=2\"}]}<\/script>\n<!-- \/ Yoast SEO plugin. -->","yoast_head_json":{"title":"Lecciones de Europa Central y Oriental | CREES","robots":{"index":"index","follow":"follow","max-snippet":"max-snippet:-1","max-image-preview":"max-image-preview:large","max-video-preview":"max-video-preview:-1"},"canonical":"https:\/\/crees.org.do\/?p=20111","og_locale":"es_ES","og_type":"article","og_title":"Lecciones de Europa Central y Oriental | CREES","og_description":"Autor: Gabriela Calder\u00f3n de BurgosFuente: www.elcato.orgMientras que los pa\u00edses de Europa Occidental no logran recuperarse de la Gran Recesi\u00f3n sino que parecen enfrentarse a una crisis todav\u00eda peor, los de Europa Central y Oriental, salvo Hungr\u00eda, van a cumplir casi dos a\u00f1os de haberse recuperado. El economista Anders \u00c5slund del Peterson Institute for International Economics ha escrito acerca de lo que \u201cla Nueva Europa\u201d le puede ense\u00f1ar a \u201cla Vieja Europa\u201d en materia de combatir las crisis.","og_url":"https:\/\/crees.org.do\/?p=20111","og_site_name":"CREES","article_publisher":"https:\/\/www.facebook.com\/CREESRD\/","article_published_time":"2012-01-01T00:00:00+00:00","og_image":[{"width":244,"height":71,"url":"https:\/\/crees.org.do\/wp-content\/uploads\/2022\/03\/crees-logo-1.jpg","type":"image\/jpeg"}],"author":"Crees","twitter_card":"summary_large_image","twitter_creator":"@CREESRD","twitter_site":"@CREESRD","twitter_misc":{"Escrito por":"Crees","Tiempo de lectura":"4 minutos"},"schema":{"@context":"https:\/\/schema.org","@graph":[{"@type":"Article","@id":"https:\/\/crees.org.do\/?p=20111#article","isPartOf":{"@id":"https:\/\/crees.org.do\/?p=20111"},"author":{"name":"Crees","@id":"https:\/\/crees.org.do\/#\/schema\/person\/e7f97cd94d7bf9cd0e0ce30acb7d56b8"},"headline":"Lecciones de Europa Central y Oriental","datePublished":"2012-01-01T00:00:00+00:00","mainEntityOfPage":{"@id":"https:\/\/crees.org.do\/?p=20111"},"wordCount":725,"commentCount":0,"publisher":{"@id":"https:\/\/crees.org.do\/#organization"},"articleSection":["Blog"],"inLanguage":"es"},{"@type":"WebPage","@id":"https:\/\/crees.org.do\/?p=20111","url":"https:\/\/crees.org.do\/?p=20111","name":"Lecciones de Europa Central y Oriental | CREES","isPartOf":{"@id":"https:\/\/crees.org.do\/#website"},"datePublished":"2012-01-01T00:00:00+00:00","breadcrumb":{"@id":"https:\/\/crees.org.do\/?p=20111#breadcrumb"},"inLanguage":"es","potentialAction":[{"@type":"ReadAction","target":["https:\/\/crees.org.do\/?p=20111"]}]},{"@type":"BreadcrumbList","@id":"https:\/\/crees.org.do\/?p=20111#breadcrumb","itemListElement":[{"@type":"ListItem","position":1,"name":"Portada","item":"https:\/\/crees.org.do\/"},{"@type":"ListItem","position":2,"name":"Lecciones de Europa Central y Oriental"}]},{"@type":"WebSite","@id":"https:\/\/crees.org.do\/#website","url":"https:\/\/crees.org.do\/","name":"CREES","description":"Centro Regional de Estrategias Econ\u00f3micas Sostenibles","publisher":{"@id":"https:\/\/crees.org.do\/#organization"},"potentialAction":[{"@type":"SearchAction","target":{"@type":"EntryPoint","urlTemplate":"https:\/\/crees.org.do\/?s={search_term_string}"},"query-input":{"@type":"PropertyValueSpecification","valueRequired":true,"valueName":"search_term_string"}}],"inLanguage":"es"},{"@type":"Organization","@id":"https:\/\/crees.org.do\/#organization","name":"CREES | Centro Regional de Estrategias Econ\u00f3micas Sostenibles","url":"https:\/\/crees.org.do\/","logo":{"@type":"ImageObject","inLanguage":"es","@id":"https:\/\/crees.org.do\/#\/schema\/logo\/image\/","url":"https:\/\/crees.org.do\/wp-content\/uploads\/2022\/03\/crees-logo-1.jpg","contentUrl":"https:\/\/crees.org.do\/wp-content\/uploads\/2022\/03\/crees-logo-1.jpg","width":244,"height":71,"caption":"CREES | Centro Regional de Estrategias Econ\u00f3micas Sostenibles"},"image":{"@id":"https:\/\/crees.org.do\/#\/schema\/logo\/image\/"},"sameAs":["https:\/\/www.facebook.com\/CREESRD\/","https:\/\/x.com\/CREESRD"]},{"@type":"Person","@id":"https:\/\/crees.org.do\/#\/schema\/person\/e7f97cd94d7bf9cd0e0ce30acb7d56b8","name":"Crees","image":{"@type":"ImageObject","inLanguage":"es","@id":"https:\/\/crees.org.do\/#\/schema\/person\/image\/","url":"https:\/\/secure.gravatar.com\/avatar\/390ac8f0be5d9aa046152553e2dd7011b59a512d89c150f5e5f28bb8d9a0b165?s=96&d=mm&r=g","contentUrl":"https:\/\/secure.gravatar.com\/avatar\/390ac8f0be5d9aa046152553e2dd7011b59a512d89c150f5e5f28bb8d9a0b165?s=96&d=mm&r=g","caption":"Crees"},"url":"https:\/\/crees.org.do\/?author=2"}]}},"_links":{"self":[{"href":"https:\/\/crees.org.do\/index.php?rest_route=\/wp\/v2\/posts\/20111","targetHints":{"allow":["GET"]}}],"collection":[{"href":"https:\/\/crees.org.do\/index.php?rest_route=\/wp\/v2\/posts"}],"about":[{"href":"https:\/\/crees.org.do\/index.php?rest_route=\/wp\/v2\/types\/post"}],"author":[{"embeddable":true,"href":"https:\/\/crees.org.do\/index.php?rest_route=\/wp\/v2\/users\/2"}],"replies":[{"embeddable":true,"href":"https:\/\/crees.org.do\/index.php?rest_route=%2Fwp%2Fv2%2Fcomments&post=20111"}],"version-history":[{"count":0,"href":"https:\/\/crees.org.do\/index.php?rest_route=\/wp\/v2\/posts\/20111\/revisions"}],"wp:attachment":[{"href":"https:\/\/crees.org.do\/index.php?rest_route=%2Fwp%2Fv2%2Fmedia&parent=20111"}],"wp:term":[{"taxonomy":"category","embeddable":true,"href":"https:\/\/crees.org.do\/index.php?rest_route=%2Fwp%2Fv2%2Fcategories&post=20111"},{"taxonomy":"post_tag","embeddable":true,"href":"https:\/\/crees.org.do\/index.php?rest_route=%2Fwp%2Fv2%2Ftags&post=20111"}],"curies":[{"name":"wp","href":"https:\/\/api.w.org\/{rel}","templated":true}]}}