{"id":20128,"date":"2012-01-01T00:00:00","date_gmt":"2012-01-01T00:00:00","guid":{"rendered":"https:\/\/crees.org.do\/el-controversial-impuesto-a-los-activos\/"},"modified":"2012-01-01T00:00:00","modified_gmt":"2012-01-01T00:00:00","slug":"el-controversial-impuesto-a-los-activos","status":"publish","type":"post","link":"https:\/\/crees.org.do\/?p=20128","title":{"rendered":"El Controversial Impuesto a los Activos"},"content":{"rendered":"<p>&nbsp;<\/p>\n<p style=\"text-align: justify; \"><span style=\"color:#696969;\">Autor:&nbsp;Mar\u00eda Arthur Rodger<\/span><\/p>\n<p style=\"text-align: justify; \"><span style=\"color:#696969;\">Fuente: <\/span><a href=\"http:\/\/www.arcalaw.com\/\" target=\"_blank\" rel=\"noopener\"><span style=\"color:#696969;\">Arthur &amp; Castillo Abogados<\/span><\/a><\/p>\n<p style=\"text-align: justify; \">&nbsp;<\/p>\n<p style=\"text-align: justify; \">Al igual que en algunos pa\u00edses Latinoamericanos, la Rep\u00fablica Dominicana introdujo dentro de su sistema tributario un impuesto a los activos empresariales. En nuestro pa\u00eds, el Impuesto sobre&nbsp; Activos (ISA) grava con un 1% anual el valor total de los activos (inmuebles, efectivo, cuentas por cobrar, autom\u00f3viles y equipos, inventario y mercanc\u00eda en tr\u00e1nsito, entre otros), que figuren en el balance general de las personas jur\u00eddicas o negocios de \u00fanico due\u00f1o al cierre de su ejercicio fiscal.<\/p>\n<p style=\"text-align: justify; \">La creaci\u00f3n de este impuesto surgi\u00f3 a ra\u00edz de la necesidad de crear un mecanismo de f\u00e1cil recaudaci\u00f3n y fiscalizaci\u00f3n que contrarrestara la evasi\u00f3n del Impuesto sobre la Renta y la falta de eficiencia o recursos de las Administraciones Tributarias. De ah\u00ed que, empresas que declararan sin operaciones o con p\u00e9rdidas, se ver\u00edan obligadas a pagar un m\u00ednimo de impuesto calculado sobre la base de sus activos.<\/p>\n<p style=\"text-align: justify; \">Muchos de los pa\u00edses que implantaron un impuesto similar al ISA luego lo erradicaron o fue declarado inconstitucional por los tribunales. En Costa Rica, Per\u00fa, Argentina, Guatemala y Honduras, los tribunales lo declararon inconstitucional, por violar los Principios de Capacidad Contributiva, de no Confiscatoriedad, de Igualdad y de Razonabilidad, entre otros. Cabe tambi\u00e9n mencionar el caso de M\u00e9xico, en el cual el rechazo generalizado a dicho impuesto produjo m\u00e1s de 10,000 demandas de amparo, produciendo su eventual eliminaci\u00f3n.<\/p>\n<p style=\"text-align: justify; \">En el caso dominicano, la ley de ISA no contempla exenciones para sociedades de nueva creaci\u00f3n durante sus primeros a\u00f1os de operaci\u00f3n, un m\u00ednimo exento en base a ingresos brutos o monto de activos, la deducci\u00f3n de los pasivos, ni la posibilidad de compensar el pago de ISA con los anticipos de Impuesto sobre la Renta.<\/p>\n<p style=\"text-align: justify; \">Los contribuyentes quedan sujetos a la aplicaci\u00f3n del ISA a menos que los mismos gocen de exenci\u00f3n en el Impuesto sobre la Renta, puedan acogerse al Procedimiento Simplificado de Tributaci\u00f3n (PST), o sean exonerados a trav\u00e9s de una norma o resoluci\u00f3n de la Direcci\u00f3n General de Impuestos Internos (DGII), como es el caso de las empresas agropecuarias y aquellas que cuentan con inversiones de capital intensivo<a href=\"#_ftn1\" name=\"_ftnref1\" title=\"\">[1]<\/a>.<\/p>\n<p style=\"text-align: justify; \">Por los motivos anteriores, un contribuyente de ISA estar\u00e1 obligado al pago de dicho impuesto sin importar que se encuentre en periodo de inicio de operaciones y sufra p\u00e9rdidas. Cuando cualquier contribuyente sufre p\u00e9rdidas, o sus ganancias no generan un pago de Impuesto sobre la renta superior al que le corresponder\u00eda pagar por ISA, tendr\u00e1 que pagar por este \u00faltimo concepto. &iquest;No es mejor aliviar el arduo camino del emprendedurismo y fomentar una econom\u00eda en crecimiento? &iquest;Deben estos contribuyentes tomar un pr\u00e9stamo o disponer de alguno de sus activos para pagar el ISA?<\/p>\n<p style=\"text-align: justify; \">Los activos de un contribuyente no necesariamente reflejan su capacidad de contribuir al fisco y, de conformidad con nuestra Constituci\u00f3n<a href=\"#_ftn2\" name=\"_ftnref2\" title=\"\">[2]<\/a>, solo deber\u00edamos contribuir con las cargas p\u00fablicas en proporci\u00f3n a nuestra capacidad econ\u00f3mica, por lo que, si generamos p\u00e9rdidas no tenemos con qu\u00e9 contribuir.<\/p>\n<p style=\"text-align: justify; \">Adem\u00e1s, cuando se otorgan amplias exenciones de impuestos a diferentes sectores de la econom\u00eda, aquellos a quienes finalmente les aplica el impuesto podr\u00edan ser v\u00edctimas de desigualdad tributaria<a href=\"#_ftn3\" name=\"_ftnref3\" title=\"\">[3]<\/a>.<\/p>\n<p style=\"text-align: justify; \">Por otro lado, cuando el contribuyente sacrifica sus bienes para pagar el ISA, esto deviene en confiscatorio y lesiona el goce y garant\u00edas del derecho de propiedad consagrado en nuestra Constituci\u00f3n.<\/p>\n<p style=\"text-align: justify; \">En virtud de lo arriba expuesto, nuestro Tribunal Constitucional podr\u00eda, a petici\u00f3n de parte interesada, declarar inconstitucional<a href=\"#_ftn4\" name=\"_ftnref4\" title=\"\">[4]<\/a> el Impuesto sobre los Activos (ISA) toda vez que nuestra Constituci\u00f3n tambi\u00e9n cuenta con principios de Capacidad Contributiva, Progresividad, Igualdad y no Confiscatoriedad<a href=\"#_ftn5\" name=\"_ftnref5\" title=\"\">[5]<\/a>. Esta decisi\u00f3n ser\u00eda definitiva e irrevocable y constituir\u00eda un precedente vinculante para todos los \u00f3rganos del Estado.<\/p>\n<p style=\"text-align: justify; \">Si bien el ISA surgi\u00f3 como una medida dr\u00e1stica para controlar la evasi\u00f3n, es preciso recordar que cuando entr\u00f3 en vigor en el a\u00f1o 2006, aun no exist\u00edan los mecanismos de control con los que actualmente cuenta la DGII, tales como comprobantes e impresoras fiscales, las reglas de precios de transferencia, y su plataforma tecnol\u00f3gica con sistema de informaci\u00f3n cruzada. Tampoco exist\u00eda la actual crisis econ\u00f3mica mundial.<\/p>\n<p style=\"text-align: justify; \">La eliminaci\u00f3n del Impuesto a los Activos, sea mediante la iniciativa p\u00fablica o mediante la reforma fiscal integral no solo contribuir\u00eda a salvaguardar la seguridad jur\u00eddica sino tambi\u00e9n a propulsar la inversi\u00f3n de capitales y el desarrollo de los negocios.<\/p>\n<p>&nbsp;<\/p>\n<div>\n<p style=\"text-align: justify; \">&nbsp;<\/p>\n<hr align=\"left\" size=\"1\" width=\"33%\" \/>\n<div id=\"ftn1\">\n<p style=\"text-align: justify; \"><a href=\"#_ftnref1\" name=\"_ftn1\" title=\"\">[1]<\/a> Inversiones de Capital Intensivo son definidos por la Norma General No.3-06 de la DGII como &ldquo;<em>aquellas inversiones en una rama o proceso productivo que emplean m\u00e1s capital que otros factores de producci\u00f3n para la producci\u00f3n de bienes y servicios. Se considerara que una inversi\u00f3n es de Capital Intensivo, cuando el valor de los activos fijos netos adquiridos (maquinarias, equipos, bienes muebles e inmuebles) sea superior al 50% del total de activos del contribuyente.<\/em>&rdquo;<\/p>\n<\/div>\n<div id=\"ftn2\">\n<p style=\"text-align: justify; \"><a href=\"#_ftnref2\" name=\"_ftn2\" title=\"\">[2]<\/a> Art\u00edculo 75, numeral 6, de la Constituci\u00f3n<\/p>\n<\/div>\n<div id=\"ftn3\">\n<p style=\"text-align: justify; \"><a href=\"#_ftnref3\" name=\"_ftn3\" title=\"\">[3]<\/a> Art\u00edculo 243 y 39 de la Constituci\u00f3n.<\/p>\n<\/div>\n<div id=\"ftn4\">\n<p><a href=\"#_ftnref4\" name=\"_ftn4\" title=\"\">[4]<\/a> Art\u00edculo 184 de la Constituci\u00f3n.<\/p>\n<\/div>\n<div id=\"ftn5\">\n<p><a href=\"#_ftnref5\" name=\"_ftn5\" title=\"\">[5]<\/a> Art\u00edculo 51 de la Constituci\u00f3n.<\/p>\n<\/div>\n<\/div>\n<p>&nbsp;<\/p>\n<div class=\"pvc_clear\"><\/div>\n<p class=\"pvc_stats all \" data-element-id=\"20128\" style=\"\"><i class=\"pvc-stats-icon medium\" aria-hidden=\"true\"><svg aria-hidden=\"true\" focusable=\"false\" data-prefix=\"far\" data-icon=\"chart-bar\" role=\"img\" xmlns=\"http:\/\/www.w3.org\/2000\/svg\" viewBox=\"0 0 512 512\" class=\"svg-inline--fa fa-chart-bar fa-w-16 fa-2x\"><path fill=\"currentColor\" d=\"M396.8 352h22.4c6.4 0 12.8-6.4 12.8-12.8V108.8c0-6.4-6.4-12.8-12.8-12.8h-22.4c-6.4 0-12.8 6.4-12.8 12.8v230.4c0 6.4 6.4 12.8 12.8 12.8zm-192 0h22.4c6.4 0 12.8-6.4 12.8-12.8V140.8c0-6.4-6.4-12.8-12.8-12.8h-22.4c-6.4 0-12.8 6.4-12.8 12.8v198.4c0 6.4 6.4 12.8 12.8 12.8zm96 0h22.4c6.4 0 12.8-6.4 12.8-12.8V204.8c0-6.4-6.4-12.8-12.8-12.8h-22.4c-6.4 0-12.8 6.4-12.8 12.8v134.4c0 6.4 6.4 12.8 12.8 12.8zM496 400H48V80c0-8.84-7.16-16-16-16H16C7.16 64 0 71.16 0 80v336c0 17.67 14.33 32 32 32h464c8.84 0 16-7.16 16-16v-16c0-8.84-7.16-16-16-16zm-387.2-48h22.4c6.4 0 12.8-6.4 12.8-12.8v-70.4c0-6.4-6.4-12.8-12.8-12.8h-22.4c-6.4 0-12.8 6.4-12.8 12.8v70.4c0 6.4 6.4 12.8 12.8 12.8z\" class=\"\"><\/path><\/svg><\/i> Vistas Totales&nbsp;1,502&nbsp;, Vistas Hoy&nbsp;4&nbsp;<\/p>\n<div class=\"pvc_clear\"><\/div>\n","protected":false},"excerpt":{"rendered":"<p>Autor: Mar\u00eda Arthur RodgerFuente: Arthur &#038; Castillo AbogadosAl igual que en algunos pa\u00edses Latinoamericanos, la Rep\u00fablica Dominicana introdujo dentro de su sistema tributario un impuesto a los activos empresariales. En nuestro pa\u00eds, el Impuesto sobre  Activos (ISA) grava con un 1% anual el valor total de los activos (inmuebles, efectivo, cuentas por cobrar, autom\u00f3viles y equipos, inventario y mercanc\u00eda en tr\u00e1nsito, entre otros), que figuren en el balance general de las personas jur\u00eddicas o negocios de \u00fanico due\u00f1o al cierre de su ejercicio fiscal.<\/p>\n<div class=\"pvc_clear\"><\/div>\n<p class=\"pvc_stats all \" data-element-id=\"20128\" style=\"\"><i class=\"pvc-stats-icon medium\" aria-hidden=\"true\"><svg aria-hidden=\"true\" focusable=\"false\" data-prefix=\"far\" data-icon=\"chart-bar\" role=\"img\" xmlns=\"http:\/\/www.w3.org\/2000\/svg\" viewBox=\"0 0 512 512\" class=\"svg-inline--fa fa-chart-bar fa-w-16 fa-2x\"><path fill=\"currentColor\" d=\"M396.8 352h22.4c6.4 0 12.8-6.4 12.8-12.8V108.8c0-6.4-6.4-12.8-12.8-12.8h-22.4c-6.4 0-12.8 6.4-12.8 12.8v230.4c0 6.4 6.4 12.8 12.8 12.8zm-192 0h22.4c6.4 0 12.8-6.4 12.8-12.8V140.8c0-6.4-6.4-12.8-12.8-12.8h-22.4c-6.4 0-12.8 6.4-12.8 12.8v198.4c0 6.4 6.4 12.8 12.8 12.8zm96 0h22.4c6.4 0 12.8-6.4 12.8-12.8V204.8c0-6.4-6.4-12.8-12.8-12.8h-22.4c-6.4 0-12.8 6.4-12.8 12.8v134.4c0 6.4 6.4 12.8 12.8 12.8zM496 400H48V80c0-8.84-7.16-16-16-16H16C7.16 64 0 71.16 0 80v336c0 17.67 14.33 32 32 32h464c8.84 0 16-7.16 16-16v-16c0-8.84-7.16-16-16-16zm-387.2-48h22.4c6.4 0 12.8-6.4 12.8-12.8v-70.4c0-6.4-6.4-12.8-12.8-12.8h-22.4c-6.4 0-12.8 6.4-12.8 12.8v70.4c0 6.4 6.4 12.8 12.8 12.8z\" class=\"\"><\/path><\/svg><\/i> Vistas Totales&nbsp;1,502&nbsp;, Vistas Hoy&nbsp;4&nbsp;<\/p>\n<div class=\"pvc_clear\"><\/div>\n","protected":false},"author":2,"featured_media":0,"comment_status":"open","ping_status":"open","sticky":false,"template":"","format":"standard","meta":{"footnotes":""},"categories":[21],"tags":[],"class_list":["post-20128","post","type-post","status-publish","format-standard","hentry","category-blog"],"yoast_head":"<!-- This site is optimized with the Yoast SEO plugin v25.2 - https:\/\/yoast.com\/wordpress\/plugins\/seo\/ -->\n<title>El Controversial Impuesto a los Activos | CREES<\/title>\n<meta name=\"robots\" content=\"index, follow, max-snippet:-1, max-image-preview:large, max-video-preview:-1\" \/>\n<link rel=\"canonical\" href=\"https:\/\/crees.org.do\/?p=20128\" \/>\n<meta property=\"og:locale\" content=\"es_ES\" \/>\n<meta property=\"og:type\" content=\"article\" \/>\n<meta property=\"og:title\" content=\"El Controversial Impuesto a los Activos | CREES\" \/>\n<meta property=\"og:description\" content=\"Autor: Mar\u00eda Arthur RodgerFuente: Arthur &amp; Castillo AbogadosAl igual que en algunos pa\u00edses Latinoamericanos, la Rep\u00fablica Dominicana introdujo dentro de su sistema tributario un impuesto a los activos empresariales. En nuestro pa\u00eds, el Impuesto sobre Activos (ISA) grava con un 1% anual el valor total de los activos (inmuebles, efectivo, cuentas por cobrar, autom\u00f3viles y equipos, inventario y mercanc\u00eda en tr\u00e1nsito, entre otros), que figuren en el balance general de las personas jur\u00eddicas o negocios de \u00fanico due\u00f1o al cierre de su ejercicio fiscal.\" \/>\n<meta property=\"og:url\" content=\"https:\/\/crees.org.do\/?p=20128\" \/>\n<meta property=\"og:site_name\" content=\"CREES\" \/>\n<meta property=\"article:publisher\" content=\"https:\/\/www.facebook.com\/CREESRD\/\" \/>\n<meta property=\"article:published_time\" content=\"2012-01-01T00:00:00+00:00\" \/>\n<meta property=\"og:image\" content=\"https:\/\/crees.org.do\/wp-content\/uploads\/2022\/03\/crees-logo-1.jpg\" \/>\n\t<meta property=\"og:image:width\" content=\"244\" \/>\n\t<meta property=\"og:image:height\" content=\"71\" \/>\n\t<meta property=\"og:image:type\" content=\"image\/jpeg\" \/>\n<meta name=\"author\" content=\"Crees\" \/>\n<meta name=\"twitter:card\" content=\"summary_large_image\" \/>\n<meta name=\"twitter:creator\" content=\"@CREESRD\" \/>\n<meta name=\"twitter:site\" content=\"@CREESRD\" \/>\n<meta name=\"twitter:label1\" content=\"Escrito por\" \/>\n\t<meta name=\"twitter:data1\" content=\"Crees\" \/>\n\t<meta name=\"twitter:label2\" content=\"Tiempo de lectura\" \/>\n\t<meta name=\"twitter:data2\" content=\"4 minutos\" \/>\n<script type=\"application\/ld+json\" class=\"yoast-schema-graph\">{\"@context\":\"https:\/\/schema.org\",\"@graph\":[{\"@type\":\"Article\",\"@id\":\"https:\/\/crees.org.do\/?p=20128#article\",\"isPartOf\":{\"@id\":\"https:\/\/crees.org.do\/?p=20128\"},\"author\":{\"name\":\"Crees\",\"@id\":\"https:\/\/crees.org.do\/#\/schema\/person\/e7f97cd94d7bf9cd0e0ce30acb7d56b8\"},\"headline\":\"El Controversial Impuesto a los Activos\",\"datePublished\":\"2012-01-01T00:00:00+00:00\",\"mainEntityOfPage\":{\"@id\":\"https:\/\/crees.org.do\/?p=20128\"},\"wordCount\":902,\"commentCount\":0,\"publisher\":{\"@id\":\"https:\/\/crees.org.do\/#organization\"},\"articleSection\":[\"Blog\"],\"inLanguage\":\"es\"},{\"@type\":\"WebPage\",\"@id\":\"https:\/\/crees.org.do\/?p=20128\",\"url\":\"https:\/\/crees.org.do\/?p=20128\",\"name\":\"El Controversial Impuesto a los Activos | CREES\",\"isPartOf\":{\"@id\":\"https:\/\/crees.org.do\/#website\"},\"datePublished\":\"2012-01-01T00:00:00+00:00\",\"breadcrumb\":{\"@id\":\"https:\/\/crees.org.do\/?p=20128#breadcrumb\"},\"inLanguage\":\"es\",\"potentialAction\":[{\"@type\":\"ReadAction\",\"target\":[\"https:\/\/crees.org.do\/?p=20128\"]}]},{\"@type\":\"BreadcrumbList\",\"@id\":\"https:\/\/crees.org.do\/?p=20128#breadcrumb\",\"itemListElement\":[{\"@type\":\"ListItem\",\"position\":1,\"name\":\"Portada\",\"item\":\"https:\/\/crees.org.do\/\"},{\"@type\":\"ListItem\",\"position\":2,\"name\":\"El Controversial Impuesto a los Activos\"}]},{\"@type\":\"WebSite\",\"@id\":\"https:\/\/crees.org.do\/#website\",\"url\":\"https:\/\/crees.org.do\/\",\"name\":\"CREES\",\"description\":\"Centro Regional de Estrategias Econ\u00f3micas Sostenibles\",\"publisher\":{\"@id\":\"https:\/\/crees.org.do\/#organization\"},\"potentialAction\":[{\"@type\":\"SearchAction\",\"target\":{\"@type\":\"EntryPoint\",\"urlTemplate\":\"https:\/\/crees.org.do\/?s={search_term_string}\"},\"query-input\":{\"@type\":\"PropertyValueSpecification\",\"valueRequired\":true,\"valueName\":\"search_term_string\"}}],\"inLanguage\":\"es\"},{\"@type\":\"Organization\",\"@id\":\"https:\/\/crees.org.do\/#organization\",\"name\":\"CREES | Centro Regional de Estrategias Econ\u00f3micas Sostenibles\",\"url\":\"https:\/\/crees.org.do\/\",\"logo\":{\"@type\":\"ImageObject\",\"inLanguage\":\"es\",\"@id\":\"https:\/\/crees.org.do\/#\/schema\/logo\/image\/\",\"url\":\"https:\/\/crees.org.do\/wp-content\/uploads\/2022\/03\/crees-logo-1.jpg\",\"contentUrl\":\"https:\/\/crees.org.do\/wp-content\/uploads\/2022\/03\/crees-logo-1.jpg\",\"width\":244,\"height\":71,\"caption\":\"CREES | Centro Regional de Estrategias Econ\u00f3micas Sostenibles\"},\"image\":{\"@id\":\"https:\/\/crees.org.do\/#\/schema\/logo\/image\/\"},\"sameAs\":[\"https:\/\/www.facebook.com\/CREESRD\/\",\"https:\/\/x.com\/CREESRD\"]},{\"@type\":\"Person\",\"@id\":\"https:\/\/crees.org.do\/#\/schema\/person\/e7f97cd94d7bf9cd0e0ce30acb7d56b8\",\"name\":\"Crees\",\"image\":{\"@type\":\"ImageObject\",\"inLanguage\":\"es\",\"@id\":\"https:\/\/crees.org.do\/#\/schema\/person\/image\/\",\"url\":\"https:\/\/secure.gravatar.com\/avatar\/390ac8f0be5d9aa046152553e2dd7011b59a512d89c150f5e5f28bb8d9a0b165?s=96&d=mm&r=g\",\"contentUrl\":\"https:\/\/secure.gravatar.com\/avatar\/390ac8f0be5d9aa046152553e2dd7011b59a512d89c150f5e5f28bb8d9a0b165?s=96&d=mm&r=g\",\"caption\":\"Crees\"},\"url\":\"https:\/\/crees.org.do\/?author=2\"}]}<\/script>\n<!-- \/ Yoast SEO plugin. -->","yoast_head_json":{"title":"El Controversial Impuesto a los Activos | CREES","robots":{"index":"index","follow":"follow","max-snippet":"max-snippet:-1","max-image-preview":"max-image-preview:large","max-video-preview":"max-video-preview:-1"},"canonical":"https:\/\/crees.org.do\/?p=20128","og_locale":"es_ES","og_type":"article","og_title":"El Controversial Impuesto a los Activos | CREES","og_description":"Autor: Mar\u00eda Arthur RodgerFuente: Arthur & Castillo AbogadosAl igual que en algunos pa\u00edses Latinoamericanos, la Rep\u00fablica Dominicana introdujo dentro de su sistema tributario un impuesto a los activos empresariales. En nuestro pa\u00eds, el Impuesto sobre Activos (ISA) grava con un 1% anual el valor total de los activos (inmuebles, efectivo, cuentas por cobrar, autom\u00f3viles y equipos, inventario y mercanc\u00eda en tr\u00e1nsito, entre otros), que figuren en el balance general de las personas jur\u00eddicas o negocios de \u00fanico due\u00f1o al cierre de su ejercicio fiscal.","og_url":"https:\/\/crees.org.do\/?p=20128","og_site_name":"CREES","article_publisher":"https:\/\/www.facebook.com\/CREESRD\/","article_published_time":"2012-01-01T00:00:00+00:00","og_image":[{"width":244,"height":71,"url":"https:\/\/crees.org.do\/wp-content\/uploads\/2022\/03\/crees-logo-1.jpg","type":"image\/jpeg"}],"author":"Crees","twitter_card":"summary_large_image","twitter_creator":"@CREESRD","twitter_site":"@CREESRD","twitter_misc":{"Escrito por":"Crees","Tiempo de lectura":"4 minutos"},"schema":{"@context":"https:\/\/schema.org","@graph":[{"@type":"Article","@id":"https:\/\/crees.org.do\/?p=20128#article","isPartOf":{"@id":"https:\/\/crees.org.do\/?p=20128"},"author":{"name":"Crees","@id":"https:\/\/crees.org.do\/#\/schema\/person\/e7f97cd94d7bf9cd0e0ce30acb7d56b8"},"headline":"El Controversial Impuesto a los Activos","datePublished":"2012-01-01T00:00:00+00:00","mainEntityOfPage":{"@id":"https:\/\/crees.org.do\/?p=20128"},"wordCount":902,"commentCount":0,"publisher":{"@id":"https:\/\/crees.org.do\/#organization"},"articleSection":["Blog"],"inLanguage":"es"},{"@type":"WebPage","@id":"https:\/\/crees.org.do\/?p=20128","url":"https:\/\/crees.org.do\/?p=20128","name":"El Controversial Impuesto a los Activos | CREES","isPartOf":{"@id":"https:\/\/crees.org.do\/#website"},"datePublished":"2012-01-01T00:00:00+00:00","breadcrumb":{"@id":"https:\/\/crees.org.do\/?p=20128#breadcrumb"},"inLanguage":"es","potentialAction":[{"@type":"ReadAction","target":["https:\/\/crees.org.do\/?p=20128"]}]},{"@type":"BreadcrumbList","@id":"https:\/\/crees.org.do\/?p=20128#breadcrumb","itemListElement":[{"@type":"ListItem","position":1,"name":"Portada","item":"https:\/\/crees.org.do\/"},{"@type":"ListItem","position":2,"name":"El Controversial Impuesto a los Activos"}]},{"@type":"WebSite","@id":"https:\/\/crees.org.do\/#website","url":"https:\/\/crees.org.do\/","name":"CREES","description":"Centro Regional de Estrategias Econ\u00f3micas Sostenibles","publisher":{"@id":"https:\/\/crees.org.do\/#organization"},"potentialAction":[{"@type":"SearchAction","target":{"@type":"EntryPoint","urlTemplate":"https:\/\/crees.org.do\/?s={search_term_string}"},"query-input":{"@type":"PropertyValueSpecification","valueRequired":true,"valueName":"search_term_string"}}],"inLanguage":"es"},{"@type":"Organization","@id":"https:\/\/crees.org.do\/#organization","name":"CREES | Centro Regional de Estrategias Econ\u00f3micas Sostenibles","url":"https:\/\/crees.org.do\/","logo":{"@type":"ImageObject","inLanguage":"es","@id":"https:\/\/crees.org.do\/#\/schema\/logo\/image\/","url":"https:\/\/crees.org.do\/wp-content\/uploads\/2022\/03\/crees-logo-1.jpg","contentUrl":"https:\/\/crees.org.do\/wp-content\/uploads\/2022\/03\/crees-logo-1.jpg","width":244,"height":71,"caption":"CREES | Centro Regional de Estrategias Econ\u00f3micas Sostenibles"},"image":{"@id":"https:\/\/crees.org.do\/#\/schema\/logo\/image\/"},"sameAs":["https:\/\/www.facebook.com\/CREESRD\/","https:\/\/x.com\/CREESRD"]},{"@type":"Person","@id":"https:\/\/crees.org.do\/#\/schema\/person\/e7f97cd94d7bf9cd0e0ce30acb7d56b8","name":"Crees","image":{"@type":"ImageObject","inLanguage":"es","@id":"https:\/\/crees.org.do\/#\/schema\/person\/image\/","url":"https:\/\/secure.gravatar.com\/avatar\/390ac8f0be5d9aa046152553e2dd7011b59a512d89c150f5e5f28bb8d9a0b165?s=96&d=mm&r=g","contentUrl":"https:\/\/secure.gravatar.com\/avatar\/390ac8f0be5d9aa046152553e2dd7011b59a512d89c150f5e5f28bb8d9a0b165?s=96&d=mm&r=g","caption":"Crees"},"url":"https:\/\/crees.org.do\/?author=2"}]}},"_links":{"self":[{"href":"https:\/\/crees.org.do\/index.php?rest_route=\/wp\/v2\/posts\/20128","targetHints":{"allow":["GET"]}}],"collection":[{"href":"https:\/\/crees.org.do\/index.php?rest_route=\/wp\/v2\/posts"}],"about":[{"href":"https:\/\/crees.org.do\/index.php?rest_route=\/wp\/v2\/types\/post"}],"author":[{"embeddable":true,"href":"https:\/\/crees.org.do\/index.php?rest_route=\/wp\/v2\/users\/2"}],"replies":[{"embeddable":true,"href":"https:\/\/crees.org.do\/index.php?rest_route=%2Fwp%2Fv2%2Fcomments&post=20128"}],"version-history":[{"count":0,"href":"https:\/\/crees.org.do\/index.php?rest_route=\/wp\/v2\/posts\/20128\/revisions"}],"wp:attachment":[{"href":"https:\/\/crees.org.do\/index.php?rest_route=%2Fwp%2Fv2%2Fmedia&parent=20128"}],"wp:term":[{"taxonomy":"category","embeddable":true,"href":"https:\/\/crees.org.do\/index.php?rest_route=%2Fwp%2Fv2%2Fcategories&post=20128"},{"taxonomy":"post_tag","embeddable":true,"href":"https:\/\/crees.org.do\/index.php?rest_route=%2Fwp%2Fv2%2Ftags&post=20128"}],"curies":[{"name":"wp","href":"https:\/\/api.w.org\/{rel}","templated":true}]}}