{"id":20138,"date":"2012-01-01T00:00:00","date_gmt":"2012-01-01T00:00:00","guid":{"rendered":"https:\/\/crees.org.do\/economista-plantea-cobrar-impuestos-a-todos-en-el-pais\/"},"modified":"2012-01-01T00:00:00","modified_gmt":"2012-01-01T00:00:00","slug":"economista-plantea-cobrar-impuestos-a-todos-en-el-pais","status":"publish","type":"post","link":"https:\/\/crees.org.do\/?p=20138","title":{"rendered":"Economista Plantea Cobrar Impuestos a Todos en el Pa\u00eds"},"content":{"rendered":"<p><span style=\"font-family:verdana,geneva,sans-serif;\"><span style=\"font-size: 12px;\"><span style=\"color: rgb(105, 105, 105); background-color: rgb(255, 255, 255); line-height: 19px; -webkit-text-size-adjust: none;\">Autor: Mart\u00edn Polanco<\/span><\/span><\/span><\/p>\n<p style=\"-webkit-text-size-adjust: none; line-height: 19px; color: rgb(68, 68, 68); font-family: Arial, Helvetica, sans-serif; background-color: rgb(255, 255, 255); \"><span style=\"font-family:verdana,geneva,sans-serif;\"><span style=\"font-size: 12px;\"><span style=\"color: rgb(105, 105, 105);\">Fuente: <a href=\"http:\/\/www.elcaribe.com.do\/2012\/09\/28\/economista-plantea-cobrar-impuestos-todos-pais\">El Caribe<\/a><\/span><\/span><\/span><\/p>\n<p style=\"-webkit-text-size-adjust: none; line-height: 19px; color: rgb(68, 68, 68); font-family: Arial, Helvetica, sans-serif; background-color: rgb(255, 255, 255); \"><span style=\"font-family:verdana,geneva,sans-serif;\"><span style=\"font-size: 12px;\"><span style=\"color: rgb(105, 105, 105);\">Fecha: 28 de septiembre de 2012<\/span><\/span><\/span><\/p>\n<p style=\"-webkit-text-size-adjust: none; line-height: 19px; color: rgb(68, 68, 68); font-family: Arial, Helvetica, sans-serif; background-color: rgb(255, 255, 255); \">&nbsp;<\/p>\n<p style=\"-webkit-text-size-adjust: none; line-height: 19px; color: rgb(68, 68, 68); font-family: Arial, Helvetica, sans-serif; background-color: rgb(255, 255, 255); text-align: justify; \"><span style=\"font-family:verdana,geneva,sans-serif;\"><span style=\"font-size: 12px;\">El economista dominicano&nbsp; V\u00edctor Canto plante\u00f3 ayer que la forma m\u00e1s eficiente de recaudar es cobr\u00e1ndole impuestos a todo el mundo y dijo que &ldquo;eso es f\u00e1cil de aplicar y dif\u00edcil de evadir&rdquo;.En esa f\u00f3rmula que propone Canto se incluye cargar a productos de tanta importancia y sensibles como el arroz, la medicina.<\/p>\n<p>Como fundador y presidente de la Jolla Economic, una firma de consultor\u00eda econ\u00f3mica ubicada en California, y con el aval de haber asesorado el gobierno de Estados Unidos en la d\u00e9cada de los 80 en temas de pol\u00edticas fiscal, Canto es un gran conocedor del tema de los impuestos.&nbsp;<\/p>\n<p>Quiz\u00e1s basado en esas experiencias sostiene: &ldquo;Si t\u00fa sabes que tu vecino paga impuestos no te duele pagarlo, porque a la gente le molesta ver que est\u00e1 pagando impuestos y que otro no paga&rdquo;.&nbsp;<\/p>\n<p>Minutos antes de exponer en la conferencia &ldquo;Reformas Econ\u00f3micas Estructurales: Senda para un desarrollo sostenible&rdquo;, organizado por el Centro Regional de Estrategias Econ\u00f3micas Sostenibles (CREES), Canto dijo a varios periodistas que lo entrevistaron, que en muchos pa\u00edses del mundo, como Rusia y Hong Kong funciona un impuesto \u00fanico que ha dado resultados positivos.<\/p>\n<p>De ah\u00ed que propone que en Rep\u00fablica Dominicana se establezca un impuesto general del 20% y dijo que la reforma fiscal no se puede ver independiente de todo. &ldquo;Primero debe determinarse cu\u00e1l es el gasto p\u00fablico. As\u00ed t\u00fa dices si necesitas cierta cantidad y c\u00f3mo recauda. Primero hay que analizar el gasto bruto en proporci\u00f3n del producto bruto. Una vez que se determina eso, se puede decir si se necesita el 20% del producto bruto para el gasto. Si es as\u00ed entonces tenemos que recaudar el 20%&rdquo;, sostuvo.<\/p>\n<p>&nbsp;Sin embargo, Canto, quien tambi\u00e9n ha sido asesor fiscal del gobierno de Puerto Rico, aclar\u00f3 que el establecimiento de un impuesto \u00fanico no resuelve el problema del d\u00e9ficit existente en el pa\u00eds, sino que es una forma m\u00e1s eficiente para recaudar fondos. Sugiri\u00f3 sostener conversaciones para determinar cu\u00e1l es el monto adecuado del gasto p\u00fablico, para saber cu\u00e1l es el d\u00e9ficit que se quiere cerrar.<\/p>\n<p>En otra parte de su conversaci\u00f3n dijo que el gobierno es muy mal administrador y que en todas las empresas que se involucra las quiebra. Cit\u00f3 los casos del Consejo Estatal del Az\u00facar y de otras empresas que pertenecieron al dictador Rafael Leonidas Trujillo y que luego pasaron al Estado.<\/span><\/span><\/p>\n<p style=\"-webkit-text-size-adjust: none; line-height: 19px; color: rgb(68, 68, 68); font-family: Arial, Helvetica, sans-serif; background-color: rgb(255, 255, 255); text-align: justify; \"><span style=\"font-family:verdana,geneva,sans-serif;\"><span style=\"font-size: 12px;\">&nbsp;&nbsp;<br \/><strong style=\"margin: 0px; padding: 0px; border: 0px; outline: 0px; vertical-align: baseline; background-color: transparent; \">Incentivos y Banco Central<\/strong><\/p>\n<p>En otra parte de la conversaci\u00f3n con los periodistas, V\u00edctor Canto se mostr\u00f3 a favor de los incentivos &ldquo;porque \u00e9stos funcionan&rdquo;, y dijo que se tiene la percepci\u00f3n de que ciertos empresarios no se hicieron en buena lid, cuando se habla de ese tema.<\/p>\n<p>El economista, autor de varios libros, entre ellos de pol\u00edtica monetaria, favoreci\u00f3 que en Rep\u00fablica Dominicana se cierre el Banco Central. &ldquo;Esta es una econom\u00eda peque\u00f1a y abierta, adem\u00e1s esto est\u00e1 dolarizado. Por ejemplo, lo \u00fanico que ha hecho la pol\u00edtica cambiaria es ense\u00f1arnos a todos nosotros&nbsp; a multiplicar y dividir por 40, porque todo el mundo calcula en d\u00f3lar&rdquo;, sostuvo. Dijo que la gente sabe si una cosa est\u00e1 cara o barata haciendo c\u00e1lculos en d\u00f3lar.<\/p>\n<p>De otro lado, critic\u00f3 que las autoridades insistan en decir que a nivel econ\u00f3mico en Rep\u00fablica Dominicana no pasar\u00e1 nada, en momentos en que Europa y Estados Unidos tienen problemas de \u00edndole financiero. Dijo que una econom\u00eda integrada, como la dominicana, tiene lo bueno y tiene lo malo y que cuando hay una situaci\u00f3n mundial se afecta al pa\u00eds.<\/p>\n<p>Explic\u00f3 que no se sabe c\u00f3mo este pa\u00eds se conseguir\u00e1 traer 10 millones de turistas en medio de una recesi\u00f3n mundial que ha hecho que la gente gaste menos.&nbsp;<\/span><\/span><\/p>\n<p style=\"-webkit-text-size-adjust: none; line-height: 19px; color: rgb(68, 68, 68); font-family: Arial, Helvetica, sans-serif; background-color: rgb(255, 255, 255); text-align: justify; \">\n<p><span style=\"font-family:verdana,geneva,sans-serif;\"><span style=\"font-size: 12px;\"><strong style=\"margin: 0px; padding: 0px; border: 0px; outline: 0px; vertical-align: baseline; background-color: transparent; \">Otro expositor<\/strong><\/p>\n<p>En la conferencia organizada por el CREES, que tuvo como moderador al vicepresidente ejecutivo de esa entidad, Ernesto Selman, el tambi\u00e9n economista Ricardo L\u00f3pez Murphy plante\u00f3 que los pa\u00edses tienen que aprovechar los momentos de suerte para ahorrar. Algo as\u00ed como ahorrar cuando &ldquo;la cosa&rdquo; est\u00e1 buena.<\/p>\n<p>Tambi\u00e9n sugiri\u00f3 que en ning\u00fan caso el d\u00e9ficit fiscal del pa\u00eds debe superar el 2% del producto interno bruto, porque eso produce sus efectos, entre ellos la baja de la inversi\u00f3n privada.<\/p>\n<p>Plante\u00f3 que actuar bien por el lado de la prudencia tiene resultados positivos, &ldquo;pero quien se equivoca por el lado de la prudencia la pasa muy mal&rdquo;.<\/p>\n<p>Indic\u00f3 que el d\u00e9ficit de cuenta corriente de un pa\u00eds no debe exceder los 3 puntos del producto interno bruto y que esos&nbsp; tres puntos tienen que estar financiado por la inversi\u00f3n extranjera.&nbsp;<\/p>\n<p>Sin embargo, aclar\u00f3 que sus sugerencias no salen de un modelo preciso, sino de experiencias.<\/p>\n<p>L\u00f3pez Murphy, que adem\u00e1s de economista es pol\u00edtico argentino, fue ministro de Defensa, de Econom\u00eda y de Infraestructura y Vivienda, en el gobierno de Fernando de la R\u00faa.&nbsp;<\/p>\n<p>En la actividad de ayer otro expositor fue Maurice MacTigue, experto en reforma del Estado. En el pasado fue ministro y miembro del Parlamento de Nueva Zelanda. Tambi\u00e9n fue viceministro de Finanzas y presidente del Comit\u00e9 de Control de Gasto P\u00fablico.<\/span><\/span><\/p>\n<p style=\"-webkit-text-size-adjust: none; line-height: 19px; color: rgb(68, 68, 68); font-family: Arial, Helvetica, sans-serif; background-color: rgb(255, 255, 255); text-align: justify; \">&nbsp;<\/p>\n<p style=\"-webkit-text-size-adjust: none; line-height: 19px; color: rgb(68, 68, 68); font-family: Arial, Helvetica, sans-serif; background-color: rgb(255, 255, 255); text-align: justify; \"><span style=\"font-family:verdana,geneva,sans-serif;\"><span style=\"font-size: 12px;\"><strong style=\"margin: 0px; padding: 0px; border: 0px; outline: 0px; vertical-align: baseline; background-color: transparent; \">Marino Ginebra busca el intercambio de ideas<\/strong><\/span><\/span><\/p>\n<p style=\"-webkit-text-size-adjust: none; line-height: 19px; color: rgb(68, 68, 68); font-family: Arial, Helvetica, sans-serif; background-color: rgb(255, 255, 255); text-align: justify; \"><span style=\"font-family:verdana,geneva,sans-serif;\"><span style=\"font-size: 12px;\">El presidente de CREES, Marino Ginebra, dijo en la inauguraci\u00f3n de la conferencia que la actividad est\u00e1 orientada a incentivar y nutrir el intercambio de ideas entre los hacedores de pol\u00edticas p\u00fablicas, los agentes econ\u00f3micos y la sociedad en general, como contemplan los estatutos de la instituci\u00f3n. &ldquo;Buscamos enriquecer el debate en torno a las pol\u00edticas p\u00fablicas necesarias para impulsar el crecimiento a trav\u00e9s de la inversi\u00f3n, la producci\u00f3n y la generaci\u00f3n de empleos productivos. Mientras, Ernesto Selman tuvo a su cargo la presentaci\u00f3n de los economistas que expusieron frente a un nutrido p\u00fablico que asisti\u00f3 al hotel El Embajador.<\/span><\/span><\/p>\n<p style=\"-webkit-text-size-adjust: none; line-height: 19px; color: rgb(68, 68, 68); font-family: Arial, Helvetica, sans-serif; background-color: rgb(255, 255, 255); text-align: justify; \">&nbsp;<\/p>\n<div class=\"pvc_clear\"><\/div>\n<p class=\"pvc_stats all \" data-element-id=\"20138\" style=\"\"><i class=\"pvc-stats-icon medium\" aria-hidden=\"true\"><svg aria-hidden=\"true\" focusable=\"false\" data-prefix=\"far\" data-icon=\"chart-bar\" role=\"img\" xmlns=\"http:\/\/www.w3.org\/2000\/svg\" viewBox=\"0 0 512 512\" class=\"svg-inline--fa fa-chart-bar fa-w-16 fa-2x\"><path fill=\"currentColor\" d=\"M396.8 352h22.4c6.4 0 12.8-6.4 12.8-12.8V108.8c0-6.4-6.4-12.8-12.8-12.8h-22.4c-6.4 0-12.8 6.4-12.8 12.8v230.4c0 6.4 6.4 12.8 12.8 12.8zm-192 0h22.4c6.4 0 12.8-6.4 12.8-12.8V140.8c0-6.4-6.4-12.8-12.8-12.8h-22.4c-6.4 0-12.8 6.4-12.8 12.8v198.4c0 6.4 6.4 12.8 12.8 12.8zm96 0h22.4c6.4 0 12.8-6.4 12.8-12.8V204.8c0-6.4-6.4-12.8-12.8-12.8h-22.4c-6.4 0-12.8 6.4-12.8 12.8v134.4c0 6.4 6.4 12.8 12.8 12.8zM496 400H48V80c0-8.84-7.16-16-16-16H16C7.16 64 0 71.16 0 80v336c0 17.67 14.33 32 32 32h464c8.84 0 16-7.16 16-16v-16c0-8.84-7.16-16-16-16zm-387.2-48h22.4c6.4 0 12.8-6.4 12.8-12.8v-70.4c0-6.4-6.4-12.8-12.8-12.8h-22.4c-6.4 0-12.8 6.4-12.8 12.8v70.4c0 6.4 6.4 12.8 12.8 12.8z\" class=\"\"><\/path><\/svg><\/i> Vistas Totales&nbsp;595&nbsp;, Vistas Hoy&nbsp;1&nbsp;<\/p>\n<div class=\"pvc_clear\"><\/div>\n","protected":false},"excerpt":{"rendered":"<p>Autor: Mart\u00edn PolancoFuente: El CaribeFecha: 28 de septiembre de 2012El economista dominicano  V\u00edctor Canto plante\u00f3 ayer que la forma m\u00e1s eficiente de recaudar es cobr\u00e1ndole impuestos a todo el mundo y dijo que \u201ceso es f\u00e1cil de aplicar y dif\u00edcil de evadir\u201d.En esa f\u00f3rmula que propone Canto se incluye cargar a productos de tanta importancia y sensibles como el arroz, la medicina.<\/p>\n<div class=\"pvc_clear\"><\/div>\n<p class=\"pvc_stats all \" data-element-id=\"20138\" style=\"\"><i class=\"pvc-stats-icon medium\" aria-hidden=\"true\"><svg aria-hidden=\"true\" focusable=\"false\" data-prefix=\"far\" data-icon=\"chart-bar\" role=\"img\" xmlns=\"http:\/\/www.w3.org\/2000\/svg\" viewBox=\"0 0 512 512\" class=\"svg-inline--fa fa-chart-bar fa-w-16 fa-2x\"><path fill=\"currentColor\" d=\"M396.8 352h22.4c6.4 0 12.8-6.4 12.8-12.8V108.8c0-6.4-6.4-12.8-12.8-12.8h-22.4c-6.4 0-12.8 6.4-12.8 12.8v230.4c0 6.4 6.4 12.8 12.8 12.8zm-192 0h22.4c6.4 0 12.8-6.4 12.8-12.8V140.8c0-6.4-6.4-12.8-12.8-12.8h-22.4c-6.4 0-12.8 6.4-12.8 12.8v198.4c0 6.4 6.4 12.8 12.8 12.8zm96 0h22.4c6.4 0 12.8-6.4 12.8-12.8V204.8c0-6.4-6.4-12.8-12.8-12.8h-22.4c-6.4 0-12.8 6.4-12.8 12.8v134.4c0 6.4 6.4 12.8 12.8 12.8zM496 400H48V80c0-8.84-7.16-16-16-16H16C7.16 64 0 71.16 0 80v336c0 17.67 14.33 32 32 32h464c8.84 0 16-7.16 16-16v-16c0-8.84-7.16-16-16-16zm-387.2-48h22.4c6.4 0 12.8-6.4 12.8-12.8v-70.4c0-6.4-6.4-12.8-12.8-12.8h-22.4c-6.4 0-12.8 6.4-12.8 12.8v70.4c0 6.4 6.4 12.8 12.8 12.8z\" class=\"\"><\/path><\/svg><\/i> Vistas Totales&nbsp;595&nbsp;, Vistas Hoy&nbsp;1&nbsp;<\/p>\n<div class=\"pvc_clear\"><\/div>\n","protected":false},"author":2,"featured_media":0,"comment_status":"open","ping_status":"open","sticky":false,"template":"","format":"standard","meta":{"footnotes":""},"categories":[21],"tags":[],"class_list":["post-20138","post","type-post","status-publish","format-standard","hentry","category-blog"],"yoast_head":"<!-- This site is optimized with the Yoast SEO plugin v25.2 - https:\/\/yoast.com\/wordpress\/plugins\/seo\/ -->\n<title>Economista Plantea Cobrar Impuestos a Todos en el Pa\u00eds | CREES<\/title>\n<meta name=\"robots\" content=\"index, follow, max-snippet:-1, max-image-preview:large, max-video-preview:-1\" \/>\n<link rel=\"canonical\" href=\"https:\/\/crees.org.do\/?p=20138\" \/>\n<meta property=\"og:locale\" content=\"es_ES\" \/>\n<meta property=\"og:type\" content=\"article\" \/>\n<meta property=\"og:title\" content=\"Economista Plantea Cobrar Impuestos a Todos en el Pa\u00eds | CREES\" \/>\n<meta property=\"og:description\" content=\"Autor: Mart\u00edn PolancoFuente: El CaribeFecha: 28 de septiembre de 2012El economista dominicano V\u00edctor Canto plante\u00f3 ayer que la forma m\u00e1s eficiente de recaudar es cobr\u00e1ndole impuestos a todo el mundo y dijo que \u201ceso es f\u00e1cil de aplicar y dif\u00edcil de evadir\u201d.En esa f\u00f3rmula que propone Canto se incluye cargar a productos de tanta importancia y sensibles como el arroz, la medicina.\" \/>\n<meta property=\"og:url\" content=\"https:\/\/crees.org.do\/?p=20138\" \/>\n<meta property=\"og:site_name\" content=\"CREES\" \/>\n<meta property=\"article:publisher\" content=\"https:\/\/www.facebook.com\/CREESRD\/\" \/>\n<meta property=\"article:published_time\" content=\"2012-01-01T00:00:00+00:00\" \/>\n<meta property=\"og:image\" content=\"https:\/\/crees.org.do\/wp-content\/uploads\/2022\/03\/crees-logo-1.jpg\" \/>\n\t<meta property=\"og:image:width\" content=\"244\" \/>\n\t<meta property=\"og:image:height\" content=\"71\" \/>\n\t<meta property=\"og:image:type\" content=\"image\/jpeg\" \/>\n<meta name=\"author\" content=\"Crees\" \/>\n<meta name=\"twitter:card\" content=\"summary_large_image\" \/>\n<meta name=\"twitter:creator\" content=\"@CREESRD\" \/>\n<meta name=\"twitter:site\" content=\"@CREESRD\" \/>\n<meta name=\"twitter:label1\" content=\"Escrito por\" \/>\n\t<meta name=\"twitter:data1\" content=\"Crees\" \/>\n\t<meta name=\"twitter:label2\" content=\"Tiempo de lectura\" \/>\n\t<meta name=\"twitter:data2\" content=\"5 minutos\" \/>\n<script type=\"application\/ld+json\" class=\"yoast-schema-graph\">{\"@context\":\"https:\/\/schema.org\",\"@graph\":[{\"@type\":\"Article\",\"@id\":\"https:\/\/crees.org.do\/?p=20138#article\",\"isPartOf\":{\"@id\":\"https:\/\/crees.org.do\/?p=20138\"},\"author\":{\"name\":\"Crees\",\"@id\":\"https:\/\/crees.org.do\/#\/schema\/person\/e7f97cd94d7bf9cd0e0ce30acb7d56b8\"},\"headline\":\"Economista Plantea Cobrar Impuestos a Todos en el Pa\u00eds\",\"datePublished\":\"2012-01-01T00:00:00+00:00\",\"mainEntityOfPage\":{\"@id\":\"https:\/\/crees.org.do\/?p=20138\"},\"wordCount\":1063,\"commentCount\":0,\"publisher\":{\"@id\":\"https:\/\/crees.org.do\/#organization\"},\"articleSection\":[\"Blog\"],\"inLanguage\":\"es\"},{\"@type\":\"WebPage\",\"@id\":\"https:\/\/crees.org.do\/?p=20138\",\"url\":\"https:\/\/crees.org.do\/?p=20138\",\"name\":\"Economista Plantea Cobrar Impuestos a Todos en el Pa\u00eds | CREES\",\"isPartOf\":{\"@id\":\"https:\/\/crees.org.do\/#website\"},\"datePublished\":\"2012-01-01T00:00:00+00:00\",\"breadcrumb\":{\"@id\":\"https:\/\/crees.org.do\/?p=20138#breadcrumb\"},\"inLanguage\":\"es\",\"potentialAction\":[{\"@type\":\"ReadAction\",\"target\":[\"https:\/\/crees.org.do\/?p=20138\"]}]},{\"@type\":\"BreadcrumbList\",\"@id\":\"https:\/\/crees.org.do\/?p=20138#breadcrumb\",\"itemListElement\":[{\"@type\":\"ListItem\",\"position\":1,\"name\":\"Portada\",\"item\":\"https:\/\/crees.org.do\/\"},{\"@type\":\"ListItem\",\"position\":2,\"name\":\"Economista Plantea Cobrar Impuestos a Todos en el Pa\u00eds\"}]},{\"@type\":\"WebSite\",\"@id\":\"https:\/\/crees.org.do\/#website\",\"url\":\"https:\/\/crees.org.do\/\",\"name\":\"CREES\",\"description\":\"Centro Regional de Estrategias Econ\u00f3micas Sostenibles\",\"publisher\":{\"@id\":\"https:\/\/crees.org.do\/#organization\"},\"potentialAction\":[{\"@type\":\"SearchAction\",\"target\":{\"@type\":\"EntryPoint\",\"urlTemplate\":\"https:\/\/crees.org.do\/?s={search_term_string}\"},\"query-input\":{\"@type\":\"PropertyValueSpecification\",\"valueRequired\":true,\"valueName\":\"search_term_string\"}}],\"inLanguage\":\"es\"},{\"@type\":\"Organization\",\"@id\":\"https:\/\/crees.org.do\/#organization\",\"name\":\"CREES | Centro Regional de Estrategias Econ\u00f3micas Sostenibles\",\"url\":\"https:\/\/crees.org.do\/\",\"logo\":{\"@type\":\"ImageObject\",\"inLanguage\":\"es\",\"@id\":\"https:\/\/crees.org.do\/#\/schema\/logo\/image\/\",\"url\":\"https:\/\/crees.org.do\/wp-content\/uploads\/2022\/03\/crees-logo-1.jpg\",\"contentUrl\":\"https:\/\/crees.org.do\/wp-content\/uploads\/2022\/03\/crees-logo-1.jpg\",\"width\":244,\"height\":71,\"caption\":\"CREES | Centro Regional de Estrategias Econ\u00f3micas Sostenibles\"},\"image\":{\"@id\":\"https:\/\/crees.org.do\/#\/schema\/logo\/image\/\"},\"sameAs\":[\"https:\/\/www.facebook.com\/CREESRD\/\",\"https:\/\/x.com\/CREESRD\"]},{\"@type\":\"Person\",\"@id\":\"https:\/\/crees.org.do\/#\/schema\/person\/e7f97cd94d7bf9cd0e0ce30acb7d56b8\",\"name\":\"Crees\",\"image\":{\"@type\":\"ImageObject\",\"inLanguage\":\"es\",\"@id\":\"https:\/\/crees.org.do\/#\/schema\/person\/image\/\",\"url\":\"https:\/\/secure.gravatar.com\/avatar\/390ac8f0be5d9aa046152553e2dd7011b59a512d89c150f5e5f28bb8d9a0b165?s=96&d=mm&r=g\",\"contentUrl\":\"https:\/\/secure.gravatar.com\/avatar\/390ac8f0be5d9aa046152553e2dd7011b59a512d89c150f5e5f28bb8d9a0b165?s=96&d=mm&r=g\",\"caption\":\"Crees\"},\"url\":\"https:\/\/crees.org.do\/?author=2\"}]}<\/script>\n<!-- \/ Yoast SEO plugin. -->","yoast_head_json":{"title":"Economista Plantea Cobrar Impuestos a Todos en el Pa\u00eds | CREES","robots":{"index":"index","follow":"follow","max-snippet":"max-snippet:-1","max-image-preview":"max-image-preview:large","max-video-preview":"max-video-preview:-1"},"canonical":"https:\/\/crees.org.do\/?p=20138","og_locale":"es_ES","og_type":"article","og_title":"Economista Plantea Cobrar Impuestos a Todos en el Pa\u00eds | CREES","og_description":"Autor: Mart\u00edn PolancoFuente: El CaribeFecha: 28 de septiembre de 2012El economista dominicano V\u00edctor Canto plante\u00f3 ayer que la forma m\u00e1s eficiente de recaudar es cobr\u00e1ndole impuestos a todo el mundo y dijo que \u201ceso es f\u00e1cil de aplicar y dif\u00edcil de evadir\u201d.En esa f\u00f3rmula que propone Canto se incluye cargar a productos de tanta importancia y sensibles como el arroz, la medicina.","og_url":"https:\/\/crees.org.do\/?p=20138","og_site_name":"CREES","article_publisher":"https:\/\/www.facebook.com\/CREESRD\/","article_published_time":"2012-01-01T00:00:00+00:00","og_image":[{"width":244,"height":71,"url":"https:\/\/crees.org.do\/wp-content\/uploads\/2022\/03\/crees-logo-1.jpg","type":"image\/jpeg"}],"author":"Crees","twitter_card":"summary_large_image","twitter_creator":"@CREESRD","twitter_site":"@CREESRD","twitter_misc":{"Escrito por":"Crees","Tiempo de lectura":"5 minutos"},"schema":{"@context":"https:\/\/schema.org","@graph":[{"@type":"Article","@id":"https:\/\/crees.org.do\/?p=20138#article","isPartOf":{"@id":"https:\/\/crees.org.do\/?p=20138"},"author":{"name":"Crees","@id":"https:\/\/crees.org.do\/#\/schema\/person\/e7f97cd94d7bf9cd0e0ce30acb7d56b8"},"headline":"Economista Plantea Cobrar Impuestos a Todos en el Pa\u00eds","datePublished":"2012-01-01T00:00:00+00:00","mainEntityOfPage":{"@id":"https:\/\/crees.org.do\/?p=20138"},"wordCount":1063,"commentCount":0,"publisher":{"@id":"https:\/\/crees.org.do\/#organization"},"articleSection":["Blog"],"inLanguage":"es"},{"@type":"WebPage","@id":"https:\/\/crees.org.do\/?p=20138","url":"https:\/\/crees.org.do\/?p=20138","name":"Economista Plantea Cobrar Impuestos a Todos en el Pa\u00eds | CREES","isPartOf":{"@id":"https:\/\/crees.org.do\/#website"},"datePublished":"2012-01-01T00:00:00+00:00","breadcrumb":{"@id":"https:\/\/crees.org.do\/?p=20138#breadcrumb"},"inLanguage":"es","potentialAction":[{"@type":"ReadAction","target":["https:\/\/crees.org.do\/?p=20138"]}]},{"@type":"BreadcrumbList","@id":"https:\/\/crees.org.do\/?p=20138#breadcrumb","itemListElement":[{"@type":"ListItem","position":1,"name":"Portada","item":"https:\/\/crees.org.do\/"},{"@type":"ListItem","position":2,"name":"Economista Plantea Cobrar Impuestos a Todos en el Pa\u00eds"}]},{"@type":"WebSite","@id":"https:\/\/crees.org.do\/#website","url":"https:\/\/crees.org.do\/","name":"CREES","description":"Centro Regional de Estrategias Econ\u00f3micas Sostenibles","publisher":{"@id":"https:\/\/crees.org.do\/#organization"},"potentialAction":[{"@type":"SearchAction","target":{"@type":"EntryPoint","urlTemplate":"https:\/\/crees.org.do\/?s={search_term_string}"},"query-input":{"@type":"PropertyValueSpecification","valueRequired":true,"valueName":"search_term_string"}}],"inLanguage":"es"},{"@type":"Organization","@id":"https:\/\/crees.org.do\/#organization","name":"CREES | Centro Regional de Estrategias Econ\u00f3micas Sostenibles","url":"https:\/\/crees.org.do\/","logo":{"@type":"ImageObject","inLanguage":"es","@id":"https:\/\/crees.org.do\/#\/schema\/logo\/image\/","url":"https:\/\/crees.org.do\/wp-content\/uploads\/2022\/03\/crees-logo-1.jpg","contentUrl":"https:\/\/crees.org.do\/wp-content\/uploads\/2022\/03\/crees-logo-1.jpg","width":244,"height":71,"caption":"CREES | Centro Regional de Estrategias Econ\u00f3micas Sostenibles"},"image":{"@id":"https:\/\/crees.org.do\/#\/schema\/logo\/image\/"},"sameAs":["https:\/\/www.facebook.com\/CREESRD\/","https:\/\/x.com\/CREESRD"]},{"@type":"Person","@id":"https:\/\/crees.org.do\/#\/schema\/person\/e7f97cd94d7bf9cd0e0ce30acb7d56b8","name":"Crees","image":{"@type":"ImageObject","inLanguage":"es","@id":"https:\/\/crees.org.do\/#\/schema\/person\/image\/","url":"https:\/\/secure.gravatar.com\/avatar\/390ac8f0be5d9aa046152553e2dd7011b59a512d89c150f5e5f28bb8d9a0b165?s=96&d=mm&r=g","contentUrl":"https:\/\/secure.gravatar.com\/avatar\/390ac8f0be5d9aa046152553e2dd7011b59a512d89c150f5e5f28bb8d9a0b165?s=96&d=mm&r=g","caption":"Crees"},"url":"https:\/\/crees.org.do\/?author=2"}]}},"_links":{"self":[{"href":"https:\/\/crees.org.do\/index.php?rest_route=\/wp\/v2\/posts\/20138","targetHints":{"allow":["GET"]}}],"collection":[{"href":"https:\/\/crees.org.do\/index.php?rest_route=\/wp\/v2\/posts"}],"about":[{"href":"https:\/\/crees.org.do\/index.php?rest_route=\/wp\/v2\/types\/post"}],"author":[{"embeddable":true,"href":"https:\/\/crees.org.do\/index.php?rest_route=\/wp\/v2\/users\/2"}],"replies":[{"embeddable":true,"href":"https:\/\/crees.org.do\/index.php?rest_route=%2Fwp%2Fv2%2Fcomments&post=20138"}],"version-history":[{"count":0,"href":"https:\/\/crees.org.do\/index.php?rest_route=\/wp\/v2\/posts\/20138\/revisions"}],"wp:attachment":[{"href":"https:\/\/crees.org.do\/index.php?rest_route=%2Fwp%2Fv2%2Fmedia&parent=20138"}],"wp:term":[{"taxonomy":"category","embeddable":true,"href":"https:\/\/crees.org.do\/index.php?rest_route=%2Fwp%2Fv2%2Fcategories&post=20138"},{"taxonomy":"post_tag","embeddable":true,"href":"https:\/\/crees.org.do\/index.php?rest_route=%2Fwp%2Fv2%2Ftags&post=20138"}],"curies":[{"name":"wp","href":"https:\/\/api.w.org\/{rel}","templated":true}]}}