{"id":20141,"date":"2012-01-01T00:00:00","date_gmt":"2012-01-01T00:00:00","guid":{"rendered":"https:\/\/crees.org.do\/economista-apoya-se-corrijan-distorsiones-sistema-tributario\/"},"modified":"2021-08-17T23:51:51","modified_gmt":"2021-08-17T23:51:51","slug":"economista-apoya-se-corrijan-distorsiones-sistema-tributario","status":"publish","type":"post","link":"https:\/\/crees.org.do\/?p=20141","title":{"rendered":"Economista apoya se corrijan distorsiones sistema tributario"},"content":{"rendered":"<p style=\"text-align: justify;\">Autor: Soila Paniagua<\/p>\n<p style=\"text-align: justify;\">Fuente: www.hoy.com.do<\/p>\n<p style=\"text-align: justify;\">Fecha: 13 de octubre de 2012<\/p>\n<p style=\"text-align: justify;\">\n<p style=\"text-align: justify;\">El Centro Regional de Estrategia Sostenible (CREES) abog\u00f3 porque se\u00a0corrijan\u00a0 los desincentivos y distorsiones del sistema\u00a0 tributario\u00a0dominicano y afirm\u00f3 que la propuesta de reforma fiscal del\u00a0Gobierno\u00a0no promueve el desarrollo econ\u00f3mico, al no tomar en cuenta el incentivo a las inversiones productivas que generen m\u00e1s empleos, eleven los ingresos de los ciudadanos y suban los niveles de ahorro.<\/p>\n<p style=\"text-align: justify;\">El economista Miguel Collado, del CREES, estima que la propuesta tributaria del Gobierno mantiene las tasas altas de impuestos e introduce nuevas figuras que continuar\u00e1n penalizando las actividades econ\u00f3micas, ya que distorsionan las decisiones de inversi\u00f3n y de emprendimiento nacionales y extranjeras.<\/p>\n<p style=\"text-align: justify;\">Para Collado Di Franco que las altas impositivas se traduce en menor crecimiento econ\u00f3mico, desempleo, menores ingresos, niveles de ahorros m\u00e1s bajos, mayor evasi\u00f3n y elusi\u00f3n fiscal y, en consecuencia, niveles de recaudaciones tributarias m\u00e1s bajos que los que se podr\u00edan obtener con tasas m\u00e1s bajas y un sistema m\u00e1s simple con menos figuras impositivas.<\/p>\n<p style=\"text-align: justify;\">Considera que las pol\u00edticas tributarias que promueven el crecimiento econ\u00f3mico son aquellas basadas en reducciones de impuestos y en la simplificaci\u00f3n del sistema tributario.Refiri\u00f3 que en 1992\u00a0 en Rep\u00fablica Dominicana se vivi\u00f3 la experiencia de una reforma tributaria que introdujo tasas m\u00e1s bajas con resultados positivos,\u00a0que redujo las tasa del impuesto sobre la renta.<\/p>\n<p style=\"text-align: justify;\">\u201cCon el c\u00f3digo de 1992, la tasa de impuesto sobre la renta m\u00e1xima a las personas f\u00edsicas fue reducida de 70% a 30%. Mientras que la tasa m\u00e1xima a las empresas fue disminuida de 46% a 30%. En adici\u00f3n, con la aprobaci\u00f3n de la Ley No. 11-92, se inici\u00f3 un proceso de reducci\u00f3n escalonada de las tasas m\u00e1ximas de 30% a 25% en cinco a\u00f1os\u201d, a\u00f1adi\u00f3.<\/p>\n<p style=\"text-align: justify;\">Consider\u00f3 que corregir los desincentivos y distorsiones que introducen los sistemas tributarios es algo fundamental, por su efecto\u00a0 positivo sobre los ingresos tributarios y\u00a0 sobre la actividad econ\u00f3mica y puede servir como un est\u00edmulo al crecimiento en momentos de crisis econ\u00f3micas.<\/p>\n<p style=\"text-align: justify;\">Austeridad en el gasto, clave para una reforma fiscal exitosa.\u00a0Sobre la austeridad en el gasto, indica que en los escenarios presupuestarios para 2013 que el Gobierno present\u00f3 junto con la propuesta tributaria, no se contempla ese conforme el incremento en el gasto que se ha producido en 2012.<\/p>\n<p style=\"text-align: justify;\">Agreg\u00f3 que de acuerdo a los estimados proporcionados por las autoridades, se contempla un gasto p\u00fablico de RD$475,638 millones para 2012, mientras que la proyecci\u00f3n para 2013 es de RD$469,024 millones.<\/p>\n<p style=\"text-align: justify;\">\u201cEsto apenas representa una reducci\u00f3n de RD$6,614 \u00f3 1.4% en el gasto de 2013 con relaci\u00f3n al estimado de 2012. Ante un incremento del gasto en 2012 de 40.1% con respecto a 2011 y en presencia de un d\u00e9ficit proyectado de RD$155,946 millones al cierre de este a\u00f1o, es necesario un ajuste muy superior al anunciado\u201d, puntualiza el economista.<\/p>\n<p style=\"text-align: justify;\">Explica que los\u00a0 pa\u00edses que han tenido \u00e9xito realizando reformas fiscales las han efectuado sustent\u00e1ndolas en reducciones del gasto p\u00fablico.\u00a0El efecto neto sobre el d\u00e9ficit de las medidas presentadas es de RD$61,658 millones para 2013.<\/p>\n<p style=\"text-align: justify;\">A\u00f1ade que ese es el resultado de combinar el incremento de impuestos y eficiencia tributaria que estima recaudar RD$55,044 millones, y la reducci\u00f3n del gasto de RD$6,614 millones planteada en los estimados del presupuesto de gastos para 2013.<\/p>\n<p style=\"text-align: justify;\">Sostuvo que la reforma fiscal estar\u00eda basada en un 89% en impuestos y s\u00f3lo un 11% en reducci\u00f3n del gasto, lo que es totalmente contrario a las experiencias exitosas documentadas en los \u00faltimos 22 a\u00f1os de an\u00e1lisis internacionales que incluyen, en algunos estudios, hasta 107 casos de reformas fiscales realizadas en m\u00e1s de veinte pa\u00edses.<\/p>\n<p style=\"text-align: justify;\">Favoreci\u00f3 la reducci\u00f3n de d\u00e9ficit basadas en el gasto p\u00fablico.\u00a0Entre 2004 y 2011 los ingresos del gobierno crecieron 125%, mientras que el gasto p\u00fablico lo hizo en 151%.<\/p>\n<div class=\"pvc_clear\"><\/div>\n<p class=\"pvc_stats all \" data-element-id=\"20141\" style=\"\"><i class=\"pvc-stats-icon medium\" aria-hidden=\"true\"><svg aria-hidden=\"true\" focusable=\"false\" data-prefix=\"far\" data-icon=\"chart-bar\" role=\"img\" xmlns=\"http:\/\/www.w3.org\/2000\/svg\" viewBox=\"0 0 512 512\" class=\"svg-inline--fa fa-chart-bar fa-w-16 fa-2x\"><path fill=\"currentColor\" d=\"M396.8 352h22.4c6.4 0 12.8-6.4 12.8-12.8V108.8c0-6.4-6.4-12.8-12.8-12.8h-22.4c-6.4 0-12.8 6.4-12.8 12.8v230.4c0 6.4 6.4 12.8 12.8 12.8zm-192 0h22.4c6.4 0 12.8-6.4 12.8-12.8V140.8c0-6.4-6.4-12.8-12.8-12.8h-22.4c-6.4 0-12.8 6.4-12.8 12.8v198.4c0 6.4 6.4 12.8 12.8 12.8zm96 0h22.4c6.4 0 12.8-6.4 12.8-12.8V204.8c0-6.4-6.4-12.8-12.8-12.8h-22.4c-6.4 0-12.8 6.4-12.8 12.8v134.4c0 6.4 6.4 12.8 12.8 12.8zM496 400H48V80c0-8.84-7.16-16-16-16H16C7.16 64 0 71.16 0 80v336c0 17.67 14.33 32 32 32h464c8.84 0 16-7.16 16-16v-16c0-8.84-7.16-16-16-16zm-387.2-48h22.4c6.4 0 12.8-6.4 12.8-12.8v-70.4c0-6.4-6.4-12.8-12.8-12.8h-22.4c-6.4 0-12.8 6.4-12.8 12.8v70.4c0 6.4 6.4 12.8 12.8 12.8z\" class=\"\"><\/path><\/svg><\/i> Vistas Totales&nbsp;413&nbsp;, Vistas Hoy&nbsp;3&nbsp;<\/p>\n<div class=\"pvc_clear\"><\/div>\n","protected":false},"excerpt":{"rendered":"<p>Autor: Soila PaniaguaFuente: www.hoy.com.doFecha: 13 de octubre de 2012El Centro Regional de Estrategia Sostenible (CREES) abog\u00f3 porque se corrijan  los desincentivos y distorsiones del sistema  tributario dominicano y afirm\u00f3 que la propuesta de reforma fiscal del Gobierno no promueve el desarrollo econ\u00f3mico, al no tomar en cuenta el incentivo a las inversiones productivas que generen m\u00e1s empleos, eleven los ingresos de los ciudadanos y suban los niveles de ahorro.<\/p>\n<div class=\"pvc_clear\"><\/div>\n<p class=\"pvc_stats all \" data-element-id=\"20141\" style=\"\"><i class=\"pvc-stats-icon medium\" aria-hidden=\"true\"><svg aria-hidden=\"true\" focusable=\"false\" data-prefix=\"far\" data-icon=\"chart-bar\" role=\"img\" xmlns=\"http:\/\/www.w3.org\/2000\/svg\" viewBox=\"0 0 512 512\" class=\"svg-inline--fa fa-chart-bar fa-w-16 fa-2x\"><path fill=\"currentColor\" d=\"M396.8 352h22.4c6.4 0 12.8-6.4 12.8-12.8V108.8c0-6.4-6.4-12.8-12.8-12.8h-22.4c-6.4 0-12.8 6.4-12.8 12.8v230.4c0 6.4 6.4 12.8 12.8 12.8zm-192 0h22.4c6.4 0 12.8-6.4 12.8-12.8V140.8c0-6.4-6.4-12.8-12.8-12.8h-22.4c-6.4 0-12.8 6.4-12.8 12.8v198.4c0 6.4 6.4 12.8 12.8 12.8zm96 0h22.4c6.4 0 12.8-6.4 12.8-12.8V204.8c0-6.4-6.4-12.8-12.8-12.8h-22.4c-6.4 0-12.8 6.4-12.8 12.8v134.4c0 6.4 6.4 12.8 12.8 12.8zM496 400H48V80c0-8.84-7.16-16-16-16H16C7.16 64 0 71.16 0 80v336c0 17.67 14.33 32 32 32h464c8.84 0 16-7.16 16-16v-16c0-8.84-7.16-16-16-16zm-387.2-48h22.4c6.4 0 12.8-6.4 12.8-12.8v-70.4c0-6.4-6.4-12.8-12.8-12.8h-22.4c-6.4 0-12.8 6.4-12.8 12.8v70.4c0 6.4 6.4 12.8 12.8 12.8z\" class=\"\"><\/path><\/svg><\/i> Vistas Totales&nbsp;413&nbsp;, Vistas Hoy&nbsp;3&nbsp;<\/p>\n<div class=\"pvc_clear\"><\/div>\n","protected":false},"author":2,"featured_media":0,"comment_status":"closed","ping_status":"closed","sticky":false,"template":"","format":"standard","meta":{"footnotes":""},"categories":[21],"tags":[],"class_list":["post-20141","post","type-post","status-publish","format-standard","hentry","category-blog"],"yoast_head":"<!-- This site is optimized with the Yoast SEO plugin v25.2 - https:\/\/yoast.com\/wordpress\/plugins\/seo\/ -->\n<title>Economista apoya se corrijan distorsiones sistema tributario | CREES<\/title>\n<meta name=\"robots\" content=\"index, follow, max-snippet:-1, max-image-preview:large, max-video-preview:-1\" \/>\n<link rel=\"canonical\" href=\"https:\/\/crees.org.do\/?p=20141\" \/>\n<meta property=\"og:locale\" content=\"es_ES\" \/>\n<meta property=\"og:type\" content=\"article\" \/>\n<meta property=\"og:title\" content=\"Economista apoya se corrijan distorsiones sistema tributario | CREES\" \/>\n<meta property=\"og:description\" content=\"Autor: Soila PaniaguaFuente: www.hoy.com.doFecha: 13 de octubre de 2012El Centro Regional de Estrategia Sostenible (CREES) abog\u00f3 porque se corrijan los desincentivos y distorsiones del sistema tributario dominicano y afirm\u00f3 que la propuesta de reforma fiscal del Gobierno no promueve el desarrollo econ\u00f3mico, al no tomar en cuenta el incentivo a las inversiones productivas que generen m\u00e1s empleos, eleven los ingresos de los ciudadanos y suban los niveles de ahorro.\" \/>\n<meta property=\"og:url\" content=\"https:\/\/crees.org.do\/?p=20141\" \/>\n<meta property=\"og:site_name\" content=\"CREES\" \/>\n<meta property=\"article:publisher\" content=\"https:\/\/www.facebook.com\/CREESRD\/\" \/>\n<meta property=\"article:published_time\" content=\"2012-01-01T00:00:00+00:00\" \/>\n<meta property=\"article:modified_time\" content=\"2021-08-17T23:51:51+00:00\" \/>\n<meta property=\"og:image\" content=\"https:\/\/crees.org.do\/wp-content\/uploads\/2022\/03\/crees-logo-1.jpg\" \/>\n\t<meta property=\"og:image:width\" content=\"244\" \/>\n\t<meta property=\"og:image:height\" content=\"71\" \/>\n\t<meta property=\"og:image:type\" content=\"image\/jpeg\" \/>\n<meta name=\"author\" content=\"Crees\" \/>\n<meta name=\"twitter:card\" content=\"summary_large_image\" \/>\n<meta name=\"twitter:creator\" content=\"@CREESRD\" \/>\n<meta name=\"twitter:site\" content=\"@CREESRD\" \/>\n<meta name=\"twitter:label1\" content=\"Escrito por\" \/>\n\t<meta name=\"twitter:data1\" content=\"Crees\" \/>\n\t<meta name=\"twitter:label2\" content=\"Tiempo de lectura\" \/>\n\t<meta name=\"twitter:data2\" content=\"3 minutos\" \/>\n<script type=\"application\/ld+json\" class=\"yoast-schema-graph\">{\"@context\":\"https:\/\/schema.org\",\"@graph\":[{\"@type\":\"Article\",\"@id\":\"https:\/\/crees.org.do\/?p=20141#article\",\"isPartOf\":{\"@id\":\"https:\/\/crees.org.do\/?p=20141\"},\"author\":{\"name\":\"Crees\",\"@id\":\"https:\/\/crees.org.do\/#\/schema\/person\/e7f97cd94d7bf9cd0e0ce30acb7d56b8\"},\"headline\":\"Economista apoya se corrijan distorsiones sistema tributario\",\"datePublished\":\"2012-01-01T00:00:00+00:00\",\"dateModified\":\"2021-08-17T23:51:51+00:00\",\"mainEntityOfPage\":{\"@id\":\"https:\/\/crees.org.do\/?p=20141\"},\"wordCount\":662,\"publisher\":{\"@id\":\"https:\/\/crees.org.do\/#organization\"},\"articleSection\":[\"Blog\"],\"inLanguage\":\"es\"},{\"@type\":\"WebPage\",\"@id\":\"https:\/\/crees.org.do\/?p=20141\",\"url\":\"https:\/\/crees.org.do\/?p=20141\",\"name\":\"Economista apoya se corrijan distorsiones sistema tributario | CREES\",\"isPartOf\":{\"@id\":\"https:\/\/crees.org.do\/#website\"},\"datePublished\":\"2012-01-01T00:00:00+00:00\",\"dateModified\":\"2021-08-17T23:51:51+00:00\",\"breadcrumb\":{\"@id\":\"https:\/\/crees.org.do\/?p=20141#breadcrumb\"},\"inLanguage\":\"es\",\"potentialAction\":[{\"@type\":\"ReadAction\",\"target\":[\"https:\/\/crees.org.do\/?p=20141\"]}]},{\"@type\":\"BreadcrumbList\",\"@id\":\"https:\/\/crees.org.do\/?p=20141#breadcrumb\",\"itemListElement\":[{\"@type\":\"ListItem\",\"position\":1,\"name\":\"Portada\",\"item\":\"https:\/\/crees.org.do\/\"},{\"@type\":\"ListItem\",\"position\":2,\"name\":\"Economista apoya se corrijan distorsiones sistema tributario\"}]},{\"@type\":\"WebSite\",\"@id\":\"https:\/\/crees.org.do\/#website\",\"url\":\"https:\/\/crees.org.do\/\",\"name\":\"CREES\",\"description\":\"Centro Regional de Estrategias Econ\u00f3micas Sostenibles\",\"publisher\":{\"@id\":\"https:\/\/crees.org.do\/#organization\"},\"potentialAction\":[{\"@type\":\"SearchAction\",\"target\":{\"@type\":\"EntryPoint\",\"urlTemplate\":\"https:\/\/crees.org.do\/?s={search_term_string}\"},\"query-input\":{\"@type\":\"PropertyValueSpecification\",\"valueRequired\":true,\"valueName\":\"search_term_string\"}}],\"inLanguage\":\"es\"},{\"@type\":\"Organization\",\"@id\":\"https:\/\/crees.org.do\/#organization\",\"name\":\"CREES | Centro Regional de Estrategias Econ\u00f3micas Sostenibles\",\"url\":\"https:\/\/crees.org.do\/\",\"logo\":{\"@type\":\"ImageObject\",\"inLanguage\":\"es\",\"@id\":\"https:\/\/crees.org.do\/#\/schema\/logo\/image\/\",\"url\":\"https:\/\/crees.org.do\/wp-content\/uploads\/2022\/03\/crees-logo-1.jpg\",\"contentUrl\":\"https:\/\/crees.org.do\/wp-content\/uploads\/2022\/03\/crees-logo-1.jpg\",\"width\":244,\"height\":71,\"caption\":\"CREES | Centro Regional de Estrategias Econ\u00f3micas Sostenibles\"},\"image\":{\"@id\":\"https:\/\/crees.org.do\/#\/schema\/logo\/image\/\"},\"sameAs\":[\"https:\/\/www.facebook.com\/CREESRD\/\",\"https:\/\/x.com\/CREESRD\"]},{\"@type\":\"Person\",\"@id\":\"https:\/\/crees.org.do\/#\/schema\/person\/e7f97cd94d7bf9cd0e0ce30acb7d56b8\",\"name\":\"Crees\",\"image\":{\"@type\":\"ImageObject\",\"inLanguage\":\"es\",\"@id\":\"https:\/\/crees.org.do\/#\/schema\/person\/image\/\",\"url\":\"https:\/\/secure.gravatar.com\/avatar\/390ac8f0be5d9aa046152553e2dd7011b59a512d89c150f5e5f28bb8d9a0b165?s=96&d=mm&r=g\",\"contentUrl\":\"https:\/\/secure.gravatar.com\/avatar\/390ac8f0be5d9aa046152553e2dd7011b59a512d89c150f5e5f28bb8d9a0b165?s=96&d=mm&r=g\",\"caption\":\"Crees\"},\"url\":\"https:\/\/crees.org.do\/?author=2\"}]}<\/script>\n<!-- \/ Yoast SEO plugin. -->","yoast_head_json":{"title":"Economista apoya se corrijan distorsiones sistema tributario | CREES","robots":{"index":"index","follow":"follow","max-snippet":"max-snippet:-1","max-image-preview":"max-image-preview:large","max-video-preview":"max-video-preview:-1"},"canonical":"https:\/\/crees.org.do\/?p=20141","og_locale":"es_ES","og_type":"article","og_title":"Economista apoya se corrijan distorsiones sistema tributario | CREES","og_description":"Autor: Soila PaniaguaFuente: www.hoy.com.doFecha: 13 de octubre de 2012El Centro Regional de Estrategia Sostenible (CREES) abog\u00f3 porque se corrijan los desincentivos y distorsiones del sistema tributario dominicano y afirm\u00f3 que la propuesta de reforma fiscal del Gobierno no promueve el desarrollo econ\u00f3mico, al no tomar en cuenta el incentivo a las inversiones productivas que generen m\u00e1s empleos, eleven los ingresos de los ciudadanos y suban los niveles de ahorro.","og_url":"https:\/\/crees.org.do\/?p=20141","og_site_name":"CREES","article_publisher":"https:\/\/www.facebook.com\/CREESRD\/","article_published_time":"2012-01-01T00:00:00+00:00","article_modified_time":"2021-08-17T23:51:51+00:00","og_image":[{"width":244,"height":71,"url":"https:\/\/crees.org.do\/wp-content\/uploads\/2022\/03\/crees-logo-1.jpg","type":"image\/jpeg"}],"author":"Crees","twitter_card":"summary_large_image","twitter_creator":"@CREESRD","twitter_site":"@CREESRD","twitter_misc":{"Escrito por":"Crees","Tiempo de lectura":"3 minutos"},"schema":{"@context":"https:\/\/schema.org","@graph":[{"@type":"Article","@id":"https:\/\/crees.org.do\/?p=20141#article","isPartOf":{"@id":"https:\/\/crees.org.do\/?p=20141"},"author":{"name":"Crees","@id":"https:\/\/crees.org.do\/#\/schema\/person\/e7f97cd94d7bf9cd0e0ce30acb7d56b8"},"headline":"Economista apoya se corrijan distorsiones sistema tributario","datePublished":"2012-01-01T00:00:00+00:00","dateModified":"2021-08-17T23:51:51+00:00","mainEntityOfPage":{"@id":"https:\/\/crees.org.do\/?p=20141"},"wordCount":662,"publisher":{"@id":"https:\/\/crees.org.do\/#organization"},"articleSection":["Blog"],"inLanguage":"es"},{"@type":"WebPage","@id":"https:\/\/crees.org.do\/?p=20141","url":"https:\/\/crees.org.do\/?p=20141","name":"Economista apoya se corrijan distorsiones sistema tributario | CREES","isPartOf":{"@id":"https:\/\/crees.org.do\/#website"},"datePublished":"2012-01-01T00:00:00+00:00","dateModified":"2021-08-17T23:51:51+00:00","breadcrumb":{"@id":"https:\/\/crees.org.do\/?p=20141#breadcrumb"},"inLanguage":"es","potentialAction":[{"@type":"ReadAction","target":["https:\/\/crees.org.do\/?p=20141"]}]},{"@type":"BreadcrumbList","@id":"https:\/\/crees.org.do\/?p=20141#breadcrumb","itemListElement":[{"@type":"ListItem","position":1,"name":"Portada","item":"https:\/\/crees.org.do\/"},{"@type":"ListItem","position":2,"name":"Economista apoya se corrijan distorsiones sistema tributario"}]},{"@type":"WebSite","@id":"https:\/\/crees.org.do\/#website","url":"https:\/\/crees.org.do\/","name":"CREES","description":"Centro Regional de Estrategias Econ\u00f3micas Sostenibles","publisher":{"@id":"https:\/\/crees.org.do\/#organization"},"potentialAction":[{"@type":"SearchAction","target":{"@type":"EntryPoint","urlTemplate":"https:\/\/crees.org.do\/?s={search_term_string}"},"query-input":{"@type":"PropertyValueSpecification","valueRequired":true,"valueName":"search_term_string"}}],"inLanguage":"es"},{"@type":"Organization","@id":"https:\/\/crees.org.do\/#organization","name":"CREES | Centro Regional de Estrategias Econ\u00f3micas Sostenibles","url":"https:\/\/crees.org.do\/","logo":{"@type":"ImageObject","inLanguage":"es","@id":"https:\/\/crees.org.do\/#\/schema\/logo\/image\/","url":"https:\/\/crees.org.do\/wp-content\/uploads\/2022\/03\/crees-logo-1.jpg","contentUrl":"https:\/\/crees.org.do\/wp-content\/uploads\/2022\/03\/crees-logo-1.jpg","width":244,"height":71,"caption":"CREES | Centro Regional de Estrategias Econ\u00f3micas Sostenibles"},"image":{"@id":"https:\/\/crees.org.do\/#\/schema\/logo\/image\/"},"sameAs":["https:\/\/www.facebook.com\/CREESRD\/","https:\/\/x.com\/CREESRD"]},{"@type":"Person","@id":"https:\/\/crees.org.do\/#\/schema\/person\/e7f97cd94d7bf9cd0e0ce30acb7d56b8","name":"Crees","image":{"@type":"ImageObject","inLanguage":"es","@id":"https:\/\/crees.org.do\/#\/schema\/person\/image\/","url":"https:\/\/secure.gravatar.com\/avatar\/390ac8f0be5d9aa046152553e2dd7011b59a512d89c150f5e5f28bb8d9a0b165?s=96&d=mm&r=g","contentUrl":"https:\/\/secure.gravatar.com\/avatar\/390ac8f0be5d9aa046152553e2dd7011b59a512d89c150f5e5f28bb8d9a0b165?s=96&d=mm&r=g","caption":"Crees"},"url":"https:\/\/crees.org.do\/?author=2"}]}},"_links":{"self":[{"href":"https:\/\/crees.org.do\/index.php?rest_route=\/wp\/v2\/posts\/20141","targetHints":{"allow":["GET"]}}],"collection":[{"href":"https:\/\/crees.org.do\/index.php?rest_route=\/wp\/v2\/posts"}],"about":[{"href":"https:\/\/crees.org.do\/index.php?rest_route=\/wp\/v2\/types\/post"}],"author":[{"embeddable":true,"href":"https:\/\/crees.org.do\/index.php?rest_route=\/wp\/v2\/users\/2"}],"replies":[{"embeddable":true,"href":"https:\/\/crees.org.do\/index.php?rest_route=%2Fwp%2Fv2%2Fcomments&post=20141"}],"version-history":[{"count":1,"href":"https:\/\/crees.org.do\/index.php?rest_route=\/wp\/v2\/posts\/20141\/revisions"}],"predecessor-version":[{"id":20895,"href":"https:\/\/crees.org.do\/index.php?rest_route=\/wp\/v2\/posts\/20141\/revisions\/20895"}],"wp:attachment":[{"href":"https:\/\/crees.org.do\/index.php?rest_route=%2Fwp%2Fv2%2Fmedia&parent=20141"}],"wp:term":[{"taxonomy":"category","embeddable":true,"href":"https:\/\/crees.org.do\/index.php?rest_route=%2Fwp%2Fv2%2Fcategories&post=20141"},{"taxonomy":"post_tag","embeddable":true,"href":"https:\/\/crees.org.do\/index.php?rest_route=%2Fwp%2Fv2%2Ftags&post=20141"}],"curies":[{"name":"wp","href":"https:\/\/api.w.org\/{rel}","templated":true}]}}