{"id":20142,"date":"2012-01-01T00:00:00","date_gmt":"2012-01-01T00:00:00","guid":{"rendered":"https:\/\/crees.org.do\/el-exceso-en-el-gasto-publico-que-cometio-leonel-es-el-responsable-del-deficit\/"},"modified":"2012-01-01T00:00:00","modified_gmt":"2012-01-01T00:00:00","slug":"el-exceso-en-el-gasto-publico-que-cometio-leonel-es-el-responsable-del-deficit","status":"publish","type":"post","link":"https:\/\/crees.org.do\/?p=20142","title":{"rendered":"El exceso en el gasto p\u00fablico que cometi\u00f3 Leonel es el responsable del d\u00e9ficit"},"content":{"rendered":"<p><span style=\"color:#696969;\"><span style=\"font-size: 12px;\"><span style=\"font-family: verdana, geneva, sans-serif;\"><span style=\"background-color: rgb(255, 255, 255); line-height: 22px; text-align: justify;\">Fuente: www.acento.com.do<\/span><\/span><\/span><\/span><\/p>\n<p style=\"margin-bottom: 1em; padding: 0px; border: 0px; outline: 0px; vertical-align: baseline; background-color: rgb(255, 255, 255); line-height: 22px; color: rgb(51, 51, 51); font-family: 'Helvetica Neue', Helvetica, Arial, sans-serif; text-align: justify; \"><span style=\"color:#696969;\"><span style=\"font-size: 12px;\"><span style=\"font-family: verdana, geneva, sans-serif;\">Fecha: 13 de octubre de 2012<\/span><\/span><\/span><\/p>\n<p style=\"margin-bottom: 1em; padding: 0px; border: 0px; outline: 0px; vertical-align: baseline; background-color: rgb(255, 255, 255); line-height: 22px; color: rgb(51, 51, 51); font-family: 'Helvetica Neue', Helvetica, Arial, sans-serif; text-align: justify; \">&nbsp;<\/p>\n<p style=\"margin-bottom: 1em; padding: 0px; border: 0px; outline: 0px; vertical-align: baseline; background-color: rgb(255, 255, 255); line-height: 22px; color: rgb(51, 51, 51); font-family: 'Helvetica Neue', Helvetica, Arial, sans-serif; text-align: justify; \"><span style=\"font-size:12px;\"><span style=\"font-family: verdana, geneva, sans-serif;\">SANTO DOMINGO, Rep\u00fablica Dominicana.- El economista Ernesto Selman, vicepresidente ejecutivo del Centro Regional de Estrategias Econ\u00f3micas Sostenibles (CREES), dijo que el origen del d\u00e9ficit fiscal se ubica en el per\u00edodo 2004-2008 y se explica en el exceso del gasto del gobierno.<\/span><\/span><\/p>\n<p style=\"margin-bottom: 1em; padding: 0px; border: 0px; outline: 0px; vertical-align: baseline; background-color: rgb(255, 255, 255); line-height: 22px; color: rgb(51, 51, 51); font-family: 'Helvetica Neue', Helvetica, Arial, sans-serif; text-align: justify; \"><span style=\"font-size:12px;\"><span style=\"font-family: verdana, geneva, sans-serif;\">El CREES es una entidad de an\u00e1lisis y propuestas econ\u00f3micas y est\u00e1 integrado y patrocinado por empresarios dominicanos. Su Consejo Directivo lo preside el empresario Marino Ginebra y lo integran Rafael Del Toro, Vicepresidente, Andr\u00e9s Bobadilla, Secretario, Campos De Moya, Tesorero, Pr\u00e1xedes Castillo, Vice-Secretario, Rafael Blanco Canto, Vice-Tesorero, Luis Molina Ach\u00e9car, Miembro y Eduardo Mart\u00ednez-Lima, Miembro.<\/span><\/span><\/p>\n<p style=\"margin-bottom: 1em; padding: 0px; border: 0px; outline: 0px; vertical-align: baseline; background-color: rgb(255, 255, 255); line-height: 22px; color: rgb(51, 51, 51); font-family: 'Helvetica Neue', Helvetica, Arial, sans-serif; text-align: justify; \"><span style=\"font-size:12px;\"><span style=\"font-family: verdana, geneva, sans-serif;\">En un escrito del economista Ernesto Selman, aparecido en la p\u00e1gina de Internet del CREES, se dice claramente cu\u00e1les fueron los motivos del d\u00e9ficit fiscal de 187 mil millones de pesos, admitido por el gobierno de Danilo Medina como la herencia que le dej\u00f3 el gobierno de Leonel Fern\u00e1ndez.<\/span><\/span><\/p>\n<p style=\"margin-bottom: 1em; padding: 0px; border: 0px; outline: 0px; vertical-align: baseline; background-color: rgb(255, 255, 255); line-height: 22px; color: rgb(51, 51, 51); font-family: 'Helvetica Neue', Helvetica, Arial, sans-serif; text-align: justify; \"><span style=\"font-size:12px;\"><span style=\"font-family: verdana, geneva, sans-serif;\">El ex presidente dijo esta semana que el origen del d\u00e9ficit se debi\u00f3 a lo que hered\u00f3 su gobierno de Hip\u00f3lito Mej\u00eda en el 2004 y a los subsidios del sector el\u00e9ctrico, y de pas\u00f3 le dio su respaldo al paquete fiscal propuesto por Danilo Medina.<\/span><\/span><\/p>\n<p style=\"margin-bottom: 1em; padding: 0px; border: 0px; outline: 0px; vertical-align: baseline; background-color: rgb(255, 255, 255); line-height: 22px; color: rgb(51, 51, 51); font-family: 'Helvetica Neue', Helvetica, Arial, sans-serif; text-align: justify; \"><span style=\"font-size:12px;\"><span style=\"font-family: verdana, geneva, sans-serif;\">La explicaci\u00f3n de Ernesto Selman es la siguiente:<\/span><\/span><\/p>\n<p style=\"margin-bottom: 1em; padding: 0px; border: 0px; outline: 0px; vertical-align: baseline; background-color: rgb(255, 255, 255); line-height: 22px; color: rgb(51, 51, 51); font-family: 'Helvetica Neue', Helvetica, Arial, sans-serif; text-align: justify; \"><span style=\"font-size:12px;\"><span style=\"font-family: verdana, geneva, sans-serif;\"><strong style=\"margin: 0px; padding: 0px; border: 0px; outline: 0px; vertical-align: baseline; background-color: transparent; color: rgb(163, 21, 1); \">Origen del problema fiscal: mayor gasto p\u00fablico<\/strong><\/span><\/span><\/p>\n<p style=\"margin-bottom: 1em; padding: 0px; border: 0px; outline: 0px; vertical-align: baseline; background-color: rgb(255, 255, 255); line-height: 22px; color: rgb(51, 51, 51); font-family: 'Helvetica Neue', Helvetica, Arial, sans-serif; text-align: justify; \"><span style=\"font-size:12px;\"><span style=\"font-family: verdana, geneva, sans-serif;\">El factor principal que ha generado d\u00e9ficit del sector p\u00fablico consolidado durante los \u00faltimos a\u00f1os es un gasto p\u00fablico cada vez mayor.&nbsp; En efecto, el gasto p\u00fablico se increment\u00f3 en 151% entre 2004-2011 en t\u00e9rminos nominales. En t\u00e9rminos reales, los representantes electos y funcionarios p\u00fablicos dispusieron de 62% mayor capacidad para emplear nuevos servidores p\u00fablicos, adquirir bienes y servicios adicionales, incrementar subsidios injustificados y otras partidas manteniendo una aparato estatal hipertrofiado.&nbsp; Para 2012, el gasto p\u00fablico se habr\u00e1 incrementado en m\u00e1s de 40% con respecto a 2011; esto equivale a unos RD$135,000 adicionales con respecto al a\u00f1o anterior.<\/span><\/span><\/p>\n<p style=\"margin-bottom: 1em; padding: 0px; border: 0px; outline: 0px; vertical-align: baseline; background-color: rgb(255, 255, 255); line-height: 22px; color: rgb(51, 51, 51); font-family: 'Helvetica Neue', Helvetica, Arial, sans-serif; text-align: justify; \"><span style=\"font-size:12px;\"><span style=\"font-family: verdana, geneva, sans-serif;\">En la&nbsp;<a href=\"http:\/\/www.crees.org.do\/sites\/default\/files\/media_files\/Reforma%20Fiscal%20Integral%20CREES%20.pdf\" style=\"outline: none; color: rgb(163, 21, 1); \">Propuesta de Reforma Fiscal Integral<\/a>&nbsp;que CREES divulg\u00f3, se argumenta que el nivel de gasto p\u00fablico actual no se corresponde con la realidad econ\u00f3mica dominicana, por lo que el 2012 no puede servir de referencia para las proyecciones hacia futuro.&nbsp; Definitivamente, la crisis fiscal dominicana tiene su origen principal en un gasto p\u00fablico excesivo que no implica m\u00e1s y mejores servicios del Estado.<\/span><\/span><\/p>\n<p style=\"margin-bottom: 1em; padding: 0px; border: 0px; outline: 0px; vertical-align: baseline; background-color: rgb(255, 255, 255); line-height: 22px; color: rgb(51, 51, 51); font-family: 'Helvetica Neue', Helvetica, Arial, sans-serif; text-align: justify; \"><span style=\"font-size:12px;\"><span style=\"font-family: verdana, geneva, sans-serif;\">Para financiar ese gasto p\u00fablico excesivo no fueron suficientes seis (6) &ldquo;reformas&rdquo; tributarias con incremento de impuestos y tres (3) legislaciones adicionales que modificaron el sistema tributario e impactaba a m\u00e1s de un sector de la econom\u00eda durante los \u00faltimos doce a\u00f1os.&nbsp; Entre 2004 y 2011 los ingresos fiscales se incrementaron en 125% en t\u00e9rminos nominales y 45% en t\u00e9rminos reales (descontando inflaci\u00f3n). Esto fue menor al incremento del gasto p\u00fablico (151%), pero todav\u00eda un incremento importante en pocos a\u00f1os.&nbsp; En el a\u00f1o 2012 los ingresos fiscales se estar\u00edan incrementando en casi 13%, principalmente por: 1. Incremento de impuestos dispuestos en Julio, 2011; 2. Crecimiento en de la econom\u00eda, estimado en 8% en t\u00e9rminos nominales por CREES (3% en t\u00e9rminos reales) y, 3. Ingresos extraordinarios de impuesto sobre ganancia de capital por la venta de acciones de Cervecer\u00eda Nacional Dominicana (CND) a AmBev (unos RD$8,300 millones).<\/span><\/span><\/p>\n<p style=\"margin-bottom: 1em; padding: 0px; border: 0px; outline: 0px; vertical-align: baseline; background-color: rgb(255, 255, 255); line-height: 22px; color: rgb(51, 51, 51); font-family: 'Helvetica Neue', Helvetica, Arial, sans-serif; text-align: justify; \"><span style=\"font-size:12px;\"><span style=\"font-family: verdana, geneva, sans-serif;\">Dado que el incremento de ingresos fiscales durante los \u00faltimos a\u00f1os no ha sido suficiente para financiar un gasto p\u00fablico cada vez mayor, las autoridades han tenido que asumir cada vez mayor deuda p\u00fablica para financiar los d\u00e9ficit fiscales generados.&nbsp; En efecto, la deuda p\u00fablica del sector p\u00fablico consolidado m\u00e1s que se duplic\u00f3 entre 2005-2011, pasando de unos US$11,700 millones a casi US$23,700 millones.&nbsp; Para el 2012 la deuda p\u00fablica se hab\u00eda incrementado en casi US$1,500 millones en los primeros ocho meses del a\u00f1o; esta cifra incluye nueva deuda desembolsada al sector p\u00fablico no-financiero y pasivos no-monetarios adicionales en el Balance General del Banco Central de la Rep\u00fablica Dominicana (BCRD).<\/span><\/span><\/p>\n<p style=\"margin-bottom: 1em; padding: 0px; border: 0px; outline: 0px; vertical-align: baseline; background-color: rgb(255, 255, 255); line-height: 22px; color: rgb(51, 51, 51); font-family: 'Helvetica Neue', Helvetica, Arial, sans-serif; text-align: justify; \"><span style=\"font-size:12px;\"><span style=\"font-family: verdana, geneva, sans-serif;\">De nuevo, la causa principal de la crisis fiscal que enfrenta la Rep\u00fablica Dominicana en estos momentos es un excesivo gasto p\u00fablico que se ha incrementado a niveles insostenibles en la actualidad.&nbsp; Con la propuesta de incremento de impuestos para generar mayor recaudaciones se mantendr\u00eda un nivel de gasto p\u00fablico que no se corresponde con finanzas p\u00fablicas sanas.&nbsp; Esto podr\u00eda dificultar hacer frente a los compromisos financieros en el futuro, si los inversionistas pierden confianza en el sistema pol\u00edtico y econ\u00f3mico de la Rep\u00fablica Dominicana.<\/span><\/span><\/p>\n<p style=\"margin-bottom: 1em; padding: 0px; border: 0px; outline: 0px; vertical-align: baseline; background-color: rgb(255, 255, 255); line-height: 22px; color: rgb(51, 51, 51); font-family: 'Helvetica Neue', Helvetica, Arial, sans-serif; text-align: justify; \"><span style=\"font-size:12px;\"><span style=\"font-family: verdana, geneva, sans-serif;\">En lugar de asumir el camino dif\u00edcil de realmente reestructurar y transformar el aparato estatal, reduciendo el gasto p\u00fablico, la propuesta del gobierno busca la v\u00eda f\u00e1cil de imponer mayores cargas tributarias a todas las actividades econ\u00f3micas y los actores sociales en sus diferentes facetas para mantener un gasto p\u00fablico excesivo.<\/span><\/span><\/p>\n<div class=\"pvc_clear\"><\/div>\n<p class=\"pvc_stats all \" data-element-id=\"20142\" style=\"\"><i class=\"pvc-stats-icon medium\" aria-hidden=\"true\"><svg aria-hidden=\"true\" focusable=\"false\" data-prefix=\"far\" data-icon=\"chart-bar\" role=\"img\" xmlns=\"http:\/\/www.w3.org\/2000\/svg\" viewBox=\"0 0 512 512\" class=\"svg-inline--fa fa-chart-bar fa-w-16 fa-2x\"><path fill=\"currentColor\" d=\"M396.8 352h22.4c6.4 0 12.8-6.4 12.8-12.8V108.8c0-6.4-6.4-12.8-12.8-12.8h-22.4c-6.4 0-12.8 6.4-12.8 12.8v230.4c0 6.4 6.4 12.8 12.8 12.8zm-192 0h22.4c6.4 0 12.8-6.4 12.8-12.8V140.8c0-6.4-6.4-12.8-12.8-12.8h-22.4c-6.4 0-12.8 6.4-12.8 12.8v198.4c0 6.4 6.4 12.8 12.8 12.8zm96 0h22.4c6.4 0 12.8-6.4 12.8-12.8V204.8c0-6.4-6.4-12.8-12.8-12.8h-22.4c-6.4 0-12.8 6.4-12.8 12.8v134.4c0 6.4 6.4 12.8 12.8 12.8zM496 400H48V80c0-8.84-7.16-16-16-16H16C7.16 64 0 71.16 0 80v336c0 17.67 14.33 32 32 32h464c8.84 0 16-7.16 16-16v-16c0-8.84-7.16-16-16-16zm-387.2-48h22.4c6.4 0 12.8-6.4 12.8-12.8v-70.4c0-6.4-6.4-12.8-12.8-12.8h-22.4c-6.4 0-12.8 6.4-12.8 12.8v70.4c0 6.4 6.4 12.8 12.8 12.8z\" class=\"\"><\/path><\/svg><\/i> Vistas Totales&nbsp;602&nbsp;, Vistas Hoy&nbsp;3&nbsp;<\/p>\n<div class=\"pvc_clear\"><\/div>\n","protected":false},"excerpt":{"rendered":"<p>Fuente: www.acento.com.doFecha: 13 de octubre de 2012SANTO DOMINGO, Rep\u00fablica Dominicana.- El economista Ernesto Selman, vicepresidente ejecutivo del Centro Regional de Estrategias Econ\u00f3micas Sostenibles (CREES), dijo que el origen del d\u00e9ficit fiscal se ubica en el per\u00edodo 2004-2008 y se explica en el exceso del gasto del gobierno.<\/p>\n<div class=\"pvc_clear\"><\/div>\n<p class=\"pvc_stats all \" data-element-id=\"20142\" style=\"\"><i class=\"pvc-stats-icon medium\" aria-hidden=\"true\"><svg aria-hidden=\"true\" focusable=\"false\" data-prefix=\"far\" data-icon=\"chart-bar\" role=\"img\" xmlns=\"http:\/\/www.w3.org\/2000\/svg\" viewBox=\"0 0 512 512\" class=\"svg-inline--fa fa-chart-bar fa-w-16 fa-2x\"><path fill=\"currentColor\" d=\"M396.8 352h22.4c6.4 0 12.8-6.4 12.8-12.8V108.8c0-6.4-6.4-12.8-12.8-12.8h-22.4c-6.4 0-12.8 6.4-12.8 12.8v230.4c0 6.4 6.4 12.8 12.8 12.8zm-192 0h22.4c6.4 0 12.8-6.4 12.8-12.8V140.8c0-6.4-6.4-12.8-12.8-12.8h-22.4c-6.4 0-12.8 6.4-12.8 12.8v198.4c0 6.4 6.4 12.8 12.8 12.8zm96 0h22.4c6.4 0 12.8-6.4 12.8-12.8V204.8c0-6.4-6.4-12.8-12.8-12.8h-22.4c-6.4 0-12.8 6.4-12.8 12.8v134.4c0 6.4 6.4 12.8 12.8 12.8zM496 400H48V80c0-8.84-7.16-16-16-16H16C7.16 64 0 71.16 0 80v336c0 17.67 14.33 32 32 32h464c8.84 0 16-7.16 16-16v-16c0-8.84-7.16-16-16-16zm-387.2-48h22.4c6.4 0 12.8-6.4 12.8-12.8v-70.4c0-6.4-6.4-12.8-12.8-12.8h-22.4c-6.4 0-12.8 6.4-12.8 12.8v70.4c0 6.4 6.4 12.8 12.8 12.8z\" class=\"\"><\/path><\/svg><\/i> Vistas Totales&nbsp;602&nbsp;, Vistas Hoy&nbsp;3&nbsp;<\/p>\n<div class=\"pvc_clear\"><\/div>\n","protected":false},"author":2,"featured_media":0,"comment_status":"open","ping_status":"open","sticky":false,"template":"","format":"standard","meta":{"footnotes":""},"categories":[21],"tags":[],"class_list":["post-20142","post","type-post","status-publish","format-standard","hentry","category-blog"],"yoast_head":"<!-- This site is optimized with the Yoast SEO plugin v25.2 - https:\/\/yoast.com\/wordpress\/plugins\/seo\/ -->\n<title>El exceso en el gasto p\u00fablico que cometi\u00f3 Leonel es el responsable del d\u00e9ficit | CREES<\/title>\n<meta name=\"robots\" content=\"index, follow, max-snippet:-1, max-image-preview:large, max-video-preview:-1\" \/>\n<link rel=\"canonical\" href=\"https:\/\/crees.org.do\/?p=20142\" \/>\n<meta property=\"og:locale\" content=\"es_ES\" \/>\n<meta property=\"og:type\" content=\"article\" \/>\n<meta property=\"og:title\" content=\"El exceso en el gasto p\u00fablico que cometi\u00f3 Leonel es el responsable del d\u00e9ficit | CREES\" \/>\n<meta property=\"og:description\" content=\"Fuente: www.acento.com.doFecha: 13 de octubre de 2012SANTO DOMINGO, Rep\u00fablica Dominicana.- El economista Ernesto Selman, vicepresidente ejecutivo del Centro Regional de Estrategias Econ\u00f3micas Sostenibles (CREES), dijo que el origen del d\u00e9ficit fiscal se ubica en el per\u00edodo 2004-2008 y se explica en el exceso del gasto del gobierno.\" \/>\n<meta property=\"og:url\" content=\"https:\/\/crees.org.do\/?p=20142\" \/>\n<meta property=\"og:site_name\" content=\"CREES\" \/>\n<meta property=\"article:publisher\" content=\"https:\/\/www.facebook.com\/CREESRD\/\" \/>\n<meta property=\"article:published_time\" content=\"2012-01-01T00:00:00+00:00\" \/>\n<meta property=\"og:image\" content=\"https:\/\/crees.org.do\/wp-content\/uploads\/2022\/03\/crees-logo-1.jpg\" \/>\n\t<meta property=\"og:image:width\" content=\"244\" \/>\n\t<meta property=\"og:image:height\" content=\"71\" \/>\n\t<meta property=\"og:image:type\" content=\"image\/jpeg\" \/>\n<meta name=\"author\" content=\"Crees\" \/>\n<meta name=\"twitter:card\" content=\"summary_large_image\" \/>\n<meta name=\"twitter:creator\" content=\"@CREESRD\" \/>\n<meta name=\"twitter:site\" content=\"@CREESRD\" \/>\n<meta name=\"twitter:label1\" content=\"Escrito por\" \/>\n\t<meta name=\"twitter:data1\" content=\"Crees\" \/>\n\t<meta name=\"twitter:label2\" content=\"Tiempo de lectura\" \/>\n\t<meta name=\"twitter:data2\" content=\"4 minutos\" \/>\n<script type=\"application\/ld+json\" class=\"yoast-schema-graph\">{\"@context\":\"https:\/\/schema.org\",\"@graph\":[{\"@type\":\"Article\",\"@id\":\"https:\/\/crees.org.do\/?p=20142#article\",\"isPartOf\":{\"@id\":\"https:\/\/crees.org.do\/?p=20142\"},\"author\":{\"name\":\"Crees\",\"@id\":\"https:\/\/crees.org.do\/#\/schema\/person\/e7f97cd94d7bf9cd0e0ce30acb7d56b8\"},\"headline\":\"El exceso en el gasto p\u00fablico que cometi\u00f3 Leonel es el responsable del d\u00e9ficit\",\"datePublished\":\"2012-01-01T00:00:00+00:00\",\"mainEntityOfPage\":{\"@id\":\"https:\/\/crees.org.do\/?p=20142\"},\"wordCount\":857,\"commentCount\":0,\"publisher\":{\"@id\":\"https:\/\/crees.org.do\/#organization\"},\"articleSection\":[\"Blog\"],\"inLanguage\":\"es\"},{\"@type\":\"WebPage\",\"@id\":\"https:\/\/crees.org.do\/?p=20142\",\"url\":\"https:\/\/crees.org.do\/?p=20142\",\"name\":\"El exceso en el gasto p\u00fablico que cometi\u00f3 Leonel es el responsable del d\u00e9ficit | CREES\",\"isPartOf\":{\"@id\":\"https:\/\/crees.org.do\/#website\"},\"datePublished\":\"2012-01-01T00:00:00+00:00\",\"breadcrumb\":{\"@id\":\"https:\/\/crees.org.do\/?p=20142#breadcrumb\"},\"inLanguage\":\"es\",\"potentialAction\":[{\"@type\":\"ReadAction\",\"target\":[\"https:\/\/crees.org.do\/?p=20142\"]}]},{\"@type\":\"BreadcrumbList\",\"@id\":\"https:\/\/crees.org.do\/?p=20142#breadcrumb\",\"itemListElement\":[{\"@type\":\"ListItem\",\"position\":1,\"name\":\"Portada\",\"item\":\"https:\/\/crees.org.do\/\"},{\"@type\":\"ListItem\",\"position\":2,\"name\":\"El exceso en el gasto p\u00fablico que cometi\u00f3 Leonel es el responsable del d\u00e9ficit\"}]},{\"@type\":\"WebSite\",\"@id\":\"https:\/\/crees.org.do\/#website\",\"url\":\"https:\/\/crees.org.do\/\",\"name\":\"CREES\",\"description\":\"Centro Regional de Estrategias Econ\u00f3micas Sostenibles\",\"publisher\":{\"@id\":\"https:\/\/crees.org.do\/#organization\"},\"potentialAction\":[{\"@type\":\"SearchAction\",\"target\":{\"@type\":\"EntryPoint\",\"urlTemplate\":\"https:\/\/crees.org.do\/?s={search_term_string}\"},\"query-input\":{\"@type\":\"PropertyValueSpecification\",\"valueRequired\":true,\"valueName\":\"search_term_string\"}}],\"inLanguage\":\"es\"},{\"@type\":\"Organization\",\"@id\":\"https:\/\/crees.org.do\/#organization\",\"name\":\"CREES | Centro Regional de Estrategias Econ\u00f3micas Sostenibles\",\"url\":\"https:\/\/crees.org.do\/\",\"logo\":{\"@type\":\"ImageObject\",\"inLanguage\":\"es\",\"@id\":\"https:\/\/crees.org.do\/#\/schema\/logo\/image\/\",\"url\":\"https:\/\/crees.org.do\/wp-content\/uploads\/2022\/03\/crees-logo-1.jpg\",\"contentUrl\":\"https:\/\/crees.org.do\/wp-content\/uploads\/2022\/03\/crees-logo-1.jpg\",\"width\":244,\"height\":71,\"caption\":\"CREES | Centro Regional de Estrategias Econ\u00f3micas Sostenibles\"},\"image\":{\"@id\":\"https:\/\/crees.org.do\/#\/schema\/logo\/image\/\"},\"sameAs\":[\"https:\/\/www.facebook.com\/CREESRD\/\",\"https:\/\/x.com\/CREESRD\"]},{\"@type\":\"Person\",\"@id\":\"https:\/\/crees.org.do\/#\/schema\/person\/e7f97cd94d7bf9cd0e0ce30acb7d56b8\",\"name\":\"Crees\",\"image\":{\"@type\":\"ImageObject\",\"inLanguage\":\"es\",\"@id\":\"https:\/\/crees.org.do\/#\/schema\/person\/image\/\",\"url\":\"https:\/\/secure.gravatar.com\/avatar\/390ac8f0be5d9aa046152553e2dd7011b59a512d89c150f5e5f28bb8d9a0b165?s=96&d=mm&r=g\",\"contentUrl\":\"https:\/\/secure.gravatar.com\/avatar\/390ac8f0be5d9aa046152553e2dd7011b59a512d89c150f5e5f28bb8d9a0b165?s=96&d=mm&r=g\",\"caption\":\"Crees\"},\"url\":\"https:\/\/crees.org.do\/?author=2\"}]}<\/script>\n<!-- \/ Yoast SEO plugin. -->","yoast_head_json":{"title":"El exceso en el gasto p\u00fablico que cometi\u00f3 Leonel es el responsable del d\u00e9ficit | CREES","robots":{"index":"index","follow":"follow","max-snippet":"max-snippet:-1","max-image-preview":"max-image-preview:large","max-video-preview":"max-video-preview:-1"},"canonical":"https:\/\/crees.org.do\/?p=20142","og_locale":"es_ES","og_type":"article","og_title":"El exceso en el gasto p\u00fablico que cometi\u00f3 Leonel es el responsable del d\u00e9ficit | CREES","og_description":"Fuente: www.acento.com.doFecha: 13 de octubre de 2012SANTO DOMINGO, Rep\u00fablica Dominicana.- El economista Ernesto Selman, vicepresidente ejecutivo del Centro Regional de Estrategias Econ\u00f3micas Sostenibles (CREES), dijo que el origen del d\u00e9ficit fiscal se ubica en el per\u00edodo 2004-2008 y se explica en el exceso del gasto del gobierno.","og_url":"https:\/\/crees.org.do\/?p=20142","og_site_name":"CREES","article_publisher":"https:\/\/www.facebook.com\/CREESRD\/","article_published_time":"2012-01-01T00:00:00+00:00","og_image":[{"width":244,"height":71,"url":"https:\/\/crees.org.do\/wp-content\/uploads\/2022\/03\/crees-logo-1.jpg","type":"image\/jpeg"}],"author":"Crees","twitter_card":"summary_large_image","twitter_creator":"@CREESRD","twitter_site":"@CREESRD","twitter_misc":{"Escrito por":"Crees","Tiempo de lectura":"4 minutos"},"schema":{"@context":"https:\/\/schema.org","@graph":[{"@type":"Article","@id":"https:\/\/crees.org.do\/?p=20142#article","isPartOf":{"@id":"https:\/\/crees.org.do\/?p=20142"},"author":{"name":"Crees","@id":"https:\/\/crees.org.do\/#\/schema\/person\/e7f97cd94d7bf9cd0e0ce30acb7d56b8"},"headline":"El exceso en el gasto p\u00fablico que cometi\u00f3 Leonel es el responsable del d\u00e9ficit","datePublished":"2012-01-01T00:00:00+00:00","mainEntityOfPage":{"@id":"https:\/\/crees.org.do\/?p=20142"},"wordCount":857,"commentCount":0,"publisher":{"@id":"https:\/\/crees.org.do\/#organization"},"articleSection":["Blog"],"inLanguage":"es"},{"@type":"WebPage","@id":"https:\/\/crees.org.do\/?p=20142","url":"https:\/\/crees.org.do\/?p=20142","name":"El exceso en el gasto p\u00fablico que cometi\u00f3 Leonel es el responsable del d\u00e9ficit | CREES","isPartOf":{"@id":"https:\/\/crees.org.do\/#website"},"datePublished":"2012-01-01T00:00:00+00:00","breadcrumb":{"@id":"https:\/\/crees.org.do\/?p=20142#breadcrumb"},"inLanguage":"es","potentialAction":[{"@type":"ReadAction","target":["https:\/\/crees.org.do\/?p=20142"]}]},{"@type":"BreadcrumbList","@id":"https:\/\/crees.org.do\/?p=20142#breadcrumb","itemListElement":[{"@type":"ListItem","position":1,"name":"Portada","item":"https:\/\/crees.org.do\/"},{"@type":"ListItem","position":2,"name":"El exceso en el gasto p\u00fablico que cometi\u00f3 Leonel es el responsable del d\u00e9ficit"}]},{"@type":"WebSite","@id":"https:\/\/crees.org.do\/#website","url":"https:\/\/crees.org.do\/","name":"CREES","description":"Centro Regional de Estrategias Econ\u00f3micas Sostenibles","publisher":{"@id":"https:\/\/crees.org.do\/#organization"},"potentialAction":[{"@type":"SearchAction","target":{"@type":"EntryPoint","urlTemplate":"https:\/\/crees.org.do\/?s={search_term_string}"},"query-input":{"@type":"PropertyValueSpecification","valueRequired":true,"valueName":"search_term_string"}}],"inLanguage":"es"},{"@type":"Organization","@id":"https:\/\/crees.org.do\/#organization","name":"CREES | Centro Regional de Estrategias Econ\u00f3micas Sostenibles","url":"https:\/\/crees.org.do\/","logo":{"@type":"ImageObject","inLanguage":"es","@id":"https:\/\/crees.org.do\/#\/schema\/logo\/image\/","url":"https:\/\/crees.org.do\/wp-content\/uploads\/2022\/03\/crees-logo-1.jpg","contentUrl":"https:\/\/crees.org.do\/wp-content\/uploads\/2022\/03\/crees-logo-1.jpg","width":244,"height":71,"caption":"CREES | Centro Regional de Estrategias Econ\u00f3micas Sostenibles"},"image":{"@id":"https:\/\/crees.org.do\/#\/schema\/logo\/image\/"},"sameAs":["https:\/\/www.facebook.com\/CREESRD\/","https:\/\/x.com\/CREESRD"]},{"@type":"Person","@id":"https:\/\/crees.org.do\/#\/schema\/person\/e7f97cd94d7bf9cd0e0ce30acb7d56b8","name":"Crees","image":{"@type":"ImageObject","inLanguage":"es","@id":"https:\/\/crees.org.do\/#\/schema\/person\/image\/","url":"https:\/\/secure.gravatar.com\/avatar\/390ac8f0be5d9aa046152553e2dd7011b59a512d89c150f5e5f28bb8d9a0b165?s=96&d=mm&r=g","contentUrl":"https:\/\/secure.gravatar.com\/avatar\/390ac8f0be5d9aa046152553e2dd7011b59a512d89c150f5e5f28bb8d9a0b165?s=96&d=mm&r=g","caption":"Crees"},"url":"https:\/\/crees.org.do\/?author=2"}]}},"_links":{"self":[{"href":"https:\/\/crees.org.do\/index.php?rest_route=\/wp\/v2\/posts\/20142","targetHints":{"allow":["GET"]}}],"collection":[{"href":"https:\/\/crees.org.do\/index.php?rest_route=\/wp\/v2\/posts"}],"about":[{"href":"https:\/\/crees.org.do\/index.php?rest_route=\/wp\/v2\/types\/post"}],"author":[{"embeddable":true,"href":"https:\/\/crees.org.do\/index.php?rest_route=\/wp\/v2\/users\/2"}],"replies":[{"embeddable":true,"href":"https:\/\/crees.org.do\/index.php?rest_route=%2Fwp%2Fv2%2Fcomments&post=20142"}],"version-history":[{"count":0,"href":"https:\/\/crees.org.do\/index.php?rest_route=\/wp\/v2\/posts\/20142\/revisions"}],"wp:attachment":[{"href":"https:\/\/crees.org.do\/index.php?rest_route=%2Fwp%2Fv2%2Fmedia&parent=20142"}],"wp:term":[{"taxonomy":"category","embeddable":true,"href":"https:\/\/crees.org.do\/index.php?rest_route=%2Fwp%2Fv2%2Fcategories&post=20142"},{"taxonomy":"post_tag","embeddable":true,"href":"https:\/\/crees.org.do\/index.php?rest_route=%2Fwp%2Fv2%2Ftags&post=20142"}],"curies":[{"name":"wp","href":"https:\/\/api.w.org\/{rel}","templated":true}]}}