{"id":20147,"date":"2012-01-01T00:00:00","date_gmt":"2012-01-01T00:00:00","guid":{"rendered":"https:\/\/crees.org.do\/no-hay-propuesta-para-enfrentar-la-crisis-financiera-del-sector-electrico\/"},"modified":"2012-01-01T00:00:00","modified_gmt":"2012-01-01T00:00:00","slug":"no-hay-propuesta-para-enfrentar-la-crisis-financiera-del-sector-electrico","status":"publish","type":"post","link":"https:\/\/crees.org.do\/?p=20147","title":{"rendered":"No hay propuesta para enfrentar la crisis financiera del sector el\u00e9ctrico"},"content":{"rendered":"<p><span style=\"font-family: verdana, geneva, sans-serif; font-size: 12px; color: rgb(105, 105, 105); background-color: rgb(255, 255, 255); line-height: 22px; text-align: justify;\">Fuente: www.acento.com.do<\/span><\/p>\n<p style=\"margin-bottom: 1em; padding: 0px; border: 0px; outline: 0px; vertical-align: baseline; background-color: rgb(255, 255, 255); line-height: 22px; color: rgb(51, 51, 51); font-family: 'Helvetica Neue', Helvetica, Arial, sans-serif; text-align: justify; \"><span style=\"font-size:12px;\"><span style=\"color: rgb(105, 105, 105); font-family: verdana, geneva, sans-serif;\">Fecha: 13 de octubre de 2012<\/span><\/span><\/p>\n<p style=\"margin-bottom: 1em; padding: 0px; border: 0px; outline: 0px; vertical-align: baseline; background-color: rgb(255, 255, 255); line-height: 22px; color: rgb(51, 51, 51); font-family: 'Helvetica Neue', Helvetica, Arial, sans-serif; text-align: justify; \">&nbsp;<\/p>\n<p style=\"margin-bottom: 1em; padding: 0px; border: 0px; outline: 0px; vertical-align: baseline; background-color: rgb(255, 255, 255); line-height: 22px; color: rgb(51, 51, 51); font-family: 'Helvetica Neue', Helvetica, Arial, sans-serif; text-align: justify; \"><span style=\"font-size:12px;\"><span style=\"font-family: verdana, geneva, sans-serif; \">SANTO DOMINGO, Rep\u00fablica Dominicana.- El sector el\u00e9ctrico es un barril sin fondo, que no tiene perspectiva de ser reformado, en especial porque el gobierno mantiene la pol\u00edtica de seguir cubriendo con subsidios los grandes hoyos de las empresas distribuidoras, conocidas como EDES.<\/span><\/span><\/p>\n<p style=\"margin-bottom: 1em; padding: 0px; border: 0px; outline: 0px; vertical-align: baseline; background-color: rgb(255, 255, 255); line-height: 22px; color: rgb(51, 51, 51); font-family: 'Helvetica Neue', Helvetica, Arial, sans-serif; text-align: justify; \"><span style=\"font-size:12px;\"><span style=\"font-family: verdana, geneva, sans-serif; \">El economista Ernesto Selman, vicepresidente ejecutivo del Centro Regional de Estrategias Econ\u00f3micas Sostenibles (CREES), sostiene que &ldquo;en el sector el\u00e9ctrico se mantiene el status quo y se proyectan subsidios por m\u00e1s de US$1,000 millones para 2013, luego de destinar unos US$1,150 millones para este a\u00f1o y US$860 millones en 2011&rdquo;.<\/span><\/span><\/p>\n<p style=\"margin-bottom: 1em; padding: 0px; border: 0px; outline: 0px; vertical-align: baseline; background-color: rgb(255, 255, 255); line-height: 22px; color: rgb(51, 51, 51); font-family: 'Helvetica Neue', Helvetica, Arial, sans-serif; text-align: justify; \"><span style=\"font-size:12px;\"><span style=\"font-family: verdana, geneva, sans-serif; \">Dice que desde el inicio de la actual gesti\u00f3n de gobierno de Danilo Medina se anunci\u00f3 que las empresas distribuidoras de electricidad se mantendr\u00edan en el \u00e1mbito pol\u00edtico.&nbsp; &ldquo;No se han presentado pol\u00edticas p\u00fablicas que eliminen esas distorsiones, reduzcan el costo de la energ\u00eda el\u00e9ctrica y se minimice el impacto fiscal por los subsidios injustificados&rdquo;.<\/span><\/span><\/p>\n<p style=\"margin-bottom: 1em; padding: 0px; border: 0px; outline: 0px; vertical-align: baseline; background-color: rgb(255, 255, 255); line-height: 22px; color: rgb(51, 51, 51); font-family: 'Helvetica Neue', Helvetica, Arial, sans-serif; text-align: justify; \"><span style=\"font-size:12px;\"><span style=\"font-family: verdana, geneva, sans-serif; \">El CREES es una entidad de an\u00e1lisis y propuestas econ\u00f3micas y est\u00e1 integrado y patrocinado por empresarios dominicanos. Su Consejo Directivo lo preside el empresario Marino Ginebra y lo integran Rafael Del Toro, Vicepresidente, Andr\u00e9s Bobadilla, Secretario, Campos De Moya, Tesorero, Pr\u00e1xedes Castillo, Vice-Secretario, Rafael Blanco Canto, Vice-Tesorero, Luis Molina Ach\u00e9car, Miembro y Eduardo Mart\u00ednez-Lima, Miembro.<\/span><\/span><\/p>\n<p style=\"margin-bottom: 1em; padding: 0px; border: 0px; outline: 0px; vertical-align: baseline; background-color: rgb(255, 255, 255); line-height: 22px; color: rgb(51, 51, 51); font-family: 'Helvetica Neue', Helvetica, Arial, sans-serif; text-align: justify; \"><span style=\"font-size:12px;\"><span style=\"font-family: verdana, geneva, sans-serif; \"><strong style=\"margin: 0px; padding: 0px; border: 0px; outline: 0px; vertical-align: baseline; background-color: transparent; color: rgb(163, 21, 1); \">Vea a continuaci\u00f3n el texto del trabajo de Ernesto Selman sobre el sector el\u00e9ctrico y la reforma tributaria:<\/strong><\/span><\/span><\/p>\n<p style=\"margin-bottom: 1em; padding: 0px; border: 0px; outline: 0px; vertical-align: baseline; background-color: rgb(255, 255, 255); line-height: 22px; color: rgb(51, 51, 51); font-family: 'Helvetica Neue', Helvetica, Arial, sans-serif; text-align: justify; \"><span style=\"font-size:12px;\"><span style=\"font-family: verdana, geneva, sans-serif; \"><strong style=\"margin: 0px; padding: 0px; border: 0px; outline: 0px; vertical-align: baseline; background-color: transparent; color: rgb(163, 21, 1); \">&iquest;Y las reformas estructurales?<\/strong><\/span><\/span><\/p>\n<p style=\"margin-bottom: 1em; padding: 0px; border: 0px; outline: 0px; vertical-align: baseline; background-color: rgb(255, 255, 255); line-height: 22px; color: rgb(51, 51, 51); font-family: 'Helvetica Neue', Helvetica, Arial, sans-serif; text-align: justify; \"><span style=\"font-size:12px;\"><span style=\"font-family: verdana, geneva, sans-serif; \">Las autoridades han sometido la propuesta de incremento de impuestos aisladamente, sin planteamientos espec\u00edficos para reordenar sectores de la econom\u00eda que imponen un alto costo para vivir y hacer negocios en la Rep\u00fablica Dominicana.&nbsp; El caso del sector el\u00e9ctrico es el m\u00e1s cr\u00edtico y evidente de que no existen planes concretos de reformar un sector que impone elevados costos a los agentes econ\u00f3micos, penaliza la competitividad e implica mayor gasto p\u00fablico por subsidios injustificados. En el sector el\u00e9ctrico se mantiene el status quo y se proyectan subsidios por m\u00e1s de US$1,000 millones para 2013, luego de destinar unos US$1,150 millones para este a\u00f1o y US$860 millones en 2011.&nbsp; Desde el inicio de la actual gesti\u00f3n, se anunci\u00f3 que las empresas distribuidoras de electricidad se mantendr\u00edan en el \u00e1mbito pol\u00edtico.&nbsp; No se han presentado pol\u00edticas p\u00fablicas que eliminen esas distorsiones, reduzcan el costo de la energ\u00eda el\u00e9ctrica y se minimice el impacto fiscal por los subsidios injustificados.<img fetchpriority=\"high\" decoding=\"async\" alt=\"\" height=\"209\" src=\"https:\/\/crees.org.do\/wp-content\/uploads\/2021\/08\/1629236080611c2b70418b7.jpeg\" style=\"margin: 2px; padding: 0px; border: 0px none; vertical-align: baseline; background-color: transparent; float: right; \" width=\"314\" \/><\/span><\/span><\/p>\n<p style=\"margin-bottom: 1em; padding: 0px; border: 0px; outline: 0px; vertical-align: baseline; background-color: rgb(255, 255, 255); line-height: 22px; color: rgb(51, 51, 51); font-family: 'Helvetica Neue', Helvetica, Arial, sans-serif; text-align: justify; \"><span style=\"font-size:12px;\"><span style=\"font-family: verdana, geneva, sans-serif; \">En el sector transporte e hidrocarburo, las autoridades mantienen las exenciones a 34 millones de galones de gasoil que reciben los sindicatos de transporte, quienes mantienen privilegios monopolistas en el mercado.&nbsp; No hay planteamientos concretos para introducir competencia en el sector transporte para reducir el costo del transporte interno de carga. No se plantean medidas espec\u00edficas para reducir los costos laborales para promover el empleo formal e incremento de ingresos de los trabajadores.&nbsp; Tampoco se han anunciado reformas estructurales en los sectores salud y educaci\u00f3n, lo que mantendr\u00eda sistemas altamente ineficientes que implica menor productividad de los trabajadores y mayor costo econ\u00f3mico para la Rep\u00fablica Dominicana, en general.<\/span><\/span><\/p>\n<p style=\"margin-bottom: 1em; padding: 0px; border: 0px; outline: 0px; vertical-align: baseline; background-color: rgb(255, 255, 255); line-height: 22px; color: rgb(51, 51, 51); font-family: 'Helvetica Neue', Helvetica, Arial, sans-serif; text-align: justify; \"><span style=\"font-size:12px;\"><span style=\"font-family: verdana, geneva, sans-serif; \">No se ha propuesto ninguna reforma econ\u00f3mica estructural que promueva la inversi\u00f3n, la producci\u00f3n, la generaci\u00f3n de empleos productivos ni el aumento de eficiencia econ\u00f3mica.&nbsp; La propuesta de incremento de impuesto se ha hecho aislada de un planteamiento de visi\u00f3n de desarrollo integral de la econom\u00eda dominicana.<\/span><\/span><\/p>\n<p style=\"margin-bottom: 1em; padding: 0px; border: 0px; outline: 0px; vertical-align: baseline; background-color: rgb(255, 255, 255); line-height: 22px; color: rgb(51, 51, 51); font-family: 'Helvetica Neue', Helvetica, Arial, sans-serif; text-align: justify; \"><span style=\"font-size:12px;\"><span style=\"font-family: verdana, geneva, sans-serif; \"><strong style=\"margin: 0px; padding: 0px; border: 0px; outline: 0px; vertical-align: baseline; background-color: transparent; color: rgb(163, 21, 1); \">&iquest;Es posible 4% del PIB con una crisis fiscal?<\/strong><\/span><\/span><\/p>\n<p style=\"margin-bottom: 1em; padding: 0px; border: 0px; outline: 0px; vertical-align: baseline; background-color: rgb(255, 255, 255); line-height: 22px; color: rgb(51, 51, 51); font-family: 'Helvetica Neue', Helvetica, Arial, sans-serif; text-align: justify; \"><span style=\"font-size:12px;\"><span style=\"font-family: verdana, geneva, sans-serif; \">A ra\u00edz de la aprobaci\u00f3n de la ley General de Educaci\u00f3n (66-97) en el art\u00edculo 197 se lee: &ldquo;El gasto p\u00fablico anual en educaci\u00f3n debe alcanzar en un per\u00edodo de dos a\u00f1os, a partir de la promulgaci\u00f3n de esta ley, un m\u00ednimo de un diecis\u00e9is por ciento (16%), del gasto p\u00fablico total o un cuatro por ciento (4%) del Producto Bruto Interno (PBI) estimado para el a\u00f1o corriente, escogi\u00e9ndose el que fuere mayor que los dos, a partir del t\u00e9rmino de dicho per\u00edodo, estos valores deber\u00e1n ser ajustados anualmente en una proporci\u00f3n no menor a la tasa anual de inflaci\u00f3n, sin menoscabo de los incrementos progresivos correspondientes en t\u00e9rminos de porcentaje del gasto p\u00fablico o del Producto Interno Bruto (PBI).&rdquo;<\/span><\/span><\/p>\n<p style=\"margin-bottom: 1em; padding: 0px; border: 0px; outline: 0px; vertical-align: baseline; background-color: rgb(255, 255, 255); line-height: 22px; color: rgb(51, 51, 51); font-family: 'Helvetica Neue', Helvetica, Arial, sans-serif; text-align: justify; \"><span style=\"font-size:12px;\"><span style=\"font-family: verdana, geneva, sans-serif; \">Como es sabido, existen m\u00faltiples leyes y\/o disposiciones de leyes que simplemente no se cumplen y no se hacen cumplir en la Rep\u00fablica Dominicana.&nbsp; Como muchas otras leyes que tienen requerimientos de gastos sobre el PIB u otros indicadores espec\u00edficos, la ley de educaci\u00f3n no se ha cumplido desde que se promulg\u00f3.&nbsp; Lo que est\u00e1 claro es que la sociedad ha demostrado su vocaci\u00f3n para que se aplique el aspecto de la Ley 66-97 que indica el nivel de gasto en educaci\u00f3n por parte del Estado.<\/span><\/span><\/p>\n<p style=\"margin-bottom: 1em; padding: 0px; border: 0px; outline: 0px; vertical-align: baseline; background-color: rgb(255, 255, 255); line-height: 22px; color: rgb(51, 51, 51); font-family: 'Helvetica Neue', Helvetica, Arial, sans-serif; text-align: justify; \"><span style=\"font-size:12px;\"><span style=\"font-family: verdana, geneva, sans-serif; \">Se argumentar\u00eda que el gobierno estar\u00eda representando los deseos de la sociedad al destinar 4% del Producto Interno Bruto (PIB) a la educaci\u00f3n pre-universitaria, aunque la ley no especifica hacia d\u00f3nde debe ser dirigida.&nbsp; Pero, sin estrategias claras para mejorar la educaci\u00f3n, descentralizando e integrando padres y actores privados con y sin fines de lucro en el financiamiento y provisi\u00f3n de servicios, los dominicanos estaremos condenados a bajos niveles de educaci\u00f3n. Comparado con otros pa\u00edses,&nbsp;la Rep\u00fablica Dominicana ocupa el lugar 140 de 142&nbsp;pa\u00edses con respecto a la educaci\u00f3n primaria, seg\u00fan el&nbsp;<em style=\"margin: 0px; padding: 0px; border: 0px; outline: 0px; vertical-align: baseline; background-color: transparent; \">\u00cdndice de Competitividad Global 2011-2012<\/em>&nbsp;del World Economic Forum.<\/span><\/span><\/p>\n<p style=\"margin-bottom: 1em; padding: 0px; border: 0px; outline: 0px; vertical-align: baseline; background-color: rgb(255, 255, 255); line-height: 22px; color: rgb(51, 51, 51); font-family: 'Helvetica Neue', Helvetica, Arial, sans-serif; text-align: justify; \"><span style=\"font-size:12px;\"><span style=\"font-family: verdana, geneva, sans-serif; \">La educaci\u00f3n p\u00fablica en la Rep\u00fablica Dominicana es altamente ineficiente y la escolaridad promedio no llega al 6to grado de primaria.&nbsp; Con servicio p\u00fablico de educaci\u00f3n altamente ineficiente, que no representa competencia a los colegios privados, los ciudadanos est\u00e1n dispuestos a pagar altas sumas de dinero huyendo de la educaci\u00f3n p\u00fablica.&nbsp; Si bien la sociedad exige un incremento del gasto p\u00fablico a la educaci\u00f3n pre-universitaria, las propuestas siempre van acompa\u00f1adas de reformas integrales al sistema de educaci\u00f3n p\u00fablica para que se formen j\u00f3venes con capacidades y competencias requeridas en procesos productivos bajo competencia internacional.<img decoding=\"async\" alt=\"\" height=\"209\" src=\"https:\/\/crees.org.do\/wp-content\/uploads\/2021\/08\/1629236087611c2b776688e.jpeg\" style=\"margin: 2px; padding: 0px; border: 0px none; vertical-align: baseline; background-color: transparent; float: right; \" width=\"314\" \/><\/span><\/span><\/p>\n<p style=\"margin-bottom: 1em; padding: 0px; border: 0px; outline: 0px; vertical-align: baseline; background-color: rgb(255, 255, 255); line-height: 22px; color: rgb(51, 51, 51); font-family: 'Helvetica Neue', Helvetica, Arial, sans-serif; text-align: justify; \"><span style=\"font-size:12px;\"><span style=\"font-family: verdana, geneva, sans-serif; \">Si destinar m\u00e1s de RD$30,000 millones adicionales a la educaci\u00f3n implica que se pone en riesgo la estabilidad macroecon\u00f3mica, entonces es responsabilidad de los representantes electos explicar la realidad de los hechos y poner las opciones claramente sobre la mesa de lo que significa una decisi\u00f3n como esa bajo una crisis fiscal. Una de las principales responsabilidades de los representantes electos en una democracia liberal es comunicar la verdad asumiendo liderazgo genuino y exponiendo las opciones abiertamente, analizando los costos y beneficios de las opciones en cada momento.<\/span><\/span><\/p>\n<p style=\"margin-bottom: 1em; padding: 0px; border: 0px; outline: 0px; vertical-align: baseline; background-color: rgb(255, 255, 255); line-height: 22px; color: rgb(51, 51, 51); font-family: 'Helvetica Neue', Helvetica, Arial, sans-serif; text-align: justify; \"><span style=\"font-size:12px;\"><span style=\"font-family: verdana, geneva, sans-serif; \">En caso de no aplicar reformas estructurales en la provisi\u00f3n de los servicios de educaci\u00f3n, se estar\u00eda asumiendo un importante riesgo de destinar m\u00e1s recursos a un sistema que no provee las herramientas necesarias a nuestros ni\u00f1os y j\u00f3venes para asumir tareas con altos niveles de especializaci\u00f3n;&nbsp; esto los destina a baja productividad y bajos niveles de ingresos. No podemos esperar resultados diferentes tirando m\u00e1s plata, pero haciendo lo mismo. La poblaci\u00f3n debe tomar la decisi\u00f3n si realmente quiere que se reoriente el gasto p\u00fablico hacia la educaci\u00f3n, asumiendo un riesgo real por la situaci\u00f3n econ\u00f3mica y la crisis fiscal actual.<\/span><\/span><\/p>\n<p style=\"margin-bottom: 1em; padding: 0px; border: 0px; outline: 0px; vertical-align: baseline; background-color: rgb(255, 255, 255); line-height: 22px; color: rgb(51, 51, 51); font-family: 'Helvetica Neue', Helvetica, Arial, sans-serif; text-align: justify; \"><span style=\"font-size:12px;\"><span style=\"font-family: verdana, geneva, sans-serif; \">Por diferentes v\u00edas, la sociedad ha expresado claramente apoyo al incremento del gasto p\u00fablico en educaci\u00f3n al 4% del PIB. Sin embargo, la sociedad ha exigido reformas estructurales en el sector de educaci\u00f3n. &nbsp;Tambi\u00e9n, ha sido evidente las demandas de la sociedad para reducir un aparato estatal altamente costoso por las razones antes expuestas que no se justifican bajo una crisis fiscal. &nbsp;En todo caso, los mismos promotores de incrementar el gasto en educaci\u00f3n han identificado de d\u00f3nde podr\u00edan obtenerse ahorros presupuestarios para destinarlos a la educaci\u00f3n.&nbsp; Desde nuestra perspectiva, es prioritario exponer la situaci\u00f3n real de la pol\u00edtica fiscal y debatir abiertamente los costos y beneficios que asumimos con las diferentes opciones que se nos presentan como sociedad.<\/span><\/span><\/p>\n<p style=\"margin-bottom: 1em; padding: 0px; border: 0px; outline: 0px; vertical-align: baseline; background-color: rgb(255, 255, 255); line-height: 22px; color: rgb(51, 51, 51); font-family: 'Helvetica Neue', Helvetica, Arial, sans-serif; text-align: justify; \"><span style=\"font-size:12px;\"><span style=\"font-family: verdana, geneva, sans-serif; \"><strong style=\"margin: 0px; padding: 0px; border: 0px; outline: 0px; vertical-align: baseline; background-color: transparent; color: rgb(163, 21, 1); \">Se mantiene una pol\u00edtica fiscal insostenible<\/strong><\/span><\/span><\/p>\n<p style=\"margin-bottom: 1em; padding: 0px; border: 0px; outline: 0px; vertical-align: baseline; background-color: rgb(255, 255, 255); line-height: 22px; color: rgb(51, 51, 51); font-family: 'Helvetica Neue', Helvetica, Arial, sans-serif; text-align: justify; \"><span style=\"font-size:12px;\"><span style=\"font-family: verdana, geneva, sans-serif; \">Al no enfrentar el excesivo gasto p\u00fablico que representa el origen de la crisis fiscal actual, las autoridades mantienen una pol\u00edtica fiscal insostenible.&nbsp; Esto es as\u00ed porque con la propuesta tributaria mermar\u00e1n los ingresos fiscales en el mediano plazo; se desincentivan las actividades econ\u00f3micas formales por mantener importantes distorsiones en el sistema tributario, incrementar el costo de vivir y hacer negocios en la Rep\u00fablica Dominicana y por no aplicar reformas estructurales que promuevan la eficiencia en sectores claves de la econom\u00eda. Adem\u00e1s, la pol\u00edtica fiscal ser\u00e1 insostenible porque el aumento de pr\u00e1cticamente todos los impuestos y la introducci\u00f3n de nuevas figuras impositivas promueven la evasi\u00f3n fiscal y la informalidad en la econom\u00eda.<img decoding=\"async\" alt=\"\" height=\"209\" src=\"https:\/\/crees.org.do\/wp-content\/uploads\/2021\/08\/1629236093611c2b7dcf2be.jpeg\" style=\"margin: 2px; padding: 0px; border: 0px none; vertical-align: baseline; background-color: transparent; float: left; \" width=\"314\" \/><\/span><\/span><\/p>\n<p style=\"margin-bottom: 1em; padding: 0px; border: 0px; outline: 0px; vertical-align: baseline; background-color: rgb(255, 255, 255); line-height: 22px; color: rgb(51, 51, 51); font-family: 'Helvetica Neue', Helvetica, Arial, sans-serif; text-align: justify; \"><span style=\"font-size:12px;\"><span style=\"font-family: verdana, geneva, sans-serif; \">En los documentos anexos a la propuesta del gobierno se hace evidente que para 2013 habr\u00e1 un d\u00e9ficit fiscal de RD$84,300 millones de pesos.&nbsp; Este resultado proviene de:<\/span><\/span><\/p>\n<p style=\"margin-bottom: 1em; padding: 0px; border: 0px; outline: 0px; vertical-align: baseline; background-color: rgb(255, 255, 255); line-height: 22px; color: rgb(51, 51, 51); font-family: 'Helvetica Neue', Helvetica, Arial, sans-serif; text-align: justify; \"><span style=\"font-size:12px;\"><span style=\"font-family: verdana, geneva, sans-serif; \">-Ingresos estimados: &nbsp; &nbsp; &nbsp; &nbsp; &nbsp; &nbsp; &nbsp; &nbsp;RD$384,724 millones<\/span><\/span><\/p>\n<p style=\"margin-bottom: 1em; padding: 0px; border: 0px; outline: 0px; vertical-align: baseline; background-color: rgb(255, 255, 255); line-height: 22px; color: rgb(51, 51, 51); font-family: 'Helvetica Neue', Helvetica, Arial, sans-serif; text-align: justify; \"><span style=\"font-size:12px;\"><span style=\"font-family: verdana, geneva, sans-serif; \">(RD$329,680 millones m\u00e1s RD$55,044 millones)<\/span><\/span><\/p>\n<p style=\"margin-bottom: 1em; padding: 0px; border: 0px; outline: 0px; vertical-align: baseline; background-color: rgb(255, 255, 255); line-height: 22px; color: rgb(51, 51, 51); font-family: 'Helvetica Neue', Helvetica, Arial, sans-serif; text-align: justify; \"><span style=\"font-size:12px;\"><span style=\"font-family: verdana, geneva, sans-serif; \">-Gasto p\u00fablico estimado: &nbsp;&nbsp;&nbsp;&nbsp;&nbsp;&nbsp;&nbsp;&nbsp;&nbsp;&nbsp;&nbsp;&nbsp;&nbsp; RD$469,024 millones<\/span><\/span><\/p>\n<p style=\"margin-bottom: 1em; padding: 0px; border: 0px; outline: 0px; vertical-align: baseline; background-color: rgb(255, 255, 255); line-height: 22px; color: rgb(51, 51, 51); font-family: 'Helvetica Neue', Helvetica, Arial, sans-serif; text-align: justify; \"><span style=\"font-size:12px;\"><span style=\"font-family: verdana, geneva, sans-serif; \">-Resultado (d\u00e9ficit): &nbsp; &nbsp; &nbsp; &nbsp; &nbsp; &nbsp; &nbsp; &nbsp; &nbsp; &nbsp; &nbsp; RD$84,300 millones<\/span><\/span><\/p>\n<p style=\"margin-bottom: 1em; padding: 0px; border: 0px; outline: 0px; vertical-align: baseline; background-color: rgb(255, 255, 255); line-height: 22px; color: rgb(51, 51, 51); font-family: 'Helvetica Neue', Helvetica, Arial, sans-serif; text-align: justify; \"><span style=\"font-size:12px;\"><span style=\"font-family: verdana, geneva, sans-serif; \">Sin embargo, declaraciones de funcionarios p\u00fablicos indican que el ingreso ser\u00eda mayor en casi RD$5,000 millones adicionales.&nbsp; Esto implicar\u00eda un d\u00e9ficit de unos RD$80,000 millones.&nbsp; Quiere decir que para el a\u00f1o 2013 la Rep\u00fablica Dominicana mantendr\u00eda un d\u00e9ficit fiscal en un rango entre RD$80,000 y RD$85,000 millones. &nbsp;&nbsp;De esta forma, la pol\u00edtica fiscal se mantendr\u00eda en una senda de insostenibilidad y los dominicanos asumir\u00edamos un alto costo por ello.&nbsp; La sociedad dominicana debe disponer de informaciones veraces y presentadas claramente por las autoridades.<\/span><\/span><\/p>\n<p style=\"margin-bottom: 1em; padding: 0px; border: 0px; outline: 0px; vertical-align: baseline; background-color: rgb(255, 255, 255); line-height: 22px; color: rgb(51, 51, 51); font-family: 'Helvetica Neue', Helvetica, Arial, sans-serif; text-align: justify; \"><span style=\"font-size:12px;\"><span style=\"font-family: verdana, geneva, sans-serif; \">En todo caso, la propuesta tributaria no enfrenta los problemas de fundamento de la econom\u00eda dominicana.&nbsp; Peor a\u00fan, introducir\u00eda costos adicionales e incrementar\u00eda las distorsiones en el sistema econ\u00f3mico, reduciendo la calidad de vida de los dominicanos en el presente y en el futuro.&nbsp; Entendemos que las autoridades deben recapacitar y revisar su propuesta para introducir un sistema impositivo sencillo con menores tasas de impuestos que promuevan las actividades econ\u00f3micas.&nbsp; Tambi\u00e9n, deben reducir el excesivo gasto p\u00fablico reestructurando el aparato estatal y mejorando la calidad de los servicios p\u00fablicos en la Rep\u00fablica Dominicana.<\/span><\/span><\/p>\n<p style=\"margin-bottom: 1em; padding: 0px; border: 0px; outline: 0px; vertical-align: baseline; background-color: rgb(255, 255, 255); line-height: 22px; color: rgb(51, 51, 51); font-family: 'Helvetica Neue', Helvetica, Arial, sans-serif; text-align: justify; \">&nbsp;<\/p>\n<div class=\"pvc_clear\"><\/div>\n<p class=\"pvc_stats all \" data-element-id=\"20147\" style=\"\"><i class=\"pvc-stats-icon medium\" aria-hidden=\"true\"><svg aria-hidden=\"true\" focusable=\"false\" data-prefix=\"far\" data-icon=\"chart-bar\" role=\"img\" xmlns=\"http:\/\/www.w3.org\/2000\/svg\" viewBox=\"0 0 512 512\" class=\"svg-inline--fa fa-chart-bar fa-w-16 fa-2x\"><path fill=\"currentColor\" d=\"M396.8 352h22.4c6.4 0 12.8-6.4 12.8-12.8V108.8c0-6.4-6.4-12.8-12.8-12.8h-22.4c-6.4 0-12.8 6.4-12.8 12.8v230.4c0 6.4 6.4 12.8 12.8 12.8zm-192 0h22.4c6.4 0 12.8-6.4 12.8-12.8V140.8c0-6.4-6.4-12.8-12.8-12.8h-22.4c-6.4 0-12.8 6.4-12.8 12.8v198.4c0 6.4 6.4 12.8 12.8 12.8zm96 0h22.4c6.4 0 12.8-6.4 12.8-12.8V204.8c0-6.4-6.4-12.8-12.8-12.8h-22.4c-6.4 0-12.8 6.4-12.8 12.8v134.4c0 6.4 6.4 12.8 12.8 12.8zM496 400H48V80c0-8.84-7.16-16-16-16H16C7.16 64 0 71.16 0 80v336c0 17.67 14.33 32 32 32h464c8.84 0 16-7.16 16-16v-16c0-8.84-7.16-16-16-16zm-387.2-48h22.4c6.4 0 12.8-6.4 12.8-12.8v-70.4c0-6.4-6.4-12.8-12.8-12.8h-22.4c-6.4 0-12.8 6.4-12.8 12.8v70.4c0 6.4 6.4 12.8 12.8 12.8z\" class=\"\"><\/path><\/svg><\/i> Vistas Totales&nbsp;391&nbsp;, Vistas Hoy&nbsp;2&nbsp;<\/p>\n<div class=\"pvc_clear\"><\/div>\n","protected":false},"excerpt":{"rendered":"<p>Fuente: www.acento.com.doFecha: 13 de octubre de 2012SANTO DOMINGO, Rep\u00fablica Dominicana.- El sector el\u00e9ctrico es un barril sin fondo, que no tiene perspectiva de ser reformado, en especial porque el gobierno mantiene la pol\u00edtica de seguir cubriendo con subsidios los grandes hoyos de las empresas distribuidoras, conocidas como EDES.<\/p>\n<div class=\"pvc_clear\"><\/div>\n<p class=\"pvc_stats all \" data-element-id=\"20147\" style=\"\"><i class=\"pvc-stats-icon medium\" aria-hidden=\"true\"><svg aria-hidden=\"true\" focusable=\"false\" data-prefix=\"far\" data-icon=\"chart-bar\" role=\"img\" xmlns=\"http:\/\/www.w3.org\/2000\/svg\" viewBox=\"0 0 512 512\" class=\"svg-inline--fa fa-chart-bar fa-w-16 fa-2x\"><path fill=\"currentColor\" d=\"M396.8 352h22.4c6.4 0 12.8-6.4 12.8-12.8V108.8c0-6.4-6.4-12.8-12.8-12.8h-22.4c-6.4 0-12.8 6.4-12.8 12.8v230.4c0 6.4 6.4 12.8 12.8 12.8zm-192 0h22.4c6.4 0 12.8-6.4 12.8-12.8V140.8c0-6.4-6.4-12.8-12.8-12.8h-22.4c-6.4 0-12.8 6.4-12.8 12.8v198.4c0 6.4 6.4 12.8 12.8 12.8zm96 0h22.4c6.4 0 12.8-6.4 12.8-12.8V204.8c0-6.4-6.4-12.8-12.8-12.8h-22.4c-6.4 0-12.8 6.4-12.8 12.8v134.4c0 6.4 6.4 12.8 12.8 12.8zM496 400H48V80c0-8.84-7.16-16-16-16H16C7.16 64 0 71.16 0 80v336c0 17.67 14.33 32 32 32h464c8.84 0 16-7.16 16-16v-16c0-8.84-7.16-16-16-16zm-387.2-48h22.4c6.4 0 12.8-6.4 12.8-12.8v-70.4c0-6.4-6.4-12.8-12.8-12.8h-22.4c-6.4 0-12.8 6.4-12.8 12.8v70.4c0 6.4 6.4 12.8 12.8 12.8z\" class=\"\"><\/path><\/svg><\/i> Vistas Totales&nbsp;391&nbsp;, Vistas Hoy&nbsp;2&nbsp;<\/p>\n<div class=\"pvc_clear\"><\/div>\n","protected":false},"author":2,"featured_media":0,"comment_status":"open","ping_status":"open","sticky":false,"template":"","format":"standard","meta":{"footnotes":""},"categories":[21],"tags":[],"class_list":["post-20147","post","type-post","status-publish","format-standard","hentry","category-blog"],"yoast_head":"<!-- This site is optimized with the Yoast SEO plugin v25.2 - https:\/\/yoast.com\/wordpress\/plugins\/seo\/ -->\n<title>No hay propuesta para enfrentar la crisis financiera del sector el\u00e9ctrico | CREES<\/title>\n<meta name=\"robots\" content=\"index, follow, max-snippet:-1, max-image-preview:large, max-video-preview:-1\" \/>\n<link rel=\"canonical\" href=\"https:\/\/crees.org.do\/?p=20147\" \/>\n<meta property=\"og:locale\" content=\"es_ES\" \/>\n<meta property=\"og:type\" content=\"article\" \/>\n<meta property=\"og:title\" content=\"No hay propuesta para enfrentar la crisis financiera del sector el\u00e9ctrico | CREES\" \/>\n<meta property=\"og:description\" content=\"Fuente: www.acento.com.doFecha: 13 de octubre de 2012SANTO DOMINGO, Rep\u00fablica Dominicana.- El sector el\u00e9ctrico es un barril sin fondo, que no tiene perspectiva de ser reformado, en especial porque el gobierno mantiene la pol\u00edtica de seguir cubriendo con subsidios los grandes hoyos de las empresas distribuidoras, conocidas como EDES.\" \/>\n<meta property=\"og:url\" content=\"https:\/\/crees.org.do\/?p=20147\" \/>\n<meta property=\"og:site_name\" content=\"CREES\" \/>\n<meta property=\"article:publisher\" content=\"https:\/\/www.facebook.com\/CREESRD\/\" \/>\n<meta property=\"article:published_time\" content=\"2012-01-01T00:00:00+00:00\" \/>\n<meta property=\"og:image\" content=\"https:\/\/crees.org.do\/wp-content\/uploads\/2021\/08\/1629236080611c2b70418b7.jpeg\" \/>\n<meta name=\"author\" content=\"Crees\" \/>\n<meta name=\"twitter:card\" content=\"summary_large_image\" \/>\n<meta name=\"twitter:creator\" content=\"@CREESRD\" \/>\n<meta name=\"twitter:site\" content=\"@CREESRD\" \/>\n<meta name=\"twitter:label1\" content=\"Escrito por\" \/>\n\t<meta name=\"twitter:data1\" content=\"Crees\" \/>\n\t<meta name=\"twitter:label2\" content=\"Tiempo de lectura\" \/>\n\t<meta name=\"twitter:data2\" content=\"9 minutos\" \/>\n<script type=\"application\/ld+json\" class=\"yoast-schema-graph\">{\"@context\":\"https:\/\/schema.org\",\"@graph\":[{\"@type\":\"Article\",\"@id\":\"https:\/\/crees.org.do\/?p=20147#article\",\"isPartOf\":{\"@id\":\"https:\/\/crees.org.do\/?p=20147\"},\"author\":{\"name\":\"Crees\",\"@id\":\"https:\/\/crees.org.do\/#\/schema\/person\/e7f97cd94d7bf9cd0e0ce30acb7d56b8\"},\"headline\":\"No hay propuesta para enfrentar la crisis financiera del sector el\u00e9ctrico\",\"datePublished\":\"2012-01-01T00:00:00+00:00\",\"mainEntityOfPage\":{\"@id\":\"https:\/\/crees.org.do\/?p=20147\"},\"wordCount\":1847,\"commentCount\":0,\"publisher\":{\"@id\":\"https:\/\/crees.org.do\/#organization\"},\"image\":{\"@id\":\"https:\/\/crees.org.do\/?p=20147#primaryimage\"},\"thumbnailUrl\":\"https:\/\/crees.org.do\/wp-content\/uploads\/2021\/08\/1629236080611c2b70418b7.jpeg\",\"articleSection\":[\"Blog\"],\"inLanguage\":\"es\"},{\"@type\":\"WebPage\",\"@id\":\"https:\/\/crees.org.do\/?p=20147\",\"url\":\"https:\/\/crees.org.do\/?p=20147\",\"name\":\"No hay propuesta para enfrentar la crisis financiera del sector el\u00e9ctrico | CREES\",\"isPartOf\":{\"@id\":\"https:\/\/crees.org.do\/#website\"},\"primaryImageOfPage\":{\"@id\":\"https:\/\/crees.org.do\/?p=20147#primaryimage\"},\"image\":{\"@id\":\"https:\/\/crees.org.do\/?p=20147#primaryimage\"},\"thumbnailUrl\":\"https:\/\/crees.org.do\/wp-content\/uploads\/2021\/08\/1629236080611c2b70418b7.jpeg\",\"datePublished\":\"2012-01-01T00:00:00+00:00\",\"breadcrumb\":{\"@id\":\"https:\/\/crees.org.do\/?p=20147#breadcrumb\"},\"inLanguage\":\"es\",\"potentialAction\":[{\"@type\":\"ReadAction\",\"target\":[\"https:\/\/crees.org.do\/?p=20147\"]}]},{\"@type\":\"ImageObject\",\"inLanguage\":\"es\",\"@id\":\"https:\/\/crees.org.do\/?p=20147#primaryimage\",\"url\":\"https:\/\/crees.org.do\/wp-content\/uploads\/2021\/08\/1629236080611c2b70418b7.jpeg\",\"contentUrl\":\"https:\/\/crees.org.do\/wp-content\/uploads\/2021\/08\/1629236080611c2b70418b7.jpeg\",\"width\":645,\"height\":429},{\"@type\":\"BreadcrumbList\",\"@id\":\"https:\/\/crees.org.do\/?p=20147#breadcrumb\",\"itemListElement\":[{\"@type\":\"ListItem\",\"position\":1,\"name\":\"Portada\",\"item\":\"https:\/\/crees.org.do\/\"},{\"@type\":\"ListItem\",\"position\":2,\"name\":\"No hay propuesta para enfrentar la crisis financiera del sector el\u00e9ctrico\"}]},{\"@type\":\"WebSite\",\"@id\":\"https:\/\/crees.org.do\/#website\",\"url\":\"https:\/\/crees.org.do\/\",\"name\":\"CREES\",\"description\":\"Centro Regional de Estrategias Econ\u00f3micas Sostenibles\",\"publisher\":{\"@id\":\"https:\/\/crees.org.do\/#organization\"},\"potentialAction\":[{\"@type\":\"SearchAction\",\"target\":{\"@type\":\"EntryPoint\",\"urlTemplate\":\"https:\/\/crees.org.do\/?s={search_term_string}\"},\"query-input\":{\"@type\":\"PropertyValueSpecification\",\"valueRequired\":true,\"valueName\":\"search_term_string\"}}],\"inLanguage\":\"es\"},{\"@type\":\"Organization\",\"@id\":\"https:\/\/crees.org.do\/#organization\",\"name\":\"CREES | Centro Regional de Estrategias Econ\u00f3micas Sostenibles\",\"url\":\"https:\/\/crees.org.do\/\",\"logo\":{\"@type\":\"ImageObject\",\"inLanguage\":\"es\",\"@id\":\"https:\/\/crees.org.do\/#\/schema\/logo\/image\/\",\"url\":\"https:\/\/crees.org.do\/wp-content\/uploads\/2022\/03\/crees-logo-1.jpg\",\"contentUrl\":\"https:\/\/crees.org.do\/wp-content\/uploads\/2022\/03\/crees-logo-1.jpg\",\"width\":244,\"height\":71,\"caption\":\"CREES | Centro Regional de Estrategias Econ\u00f3micas Sostenibles\"},\"image\":{\"@id\":\"https:\/\/crees.org.do\/#\/schema\/logo\/image\/\"},\"sameAs\":[\"https:\/\/www.facebook.com\/CREESRD\/\",\"https:\/\/x.com\/CREESRD\"]},{\"@type\":\"Person\",\"@id\":\"https:\/\/crees.org.do\/#\/schema\/person\/e7f97cd94d7bf9cd0e0ce30acb7d56b8\",\"name\":\"Crees\",\"image\":{\"@type\":\"ImageObject\",\"inLanguage\":\"es\",\"@id\":\"https:\/\/crees.org.do\/#\/schema\/person\/image\/\",\"url\":\"https:\/\/secure.gravatar.com\/avatar\/390ac8f0be5d9aa046152553e2dd7011b59a512d89c150f5e5f28bb8d9a0b165?s=96&d=mm&r=g\",\"contentUrl\":\"https:\/\/secure.gravatar.com\/avatar\/390ac8f0be5d9aa046152553e2dd7011b59a512d89c150f5e5f28bb8d9a0b165?s=96&d=mm&r=g\",\"caption\":\"Crees\"},\"url\":\"https:\/\/crees.org.do\/?author=2\"}]}<\/script>\n<!-- \/ Yoast SEO plugin. -->","yoast_head_json":{"title":"No hay propuesta para enfrentar la crisis financiera del sector el\u00e9ctrico | CREES","robots":{"index":"index","follow":"follow","max-snippet":"max-snippet:-1","max-image-preview":"max-image-preview:large","max-video-preview":"max-video-preview:-1"},"canonical":"https:\/\/crees.org.do\/?p=20147","og_locale":"es_ES","og_type":"article","og_title":"No hay propuesta para enfrentar la crisis financiera del sector el\u00e9ctrico | CREES","og_description":"Fuente: www.acento.com.doFecha: 13 de octubre de 2012SANTO DOMINGO, Rep\u00fablica Dominicana.- El sector el\u00e9ctrico es un barril sin fondo, que no tiene perspectiva de ser reformado, en especial porque el gobierno mantiene la pol\u00edtica de seguir cubriendo con subsidios los grandes hoyos de las empresas distribuidoras, conocidas como EDES.","og_url":"https:\/\/crees.org.do\/?p=20147","og_site_name":"CREES","article_publisher":"https:\/\/www.facebook.com\/CREESRD\/","article_published_time":"2012-01-01T00:00:00+00:00","og_image":[{"url":"https:\/\/crees.org.do\/wp-content\/uploads\/2021\/08\/1629236080611c2b70418b7.jpeg","type":"","width":"","height":""}],"author":"Crees","twitter_card":"summary_large_image","twitter_creator":"@CREESRD","twitter_site":"@CREESRD","twitter_misc":{"Escrito por":"Crees","Tiempo de lectura":"9 minutos"},"schema":{"@context":"https:\/\/schema.org","@graph":[{"@type":"Article","@id":"https:\/\/crees.org.do\/?p=20147#article","isPartOf":{"@id":"https:\/\/crees.org.do\/?p=20147"},"author":{"name":"Crees","@id":"https:\/\/crees.org.do\/#\/schema\/person\/e7f97cd94d7bf9cd0e0ce30acb7d56b8"},"headline":"No hay propuesta para enfrentar la crisis financiera del sector el\u00e9ctrico","datePublished":"2012-01-01T00:00:00+00:00","mainEntityOfPage":{"@id":"https:\/\/crees.org.do\/?p=20147"},"wordCount":1847,"commentCount":0,"publisher":{"@id":"https:\/\/crees.org.do\/#organization"},"image":{"@id":"https:\/\/crees.org.do\/?p=20147#primaryimage"},"thumbnailUrl":"https:\/\/crees.org.do\/wp-content\/uploads\/2021\/08\/1629236080611c2b70418b7.jpeg","articleSection":["Blog"],"inLanguage":"es"},{"@type":"WebPage","@id":"https:\/\/crees.org.do\/?p=20147","url":"https:\/\/crees.org.do\/?p=20147","name":"No hay propuesta para enfrentar la crisis financiera del sector el\u00e9ctrico | CREES","isPartOf":{"@id":"https:\/\/crees.org.do\/#website"},"primaryImageOfPage":{"@id":"https:\/\/crees.org.do\/?p=20147#primaryimage"},"image":{"@id":"https:\/\/crees.org.do\/?p=20147#primaryimage"},"thumbnailUrl":"https:\/\/crees.org.do\/wp-content\/uploads\/2021\/08\/1629236080611c2b70418b7.jpeg","datePublished":"2012-01-01T00:00:00+00:00","breadcrumb":{"@id":"https:\/\/crees.org.do\/?p=20147#breadcrumb"},"inLanguage":"es","potentialAction":[{"@type":"ReadAction","target":["https:\/\/crees.org.do\/?p=20147"]}]},{"@type":"ImageObject","inLanguage":"es","@id":"https:\/\/crees.org.do\/?p=20147#primaryimage","url":"https:\/\/crees.org.do\/wp-content\/uploads\/2021\/08\/1629236080611c2b70418b7.jpeg","contentUrl":"https:\/\/crees.org.do\/wp-content\/uploads\/2021\/08\/1629236080611c2b70418b7.jpeg","width":645,"height":429},{"@type":"BreadcrumbList","@id":"https:\/\/crees.org.do\/?p=20147#breadcrumb","itemListElement":[{"@type":"ListItem","position":1,"name":"Portada","item":"https:\/\/crees.org.do\/"},{"@type":"ListItem","position":2,"name":"No hay propuesta para enfrentar la crisis financiera del sector el\u00e9ctrico"}]},{"@type":"WebSite","@id":"https:\/\/crees.org.do\/#website","url":"https:\/\/crees.org.do\/","name":"CREES","description":"Centro Regional de Estrategias Econ\u00f3micas Sostenibles","publisher":{"@id":"https:\/\/crees.org.do\/#organization"},"potentialAction":[{"@type":"SearchAction","target":{"@type":"EntryPoint","urlTemplate":"https:\/\/crees.org.do\/?s={search_term_string}"},"query-input":{"@type":"PropertyValueSpecification","valueRequired":true,"valueName":"search_term_string"}}],"inLanguage":"es"},{"@type":"Organization","@id":"https:\/\/crees.org.do\/#organization","name":"CREES | Centro Regional de Estrategias Econ\u00f3micas Sostenibles","url":"https:\/\/crees.org.do\/","logo":{"@type":"ImageObject","inLanguage":"es","@id":"https:\/\/crees.org.do\/#\/schema\/logo\/image\/","url":"https:\/\/crees.org.do\/wp-content\/uploads\/2022\/03\/crees-logo-1.jpg","contentUrl":"https:\/\/crees.org.do\/wp-content\/uploads\/2022\/03\/crees-logo-1.jpg","width":244,"height":71,"caption":"CREES | Centro Regional de Estrategias Econ\u00f3micas Sostenibles"},"image":{"@id":"https:\/\/crees.org.do\/#\/schema\/logo\/image\/"},"sameAs":["https:\/\/www.facebook.com\/CREESRD\/","https:\/\/x.com\/CREESRD"]},{"@type":"Person","@id":"https:\/\/crees.org.do\/#\/schema\/person\/e7f97cd94d7bf9cd0e0ce30acb7d56b8","name":"Crees","image":{"@type":"ImageObject","inLanguage":"es","@id":"https:\/\/crees.org.do\/#\/schema\/person\/image\/","url":"https:\/\/secure.gravatar.com\/avatar\/390ac8f0be5d9aa046152553e2dd7011b59a512d89c150f5e5f28bb8d9a0b165?s=96&d=mm&r=g","contentUrl":"https:\/\/secure.gravatar.com\/avatar\/390ac8f0be5d9aa046152553e2dd7011b59a512d89c150f5e5f28bb8d9a0b165?s=96&d=mm&r=g","caption":"Crees"},"url":"https:\/\/crees.org.do\/?author=2"}]}},"_links":{"self":[{"href":"https:\/\/crees.org.do\/index.php?rest_route=\/wp\/v2\/posts\/20147","targetHints":{"allow":["GET"]}}],"collection":[{"href":"https:\/\/crees.org.do\/index.php?rest_route=\/wp\/v2\/posts"}],"about":[{"href":"https:\/\/crees.org.do\/index.php?rest_route=\/wp\/v2\/types\/post"}],"author":[{"embeddable":true,"href":"https:\/\/crees.org.do\/index.php?rest_route=\/wp\/v2\/users\/2"}],"replies":[{"embeddable":true,"href":"https:\/\/crees.org.do\/index.php?rest_route=%2Fwp%2Fv2%2Fcomments&post=20147"}],"version-history":[{"count":0,"href":"https:\/\/crees.org.do\/index.php?rest_route=\/wp\/v2\/posts\/20147\/revisions"}],"wp:attachment":[{"href":"https:\/\/crees.org.do\/index.php?rest_route=%2Fwp%2Fv2%2Fmedia&parent=20147"}],"wp:term":[{"taxonomy":"category","embeddable":true,"href":"https:\/\/crees.org.do\/index.php?rest_route=%2Fwp%2Fv2%2Fcategories&post=20147"},{"taxonomy":"post_tag","embeddable":true,"href":"https:\/\/crees.org.do\/index.php?rest_route=%2Fwp%2Fv2%2Ftags&post=20147"}],"curies":[{"name":"wp","href":"https:\/\/api.w.org\/{rel}","templated":true}]}}