{"id":20157,"date":"2012-01-01T00:00:00","date_gmt":"2012-01-01T00:00:00","guid":{"rendered":"https:\/\/crees.org.do\/selman-prefiere-economia-crezca-sin-acuerdos-con-el-fmi\/"},"modified":"2012-01-01T00:00:00","modified_gmt":"2012-01-01T00:00:00","slug":"selman-prefiere-economia-crezca-sin-acuerdos-con-el-fmi","status":"publish","type":"post","link":"https:\/\/crees.org.do\/?p=20157","title":{"rendered":"Selman prefiere econom\u00eda crezca sin acuerdos con el FMI"},"content":{"rendered":"<p><span style=\"color: rgb(105, 105, 105); font-size: 12px; font-family: verdana, geneva, sans-serif; background-color: rgb(255, 255, 255); line-height: 18px; text-align: justify;\">Autor: Leonora Ram\u00edrez<\/span><\/p>\n<p style=\"margin-bottom: 10px; font-family: Arial, Helvetica, sans-serif; font-size: 12px; line-height: 18px; text-align: justify; background-color: rgb(255, 255, 255);\"><span style=\"font-family:verdana,geneva,sans-serif;\"><span style=\"font-size: 12px;\"><span style=\"color: rgb(105, 105, 105);\">Fuente: www.hoy.com.do<\/span><\/span><\/span><\/p>\n<p style=\"margin-bottom: 10px; font-family: Arial, Helvetica, sans-serif; font-size: 12px; line-height: 18px; text-align: justify; background-color: rgb(255, 255, 255);\"><span style=\"font-family:verdana,geneva,sans-serif;\"><span style=\"font-size: 12px;\"><span style=\"color: rgb(105, 105, 105);\">Fecha: 12 de diciembre de 2012<\/span><\/span><\/span><\/p>\n<p style=\"margin-bottom: 10px; font-family: Arial, Helvetica, sans-serif; font-size: 12px; line-height: 18px; text-align: justify; background-color: rgb(255, 255, 255);\">&nbsp;<\/p>\n<p style=\"margin-bottom: 10px; font-family: Arial, Helvetica, sans-serif; font-size: 12px; line-height: 18px; text-align: justify; background-color: rgb(255, 255, 255);\"><span style=\"font-family:verdana,geneva,sans-serif;\"><span style=\"font-size: 12px;\">El vicepresidente ejecutivo del Centro Regional de Estrategias Econ\u00f3micas Sostenibles (Crees) consider\u00f3 que a la Rep\u00fablica Dominicana le conviene fortalecer su econom\u00eda sin acuerdos con el Fondo Monetario Internacional (FMI) que incrementen el endeudamiento.<\/span><\/span><\/p>\n<p style=\"margin-bottom: 10px; font-family: Arial, Helvetica, sans-serif; font-size: 12px; line-height: 18px; text-align: justify; background-color: rgb(255, 255, 255);\"><span style=\"font-family:verdana,geneva,sans-serif;\"><span style=\"font-size: 12px;\">Ernesto Selman, al hacer la observaci\u00f3n, explic\u00f3 que&nbsp;&nbsp; ning\u00fan pa\u00eds se ha desarrollado bajo la sombrilla de ning\u00fan organismo internacional, y que las naciones que&nbsp; han logrado salir de sus crisis lo han hecho con liderazgos internos.<\/span><\/span><\/p>\n<p style=\"margin-bottom: 10px; font-family: Arial, Helvetica, sans-serif; font-size: 12px; line-height: 18px; text-align: justify; background-color: rgb(255, 255, 255);\"><span style=\"font-family:verdana,geneva,sans-serif;\"><span style=\"font-size: 12px;\">&ldquo;Vemos el involucramiento del FMI en&nbsp; la economia local como pernicioso, deben ser los sectores internos que se pongan de acuerdo para establecer los modelos de gesti\u00f3n econ\u00f3mica&rdquo;, expres\u00f3.<\/span><\/span><\/p>\n<p style=\"margin-bottom: 10px; font-family: Arial, Helvetica, sans-serif; font-size: 12px; line-height: 18px; text-align: justify; background-color: rgb(255, 255, 255);\"><span style=\"font-family:verdana,geneva,sans-serif;\"><span style=\"font-size: 12px;\">Al hacer el planteamiento present\u00f3 algunas propuestas que, de aplicarse, no ser\u00eda necesario incrementar el endeudamiento.<\/span><\/span><\/p>\n<p style=\"margin-bottom: 10px; font-family: Arial, Helvetica, sans-serif; font-size: 12px; line-height: 18px; text-align: justify; background-color: rgb(255, 255, 255);\"><span style=\"font-family:verdana,geneva,sans-serif;\"><span style=\"font-size: 12px;\">Entre esas,&nbsp; reducirle al presupuesto de gastos del Gobierno RD$60,000 millones,&nbsp; cambiar el sistema impositivo de forma que tenga la eficiencia del que se instaur\u00f3 en 1990, y eliminar las distorsiones del sistema el\u00e9ctrico.<\/span><\/span><\/p>\n<p style=\"margin-bottom: 10px; font-family: Arial, Helvetica, sans-serif; font-size: 12px; line-height: 18px; text-align: justify; background-color: rgb(255, 255, 255);\"><span style=\"font-family:verdana,geneva,sans-serif;\"><span style=\"font-size: 12px;\">Selman, quien ofreci\u00f3 sus declaraciones en el Almuerzo del Grupo de Comunicaciones Corripio, consider\u00f3 que por lo pronto no habr\u00e1 otro acuerdo entre el FMI y el pa\u00eds.<\/span><\/span><\/p>\n<p style=\"margin-bottom: 10px; font-family: Arial, Helvetica, sans-serif; font-size: 12px; line-height: 18px; text-align: justify; background-color: rgb(255, 255, 255);\"><span style=\"font-family:verdana,geneva,sans-serif;\"><span style=\"font-size: 12px;\">&nbsp;&ldquo;En&nbsp; en el comunicado emitido por el organismo multilateral en noviembre pasado, se planteaba un acuerdo de monitoreo, nada m\u00e1s, y se anunciaba la visita de una misi\u00f3n en el primer semestre de 2013, de manera que no se avisar\u00e1 un nuevo convenio&rdquo;.<\/span><\/span><\/p>\n<p style=\"margin-bottom: 10px; font-family: Arial, Helvetica, sans-serif; font-size: 12px; line-height: 18px; text-align: justify; background-color: rgb(255, 255, 255);\">&nbsp;<\/p>\n<div class=\"pvc_clear\"><\/div>\n<p class=\"pvc_stats all \" data-element-id=\"20157\" style=\"\"><i class=\"pvc-stats-icon medium\" aria-hidden=\"true\"><svg aria-hidden=\"true\" focusable=\"false\" data-prefix=\"far\" data-icon=\"chart-bar\" role=\"img\" xmlns=\"http:\/\/www.w3.org\/2000\/svg\" viewBox=\"0 0 512 512\" class=\"svg-inline--fa fa-chart-bar fa-w-16 fa-2x\"><path fill=\"currentColor\" d=\"M396.8 352h22.4c6.4 0 12.8-6.4 12.8-12.8V108.8c0-6.4-6.4-12.8-12.8-12.8h-22.4c-6.4 0-12.8 6.4-12.8 12.8v230.4c0 6.4 6.4 12.8 12.8 12.8zm-192 0h22.4c6.4 0 12.8-6.4 12.8-12.8V140.8c0-6.4-6.4-12.8-12.8-12.8h-22.4c-6.4 0-12.8 6.4-12.8 12.8v198.4c0 6.4 6.4 12.8 12.8 12.8zm96 0h22.4c6.4 0 12.8-6.4 12.8-12.8V204.8c0-6.4-6.4-12.8-12.8-12.8h-22.4c-6.4 0-12.8 6.4-12.8 12.8v134.4c0 6.4 6.4 12.8 12.8 12.8zM496 400H48V80c0-8.84-7.16-16-16-16H16C7.16 64 0 71.16 0 80v336c0 17.67 14.33 32 32 32h464c8.84 0 16-7.16 16-16v-16c0-8.84-7.16-16-16-16zm-387.2-48h22.4c6.4 0 12.8-6.4 12.8-12.8v-70.4c0-6.4-6.4-12.8-12.8-12.8h-22.4c-6.4 0-12.8 6.4-12.8 12.8v70.4c0 6.4 6.4 12.8 12.8 12.8z\" class=\"\"><\/path><\/svg><\/i> Vistas Totales&nbsp;421&nbsp;, Vistas Hoy&nbsp;1&nbsp;<\/p>\n<div class=\"pvc_clear\"><\/div>\n","protected":false},"excerpt":{"rendered":"<p>Autor: Leonora Ram\u00edrezFuente: www.hoy.com.doFecha: 12 de diciembre de 2012El vicepresidente ejecutivo del Centro Regional de Estrategias Econ\u00f3micas Sostenibles (Crees) consider\u00f3 que a la Rep\u00fablica Dominicana le conviene fortalecer su econom\u00eda sin acuerdos con el Fondo Monetario Internacional (FMI) que incrementen el endeudamiento.<\/p>\n<div class=\"pvc_clear\"><\/div>\n<p class=\"pvc_stats all \" data-element-id=\"20157\" style=\"\"><i class=\"pvc-stats-icon medium\" aria-hidden=\"true\"><svg aria-hidden=\"true\" focusable=\"false\" data-prefix=\"far\" data-icon=\"chart-bar\" role=\"img\" xmlns=\"http:\/\/www.w3.org\/2000\/svg\" viewBox=\"0 0 512 512\" class=\"svg-inline--fa fa-chart-bar fa-w-16 fa-2x\"><path fill=\"currentColor\" d=\"M396.8 352h22.4c6.4 0 12.8-6.4 12.8-12.8V108.8c0-6.4-6.4-12.8-12.8-12.8h-22.4c-6.4 0-12.8 6.4-12.8 12.8v230.4c0 6.4 6.4 12.8 12.8 12.8zm-192 0h22.4c6.4 0 12.8-6.4 12.8-12.8V140.8c0-6.4-6.4-12.8-12.8-12.8h-22.4c-6.4 0-12.8 6.4-12.8 12.8v198.4c0 6.4 6.4 12.8 12.8 12.8zm96 0h22.4c6.4 0 12.8-6.4 12.8-12.8V204.8c0-6.4-6.4-12.8-12.8-12.8h-22.4c-6.4 0-12.8 6.4-12.8 12.8v134.4c0 6.4 6.4 12.8 12.8 12.8zM496 400H48V80c0-8.84-7.16-16-16-16H16C7.16 64 0 71.16 0 80v336c0 17.67 14.33 32 32 32h464c8.84 0 16-7.16 16-16v-16c0-8.84-7.16-16-16-16zm-387.2-48h22.4c6.4 0 12.8-6.4 12.8-12.8v-70.4c0-6.4-6.4-12.8-12.8-12.8h-22.4c-6.4 0-12.8 6.4-12.8 12.8v70.4c0 6.4 6.4 12.8 12.8 12.8z\" class=\"\"><\/path><\/svg><\/i> Vistas Totales&nbsp;421&nbsp;, Vistas Hoy&nbsp;1&nbsp;<\/p>\n<div class=\"pvc_clear\"><\/div>\n","protected":false},"author":2,"featured_media":0,"comment_status":"open","ping_status":"open","sticky":false,"template":"","format":"standard","meta":{"footnotes":""},"categories":[21],"tags":[],"class_list":["post-20157","post","type-post","status-publish","format-standard","hentry","category-blog"],"yoast_head":"<!-- This site is optimized with the Yoast SEO plugin v25.2 - https:\/\/yoast.com\/wordpress\/plugins\/seo\/ -->\n<title>Selman prefiere econom\u00eda crezca sin acuerdos con el FMI | CREES<\/title>\n<meta name=\"robots\" content=\"index, follow, max-snippet:-1, max-image-preview:large, max-video-preview:-1\" \/>\n<link rel=\"canonical\" href=\"https:\/\/crees.org.do\/?p=20157\" \/>\n<meta property=\"og:locale\" content=\"es_ES\" \/>\n<meta property=\"og:type\" content=\"article\" \/>\n<meta property=\"og:title\" content=\"Selman prefiere econom\u00eda crezca sin acuerdos con el FMI | CREES\" \/>\n<meta property=\"og:description\" content=\"Autor: Leonora Ram\u00edrezFuente: www.hoy.com.doFecha: 12 de diciembre de 2012El vicepresidente ejecutivo del Centro Regional de Estrategias Econ\u00f3micas Sostenibles (Crees) consider\u00f3 que a la Rep\u00fablica Dominicana le conviene fortalecer su econom\u00eda sin acuerdos con el Fondo Monetario Internacional (FMI) que incrementen el endeudamiento.\" \/>\n<meta property=\"og:url\" content=\"https:\/\/crees.org.do\/?p=20157\" \/>\n<meta property=\"og:site_name\" content=\"CREES\" \/>\n<meta property=\"article:publisher\" content=\"https:\/\/www.facebook.com\/CREESRD\/\" \/>\n<meta property=\"article:published_time\" content=\"2012-01-01T00:00:00+00:00\" \/>\n<meta property=\"og:image\" content=\"https:\/\/crees.org.do\/wp-content\/uploads\/2022\/03\/crees-logo-1.jpg\" \/>\n\t<meta property=\"og:image:width\" content=\"244\" \/>\n\t<meta property=\"og:image:height\" content=\"71\" \/>\n\t<meta property=\"og:image:type\" content=\"image\/jpeg\" \/>\n<meta name=\"author\" content=\"Crees\" \/>\n<meta name=\"twitter:card\" content=\"summary_large_image\" \/>\n<meta name=\"twitter:creator\" content=\"@CREESRD\" \/>\n<meta name=\"twitter:site\" content=\"@CREESRD\" \/>\n<meta name=\"twitter:label1\" content=\"Escrito por\" \/>\n\t<meta name=\"twitter:data1\" content=\"Crees\" \/>\n\t<meta name=\"twitter:label2\" content=\"Tiempo de lectura\" \/>\n\t<meta name=\"twitter:data2\" content=\"1 minuto\" \/>\n<script type=\"application\/ld+json\" class=\"yoast-schema-graph\">{\"@context\":\"https:\/\/schema.org\",\"@graph\":[{\"@type\":\"Article\",\"@id\":\"https:\/\/crees.org.do\/?p=20157#article\",\"isPartOf\":{\"@id\":\"https:\/\/crees.org.do\/?p=20157\"},\"author\":{\"name\":\"Crees\",\"@id\":\"https:\/\/crees.org.do\/#\/schema\/person\/e7f97cd94d7bf9cd0e0ce30acb7d56b8\"},\"headline\":\"Selman prefiere econom\u00eda crezca sin acuerdos con el FMI\",\"datePublished\":\"2012-01-01T00:00:00+00:00\",\"mainEntityOfPage\":{\"@id\":\"https:\/\/crees.org.do\/?p=20157\"},\"wordCount\":270,\"commentCount\":0,\"publisher\":{\"@id\":\"https:\/\/crees.org.do\/#organization\"},\"articleSection\":[\"Blog\"],\"inLanguage\":\"es\"},{\"@type\":\"WebPage\",\"@id\":\"https:\/\/crees.org.do\/?p=20157\",\"url\":\"https:\/\/crees.org.do\/?p=20157\",\"name\":\"Selman prefiere econom\u00eda crezca sin acuerdos con el FMI | CREES\",\"isPartOf\":{\"@id\":\"https:\/\/crees.org.do\/#website\"},\"datePublished\":\"2012-01-01T00:00:00+00:00\",\"breadcrumb\":{\"@id\":\"https:\/\/crees.org.do\/?p=20157#breadcrumb\"},\"inLanguage\":\"es\",\"potentialAction\":[{\"@type\":\"ReadAction\",\"target\":[\"https:\/\/crees.org.do\/?p=20157\"]}]},{\"@type\":\"BreadcrumbList\",\"@id\":\"https:\/\/crees.org.do\/?p=20157#breadcrumb\",\"itemListElement\":[{\"@type\":\"ListItem\",\"position\":1,\"name\":\"Portada\",\"item\":\"https:\/\/crees.org.do\/\"},{\"@type\":\"ListItem\",\"position\":2,\"name\":\"Selman prefiere econom\u00eda crezca sin acuerdos con el FMI\"}]},{\"@type\":\"WebSite\",\"@id\":\"https:\/\/crees.org.do\/#website\",\"url\":\"https:\/\/crees.org.do\/\",\"name\":\"CREES\",\"description\":\"Centro Regional de Estrategias Econ\u00f3micas Sostenibles\",\"publisher\":{\"@id\":\"https:\/\/crees.org.do\/#organization\"},\"potentialAction\":[{\"@type\":\"SearchAction\",\"target\":{\"@type\":\"EntryPoint\",\"urlTemplate\":\"https:\/\/crees.org.do\/?s={search_term_string}\"},\"query-input\":{\"@type\":\"PropertyValueSpecification\",\"valueRequired\":true,\"valueName\":\"search_term_string\"}}],\"inLanguage\":\"es\"},{\"@type\":\"Organization\",\"@id\":\"https:\/\/crees.org.do\/#organization\",\"name\":\"CREES | Centro Regional de Estrategias Econ\u00f3micas Sostenibles\",\"url\":\"https:\/\/crees.org.do\/\",\"logo\":{\"@type\":\"ImageObject\",\"inLanguage\":\"es\",\"@id\":\"https:\/\/crees.org.do\/#\/schema\/logo\/image\/\",\"url\":\"https:\/\/crees.org.do\/wp-content\/uploads\/2022\/03\/crees-logo-1.jpg\",\"contentUrl\":\"https:\/\/crees.org.do\/wp-content\/uploads\/2022\/03\/crees-logo-1.jpg\",\"width\":244,\"height\":71,\"caption\":\"CREES | Centro Regional de Estrategias Econ\u00f3micas Sostenibles\"},\"image\":{\"@id\":\"https:\/\/crees.org.do\/#\/schema\/logo\/image\/\"},\"sameAs\":[\"https:\/\/www.facebook.com\/CREESRD\/\",\"https:\/\/x.com\/CREESRD\"]},{\"@type\":\"Person\",\"@id\":\"https:\/\/crees.org.do\/#\/schema\/person\/e7f97cd94d7bf9cd0e0ce30acb7d56b8\",\"name\":\"Crees\",\"image\":{\"@type\":\"ImageObject\",\"inLanguage\":\"es\",\"@id\":\"https:\/\/crees.org.do\/#\/schema\/person\/image\/\",\"url\":\"https:\/\/secure.gravatar.com\/avatar\/390ac8f0be5d9aa046152553e2dd7011b59a512d89c150f5e5f28bb8d9a0b165?s=96&d=mm&r=g\",\"contentUrl\":\"https:\/\/secure.gravatar.com\/avatar\/390ac8f0be5d9aa046152553e2dd7011b59a512d89c150f5e5f28bb8d9a0b165?s=96&d=mm&r=g\",\"caption\":\"Crees\"},\"url\":\"https:\/\/crees.org.do\/?author=2\"}]}<\/script>\n<!-- \/ Yoast SEO plugin. -->","yoast_head_json":{"title":"Selman prefiere econom\u00eda crezca sin acuerdos con el FMI | CREES","robots":{"index":"index","follow":"follow","max-snippet":"max-snippet:-1","max-image-preview":"max-image-preview:large","max-video-preview":"max-video-preview:-1"},"canonical":"https:\/\/crees.org.do\/?p=20157","og_locale":"es_ES","og_type":"article","og_title":"Selman prefiere econom\u00eda crezca sin acuerdos con el FMI | CREES","og_description":"Autor: Leonora Ram\u00edrezFuente: www.hoy.com.doFecha: 12 de diciembre de 2012El vicepresidente ejecutivo del Centro Regional de Estrategias Econ\u00f3micas Sostenibles (Crees) consider\u00f3 que a la Rep\u00fablica Dominicana le conviene fortalecer su econom\u00eda sin acuerdos con el Fondo Monetario Internacional (FMI) que incrementen el endeudamiento.","og_url":"https:\/\/crees.org.do\/?p=20157","og_site_name":"CREES","article_publisher":"https:\/\/www.facebook.com\/CREESRD\/","article_published_time":"2012-01-01T00:00:00+00:00","og_image":[{"width":244,"height":71,"url":"https:\/\/crees.org.do\/wp-content\/uploads\/2022\/03\/crees-logo-1.jpg","type":"image\/jpeg"}],"author":"Crees","twitter_card":"summary_large_image","twitter_creator":"@CREESRD","twitter_site":"@CREESRD","twitter_misc":{"Escrito por":"Crees","Tiempo de lectura":"1 minuto"},"schema":{"@context":"https:\/\/schema.org","@graph":[{"@type":"Article","@id":"https:\/\/crees.org.do\/?p=20157#article","isPartOf":{"@id":"https:\/\/crees.org.do\/?p=20157"},"author":{"name":"Crees","@id":"https:\/\/crees.org.do\/#\/schema\/person\/e7f97cd94d7bf9cd0e0ce30acb7d56b8"},"headline":"Selman prefiere econom\u00eda crezca sin acuerdos con el FMI","datePublished":"2012-01-01T00:00:00+00:00","mainEntityOfPage":{"@id":"https:\/\/crees.org.do\/?p=20157"},"wordCount":270,"commentCount":0,"publisher":{"@id":"https:\/\/crees.org.do\/#organization"},"articleSection":["Blog"],"inLanguage":"es"},{"@type":"WebPage","@id":"https:\/\/crees.org.do\/?p=20157","url":"https:\/\/crees.org.do\/?p=20157","name":"Selman prefiere econom\u00eda crezca sin acuerdos con el FMI | CREES","isPartOf":{"@id":"https:\/\/crees.org.do\/#website"},"datePublished":"2012-01-01T00:00:00+00:00","breadcrumb":{"@id":"https:\/\/crees.org.do\/?p=20157#breadcrumb"},"inLanguage":"es","potentialAction":[{"@type":"ReadAction","target":["https:\/\/crees.org.do\/?p=20157"]}]},{"@type":"BreadcrumbList","@id":"https:\/\/crees.org.do\/?p=20157#breadcrumb","itemListElement":[{"@type":"ListItem","position":1,"name":"Portada","item":"https:\/\/crees.org.do\/"},{"@type":"ListItem","position":2,"name":"Selman prefiere econom\u00eda crezca sin acuerdos con el FMI"}]},{"@type":"WebSite","@id":"https:\/\/crees.org.do\/#website","url":"https:\/\/crees.org.do\/","name":"CREES","description":"Centro Regional de Estrategias Econ\u00f3micas Sostenibles","publisher":{"@id":"https:\/\/crees.org.do\/#organization"},"potentialAction":[{"@type":"SearchAction","target":{"@type":"EntryPoint","urlTemplate":"https:\/\/crees.org.do\/?s={search_term_string}"},"query-input":{"@type":"PropertyValueSpecification","valueRequired":true,"valueName":"search_term_string"}}],"inLanguage":"es"},{"@type":"Organization","@id":"https:\/\/crees.org.do\/#organization","name":"CREES | Centro Regional de Estrategias Econ\u00f3micas Sostenibles","url":"https:\/\/crees.org.do\/","logo":{"@type":"ImageObject","inLanguage":"es","@id":"https:\/\/crees.org.do\/#\/schema\/logo\/image\/","url":"https:\/\/crees.org.do\/wp-content\/uploads\/2022\/03\/crees-logo-1.jpg","contentUrl":"https:\/\/crees.org.do\/wp-content\/uploads\/2022\/03\/crees-logo-1.jpg","width":244,"height":71,"caption":"CREES | Centro Regional de Estrategias Econ\u00f3micas Sostenibles"},"image":{"@id":"https:\/\/crees.org.do\/#\/schema\/logo\/image\/"},"sameAs":["https:\/\/www.facebook.com\/CREESRD\/","https:\/\/x.com\/CREESRD"]},{"@type":"Person","@id":"https:\/\/crees.org.do\/#\/schema\/person\/e7f97cd94d7bf9cd0e0ce30acb7d56b8","name":"Crees","image":{"@type":"ImageObject","inLanguage":"es","@id":"https:\/\/crees.org.do\/#\/schema\/person\/image\/","url":"https:\/\/secure.gravatar.com\/avatar\/390ac8f0be5d9aa046152553e2dd7011b59a512d89c150f5e5f28bb8d9a0b165?s=96&d=mm&r=g","contentUrl":"https:\/\/secure.gravatar.com\/avatar\/390ac8f0be5d9aa046152553e2dd7011b59a512d89c150f5e5f28bb8d9a0b165?s=96&d=mm&r=g","caption":"Crees"},"url":"https:\/\/crees.org.do\/?author=2"}]}},"_links":{"self":[{"href":"https:\/\/crees.org.do\/index.php?rest_route=\/wp\/v2\/posts\/20157","targetHints":{"allow":["GET"]}}],"collection":[{"href":"https:\/\/crees.org.do\/index.php?rest_route=\/wp\/v2\/posts"}],"about":[{"href":"https:\/\/crees.org.do\/index.php?rest_route=\/wp\/v2\/types\/post"}],"author":[{"embeddable":true,"href":"https:\/\/crees.org.do\/index.php?rest_route=\/wp\/v2\/users\/2"}],"replies":[{"embeddable":true,"href":"https:\/\/crees.org.do\/index.php?rest_route=%2Fwp%2Fv2%2Fcomments&post=20157"}],"version-history":[{"count":0,"href":"https:\/\/crees.org.do\/index.php?rest_route=\/wp\/v2\/posts\/20157\/revisions"}],"wp:attachment":[{"href":"https:\/\/crees.org.do\/index.php?rest_route=%2Fwp%2Fv2%2Fmedia&parent=20157"}],"wp:term":[{"taxonomy":"category","embeddable":true,"href":"https:\/\/crees.org.do\/index.php?rest_route=%2Fwp%2Fv2%2Fcategories&post=20157"},{"taxonomy":"post_tag","embeddable":true,"href":"https:\/\/crees.org.do\/index.php?rest_route=%2Fwp%2Fv2%2Ftags&post=20157"}],"curies":[{"name":"wp","href":"https:\/\/api.w.org\/{rel}","templated":true}]}}