{"id":20159,"date":"2012-01-01T00:00:00","date_gmt":"2012-01-01T00:00:00","guid":{"rendered":"https:\/\/crees.org.do\/los-us300-millones-para-sector-electrico-ilegal-y-caro\/"},"modified":"2012-01-01T00:00:00","modified_gmt":"2012-01-01T00:00:00","slug":"los-us300-millones-para-sector-electrico-ilegal-y-caro","status":"publish","type":"post","link":"https:\/\/crees.org.do\/?p=20159","title":{"rendered":"Los US$300 millones para sector el\u00e9ctrico: ilegal y caro"},"content":{"rendered":"<p><span style=\"font-size:12px;\"><span style=\"font-family: verdana, geneva, sans-serif;\"><span style=\"color: rgb(105, 105, 105); background-color: rgb(255, 255, 255); line-height: 18px; text-align: justify;\">Autor: Odalis Mej\u00eda<\/span><\/span><\/span><\/p>\n<p style=\"margin-bottom: 10px; font-family: Arial, Helvetica, sans-serif; font-size: 12px; line-height: 18px; text-align: justify; background-color: rgb(255, 255, 255);\"><span style=\"font-size:12px;\"><span style=\"font-family: verdana, geneva, sans-serif;\"><span style=\"color: rgb(105, 105, 105);\">Fuente: www.hoy.com.do<\/span><\/span><\/span><\/p>\n<p style=\"margin-bottom: 10px; font-family: Arial, Helvetica, sans-serif; font-size: 12px; line-height: 18px; text-align: justify; background-color: rgb(255, 255, 255);\"><span style=\"font-size:12px;\"><span style=\"font-family: verdana, geneva, sans-serif;\"><span style=\"color: rgb(105, 105, 105);\">Fecha: 12 de diciembre de 2012<\/span><\/span><\/span><\/p>\n<p style=\"margin-bottom: 10px; font-family: Arial, Helvetica, sans-serif; font-size: 12px; line-height: 18px; text-align: justify; background-color: rgb(255, 255, 255);\">&nbsp;<\/p>\n<p style=\"margin-bottom: 10px; font-family: Arial, Helvetica, sans-serif; font-size: 12px; line-height: 18px; text-align: justify; background-color: rgb(255, 255, 255);\"><span style=\"font-size:12px;\"><span style=\"font-family: verdana, geneva, sans-serif;\">El vicepresidente ejecutivo del Centro Regional de Estrategias Econ\u00f3micas Sostenibles (Crees), Ernesto Selman, consider\u00f3 que la b\u00fasqueda de US$300 millones para pagar&nbsp; deudas del sector el\u00e9ctrico mediante negociaci\u00f3n de corto plazo (factoring), adem\u00e1s de costoso es ilegal, porque debe ser aprobado por el Congreso.<\/span><\/span><\/p>\n<p style=\"margin-bottom: 10px; font-family: Arial, Helvetica, sans-serif; font-size: 12px; line-height: 18px; text-align: justify; background-color: rgb(255, 255, 255);\"><span style=\"font-size:12px;\"><span style=\"font-family: verdana, geneva, sans-serif;\">&ldquo;Estamos con una pr\u00e1ctica que no va de acuerdo con la Constituci\u00f3n y las leyes, porque se trata de un endeudamiento que est\u00e1 asumiendo una instituci\u00f3n p\u00fablica que no ha aprobado el Congreso&rdquo;, indic\u00f3 Selman.<\/span><\/span><\/p>\n<p style=\"margin-bottom: 10px; font-family: Arial, Helvetica, sans-serif; font-size: 12px; line-height: 18px; text-align: justify; background-color: rgb(255, 255, 255);\"><span style=\"font-size:12px;\"><span style=\"font-family: verdana, geneva, sans-serif;\">Apunt\u00f3 que eso constituye una incertidumbre no s\u00f3lo desde el punto de vista econ\u00f3mico, sino jur\u00eddico.<\/span><\/span><\/p>\n<p style=\"margin-bottom: 10px; font-family: Arial, Helvetica, sans-serif; font-size: 12px; line-height: 18px; text-align: justify; background-color: rgb(255, 255, 255);\"><span style=\"font-size:12px;\"><span style=\"font-family: verdana, geneva, sans-serif;\">Seg\u00fan el vicepresidente de la Corporaci\u00f3n de Empresas El\u00e9ctricas Estatales (CDEEE), Rub\u00e9n Bichara, el factoring&nbsp; se negocia con un grupo de bancos liderados por el estatal de&nbsp; Reservas.<\/span><\/span><\/p>\n<p style=\"margin-bottom: 10px; font-family: Arial, Helvetica, sans-serif; font-size: 12px; line-height: 18px; text-align: justify; background-color: rgb(255, 255, 255);\">&nbsp;<\/p>\n<p style=\"margin-bottom: 10px; font-family: Arial, Helvetica, sans-serif; font-size: 12px; line-height: 18px; text-align: justify; background-color: rgb(255, 255, 255);\"><span style=\"font-size:12px;\"><span style=\"font-family: verdana, geneva, sans-serif;\"><strong>Preocupaci\u00f3n.<\/strong>&nbsp; Selman&nbsp; dijo que son preocupantes&nbsp; las cifras y estados financieros que est\u00e1 mostrando el Banco de Reservas, y que llama&nbsp; a\u00fan m\u00e1s&nbsp; la atenci\u00f3n que sea el que est\u00e9 otorgando cr\u00e9ditos, o b\u00e1sicamente el \u00fanico que est\u00e9 prestando al sector p\u00fablico.<\/span><\/span><\/p>\n<p style=\"margin-bottom: 10px; font-family: Arial, Helvetica, sans-serif; font-size: 12px; line-height: 18px; text-align: justify; background-color: rgb(255, 255, 255);\"><span style=\"font-size:12px;\"><span style=\"font-family: verdana, geneva, sans-serif;\">Indic\u00f3 que a septiembre de este a\u00f1o, el Banco de&nbsp; Reservas&nbsp; estaba proveyendo el 94.3% del cr\u00e9dito al sector p\u00fablico.<\/span><\/span><\/p>\n<p style=\"margin-bottom: 10px; font-family: Arial, Helvetica, sans-serif; font-size: 12px; line-height: 18px; text-align: justify; background-color: rgb(255, 255, 255);\"><span style=\"font-size:12px;\"><span style=\"font-family: verdana, geneva, sans-serif;\">Apunt\u00f3 tambi\u00e9n que&nbsp; entre enero y septiembre el cr\u00e9dito al sector p\u00fablico se increment\u00f3 en 99%.&nbsp;&nbsp;<\/span><\/span><\/p>\n<p style=\"margin-bottom: 10px; font-family: Arial, Helvetica, sans-serif; font-size: 12px; line-height: 18px; text-align: justify; background-color: rgb(255, 255, 255);\"><span style=\"font-size:12px;\"><span style=\"font-family: verdana, geneva, sans-serif;\">Anunci\u00f3 que para el pr\u00f3ximo a\u00f1o har\u00e1n un estudio sobre la situaci\u00f3n del banco comercial estatal.<\/span><\/span><\/p>\n<p style=\"margin-bottom: 10px; font-family: Arial, Helvetica, sans-serif; font-size: 12px; line-height: 18px; text-align: justify; background-color: rgb(255, 255, 255);\">&nbsp;<\/p>\n<p style=\"margin-bottom: 10px; font-family: Arial, Helvetica, sans-serif; font-size: 12px; line-height: 18px; text-align: justify; background-color: rgb(255, 255, 255);\"><span style=\"font-size:12px;\"><span style=\"font-family: verdana, geneva, sans-serif;\"><strong>Misterio<\/strong>.&nbsp; Selman tambi\u00e9n apunt\u00f3 que el subsidio el\u00e9ctrico sigue siendo una inc\u00f3gnita pues&nbsp;&nbsp; se programan cifras y se terminan con otras.<\/span><\/span><\/p>\n<p style=\"margin-bottom: 10px; font-family: Arial, Helvetica, sans-serif; font-size: 12px; line-height: 18px; text-align: justify; background-color: rgb(255, 255, 255);\"><span style=\"font-size:12px;\"><span style=\"font-family: verdana, geneva, sans-serif;\">&nbsp;Refiri\u00f3 que en este a\u00f1o se presupuest\u00f3 US$275 millones para el subsidio el\u00e9ctrico y en junio se aprobaron US$500 millones adicionales para pago a generadores y esta semana se anunci\u00f3 que la deuda&nbsp; era de&nbsp; US$700 millones.<\/span><\/span><\/p>\n<p style=\"margin-bottom: 10px; font-family: Arial, Helvetica, sans-serif; font-size: 12px; line-height: 18px; text-align: justify; background-color: rgb(255, 255, 255);\"><span style=\"font-size:12px;\"><span style=\"font-family: verdana, geneva, sans-serif;\">Dijo que las sorpresas en pol\u00edtica econ\u00f3mica es lo que menos se quiere.<\/span><\/span><\/p>\n<p style=\"margin-bottom: 10px; font-family: Arial, Helvetica, sans-serif; font-size: 12px; line-height: 18px; text-align: justify; background-color: rgb(255, 255, 255);\">&nbsp;<\/p>\n<p style=\"margin-bottom: 10px; font-family: Arial, Helvetica, sans-serif; font-size: 12px; line-height: 18px; text-align: justify; background-color: rgb(255, 255, 255);\"><span style=\"font-size:12px;\"><span style=\"font-family: verdana, geneva, sans-serif;\"><strong>La frase<\/strong><\/span><\/span><\/p>\n<p style=\"margin-bottom: 10px; font-family: Arial, Helvetica, sans-serif; font-size: 12px; line-height: 18px; text-align: justify; background-color: rgb(255, 255, 255);\"><span style=\"font-size:12px;\"><span style=\"font-family: verdana, geneva, sans-serif;\"><strong>Ernesto Selman<\/strong><\/span><\/span><\/p>\n<p style=\"margin-bottom: 10px; font-family: Arial, Helvetica, sans-serif; font-size: 12px; line-height: 18px; text-align: justify; background-color: rgb(255, 255, 255);\"><span style=\"font-size:12px;\"><span style=\"font-family: verdana, geneva, sans-serif;\">Cada vez tenemos nuevas sorpresas y&nbsp; en&nbsp; planificaci\u00f3n de la pol\u00edtica fiscal y&nbsp; econ\u00f3mica lo menos que usted quiere es sorpresa, principalmente cuando usted tiene una vulnerabilidad fiscal y externa como tiene la Rep\u00fablica Dominicana&rdquo;.<\/span><\/span><\/p>\n<p style=\"margin-bottom: 10px; font-family: Arial, Helvetica, sans-serif; font-size: 12px; line-height: 18px; text-align: justify; background-color: rgb(255, 255, 255);\">&nbsp;<\/p>\n<div class=\"pvc_clear\"><\/div>\n<p class=\"pvc_stats all \" data-element-id=\"20159\" style=\"\"><i class=\"pvc-stats-icon medium\" aria-hidden=\"true\"><svg aria-hidden=\"true\" focusable=\"false\" data-prefix=\"far\" data-icon=\"chart-bar\" role=\"img\" xmlns=\"http:\/\/www.w3.org\/2000\/svg\" viewBox=\"0 0 512 512\" class=\"svg-inline--fa fa-chart-bar fa-w-16 fa-2x\"><path fill=\"currentColor\" d=\"M396.8 352h22.4c6.4 0 12.8-6.4 12.8-12.8V108.8c0-6.4-6.4-12.8-12.8-12.8h-22.4c-6.4 0-12.8 6.4-12.8 12.8v230.4c0 6.4 6.4 12.8 12.8 12.8zm-192 0h22.4c6.4 0 12.8-6.4 12.8-12.8V140.8c0-6.4-6.4-12.8-12.8-12.8h-22.4c-6.4 0-12.8 6.4-12.8 12.8v198.4c0 6.4 6.4 12.8 12.8 12.8zm96 0h22.4c6.4 0 12.8-6.4 12.8-12.8V204.8c0-6.4-6.4-12.8-12.8-12.8h-22.4c-6.4 0-12.8 6.4-12.8 12.8v134.4c0 6.4 6.4 12.8 12.8 12.8zM496 400H48V80c0-8.84-7.16-16-16-16H16C7.16 64 0 71.16 0 80v336c0 17.67 14.33 32 32 32h464c8.84 0 16-7.16 16-16v-16c0-8.84-7.16-16-16-16zm-387.2-48h22.4c6.4 0 12.8-6.4 12.8-12.8v-70.4c0-6.4-6.4-12.8-12.8-12.8h-22.4c-6.4 0-12.8 6.4-12.8 12.8v70.4c0 6.4 6.4 12.8 12.8 12.8z\" class=\"\"><\/path><\/svg><\/i> Vistas Totales&nbsp;555&nbsp;, Vistas Hoy&nbsp;3&nbsp;<\/p>\n<div class=\"pvc_clear\"><\/div>\n","protected":false},"excerpt":{"rendered":"<p>Autor: Odalis Mej\u00edaFuente: www.hoy.com.doFecha: 12 de diciembre de 2012El vicepresidente ejecutivo del Centro Regional de Estrategias Econ\u00f3micas Sostenibles (Crees), Ernesto Selman, consider\u00f3 que la b\u00fasqueda de US$300 millones para pagar  deudas del sector el\u00e9ctrico mediante negociaci\u00f3n de corto plazo (factoring), adem\u00e1s de costoso es ilegal, porque debe ser aprobado por el Congreso.<\/p>\n<div class=\"pvc_clear\"><\/div>\n<p class=\"pvc_stats all \" data-element-id=\"20159\" style=\"\"><i class=\"pvc-stats-icon medium\" aria-hidden=\"true\"><svg aria-hidden=\"true\" focusable=\"false\" data-prefix=\"far\" data-icon=\"chart-bar\" role=\"img\" xmlns=\"http:\/\/www.w3.org\/2000\/svg\" viewBox=\"0 0 512 512\" class=\"svg-inline--fa fa-chart-bar fa-w-16 fa-2x\"><path fill=\"currentColor\" d=\"M396.8 352h22.4c6.4 0 12.8-6.4 12.8-12.8V108.8c0-6.4-6.4-12.8-12.8-12.8h-22.4c-6.4 0-12.8 6.4-12.8 12.8v230.4c0 6.4 6.4 12.8 12.8 12.8zm-192 0h22.4c6.4 0 12.8-6.4 12.8-12.8V140.8c0-6.4-6.4-12.8-12.8-12.8h-22.4c-6.4 0-12.8 6.4-12.8 12.8v198.4c0 6.4 6.4 12.8 12.8 12.8zm96 0h22.4c6.4 0 12.8-6.4 12.8-12.8V204.8c0-6.4-6.4-12.8-12.8-12.8h-22.4c-6.4 0-12.8 6.4-12.8 12.8v134.4c0 6.4 6.4 12.8 12.8 12.8zM496 400H48V80c0-8.84-7.16-16-16-16H16C7.16 64 0 71.16 0 80v336c0 17.67 14.33 32 32 32h464c8.84 0 16-7.16 16-16v-16c0-8.84-7.16-16-16-16zm-387.2-48h22.4c6.4 0 12.8-6.4 12.8-12.8v-70.4c0-6.4-6.4-12.8-12.8-12.8h-22.4c-6.4 0-12.8 6.4-12.8 12.8v70.4c0 6.4 6.4 12.8 12.8 12.8z\" class=\"\"><\/path><\/svg><\/i> Vistas Totales&nbsp;555&nbsp;, Vistas Hoy&nbsp;3&nbsp;<\/p>\n<div class=\"pvc_clear\"><\/div>\n","protected":false},"author":2,"featured_media":0,"comment_status":"open","ping_status":"open","sticky":false,"template":"","format":"standard","meta":{"footnotes":""},"categories":[21],"tags":[],"class_list":["post-20159","post","type-post","status-publish","format-standard","hentry","category-blog"],"yoast_head":"<!-- This site is optimized with the Yoast SEO plugin v25.2 - https:\/\/yoast.com\/wordpress\/plugins\/seo\/ -->\n<title>Los US$300 millones para sector el\u00e9ctrico: ilegal y caro | CREES<\/title>\n<meta name=\"robots\" content=\"index, follow, max-snippet:-1, max-image-preview:large, max-video-preview:-1\" \/>\n<link rel=\"canonical\" href=\"https:\/\/crees.org.do\/?p=20159\" \/>\n<meta property=\"og:locale\" content=\"es_ES\" \/>\n<meta property=\"og:type\" content=\"article\" \/>\n<meta property=\"og:title\" content=\"Los US$300 millones para sector el\u00e9ctrico: ilegal y caro | CREES\" \/>\n<meta property=\"og:description\" content=\"Autor: Odalis Mej\u00edaFuente: www.hoy.com.doFecha: 12 de diciembre de 2012El vicepresidente ejecutivo del Centro Regional de Estrategias Econ\u00f3micas Sostenibles (Crees), Ernesto Selman, consider\u00f3 que la b\u00fasqueda de US$300 millones para pagar deudas del sector el\u00e9ctrico mediante negociaci\u00f3n de corto plazo (factoring), adem\u00e1s de costoso es ilegal, porque debe ser aprobado por el Congreso.\" \/>\n<meta property=\"og:url\" content=\"https:\/\/crees.org.do\/?p=20159\" \/>\n<meta property=\"og:site_name\" content=\"CREES\" \/>\n<meta property=\"article:publisher\" content=\"https:\/\/www.facebook.com\/CREESRD\/\" \/>\n<meta property=\"article:published_time\" content=\"2012-01-01T00:00:00+00:00\" \/>\n<meta property=\"og:image\" content=\"https:\/\/crees.org.do\/wp-content\/uploads\/2022\/03\/crees-logo-1.jpg\" \/>\n\t<meta property=\"og:image:width\" content=\"244\" \/>\n\t<meta property=\"og:image:height\" content=\"71\" \/>\n\t<meta property=\"og:image:type\" content=\"image\/jpeg\" \/>\n<meta name=\"author\" content=\"Crees\" \/>\n<meta name=\"twitter:card\" content=\"summary_large_image\" \/>\n<meta name=\"twitter:creator\" content=\"@CREESRD\" \/>\n<meta name=\"twitter:site\" content=\"@CREESRD\" \/>\n<meta name=\"twitter:label1\" content=\"Escrito por\" \/>\n\t<meta name=\"twitter:data1\" content=\"Crees\" \/>\n\t<meta name=\"twitter:label2\" content=\"Tiempo de lectura\" \/>\n\t<meta name=\"twitter:data2\" content=\"2 minutos\" \/>\n<script type=\"application\/ld+json\" class=\"yoast-schema-graph\">{\"@context\":\"https:\/\/schema.org\",\"@graph\":[{\"@type\":\"Article\",\"@id\":\"https:\/\/crees.org.do\/?p=20159#article\",\"isPartOf\":{\"@id\":\"https:\/\/crees.org.do\/?p=20159\"},\"author\":{\"name\":\"Crees\",\"@id\":\"https:\/\/crees.org.do\/#\/schema\/person\/e7f97cd94d7bf9cd0e0ce30acb7d56b8\"},\"headline\":\"Los US$300 millones para sector el\u00e9ctrico: ilegal y caro\",\"datePublished\":\"2012-01-01T00:00:00+00:00\",\"mainEntityOfPage\":{\"@id\":\"https:\/\/crees.org.do\/?p=20159\"},\"wordCount\":422,\"commentCount\":0,\"publisher\":{\"@id\":\"https:\/\/crees.org.do\/#organization\"},\"articleSection\":[\"Blog\"],\"inLanguage\":\"es\"},{\"@type\":\"WebPage\",\"@id\":\"https:\/\/crees.org.do\/?p=20159\",\"url\":\"https:\/\/crees.org.do\/?p=20159\",\"name\":\"Los US$300 millones para sector el\u00e9ctrico: ilegal y caro | CREES\",\"isPartOf\":{\"@id\":\"https:\/\/crees.org.do\/#website\"},\"datePublished\":\"2012-01-01T00:00:00+00:00\",\"breadcrumb\":{\"@id\":\"https:\/\/crees.org.do\/?p=20159#breadcrumb\"},\"inLanguage\":\"es\",\"potentialAction\":[{\"@type\":\"ReadAction\",\"target\":[\"https:\/\/crees.org.do\/?p=20159\"]}]},{\"@type\":\"BreadcrumbList\",\"@id\":\"https:\/\/crees.org.do\/?p=20159#breadcrumb\",\"itemListElement\":[{\"@type\":\"ListItem\",\"position\":1,\"name\":\"Portada\",\"item\":\"https:\/\/crees.org.do\/\"},{\"@type\":\"ListItem\",\"position\":2,\"name\":\"Los US$300 millones para sector el\u00e9ctrico: ilegal y caro\"}]},{\"@type\":\"WebSite\",\"@id\":\"https:\/\/crees.org.do\/#website\",\"url\":\"https:\/\/crees.org.do\/\",\"name\":\"CREES\",\"description\":\"Centro Regional de Estrategias Econ\u00f3micas Sostenibles\",\"publisher\":{\"@id\":\"https:\/\/crees.org.do\/#organization\"},\"potentialAction\":[{\"@type\":\"SearchAction\",\"target\":{\"@type\":\"EntryPoint\",\"urlTemplate\":\"https:\/\/crees.org.do\/?s={search_term_string}\"},\"query-input\":{\"@type\":\"PropertyValueSpecification\",\"valueRequired\":true,\"valueName\":\"search_term_string\"}}],\"inLanguage\":\"es\"},{\"@type\":\"Organization\",\"@id\":\"https:\/\/crees.org.do\/#organization\",\"name\":\"CREES | Centro Regional de Estrategias Econ\u00f3micas Sostenibles\",\"url\":\"https:\/\/crees.org.do\/\",\"logo\":{\"@type\":\"ImageObject\",\"inLanguage\":\"es\",\"@id\":\"https:\/\/crees.org.do\/#\/schema\/logo\/image\/\",\"url\":\"https:\/\/crees.org.do\/wp-content\/uploads\/2022\/03\/crees-logo-1.jpg\",\"contentUrl\":\"https:\/\/crees.org.do\/wp-content\/uploads\/2022\/03\/crees-logo-1.jpg\",\"width\":244,\"height\":71,\"caption\":\"CREES | Centro Regional de Estrategias Econ\u00f3micas Sostenibles\"},\"image\":{\"@id\":\"https:\/\/crees.org.do\/#\/schema\/logo\/image\/\"},\"sameAs\":[\"https:\/\/www.facebook.com\/CREESRD\/\",\"https:\/\/x.com\/CREESRD\"]},{\"@type\":\"Person\",\"@id\":\"https:\/\/crees.org.do\/#\/schema\/person\/e7f97cd94d7bf9cd0e0ce30acb7d56b8\",\"name\":\"Crees\",\"image\":{\"@type\":\"ImageObject\",\"inLanguage\":\"es\",\"@id\":\"https:\/\/crees.org.do\/#\/schema\/person\/image\/\",\"url\":\"https:\/\/secure.gravatar.com\/avatar\/390ac8f0be5d9aa046152553e2dd7011b59a512d89c150f5e5f28bb8d9a0b165?s=96&d=mm&r=g\",\"contentUrl\":\"https:\/\/secure.gravatar.com\/avatar\/390ac8f0be5d9aa046152553e2dd7011b59a512d89c150f5e5f28bb8d9a0b165?s=96&d=mm&r=g\",\"caption\":\"Crees\"},\"url\":\"https:\/\/crees.org.do\/?author=2\"}]}<\/script>\n<!-- \/ Yoast SEO plugin. -->","yoast_head_json":{"title":"Los US$300 millones para sector el\u00e9ctrico: ilegal y caro | CREES","robots":{"index":"index","follow":"follow","max-snippet":"max-snippet:-1","max-image-preview":"max-image-preview:large","max-video-preview":"max-video-preview:-1"},"canonical":"https:\/\/crees.org.do\/?p=20159","og_locale":"es_ES","og_type":"article","og_title":"Los US$300 millones para sector el\u00e9ctrico: ilegal y caro | CREES","og_description":"Autor: Odalis Mej\u00edaFuente: www.hoy.com.doFecha: 12 de diciembre de 2012El vicepresidente ejecutivo del Centro Regional de Estrategias Econ\u00f3micas Sostenibles (Crees), Ernesto Selman, consider\u00f3 que la b\u00fasqueda de US$300 millones para pagar deudas del sector el\u00e9ctrico mediante negociaci\u00f3n de corto plazo (factoring), adem\u00e1s de costoso es ilegal, porque debe ser aprobado por el Congreso.","og_url":"https:\/\/crees.org.do\/?p=20159","og_site_name":"CREES","article_publisher":"https:\/\/www.facebook.com\/CREESRD\/","article_published_time":"2012-01-01T00:00:00+00:00","og_image":[{"width":244,"height":71,"url":"https:\/\/crees.org.do\/wp-content\/uploads\/2022\/03\/crees-logo-1.jpg","type":"image\/jpeg"}],"author":"Crees","twitter_card":"summary_large_image","twitter_creator":"@CREESRD","twitter_site":"@CREESRD","twitter_misc":{"Escrito por":"Crees","Tiempo de lectura":"2 minutos"},"schema":{"@context":"https:\/\/schema.org","@graph":[{"@type":"Article","@id":"https:\/\/crees.org.do\/?p=20159#article","isPartOf":{"@id":"https:\/\/crees.org.do\/?p=20159"},"author":{"name":"Crees","@id":"https:\/\/crees.org.do\/#\/schema\/person\/e7f97cd94d7bf9cd0e0ce30acb7d56b8"},"headline":"Los US$300 millones para sector el\u00e9ctrico: ilegal y caro","datePublished":"2012-01-01T00:00:00+00:00","mainEntityOfPage":{"@id":"https:\/\/crees.org.do\/?p=20159"},"wordCount":422,"commentCount":0,"publisher":{"@id":"https:\/\/crees.org.do\/#organization"},"articleSection":["Blog"],"inLanguage":"es"},{"@type":"WebPage","@id":"https:\/\/crees.org.do\/?p=20159","url":"https:\/\/crees.org.do\/?p=20159","name":"Los US$300 millones para sector el\u00e9ctrico: ilegal y caro | CREES","isPartOf":{"@id":"https:\/\/crees.org.do\/#website"},"datePublished":"2012-01-01T00:00:00+00:00","breadcrumb":{"@id":"https:\/\/crees.org.do\/?p=20159#breadcrumb"},"inLanguage":"es","potentialAction":[{"@type":"ReadAction","target":["https:\/\/crees.org.do\/?p=20159"]}]},{"@type":"BreadcrumbList","@id":"https:\/\/crees.org.do\/?p=20159#breadcrumb","itemListElement":[{"@type":"ListItem","position":1,"name":"Portada","item":"https:\/\/crees.org.do\/"},{"@type":"ListItem","position":2,"name":"Los US$300 millones para sector el\u00e9ctrico: ilegal y caro"}]},{"@type":"WebSite","@id":"https:\/\/crees.org.do\/#website","url":"https:\/\/crees.org.do\/","name":"CREES","description":"Centro Regional de Estrategias Econ\u00f3micas Sostenibles","publisher":{"@id":"https:\/\/crees.org.do\/#organization"},"potentialAction":[{"@type":"SearchAction","target":{"@type":"EntryPoint","urlTemplate":"https:\/\/crees.org.do\/?s={search_term_string}"},"query-input":{"@type":"PropertyValueSpecification","valueRequired":true,"valueName":"search_term_string"}}],"inLanguage":"es"},{"@type":"Organization","@id":"https:\/\/crees.org.do\/#organization","name":"CREES | Centro Regional de Estrategias Econ\u00f3micas Sostenibles","url":"https:\/\/crees.org.do\/","logo":{"@type":"ImageObject","inLanguage":"es","@id":"https:\/\/crees.org.do\/#\/schema\/logo\/image\/","url":"https:\/\/crees.org.do\/wp-content\/uploads\/2022\/03\/crees-logo-1.jpg","contentUrl":"https:\/\/crees.org.do\/wp-content\/uploads\/2022\/03\/crees-logo-1.jpg","width":244,"height":71,"caption":"CREES | Centro Regional de Estrategias Econ\u00f3micas Sostenibles"},"image":{"@id":"https:\/\/crees.org.do\/#\/schema\/logo\/image\/"},"sameAs":["https:\/\/www.facebook.com\/CREESRD\/","https:\/\/x.com\/CREESRD"]},{"@type":"Person","@id":"https:\/\/crees.org.do\/#\/schema\/person\/e7f97cd94d7bf9cd0e0ce30acb7d56b8","name":"Crees","image":{"@type":"ImageObject","inLanguage":"es","@id":"https:\/\/crees.org.do\/#\/schema\/person\/image\/","url":"https:\/\/secure.gravatar.com\/avatar\/390ac8f0be5d9aa046152553e2dd7011b59a512d89c150f5e5f28bb8d9a0b165?s=96&d=mm&r=g","contentUrl":"https:\/\/secure.gravatar.com\/avatar\/390ac8f0be5d9aa046152553e2dd7011b59a512d89c150f5e5f28bb8d9a0b165?s=96&d=mm&r=g","caption":"Crees"},"url":"https:\/\/crees.org.do\/?author=2"}]}},"_links":{"self":[{"href":"https:\/\/crees.org.do\/index.php?rest_route=\/wp\/v2\/posts\/20159","targetHints":{"allow":["GET"]}}],"collection":[{"href":"https:\/\/crees.org.do\/index.php?rest_route=\/wp\/v2\/posts"}],"about":[{"href":"https:\/\/crees.org.do\/index.php?rest_route=\/wp\/v2\/types\/post"}],"author":[{"embeddable":true,"href":"https:\/\/crees.org.do\/index.php?rest_route=\/wp\/v2\/users\/2"}],"replies":[{"embeddable":true,"href":"https:\/\/crees.org.do\/index.php?rest_route=%2Fwp%2Fv2%2Fcomments&post=20159"}],"version-history":[{"count":0,"href":"https:\/\/crees.org.do\/index.php?rest_route=\/wp\/v2\/posts\/20159\/revisions"}],"wp:attachment":[{"href":"https:\/\/crees.org.do\/index.php?rest_route=%2Fwp%2Fv2%2Fmedia&parent=20159"}],"wp:term":[{"taxonomy":"category","embeddable":true,"href":"https:\/\/crees.org.do\/index.php?rest_route=%2Fwp%2Fv2%2Fcategories&post=20159"},{"taxonomy":"post_tag","embeddable":true,"href":"https:\/\/crees.org.do\/index.php?rest_route=%2Fwp%2Fv2%2Ftags&post=20159"}],"curies":[{"name":"wp","href":"https:\/\/api.w.org\/{rel}","templated":true}]}}