{"id":20163,"date":"2013-01-01T00:00:00","date_gmt":"2013-01-01T00:00:00","guid":{"rendered":"https:\/\/crees.org.do\/crees-estima-que-hay-aumento-deuda-publica\/"},"modified":"2013-01-01T00:00:00","modified_gmt":"2013-01-01T00:00:00","slug":"crees-estima-que-hay-aumento-deuda-publica","status":"publish","type":"post","link":"https:\/\/crees.org.do\/?p=20163","title":{"rendered":"CREES estima que hay aumento deuda p\u00fablica"},"content":{"rendered":"<p><span style=\"font-family: verdana, geneva, sans-serif; font-size: 12px; color: rgb(105, 105, 105); background-color: rgb(255, 255, 255); line-height: 20px;\">Autor: Jos\u00e9 Javier<\/span><\/p>\n<p style=\"margin-bottom: 15px; font-family: Arial, Helvetica, Garuda, sans-serif; line-height: 20px; background-color: rgb(255, 255, 255);\"><span style=\"color:#696969;\"><span style=\"font-size: 12px;\"><span style=\"font-family: verdana, geneva, sans-serif;\">Fuente: www.diariolibre.com<\/span><\/span><\/span><\/p>\n<p style=\"margin-bottom: 15px; font-family: Arial, Helvetica, Garuda, sans-serif; line-height: 20px; background-color: rgb(255, 255, 255);\"><span style=\"color:#696969;\"><span style=\"font-size: 12px;\"><span style=\"font-family: verdana, geneva, sans-serif;\">Fecha: 9 de febrero de 2013<\/span><\/span><\/span><\/p>\n<p style=\"margin-bottom: 15px; font-family: Arial, Helvetica, Garuda, sans-serif; line-height: 20px; background-color: rgb(255, 255, 255);\">&nbsp;<\/p>\n<p style=\"margin-bottom: 15px; font-family: Arial, Helvetica, Garuda, sans-serif; line-height: 20px; background-color: rgb(255, 255, 255); text-align: justify;\"><span style=\"font-size:12px;\"><span style=\"font-family: verdana, geneva, sans-serif;\">La Rep\u00fablica Dominicana recorre un camino de insostenibilidad fiscal y de nuevo debe enfrentarse al excesivo gasto p\u00fablico que est\u00e1 generando cada vez m\u00e1s deuda p\u00fablica por los d\u00e9ficits que genera.<\/span><\/span><\/p>\n<p style=\"margin-bottom: 15px; font-family: Arial, Helvetica, Garuda, sans-serif; line-height: 20px; background-color: rgb(255, 255, 255); text-align: justify;\"><span style=\"font-size:12px;\"><span style=\"font-family: verdana, geneva, sans-serif;\">As\u00ed lo plantea el economista y vicepresidente del Centro Regional de Estrategias Econ\u00f3micas Sostenibles (CREES), Ernesto Selman, en un art\u00edculo publicado en la p\u00e1gina web de esa entidad, en la que estima que \u00e9se es el principal reto que enfrenta la econom\u00eda en el corto y mediano plazo, y espera que el gobierno lo corrija.<\/span><\/span><\/p>\n<p style=\"margin-bottom: 15px; font-family: Arial, Helvetica, Garuda, sans-serif; line-height: 20px; background-color: rgb(255, 255, 255); text-align: justify;\"><span style=\"font-size:12px;\"><span style=\"font-family: verdana, geneva, sans-serif;\">Contrario a esa posici\u00f3n, se manifest\u00f3 el presidente de la Asociaci\u00f3n de Comerciantes e Industriales de Santiago (ACIS), Sandy Filpo, quien en torno a la emisi\u00f3n de bonos soberanos tanto del gobierno como por el Banco de Reservas, expres\u00f3 que lo m\u00e1s importante es que en el pa\u00eds se mantenga la estabilidad de la econom\u00eda. Filpo dijo que el gobierno dominicano se est\u00e1 manejando muy bien.<\/span><\/span><\/p>\n<p style=\"margin-bottom: 15px; font-family: Arial, Helvetica, Garuda, sans-serif; line-height: 20px; background-color: rgb(255, 255, 255); text-align: justify;\"><span style=\"font-size:12px;\"><span style=\"font-family: verdana, geneva, sans-serif;\">Selman explic\u00f3 que el problema de fondo de esta pol\u00edtica estatal (de endeudamiento v\u00eda bonos) est\u00e1 determinado por un excesivo gasto p\u00fablico que genera altos d\u00e9ficits fiscales.<\/span><\/span><\/p>\n<p style=\"margin-bottom: 15px; font-family: Arial, Helvetica, Garuda, sans-serif; line-height: 20px; background-color: rgb(255, 255, 255); text-align: justify;\"><span style=\"font-size:12px;\"><span style=\"font-family: verdana, geneva, sans-serif;\">&quot;Esta pol\u00edtica exige cada vez m\u00e1s requerimiento de deuda de las fuentes a que el gobierno tiene acceso. Si no existieran altos d\u00e9ficits fiscales, el BanReservas no se viera en la necesidad de otorgar cada vez mayores niveles de cr\u00e9dito al sector p\u00fablico, principalmente al gobierno central&quot;, expuso el economista.<\/span><\/span><\/p>\n<p style=\"margin-bottom: 15px; font-family: Arial, Helvetica, Garuda, sans-serif; line-height: 20px; background-color: rgb(255, 255, 255); text-align: justify;\"><span style=\"font-size:12px;\"><span style=\"font-family: verdana, geneva, sans-serif;\">Manifest\u00f3 que la soluci\u00f3n de fondo del problema que enfrenta la econom\u00eda dominicana y, por lo cual el BanReservas se ve forzado a otorgar cada vez mayores niveles de cr\u00e9dito al sector p\u00fablico, es un excesivo gasto p\u00fablico.<\/span><\/span><\/p>\n<p style=\"margin-bottom: 15px; font-family: Arial, Helvetica, Garuda, sans-serif; line-height: 20px; background-color: rgb(255, 255, 255); text-align: justify;\"><span style=\"font-size:12px;\"><span style=\"font-family: verdana, geneva, sans-serif;\">Selman expone que &quot;parecer\u00eda que la Rep\u00fablica Dominicana recorre un camino de insostenibilidad fiscal y esto debe ser resuelto con un ajuste ordenado a partir del saneamiento de las finanzas p\u00fablicas&quot;. Opin\u00f3 as\u00ed en una publicaci\u00f3n en la que se refiere a la emisi\u00f3n de deuda subordinada por US$300 millones en el mercado internacional que hizo el Banco de Reservas.<\/span><\/span><\/p>\n<p style=\"margin-bottom: 15px; font-family: Arial, Helvetica, Garuda, sans-serif; line-height: 20px; background-color: rgb(255, 255, 255); text-align: justify;\"><span style=\"font-size:12px;\"><span style=\"font-family: verdana, geneva, sans-serif;\">Agrega que &quot;de nuevo, debe enfrentarse la ra\u00edz del problema: excesivo gasto p\u00fablico que est\u00e1 generando cada vez mayor requerimiento de deuda p\u00fablica por los d\u00e9ficits que genera. Esperamos que el gobierno corrija \u00e9ste, que es el principal reto que enfrenta la econom\u00eda dominicana en el corto y mediano plazos&quot;.<\/span><\/span><\/p>\n<p style=\"margin-bottom: 15px; font-family: Arial, Helvetica, Garuda, sans-serif; line-height: 20px; background-color: rgb(255, 255, 255);\">&nbsp;<\/p>\n<div class=\"pvc_clear\"><\/div>\n<p class=\"pvc_stats all \" data-element-id=\"20163\" style=\"\"><i class=\"pvc-stats-icon medium\" aria-hidden=\"true\"><svg aria-hidden=\"true\" focusable=\"false\" data-prefix=\"far\" data-icon=\"chart-bar\" role=\"img\" xmlns=\"http:\/\/www.w3.org\/2000\/svg\" viewBox=\"0 0 512 512\" class=\"svg-inline--fa fa-chart-bar fa-w-16 fa-2x\"><path fill=\"currentColor\" d=\"M396.8 352h22.4c6.4 0 12.8-6.4 12.8-12.8V108.8c0-6.4-6.4-12.8-12.8-12.8h-22.4c-6.4 0-12.8 6.4-12.8 12.8v230.4c0 6.4 6.4 12.8 12.8 12.8zm-192 0h22.4c6.4 0 12.8-6.4 12.8-12.8V140.8c0-6.4-6.4-12.8-12.8-12.8h-22.4c-6.4 0-12.8 6.4-12.8 12.8v198.4c0 6.4 6.4 12.8 12.8 12.8zm96 0h22.4c6.4 0 12.8-6.4 12.8-12.8V204.8c0-6.4-6.4-12.8-12.8-12.8h-22.4c-6.4 0-12.8 6.4-12.8 12.8v134.4c0 6.4 6.4 12.8 12.8 12.8zM496 400H48V80c0-8.84-7.16-16-16-16H16C7.16 64 0 71.16 0 80v336c0 17.67 14.33 32 32 32h464c8.84 0 16-7.16 16-16v-16c0-8.84-7.16-16-16-16zm-387.2-48h22.4c6.4 0 12.8-6.4 12.8-12.8v-70.4c0-6.4-6.4-12.8-12.8-12.8h-22.4c-6.4 0-12.8 6.4-12.8 12.8v70.4c0 6.4 6.4 12.8 12.8 12.8z\" class=\"\"><\/path><\/svg><\/i> Vistas Totales&nbsp;351&nbsp;, Vistas Hoy&nbsp;2&nbsp;<\/p>\n<div class=\"pvc_clear\"><\/div>\n","protected":false},"excerpt":{"rendered":"<p>Autor: Jos\u00e9 JavierFuente: www.diariolibre.comFecha: 9 de febrero de 2013La Rep\u00fablica Dominicana recorre un camino de insostenibilidad fiscal y de nuevo debe enfrentarse al excesivo gasto p\u00fablico que est\u00e1 generando cada vez m\u00e1s deuda p\u00fablica por los d\u00e9ficits que genera.<\/p>\n<div class=\"pvc_clear\"><\/div>\n<p class=\"pvc_stats all \" data-element-id=\"20163\" style=\"\"><i class=\"pvc-stats-icon medium\" aria-hidden=\"true\"><svg aria-hidden=\"true\" focusable=\"false\" data-prefix=\"far\" data-icon=\"chart-bar\" role=\"img\" xmlns=\"http:\/\/www.w3.org\/2000\/svg\" viewBox=\"0 0 512 512\" class=\"svg-inline--fa fa-chart-bar fa-w-16 fa-2x\"><path fill=\"currentColor\" d=\"M396.8 352h22.4c6.4 0 12.8-6.4 12.8-12.8V108.8c0-6.4-6.4-12.8-12.8-12.8h-22.4c-6.4 0-12.8 6.4-12.8 12.8v230.4c0 6.4 6.4 12.8 12.8 12.8zm-192 0h22.4c6.4 0 12.8-6.4 12.8-12.8V140.8c0-6.4-6.4-12.8-12.8-12.8h-22.4c-6.4 0-12.8 6.4-12.8 12.8v198.4c0 6.4 6.4 12.8 12.8 12.8zm96 0h22.4c6.4 0 12.8-6.4 12.8-12.8V204.8c0-6.4-6.4-12.8-12.8-12.8h-22.4c-6.4 0-12.8 6.4-12.8 12.8v134.4c0 6.4 6.4 12.8 12.8 12.8zM496 400H48V80c0-8.84-7.16-16-16-16H16C7.16 64 0 71.16 0 80v336c0 17.67 14.33 32 32 32h464c8.84 0 16-7.16 16-16v-16c0-8.84-7.16-16-16-16zm-387.2-48h22.4c6.4 0 12.8-6.4 12.8-12.8v-70.4c0-6.4-6.4-12.8-12.8-12.8h-22.4c-6.4 0-12.8 6.4-12.8 12.8v70.4c0 6.4 6.4 12.8 12.8 12.8z\" class=\"\"><\/path><\/svg><\/i> Vistas Totales&nbsp;351&nbsp;, Vistas Hoy&nbsp;2&nbsp;<\/p>\n<div class=\"pvc_clear\"><\/div>\n","protected":false},"author":2,"featured_media":0,"comment_status":"open","ping_status":"open","sticky":false,"template":"","format":"standard","meta":{"footnotes":""},"categories":[21],"tags":[],"class_list":["post-20163","post","type-post","status-publish","format-standard","hentry","category-blog"],"yoast_head":"<!-- This site is optimized with the Yoast SEO plugin v25.2 - https:\/\/yoast.com\/wordpress\/plugins\/seo\/ -->\n<title>CREES estima que hay aumento deuda p\u00fablica | CREES<\/title>\n<meta name=\"robots\" content=\"index, follow, max-snippet:-1, max-image-preview:large, max-video-preview:-1\" \/>\n<link rel=\"canonical\" href=\"https:\/\/crees.org.do\/?p=20163\" \/>\n<meta property=\"og:locale\" content=\"es_ES\" \/>\n<meta property=\"og:type\" content=\"article\" \/>\n<meta property=\"og:title\" content=\"CREES estima que hay aumento deuda p\u00fablica | CREES\" \/>\n<meta property=\"og:description\" content=\"Autor: Jos\u00e9 JavierFuente: www.diariolibre.comFecha: 9 de febrero de 2013La Rep\u00fablica Dominicana recorre un camino de insostenibilidad fiscal y de nuevo debe enfrentarse al excesivo gasto p\u00fablico que est\u00e1 generando cada vez m\u00e1s deuda p\u00fablica por los d\u00e9ficits que genera.\" \/>\n<meta property=\"og:url\" content=\"https:\/\/crees.org.do\/?p=20163\" \/>\n<meta property=\"og:site_name\" content=\"CREES\" \/>\n<meta property=\"article:publisher\" content=\"https:\/\/www.facebook.com\/CREESRD\/\" \/>\n<meta property=\"article:published_time\" content=\"2013-01-01T00:00:00+00:00\" \/>\n<meta property=\"og:image\" content=\"https:\/\/crees.org.do\/wp-content\/uploads\/2022\/03\/crees-logo-1.jpg\" \/>\n\t<meta property=\"og:image:width\" content=\"244\" \/>\n\t<meta property=\"og:image:height\" content=\"71\" \/>\n\t<meta property=\"og:image:type\" content=\"image\/jpeg\" \/>\n<meta name=\"author\" content=\"Crees\" \/>\n<meta name=\"twitter:card\" content=\"summary_large_image\" \/>\n<meta name=\"twitter:creator\" content=\"@CREESRD\" \/>\n<meta name=\"twitter:site\" content=\"@CREESRD\" \/>\n<meta name=\"twitter:label1\" content=\"Escrito por\" \/>\n\t<meta name=\"twitter:data1\" content=\"Crees\" \/>\n\t<meta name=\"twitter:label2\" content=\"Tiempo de lectura\" \/>\n\t<meta name=\"twitter:data2\" content=\"2 minutos\" \/>\n<script type=\"application\/ld+json\" class=\"yoast-schema-graph\">{\"@context\":\"https:\/\/schema.org\",\"@graph\":[{\"@type\":\"Article\",\"@id\":\"https:\/\/crees.org.do\/?p=20163#article\",\"isPartOf\":{\"@id\":\"https:\/\/crees.org.do\/?p=20163\"},\"author\":{\"name\":\"Crees\",\"@id\":\"https:\/\/crees.org.do\/#\/schema\/person\/e7f97cd94d7bf9cd0e0ce30acb7d56b8\"},\"headline\":\"CREES estima que hay aumento deuda p\u00fablica\",\"datePublished\":\"2013-01-01T00:00:00+00:00\",\"mainEntityOfPage\":{\"@id\":\"https:\/\/crees.org.do\/?p=20163\"},\"wordCount\":443,\"commentCount\":0,\"publisher\":{\"@id\":\"https:\/\/crees.org.do\/#organization\"},\"articleSection\":[\"Blog\"],\"inLanguage\":\"es\"},{\"@type\":\"WebPage\",\"@id\":\"https:\/\/crees.org.do\/?p=20163\",\"url\":\"https:\/\/crees.org.do\/?p=20163\",\"name\":\"CREES estima que hay aumento deuda p\u00fablica | CREES\",\"isPartOf\":{\"@id\":\"https:\/\/crees.org.do\/#website\"},\"datePublished\":\"2013-01-01T00:00:00+00:00\",\"breadcrumb\":{\"@id\":\"https:\/\/crees.org.do\/?p=20163#breadcrumb\"},\"inLanguage\":\"es\",\"potentialAction\":[{\"@type\":\"ReadAction\",\"target\":[\"https:\/\/crees.org.do\/?p=20163\"]}]},{\"@type\":\"BreadcrumbList\",\"@id\":\"https:\/\/crees.org.do\/?p=20163#breadcrumb\",\"itemListElement\":[{\"@type\":\"ListItem\",\"position\":1,\"name\":\"Portada\",\"item\":\"https:\/\/crees.org.do\/\"},{\"@type\":\"ListItem\",\"position\":2,\"name\":\"CREES estima que hay aumento deuda p\u00fablica\"}]},{\"@type\":\"WebSite\",\"@id\":\"https:\/\/crees.org.do\/#website\",\"url\":\"https:\/\/crees.org.do\/\",\"name\":\"CREES\",\"description\":\"Centro Regional de Estrategias Econ\u00f3micas Sostenibles\",\"publisher\":{\"@id\":\"https:\/\/crees.org.do\/#organization\"},\"potentialAction\":[{\"@type\":\"SearchAction\",\"target\":{\"@type\":\"EntryPoint\",\"urlTemplate\":\"https:\/\/crees.org.do\/?s={search_term_string}\"},\"query-input\":{\"@type\":\"PropertyValueSpecification\",\"valueRequired\":true,\"valueName\":\"search_term_string\"}}],\"inLanguage\":\"es\"},{\"@type\":\"Organization\",\"@id\":\"https:\/\/crees.org.do\/#organization\",\"name\":\"CREES | Centro Regional de Estrategias Econ\u00f3micas Sostenibles\",\"url\":\"https:\/\/crees.org.do\/\",\"logo\":{\"@type\":\"ImageObject\",\"inLanguage\":\"es\",\"@id\":\"https:\/\/crees.org.do\/#\/schema\/logo\/image\/\",\"url\":\"https:\/\/crees.org.do\/wp-content\/uploads\/2022\/03\/crees-logo-1.jpg\",\"contentUrl\":\"https:\/\/crees.org.do\/wp-content\/uploads\/2022\/03\/crees-logo-1.jpg\",\"width\":244,\"height\":71,\"caption\":\"CREES | Centro Regional de Estrategias Econ\u00f3micas Sostenibles\"},\"image\":{\"@id\":\"https:\/\/crees.org.do\/#\/schema\/logo\/image\/\"},\"sameAs\":[\"https:\/\/www.facebook.com\/CREESRD\/\",\"https:\/\/x.com\/CREESRD\"]},{\"@type\":\"Person\",\"@id\":\"https:\/\/crees.org.do\/#\/schema\/person\/e7f97cd94d7bf9cd0e0ce30acb7d56b8\",\"name\":\"Crees\",\"image\":{\"@type\":\"ImageObject\",\"inLanguage\":\"es\",\"@id\":\"https:\/\/crees.org.do\/#\/schema\/person\/image\/\",\"url\":\"https:\/\/secure.gravatar.com\/avatar\/390ac8f0be5d9aa046152553e2dd7011b59a512d89c150f5e5f28bb8d9a0b165?s=96&d=mm&r=g\",\"contentUrl\":\"https:\/\/secure.gravatar.com\/avatar\/390ac8f0be5d9aa046152553e2dd7011b59a512d89c150f5e5f28bb8d9a0b165?s=96&d=mm&r=g\",\"caption\":\"Crees\"},\"url\":\"https:\/\/crees.org.do\/?author=2\"}]}<\/script>\n<!-- \/ Yoast SEO plugin. -->","yoast_head_json":{"title":"CREES estima que hay aumento deuda p\u00fablica | CREES","robots":{"index":"index","follow":"follow","max-snippet":"max-snippet:-1","max-image-preview":"max-image-preview:large","max-video-preview":"max-video-preview:-1"},"canonical":"https:\/\/crees.org.do\/?p=20163","og_locale":"es_ES","og_type":"article","og_title":"CREES estima que hay aumento deuda p\u00fablica | CREES","og_description":"Autor: Jos\u00e9 JavierFuente: www.diariolibre.comFecha: 9 de febrero de 2013La Rep\u00fablica Dominicana recorre un camino de insostenibilidad fiscal y de nuevo debe enfrentarse al excesivo gasto p\u00fablico que est\u00e1 generando cada vez m\u00e1s deuda p\u00fablica por los d\u00e9ficits que genera.","og_url":"https:\/\/crees.org.do\/?p=20163","og_site_name":"CREES","article_publisher":"https:\/\/www.facebook.com\/CREESRD\/","article_published_time":"2013-01-01T00:00:00+00:00","og_image":[{"width":244,"height":71,"url":"https:\/\/crees.org.do\/wp-content\/uploads\/2022\/03\/crees-logo-1.jpg","type":"image\/jpeg"}],"author":"Crees","twitter_card":"summary_large_image","twitter_creator":"@CREESRD","twitter_site":"@CREESRD","twitter_misc":{"Escrito por":"Crees","Tiempo de lectura":"2 minutos"},"schema":{"@context":"https:\/\/schema.org","@graph":[{"@type":"Article","@id":"https:\/\/crees.org.do\/?p=20163#article","isPartOf":{"@id":"https:\/\/crees.org.do\/?p=20163"},"author":{"name":"Crees","@id":"https:\/\/crees.org.do\/#\/schema\/person\/e7f97cd94d7bf9cd0e0ce30acb7d56b8"},"headline":"CREES estima que hay aumento deuda p\u00fablica","datePublished":"2013-01-01T00:00:00+00:00","mainEntityOfPage":{"@id":"https:\/\/crees.org.do\/?p=20163"},"wordCount":443,"commentCount":0,"publisher":{"@id":"https:\/\/crees.org.do\/#organization"},"articleSection":["Blog"],"inLanguage":"es"},{"@type":"WebPage","@id":"https:\/\/crees.org.do\/?p=20163","url":"https:\/\/crees.org.do\/?p=20163","name":"CREES estima que hay aumento deuda p\u00fablica | CREES","isPartOf":{"@id":"https:\/\/crees.org.do\/#website"},"datePublished":"2013-01-01T00:00:00+00:00","breadcrumb":{"@id":"https:\/\/crees.org.do\/?p=20163#breadcrumb"},"inLanguage":"es","potentialAction":[{"@type":"ReadAction","target":["https:\/\/crees.org.do\/?p=20163"]}]},{"@type":"BreadcrumbList","@id":"https:\/\/crees.org.do\/?p=20163#breadcrumb","itemListElement":[{"@type":"ListItem","position":1,"name":"Portada","item":"https:\/\/crees.org.do\/"},{"@type":"ListItem","position":2,"name":"CREES estima que hay aumento deuda p\u00fablica"}]},{"@type":"WebSite","@id":"https:\/\/crees.org.do\/#website","url":"https:\/\/crees.org.do\/","name":"CREES","description":"Centro Regional de Estrategias Econ\u00f3micas Sostenibles","publisher":{"@id":"https:\/\/crees.org.do\/#organization"},"potentialAction":[{"@type":"SearchAction","target":{"@type":"EntryPoint","urlTemplate":"https:\/\/crees.org.do\/?s={search_term_string}"},"query-input":{"@type":"PropertyValueSpecification","valueRequired":true,"valueName":"search_term_string"}}],"inLanguage":"es"},{"@type":"Organization","@id":"https:\/\/crees.org.do\/#organization","name":"CREES | Centro Regional de Estrategias Econ\u00f3micas Sostenibles","url":"https:\/\/crees.org.do\/","logo":{"@type":"ImageObject","inLanguage":"es","@id":"https:\/\/crees.org.do\/#\/schema\/logo\/image\/","url":"https:\/\/crees.org.do\/wp-content\/uploads\/2022\/03\/crees-logo-1.jpg","contentUrl":"https:\/\/crees.org.do\/wp-content\/uploads\/2022\/03\/crees-logo-1.jpg","width":244,"height":71,"caption":"CREES | Centro Regional de Estrategias Econ\u00f3micas Sostenibles"},"image":{"@id":"https:\/\/crees.org.do\/#\/schema\/logo\/image\/"},"sameAs":["https:\/\/www.facebook.com\/CREESRD\/","https:\/\/x.com\/CREESRD"]},{"@type":"Person","@id":"https:\/\/crees.org.do\/#\/schema\/person\/e7f97cd94d7bf9cd0e0ce30acb7d56b8","name":"Crees","image":{"@type":"ImageObject","inLanguage":"es","@id":"https:\/\/crees.org.do\/#\/schema\/person\/image\/","url":"https:\/\/secure.gravatar.com\/avatar\/390ac8f0be5d9aa046152553e2dd7011b59a512d89c150f5e5f28bb8d9a0b165?s=96&d=mm&r=g","contentUrl":"https:\/\/secure.gravatar.com\/avatar\/390ac8f0be5d9aa046152553e2dd7011b59a512d89c150f5e5f28bb8d9a0b165?s=96&d=mm&r=g","caption":"Crees"},"url":"https:\/\/crees.org.do\/?author=2"}]}},"_links":{"self":[{"href":"https:\/\/crees.org.do\/index.php?rest_route=\/wp\/v2\/posts\/20163","targetHints":{"allow":["GET"]}}],"collection":[{"href":"https:\/\/crees.org.do\/index.php?rest_route=\/wp\/v2\/posts"}],"about":[{"href":"https:\/\/crees.org.do\/index.php?rest_route=\/wp\/v2\/types\/post"}],"author":[{"embeddable":true,"href":"https:\/\/crees.org.do\/index.php?rest_route=\/wp\/v2\/users\/2"}],"replies":[{"embeddable":true,"href":"https:\/\/crees.org.do\/index.php?rest_route=%2Fwp%2Fv2%2Fcomments&post=20163"}],"version-history":[{"count":0,"href":"https:\/\/crees.org.do\/index.php?rest_route=\/wp\/v2\/posts\/20163\/revisions"}],"wp:attachment":[{"href":"https:\/\/crees.org.do\/index.php?rest_route=%2Fwp%2Fv2%2Fmedia&parent=20163"}],"wp:term":[{"taxonomy":"category","embeddable":true,"href":"https:\/\/crees.org.do\/index.php?rest_route=%2Fwp%2Fv2%2Fcategories&post=20163"},{"taxonomy":"post_tag","embeddable":true,"href":"https:\/\/crees.org.do\/index.php?rest_route=%2Fwp%2Fv2%2Ftags&post=20163"}],"curies":[{"name":"wp","href":"https:\/\/api.w.org\/{rel}","templated":true}]}}