{"id":20180,"date":"2013-01-01T00:00:00","date_gmt":"2013-01-01T00:00:00","guid":{"rendered":"https:\/\/crees.org.do\/selman-apoya-austeridad-ceara-la-condiciona\/"},"modified":"2013-01-01T00:00:00","modified_gmt":"2013-01-01T00:00:00","slug":"selman-apoya-austeridad-ceara-la-condiciona","status":"publish","type":"post","link":"https:\/\/crees.org.do\/?p=20180","title":{"rendered":"Selman Apoya Austeridad; Ceara la Condiciona"},"content":{"rendered":"<p><span style=\"font-family: verdana, geneva, sans-serif; font-size: 12px; color: rgb(105, 105, 105); background-color: rgb(255, 255, 255); line-height: 17.99715805053711px; text-align: justify;\">Autor: Ubaldo Guzm\u00e1n<\/span><\/p>\n<p style=\"margin-bottom: 10px; color: rgb(0, 0, 0); font-family: Arial, Helvetica, sans-serif; font-size: 11.818181991577148px; line-height: 17.99715805053711px; background-color: rgb(255, 255, 255); text-align: justify;\"><span style=\"color:#696969;\"><span style=\"font-size: 12px;\"><span style=\"font-family: verdana, geneva, sans-serif;\">Fuente: <\/span><\/span><\/span><span style=\"font-size:12px;\"><span style=\"font-family: verdana, geneva, sans-serif;\"><a href=\"http:\/\/hoy.com.do\/economia\/2013\/5\/14\/480400\/Selman-apoya-austeridad-Ceara-la-condiciona\" target=\"_blank\" rel=\"noopener\"><span style=\"color:#696969;\">www.hoy.com.do<\/span><\/a><\/span><\/span><\/p>\n<p style=\"margin-bottom: 10px; color: rgb(0, 0, 0); font-family: Arial, Helvetica, sans-serif; font-size: 11.818181991577148px; line-height: 17.99715805053711px; background-color: rgb(255, 255, 255); text-align: justify;\"><span style=\"color:#696969;\"><span style=\"font-size: 12px;\"><span style=\"font-family: verdana, geneva, sans-serif;\">Fecha: 14 de mayo de 2013<\/span><\/span><\/span><\/p>\n<p style=\"margin-bottom: 10px; color: rgb(0, 0, 0); font-family: Arial, Helvetica, sans-serif; font-size: 11.818181991577148px; line-height: 17.99715805053711px; background-color: rgb(255, 255, 255); text-align: justify;\">&nbsp;<\/p>\n<p style=\"margin-bottom: 10px; color: rgb(0, 0, 0); font-family: Arial, Helvetica, sans-serif; font-size: 11.818181991577148px; line-height: 17.99715805053711px; background-color: rgb(255, 255, 255); text-align: justify;\"><span style=\"font-size:12px;\"><span style=\"font-family: verdana, geneva, sans-serif;\">El mantenimiento de la austeridad por parte del gobierno es la pol\u00edtica correcta para sanear las finanzas p\u00fablicas, dijo ayer el vicepresidente ejecutivo del Centro Regional de Estrategias Econ\u00f3micas Sostenibles (CREES), Ernesto Selman.<\/span><\/span><\/p>\n<p style=\"margin-bottom: 10px; color: rgb(0, 0, 0); font-family: Arial, Helvetica, sans-serif; font-size: 11.818181991577148px; line-height: 17.99715805053711px; background-color: rgb(255, 255, 255); text-align: justify;\"><span style=\"font-size:12px;\"><span style=\"font-family: verdana, geneva, sans-serif;\">Mientras, el economista Miguel Ceara Hatton&nbsp; dijo que lo m\u00e1s importante es que exista transparencia en el gasto.<\/span><\/span><\/p>\n<p style=\"margin-bottom: 10px; color: rgb(0, 0, 0); font-family: Arial, Helvetica, sans-serif; font-size: 11.818181991577148px; line-height: 17.99715805053711px; background-color: rgb(255, 255, 255); text-align: justify;\"><span style=\"font-size:12px;\"><span style=\"font-family: verdana, geneva, sans-serif;\">Expres\u00f3 que hasta este momento no hay transparencia en el gasto p\u00fablico pues&nbsp; no hay detalles de c\u00f3mo se est\u00e1 gastando.<\/span><\/span><\/p>\n<p style=\"margin-bottom: 10px; color: rgb(0, 0, 0); font-family: Arial, Helvetica, sans-serif; font-size: 11.818181991577148px; line-height: 17.99715805053711px; background-color: rgb(255, 255, 255); text-align: justify;\"><span style=\"font-size:12px;\"><span style=\"font-family: verdana, geneva, sans-serif;\">Selman dijo que adem\u00e1s de la&nbsp; la pol\u00edtica de austeridad del gobierno, habr\u00eda que hacer un esfuerzo adicional pues aparentemente la parte del ajuste por el lado del gasto se est\u00e1 haciendo por la inversi\u00f3n de capital.<\/span><\/span><\/p>\n<p style=\"margin-bottom: 10px; color: rgb(0, 0, 0); font-family: Arial, Helvetica, sans-serif; font-size: 11.818181991577148px; line-height: 17.99715805053711px; background-color: rgb(255, 255, 255); text-align: justify;\"><span style=\"font-size:12px;\"><span style=\"font-family: verdana, geneva, sans-serif;\">&nbsp;&ldquo;Nosotros aupamos al gobierno a que asume esa pol\u00edtica y que la acompa\u00f1e -y esto es lo m\u00e1s importante- de reformas estructurales en diferentes sectores de la econom\u00eda para reducir el costo de vivir y hacer negocios en la Rep\u00fablica Dominicana y para promover la inversi\u00f3n y la generaci\u00f3n de empleo&rdquo;, sostuvo.<\/span><\/span><\/p>\n<p style=\"margin-bottom: 10px; color: rgb(0, 0, 0); font-family: Arial, Helvetica, sans-serif; font-size: 11.818181991577148px; line-height: 17.99715805053711px; background-color: rgb(255, 255, 255); text-align: justify;\"><span style=\"font-size:12px;\"><span style=\"font-family: verdana, geneva, sans-serif;\">Consider\u00f3 que el gobierno debe enfocar muy bien los temas de los nominillas, los subsidios que no se justifican, incluyendo&nbsp; a empresas deficitarias en manos del Estado y a transportistas.<\/span><\/span><\/p>\n<p style=\"margin-bottom: 10px; color: rgb(0, 0, 0); font-family: Arial, Helvetica, sans-serif; font-size: 11.818181991577148px; line-height: 17.99715805053711px; background-color: rgb(255, 255, 255); text-align: justify;\"><span style=\"font-size:12px;\"><span style=\"font-family: verdana, geneva, sans-serif;\">Selman dijo que de existir una verdadera pol\u00edtica de austeridad, tal vez&nbsp; no habr\u00eda que recurrir a un presupuesto complementario.<\/span><\/span><\/p>\n<p style=\"margin-bottom: 10px; color: rgb(0, 0, 0); font-family: Arial, Helvetica, sans-serif; font-size: 11.818181991577148px; line-height: 17.99715805053711px; background-color: rgb(255, 255, 255); text-align: justify;\"><span style=\"font-size:12px;\"><span style=\"font-family: verdana, geneva, sans-serif;\">Ceara Hatton dijo que nadie sabe si el decreto de austeridad del gobierno, publicado en agosto se est\u00e1 implementando o no.<\/span><\/span><\/p>\n<p style=\"margin-bottom: 10px; color: rgb(0, 0, 0); font-family: Arial, Helvetica, sans-serif; font-size: 11.818181991577148px; line-height: 17.99715805053711px; background-color: rgb(255, 255, 255); text-align: justify;\"><span style=\"font-size:12px;\"><span style=\"font-family: verdana, geneva, sans-serif;\">Dijo que hasta ahora se han publicado puras generalidades sobre la ejecuci\u00f3n presupuestaria del primer trimestre de este a\u00f1o. &ldquo;&iquest;Por qu\u00e9 el gobierno no publica eso de una manera transparente?&rdquo;, se pregunt\u00f3.<\/span><\/span><\/p>\n<p style=\"margin-bottom: 10px; color: rgb(0, 0, 0); font-family: Arial, Helvetica, sans-serif; font-size: 11.818181991577148px; line-height: 17.99715805053711px; text-align: justify; background-color: rgb(255, 255, 255);\">&nbsp;<\/p>\n<div class=\"pvc_clear\"><\/div>\n<p class=\"pvc_stats all \" data-element-id=\"20180\" style=\"\"><i class=\"pvc-stats-icon medium\" aria-hidden=\"true\"><svg aria-hidden=\"true\" focusable=\"false\" data-prefix=\"far\" data-icon=\"chart-bar\" role=\"img\" xmlns=\"http:\/\/www.w3.org\/2000\/svg\" viewBox=\"0 0 512 512\" class=\"svg-inline--fa fa-chart-bar fa-w-16 fa-2x\"><path fill=\"currentColor\" d=\"M396.8 352h22.4c6.4 0 12.8-6.4 12.8-12.8V108.8c0-6.4-6.4-12.8-12.8-12.8h-22.4c-6.4 0-12.8 6.4-12.8 12.8v230.4c0 6.4 6.4 12.8 12.8 12.8zm-192 0h22.4c6.4 0 12.8-6.4 12.8-12.8V140.8c0-6.4-6.4-12.8-12.8-12.8h-22.4c-6.4 0-12.8 6.4-12.8 12.8v198.4c0 6.4 6.4 12.8 12.8 12.8zm96 0h22.4c6.4 0 12.8-6.4 12.8-12.8V204.8c0-6.4-6.4-12.8-12.8-12.8h-22.4c-6.4 0-12.8 6.4-12.8 12.8v134.4c0 6.4 6.4 12.8 12.8 12.8zM496 400H48V80c0-8.84-7.16-16-16-16H16C7.16 64 0 71.16 0 80v336c0 17.67 14.33 32 32 32h464c8.84 0 16-7.16 16-16v-16c0-8.84-7.16-16-16-16zm-387.2-48h22.4c6.4 0 12.8-6.4 12.8-12.8v-70.4c0-6.4-6.4-12.8-12.8-12.8h-22.4c-6.4 0-12.8 6.4-12.8 12.8v70.4c0 6.4 6.4 12.8 12.8 12.8z\" class=\"\"><\/path><\/svg><\/i> Vistas Totales&nbsp;348&nbsp;, Vistas Hoy&nbsp;2&nbsp;<\/p>\n<div class=\"pvc_clear\"><\/div>\n","protected":false},"excerpt":{"rendered":"<p>Autor: Ubaldo Guzm\u00e1nFuente: www.hoy.com.doFecha: 14 de mayo de 2013El mantenimiento de la austeridad por parte del gobierno es la pol\u00edtica correcta para sanear las finanzas p\u00fablicas, dijo ayer el vicepresidente ejecutivo del Centro Regional de Estrategias Econ\u00f3micas Sostenibles (CREES), Ernesto Selman.Mientras, el economista Miguel Ceara Hatton  dijo que lo m\u00e1s importante es que exista transparencia en el gasto.<\/p>\n<div class=\"pvc_clear\"><\/div>\n<p class=\"pvc_stats all \" data-element-id=\"20180\" style=\"\"><i class=\"pvc-stats-icon medium\" aria-hidden=\"true\"><svg aria-hidden=\"true\" focusable=\"false\" data-prefix=\"far\" data-icon=\"chart-bar\" role=\"img\" xmlns=\"http:\/\/www.w3.org\/2000\/svg\" viewBox=\"0 0 512 512\" class=\"svg-inline--fa fa-chart-bar fa-w-16 fa-2x\"><path fill=\"currentColor\" d=\"M396.8 352h22.4c6.4 0 12.8-6.4 12.8-12.8V108.8c0-6.4-6.4-12.8-12.8-12.8h-22.4c-6.4 0-12.8 6.4-12.8 12.8v230.4c0 6.4 6.4 12.8 12.8 12.8zm-192 0h22.4c6.4 0 12.8-6.4 12.8-12.8V140.8c0-6.4-6.4-12.8-12.8-12.8h-22.4c-6.4 0-12.8 6.4-12.8 12.8v198.4c0 6.4 6.4 12.8 12.8 12.8zm96 0h22.4c6.4 0 12.8-6.4 12.8-12.8V204.8c0-6.4-6.4-12.8-12.8-12.8h-22.4c-6.4 0-12.8 6.4-12.8 12.8v134.4c0 6.4 6.4 12.8 12.8 12.8zM496 400H48V80c0-8.84-7.16-16-16-16H16C7.16 64 0 71.16 0 80v336c0 17.67 14.33 32 32 32h464c8.84 0 16-7.16 16-16v-16c0-8.84-7.16-16-16-16zm-387.2-48h22.4c6.4 0 12.8-6.4 12.8-12.8v-70.4c0-6.4-6.4-12.8-12.8-12.8h-22.4c-6.4 0-12.8 6.4-12.8 12.8v70.4c0 6.4 6.4 12.8 12.8 12.8z\" class=\"\"><\/path><\/svg><\/i> Vistas Totales&nbsp;348&nbsp;, Vistas Hoy&nbsp;2&nbsp;<\/p>\n<div class=\"pvc_clear\"><\/div>\n","protected":false},"author":2,"featured_media":0,"comment_status":"open","ping_status":"open","sticky":false,"template":"","format":"standard","meta":{"footnotes":""},"categories":[21],"tags":[],"class_list":["post-20180","post","type-post","status-publish","format-standard","hentry","category-blog"],"yoast_head":"<!-- This site is optimized with the Yoast SEO plugin v25.2 - https:\/\/yoast.com\/wordpress\/plugins\/seo\/ -->\n<title>Selman Apoya Austeridad; Ceara la Condiciona | CREES<\/title>\n<meta name=\"robots\" content=\"index, follow, max-snippet:-1, max-image-preview:large, max-video-preview:-1\" \/>\n<link rel=\"canonical\" href=\"https:\/\/crees.org.do\/?p=20180\" \/>\n<meta property=\"og:locale\" content=\"es_ES\" \/>\n<meta property=\"og:type\" content=\"article\" \/>\n<meta property=\"og:title\" content=\"Selman Apoya Austeridad; Ceara la Condiciona | CREES\" \/>\n<meta property=\"og:description\" content=\"Autor: Ubaldo Guzm\u00e1nFuente: www.hoy.com.doFecha: 14 de mayo de 2013El mantenimiento de la austeridad por parte del gobierno es la pol\u00edtica correcta para sanear las finanzas p\u00fablicas, dijo ayer el vicepresidente ejecutivo del Centro Regional de Estrategias Econ\u00f3micas Sostenibles (CREES), Ernesto Selman.Mientras, el economista Miguel Ceara Hatton dijo que lo m\u00e1s importante es que exista transparencia en el gasto.\" \/>\n<meta property=\"og:url\" content=\"https:\/\/crees.org.do\/?p=20180\" \/>\n<meta property=\"og:site_name\" content=\"CREES\" \/>\n<meta property=\"article:publisher\" content=\"https:\/\/www.facebook.com\/CREESRD\/\" \/>\n<meta property=\"article:published_time\" content=\"2013-01-01T00:00:00+00:00\" \/>\n<meta property=\"og:image\" content=\"https:\/\/crees.org.do\/wp-content\/uploads\/2022\/03\/crees-logo-1.jpg\" \/>\n\t<meta property=\"og:image:width\" content=\"244\" \/>\n\t<meta property=\"og:image:height\" content=\"71\" \/>\n\t<meta property=\"og:image:type\" content=\"image\/jpeg\" \/>\n<meta name=\"author\" content=\"Crees\" \/>\n<meta name=\"twitter:card\" content=\"summary_large_image\" \/>\n<meta name=\"twitter:creator\" content=\"@CREESRD\" \/>\n<meta name=\"twitter:site\" content=\"@CREESRD\" \/>\n<meta name=\"twitter:label1\" content=\"Escrito por\" \/>\n\t<meta name=\"twitter:data1\" content=\"Crees\" \/>\n\t<meta name=\"twitter:label2\" content=\"Tiempo de lectura\" \/>\n\t<meta name=\"twitter:data2\" content=\"2 minutos\" \/>\n<script type=\"application\/ld+json\" class=\"yoast-schema-graph\">{\"@context\":\"https:\/\/schema.org\",\"@graph\":[{\"@type\":\"Article\",\"@id\":\"https:\/\/crees.org.do\/?p=20180#article\",\"isPartOf\":{\"@id\":\"https:\/\/crees.org.do\/?p=20180\"},\"author\":{\"name\":\"Crees\",\"@id\":\"https:\/\/crees.org.do\/#\/schema\/person\/e7f97cd94d7bf9cd0e0ce30acb7d56b8\"},\"headline\":\"Selman Apoya Austeridad; Ceara la Condiciona\",\"datePublished\":\"2013-01-01T00:00:00+00:00\",\"mainEntityOfPage\":{\"@id\":\"https:\/\/crees.org.do\/?p=20180\"},\"wordCount\":317,\"commentCount\":0,\"publisher\":{\"@id\":\"https:\/\/crees.org.do\/#organization\"},\"articleSection\":[\"Blog\"],\"inLanguage\":\"es\"},{\"@type\":\"WebPage\",\"@id\":\"https:\/\/crees.org.do\/?p=20180\",\"url\":\"https:\/\/crees.org.do\/?p=20180\",\"name\":\"Selman Apoya Austeridad; Ceara la Condiciona | CREES\",\"isPartOf\":{\"@id\":\"https:\/\/crees.org.do\/#website\"},\"datePublished\":\"2013-01-01T00:00:00+00:00\",\"breadcrumb\":{\"@id\":\"https:\/\/crees.org.do\/?p=20180#breadcrumb\"},\"inLanguage\":\"es\",\"potentialAction\":[{\"@type\":\"ReadAction\",\"target\":[\"https:\/\/crees.org.do\/?p=20180\"]}]},{\"@type\":\"BreadcrumbList\",\"@id\":\"https:\/\/crees.org.do\/?p=20180#breadcrumb\",\"itemListElement\":[{\"@type\":\"ListItem\",\"position\":1,\"name\":\"Portada\",\"item\":\"https:\/\/crees.org.do\/\"},{\"@type\":\"ListItem\",\"position\":2,\"name\":\"Selman Apoya Austeridad; Ceara la Condiciona\"}]},{\"@type\":\"WebSite\",\"@id\":\"https:\/\/crees.org.do\/#website\",\"url\":\"https:\/\/crees.org.do\/\",\"name\":\"CREES\",\"description\":\"Centro Regional de Estrategias Econ\u00f3micas Sostenibles\",\"publisher\":{\"@id\":\"https:\/\/crees.org.do\/#organization\"},\"potentialAction\":[{\"@type\":\"SearchAction\",\"target\":{\"@type\":\"EntryPoint\",\"urlTemplate\":\"https:\/\/crees.org.do\/?s={search_term_string}\"},\"query-input\":{\"@type\":\"PropertyValueSpecification\",\"valueRequired\":true,\"valueName\":\"search_term_string\"}}],\"inLanguage\":\"es\"},{\"@type\":\"Organization\",\"@id\":\"https:\/\/crees.org.do\/#organization\",\"name\":\"CREES | Centro Regional de Estrategias Econ\u00f3micas Sostenibles\",\"url\":\"https:\/\/crees.org.do\/\",\"logo\":{\"@type\":\"ImageObject\",\"inLanguage\":\"es\",\"@id\":\"https:\/\/crees.org.do\/#\/schema\/logo\/image\/\",\"url\":\"https:\/\/crees.org.do\/wp-content\/uploads\/2022\/03\/crees-logo-1.jpg\",\"contentUrl\":\"https:\/\/crees.org.do\/wp-content\/uploads\/2022\/03\/crees-logo-1.jpg\",\"width\":244,\"height\":71,\"caption\":\"CREES | Centro Regional de Estrategias Econ\u00f3micas Sostenibles\"},\"image\":{\"@id\":\"https:\/\/crees.org.do\/#\/schema\/logo\/image\/\"},\"sameAs\":[\"https:\/\/www.facebook.com\/CREESRD\/\",\"https:\/\/x.com\/CREESRD\"]},{\"@type\":\"Person\",\"@id\":\"https:\/\/crees.org.do\/#\/schema\/person\/e7f97cd94d7bf9cd0e0ce30acb7d56b8\",\"name\":\"Crees\",\"image\":{\"@type\":\"ImageObject\",\"inLanguage\":\"es\",\"@id\":\"https:\/\/crees.org.do\/#\/schema\/person\/image\/\",\"url\":\"https:\/\/secure.gravatar.com\/avatar\/390ac8f0be5d9aa046152553e2dd7011b59a512d89c150f5e5f28bb8d9a0b165?s=96&d=mm&r=g\",\"contentUrl\":\"https:\/\/secure.gravatar.com\/avatar\/390ac8f0be5d9aa046152553e2dd7011b59a512d89c150f5e5f28bb8d9a0b165?s=96&d=mm&r=g\",\"caption\":\"Crees\"},\"url\":\"https:\/\/crees.org.do\/?author=2\"}]}<\/script>\n<!-- \/ Yoast SEO plugin. -->","yoast_head_json":{"title":"Selman Apoya Austeridad; Ceara la Condiciona | CREES","robots":{"index":"index","follow":"follow","max-snippet":"max-snippet:-1","max-image-preview":"max-image-preview:large","max-video-preview":"max-video-preview:-1"},"canonical":"https:\/\/crees.org.do\/?p=20180","og_locale":"es_ES","og_type":"article","og_title":"Selman Apoya Austeridad; Ceara la Condiciona | CREES","og_description":"Autor: Ubaldo Guzm\u00e1nFuente: www.hoy.com.doFecha: 14 de mayo de 2013El mantenimiento de la austeridad por parte del gobierno es la pol\u00edtica correcta para sanear las finanzas p\u00fablicas, dijo ayer el vicepresidente ejecutivo del Centro Regional de Estrategias Econ\u00f3micas Sostenibles (CREES), Ernesto Selman.Mientras, el economista Miguel Ceara Hatton dijo que lo m\u00e1s importante es que exista transparencia en el gasto.","og_url":"https:\/\/crees.org.do\/?p=20180","og_site_name":"CREES","article_publisher":"https:\/\/www.facebook.com\/CREESRD\/","article_published_time":"2013-01-01T00:00:00+00:00","og_image":[{"width":244,"height":71,"url":"https:\/\/crees.org.do\/wp-content\/uploads\/2022\/03\/crees-logo-1.jpg","type":"image\/jpeg"}],"author":"Crees","twitter_card":"summary_large_image","twitter_creator":"@CREESRD","twitter_site":"@CREESRD","twitter_misc":{"Escrito por":"Crees","Tiempo de lectura":"2 minutos"},"schema":{"@context":"https:\/\/schema.org","@graph":[{"@type":"Article","@id":"https:\/\/crees.org.do\/?p=20180#article","isPartOf":{"@id":"https:\/\/crees.org.do\/?p=20180"},"author":{"name":"Crees","@id":"https:\/\/crees.org.do\/#\/schema\/person\/e7f97cd94d7bf9cd0e0ce30acb7d56b8"},"headline":"Selman Apoya Austeridad; Ceara la Condiciona","datePublished":"2013-01-01T00:00:00+00:00","mainEntityOfPage":{"@id":"https:\/\/crees.org.do\/?p=20180"},"wordCount":317,"commentCount":0,"publisher":{"@id":"https:\/\/crees.org.do\/#organization"},"articleSection":["Blog"],"inLanguage":"es"},{"@type":"WebPage","@id":"https:\/\/crees.org.do\/?p=20180","url":"https:\/\/crees.org.do\/?p=20180","name":"Selman Apoya Austeridad; Ceara la Condiciona | CREES","isPartOf":{"@id":"https:\/\/crees.org.do\/#website"},"datePublished":"2013-01-01T00:00:00+00:00","breadcrumb":{"@id":"https:\/\/crees.org.do\/?p=20180#breadcrumb"},"inLanguage":"es","potentialAction":[{"@type":"ReadAction","target":["https:\/\/crees.org.do\/?p=20180"]}]},{"@type":"BreadcrumbList","@id":"https:\/\/crees.org.do\/?p=20180#breadcrumb","itemListElement":[{"@type":"ListItem","position":1,"name":"Portada","item":"https:\/\/crees.org.do\/"},{"@type":"ListItem","position":2,"name":"Selman Apoya Austeridad; Ceara la Condiciona"}]},{"@type":"WebSite","@id":"https:\/\/crees.org.do\/#website","url":"https:\/\/crees.org.do\/","name":"CREES","description":"Centro Regional de Estrategias Econ\u00f3micas Sostenibles","publisher":{"@id":"https:\/\/crees.org.do\/#organization"},"potentialAction":[{"@type":"SearchAction","target":{"@type":"EntryPoint","urlTemplate":"https:\/\/crees.org.do\/?s={search_term_string}"},"query-input":{"@type":"PropertyValueSpecification","valueRequired":true,"valueName":"search_term_string"}}],"inLanguage":"es"},{"@type":"Organization","@id":"https:\/\/crees.org.do\/#organization","name":"CREES | Centro Regional de Estrategias Econ\u00f3micas Sostenibles","url":"https:\/\/crees.org.do\/","logo":{"@type":"ImageObject","inLanguage":"es","@id":"https:\/\/crees.org.do\/#\/schema\/logo\/image\/","url":"https:\/\/crees.org.do\/wp-content\/uploads\/2022\/03\/crees-logo-1.jpg","contentUrl":"https:\/\/crees.org.do\/wp-content\/uploads\/2022\/03\/crees-logo-1.jpg","width":244,"height":71,"caption":"CREES | Centro Regional de Estrategias Econ\u00f3micas Sostenibles"},"image":{"@id":"https:\/\/crees.org.do\/#\/schema\/logo\/image\/"},"sameAs":["https:\/\/www.facebook.com\/CREESRD\/","https:\/\/x.com\/CREESRD"]},{"@type":"Person","@id":"https:\/\/crees.org.do\/#\/schema\/person\/e7f97cd94d7bf9cd0e0ce30acb7d56b8","name":"Crees","image":{"@type":"ImageObject","inLanguage":"es","@id":"https:\/\/crees.org.do\/#\/schema\/person\/image\/","url":"https:\/\/secure.gravatar.com\/avatar\/390ac8f0be5d9aa046152553e2dd7011b59a512d89c150f5e5f28bb8d9a0b165?s=96&d=mm&r=g","contentUrl":"https:\/\/secure.gravatar.com\/avatar\/390ac8f0be5d9aa046152553e2dd7011b59a512d89c150f5e5f28bb8d9a0b165?s=96&d=mm&r=g","caption":"Crees"},"url":"https:\/\/crees.org.do\/?author=2"}]}},"_links":{"self":[{"href":"https:\/\/crees.org.do\/index.php?rest_route=\/wp\/v2\/posts\/20180","targetHints":{"allow":["GET"]}}],"collection":[{"href":"https:\/\/crees.org.do\/index.php?rest_route=\/wp\/v2\/posts"}],"about":[{"href":"https:\/\/crees.org.do\/index.php?rest_route=\/wp\/v2\/types\/post"}],"author":[{"embeddable":true,"href":"https:\/\/crees.org.do\/index.php?rest_route=\/wp\/v2\/users\/2"}],"replies":[{"embeddable":true,"href":"https:\/\/crees.org.do\/index.php?rest_route=%2Fwp%2Fv2%2Fcomments&post=20180"}],"version-history":[{"count":0,"href":"https:\/\/crees.org.do\/index.php?rest_route=\/wp\/v2\/posts\/20180\/revisions"}],"wp:attachment":[{"href":"https:\/\/crees.org.do\/index.php?rest_route=%2Fwp%2Fv2%2Fmedia&parent=20180"}],"wp:term":[{"taxonomy":"category","embeddable":true,"href":"https:\/\/crees.org.do\/index.php?rest_route=%2Fwp%2Fv2%2Fcategories&post=20180"},{"taxonomy":"post_tag","embeddable":true,"href":"https:\/\/crees.org.do\/index.php?rest_route=%2Fwp%2Fv2%2Ftags&post=20180"}],"curies":[{"name":"wp","href":"https:\/\/api.w.org\/{rel}","templated":true}]}}