{"id":20195,"date":"2013-01-01T00:00:00","date_gmt":"2013-01-01T00:00:00","guid":{"rendered":"https:\/\/crees.org.do\/rd-necesita-reformas-enfrenten-desempleo\/"},"modified":"2013-01-01T00:00:00","modified_gmt":"2013-01-01T00:00:00","slug":"rd-necesita-reformas-enfrenten-desempleo","status":"publish","type":"post","link":"https:\/\/crees.org.do\/?p=20195","title":{"rendered":"RD Necesita Reformas Enfrenten Desempleo"},"content":{"rendered":"<p style=\"margin-bottom: 15px; color: rgb(0, 0, 0); font-family: Arial, Helvetica, Garuda, sans-serif; line-height: 20px; background-color: rgb(255, 255, 255); text-align: justify;\"><span style=\"color:#696969;\"><span style=\"font-family: verdana, geneva, sans-serif;\"><span style=\"font-size: 12px;\">Autor: Jos\u00e9 Javier<\/span><\/span><\/span><\/p>\n<p style=\"margin-bottom: 15px; color: rgb(0, 0, 0); font-family: Arial, Helvetica, Garuda, sans-serif; line-height: 20px; background-color: rgb(255, 255, 255); text-align: justify;\"><span style=\"color:#696969;\"><span style=\"font-family: verdana, geneva, sans-serif;\"><span style=\"font-size: 12px;\">Fuente: <a href=\"http:\/\/www.diariolibre.com\/economia\/2013\/06\/15\/i388437_necesita-reformas-enfrenten-desempleo.html\" target=\"_top\" rel=\"noopener\">www.diariolibre.com<\/a><\/span><\/span><\/span><\/p>\n<p style=\"margin-bottom: 15px; color: rgb(0, 0, 0); font-family: Arial, Helvetica, Garuda, sans-serif; line-height: 20px; background-color: rgb(255, 255, 255); text-align: justify;\"><span style=\"color:#696969;\"><span style=\"font-family: verdana, geneva, sans-serif;\"><span style=\"font-size: 12px;\">Fecha: 15 de junio de 2013<\/span><\/span><\/span><\/p>\n<p style=\"margin-bottom: 15px; color: rgb(0, 0, 0); font-family: Arial, Helvetica, Garuda, sans-serif; line-height: 20px; background-color: rgb(255, 255, 255); text-align: justify;\">&nbsp;<\/p>\n<p style=\"margin-bottom: 15px; color: rgb(0, 0, 0); font-family: Arial, Helvetica, Garuda, sans-serif; line-height: 20px; background-color: rgb(255, 255, 255); text-align: justify;\"><span style=\"font-family:verdana,geneva,sans-serif;\"><span style=\"font-size: 12px;\">SD. El economista Miguel Collado Di Franco, del Consejo Regional de Estrategias Econ\u00f3micas Sostenibles (CREES), asegur\u00f3 que los pobres niveles de ingresos, el alto desempleo y los bajos salarios promedios en el pa\u00eds indican que es necesario implementar, urgentemente, reformas estructurales que incidan de forma positiva en el clima de negocios y en la estructura de costos de la econom\u00eda.<\/span><\/span><\/p>\n<p style=\"margin-bottom: 15px; color: rgb(0, 0, 0); font-family: Arial, Helvetica, Garuda, sans-serif; line-height: 20px; background-color: rgb(255, 255, 255); text-align: justify;\"><span style=\"font-family:verdana,geneva,sans-serif;\"><span style=\"font-size: 12px;\">Expuso que &quot;mientras m\u00e1s demoramos, m\u00e1s se afectan las inversiones existentes de nacionales y extranjeros, y menos atractivo resulta el pa\u00eds para incrementar sustancialmente el flujo de inversi\u00f3n internacional&quot;.<\/span><\/span><\/p>\n<p style=\"margin-bottom: 15px; color: rgb(0, 0, 0); font-family: Arial, Helvetica, Garuda, sans-serif; line-height: 20px; background-color: rgb(255, 255, 255); text-align: justify;\"><span style=\"font-family:verdana,geneva,sans-serif;\"><span style=\"font-size: 12px;\">Collado Di Franco cit\u00f3, a modo de conclusi\u00f3n, que a lo largo de la Humanidad se ha podido lograr un incremento en la generaci\u00f3n de riqueza gracias al crecimiento econ\u00f3mico resultante de aumentos de productividad impulsados por la acumulaci\u00f3n de capital.<\/span><\/span><\/p>\n<p style=\"margin-bottom: 15px; color: rgb(0, 0, 0); font-family: Arial, Helvetica, Garuda, sans-serif; line-height: 20px; background-color: rgb(255, 255, 255); text-align: justify;\"><span style=\"font-family:verdana,geneva,sans-serif;\"><span style=\"font-size: 12px;\">Manifest\u00f3 que las inversiones de capital, a su vez, son el resultado del ahorro previo que resulta de los ingresos de los agentes de la econom\u00eda.<\/span><\/span><\/p>\n<p style=\"margin-bottom: 15px; color: rgb(0, 0, 0); font-family: Arial, Helvetica, Garuda, sans-serif; line-height: 20px; background-color: rgb(255, 255, 255); text-align: justify;\"><span style=\"font-family:verdana,geneva,sans-serif;\"><span style=\"font-size: 12px;\">Consider\u00f3 que para que se originen mayores inversiones de capital, es preciso que los ingresos generados localmente no sean penalizados por pol\u00edticas p\u00fablicas que los reduzcan. Agreg\u00f3 que cuando los ingresos de los asalariados y de los emprendedores son penalizados, el nivel de ahorro general sufre.<\/span><\/span><\/p>\n<p style=\"margin-bottom: 15px; color: rgb(0, 0, 0); font-family: Arial, Helvetica, Garuda, sans-serif; line-height: 20px; background-color: rgb(255, 255, 255); text-align: justify;\"><span style=\"font-family:verdana,geneva,sans-serif;\"><span style=\"font-size: 12px;\">Como resultado-, dijo- disminuye la posibilidad de que se incrementen las inversiones en emprendimientos nuevos, y que se reponga el stock de capital que se va depreciando en las empresas existentes.<\/span><\/span><\/p>\n<p style=\"margin-bottom: 15px; color: rgb(0, 0, 0); font-family: Arial, Helvetica, Garuda, sans-serif; line-height: 20px; background-color: rgb(255, 255, 255); text-align: justify;\"><span style=\"font-family:verdana,geneva,sans-serif;\"><span style=\"font-size: 12px;\">Collado Di Franco entiende que ante la realidad de que los pa\u00edses con mayores ingresos cuentan con ahorros previos, es imprescindible aprovechar la canalizaci\u00f3n de los mismos en forma de inversi\u00f3n extranjera directa (IED).<\/span><\/span><\/p>\n<p style=\"margin-bottom: 15px; color: rgb(0, 0, 0); font-family: Arial, Helvetica, Garuda, sans-serif; line-height: 20px; background-color: rgb(255, 255, 255); text-align: justify;\"><span style=\"font-family:verdana,geneva,sans-serif;\"><span style=\"font-size: 12px;\">Agreg\u00f3 que la IED es un elemento importante para elevar la producci\u00f3n de un pa\u00eds y acelerar su crecimiento econ\u00f3mico, por lo que considera que en los actuales momentos, el debate p\u00fablico local debiera estar centrado en cu\u00e1les son las pol\u00edticas necesarias para atraer la mayor cantidad posible de inversi\u00f3n.<\/span><\/span><\/p>\n<p style=\"margin-bottom: 15px; color: rgb(0, 0, 0); font-family: Arial, Helvetica, Garuda, sans-serif; line-height: 20px; background-color: rgb(255, 255, 255); text-align: justify;\"><span style=\"font-family:verdana,geneva,sans-serif;\"><span style=\"font-size: 12px;\">&quot;Si queremos que aumente la riqueza material entre los dominicanos, es necesario crear las condiciones para m\u00e1s puestos de trabajo y mayor productividad, lo que s\u00f3lo se logra con m\u00e1s capital que el actualmente invertido&quot;, dijo.<\/span><\/span><\/p>\n<p style=\"margin-bottom: 15px; color: rgb(0, 0, 0); font-family: Arial, Helvetica, Garuda, sans-serif; line-height: 20px; background-color: rgb(255, 255, 255);\">&nbsp;<\/p>\n<div class=\"pvc_clear\"><\/div>\n<p class=\"pvc_stats all \" data-element-id=\"20195\" style=\"\"><i class=\"pvc-stats-icon medium\" aria-hidden=\"true\"><svg aria-hidden=\"true\" focusable=\"false\" data-prefix=\"far\" data-icon=\"chart-bar\" role=\"img\" xmlns=\"http:\/\/www.w3.org\/2000\/svg\" viewBox=\"0 0 512 512\" class=\"svg-inline--fa fa-chart-bar fa-w-16 fa-2x\"><path fill=\"currentColor\" d=\"M396.8 352h22.4c6.4 0 12.8-6.4 12.8-12.8V108.8c0-6.4-6.4-12.8-12.8-12.8h-22.4c-6.4 0-12.8 6.4-12.8 12.8v230.4c0 6.4 6.4 12.8 12.8 12.8zm-192 0h22.4c6.4 0 12.8-6.4 12.8-12.8V140.8c0-6.4-6.4-12.8-12.8-12.8h-22.4c-6.4 0-12.8 6.4-12.8 12.8v198.4c0 6.4 6.4 12.8 12.8 12.8zm96 0h22.4c6.4 0 12.8-6.4 12.8-12.8V204.8c0-6.4-6.4-12.8-12.8-12.8h-22.4c-6.4 0-12.8 6.4-12.8 12.8v134.4c0 6.4 6.4 12.8 12.8 12.8zM496 400H48V80c0-8.84-7.16-16-16-16H16C7.16 64 0 71.16 0 80v336c0 17.67 14.33 32 32 32h464c8.84 0 16-7.16 16-16v-16c0-8.84-7.16-16-16-16zm-387.2-48h22.4c6.4 0 12.8-6.4 12.8-12.8v-70.4c0-6.4-6.4-12.8-12.8-12.8h-22.4c-6.4 0-12.8 6.4-12.8 12.8v70.4c0 6.4 6.4 12.8 12.8 12.8z\" class=\"\"><\/path><\/svg><\/i> Vistas Totales&nbsp;354&nbsp;, Vistas Hoy&nbsp;2&nbsp;<\/p>\n<div class=\"pvc_clear\"><\/div>\n","protected":false},"excerpt":{"rendered":"<p>Autor: Jos\u00e9 JavierFuente: www.diariolibre.comFecha: 15 de junio de 2013SD. El economista Miguel Collado Di Franco, del Consejo Regional de Estrategias Econ\u00f3micas Sostenibles (CREES), asegur\u00f3 que los pobres niveles de ingresos, el alto desempleo y los bajos salarios promedios en el pa\u00eds indican que es necesario implementar, urgentemente, reformas estructurales que incidan de forma positiva en el clima de negocios y en la estructura de costos de la econom\u00eda.<\/p>\n<div class=\"pvc_clear\"><\/div>\n<p class=\"pvc_stats all \" data-element-id=\"20195\" style=\"\"><i class=\"pvc-stats-icon medium\" aria-hidden=\"true\"><svg aria-hidden=\"true\" focusable=\"false\" data-prefix=\"far\" data-icon=\"chart-bar\" role=\"img\" xmlns=\"http:\/\/www.w3.org\/2000\/svg\" viewBox=\"0 0 512 512\" class=\"svg-inline--fa fa-chart-bar fa-w-16 fa-2x\"><path fill=\"currentColor\" d=\"M396.8 352h22.4c6.4 0 12.8-6.4 12.8-12.8V108.8c0-6.4-6.4-12.8-12.8-12.8h-22.4c-6.4 0-12.8 6.4-12.8 12.8v230.4c0 6.4 6.4 12.8 12.8 12.8zm-192 0h22.4c6.4 0 12.8-6.4 12.8-12.8V140.8c0-6.4-6.4-12.8-12.8-12.8h-22.4c-6.4 0-12.8 6.4-12.8 12.8v198.4c0 6.4 6.4 12.8 12.8 12.8zm96 0h22.4c6.4 0 12.8-6.4 12.8-12.8V204.8c0-6.4-6.4-12.8-12.8-12.8h-22.4c-6.4 0-12.8 6.4-12.8 12.8v134.4c0 6.4 6.4 12.8 12.8 12.8zM496 400H48V80c0-8.84-7.16-16-16-16H16C7.16 64 0 71.16 0 80v336c0 17.67 14.33 32 32 32h464c8.84 0 16-7.16 16-16v-16c0-8.84-7.16-16-16-16zm-387.2-48h22.4c6.4 0 12.8-6.4 12.8-12.8v-70.4c0-6.4-6.4-12.8-12.8-12.8h-22.4c-6.4 0-12.8 6.4-12.8 12.8v70.4c0 6.4 6.4 12.8 12.8 12.8z\" class=\"\"><\/path><\/svg><\/i> Vistas Totales&nbsp;354&nbsp;, Vistas Hoy&nbsp;2&nbsp;<\/p>\n<div class=\"pvc_clear\"><\/div>\n","protected":false},"author":2,"featured_media":0,"comment_status":"open","ping_status":"open","sticky":false,"template":"","format":"standard","meta":{"footnotes":""},"categories":[21],"tags":[],"class_list":["post-20195","post","type-post","status-publish","format-standard","hentry","category-blog"],"yoast_head":"<!-- This site is optimized with the Yoast SEO plugin v25.2 - https:\/\/yoast.com\/wordpress\/plugins\/seo\/ -->\n<title>RD Necesita Reformas Enfrenten Desempleo | CREES<\/title>\n<meta name=\"robots\" content=\"index, follow, max-snippet:-1, max-image-preview:large, max-video-preview:-1\" \/>\n<link rel=\"canonical\" href=\"https:\/\/crees.org.do\/?p=20195\" \/>\n<meta property=\"og:locale\" content=\"es_ES\" \/>\n<meta property=\"og:type\" content=\"article\" \/>\n<meta property=\"og:title\" content=\"RD Necesita Reformas Enfrenten Desempleo | CREES\" \/>\n<meta property=\"og:description\" content=\"Autor: Jos\u00e9 JavierFuente: www.diariolibre.comFecha: 15 de junio de 2013SD. El economista Miguel Collado Di Franco, del Consejo Regional de Estrategias Econ\u00f3micas Sostenibles (CREES), asegur\u00f3 que los pobres niveles de ingresos, el alto desempleo y los bajos salarios promedios en el pa\u00eds indican que es necesario implementar, urgentemente, reformas estructurales que incidan de forma positiva en el clima de negocios y en la estructura de costos de la econom\u00eda.\" \/>\n<meta property=\"og:url\" content=\"https:\/\/crees.org.do\/?p=20195\" \/>\n<meta property=\"og:site_name\" content=\"CREES\" \/>\n<meta property=\"article:publisher\" content=\"https:\/\/www.facebook.com\/CREESRD\/\" \/>\n<meta property=\"article:published_time\" content=\"2013-01-01T00:00:00+00:00\" \/>\n<meta property=\"og:image\" content=\"https:\/\/crees.org.do\/wp-content\/uploads\/2022\/03\/crees-logo-1.jpg\" \/>\n\t<meta property=\"og:image:width\" content=\"244\" \/>\n\t<meta property=\"og:image:height\" content=\"71\" \/>\n\t<meta property=\"og:image:type\" content=\"image\/jpeg\" \/>\n<meta name=\"author\" content=\"Crees\" \/>\n<meta name=\"twitter:card\" content=\"summary_large_image\" \/>\n<meta name=\"twitter:creator\" content=\"@CREESRD\" \/>\n<meta name=\"twitter:site\" content=\"@CREESRD\" \/>\n<meta name=\"twitter:label1\" content=\"Escrito por\" \/>\n\t<meta name=\"twitter:data1\" content=\"Crees\" \/>\n\t<meta name=\"twitter:label2\" content=\"Tiempo de lectura\" \/>\n\t<meta name=\"twitter:data2\" content=\"2 minutos\" \/>\n<script type=\"application\/ld+json\" class=\"yoast-schema-graph\">{\"@context\":\"https:\/\/schema.org\",\"@graph\":[{\"@type\":\"Article\",\"@id\":\"https:\/\/crees.org.do\/?p=20195#article\",\"isPartOf\":{\"@id\":\"https:\/\/crees.org.do\/?p=20195\"},\"author\":{\"name\":\"Crees\",\"@id\":\"https:\/\/crees.org.do\/#\/schema\/person\/e7f97cd94d7bf9cd0e0ce30acb7d56b8\"},\"headline\":\"RD Necesita Reformas Enfrenten Desempleo\",\"datePublished\":\"2013-01-01T00:00:00+00:00\",\"mainEntityOfPage\":{\"@id\":\"https:\/\/crees.org.do\/?p=20195\"},\"wordCount\":402,\"commentCount\":0,\"publisher\":{\"@id\":\"https:\/\/crees.org.do\/#organization\"},\"articleSection\":[\"Blog\"],\"inLanguage\":\"es\"},{\"@type\":\"WebPage\",\"@id\":\"https:\/\/crees.org.do\/?p=20195\",\"url\":\"https:\/\/crees.org.do\/?p=20195\",\"name\":\"RD Necesita Reformas Enfrenten Desempleo | CREES\",\"isPartOf\":{\"@id\":\"https:\/\/crees.org.do\/#website\"},\"datePublished\":\"2013-01-01T00:00:00+00:00\",\"breadcrumb\":{\"@id\":\"https:\/\/crees.org.do\/?p=20195#breadcrumb\"},\"inLanguage\":\"es\",\"potentialAction\":[{\"@type\":\"ReadAction\",\"target\":[\"https:\/\/crees.org.do\/?p=20195\"]}]},{\"@type\":\"BreadcrumbList\",\"@id\":\"https:\/\/crees.org.do\/?p=20195#breadcrumb\",\"itemListElement\":[{\"@type\":\"ListItem\",\"position\":1,\"name\":\"Portada\",\"item\":\"https:\/\/crees.org.do\/\"},{\"@type\":\"ListItem\",\"position\":2,\"name\":\"RD Necesita Reformas Enfrenten Desempleo\"}]},{\"@type\":\"WebSite\",\"@id\":\"https:\/\/crees.org.do\/#website\",\"url\":\"https:\/\/crees.org.do\/\",\"name\":\"CREES\",\"description\":\"Centro Regional de Estrategias Econ\u00f3micas Sostenibles\",\"publisher\":{\"@id\":\"https:\/\/crees.org.do\/#organization\"},\"potentialAction\":[{\"@type\":\"SearchAction\",\"target\":{\"@type\":\"EntryPoint\",\"urlTemplate\":\"https:\/\/crees.org.do\/?s={search_term_string}\"},\"query-input\":{\"@type\":\"PropertyValueSpecification\",\"valueRequired\":true,\"valueName\":\"search_term_string\"}}],\"inLanguage\":\"es\"},{\"@type\":\"Organization\",\"@id\":\"https:\/\/crees.org.do\/#organization\",\"name\":\"CREES | Centro Regional de Estrategias Econ\u00f3micas Sostenibles\",\"url\":\"https:\/\/crees.org.do\/\",\"logo\":{\"@type\":\"ImageObject\",\"inLanguage\":\"es\",\"@id\":\"https:\/\/crees.org.do\/#\/schema\/logo\/image\/\",\"url\":\"https:\/\/crees.org.do\/wp-content\/uploads\/2022\/03\/crees-logo-1.jpg\",\"contentUrl\":\"https:\/\/crees.org.do\/wp-content\/uploads\/2022\/03\/crees-logo-1.jpg\",\"width\":244,\"height\":71,\"caption\":\"CREES | Centro Regional de Estrategias Econ\u00f3micas Sostenibles\"},\"image\":{\"@id\":\"https:\/\/crees.org.do\/#\/schema\/logo\/image\/\"},\"sameAs\":[\"https:\/\/www.facebook.com\/CREESRD\/\",\"https:\/\/x.com\/CREESRD\"]},{\"@type\":\"Person\",\"@id\":\"https:\/\/crees.org.do\/#\/schema\/person\/e7f97cd94d7bf9cd0e0ce30acb7d56b8\",\"name\":\"Crees\",\"image\":{\"@type\":\"ImageObject\",\"inLanguage\":\"es\",\"@id\":\"https:\/\/crees.org.do\/#\/schema\/person\/image\/\",\"url\":\"https:\/\/secure.gravatar.com\/avatar\/390ac8f0be5d9aa046152553e2dd7011b59a512d89c150f5e5f28bb8d9a0b165?s=96&d=mm&r=g\",\"contentUrl\":\"https:\/\/secure.gravatar.com\/avatar\/390ac8f0be5d9aa046152553e2dd7011b59a512d89c150f5e5f28bb8d9a0b165?s=96&d=mm&r=g\",\"caption\":\"Crees\"},\"url\":\"https:\/\/crees.org.do\/?author=2\"}]}<\/script>\n<!-- \/ Yoast SEO plugin. -->","yoast_head_json":{"title":"RD Necesita Reformas Enfrenten Desempleo | CREES","robots":{"index":"index","follow":"follow","max-snippet":"max-snippet:-1","max-image-preview":"max-image-preview:large","max-video-preview":"max-video-preview:-1"},"canonical":"https:\/\/crees.org.do\/?p=20195","og_locale":"es_ES","og_type":"article","og_title":"RD Necesita Reformas Enfrenten Desempleo | CREES","og_description":"Autor: Jos\u00e9 JavierFuente: www.diariolibre.comFecha: 15 de junio de 2013SD. El economista Miguel Collado Di Franco, del Consejo Regional de Estrategias Econ\u00f3micas Sostenibles (CREES), asegur\u00f3 que los pobres niveles de ingresos, el alto desempleo y los bajos salarios promedios en el pa\u00eds indican que es necesario implementar, urgentemente, reformas estructurales que incidan de forma positiva en el clima de negocios y en la estructura de costos de la econom\u00eda.","og_url":"https:\/\/crees.org.do\/?p=20195","og_site_name":"CREES","article_publisher":"https:\/\/www.facebook.com\/CREESRD\/","article_published_time":"2013-01-01T00:00:00+00:00","og_image":[{"width":244,"height":71,"url":"https:\/\/crees.org.do\/wp-content\/uploads\/2022\/03\/crees-logo-1.jpg","type":"image\/jpeg"}],"author":"Crees","twitter_card":"summary_large_image","twitter_creator":"@CREESRD","twitter_site":"@CREESRD","twitter_misc":{"Escrito por":"Crees","Tiempo de lectura":"2 minutos"},"schema":{"@context":"https:\/\/schema.org","@graph":[{"@type":"Article","@id":"https:\/\/crees.org.do\/?p=20195#article","isPartOf":{"@id":"https:\/\/crees.org.do\/?p=20195"},"author":{"name":"Crees","@id":"https:\/\/crees.org.do\/#\/schema\/person\/e7f97cd94d7bf9cd0e0ce30acb7d56b8"},"headline":"RD Necesita Reformas Enfrenten Desempleo","datePublished":"2013-01-01T00:00:00+00:00","mainEntityOfPage":{"@id":"https:\/\/crees.org.do\/?p=20195"},"wordCount":402,"commentCount":0,"publisher":{"@id":"https:\/\/crees.org.do\/#organization"},"articleSection":["Blog"],"inLanguage":"es"},{"@type":"WebPage","@id":"https:\/\/crees.org.do\/?p=20195","url":"https:\/\/crees.org.do\/?p=20195","name":"RD Necesita Reformas Enfrenten Desempleo | CREES","isPartOf":{"@id":"https:\/\/crees.org.do\/#website"},"datePublished":"2013-01-01T00:00:00+00:00","breadcrumb":{"@id":"https:\/\/crees.org.do\/?p=20195#breadcrumb"},"inLanguage":"es","potentialAction":[{"@type":"ReadAction","target":["https:\/\/crees.org.do\/?p=20195"]}]},{"@type":"BreadcrumbList","@id":"https:\/\/crees.org.do\/?p=20195#breadcrumb","itemListElement":[{"@type":"ListItem","position":1,"name":"Portada","item":"https:\/\/crees.org.do\/"},{"@type":"ListItem","position":2,"name":"RD Necesita Reformas Enfrenten Desempleo"}]},{"@type":"WebSite","@id":"https:\/\/crees.org.do\/#website","url":"https:\/\/crees.org.do\/","name":"CREES","description":"Centro Regional de Estrategias Econ\u00f3micas Sostenibles","publisher":{"@id":"https:\/\/crees.org.do\/#organization"},"potentialAction":[{"@type":"SearchAction","target":{"@type":"EntryPoint","urlTemplate":"https:\/\/crees.org.do\/?s={search_term_string}"},"query-input":{"@type":"PropertyValueSpecification","valueRequired":true,"valueName":"search_term_string"}}],"inLanguage":"es"},{"@type":"Organization","@id":"https:\/\/crees.org.do\/#organization","name":"CREES | Centro Regional de Estrategias Econ\u00f3micas Sostenibles","url":"https:\/\/crees.org.do\/","logo":{"@type":"ImageObject","inLanguage":"es","@id":"https:\/\/crees.org.do\/#\/schema\/logo\/image\/","url":"https:\/\/crees.org.do\/wp-content\/uploads\/2022\/03\/crees-logo-1.jpg","contentUrl":"https:\/\/crees.org.do\/wp-content\/uploads\/2022\/03\/crees-logo-1.jpg","width":244,"height":71,"caption":"CREES | Centro Regional de Estrategias Econ\u00f3micas Sostenibles"},"image":{"@id":"https:\/\/crees.org.do\/#\/schema\/logo\/image\/"},"sameAs":["https:\/\/www.facebook.com\/CREESRD\/","https:\/\/x.com\/CREESRD"]},{"@type":"Person","@id":"https:\/\/crees.org.do\/#\/schema\/person\/e7f97cd94d7bf9cd0e0ce30acb7d56b8","name":"Crees","image":{"@type":"ImageObject","inLanguage":"es","@id":"https:\/\/crees.org.do\/#\/schema\/person\/image\/","url":"https:\/\/secure.gravatar.com\/avatar\/390ac8f0be5d9aa046152553e2dd7011b59a512d89c150f5e5f28bb8d9a0b165?s=96&d=mm&r=g","contentUrl":"https:\/\/secure.gravatar.com\/avatar\/390ac8f0be5d9aa046152553e2dd7011b59a512d89c150f5e5f28bb8d9a0b165?s=96&d=mm&r=g","caption":"Crees"},"url":"https:\/\/crees.org.do\/?author=2"}]}},"_links":{"self":[{"href":"https:\/\/crees.org.do\/index.php?rest_route=\/wp\/v2\/posts\/20195","targetHints":{"allow":["GET"]}}],"collection":[{"href":"https:\/\/crees.org.do\/index.php?rest_route=\/wp\/v2\/posts"}],"about":[{"href":"https:\/\/crees.org.do\/index.php?rest_route=\/wp\/v2\/types\/post"}],"author":[{"embeddable":true,"href":"https:\/\/crees.org.do\/index.php?rest_route=\/wp\/v2\/users\/2"}],"replies":[{"embeddable":true,"href":"https:\/\/crees.org.do\/index.php?rest_route=%2Fwp%2Fv2%2Fcomments&post=20195"}],"version-history":[{"count":0,"href":"https:\/\/crees.org.do\/index.php?rest_route=\/wp\/v2\/posts\/20195\/revisions"}],"wp:attachment":[{"href":"https:\/\/crees.org.do\/index.php?rest_route=%2Fwp%2Fv2%2Fmedia&parent=20195"}],"wp:term":[{"taxonomy":"category","embeddable":true,"href":"https:\/\/crees.org.do\/index.php?rest_route=%2Fwp%2Fv2%2Fcategories&post=20195"},{"taxonomy":"post_tag","embeddable":true,"href":"https:\/\/crees.org.do\/index.php?rest_route=%2Fwp%2Fv2%2Ftags&post=20195"}],"curies":[{"name":"wp","href":"https:\/\/api.w.org\/{rel}","templated":true}]}}