{"id":20211,"date":"2013-01-01T00:00:00","date_gmt":"2013-01-01T00:00:00","guid":{"rendered":"https:\/\/crees.org.do\/gobierno-se-emplea-a-fondo-en-turismo-pero-aun-hay-retos\/"},"modified":"2013-01-01T00:00:00","modified_gmt":"2013-01-01T00:00:00","slug":"gobierno-se-emplea-a-fondo-en-turismo-pero-aun-hay-retos","status":"publish","type":"post","link":"https:\/\/crees.org.do\/?p=20211","title":{"rendered":"Gobierno se emplea a fondo en turismo, pero a\u00fan hay retos"},"content":{"rendered":"<p style=\"margin-bottom: 10px; font-family: Arial, Helvetica, sans-serif; font-size: 11.818181991577148px; line-height: 17.99715805053711px; text-align: justify; background-color: rgb(255, 255, 255);\"><span style=\"font-size:12px;\"><span style=\"font-family:verdana,geneva,sans-serif;\">Autor: Patria Reyes<\/span><\/span><\/p>\n<p style=\"margin-bottom: 10px; font-family: Arial, Helvetica, sans-serif; font-size: 11.818181991577148px; line-height: 17.99715805053711px; text-align: justify; background-color: rgb(255, 255, 255);\"><span style=\"font-size:12px;\"><span style=\"font-family:verdana,geneva,sans-serif;\">Fuente: <a href=\"http:\/\/hoy.com.do\/economia\/2013\/8\/12\/493821\/Gobierno-se-emplea-a-fondo-en-turismo-pero-aun-hay-retos\" target=\"_blank\" rel=\"noopener\">www.hoy.com.do<\/a><\/span><\/span><\/p>\n<p style=\"margin-bottom: 10px; font-family: Arial, Helvetica, sans-serif; font-size: 11.818181991577148px; line-height: 17.99715805053711px; text-align: justify; background-color: rgb(255, 255, 255);\"><span style=\"font-size:12px;\"><span style=\"font-family:verdana,geneva,sans-serif;\">Fecha: 14 Agosto 2013<\/span><\/span><\/p>\n<p style=\"margin-bottom: 10px; font-family: Arial, Helvetica, sans-serif; font-size: 11.818181991577148px; line-height: 17.99715805053711px; text-align: justify; background-color: rgb(255, 255, 255);\">&nbsp;<\/p>\n<p style=\"margin-bottom: 10px; font-family: Arial, Helvetica, sans-serif; font-size: 11.818181991577148px; line-height: 17.99715805053711px; text-align: justify; background-color: rgb(255, 255, 255);\"><span style=\"font-size:12px;\"><span style=\"font-family:verdana,geneva,sans-serif;\"><span style=\"line-height: 17.99715805053711px;\">En su primer a\u00f1o el gobierno del presidente Danilo Medina ha hecho un gran esfuerzo para elevar la competitividad del pa\u00eds en materia tur\u00edstica e impulsar al sector, desarrollando una agresiva campa\u00f1a en todas sus Oficina de Promoci\u00f3n Tur\u00edstica (OPT) ubicadas en los distintos mercados emisores.<\/span><\/span><\/span><\/p>\n<p style=\"margin-bottom: 10px; font-family: Arial, Helvetica, sans-serif; font-size: 11.818181991577148px; line-height: 17.99715805053711px; text-align: justify; background-color: rgb(255, 255, 255);\"><span style=\"font-size:12px;\"><span style=\"font-family:verdana,geneva,sans-serif;\">Pero estas acciones se han desarrollado en un escenario de crisis internacional que ha deprimido a importantes mercados de oferta tur\u00edstica.<\/span><\/span><\/p>\n<p style=\"margin-bottom: 10px; font-family: Arial, Helvetica, sans-serif; font-size: 11.818181991577148px; line-height: 17.99715805053711px; text-align: justify; background-color: rgb(255, 255, 255);\"><span style=\"font-size:12px;\"><span style=\"font-family:verdana,geneva,sans-serif;\">La analista Gabriela Fern\u00e1ndez Leroux, del&nbsp; Consejo Regional de Estrategias Econ\u00f3micas Sostenibles (CREES), plantea que se hace necesario llevar a cabo una serie de reformas que mejoren sustancialmente la seguridad ciudadana y los costos asociados al turismo, as\u00ed como asegurar la sostenibilidad medioambiental y de los recursos culturales.<\/span><\/span><\/p>\n<p style=\"margin-bottom: 10px; font-family: Arial, Helvetica, sans-serif; font-size: 11.818181991577148px; line-height: 17.99715805053711px; text-align: justify; background-color: rgb(255, 255, 255);\"><span style=\"font-size:12px;\"><span style=\"font-family:verdana,geneva,sans-serif;\">&nbsp;&nbsp; Entre&nbsp; los&nbsp;esfuerzos para atraer nuevos mercados emisores e inversionistas desarrolladores de proyectos, sobre todo del&nbsp; mercado chino, destaca&nbsp; la reciente iniciativa gubernamental de modificar la Ley 158-01 de Fomento al Desarrollo&nbsp; Tur\u00edsticos para adecuar los incentivos fiscales a niveles que permitan un constante desarrollo del sector&nbsp; y atraer la inversi\u00f3n de empresas locales, extranjeras y multinacionales.<\/span><\/span><\/p>\n<p style=\"margin-bottom: 10px; font-family: Arial, Helvetica, sans-serif; font-size: 11.818181991577148px; line-height: 17.99715805053711px; text-align: justify; background-color: rgb(255, 255, 255);\"><span style=\"font-size:12px;\"><span style=\"font-family:verdana,geneva,sans-serif;\">&nbsp;<strong>Proyecto emprendidos.<\/strong>&nbsp;Con el financiamiento del Banco Interamericano de Desarrollo (BID) se iniciaron&nbsp; los trabajos&nbsp;&nbsp; de remozamiento de la Zona Colonial, a traves del Proyecto &quot;Reforma Integral de Calles Priorizadas&quot;, con una inversi\u00f3n de&nbsp;&nbsp; RD$367 millones.<\/span><\/span><\/p>\n<p style=\"margin-bottom: 10px; font-family: Arial, Helvetica, sans-serif; font-size: 11.818181991577148px; line-height: 17.99715805053711px; text-align: justify; background-color: rgb(255, 255, 255);\"><span style=\"font-size:12px;\"><span style=\"font-family:verdana,geneva,sans-serif;\">&nbsp; De igual forma se concluyen los trabajos de la Autopista del Coral, cuya&nbsp; obra es considerada el m\u00e1s relevante aporte para el crecimiento del sector tur\u00edstico de la regi\u00f3n Este, con un valor estimado de US$360,734,279.80.<\/span><\/span><\/p>\n<p style=\"margin-bottom: 10px; font-family: Arial, Helvetica, sans-serif; font-size: 11.818181991577148px; line-height: 17.99715805053711px; text-align: justify; background-color: rgb(255, 255, 255);\"><span style=\"font-size:12px;\"><span style=\"font-family:verdana,geneva,sans-serif;\">Este proyecto facilitar\u00e1 la comunicaci\u00f3n vial entre los enclaves tur\u00edsticos de La Romana, Bayah\u00edbe, Hig\u00fcey Punta Cana, B\u00e1varo, Cap Cana, Macao y Uvero Alto, que representan alrededor del 60% de la oferta hotelera del pa\u00eds.<\/span><\/span><\/p>\n<p style=\"margin-bottom: 10px; font-family: Arial, Helvetica, sans-serif; font-size: 11.818181991577148px; line-height: 17.99715805053711px; text-align: justify; background-color: rgb(255, 255, 255);\"><span style=\"font-size:12px;\"><span style=\"font-family:verdana,geneva,sans-serif;\">&nbsp;As\u00ed mismo, el Gobierno se&nbsp; propone&nbsp; relanzar el&nbsp; turismo en Puerto Plata, aportando para&nbsp;la construcci\u00f3n&nbsp; a cuatro carriles de la carretera Puerto Plata-Navarrete; la reconstrucci\u00f3n de la carretera tur\u00edstica Montellano-Gurabo (Santiago), la construcci\u00f3n de la carretera que unir\u00e1 a Maim\u00f3n con la provincia Montecristi y la&nbsp; reconstrucci\u00f3n&nbsp; de la carretera Puerto Plata-Nagua.<\/span><\/span><\/p>\n<p style=\"margin-bottom: 10px; font-family: Arial, Helvetica, sans-serif; font-size: 11.818181991577148px; line-height: 17.99715805053711px; text-align: justify; background-color: rgb(255, 255, 255);\"><span style=\"font-size:12px;\"><span style=\"font-family:verdana,geneva,sans-serif;\">&nbsp; Para el desarrollo tur\u00edstico de Saman\u00e1 se anunci\u00f3 el inicio de un programa de obras que influir\u00e1n en el repunte de esta provincia, y que conllevar\u00e1 una&nbsp; inversi\u00f3n de RD$150 millones.<\/span><\/span><\/p>\n<p style=\"margin-bottom: 10px; font-family: Arial, Helvetica, sans-serif; font-size: 11.818181991577148px; line-height: 17.99715805053711px; text-align: justify; background-color: rgb(255, 255, 255);\"><span style=\"font-size:12px;\"><span style=\"font-family:verdana,geneva,sans-serif;\"><strong>Realidad.<\/strong>&nbsp; La crisis econ\u00f3mica que ha&nbsp; afectado a&nbsp;los mercados emisores europeos, la cancelaci\u00f3n&nbsp; de importantes rutas a\u00e9reas, el alza en los costos de los pasajes a\u00e9reos y el aumento de la inseguridad ciudadana son algunos&nbsp;de los factores que&nbsp; han amenazado&nbsp; las metas propuestas por el&nbsp; presidente&nbsp; Medina en su primer a\u00f1o de gesti\u00f3n, y que entre enero y mayo del 2013 marcaron una tendencia negativa de -0.30%.<\/span><\/span><\/p>\n<p style=\"margin-bottom: 10px; font-family: Arial, Helvetica, sans-serif; font-size: 11.818181991577148px; line-height: 17.99715805053711px; text-align: justify; background-color: rgb(255, 255, 255);\"><span style=\"font-size:12px;\"><span style=\"font-family:verdana,geneva,sans-serif;\">&nbsp;A\u00fan cuando el Gobierno aument\u00f3 en 146% el presupuesto para el sector tur\u00edstico, el Banco Central (BC) da cuenta de que&nbsp; el flujo de visitantes durante el primer trimestre de este a\u00f1o, solo tuvo una variaci\u00f3n de 0.3% al recibir 2,460,862 visitantes no residentes, 7,090 pasajeros adicional al a\u00f1o anterior en el mismo periodo.<\/span><\/span><\/p>\n<p style=\"margin-bottom: 10px; font-family: Arial, Helvetica, sans-serif; font-size: 11.818181991577148px; line-height: 17.99715805053711px; text-align: justify; background-color: rgb(255, 255, 255);\"><span style=\"font-size:12px;\"><span style=\"font-family:verdana,geneva,sans-serif;\">Seg\u00fan el BC, los ingresos generados por el sector a junio del 2013 aumentaron&nbsp; 3.1% y el valor agregado un 1.8%, sin embargo en el mismo per\u00edodo del 2012, los ingresos reportaron un crecimiento&nbsp; de 8.1%.<\/span><\/span><\/p>\n<p style=\"margin-bottom: 10px; font-family: Arial, Helvetica, sans-serif; font-size: 11.818181991577148px; line-height: 17.99715805053711px; text-align: justify; background-color: rgb(255, 255, 255);\"><span style=\"font-size:12px;\"><span style=\"font-family:verdana,geneva,sans-serif;\">Estas cifras plantean que aunque se refleja cierto crecimiento en lo que va de a\u00f1o, ha sido muy inferior a lo logrado en el 2012.<\/span><\/span><\/p>\n<p style=\"margin-bottom: 10px; font-family: Arial, Helvetica, sans-serif; font-size: 11.818181991577148px; line-height: 17.99715805053711px; background-color: rgb(255, 255, 255);\"><span style=\"font-size:12px;\"><span style=\"font-family:verdana,geneva,sans-serif;\"><strong>&nbsp;Retos que persisten.<\/strong>&nbsp;Para conseguir la meta propuesta el Gobierno de diez millones de turistas al 2022, deber\u00e1 redoblar los esfuerzos para&nbsp; diversificar el producto tur\u00edstico, ampliar los incentivos a todo el territorio nacional, bajar los niveles de inseguridad y potenciar las zonas de mayor atractivo para&nbsp; los turistas.<\/span><\/span><\/p>\n<p style=\"margin-bottom: 10px; font-family: Arial, Helvetica, sans-serif; font-size: 11.818181991577148px; line-height: 17.99715805053711px; text-align: justify; background-color: rgb(255, 255, 255);\"><span style=\"font-size:12px;\"><span style=\"font-family:verdana,geneva,sans-serif;\">As\u00ed mismo es necesario lograr avanzar en materia de competitividad&nbsp; bajando los costos de los pasajes a\u00e9reos y abriendo nuevas rutas que faciliten el transporte de&nbsp; los visitantes.<\/span><\/span><\/p>\n<p style=\"margin-bottom: 10px; font-family: Arial, Helvetica, sans-serif; font-size: 11.818181991577148px; line-height: 17.99715805053711px; text-align: justify; background-color: rgb(255, 255, 255);\"><span style=\"font-size:12px;\"><span style=\"font-family:verdana,geneva,sans-serif;\">Otro reto importante es que las comunidades que&nbsp; coexisten alrededor de los destinos tur\u00edsticos crezcan en lo econ\u00f3mico,&nbsp;se enriquezcan culturalmente, y&nbsp; no sean afectadas por un turismo malsano.<\/span><\/span><\/p>\n<p style=\"margin-bottom: 10px; font-family: Arial, Helvetica, sans-serif; font-size: 11.818181991577148px; line-height: 17.99715805053711px; text-align: justify; background-color: rgb(255, 255, 255);\"><span style=\"font-size:12px;\"><span style=\"font-family:verdana,geneva,sans-serif;\"><strong>ZOOM<\/p>\n<p>Positiva gesti\u00f3n&nbsp;<\/strong><br \/>La Asociaci\u00f3n de Hoteles y Turismo de la Rep\u00fablica Dominicana (Asonahores) valor\u00f3 como extraordinariamente positivas las acciones en materia tur\u00edstica del Gobierno del Presidente Danilo Medina en su&nbsp; primer a\u00f1o de gesti\u00f3n.<\/p>\n<p>La entidad resalt\u00f3 que el Gobierno ha tenido grandes aciertos en materia tur\u00edstica, y cit\u00f3 la decisi\u00f3n del Presidente de terminar la Autopista del Coral&nbsp; (proyecto que tenia 7 a\u00f1os en carpeta), y el apoyo al Ministerio de Turismo para el desarrollo de una efectiva campa\u00f1a de promoci\u00f3n a nivel nacional e internacional.<\/span><\/span><\/p>\n<div class=\"pvc_clear\"><\/div>\n<p class=\"pvc_stats all \" data-element-id=\"20211\" style=\"\"><i class=\"pvc-stats-icon medium\" aria-hidden=\"true\"><svg aria-hidden=\"true\" focusable=\"false\" data-prefix=\"far\" data-icon=\"chart-bar\" role=\"img\" xmlns=\"http:\/\/www.w3.org\/2000\/svg\" viewBox=\"0 0 512 512\" class=\"svg-inline--fa fa-chart-bar fa-w-16 fa-2x\"><path fill=\"currentColor\" d=\"M396.8 352h22.4c6.4 0 12.8-6.4 12.8-12.8V108.8c0-6.4-6.4-12.8-12.8-12.8h-22.4c-6.4 0-12.8 6.4-12.8 12.8v230.4c0 6.4 6.4 12.8 12.8 12.8zm-192 0h22.4c6.4 0 12.8-6.4 12.8-12.8V140.8c0-6.4-6.4-12.8-12.8-12.8h-22.4c-6.4 0-12.8 6.4-12.8 12.8v198.4c0 6.4 6.4 12.8 12.8 12.8zm96 0h22.4c6.4 0 12.8-6.4 12.8-12.8V204.8c0-6.4-6.4-12.8-12.8-12.8h-22.4c-6.4 0-12.8 6.4-12.8 12.8v134.4c0 6.4 6.4 12.8 12.8 12.8zM496 400H48V80c0-8.84-7.16-16-16-16H16C7.16 64 0 71.16 0 80v336c0 17.67 14.33 32 32 32h464c8.84 0 16-7.16 16-16v-16c0-8.84-7.16-16-16-16zm-387.2-48h22.4c6.4 0 12.8-6.4 12.8-12.8v-70.4c0-6.4-6.4-12.8-12.8-12.8h-22.4c-6.4 0-12.8 6.4-12.8 12.8v70.4c0 6.4 6.4 12.8 12.8 12.8z\" class=\"\"><\/path><\/svg><\/i> Vistas Totales&nbsp;356&nbsp;, Vistas Hoy&nbsp;3&nbsp;<\/p>\n<div class=\"pvc_clear\"><\/div>\n","protected":false},"excerpt":{"rendered":"<p>Autor: Patria ReyesFuente: www.hoy.com.doFecha: 14 Agosto 2013En su primer a\u00f1o el gobierno del presidente Danilo Medina ha hecho un gran esfuerzo para elevar la competitividad del pa\u00eds en materia tur\u00edstica e impulsar al sector, desarrollando una agresiva campa\u00f1a en todas sus Oficina de Promoci\u00f3n Tur\u00edstica (OPT) ubicadas en los distintos mercados emisores.<\/p>\n<div class=\"pvc_clear\"><\/div>\n<p class=\"pvc_stats all \" data-element-id=\"20211\" style=\"\"><i class=\"pvc-stats-icon medium\" aria-hidden=\"true\"><svg aria-hidden=\"true\" focusable=\"false\" data-prefix=\"far\" data-icon=\"chart-bar\" role=\"img\" xmlns=\"http:\/\/www.w3.org\/2000\/svg\" viewBox=\"0 0 512 512\" class=\"svg-inline--fa fa-chart-bar fa-w-16 fa-2x\"><path fill=\"currentColor\" d=\"M396.8 352h22.4c6.4 0 12.8-6.4 12.8-12.8V108.8c0-6.4-6.4-12.8-12.8-12.8h-22.4c-6.4 0-12.8 6.4-12.8 12.8v230.4c0 6.4 6.4 12.8 12.8 12.8zm-192 0h22.4c6.4 0 12.8-6.4 12.8-12.8V140.8c0-6.4-6.4-12.8-12.8-12.8h-22.4c-6.4 0-12.8 6.4-12.8 12.8v198.4c0 6.4 6.4 12.8 12.8 12.8zm96 0h22.4c6.4 0 12.8-6.4 12.8-12.8V204.8c0-6.4-6.4-12.8-12.8-12.8h-22.4c-6.4 0-12.8 6.4-12.8 12.8v134.4c0 6.4 6.4 12.8 12.8 12.8zM496 400H48V80c0-8.84-7.16-16-16-16H16C7.16 64 0 71.16 0 80v336c0 17.67 14.33 32 32 32h464c8.84 0 16-7.16 16-16v-16c0-8.84-7.16-16-16-16zm-387.2-48h22.4c6.4 0 12.8-6.4 12.8-12.8v-70.4c0-6.4-6.4-12.8-12.8-12.8h-22.4c-6.4 0-12.8 6.4-12.8 12.8v70.4c0 6.4 6.4 12.8 12.8 12.8z\" class=\"\"><\/path><\/svg><\/i> Vistas Totales&nbsp;356&nbsp;, Vistas Hoy&nbsp;3&nbsp;<\/p>\n<div class=\"pvc_clear\"><\/div>\n","protected":false},"author":2,"featured_media":0,"comment_status":"open","ping_status":"open","sticky":false,"template":"","format":"standard","meta":{"footnotes":""},"categories":[21],"tags":[],"class_list":["post-20211","post","type-post","status-publish","format-standard","hentry","category-blog"],"yoast_head":"<!-- This site is optimized with the Yoast SEO plugin v25.2 - https:\/\/yoast.com\/wordpress\/plugins\/seo\/ -->\n<title>Gobierno se emplea a fondo en turismo, pero a\u00fan hay retos | CREES<\/title>\n<meta name=\"robots\" content=\"index, follow, max-snippet:-1, max-image-preview:large, max-video-preview:-1\" \/>\n<link rel=\"canonical\" href=\"https:\/\/crees.org.do\/?p=20211\" \/>\n<meta property=\"og:locale\" content=\"es_ES\" \/>\n<meta property=\"og:type\" content=\"article\" \/>\n<meta property=\"og:title\" content=\"Gobierno se emplea a fondo en turismo, pero a\u00fan hay retos | CREES\" \/>\n<meta property=\"og:description\" content=\"Autor: Patria ReyesFuente: www.hoy.com.doFecha: 14 Agosto 2013En su primer a\u00f1o el gobierno del presidente Danilo Medina ha hecho un gran esfuerzo para elevar la competitividad del pa\u00eds en materia tur\u00edstica e impulsar al sector, desarrollando una agresiva campa\u00f1a en todas sus Oficina de Promoci\u00f3n Tur\u00edstica (OPT) ubicadas en los distintos mercados emisores.\" \/>\n<meta property=\"og:url\" content=\"https:\/\/crees.org.do\/?p=20211\" \/>\n<meta property=\"og:site_name\" content=\"CREES\" \/>\n<meta property=\"article:publisher\" content=\"https:\/\/www.facebook.com\/CREESRD\/\" \/>\n<meta property=\"article:published_time\" content=\"2013-01-01T00:00:00+00:00\" \/>\n<meta property=\"og:image\" content=\"https:\/\/crees.org.do\/wp-content\/uploads\/2022\/03\/crees-logo-1.jpg\" \/>\n\t<meta property=\"og:image:width\" content=\"244\" \/>\n\t<meta property=\"og:image:height\" content=\"71\" \/>\n\t<meta property=\"og:image:type\" content=\"image\/jpeg\" \/>\n<meta name=\"author\" content=\"Crees\" \/>\n<meta name=\"twitter:card\" content=\"summary_large_image\" \/>\n<meta name=\"twitter:creator\" content=\"@CREESRD\" \/>\n<meta name=\"twitter:site\" content=\"@CREESRD\" \/>\n<meta name=\"twitter:label1\" content=\"Escrito por\" \/>\n\t<meta name=\"twitter:data1\" content=\"Crees\" \/>\n\t<meta name=\"twitter:label2\" content=\"Tiempo de lectura\" \/>\n\t<meta name=\"twitter:data2\" content=\"4 minutos\" \/>\n<script type=\"application\/ld+json\" class=\"yoast-schema-graph\">{\"@context\":\"https:\/\/schema.org\",\"@graph\":[{\"@type\":\"Article\",\"@id\":\"https:\/\/crees.org.do\/?p=20211#article\",\"isPartOf\":{\"@id\":\"https:\/\/crees.org.do\/?p=20211\"},\"author\":{\"name\":\"Crees\",\"@id\":\"https:\/\/crees.org.do\/#\/schema\/person\/e7f97cd94d7bf9cd0e0ce30acb7d56b8\"},\"headline\":\"Gobierno se emplea a fondo en turismo, pero a\u00fan hay retos\",\"datePublished\":\"2013-01-01T00:00:00+00:00\",\"mainEntityOfPage\":{\"@id\":\"https:\/\/crees.org.do\/?p=20211\"},\"wordCount\":864,\"commentCount\":0,\"publisher\":{\"@id\":\"https:\/\/crees.org.do\/#organization\"},\"articleSection\":[\"Blog\"],\"inLanguage\":\"es\"},{\"@type\":\"WebPage\",\"@id\":\"https:\/\/crees.org.do\/?p=20211\",\"url\":\"https:\/\/crees.org.do\/?p=20211\",\"name\":\"Gobierno se emplea a fondo en turismo, pero a\u00fan hay retos | CREES\",\"isPartOf\":{\"@id\":\"https:\/\/crees.org.do\/#website\"},\"datePublished\":\"2013-01-01T00:00:00+00:00\",\"breadcrumb\":{\"@id\":\"https:\/\/crees.org.do\/?p=20211#breadcrumb\"},\"inLanguage\":\"es\",\"potentialAction\":[{\"@type\":\"ReadAction\",\"target\":[\"https:\/\/crees.org.do\/?p=20211\"]}]},{\"@type\":\"BreadcrumbList\",\"@id\":\"https:\/\/crees.org.do\/?p=20211#breadcrumb\",\"itemListElement\":[{\"@type\":\"ListItem\",\"position\":1,\"name\":\"Portada\",\"item\":\"https:\/\/crees.org.do\/\"},{\"@type\":\"ListItem\",\"position\":2,\"name\":\"Gobierno se emplea a fondo en turismo, pero a\u00fan hay retos\"}]},{\"@type\":\"WebSite\",\"@id\":\"https:\/\/crees.org.do\/#website\",\"url\":\"https:\/\/crees.org.do\/\",\"name\":\"CREES\",\"description\":\"Centro Regional de Estrategias Econ\u00f3micas Sostenibles\",\"publisher\":{\"@id\":\"https:\/\/crees.org.do\/#organization\"},\"potentialAction\":[{\"@type\":\"SearchAction\",\"target\":{\"@type\":\"EntryPoint\",\"urlTemplate\":\"https:\/\/crees.org.do\/?s={search_term_string}\"},\"query-input\":{\"@type\":\"PropertyValueSpecification\",\"valueRequired\":true,\"valueName\":\"search_term_string\"}}],\"inLanguage\":\"es\"},{\"@type\":\"Organization\",\"@id\":\"https:\/\/crees.org.do\/#organization\",\"name\":\"CREES | Centro Regional de Estrategias Econ\u00f3micas Sostenibles\",\"url\":\"https:\/\/crees.org.do\/\",\"logo\":{\"@type\":\"ImageObject\",\"inLanguage\":\"es\",\"@id\":\"https:\/\/crees.org.do\/#\/schema\/logo\/image\/\",\"url\":\"https:\/\/crees.org.do\/wp-content\/uploads\/2022\/03\/crees-logo-1.jpg\",\"contentUrl\":\"https:\/\/crees.org.do\/wp-content\/uploads\/2022\/03\/crees-logo-1.jpg\",\"width\":244,\"height\":71,\"caption\":\"CREES | Centro Regional de Estrategias Econ\u00f3micas Sostenibles\"},\"image\":{\"@id\":\"https:\/\/crees.org.do\/#\/schema\/logo\/image\/\"},\"sameAs\":[\"https:\/\/www.facebook.com\/CREESRD\/\",\"https:\/\/x.com\/CREESRD\"]},{\"@type\":\"Person\",\"@id\":\"https:\/\/crees.org.do\/#\/schema\/person\/e7f97cd94d7bf9cd0e0ce30acb7d56b8\",\"name\":\"Crees\",\"image\":{\"@type\":\"ImageObject\",\"inLanguage\":\"es\",\"@id\":\"https:\/\/crees.org.do\/#\/schema\/person\/image\/\",\"url\":\"https:\/\/secure.gravatar.com\/avatar\/390ac8f0be5d9aa046152553e2dd7011b59a512d89c150f5e5f28bb8d9a0b165?s=96&d=mm&r=g\",\"contentUrl\":\"https:\/\/secure.gravatar.com\/avatar\/390ac8f0be5d9aa046152553e2dd7011b59a512d89c150f5e5f28bb8d9a0b165?s=96&d=mm&r=g\",\"caption\":\"Crees\"},\"url\":\"https:\/\/crees.org.do\/?author=2\"}]}<\/script>\n<!-- \/ Yoast SEO plugin. -->","yoast_head_json":{"title":"Gobierno se emplea a fondo en turismo, pero a\u00fan hay retos | CREES","robots":{"index":"index","follow":"follow","max-snippet":"max-snippet:-1","max-image-preview":"max-image-preview:large","max-video-preview":"max-video-preview:-1"},"canonical":"https:\/\/crees.org.do\/?p=20211","og_locale":"es_ES","og_type":"article","og_title":"Gobierno se emplea a fondo en turismo, pero a\u00fan hay retos | CREES","og_description":"Autor: Patria ReyesFuente: www.hoy.com.doFecha: 14 Agosto 2013En su primer a\u00f1o el gobierno del presidente Danilo Medina ha hecho un gran esfuerzo para elevar la competitividad del pa\u00eds en materia tur\u00edstica e impulsar al sector, desarrollando una agresiva campa\u00f1a en todas sus Oficina de Promoci\u00f3n Tur\u00edstica (OPT) ubicadas en los distintos mercados emisores.","og_url":"https:\/\/crees.org.do\/?p=20211","og_site_name":"CREES","article_publisher":"https:\/\/www.facebook.com\/CREESRD\/","article_published_time":"2013-01-01T00:00:00+00:00","og_image":[{"width":244,"height":71,"url":"https:\/\/crees.org.do\/wp-content\/uploads\/2022\/03\/crees-logo-1.jpg","type":"image\/jpeg"}],"author":"Crees","twitter_card":"summary_large_image","twitter_creator":"@CREESRD","twitter_site":"@CREESRD","twitter_misc":{"Escrito por":"Crees","Tiempo de lectura":"4 minutos"},"schema":{"@context":"https:\/\/schema.org","@graph":[{"@type":"Article","@id":"https:\/\/crees.org.do\/?p=20211#article","isPartOf":{"@id":"https:\/\/crees.org.do\/?p=20211"},"author":{"name":"Crees","@id":"https:\/\/crees.org.do\/#\/schema\/person\/e7f97cd94d7bf9cd0e0ce30acb7d56b8"},"headline":"Gobierno se emplea a fondo en turismo, pero a\u00fan hay retos","datePublished":"2013-01-01T00:00:00+00:00","mainEntityOfPage":{"@id":"https:\/\/crees.org.do\/?p=20211"},"wordCount":864,"commentCount":0,"publisher":{"@id":"https:\/\/crees.org.do\/#organization"},"articleSection":["Blog"],"inLanguage":"es"},{"@type":"WebPage","@id":"https:\/\/crees.org.do\/?p=20211","url":"https:\/\/crees.org.do\/?p=20211","name":"Gobierno se emplea a fondo en turismo, pero a\u00fan hay retos | CREES","isPartOf":{"@id":"https:\/\/crees.org.do\/#website"},"datePublished":"2013-01-01T00:00:00+00:00","breadcrumb":{"@id":"https:\/\/crees.org.do\/?p=20211#breadcrumb"},"inLanguage":"es","potentialAction":[{"@type":"ReadAction","target":["https:\/\/crees.org.do\/?p=20211"]}]},{"@type":"BreadcrumbList","@id":"https:\/\/crees.org.do\/?p=20211#breadcrumb","itemListElement":[{"@type":"ListItem","position":1,"name":"Portada","item":"https:\/\/crees.org.do\/"},{"@type":"ListItem","position":2,"name":"Gobierno se emplea a fondo en turismo, pero a\u00fan hay retos"}]},{"@type":"WebSite","@id":"https:\/\/crees.org.do\/#website","url":"https:\/\/crees.org.do\/","name":"CREES","description":"Centro Regional de Estrategias Econ\u00f3micas Sostenibles","publisher":{"@id":"https:\/\/crees.org.do\/#organization"},"potentialAction":[{"@type":"SearchAction","target":{"@type":"EntryPoint","urlTemplate":"https:\/\/crees.org.do\/?s={search_term_string}"},"query-input":{"@type":"PropertyValueSpecification","valueRequired":true,"valueName":"search_term_string"}}],"inLanguage":"es"},{"@type":"Organization","@id":"https:\/\/crees.org.do\/#organization","name":"CREES | Centro Regional de Estrategias Econ\u00f3micas Sostenibles","url":"https:\/\/crees.org.do\/","logo":{"@type":"ImageObject","inLanguage":"es","@id":"https:\/\/crees.org.do\/#\/schema\/logo\/image\/","url":"https:\/\/crees.org.do\/wp-content\/uploads\/2022\/03\/crees-logo-1.jpg","contentUrl":"https:\/\/crees.org.do\/wp-content\/uploads\/2022\/03\/crees-logo-1.jpg","width":244,"height":71,"caption":"CREES | Centro Regional de Estrategias Econ\u00f3micas Sostenibles"},"image":{"@id":"https:\/\/crees.org.do\/#\/schema\/logo\/image\/"},"sameAs":["https:\/\/www.facebook.com\/CREESRD\/","https:\/\/x.com\/CREESRD"]},{"@type":"Person","@id":"https:\/\/crees.org.do\/#\/schema\/person\/e7f97cd94d7bf9cd0e0ce30acb7d56b8","name":"Crees","image":{"@type":"ImageObject","inLanguage":"es","@id":"https:\/\/crees.org.do\/#\/schema\/person\/image\/","url":"https:\/\/secure.gravatar.com\/avatar\/390ac8f0be5d9aa046152553e2dd7011b59a512d89c150f5e5f28bb8d9a0b165?s=96&d=mm&r=g","contentUrl":"https:\/\/secure.gravatar.com\/avatar\/390ac8f0be5d9aa046152553e2dd7011b59a512d89c150f5e5f28bb8d9a0b165?s=96&d=mm&r=g","caption":"Crees"},"url":"https:\/\/crees.org.do\/?author=2"}]}},"_links":{"self":[{"href":"https:\/\/crees.org.do\/index.php?rest_route=\/wp\/v2\/posts\/20211","targetHints":{"allow":["GET"]}}],"collection":[{"href":"https:\/\/crees.org.do\/index.php?rest_route=\/wp\/v2\/posts"}],"about":[{"href":"https:\/\/crees.org.do\/index.php?rest_route=\/wp\/v2\/types\/post"}],"author":[{"embeddable":true,"href":"https:\/\/crees.org.do\/index.php?rest_route=\/wp\/v2\/users\/2"}],"replies":[{"embeddable":true,"href":"https:\/\/crees.org.do\/index.php?rest_route=%2Fwp%2Fv2%2Fcomments&post=20211"}],"version-history":[{"count":0,"href":"https:\/\/crees.org.do\/index.php?rest_route=\/wp\/v2\/posts\/20211\/revisions"}],"wp:attachment":[{"href":"https:\/\/crees.org.do\/index.php?rest_route=%2Fwp%2Fv2%2Fmedia&parent=20211"}],"wp:term":[{"taxonomy":"category","embeddable":true,"href":"https:\/\/crees.org.do\/index.php?rest_route=%2Fwp%2Fv2%2Fcategories&post=20211"},{"taxonomy":"post_tag","embeddable":true,"href":"https:\/\/crees.org.do\/index.php?rest_route=%2Fwp%2Fv2%2Ftags&post=20211"}],"curies":[{"name":"wp","href":"https:\/\/api.w.org\/{rel}","templated":true}]}}