{"id":20227,"date":"2013-01-01T00:00:00","date_gmt":"2013-01-01T00:00:00","guid":{"rendered":"https:\/\/crees.org.do\/crees-duda-el-pbi-crezca-2\/"},"modified":"2013-01-01T00:00:00","modified_gmt":"2013-01-01T00:00:00","slug":"crees-duda-el-pbi-crezca-2","status":"publish","type":"post","link":"https:\/\/crees.org.do\/?p=20227","title":{"rendered":"Crees duda el PBI crezca 2%"},"content":{"rendered":"<p style=\"margin-bottom: 10px; color: rgb(51, 51, 51); line-height: 18px; background-color: rgb(255, 255, 255); text-align: justify;\"><span style=\"font-size:12px;\"><span style=\"font-family:verdana,geneva,sans-serif;\">Autor: List\u00edn Diario<\/span><\/span><\/p>\n<p style=\"margin-bottom: 10px; color: rgb(51, 51, 51); line-height: 18px; background-color: rgb(255, 255, 255); text-align: justify;\"><span style=\"font-size:12px;\"><span style=\"font-family:verdana,geneva,sans-serif;\">Fuente: <a href=\"http:\/\/listindiario.com\/economia-and-negocios\/2013\/9\/15\/292299\/Crees-duda-el-PBI-crezca-2\">www.listindiario.com<\/a><\/span><\/span><\/p>\n<p style=\"margin-bottom: 10px; color: rgb(51, 51, 51); line-height: 18px; background-color: rgb(255, 255, 255); text-align: justify;\"><span style=\"font-size:12px;\"><span style=\"font-family:verdana,geneva,sans-serif;\">Fecha: 16 Septiembre 2013<\/span><\/span><\/p>\n<p style=\"margin-bottom: 10px; color: rgb(51, 51, 51); line-height: 18px; background-color: rgb(255, 255, 255); text-align: justify;\">&nbsp;<\/p>\n<p style=\"margin-bottom: 10px; color: rgb(51, 51, 51); line-height: 18px; background-color: rgb(255, 255, 255); text-align: justify;\"><span style=\"font-size:12px;\"><span style=\"font-family:verdana,geneva,sans-serif;\">Para el economista y &nbsp;vicepresidente ejecutivo del Centro Regional de Estrategias Econ\u00f3micas Sostenibles (CREES), Ernesto Selman, la econom\u00eda dominicana no crecer\u00e1 m\u00e1s de un 1.5% en el presente a\u00f1o.<\/span><\/span><\/p>\n<p style=\"margin-bottom: 10px; color: rgb(51, 51, 51); line-height: 18px; background-color: rgb(255, 255, 255); text-align: justify;\"><span style=\"font-size:12px;\"><span style=\"font-family:verdana,geneva,sans-serif;\">Sostuvo adem\u00e1s que la Inversi\u00f3n Extranjera Directa (IED) cay\u00f3 un 65% en la primera mitad del presente a\u00f1o.<\/span><\/span><\/p>\n<p style=\"margin-bottom: 10px; color: rgb(51, 51, 51); line-height: 18px; background-color: rgb(255, 255, 255); text-align: justify;\"><span style=\"font-size:12px;\"><span style=\"font-family:verdana,geneva,sans-serif;\">Selman explic\u00f3 que de acuerdo a los an\u00e1lisis hecho por el CREES de las principales actividades econ\u00f3micas del 2013, resulta pr\u00e1cticamente imposible que el crecimiento del Producto Interno Bruto llegue al 2%.<\/span><\/span><\/p>\n<p style=\"margin-bottom: 10px; color: rgb(51, 51, 51); line-height: 18px; background-color: rgb(255, 255, 255); text-align: justify;\"><span style=\"font-size:12px;\"><span style=\"font-family:verdana,geneva,sans-serif;\">El profesional de la econom\u00eda fue entrevistado por H\u00e9ctor Herrera Cabral en el programa D&yen;AGENDA que cada domingo se difunde por Telesistema Canal 11.<\/span><\/span><\/p>\n<p style=\"margin-bottom: 10px; color: rgb(51, 51, 51); line-height: 18px; background-color: rgb(255, 255, 255); text-align: justify;\"><span style=\"font-size:12px;\"><span style=\"font-family:verdana,geneva,sans-serif;\">Agreg\u00f3 que las estimaciones del CREEES se refuerzan a\u00fan m\u00e1s con la medida dispuesta por el Banco Central de aumentar en 200 puntos a la tasa de inter\u00e9s, lo que har\u00e1 m\u00e1s caro el acceso al financiamiento de los sectores productivos.<\/span><\/span><\/p>\n<p style=\"margin-bottom: 10px; color: rgb(51, 51, 51); line-height: 18px; background-color: rgb(255, 255, 255); text-align: justify;\"><span style=\"font-size:12px;\"><span style=\"font-family:verdana,geneva,sans-serif;\">&ldquo;En base a los estudios que hemos hecho en el CREES, podemos descartar que el Producto Interno Bruto pueda crecer este a\u00f1o en un dos por ciento y quiz\u00e1s llegue a 1.5%&rdquo;, reiter\u00f3 Selman.<\/span><\/span><\/p>\n<p style=\"margin-bottom: 10px; color: rgb(51, 51, 51); line-height: 18px; background-color: rgb(255, 255, 255); text-align: justify;\"><span style=\"font-size:12px;\"><span style=\"font-family:verdana,geneva,sans-serif;\">Advirti\u00f3 que con un crecimiento de esa magnitud resulta imposible enfrentar el desempleo y los niveles de pobreza y marginalidad en que vive una franja importante de la sociedad dominicana.<\/span><\/span><\/p>\n<p style=\"margin-bottom: 10px; color: rgb(51, 51, 51); line-height: 18px; background-color: rgb(255, 255, 255); text-align: justify;\"><span style=\"font-size:12px;\"><span style=\"font-family:verdana,geneva,sans-serif;\">Precis\u00f3 que seg\u00fan los an\u00e1lisis econ\u00f3micos que se han hecho, para que la econom\u00eda dominicana pueda generar puestos de trabajo debe crecer por encima del 4%.<\/span><\/span><\/p>\n<p style=\"margin-bottom: 10px; color: rgb(51, 51, 51); line-height: 18px; background-color: rgb(255, 255, 255); text-align: justify;\"><span style=\"font-size:12px;\"><span style=\"font-family:verdana,geneva,sans-serif;\"><b>Dice inversi\u00f3n cae 65 %<\/b><br \/>El economista Ernesto Selman indic\u00f3 que &nbsp;en la primera mitad del presente a\u00f1o, la inversi\u00f3n extranjera directa se desplom\u00f3 en m\u00e1s de un 65%.<\/span><\/span><\/p>\n<p style=\"margin-bottom: 10px; color: rgb(51, 51, 51); line-height: 18px; background-color: rgb(255, 255, 255); text-align: justify;\"><span style=\"font-size:12px;\"><span style=\"font-family:verdana,geneva,sans-serif;\">El vicepresidente Ejecutivo del Centro Regional de Estrategia Econ\u00f3micas Sostenibles las inversiones han ca\u00eddo de US$2,300 millones en el 2012, a US$800 millones en los en los primeros seis meses del 2013.<\/span><\/span><\/p>\n<p style=\"margin-bottom: 10px; color: rgb(51, 51, 51); line-height: 18px; background-color: rgb(255, 255, 255); text-align: justify;\"><span style=\"font-size:12px;\"><span style=\"font-family:verdana,geneva,sans-serif;\">Atribuy\u00f3 esa dr\u00e1stica ca\u00edda a que han cesado las inversiones de la minera Barrick Gold, la cual ha entrada en su etapa de producci\u00f3n y exportaci\u00f3n.<\/span><\/span><\/p>\n<p style=\"margin-bottom: 10px; color: rgb(51, 51, 51); line-height: 18px; background-color: rgb(255, 255, 255); text-align: justify;\"><span style=\"font-size:12px;\"><span style=\"font-family:verdana,geneva,sans-serif;\">No obstante, la norma es que las empresas inversionistas al entrar a un mercado inician con importantes flujos de divisas, que posteriormente van bajando para luego en una etapa de madurez disponer de una expansi\u00f3n o no y de ah\u00ed que las comparaciones de ambos per\u00edodos deben tomar en cuenta el comportamiento de determinado tiempo.<\/span><\/span><\/p>\n<p style=\"margin-bottom: 10px; color: rgb(51, 51, 51); line-height: 18px; background-color: rgb(255, 255, 255); text-align: justify;\"><span style=\"font-size:12px;\"><span style=\"font-family:verdana,geneva,sans-serif;\">Sobre las ventas a exteriorSelman explic\u00f3 que las exportaciones de bienes desde Rep\u00fablica Dominicana se redujeron en un 4.2 % si se excluye el oro exportado por la minera Barrick Gold.<\/span><\/span><\/p>\n<p style=\"margin-bottom: 10px; color: rgb(51, 51, 51); line-height: 18px; background-color: rgb(255, 255, 255); text-align: justify;\"><span style=\"font-size:12px;\"><span style=\"font-family:verdana,geneva,sans-serif;\">El vicepresidente ejecutivo del CREES advirti\u00f3 que la econom\u00eda dominicana no requiere de m\u00e1s parches como los que se han hecho en los \u00faltimos a\u00f1os.<\/span><\/span><\/p>\n<p style=\"margin-bottom: 10px; color: rgb(51, 51, 51); line-height: 18px; background-color: rgb(255, 255, 255); text-align: justify;\"><span style=\"font-size:12px;\"><span style=\"font-family:verdana,geneva,sans-serif;\">En ese contexto plante\u00f3 la aplicaci\u00f3n de una reforma estructural similar a la que se hizo en los primeros a\u00f1os de la d\u00e9cada del 90 que garantiz\u00f3 un crecimiento sostenible con estabilidad.<\/span><\/span><\/p>\n<p style=\"margin-bottom: 10px; color: rgb(51, 51, 51); line-height: 18px; background-color: rgb(255, 255, 255); text-align: justify;\"><span style=\"font-size:12px;\"><span style=\"font-family:verdana,geneva,sans-serif;\">Precis\u00f3 que el pa\u00eds no se puede dar el lujo de seguir teniendo un nivel de empleo informal superior al 56% que es el doble del empleo formal, dice una nota.<\/span><\/span><\/p>\n<p style=\"margin-bottom: 10px; color: rgb(51, 51, 51); line-height: 18px; background-color: rgb(255, 255, 255); text-align: justify;\"><span style=\"font-size:12px;\"><span style=\"font-family:verdana,geneva,sans-serif;\"><b>RD capta mayores inversiones<\/b><br \/>Jean Alain Rodr\u00edguez destac\u00f3 el viernes que Rep\u00fablica Dominicana es uno de los pa\u00edses del Caribe que capta m\u00e1s inversiones y que de acuerdo a cifras preliminares en lo que va de a\u00f1o se han cuantificado US$1,400 millones por este concepto.<\/span><\/span><\/p>\n<p style=\"margin-bottom: 10px; color: rgb(51, 51, 51); line-height: 18px; background-color: rgb(255, 255, 255); text-align: justify;\"><span style=\"font-size:12px;\"><span style=\"font-family:verdana,geneva,sans-serif;\">&ldquo;En el 2012 tuvimos una cifra record de US$3,584 millones, esto significa que el 45% del total de la inversi\u00f3n en el Caribe fue destinado a nuestro pa\u00eds. Este a\u00f1o tenemos m\u00e1s de 12 proyectos en desarrollo &nbsp;y m\u00e1s de 10 en carpeta solamente en el \u00e1rea hotelera&rdquo;, indic\u00f3 aunque no hizo comparaciones.<\/span><\/span><\/p>\n<p style=\"margin-bottom: 10px; color: rgb(51, 51, 51); line-height: 18px; background-color: rgb(255, 255, 255); text-align: justify;\"><span style=\"font-size:12px;\"><span style=\"font-family:verdana,geneva,sans-serif;\">Seg\u00fan Rodr\u00edguez, si bien sector tur\u00edstico es el m\u00e1s fuerte en estos momentos en cuanto a atraer &nbsp;inversiones, otros como telecomunicaciones, energ\u00eda, inmobiliario y financiero tambi\u00e9n han tenido mucho auge.<\/span><\/span><\/p>\n<p style=\"margin-bottom: 10px; color: rgb(51, 51, 51); line-height: 18px; background-color: rgb(255, 255, 255); text-align: justify;\"><span style=\"font-size:12px;\"><span style=\"font-family:verdana,geneva,sans-serif;\">De igual modo, el funcionario tambi\u00e9n se refiri\u00f3 al comportamiento de las exportaciones y se\u00f1al\u00f3 que estas han registrado un aumento total de alrededor 16%. Esto &nbsp;tambi\u00e9n conforme datos previos, precis\u00f3.&nbsp;<\/span><\/span><\/p>\n<p style=\"margin-bottom: 10px; color: rgb(51, 51, 51); line-height: 18px; background-color: rgb(255, 255, 255); text-align: justify;\"><span style=\"font-size:12px;\"><span style=\"font-family:verdana,geneva,sans-serif;\">En este aspecto dijo que el sector minero, aunque no especific\u00f3 el porcentaje, tiene una participaci\u00f3n muy importante. &ldquo;Una buena parte de eso lo compone la miner\u00eda&rdquo;, precis\u00f3. El director del CEI-RD habl\u00f3 con la prensa durante una conferencia sobre una feria de empleos realizada en las instalaciones de la instituci\u00f3n.<\/span><\/span><\/p>\n<div class=\"pvc_clear\"><\/div>\n<p class=\"pvc_stats all \" data-element-id=\"20227\" style=\"\"><i class=\"pvc-stats-icon medium\" aria-hidden=\"true\"><svg aria-hidden=\"true\" focusable=\"false\" data-prefix=\"far\" data-icon=\"chart-bar\" role=\"img\" xmlns=\"http:\/\/www.w3.org\/2000\/svg\" viewBox=\"0 0 512 512\" class=\"svg-inline--fa fa-chart-bar fa-w-16 fa-2x\"><path fill=\"currentColor\" d=\"M396.8 352h22.4c6.4 0 12.8-6.4 12.8-12.8V108.8c0-6.4-6.4-12.8-12.8-12.8h-22.4c-6.4 0-12.8 6.4-12.8 12.8v230.4c0 6.4 6.4 12.8 12.8 12.8zm-192 0h22.4c6.4 0 12.8-6.4 12.8-12.8V140.8c0-6.4-6.4-12.8-12.8-12.8h-22.4c-6.4 0-12.8 6.4-12.8 12.8v198.4c0 6.4 6.4 12.8 12.8 12.8zm96 0h22.4c6.4 0 12.8-6.4 12.8-12.8V204.8c0-6.4-6.4-12.8-12.8-12.8h-22.4c-6.4 0-12.8 6.4-12.8 12.8v134.4c0 6.4 6.4 12.8 12.8 12.8zM496 400H48V80c0-8.84-7.16-16-16-16H16C7.16 64 0 71.16 0 80v336c0 17.67 14.33 32 32 32h464c8.84 0 16-7.16 16-16v-16c0-8.84-7.16-16-16-16zm-387.2-48h22.4c6.4 0 12.8-6.4 12.8-12.8v-70.4c0-6.4-6.4-12.8-12.8-12.8h-22.4c-6.4 0-12.8 6.4-12.8 12.8v70.4c0 6.4 6.4 12.8 12.8 12.8z\" class=\"\"><\/path><\/svg><\/i> Vistas Totales&nbsp;357&nbsp;, Vistas Hoy&nbsp;1&nbsp;<\/p>\n<div class=\"pvc_clear\"><\/div>\n","protected":false},"excerpt":{"rendered":"<p>full_html<\/p>\n<div class=\"pvc_clear\"><\/div>\n<p class=\"pvc_stats all \" data-element-id=\"20227\" style=\"\"><i class=\"pvc-stats-icon medium\" aria-hidden=\"true\"><svg aria-hidden=\"true\" focusable=\"false\" data-prefix=\"far\" data-icon=\"chart-bar\" role=\"img\" xmlns=\"http:\/\/www.w3.org\/2000\/svg\" viewBox=\"0 0 512 512\" class=\"svg-inline--fa fa-chart-bar fa-w-16 fa-2x\"><path fill=\"currentColor\" d=\"M396.8 352h22.4c6.4 0 12.8-6.4 12.8-12.8V108.8c0-6.4-6.4-12.8-12.8-12.8h-22.4c-6.4 0-12.8 6.4-12.8 12.8v230.4c0 6.4 6.4 12.8 12.8 12.8zm-192 0h22.4c6.4 0 12.8-6.4 12.8-12.8V140.8c0-6.4-6.4-12.8-12.8-12.8h-22.4c-6.4 0-12.8 6.4-12.8 12.8v198.4c0 6.4 6.4 12.8 12.8 12.8zm96 0h22.4c6.4 0 12.8-6.4 12.8-12.8V204.8c0-6.4-6.4-12.8-12.8-12.8h-22.4c-6.4 0-12.8 6.4-12.8 12.8v134.4c0 6.4 6.4 12.8 12.8 12.8zM496 400H48V80c0-8.84-7.16-16-16-16H16C7.16 64 0 71.16 0 80v336c0 17.67 14.33 32 32 32h464c8.84 0 16-7.16 16-16v-16c0-8.84-7.16-16-16-16zm-387.2-48h22.4c6.4 0 12.8-6.4 12.8-12.8v-70.4c0-6.4-6.4-12.8-12.8-12.8h-22.4c-6.4 0-12.8 6.4-12.8 12.8v70.4c0 6.4 6.4 12.8 12.8 12.8z\" class=\"\"><\/path><\/svg><\/i> Vistas Totales&nbsp;357&nbsp;, Vistas Hoy&nbsp;1&nbsp;<\/p>\n<div class=\"pvc_clear\"><\/div>\n","protected":false},"author":2,"featured_media":0,"comment_status":"open","ping_status":"open","sticky":false,"template":"","format":"standard","meta":{"footnotes":""},"categories":[21],"tags":[],"class_list":["post-20227","post","type-post","status-publish","format-standard","hentry","category-blog"],"yoast_head":"<!-- This site is optimized with the Yoast SEO plugin v25.2 - https:\/\/yoast.com\/wordpress\/plugins\/seo\/ -->\n<title>Crees duda el PBI crezca 2% | CREES<\/title>\n<meta name=\"robots\" content=\"index, follow, max-snippet:-1, max-image-preview:large, max-video-preview:-1\" \/>\n<link rel=\"canonical\" href=\"https:\/\/crees.org.do\/?p=20227\" \/>\n<meta property=\"og:locale\" content=\"es_ES\" \/>\n<meta property=\"og:type\" content=\"article\" \/>\n<meta property=\"og:title\" content=\"Crees duda el PBI crezca 2% | CREES\" \/>\n<meta property=\"og:description\" content=\"full_html\" \/>\n<meta property=\"og:url\" content=\"https:\/\/crees.org.do\/?p=20227\" \/>\n<meta property=\"og:site_name\" content=\"CREES\" \/>\n<meta property=\"article:publisher\" content=\"https:\/\/www.facebook.com\/CREESRD\/\" \/>\n<meta property=\"article:published_time\" content=\"2013-01-01T00:00:00+00:00\" \/>\n<meta property=\"og:image\" content=\"https:\/\/crees.org.do\/wp-content\/uploads\/2022\/03\/crees-logo-1.jpg\" \/>\n\t<meta property=\"og:image:width\" content=\"244\" \/>\n\t<meta property=\"og:image:height\" content=\"71\" \/>\n\t<meta property=\"og:image:type\" content=\"image\/jpeg\" \/>\n<meta name=\"author\" content=\"Crees\" \/>\n<meta name=\"twitter:card\" content=\"summary_large_image\" \/>\n<meta name=\"twitter:creator\" content=\"@CREESRD\" \/>\n<meta name=\"twitter:site\" content=\"@CREESRD\" \/>\n<meta name=\"twitter:label1\" content=\"Escrito por\" \/>\n\t<meta name=\"twitter:data1\" content=\"Crees\" \/>\n\t<meta name=\"twitter:label2\" content=\"Tiempo de lectura\" \/>\n\t<meta name=\"twitter:data2\" content=\"4 minutos\" \/>\n<script type=\"application\/ld+json\" class=\"yoast-schema-graph\">{\"@context\":\"https:\/\/schema.org\",\"@graph\":[{\"@type\":\"Article\",\"@id\":\"https:\/\/crees.org.do\/?p=20227#article\",\"isPartOf\":{\"@id\":\"https:\/\/crees.org.do\/?p=20227\"},\"author\":{\"name\":\"Crees\",\"@id\":\"https:\/\/crees.org.do\/#\/schema\/person\/e7f97cd94d7bf9cd0e0ce30acb7d56b8\"},\"headline\":\"Crees duda el PBI crezca 2%\",\"datePublished\":\"2013-01-01T00:00:00+00:00\",\"mainEntityOfPage\":{\"@id\":\"https:\/\/crees.org.do\/?p=20227\"},\"wordCount\":777,\"commentCount\":0,\"publisher\":{\"@id\":\"https:\/\/crees.org.do\/#organization\"},\"articleSection\":[\"Blog\"],\"inLanguage\":\"es\"},{\"@type\":\"WebPage\",\"@id\":\"https:\/\/crees.org.do\/?p=20227\",\"url\":\"https:\/\/crees.org.do\/?p=20227\",\"name\":\"Crees duda el PBI crezca 2% | CREES\",\"isPartOf\":{\"@id\":\"https:\/\/crees.org.do\/#website\"},\"datePublished\":\"2013-01-01T00:00:00+00:00\",\"breadcrumb\":{\"@id\":\"https:\/\/crees.org.do\/?p=20227#breadcrumb\"},\"inLanguage\":\"es\",\"potentialAction\":[{\"@type\":\"ReadAction\",\"target\":[\"https:\/\/crees.org.do\/?p=20227\"]}]},{\"@type\":\"BreadcrumbList\",\"@id\":\"https:\/\/crees.org.do\/?p=20227#breadcrumb\",\"itemListElement\":[{\"@type\":\"ListItem\",\"position\":1,\"name\":\"Portada\",\"item\":\"https:\/\/crees.org.do\/\"},{\"@type\":\"ListItem\",\"position\":2,\"name\":\"Crees duda el PBI crezca 2%\"}]},{\"@type\":\"WebSite\",\"@id\":\"https:\/\/crees.org.do\/#website\",\"url\":\"https:\/\/crees.org.do\/\",\"name\":\"CREES\",\"description\":\"Centro Regional de Estrategias Econ\u00f3micas Sostenibles\",\"publisher\":{\"@id\":\"https:\/\/crees.org.do\/#organization\"},\"potentialAction\":[{\"@type\":\"SearchAction\",\"target\":{\"@type\":\"EntryPoint\",\"urlTemplate\":\"https:\/\/crees.org.do\/?s={search_term_string}\"},\"query-input\":{\"@type\":\"PropertyValueSpecification\",\"valueRequired\":true,\"valueName\":\"search_term_string\"}}],\"inLanguage\":\"es\"},{\"@type\":\"Organization\",\"@id\":\"https:\/\/crees.org.do\/#organization\",\"name\":\"CREES | Centro Regional de Estrategias Econ\u00f3micas Sostenibles\",\"url\":\"https:\/\/crees.org.do\/\",\"logo\":{\"@type\":\"ImageObject\",\"inLanguage\":\"es\",\"@id\":\"https:\/\/crees.org.do\/#\/schema\/logo\/image\/\",\"url\":\"https:\/\/crees.org.do\/wp-content\/uploads\/2022\/03\/crees-logo-1.jpg\",\"contentUrl\":\"https:\/\/crees.org.do\/wp-content\/uploads\/2022\/03\/crees-logo-1.jpg\",\"width\":244,\"height\":71,\"caption\":\"CREES | Centro Regional de Estrategias Econ\u00f3micas Sostenibles\"},\"image\":{\"@id\":\"https:\/\/crees.org.do\/#\/schema\/logo\/image\/\"},\"sameAs\":[\"https:\/\/www.facebook.com\/CREESRD\/\",\"https:\/\/x.com\/CREESRD\"]},{\"@type\":\"Person\",\"@id\":\"https:\/\/crees.org.do\/#\/schema\/person\/e7f97cd94d7bf9cd0e0ce30acb7d56b8\",\"name\":\"Crees\",\"image\":{\"@type\":\"ImageObject\",\"inLanguage\":\"es\",\"@id\":\"https:\/\/crees.org.do\/#\/schema\/person\/image\/\",\"url\":\"https:\/\/secure.gravatar.com\/avatar\/390ac8f0be5d9aa046152553e2dd7011b59a512d89c150f5e5f28bb8d9a0b165?s=96&d=mm&r=g\",\"contentUrl\":\"https:\/\/secure.gravatar.com\/avatar\/390ac8f0be5d9aa046152553e2dd7011b59a512d89c150f5e5f28bb8d9a0b165?s=96&d=mm&r=g\",\"caption\":\"Crees\"},\"url\":\"https:\/\/crees.org.do\/?author=2\"}]}<\/script>\n<!-- \/ Yoast SEO plugin. -->","yoast_head_json":{"title":"Crees duda el PBI crezca 2% | CREES","robots":{"index":"index","follow":"follow","max-snippet":"max-snippet:-1","max-image-preview":"max-image-preview:large","max-video-preview":"max-video-preview:-1"},"canonical":"https:\/\/crees.org.do\/?p=20227","og_locale":"es_ES","og_type":"article","og_title":"Crees duda el PBI crezca 2% | CREES","og_description":"full_html","og_url":"https:\/\/crees.org.do\/?p=20227","og_site_name":"CREES","article_publisher":"https:\/\/www.facebook.com\/CREESRD\/","article_published_time":"2013-01-01T00:00:00+00:00","og_image":[{"width":244,"height":71,"url":"https:\/\/crees.org.do\/wp-content\/uploads\/2022\/03\/crees-logo-1.jpg","type":"image\/jpeg"}],"author":"Crees","twitter_card":"summary_large_image","twitter_creator":"@CREESRD","twitter_site":"@CREESRD","twitter_misc":{"Escrito por":"Crees","Tiempo de lectura":"4 minutos"},"schema":{"@context":"https:\/\/schema.org","@graph":[{"@type":"Article","@id":"https:\/\/crees.org.do\/?p=20227#article","isPartOf":{"@id":"https:\/\/crees.org.do\/?p=20227"},"author":{"name":"Crees","@id":"https:\/\/crees.org.do\/#\/schema\/person\/e7f97cd94d7bf9cd0e0ce30acb7d56b8"},"headline":"Crees duda el PBI crezca 2%","datePublished":"2013-01-01T00:00:00+00:00","mainEntityOfPage":{"@id":"https:\/\/crees.org.do\/?p=20227"},"wordCount":777,"commentCount":0,"publisher":{"@id":"https:\/\/crees.org.do\/#organization"},"articleSection":["Blog"],"inLanguage":"es"},{"@type":"WebPage","@id":"https:\/\/crees.org.do\/?p=20227","url":"https:\/\/crees.org.do\/?p=20227","name":"Crees duda el PBI crezca 2% | CREES","isPartOf":{"@id":"https:\/\/crees.org.do\/#website"},"datePublished":"2013-01-01T00:00:00+00:00","breadcrumb":{"@id":"https:\/\/crees.org.do\/?p=20227#breadcrumb"},"inLanguage":"es","potentialAction":[{"@type":"ReadAction","target":["https:\/\/crees.org.do\/?p=20227"]}]},{"@type":"BreadcrumbList","@id":"https:\/\/crees.org.do\/?p=20227#breadcrumb","itemListElement":[{"@type":"ListItem","position":1,"name":"Portada","item":"https:\/\/crees.org.do\/"},{"@type":"ListItem","position":2,"name":"Crees duda el PBI crezca 2%"}]},{"@type":"WebSite","@id":"https:\/\/crees.org.do\/#website","url":"https:\/\/crees.org.do\/","name":"CREES","description":"Centro Regional de Estrategias Econ\u00f3micas Sostenibles","publisher":{"@id":"https:\/\/crees.org.do\/#organization"},"potentialAction":[{"@type":"SearchAction","target":{"@type":"EntryPoint","urlTemplate":"https:\/\/crees.org.do\/?s={search_term_string}"},"query-input":{"@type":"PropertyValueSpecification","valueRequired":true,"valueName":"search_term_string"}}],"inLanguage":"es"},{"@type":"Organization","@id":"https:\/\/crees.org.do\/#organization","name":"CREES | Centro Regional de Estrategias Econ\u00f3micas Sostenibles","url":"https:\/\/crees.org.do\/","logo":{"@type":"ImageObject","inLanguage":"es","@id":"https:\/\/crees.org.do\/#\/schema\/logo\/image\/","url":"https:\/\/crees.org.do\/wp-content\/uploads\/2022\/03\/crees-logo-1.jpg","contentUrl":"https:\/\/crees.org.do\/wp-content\/uploads\/2022\/03\/crees-logo-1.jpg","width":244,"height":71,"caption":"CREES | Centro Regional de Estrategias Econ\u00f3micas Sostenibles"},"image":{"@id":"https:\/\/crees.org.do\/#\/schema\/logo\/image\/"},"sameAs":["https:\/\/www.facebook.com\/CREESRD\/","https:\/\/x.com\/CREESRD"]},{"@type":"Person","@id":"https:\/\/crees.org.do\/#\/schema\/person\/e7f97cd94d7bf9cd0e0ce30acb7d56b8","name":"Crees","image":{"@type":"ImageObject","inLanguage":"es","@id":"https:\/\/crees.org.do\/#\/schema\/person\/image\/","url":"https:\/\/secure.gravatar.com\/avatar\/390ac8f0be5d9aa046152553e2dd7011b59a512d89c150f5e5f28bb8d9a0b165?s=96&d=mm&r=g","contentUrl":"https:\/\/secure.gravatar.com\/avatar\/390ac8f0be5d9aa046152553e2dd7011b59a512d89c150f5e5f28bb8d9a0b165?s=96&d=mm&r=g","caption":"Crees"},"url":"https:\/\/crees.org.do\/?author=2"}]}},"_links":{"self":[{"href":"https:\/\/crees.org.do\/index.php?rest_route=\/wp\/v2\/posts\/20227","targetHints":{"allow":["GET"]}}],"collection":[{"href":"https:\/\/crees.org.do\/index.php?rest_route=\/wp\/v2\/posts"}],"about":[{"href":"https:\/\/crees.org.do\/index.php?rest_route=\/wp\/v2\/types\/post"}],"author":[{"embeddable":true,"href":"https:\/\/crees.org.do\/index.php?rest_route=\/wp\/v2\/users\/2"}],"replies":[{"embeddable":true,"href":"https:\/\/crees.org.do\/index.php?rest_route=%2Fwp%2Fv2%2Fcomments&post=20227"}],"version-history":[{"count":0,"href":"https:\/\/crees.org.do\/index.php?rest_route=\/wp\/v2\/posts\/20227\/revisions"}],"wp:attachment":[{"href":"https:\/\/crees.org.do\/index.php?rest_route=%2Fwp%2Fv2%2Fmedia&parent=20227"}],"wp:term":[{"taxonomy":"category","embeddable":true,"href":"https:\/\/crees.org.do\/index.php?rest_route=%2Fwp%2Fv2%2Fcategories&post=20227"},{"taxonomy":"post_tag","embeddable":true,"href":"https:\/\/crees.org.do\/index.php?rest_route=%2Fwp%2Fv2%2Ftags&post=20227"}],"curies":[{"name":"wp","href":"https:\/\/api.w.org\/{rel}","templated":true}]}}