{"id":20239,"date":"2013-01-01T00:00:00","date_gmt":"2013-01-01T00:00:00","guid":{"rendered":"https:\/\/crees.org.do\/los-diputados-someten-un-proyecto-de-responsabilidad-fiscal\/"},"modified":"2013-01-01T00:00:00","modified_gmt":"2013-01-01T00:00:00","slug":"los-diputados-someten-un-proyecto-de-responsabilidad-fiscal","status":"publish","type":"post","link":"https:\/\/crees.org.do\/?p=20239","title":{"rendered":"Los diputados someten un proyecto de responsabilidad fiscal"},"content":{"rendered":"<p>&nbsp;<\/p>\n<p style=\"margin-bottom: 15px; font-family: Arial, Helvetica, Garuda, sans-serif; line-height: 20px; background-color: rgb(255, 255, 255); text-align: justify; \"><span style=\"font-size:12px;\"><span style=\"font-family: verdana, geneva, sans-serif; \">Autor: Socorro Arias<\/span><\/span><\/p>\n<p style=\"margin-bottom: 15px; font-family: Arial, Helvetica, Garuda, sans-serif; line-height: 20px; background-color: rgb(255, 255, 255); text-align: justify; \"><span style=\"font-size:12px;\"><span style=\"font-family: verdana, geneva, sans-serif; \">Fuente: <a href=\"http:\/\/www.diariolibre.com\/economia\/2013\/10\/18\/i407095_los-diputados-someten-proyecto-responsabilidad-fiscal.html\">www.diariolibre.com<\/a><\/span><\/span><\/p>\n<p style=\"margin-bottom: 15px; font-family: Arial, Helvetica, Garuda, sans-serif; line-height: 20px; background-color: rgb(255, 255, 255); text-align: justify; \"><span style=\"font-size:12px;\"><span style=\"font-family: verdana, geneva, sans-serif; \">Fecha: 18 Octubre 2013<\/span><\/span><\/p>\n<p style=\"margin-bottom: 15px; font-family: Arial, Helvetica, Garuda, sans-serif; line-height: 20px; background-color: rgb(255, 255, 255); text-align: justify; \">&nbsp;<\/p>\n<p style=\"margin-bottom: 15px; font-family: Arial, Helvetica, Garuda, sans-serif; line-height: 20px; background-color: rgb(255, 255, 255); text-align: justify; \"><span style=\"font-size:12px;\"><span style=\"font-family: verdana, geneva, sans-serif; \">La C\u00e1mara de Diputados fue apoderada de un Proyecto de Ley sobre la Responsabilidad y Transparencia Fiscal, que busca establecer la estructura institucional encargada de la aplicaci\u00f3n y supervisi\u00f3n del r\u00e9gimen de responsabilidad, as\u00ed como un sistema de consecuencias que se deriva de su inobservancia, violaci\u00f3n o in aplicaci\u00f3n.<\/span><\/span><\/p>\n<p style=\"margin-bottom: 15px; font-family: Arial, Helvetica, Garuda, sans-serif; line-height: 20px; background-color: rgb(255, 255, 255); text-align: justify; \"><span style=\"font-size:12px;\"><span style=\"font-family: verdana, geneva, sans-serif; \">El proyecto consigna la necesidad de que las fuerzas pol\u00edticas, econ\u00f3micas y sociales &quot;arriben a un pacto fiscal orientado a financiar el desarrollo sostenible y garantizar, la sostenibilidad fiscal a largo plazo, mediante el apoyo sostenido a un proceso de reestructuraci\u00f3n fiscal integral&quot;, explica la iniciativa en uno de sus considerando.<\/span><\/span><\/p>\n<p style=\"margin-bottom: 15px; font-family: Arial, Helvetica, Garuda, sans-serif; line-height: 20px; background-color: rgb(255, 255, 255); text-align: justify; \"><span style=\"font-size:12px;\"><span style=\"font-family: verdana, geneva, sans-serif; \">En el proyecto se abordan las Reglas Fiscales del Gasto; Reglas sobre el Endeudamiento P\u00fablico y, se establece adem\u00e1s que la deuda del Sector P\u00fablico Consolidado, como porcentaje del Producto Interno Bruto (PIB), no pueda superar en ning\u00fan caso el 40%.<\/span><\/span><\/p>\n<p style=\"margin-bottom: 15px; font-family: Arial, Helvetica, Garuda, sans-serif; line-height: 20px; background-color: rgb(255, 255, 255); text-align: justify; \"><span style=\"font-size:12px;\"><span style=\"font-family: verdana, geneva, sans-serif; \">La propuesta fue trabajada con la asesor\u00eda del Centro Regional de Estrategias Econ\u00f3micas Sostenibles (CREES) y la Fundaci\u00f3n Institucionalidad y Justicia (FINJUS), entidades que plantean que se requiere de una legislaci\u00f3n que defina, de manera clara y precisa, los criterios para evaluar la responsabilidad fiscal, y aporte elementos de transparencia necesaria para el logro de un sistema de informaci\u00f3n oportuno y confiable.<\/span><\/span><\/p>\n<p style=\"margin-bottom: 15px; font-family: Arial, Helvetica, Garuda, sans-serif; line-height: 20px; background-color: rgb(255, 255, 255); text-align: justify; \"><span style=\"font-size:12px;\"><span style=\"font-family: verdana, geneva, sans-serif; \">Los diputados Jos\u00e9 Francisco Santana, Guadalupe Valdez, Isabel de la Cruz, Ram\u00f3n Cabrera y Omar Marchena asumieron la iniciativa y la motivaron en que el pa\u00eds necesita con urgencia un marco legal de Responsabilidad Fiscal, tal y como est\u00e1 contemplado en la Estrategia Nacional de Desarrollo, en su art\u00edculo 36, sobre la Reforma Fiscal.<\/span><\/span><\/p>\n<p style=\"margin-bottom: 15px; font-family: Arial, Helvetica, Garuda, sans-serif; line-height: 20px; background-color: rgb(255, 255, 255); text-align: justify; \"><span style=\"font-size:12px;\"><span style=\"font-family: verdana, geneva, sans-serif; \">Los congresistas se\u00f1alan que el r\u00e9gimen de transparencia fiscal promueve mejores resultados en la implementaci\u00f3n de pol\u00edticas econ\u00f3micas, por cuanto los resultados son visibles tanto para los hacedores de pol\u00edticas p\u00fablicas, como para los ciudadanos en sentido general.<\/span><\/span><\/p>\n<p style=\"margin-bottom: 15px; font-family: Arial, Helvetica, Garuda, sans-serif; line-height: 20px; background-color: rgb(255, 255, 255); text-align: justify; \"><span style=\"font-size:12px;\"><span style=\"font-family: verdana, geneva, sans-serif; \">La violaci\u00f3n de la ley conlleva sanciones que van desde la amonestaci\u00f3n, hasta la destituci\u00f3n del funcionario que incumpla y penas de tres a diez a\u00f1os de c\u00e1rcel.<\/span><\/span><\/p>\n<p style=\"margin-bottom: 15px; font-family: Arial, Helvetica, Garuda, sans-serif; line-height: 20px; background-color: rgb(255, 255, 255); text-align: justify; \"><span style=\"font-size:12px;\"><span style=\"font-family: verdana, geneva, sans-serif; \">Servio Tulio Casta\u00f1os, vicepresidente ejecutivo de la Fundaci\u00f3n Institucional y Justicia (FINJUS) y Ernesto Selman, del Centro Regional de Estrategias Econ\u00f3micas (CREES) participaron en la presentaci\u00f3n del proyecto.<\/span><\/span><\/p>\n<div class=\"pvc_clear\"><\/div>\n<p class=\"pvc_stats all \" data-element-id=\"20239\" style=\"\"><i class=\"pvc-stats-icon medium\" aria-hidden=\"true\"><svg aria-hidden=\"true\" focusable=\"false\" data-prefix=\"far\" data-icon=\"chart-bar\" role=\"img\" xmlns=\"http:\/\/www.w3.org\/2000\/svg\" viewBox=\"0 0 512 512\" class=\"svg-inline--fa fa-chart-bar fa-w-16 fa-2x\"><path fill=\"currentColor\" d=\"M396.8 352h22.4c6.4 0 12.8-6.4 12.8-12.8V108.8c0-6.4-6.4-12.8-12.8-12.8h-22.4c-6.4 0-12.8 6.4-12.8 12.8v230.4c0 6.4 6.4 12.8 12.8 12.8zm-192 0h22.4c6.4 0 12.8-6.4 12.8-12.8V140.8c0-6.4-6.4-12.8-12.8-12.8h-22.4c-6.4 0-12.8 6.4-12.8 12.8v198.4c0 6.4 6.4 12.8 12.8 12.8zm96 0h22.4c6.4 0 12.8-6.4 12.8-12.8V204.8c0-6.4-6.4-12.8-12.8-12.8h-22.4c-6.4 0-12.8 6.4-12.8 12.8v134.4c0 6.4 6.4 12.8 12.8 12.8zM496 400H48V80c0-8.84-7.16-16-16-16H16C7.16 64 0 71.16 0 80v336c0 17.67 14.33 32 32 32h464c8.84 0 16-7.16 16-16v-16c0-8.84-7.16-16-16-16zm-387.2-48h22.4c6.4 0 12.8-6.4 12.8-12.8v-70.4c0-6.4-6.4-12.8-12.8-12.8h-22.4c-6.4 0-12.8 6.4-12.8 12.8v70.4c0 6.4 6.4 12.8 12.8 12.8z\" class=\"\"><\/path><\/svg><\/i> Vistas Totales&nbsp;354&nbsp;, Vistas Hoy&nbsp;3&nbsp;<\/p>\n<div class=\"pvc_clear\"><\/div>\n","protected":false},"excerpt":{"rendered":"<p>Autor: Socorro AriasFuente: www.diariolibre.comFecha: 18 Octubre 2013La C\u00e1mara de Diputados fue apoderada de un Proyecto de Ley sobre la Responsabilidad y Transparencia Fiscal, que busca establecer la estructura institucional encargada de la aplicaci\u00f3n y supervisi\u00f3n del r\u00e9gimen de responsabilidad, as\u00ed como un sistema de consecuencias que se deriva de su inobservancia, violaci\u00f3n o in aplicaci\u00f3n.<\/p>\n<div class=\"pvc_clear\"><\/div>\n<p class=\"pvc_stats all \" data-element-id=\"20239\" style=\"\"><i class=\"pvc-stats-icon medium\" aria-hidden=\"true\"><svg aria-hidden=\"true\" focusable=\"false\" data-prefix=\"far\" data-icon=\"chart-bar\" role=\"img\" xmlns=\"http:\/\/www.w3.org\/2000\/svg\" viewBox=\"0 0 512 512\" class=\"svg-inline--fa fa-chart-bar fa-w-16 fa-2x\"><path fill=\"currentColor\" d=\"M396.8 352h22.4c6.4 0 12.8-6.4 12.8-12.8V108.8c0-6.4-6.4-12.8-12.8-12.8h-22.4c-6.4 0-12.8 6.4-12.8 12.8v230.4c0 6.4 6.4 12.8 12.8 12.8zm-192 0h22.4c6.4 0 12.8-6.4 12.8-12.8V140.8c0-6.4-6.4-12.8-12.8-12.8h-22.4c-6.4 0-12.8 6.4-12.8 12.8v198.4c0 6.4 6.4 12.8 12.8 12.8zm96 0h22.4c6.4 0 12.8-6.4 12.8-12.8V204.8c0-6.4-6.4-12.8-12.8-12.8h-22.4c-6.4 0-12.8 6.4-12.8 12.8v134.4c0 6.4 6.4 12.8 12.8 12.8zM496 400H48V80c0-8.84-7.16-16-16-16H16C7.16 64 0 71.16 0 80v336c0 17.67 14.33 32 32 32h464c8.84 0 16-7.16 16-16v-16c0-8.84-7.16-16-16-16zm-387.2-48h22.4c6.4 0 12.8-6.4 12.8-12.8v-70.4c0-6.4-6.4-12.8-12.8-12.8h-22.4c-6.4 0-12.8 6.4-12.8 12.8v70.4c0 6.4 6.4 12.8 12.8 12.8z\" class=\"\"><\/path><\/svg><\/i> Vistas Totales&nbsp;354&nbsp;, Vistas Hoy&nbsp;3&nbsp;<\/p>\n<div class=\"pvc_clear\"><\/div>\n","protected":false},"author":2,"featured_media":0,"comment_status":"open","ping_status":"open","sticky":false,"template":"","format":"standard","meta":{"footnotes":""},"categories":[21],"tags":[],"class_list":["post-20239","post","type-post","status-publish","format-standard","hentry","category-blog"],"yoast_head":"<!-- This site is optimized with the Yoast SEO plugin v25.2 - https:\/\/yoast.com\/wordpress\/plugins\/seo\/ -->\n<title>Los diputados someten un proyecto de responsabilidad fiscal | CREES<\/title>\n<meta name=\"robots\" content=\"index, follow, max-snippet:-1, max-image-preview:large, max-video-preview:-1\" \/>\n<link rel=\"canonical\" href=\"https:\/\/crees.org.do\/?p=20239\" \/>\n<meta property=\"og:locale\" content=\"es_ES\" \/>\n<meta property=\"og:type\" content=\"article\" \/>\n<meta property=\"og:title\" content=\"Los diputados someten un proyecto de responsabilidad fiscal | CREES\" \/>\n<meta property=\"og:description\" content=\"Autor: Socorro AriasFuente: www.diariolibre.comFecha: 18 Octubre 2013La C\u00e1mara de Diputados fue apoderada de un Proyecto de Ley sobre la Responsabilidad y Transparencia Fiscal, que busca establecer la estructura institucional encargada de la aplicaci\u00f3n y supervisi\u00f3n del r\u00e9gimen de responsabilidad, as\u00ed como un sistema de consecuencias que se deriva de su inobservancia, violaci\u00f3n o in aplicaci\u00f3n.\" \/>\n<meta property=\"og:url\" content=\"https:\/\/crees.org.do\/?p=20239\" \/>\n<meta property=\"og:site_name\" content=\"CREES\" \/>\n<meta property=\"article:publisher\" content=\"https:\/\/www.facebook.com\/CREESRD\/\" \/>\n<meta property=\"article:published_time\" content=\"2013-01-01T00:00:00+00:00\" \/>\n<meta property=\"og:image\" content=\"https:\/\/crees.org.do\/wp-content\/uploads\/2022\/03\/crees-logo-1.jpg\" \/>\n\t<meta property=\"og:image:width\" content=\"244\" \/>\n\t<meta property=\"og:image:height\" content=\"71\" \/>\n\t<meta property=\"og:image:type\" content=\"image\/jpeg\" \/>\n<meta name=\"author\" content=\"Crees\" \/>\n<meta name=\"twitter:card\" content=\"summary_large_image\" \/>\n<meta name=\"twitter:creator\" content=\"@CREESRD\" \/>\n<meta name=\"twitter:site\" content=\"@CREESRD\" \/>\n<meta name=\"twitter:label1\" content=\"Escrito por\" \/>\n\t<meta name=\"twitter:data1\" content=\"Crees\" \/>\n\t<meta name=\"twitter:label2\" content=\"Tiempo de lectura\" \/>\n\t<meta name=\"twitter:data2\" content=\"2 minutos\" \/>\n<script type=\"application\/ld+json\" class=\"yoast-schema-graph\">{\"@context\":\"https:\/\/schema.org\",\"@graph\":[{\"@type\":\"Article\",\"@id\":\"https:\/\/crees.org.do\/?p=20239#article\",\"isPartOf\":{\"@id\":\"https:\/\/crees.org.do\/?p=20239\"},\"author\":{\"name\":\"Crees\",\"@id\":\"https:\/\/crees.org.do\/#\/schema\/person\/e7f97cd94d7bf9cd0e0ce30acb7d56b8\"},\"headline\":\"Los diputados someten un proyecto de responsabilidad fiscal\",\"datePublished\":\"2013-01-01T00:00:00+00:00\",\"mainEntityOfPage\":{\"@id\":\"https:\/\/crees.org.do\/?p=20239\"},\"wordCount\":407,\"commentCount\":0,\"publisher\":{\"@id\":\"https:\/\/crees.org.do\/#organization\"},\"articleSection\":[\"Blog\"],\"inLanguage\":\"es\"},{\"@type\":\"WebPage\",\"@id\":\"https:\/\/crees.org.do\/?p=20239\",\"url\":\"https:\/\/crees.org.do\/?p=20239\",\"name\":\"Los diputados someten un proyecto de responsabilidad fiscal | CREES\",\"isPartOf\":{\"@id\":\"https:\/\/crees.org.do\/#website\"},\"datePublished\":\"2013-01-01T00:00:00+00:00\",\"breadcrumb\":{\"@id\":\"https:\/\/crees.org.do\/?p=20239#breadcrumb\"},\"inLanguage\":\"es\",\"potentialAction\":[{\"@type\":\"ReadAction\",\"target\":[\"https:\/\/crees.org.do\/?p=20239\"]}]},{\"@type\":\"BreadcrumbList\",\"@id\":\"https:\/\/crees.org.do\/?p=20239#breadcrumb\",\"itemListElement\":[{\"@type\":\"ListItem\",\"position\":1,\"name\":\"Portada\",\"item\":\"https:\/\/crees.org.do\/\"},{\"@type\":\"ListItem\",\"position\":2,\"name\":\"Los diputados someten un proyecto de responsabilidad fiscal\"}]},{\"@type\":\"WebSite\",\"@id\":\"https:\/\/crees.org.do\/#website\",\"url\":\"https:\/\/crees.org.do\/\",\"name\":\"CREES\",\"description\":\"Centro Regional de Estrategias Econ\u00f3micas Sostenibles\",\"publisher\":{\"@id\":\"https:\/\/crees.org.do\/#organization\"},\"potentialAction\":[{\"@type\":\"SearchAction\",\"target\":{\"@type\":\"EntryPoint\",\"urlTemplate\":\"https:\/\/crees.org.do\/?s={search_term_string}\"},\"query-input\":{\"@type\":\"PropertyValueSpecification\",\"valueRequired\":true,\"valueName\":\"search_term_string\"}}],\"inLanguage\":\"es\"},{\"@type\":\"Organization\",\"@id\":\"https:\/\/crees.org.do\/#organization\",\"name\":\"CREES | Centro Regional de Estrategias Econ\u00f3micas Sostenibles\",\"url\":\"https:\/\/crees.org.do\/\",\"logo\":{\"@type\":\"ImageObject\",\"inLanguage\":\"es\",\"@id\":\"https:\/\/crees.org.do\/#\/schema\/logo\/image\/\",\"url\":\"https:\/\/crees.org.do\/wp-content\/uploads\/2022\/03\/crees-logo-1.jpg\",\"contentUrl\":\"https:\/\/crees.org.do\/wp-content\/uploads\/2022\/03\/crees-logo-1.jpg\",\"width\":244,\"height\":71,\"caption\":\"CREES | Centro Regional de Estrategias Econ\u00f3micas Sostenibles\"},\"image\":{\"@id\":\"https:\/\/crees.org.do\/#\/schema\/logo\/image\/\"},\"sameAs\":[\"https:\/\/www.facebook.com\/CREESRD\/\",\"https:\/\/x.com\/CREESRD\"]},{\"@type\":\"Person\",\"@id\":\"https:\/\/crees.org.do\/#\/schema\/person\/e7f97cd94d7bf9cd0e0ce30acb7d56b8\",\"name\":\"Crees\",\"image\":{\"@type\":\"ImageObject\",\"inLanguage\":\"es\",\"@id\":\"https:\/\/crees.org.do\/#\/schema\/person\/image\/\",\"url\":\"https:\/\/secure.gravatar.com\/avatar\/390ac8f0be5d9aa046152553e2dd7011b59a512d89c150f5e5f28bb8d9a0b165?s=96&d=mm&r=g\",\"contentUrl\":\"https:\/\/secure.gravatar.com\/avatar\/390ac8f0be5d9aa046152553e2dd7011b59a512d89c150f5e5f28bb8d9a0b165?s=96&d=mm&r=g\",\"caption\":\"Crees\"},\"url\":\"https:\/\/crees.org.do\/?author=2\"}]}<\/script>\n<!-- \/ Yoast SEO plugin. -->","yoast_head_json":{"title":"Los diputados someten un proyecto de responsabilidad fiscal | CREES","robots":{"index":"index","follow":"follow","max-snippet":"max-snippet:-1","max-image-preview":"max-image-preview:large","max-video-preview":"max-video-preview:-1"},"canonical":"https:\/\/crees.org.do\/?p=20239","og_locale":"es_ES","og_type":"article","og_title":"Los diputados someten un proyecto de responsabilidad fiscal | CREES","og_description":"Autor: Socorro AriasFuente: www.diariolibre.comFecha: 18 Octubre 2013La C\u00e1mara de Diputados fue apoderada de un Proyecto de Ley sobre la Responsabilidad y Transparencia Fiscal, que busca establecer la estructura institucional encargada de la aplicaci\u00f3n y supervisi\u00f3n del r\u00e9gimen de responsabilidad, as\u00ed como un sistema de consecuencias que se deriva de su inobservancia, violaci\u00f3n o in aplicaci\u00f3n.","og_url":"https:\/\/crees.org.do\/?p=20239","og_site_name":"CREES","article_publisher":"https:\/\/www.facebook.com\/CREESRD\/","article_published_time":"2013-01-01T00:00:00+00:00","og_image":[{"width":244,"height":71,"url":"https:\/\/crees.org.do\/wp-content\/uploads\/2022\/03\/crees-logo-1.jpg","type":"image\/jpeg"}],"author":"Crees","twitter_card":"summary_large_image","twitter_creator":"@CREESRD","twitter_site":"@CREESRD","twitter_misc":{"Escrito por":"Crees","Tiempo de lectura":"2 minutos"},"schema":{"@context":"https:\/\/schema.org","@graph":[{"@type":"Article","@id":"https:\/\/crees.org.do\/?p=20239#article","isPartOf":{"@id":"https:\/\/crees.org.do\/?p=20239"},"author":{"name":"Crees","@id":"https:\/\/crees.org.do\/#\/schema\/person\/e7f97cd94d7bf9cd0e0ce30acb7d56b8"},"headline":"Los diputados someten un proyecto de responsabilidad fiscal","datePublished":"2013-01-01T00:00:00+00:00","mainEntityOfPage":{"@id":"https:\/\/crees.org.do\/?p=20239"},"wordCount":407,"commentCount":0,"publisher":{"@id":"https:\/\/crees.org.do\/#organization"},"articleSection":["Blog"],"inLanguage":"es"},{"@type":"WebPage","@id":"https:\/\/crees.org.do\/?p=20239","url":"https:\/\/crees.org.do\/?p=20239","name":"Los diputados someten un proyecto de responsabilidad fiscal | CREES","isPartOf":{"@id":"https:\/\/crees.org.do\/#website"},"datePublished":"2013-01-01T00:00:00+00:00","breadcrumb":{"@id":"https:\/\/crees.org.do\/?p=20239#breadcrumb"},"inLanguage":"es","potentialAction":[{"@type":"ReadAction","target":["https:\/\/crees.org.do\/?p=20239"]}]},{"@type":"BreadcrumbList","@id":"https:\/\/crees.org.do\/?p=20239#breadcrumb","itemListElement":[{"@type":"ListItem","position":1,"name":"Portada","item":"https:\/\/crees.org.do\/"},{"@type":"ListItem","position":2,"name":"Los diputados someten un proyecto de responsabilidad fiscal"}]},{"@type":"WebSite","@id":"https:\/\/crees.org.do\/#website","url":"https:\/\/crees.org.do\/","name":"CREES","description":"Centro Regional de Estrategias Econ\u00f3micas Sostenibles","publisher":{"@id":"https:\/\/crees.org.do\/#organization"},"potentialAction":[{"@type":"SearchAction","target":{"@type":"EntryPoint","urlTemplate":"https:\/\/crees.org.do\/?s={search_term_string}"},"query-input":{"@type":"PropertyValueSpecification","valueRequired":true,"valueName":"search_term_string"}}],"inLanguage":"es"},{"@type":"Organization","@id":"https:\/\/crees.org.do\/#organization","name":"CREES | Centro Regional de Estrategias Econ\u00f3micas Sostenibles","url":"https:\/\/crees.org.do\/","logo":{"@type":"ImageObject","inLanguage":"es","@id":"https:\/\/crees.org.do\/#\/schema\/logo\/image\/","url":"https:\/\/crees.org.do\/wp-content\/uploads\/2022\/03\/crees-logo-1.jpg","contentUrl":"https:\/\/crees.org.do\/wp-content\/uploads\/2022\/03\/crees-logo-1.jpg","width":244,"height":71,"caption":"CREES | Centro Regional de Estrategias Econ\u00f3micas Sostenibles"},"image":{"@id":"https:\/\/crees.org.do\/#\/schema\/logo\/image\/"},"sameAs":["https:\/\/www.facebook.com\/CREESRD\/","https:\/\/x.com\/CREESRD"]},{"@type":"Person","@id":"https:\/\/crees.org.do\/#\/schema\/person\/e7f97cd94d7bf9cd0e0ce30acb7d56b8","name":"Crees","image":{"@type":"ImageObject","inLanguage":"es","@id":"https:\/\/crees.org.do\/#\/schema\/person\/image\/","url":"https:\/\/secure.gravatar.com\/avatar\/390ac8f0be5d9aa046152553e2dd7011b59a512d89c150f5e5f28bb8d9a0b165?s=96&d=mm&r=g","contentUrl":"https:\/\/secure.gravatar.com\/avatar\/390ac8f0be5d9aa046152553e2dd7011b59a512d89c150f5e5f28bb8d9a0b165?s=96&d=mm&r=g","caption":"Crees"},"url":"https:\/\/crees.org.do\/?author=2"}]}},"_links":{"self":[{"href":"https:\/\/crees.org.do\/index.php?rest_route=\/wp\/v2\/posts\/20239","targetHints":{"allow":["GET"]}}],"collection":[{"href":"https:\/\/crees.org.do\/index.php?rest_route=\/wp\/v2\/posts"}],"about":[{"href":"https:\/\/crees.org.do\/index.php?rest_route=\/wp\/v2\/types\/post"}],"author":[{"embeddable":true,"href":"https:\/\/crees.org.do\/index.php?rest_route=\/wp\/v2\/users\/2"}],"replies":[{"embeddable":true,"href":"https:\/\/crees.org.do\/index.php?rest_route=%2Fwp%2Fv2%2Fcomments&post=20239"}],"version-history":[{"count":0,"href":"https:\/\/crees.org.do\/index.php?rest_route=\/wp\/v2\/posts\/20239\/revisions"}],"wp:attachment":[{"href":"https:\/\/crees.org.do\/index.php?rest_route=%2Fwp%2Fv2%2Fmedia&parent=20239"}],"wp:term":[{"taxonomy":"category","embeddable":true,"href":"https:\/\/crees.org.do\/index.php?rest_route=%2Fwp%2Fv2%2Fcategories&post=20239"},{"taxonomy":"post_tag","embeddable":true,"href":"https:\/\/crees.org.do\/index.php?rest_route=%2Fwp%2Fv2%2Ftags&post=20239"}],"curies":[{"name":"wp","href":"https:\/\/api.w.org\/{rel}","templated":true}]}}