{"id":20244,"date":"2013-01-01T00:00:00","date_gmt":"2013-01-01T00:00:00","guid":{"rendered":"https:\/\/crees.org.do\/crees-considera-que-el-estado-gasta-mas-de-lo-que-genera\/"},"modified":"2013-01-01T00:00:00","modified_gmt":"2013-01-01T00:00:00","slug":"crees-considera-que-el-estado-gasta-mas-de-lo-que-genera","status":"publish","type":"post","link":"https:\/\/crees.org.do\/?p=20244","title":{"rendered":"CREES considera que el Estado gasta m\u00e1s de lo que genera"},"content":{"rendered":"<p>&nbsp;<\/p>\n<p style=\"color: rgb(65, 65, 65); font-family: Arial, Helvetica, sans-serif; font-size: 13px; background-color: rgb(250, 249, 249); text-align: justify; \">&nbsp;<\/p>\n<p style=\"\"><span style=\"font-size:12px;\"><span style=\"font-family: verdana, geneva, sans-serif; \">Autora: Karina Jim\u00e9nez<\/span><\/span><\/p>\n<p style=\"\"><span style=\"font-size:12px;\"><span style=\"font-family: verdana, geneva, sans-serif; \">Fuente: <a href=\"http:\/\/www.elcaribe.com.do\/2013\/10\/30\/crees-considera-que-estado-gasta-mas-que-que-genera\">www.elcaribe.com.do<\/a><\/span><\/span><\/p>\n<p style=\"\"><span style=\"font-size:12px;\"><span style=\"font-family: verdana, geneva, sans-serif; \">Fecha: 30 Octubre 2013<\/span><\/span><\/p>\n<p style=\"\">&nbsp;<\/p>\n<p style=\"\"><span style=\"font-size:12px;\"><span style=\"font-family: verdana, geneva, sans-serif; \">El vicepresidente del Centro Regional de Estrategias Econ\u00f3micas Sostenibles (CREES), Ernesto Selman, dijo este mi\u00e9rcoles que la Rep\u00fablica Dominicana ha venido deteriorando su posici\u00f3n fiscal desde 2000 porque el Estado ha gastado m\u00e1s que sus ingresos.<\/span><\/span><\/p>\n<p style=\"\"><span style=\"font-size:12px;\"><span style=\"font-family: verdana, geneva, sans-serif; \">&ldquo;Eso implica que cuando se gasta m\u00e1s que los ingresos, se adquiere un d\u00e9ficit que tienen que financiarlo con deudas&rdquo;, explic\u00f3 Selman al ser entrevistado en el programa &ldquo;Enfoque Matinal&rdquo;, que se transmite por NCDN.<\/span><\/span><\/p>\n<p style=\"\"><span style=\"font-size:12px;\"><span style=\"font-family: verdana, geneva, sans-serif; \">Manifest\u00f3 que atendiendo a esa premisa, desde al a\u00f1o 2008 hasta la fecha el Estado ha estado pagando parcialmente intereses, lo que implica una quinta parte de los ingresos corrientes del Estado.<\/span><\/span><\/p>\n<p style=\"\"><span style=\"font-size:12px;\"><span style=\"font-family: verdana, geneva, sans-serif; \">&ldquo;En el a\u00f1o 2000 los ingresos corrientes se destinaron el 4.5% para el pago de intereses, en el a\u00f1o 2013 se elev\u00f3 al 18%&rdquo;, subray\u00f3.<\/span><\/span><\/p>\n<p style=\"\"><span style=\"font-size:12px;\"><span style=\"font-family: verdana, geneva, sans-serif; \"><strong style=\"margin: 0px; padding: 0px; border: 0px; outline: 0px; vertical-align: baseline; background-color: transparent; \">Critican transparencia presupuestaria<\/strong><\/span><\/span><\/p>\n<p style=\"\"><span style=\"font-size:12px;\"><span style=\"font-family: verdana, geneva, sans-serif; \">Servio Tulio Casta\u00f1os, vicepresidente ejecutivo de la Fundaci\u00f3n Institucionalidad y Justicia (Finjus), calific\u00f3 como deficientes los niveles de transparencia con que se ejecuta el Presupuesto Nacional.<\/span><\/span><\/p>\n<p style=\"\"><span style=\"font-size:12px;\"><span style=\"font-family: verdana, geneva, sans-serif; \">&ldquo;Hoy es el d\u00eda que todav\u00eda no sabemos c\u00f3mo se termin\u00f3 el 2012 (&hellip;) est\u00e1 contenido en la ley que la Direcci\u00f3n General de Presupuesto tiene que permanentemente comunicarle al pa\u00eds cu\u00e1l es su ejecuci\u00f3n presupuestaria, creo que no lo hace desde hace mucho, lo \u00fanico que publica son montos y t\u00fa no sabes qui\u00e9nes son los beneficiarios, cu\u00e1les fueron las obras que se ejecutaron&rdquo;, sostuvo Servio Tulio.<\/span><\/span><\/p>\n<p style=\"\"><span style=\"font-size:12px;\"><span style=\"font-family: verdana, geneva, sans-serif; \">Consider\u00f3 como una &ldquo;verdadera locura&rdquo; la asignaci\u00f3n presupuestaria del 2014 ya que el gasto sube casi el 3% del presupuesto.<\/span><\/span><\/p>\n<p style=\"\"><span style=\"font-size:12px;\"><span style=\"font-family: verdana, geneva, sans-serif; \">Sostuvo que todo lo que tiene que ver con gastos corrientes &ldquo;a fin de cuenta lo que contribuye para seguir fomentado el clientelismo&rdquo;.<\/span><\/span><\/p>\n<div class=\"pvc_clear\"><\/div>\n<p class=\"pvc_stats all \" data-element-id=\"20244\" style=\"\"><i class=\"pvc-stats-icon medium\" aria-hidden=\"true\"><svg aria-hidden=\"true\" focusable=\"false\" data-prefix=\"far\" data-icon=\"chart-bar\" role=\"img\" xmlns=\"http:\/\/www.w3.org\/2000\/svg\" viewBox=\"0 0 512 512\" class=\"svg-inline--fa fa-chart-bar fa-w-16 fa-2x\"><path fill=\"currentColor\" d=\"M396.8 352h22.4c6.4 0 12.8-6.4 12.8-12.8V108.8c0-6.4-6.4-12.8-12.8-12.8h-22.4c-6.4 0-12.8 6.4-12.8 12.8v230.4c0 6.4 6.4 12.8 12.8 12.8zm-192 0h22.4c6.4 0 12.8-6.4 12.8-12.8V140.8c0-6.4-6.4-12.8-12.8-12.8h-22.4c-6.4 0-12.8 6.4-12.8 12.8v198.4c0 6.4 6.4 12.8 12.8 12.8zm96 0h22.4c6.4 0 12.8-6.4 12.8-12.8V204.8c0-6.4-6.4-12.8-12.8-12.8h-22.4c-6.4 0-12.8 6.4-12.8 12.8v134.4c0 6.4 6.4 12.8 12.8 12.8zM496 400H48V80c0-8.84-7.16-16-16-16H16C7.16 64 0 71.16 0 80v336c0 17.67 14.33 32 32 32h464c8.84 0 16-7.16 16-16v-16c0-8.84-7.16-16-16-16zm-387.2-48h22.4c6.4 0 12.8-6.4 12.8-12.8v-70.4c0-6.4-6.4-12.8-12.8-12.8h-22.4c-6.4 0-12.8 6.4-12.8 12.8v70.4c0 6.4 6.4 12.8 12.8 12.8z\" class=\"\"><\/path><\/svg><\/i> Vistas Totales&nbsp;360&nbsp;, Vistas Hoy&nbsp;6&nbsp;<\/p>\n<div class=\"pvc_clear\"><\/div>\n","protected":false},"excerpt":{"rendered":"<p>Autora: Karina Jim\u00e9nezFuente: www.elcaribe.com.doFecha: 30 Octubre 2013El vicepresidente del Centro Regional de Estrategias Econ\u00f3micas Sostenibles (CREES), Ernesto Selman, dijo este mi\u00e9rcoles que la Rep\u00fablica Dominicana ha venido deteriorando su posici\u00f3n fiscal desde 2000 porque el Estado ha gastado m\u00e1s que sus ingresos.<\/p>\n<div class=\"pvc_clear\"><\/div>\n<p class=\"pvc_stats all \" data-element-id=\"20244\" style=\"\"><i class=\"pvc-stats-icon medium\" aria-hidden=\"true\"><svg aria-hidden=\"true\" focusable=\"false\" data-prefix=\"far\" data-icon=\"chart-bar\" role=\"img\" xmlns=\"http:\/\/www.w3.org\/2000\/svg\" viewBox=\"0 0 512 512\" class=\"svg-inline--fa fa-chart-bar fa-w-16 fa-2x\"><path fill=\"currentColor\" d=\"M396.8 352h22.4c6.4 0 12.8-6.4 12.8-12.8V108.8c0-6.4-6.4-12.8-12.8-12.8h-22.4c-6.4 0-12.8 6.4-12.8 12.8v230.4c0 6.4 6.4 12.8 12.8 12.8zm-192 0h22.4c6.4 0 12.8-6.4 12.8-12.8V140.8c0-6.4-6.4-12.8-12.8-12.8h-22.4c-6.4 0-12.8 6.4-12.8 12.8v198.4c0 6.4 6.4 12.8 12.8 12.8zm96 0h22.4c6.4 0 12.8-6.4 12.8-12.8V204.8c0-6.4-6.4-12.8-12.8-12.8h-22.4c-6.4 0-12.8 6.4-12.8 12.8v134.4c0 6.4 6.4 12.8 12.8 12.8zM496 400H48V80c0-8.84-7.16-16-16-16H16C7.16 64 0 71.16 0 80v336c0 17.67 14.33 32 32 32h464c8.84 0 16-7.16 16-16v-16c0-8.84-7.16-16-16-16zm-387.2-48h22.4c6.4 0 12.8-6.4 12.8-12.8v-70.4c0-6.4-6.4-12.8-12.8-12.8h-22.4c-6.4 0-12.8 6.4-12.8 12.8v70.4c0 6.4 6.4 12.8 12.8 12.8z\" class=\"\"><\/path><\/svg><\/i> Vistas Totales&nbsp;360&nbsp;, Vistas Hoy&nbsp;6&nbsp;<\/p>\n<div class=\"pvc_clear\"><\/div>\n","protected":false},"author":2,"featured_media":0,"comment_status":"open","ping_status":"open","sticky":false,"template":"","format":"standard","meta":{"footnotes":""},"categories":[21],"tags":[],"class_list":["post-20244","post","type-post","status-publish","format-standard","hentry","category-blog"],"yoast_head":"<!-- This site is optimized with the Yoast SEO plugin v25.2 - https:\/\/yoast.com\/wordpress\/plugins\/seo\/ -->\n<title>CREES considera que el Estado gasta m\u00e1s de lo que genera | CREES<\/title>\n<meta name=\"robots\" content=\"index, follow, max-snippet:-1, max-image-preview:large, max-video-preview:-1\" \/>\n<link rel=\"canonical\" href=\"https:\/\/crees.org.do\/?p=20244\" \/>\n<meta property=\"og:locale\" content=\"es_ES\" \/>\n<meta property=\"og:type\" content=\"article\" \/>\n<meta property=\"og:title\" content=\"CREES considera que el Estado gasta m\u00e1s de lo que genera | CREES\" \/>\n<meta property=\"og:description\" content=\"Autora: Karina Jim\u00e9nezFuente: www.elcaribe.com.doFecha: 30 Octubre 2013El vicepresidente del Centro Regional de Estrategias Econ\u00f3micas Sostenibles (CREES), Ernesto Selman, dijo este mi\u00e9rcoles que la Rep\u00fablica Dominicana ha venido deteriorando su posici\u00f3n fiscal desde 2000 porque el Estado ha gastado m\u00e1s que sus ingresos.\" \/>\n<meta property=\"og:url\" content=\"https:\/\/crees.org.do\/?p=20244\" \/>\n<meta property=\"og:site_name\" content=\"CREES\" \/>\n<meta property=\"article:publisher\" content=\"https:\/\/www.facebook.com\/CREESRD\/\" \/>\n<meta property=\"article:published_time\" content=\"2013-01-01T00:00:00+00:00\" \/>\n<meta property=\"og:image\" content=\"https:\/\/crees.org.do\/wp-content\/uploads\/2022\/03\/crees-logo-1.jpg\" \/>\n\t<meta property=\"og:image:width\" content=\"244\" \/>\n\t<meta property=\"og:image:height\" content=\"71\" \/>\n\t<meta property=\"og:image:type\" content=\"image\/jpeg\" \/>\n<meta name=\"author\" content=\"Crees\" \/>\n<meta name=\"twitter:card\" content=\"summary_large_image\" \/>\n<meta name=\"twitter:creator\" content=\"@CREESRD\" \/>\n<meta name=\"twitter:site\" content=\"@CREESRD\" \/>\n<meta name=\"twitter:label1\" content=\"Escrito por\" \/>\n\t<meta name=\"twitter:data1\" content=\"Crees\" \/>\n\t<meta name=\"twitter:label2\" content=\"Tiempo de lectura\" \/>\n\t<meta name=\"twitter:data2\" content=\"2 minutos\" \/>\n<script type=\"application\/ld+json\" class=\"yoast-schema-graph\">{\"@context\":\"https:\/\/schema.org\",\"@graph\":[{\"@type\":\"Article\",\"@id\":\"https:\/\/crees.org.do\/?p=20244#article\",\"isPartOf\":{\"@id\":\"https:\/\/crees.org.do\/?p=20244\"},\"author\":{\"name\":\"Crees\",\"@id\":\"https:\/\/crees.org.do\/#\/schema\/person\/e7f97cd94d7bf9cd0e0ce30acb7d56b8\"},\"headline\":\"CREES considera que el Estado gasta m\u00e1s de lo que genera\",\"datePublished\":\"2013-01-01T00:00:00+00:00\",\"mainEntityOfPage\":{\"@id\":\"https:\/\/crees.org.do\/?p=20244\"},\"wordCount\":319,\"commentCount\":0,\"publisher\":{\"@id\":\"https:\/\/crees.org.do\/#organization\"},\"articleSection\":[\"Blog\"],\"inLanguage\":\"es\"},{\"@type\":\"WebPage\",\"@id\":\"https:\/\/crees.org.do\/?p=20244\",\"url\":\"https:\/\/crees.org.do\/?p=20244\",\"name\":\"CREES considera que el Estado gasta m\u00e1s de lo que genera | CREES\",\"isPartOf\":{\"@id\":\"https:\/\/crees.org.do\/#website\"},\"datePublished\":\"2013-01-01T00:00:00+00:00\",\"breadcrumb\":{\"@id\":\"https:\/\/crees.org.do\/?p=20244#breadcrumb\"},\"inLanguage\":\"es\",\"potentialAction\":[{\"@type\":\"ReadAction\",\"target\":[\"https:\/\/crees.org.do\/?p=20244\"]}]},{\"@type\":\"BreadcrumbList\",\"@id\":\"https:\/\/crees.org.do\/?p=20244#breadcrumb\",\"itemListElement\":[{\"@type\":\"ListItem\",\"position\":1,\"name\":\"Portada\",\"item\":\"https:\/\/crees.org.do\/\"},{\"@type\":\"ListItem\",\"position\":2,\"name\":\"CREES considera que el Estado gasta m\u00e1s de lo que genera\"}]},{\"@type\":\"WebSite\",\"@id\":\"https:\/\/crees.org.do\/#website\",\"url\":\"https:\/\/crees.org.do\/\",\"name\":\"CREES\",\"description\":\"Centro Regional de Estrategias Econ\u00f3micas Sostenibles\",\"publisher\":{\"@id\":\"https:\/\/crees.org.do\/#organization\"},\"potentialAction\":[{\"@type\":\"SearchAction\",\"target\":{\"@type\":\"EntryPoint\",\"urlTemplate\":\"https:\/\/crees.org.do\/?s={search_term_string}\"},\"query-input\":{\"@type\":\"PropertyValueSpecification\",\"valueRequired\":true,\"valueName\":\"search_term_string\"}}],\"inLanguage\":\"es\"},{\"@type\":\"Organization\",\"@id\":\"https:\/\/crees.org.do\/#organization\",\"name\":\"CREES | Centro Regional de Estrategias Econ\u00f3micas Sostenibles\",\"url\":\"https:\/\/crees.org.do\/\",\"logo\":{\"@type\":\"ImageObject\",\"inLanguage\":\"es\",\"@id\":\"https:\/\/crees.org.do\/#\/schema\/logo\/image\/\",\"url\":\"https:\/\/crees.org.do\/wp-content\/uploads\/2022\/03\/crees-logo-1.jpg\",\"contentUrl\":\"https:\/\/crees.org.do\/wp-content\/uploads\/2022\/03\/crees-logo-1.jpg\",\"width\":244,\"height\":71,\"caption\":\"CREES | Centro Regional de Estrategias Econ\u00f3micas Sostenibles\"},\"image\":{\"@id\":\"https:\/\/crees.org.do\/#\/schema\/logo\/image\/\"},\"sameAs\":[\"https:\/\/www.facebook.com\/CREESRD\/\",\"https:\/\/x.com\/CREESRD\"]},{\"@type\":\"Person\",\"@id\":\"https:\/\/crees.org.do\/#\/schema\/person\/e7f97cd94d7bf9cd0e0ce30acb7d56b8\",\"name\":\"Crees\",\"image\":{\"@type\":\"ImageObject\",\"inLanguage\":\"es\",\"@id\":\"https:\/\/crees.org.do\/#\/schema\/person\/image\/\",\"url\":\"https:\/\/secure.gravatar.com\/avatar\/390ac8f0be5d9aa046152553e2dd7011b59a512d89c150f5e5f28bb8d9a0b165?s=96&d=mm&r=g\",\"contentUrl\":\"https:\/\/secure.gravatar.com\/avatar\/390ac8f0be5d9aa046152553e2dd7011b59a512d89c150f5e5f28bb8d9a0b165?s=96&d=mm&r=g\",\"caption\":\"Crees\"},\"url\":\"https:\/\/crees.org.do\/?author=2\"}]}<\/script>\n<!-- \/ Yoast SEO plugin. -->","yoast_head_json":{"title":"CREES considera que el Estado gasta m\u00e1s de lo que genera | CREES","robots":{"index":"index","follow":"follow","max-snippet":"max-snippet:-1","max-image-preview":"max-image-preview:large","max-video-preview":"max-video-preview:-1"},"canonical":"https:\/\/crees.org.do\/?p=20244","og_locale":"es_ES","og_type":"article","og_title":"CREES considera que el Estado gasta m\u00e1s de lo que genera | CREES","og_description":"Autora: Karina Jim\u00e9nezFuente: www.elcaribe.com.doFecha: 30 Octubre 2013El vicepresidente del Centro Regional de Estrategias Econ\u00f3micas Sostenibles (CREES), Ernesto Selman, dijo este mi\u00e9rcoles que la Rep\u00fablica Dominicana ha venido deteriorando su posici\u00f3n fiscal desde 2000 porque el Estado ha gastado m\u00e1s que sus ingresos.","og_url":"https:\/\/crees.org.do\/?p=20244","og_site_name":"CREES","article_publisher":"https:\/\/www.facebook.com\/CREESRD\/","article_published_time":"2013-01-01T00:00:00+00:00","og_image":[{"width":244,"height":71,"url":"https:\/\/crees.org.do\/wp-content\/uploads\/2022\/03\/crees-logo-1.jpg","type":"image\/jpeg"}],"author":"Crees","twitter_card":"summary_large_image","twitter_creator":"@CREESRD","twitter_site":"@CREESRD","twitter_misc":{"Escrito por":"Crees","Tiempo de lectura":"2 minutos"},"schema":{"@context":"https:\/\/schema.org","@graph":[{"@type":"Article","@id":"https:\/\/crees.org.do\/?p=20244#article","isPartOf":{"@id":"https:\/\/crees.org.do\/?p=20244"},"author":{"name":"Crees","@id":"https:\/\/crees.org.do\/#\/schema\/person\/e7f97cd94d7bf9cd0e0ce30acb7d56b8"},"headline":"CREES considera que el Estado gasta m\u00e1s de lo que genera","datePublished":"2013-01-01T00:00:00+00:00","mainEntityOfPage":{"@id":"https:\/\/crees.org.do\/?p=20244"},"wordCount":319,"commentCount":0,"publisher":{"@id":"https:\/\/crees.org.do\/#organization"},"articleSection":["Blog"],"inLanguage":"es"},{"@type":"WebPage","@id":"https:\/\/crees.org.do\/?p=20244","url":"https:\/\/crees.org.do\/?p=20244","name":"CREES considera que el Estado gasta m\u00e1s de lo que genera | CREES","isPartOf":{"@id":"https:\/\/crees.org.do\/#website"},"datePublished":"2013-01-01T00:00:00+00:00","breadcrumb":{"@id":"https:\/\/crees.org.do\/?p=20244#breadcrumb"},"inLanguage":"es","potentialAction":[{"@type":"ReadAction","target":["https:\/\/crees.org.do\/?p=20244"]}]},{"@type":"BreadcrumbList","@id":"https:\/\/crees.org.do\/?p=20244#breadcrumb","itemListElement":[{"@type":"ListItem","position":1,"name":"Portada","item":"https:\/\/crees.org.do\/"},{"@type":"ListItem","position":2,"name":"CREES considera que el Estado gasta m\u00e1s de lo que genera"}]},{"@type":"WebSite","@id":"https:\/\/crees.org.do\/#website","url":"https:\/\/crees.org.do\/","name":"CREES","description":"Centro Regional de Estrategias Econ\u00f3micas Sostenibles","publisher":{"@id":"https:\/\/crees.org.do\/#organization"},"potentialAction":[{"@type":"SearchAction","target":{"@type":"EntryPoint","urlTemplate":"https:\/\/crees.org.do\/?s={search_term_string}"},"query-input":{"@type":"PropertyValueSpecification","valueRequired":true,"valueName":"search_term_string"}}],"inLanguage":"es"},{"@type":"Organization","@id":"https:\/\/crees.org.do\/#organization","name":"CREES | Centro Regional de Estrategias Econ\u00f3micas Sostenibles","url":"https:\/\/crees.org.do\/","logo":{"@type":"ImageObject","inLanguage":"es","@id":"https:\/\/crees.org.do\/#\/schema\/logo\/image\/","url":"https:\/\/crees.org.do\/wp-content\/uploads\/2022\/03\/crees-logo-1.jpg","contentUrl":"https:\/\/crees.org.do\/wp-content\/uploads\/2022\/03\/crees-logo-1.jpg","width":244,"height":71,"caption":"CREES | Centro Regional de Estrategias Econ\u00f3micas Sostenibles"},"image":{"@id":"https:\/\/crees.org.do\/#\/schema\/logo\/image\/"},"sameAs":["https:\/\/www.facebook.com\/CREESRD\/","https:\/\/x.com\/CREESRD"]},{"@type":"Person","@id":"https:\/\/crees.org.do\/#\/schema\/person\/e7f97cd94d7bf9cd0e0ce30acb7d56b8","name":"Crees","image":{"@type":"ImageObject","inLanguage":"es","@id":"https:\/\/crees.org.do\/#\/schema\/person\/image\/","url":"https:\/\/secure.gravatar.com\/avatar\/390ac8f0be5d9aa046152553e2dd7011b59a512d89c150f5e5f28bb8d9a0b165?s=96&d=mm&r=g","contentUrl":"https:\/\/secure.gravatar.com\/avatar\/390ac8f0be5d9aa046152553e2dd7011b59a512d89c150f5e5f28bb8d9a0b165?s=96&d=mm&r=g","caption":"Crees"},"url":"https:\/\/crees.org.do\/?author=2"}]}},"_links":{"self":[{"href":"https:\/\/crees.org.do\/index.php?rest_route=\/wp\/v2\/posts\/20244","targetHints":{"allow":["GET"]}}],"collection":[{"href":"https:\/\/crees.org.do\/index.php?rest_route=\/wp\/v2\/posts"}],"about":[{"href":"https:\/\/crees.org.do\/index.php?rest_route=\/wp\/v2\/types\/post"}],"author":[{"embeddable":true,"href":"https:\/\/crees.org.do\/index.php?rest_route=\/wp\/v2\/users\/2"}],"replies":[{"embeddable":true,"href":"https:\/\/crees.org.do\/index.php?rest_route=%2Fwp%2Fv2%2Fcomments&post=20244"}],"version-history":[{"count":0,"href":"https:\/\/crees.org.do\/index.php?rest_route=\/wp\/v2\/posts\/20244\/revisions"}],"wp:attachment":[{"href":"https:\/\/crees.org.do\/index.php?rest_route=%2Fwp%2Fv2%2Fmedia&parent=20244"}],"wp:term":[{"taxonomy":"category","embeddable":true,"href":"https:\/\/crees.org.do\/index.php?rest_route=%2Fwp%2Fv2%2Fcategories&post=20244"},{"taxonomy":"post_tag","embeddable":true,"href":"https:\/\/crees.org.do\/index.php?rest_route=%2Fwp%2Fv2%2Ftags&post=20244"}],"curies":[{"name":"wp","href":"https:\/\/api.w.org\/{rel}","templated":true}]}}