{"id":20257,"date":"2013-01-01T00:00:00","date_gmt":"2013-01-01T00:00:00","guid":{"rendered":"https:\/\/crees.org.do\/crees-insta-a-reducir-el-costo-de-hacer-negocios\/"},"modified":"2013-01-01T00:00:00","modified_gmt":"2013-01-01T00:00:00","slug":"crees-insta-a-reducir-el-costo-de-hacer-negocios","status":"publish","type":"post","link":"https:\/\/crees.org.do\/?p=20257","title":{"rendered":"CREES insta a reducir el costo de hacer negocios"},"content":{"rendered":"<p style=\"margin-bottom: 10px; color: rgb(51, 51, 51); line-height: 18px; background-color: rgb(255, 255, 255);\"><span style=\"font-size:12px;\"><span style=\"font-family:verdana,geneva,sans-serif;\">Autor: Candida Acosta<\/span><\/span><\/p>\n<p style=\"margin-bottom: 10px; color: rgb(51, 51, 51); line-height: 18px; background-color: rgb(255, 255, 255);\"><span style=\"font-size:12px;\"><span style=\"font-family:verdana,geneva,sans-serif;\">Fuente: <a href=\"http:\/\/www.listin.com.do\/economia-and-negocios\/2013\/11\/10\/299087\/CREES-insta-a-reducir-el-costo-de-hacer-negocios\">www.listindiario.com.do<\/a><\/span><\/span><\/p>\n<p style=\"margin-bottom: 10px; color: rgb(51, 51, 51); line-height: 18px; background-color: rgb(255, 255, 255);\"><span style=\"font-size:12px;\"><span style=\"font-family:verdana,geneva,sans-serif;\">Fecha: 11 Noviembre 2013<\/span><\/span><\/p>\n<p style=\"margin-bottom: 10px; color: rgb(51, 51, 51); line-height: 18px; background-color: rgb(255, 255, 255); text-align: justify;\">&nbsp;<\/p>\n<p style=\"margin-bottom: 10px; color: rgb(51, 51, 51); line-height: 18px; background-color: rgb(255, 255, 255); text-align: justify;\"><span style=\"font-size:12px;\"><span style=\"font-family:verdana,geneva,sans-serif;\">El presidente del Centro Regional de Estrategias Econ\u00f3micas Sostenibles (CREES), Marino Ginebra Hurtado, indic\u00f3 que el pa\u00eds debe procurar cambios fundamentales para promover nuevas inversiones y reducir el costo de vivir y hacer negocios. &nbsp;<\/span><\/span><\/p>\n<p style=\"margin-bottom: 10px; color: rgb(51, 51, 51); line-height: 18px; background-color: rgb(255, 255, 255); text-align: justify;\"><span style=\"font-size:12px;\"><span style=\"font-family:verdana,geneva,sans-serif;\">Ginebra inst\u00f3 a profundizar el conjunto de reformas estructurales de los a\u00f1os 90 para promover la creaci\u00f3n de riquezas y el empleo productivo y recalc\u00f3 la propuesta del CREES de adecuar el c\u00f3digo laboral a una nueva realidad internacional bajo tratados de libre comercio que no exist\u00edan al momento de entrar en vigencia la legislaci\u00f3n laboral actual. &nbsp;<\/span><\/span><\/p>\n<p style=\"margin-bottom: 10px; color: rgb(51, 51, 51); line-height: 18px; background-color: rgb(255, 255, 255); text-align: justify;\"><span style=\"font-size:12px;\"><span style=\"font-family:verdana,geneva,sans-serif;\">Ginebra salud\u00f3&nbsp; la decisi\u00f3n del presidente Danilo Medina de crear la Comisi\u00f3n para la Reforma Laboral, debido a que &ldquo;los aspectos laborales son cr\u00edticos en todo proceso productivo y, por consiguiente, en una mejor\u00eda de la calidad de vida de los ciudadanos.&rdquo;<\/span><\/span><\/p>\n<div class=\"article-quote-left\" style=\"margin: 5px 14px 5px -5px; padding: 10px; float: left; width: 135px; font-size: 13px; font-weight: bold; border-right-width: 5px; border-right-style: solid; border-right-color: rgb(204, 204, 204); background-color: rgb(244, 244, 244); color: rgb(51, 51, 51); line-height: 18px; text-align: justify;\"><span style=\"font-size:12px;\"><span style=\"font-family:verdana,geneva,sans-serif;\"><span class=\"article-quote-left-icon\" style=\"margin: 0px; padding: 0px; color: rgb(153, 153, 153);\">&ldquo;<\/span>Aprovechen mejor los ahorros de los trabajadores en el sistema de pensiones para generar m\u00e1s riquezas y puestos de trabajo&rdquo;.<span class=\"article-quote-left-icon\" style=\"margin: 0px; padding: 0px; color: rgb(153, 153, 153);\">&rdquo;<\/span><br \/><span class=\"article-quote-left-author\" style=\"margin: 0px; padding: 0px; font-weight: normal;\">Jos\u00e9 Pi\u00f1era, ex ministro de trabajo de Chile.<\/span><\/span><\/span><\/div>\n<p style=\"margin-bottom: 10px; color: rgb(51, 51, 51); line-height: 18px; background-color: rgb(255, 255, 255); text-align: justify;\"><span style=\"font-size:12px;\"><span style=\"font-family:verdana,geneva,sans-serif;\">El empresario, al igual que los economistas Ernesto Selman, vicepresidente ejecutivo de CREES; y Miguel Collado Di Franco, economista senior de la instituci\u00f3n sin fines de lucro, expusieron sobre la realidad del mercado laboral en Rep\u00fablica Dominicana y los retos que enfrenta el pa\u00eds para cambiar su realidad econ\u00f3mica.<\/span><\/span><\/p>\n<p style=\"margin-bottom: 10px; color: rgb(51, 51, 51); line-height: 18px; background-color: rgb(255, 255, 255); text-align: justify;\"><span style=\"font-size:12px;\"><span style=\"font-family:verdana,geneva,sans-serif;\">Tanto Ginebra como Selman y Collado Di Franco hablaron en la conferencia internacional &ldquo;Legislaci\u00f3n laboral, Empleo y Productividad&rdquo;&nbsp; auspiciada por el CREES, en la cual participaron&nbsp; los especialistas internacionales Jos\u00e9 Pi\u00f1era (de Chile); y Jos\u00e9 Armando Caro Figueroa (Argentina); expertos en temas laborales y de la seguridad social. &nbsp;<\/span><\/span><\/p>\n<p style=\"margin-bottom: 10px; color: rgb(51, 51, 51); line-height: 18px; background-color: rgb(255, 255, 255); text-align: justify;\"><span style=\"font-size:12px;\"><span style=\"font-family:verdana,geneva,sans-serif;\">El CREES propuso analizar y adecuar la legislaci\u00f3n laboral vigente para generar m\u00e1s y mejores puestos de trabajo, junto a otros cambios en sectores claves de la econom\u00eda.<\/span><\/span><\/p>\n<p style=\"margin-bottom: 10px; color: rgb(51, 51, 51); line-height: 18px; background-color: rgb(255, 255, 255); text-align: justify;\"><span style=\"font-size:12px;\"><span style=\"font-family:verdana,geneva,sans-serif;\">&ldquo;Los costos laborales no-salariales son muy elevados, lo que estar\u00eda incidiendo en el nivel de desempleo y los altos niveles de informalidad en la econom\u00eda&rdquo;, expresaron los especialistas del CREES.<\/span><\/span><\/p>\n<p style=\"margin-bottom: 10px; color: rgb(51, 51, 51); line-height: 18px; background-color: rgb(255, 255, 255); text-align: justify;\"><span style=\"font-size:12px;\"><span style=\"font-family:verdana,geneva,sans-serif;\">En el encuentro se inform\u00f3 que desde el a\u00f1o 2000 el empleo informal se ha incrementado casi al doble del empleo formal y, seg\u00fan la encuesta del mercado laboral del Banco Central, el 56% del empleo se ubica en la econom\u00eda informal.&nbsp; Adem\u00e1s, el desempleo est\u00e1 en un 15% y el empleo formal se ha expandido, principalmente, por el sector p\u00fablico.<\/span><\/span><\/p>\n<p style=\"margin-bottom: 10px; color: rgb(51, 51, 51); line-height: 18px; background-color: rgb(255, 255, 255); text-align: justify;\"><span style=\"font-size:12px;\"><span style=\"font-family:verdana,geneva,sans-serif;\">&ldquo;Desde el inicio del milenio, el 70% de los empleos formales se ha generado desde el Estado y esto es una tendencia que no implica empleos productivos que generan riquezas para la presente y futuras generaciones&rdquo;, se\u00f1alaron los economistas dominicanos, en un documento publicado por la entidad en su portal de la web.<\/span><\/span><\/p>\n<p style=\"margin-bottom: 10px; color: rgb(51, 51, 51); line-height: 18px; background-color: rgb(255, 255, 255); text-align: justify;\"><span style=\"font-size:12px;\"><span style=\"font-family:verdana,geneva,sans-serif;\">El objetivo del encuentro fue a ra\u00edz del debate desatado en Rep\u00fablica Dominicana sobre la necesidad de una reforma laboral para promover el empleo y reducir la informalidad laboral, explica la entidad. &nbsp;<\/span><\/span><\/p>\n<p style=\"margin-bottom: 10px; color: rgb(51, 51, 51); line-height: 18px; background-color: rgb(255, 255, 255); text-align: justify;\"><span style=\"font-size:12px;\"><span style=\"font-family:verdana,geneva,sans-serif;\">El CREES es un centro de pensamiento e investigaci\u00f3n econ\u00f3mica que promueve sociedades libres y pr\u00f3speras, con sede en RD.<\/span><\/span><\/p>\n<p style=\"margin-bottom: 10px; color: rgb(51, 51, 51); line-height: 18px; background-color: rgb(255, 255, 255); text-align: justify;\"><span style=\"font-size:12px;\"><span style=\"font-family:verdana,geneva,sans-serif;\"><b>(+)<br \/>EXPERTO SUGIERE USAR FONDOS DE PENSIONES<\/b><br \/>Jos\u00e9 Pi\u00f1era, pasado ministro de Trabajo y Previsi\u00f3n Social de Chile (1978-1981) y ministro de Miner\u00eda de ese mismo pa\u00eds (1981-1984) destac\u00f3 la importancia de tener mercados laborales flexibles y sugiri\u00f3 al pa\u00eds aprovechar mejor los ahorros de los trabajadores para generar m\u00e1s riquezas y puestos de trabajo, bajo el sistema de pensiones de AFP adoptado a principios de nuevo milenio. &ldquo;Rep\u00fablica Dominicana tiene la ventaja que ya tiene un sistema previsional moderno que puede promover el empleo a trav\u00e9s del ahorro interno que sirve para nuevas inversiones en la econom\u00eda&rdquo;, se\u00f1al\u00f3.<\/span><\/span><\/p>\n<p style=\"margin-bottom: 10px; color: rgb(51, 51, 51); line-height: 18px; background-color: rgb(255, 255, 255); text-align: justify;\"><span style=\"font-size:12px;\"><span style=\"font-family:verdana,geneva,sans-serif;\">El Sistema de AFP en Chile ha significado la mayor creaci\u00f3n de riquezas en beneficio de los trabajadores en toda la historia chilena, explic\u00f3 Pi\u00f1era, al afirmar que los fondos de pensiones han rentado un promedio de 8.6% al a\u00f1o por encima de la inflaci\u00f3n.<\/span><\/span><\/p>\n<p style=\"margin-bottom: 10px; color: rgb(51, 51, 51); line-height: 18px; background-color: rgb(255, 255, 255); text-align: justify;\"><span style=\"font-size:12px;\"><span style=\"font-family:verdana,geneva,sans-serif;\">Dijo que el trabajador es due\u00f1o de parte de muchas empresas y casi un 60% de los ahorros se invierten en empresas chilenas y otro 40% en empresas extranjeras.<\/span><\/span><\/p>\n<p style=\"margin-bottom: 10px; color: rgb(51, 51, 51); line-height: 18px; background-color: rgb(255, 255, 255); text-align: justify;\"><span style=\"font-size:12px;\"><span style=\"font-family:verdana,geneva,sans-serif;\">A\u00f1adi\u00f3 que &ldquo;el \u00e9xito del sistema de capitalizaci\u00f3n individual debe ir acompa\u00f1ado de pol\u00edticas p\u00fablicas que faciliten las inversiones privadas para que el potencial del sistema se convierta en realidad; entre los cuales debe existir una legislaci\u00f3n laboral que facilite la generaci\u00f3n de empleos.&rdquo;<\/span><\/span><\/p>\n<div class=\"pvc_clear\"><\/div>\n<p class=\"pvc_stats all \" data-element-id=\"20257\" style=\"\"><i class=\"pvc-stats-icon medium\" aria-hidden=\"true\"><svg aria-hidden=\"true\" focusable=\"false\" data-prefix=\"far\" data-icon=\"chart-bar\" role=\"img\" xmlns=\"http:\/\/www.w3.org\/2000\/svg\" viewBox=\"0 0 512 512\" class=\"svg-inline--fa fa-chart-bar fa-w-16 fa-2x\"><path fill=\"currentColor\" d=\"M396.8 352h22.4c6.4 0 12.8-6.4 12.8-12.8V108.8c0-6.4-6.4-12.8-12.8-12.8h-22.4c-6.4 0-12.8 6.4-12.8 12.8v230.4c0 6.4 6.4 12.8 12.8 12.8zm-192 0h22.4c6.4 0 12.8-6.4 12.8-12.8V140.8c0-6.4-6.4-12.8-12.8-12.8h-22.4c-6.4 0-12.8 6.4-12.8 12.8v198.4c0 6.4 6.4 12.8 12.8 12.8zm96 0h22.4c6.4 0 12.8-6.4 12.8-12.8V204.8c0-6.4-6.4-12.8-12.8-12.8h-22.4c-6.4 0-12.8 6.4-12.8 12.8v134.4c0 6.4 6.4 12.8 12.8 12.8zM496 400H48V80c0-8.84-7.16-16-16-16H16C7.16 64 0 71.16 0 80v336c0 17.67 14.33 32 32 32h464c8.84 0 16-7.16 16-16v-16c0-8.84-7.16-16-16-16zm-387.2-48h22.4c6.4 0 12.8-6.4 12.8-12.8v-70.4c0-6.4-6.4-12.8-12.8-12.8h-22.4c-6.4 0-12.8 6.4-12.8 12.8v70.4c0 6.4 6.4 12.8 12.8 12.8z\" class=\"\"><\/path><\/svg><\/i> Vistas Totales&nbsp;366&nbsp;, Vistas Hoy&nbsp;6&nbsp;<\/p>\n<div class=\"pvc_clear\"><\/div>\n","protected":false},"excerpt":{"rendered":"<p>Autor: Candida AcostaFuente: www.listindiario.com.doFecha: 11 Noviembre 2013El presidente del Centro Regional de Estrategias Econ\u00f3micas Sostenibles (CREES), Marino Ginebra Hurtado, indic\u00f3 que el pa\u00eds debe procurar cambios fundamentales para promover nuevas inversiones y reducir el costo de vivir y hacer negocios.  <\/p>\n<div class=\"pvc_clear\"><\/div>\n<p class=\"pvc_stats all \" data-element-id=\"20257\" style=\"\"><i class=\"pvc-stats-icon medium\" aria-hidden=\"true\"><svg aria-hidden=\"true\" focusable=\"false\" data-prefix=\"far\" data-icon=\"chart-bar\" role=\"img\" xmlns=\"http:\/\/www.w3.org\/2000\/svg\" viewBox=\"0 0 512 512\" class=\"svg-inline--fa fa-chart-bar fa-w-16 fa-2x\"><path fill=\"currentColor\" d=\"M396.8 352h22.4c6.4 0 12.8-6.4 12.8-12.8V108.8c0-6.4-6.4-12.8-12.8-12.8h-22.4c-6.4 0-12.8 6.4-12.8 12.8v230.4c0 6.4 6.4 12.8 12.8 12.8zm-192 0h22.4c6.4 0 12.8-6.4 12.8-12.8V140.8c0-6.4-6.4-12.8-12.8-12.8h-22.4c-6.4 0-12.8 6.4-12.8 12.8v198.4c0 6.4 6.4 12.8 12.8 12.8zm96 0h22.4c6.4 0 12.8-6.4 12.8-12.8V204.8c0-6.4-6.4-12.8-12.8-12.8h-22.4c-6.4 0-12.8 6.4-12.8 12.8v134.4c0 6.4 6.4 12.8 12.8 12.8zM496 400H48V80c0-8.84-7.16-16-16-16H16C7.16 64 0 71.16 0 80v336c0 17.67 14.33 32 32 32h464c8.84 0 16-7.16 16-16v-16c0-8.84-7.16-16-16-16zm-387.2-48h22.4c6.4 0 12.8-6.4 12.8-12.8v-70.4c0-6.4-6.4-12.8-12.8-12.8h-22.4c-6.4 0-12.8 6.4-12.8 12.8v70.4c0 6.4 6.4 12.8 12.8 12.8z\" class=\"\"><\/path><\/svg><\/i> Vistas Totales&nbsp;366&nbsp;, Vistas Hoy&nbsp;6&nbsp;<\/p>\n<div class=\"pvc_clear\"><\/div>\n","protected":false},"author":2,"featured_media":0,"comment_status":"open","ping_status":"open","sticky":false,"template":"","format":"standard","meta":{"footnotes":""},"categories":[21],"tags":[],"class_list":["post-20257","post","type-post","status-publish","format-standard","hentry","category-blog"],"yoast_head":"<!-- This site is optimized with the Yoast SEO plugin v25.2 - https:\/\/yoast.com\/wordpress\/plugins\/seo\/ -->\n<title>CREES insta a reducir el costo de hacer negocios | CREES<\/title>\n<meta name=\"robots\" content=\"index, follow, max-snippet:-1, max-image-preview:large, max-video-preview:-1\" \/>\n<link rel=\"canonical\" href=\"https:\/\/crees.org.do\/?p=20257\" \/>\n<meta property=\"og:locale\" content=\"es_ES\" \/>\n<meta property=\"og:type\" content=\"article\" \/>\n<meta property=\"og:title\" content=\"CREES insta a reducir el costo de hacer negocios | CREES\" \/>\n<meta property=\"og:description\" content=\"Autor: Candida AcostaFuente: www.listindiario.com.doFecha: 11 Noviembre 2013El presidente del Centro Regional de Estrategias Econ\u00f3micas Sostenibles (CREES), Marino Ginebra Hurtado, indic\u00f3 que el pa\u00eds debe procurar cambios fundamentales para promover nuevas inversiones y reducir el costo de vivir y hacer negocios.\" \/>\n<meta property=\"og:url\" content=\"https:\/\/crees.org.do\/?p=20257\" \/>\n<meta property=\"og:site_name\" content=\"CREES\" \/>\n<meta property=\"article:publisher\" content=\"https:\/\/www.facebook.com\/CREESRD\/\" \/>\n<meta property=\"article:published_time\" content=\"2013-01-01T00:00:00+00:00\" \/>\n<meta property=\"og:image\" content=\"https:\/\/crees.org.do\/wp-content\/uploads\/2022\/03\/crees-logo-1.jpg\" \/>\n\t<meta property=\"og:image:width\" content=\"244\" \/>\n\t<meta property=\"og:image:height\" content=\"71\" \/>\n\t<meta property=\"og:image:type\" content=\"image\/jpeg\" \/>\n<meta name=\"author\" content=\"Crees\" \/>\n<meta name=\"twitter:card\" content=\"summary_large_image\" \/>\n<meta name=\"twitter:creator\" content=\"@CREESRD\" \/>\n<meta name=\"twitter:site\" content=\"@CREESRD\" \/>\n<meta name=\"twitter:label1\" content=\"Escrito por\" \/>\n\t<meta name=\"twitter:data1\" content=\"Crees\" \/>\n\t<meta name=\"twitter:label2\" content=\"Tiempo de lectura\" \/>\n\t<meta name=\"twitter:data2\" content=\"4 minutos\" \/>\n<script type=\"application\/ld+json\" class=\"yoast-schema-graph\">{\"@context\":\"https:\/\/schema.org\",\"@graph\":[{\"@type\":\"Article\",\"@id\":\"https:\/\/crees.org.do\/?p=20257#article\",\"isPartOf\":{\"@id\":\"https:\/\/crees.org.do\/?p=20257\"},\"author\":{\"name\":\"Crees\",\"@id\":\"https:\/\/crees.org.do\/#\/schema\/person\/e7f97cd94d7bf9cd0e0ce30acb7d56b8\"},\"headline\":\"CREES insta a reducir el costo de hacer negocios\",\"datePublished\":\"2013-01-01T00:00:00+00:00\",\"mainEntityOfPage\":{\"@id\":\"https:\/\/crees.org.do\/?p=20257\"},\"wordCount\":790,\"commentCount\":0,\"publisher\":{\"@id\":\"https:\/\/crees.org.do\/#organization\"},\"articleSection\":[\"Blog\"],\"inLanguage\":\"es\"},{\"@type\":\"WebPage\",\"@id\":\"https:\/\/crees.org.do\/?p=20257\",\"url\":\"https:\/\/crees.org.do\/?p=20257\",\"name\":\"CREES insta a reducir el costo de hacer negocios | CREES\",\"isPartOf\":{\"@id\":\"https:\/\/crees.org.do\/#website\"},\"datePublished\":\"2013-01-01T00:00:00+00:00\",\"breadcrumb\":{\"@id\":\"https:\/\/crees.org.do\/?p=20257#breadcrumb\"},\"inLanguage\":\"es\",\"potentialAction\":[{\"@type\":\"ReadAction\",\"target\":[\"https:\/\/crees.org.do\/?p=20257\"]}]},{\"@type\":\"BreadcrumbList\",\"@id\":\"https:\/\/crees.org.do\/?p=20257#breadcrumb\",\"itemListElement\":[{\"@type\":\"ListItem\",\"position\":1,\"name\":\"Portada\",\"item\":\"https:\/\/crees.org.do\/\"},{\"@type\":\"ListItem\",\"position\":2,\"name\":\"CREES insta a reducir el costo de hacer negocios\"}]},{\"@type\":\"WebSite\",\"@id\":\"https:\/\/crees.org.do\/#website\",\"url\":\"https:\/\/crees.org.do\/\",\"name\":\"CREES\",\"description\":\"Centro Regional de Estrategias Econ\u00f3micas Sostenibles\",\"publisher\":{\"@id\":\"https:\/\/crees.org.do\/#organization\"},\"potentialAction\":[{\"@type\":\"SearchAction\",\"target\":{\"@type\":\"EntryPoint\",\"urlTemplate\":\"https:\/\/crees.org.do\/?s={search_term_string}\"},\"query-input\":{\"@type\":\"PropertyValueSpecification\",\"valueRequired\":true,\"valueName\":\"search_term_string\"}}],\"inLanguage\":\"es\"},{\"@type\":\"Organization\",\"@id\":\"https:\/\/crees.org.do\/#organization\",\"name\":\"CREES | Centro Regional de Estrategias Econ\u00f3micas Sostenibles\",\"url\":\"https:\/\/crees.org.do\/\",\"logo\":{\"@type\":\"ImageObject\",\"inLanguage\":\"es\",\"@id\":\"https:\/\/crees.org.do\/#\/schema\/logo\/image\/\",\"url\":\"https:\/\/crees.org.do\/wp-content\/uploads\/2022\/03\/crees-logo-1.jpg\",\"contentUrl\":\"https:\/\/crees.org.do\/wp-content\/uploads\/2022\/03\/crees-logo-1.jpg\",\"width\":244,\"height\":71,\"caption\":\"CREES | Centro Regional de Estrategias Econ\u00f3micas Sostenibles\"},\"image\":{\"@id\":\"https:\/\/crees.org.do\/#\/schema\/logo\/image\/\"},\"sameAs\":[\"https:\/\/www.facebook.com\/CREESRD\/\",\"https:\/\/x.com\/CREESRD\"]},{\"@type\":\"Person\",\"@id\":\"https:\/\/crees.org.do\/#\/schema\/person\/e7f97cd94d7bf9cd0e0ce30acb7d56b8\",\"name\":\"Crees\",\"image\":{\"@type\":\"ImageObject\",\"inLanguage\":\"es\",\"@id\":\"https:\/\/crees.org.do\/#\/schema\/person\/image\/\",\"url\":\"https:\/\/secure.gravatar.com\/avatar\/390ac8f0be5d9aa046152553e2dd7011b59a512d89c150f5e5f28bb8d9a0b165?s=96&d=mm&r=g\",\"contentUrl\":\"https:\/\/secure.gravatar.com\/avatar\/390ac8f0be5d9aa046152553e2dd7011b59a512d89c150f5e5f28bb8d9a0b165?s=96&d=mm&r=g\",\"caption\":\"Crees\"},\"url\":\"https:\/\/crees.org.do\/?author=2\"}]}<\/script>\n<!-- \/ Yoast SEO plugin. -->","yoast_head_json":{"title":"CREES insta a reducir el costo de hacer negocios | CREES","robots":{"index":"index","follow":"follow","max-snippet":"max-snippet:-1","max-image-preview":"max-image-preview:large","max-video-preview":"max-video-preview:-1"},"canonical":"https:\/\/crees.org.do\/?p=20257","og_locale":"es_ES","og_type":"article","og_title":"CREES insta a reducir el costo de hacer negocios | CREES","og_description":"Autor: Candida AcostaFuente: www.listindiario.com.doFecha: 11 Noviembre 2013El presidente del Centro Regional de Estrategias Econ\u00f3micas Sostenibles (CREES), Marino Ginebra Hurtado, indic\u00f3 que el pa\u00eds debe procurar cambios fundamentales para promover nuevas inversiones y reducir el costo de vivir y hacer negocios.","og_url":"https:\/\/crees.org.do\/?p=20257","og_site_name":"CREES","article_publisher":"https:\/\/www.facebook.com\/CREESRD\/","article_published_time":"2013-01-01T00:00:00+00:00","og_image":[{"width":244,"height":71,"url":"https:\/\/crees.org.do\/wp-content\/uploads\/2022\/03\/crees-logo-1.jpg","type":"image\/jpeg"}],"author":"Crees","twitter_card":"summary_large_image","twitter_creator":"@CREESRD","twitter_site":"@CREESRD","twitter_misc":{"Escrito por":"Crees","Tiempo de lectura":"4 minutos"},"schema":{"@context":"https:\/\/schema.org","@graph":[{"@type":"Article","@id":"https:\/\/crees.org.do\/?p=20257#article","isPartOf":{"@id":"https:\/\/crees.org.do\/?p=20257"},"author":{"name":"Crees","@id":"https:\/\/crees.org.do\/#\/schema\/person\/e7f97cd94d7bf9cd0e0ce30acb7d56b8"},"headline":"CREES insta a reducir el costo de hacer negocios","datePublished":"2013-01-01T00:00:00+00:00","mainEntityOfPage":{"@id":"https:\/\/crees.org.do\/?p=20257"},"wordCount":790,"commentCount":0,"publisher":{"@id":"https:\/\/crees.org.do\/#organization"},"articleSection":["Blog"],"inLanguage":"es"},{"@type":"WebPage","@id":"https:\/\/crees.org.do\/?p=20257","url":"https:\/\/crees.org.do\/?p=20257","name":"CREES insta a reducir el costo de hacer negocios | CREES","isPartOf":{"@id":"https:\/\/crees.org.do\/#website"},"datePublished":"2013-01-01T00:00:00+00:00","breadcrumb":{"@id":"https:\/\/crees.org.do\/?p=20257#breadcrumb"},"inLanguage":"es","potentialAction":[{"@type":"ReadAction","target":["https:\/\/crees.org.do\/?p=20257"]}]},{"@type":"BreadcrumbList","@id":"https:\/\/crees.org.do\/?p=20257#breadcrumb","itemListElement":[{"@type":"ListItem","position":1,"name":"Portada","item":"https:\/\/crees.org.do\/"},{"@type":"ListItem","position":2,"name":"CREES insta a reducir el costo de hacer negocios"}]},{"@type":"WebSite","@id":"https:\/\/crees.org.do\/#website","url":"https:\/\/crees.org.do\/","name":"CREES","description":"Centro Regional de Estrategias Econ\u00f3micas Sostenibles","publisher":{"@id":"https:\/\/crees.org.do\/#organization"},"potentialAction":[{"@type":"SearchAction","target":{"@type":"EntryPoint","urlTemplate":"https:\/\/crees.org.do\/?s={search_term_string}"},"query-input":{"@type":"PropertyValueSpecification","valueRequired":true,"valueName":"search_term_string"}}],"inLanguage":"es"},{"@type":"Organization","@id":"https:\/\/crees.org.do\/#organization","name":"CREES | Centro Regional de Estrategias Econ\u00f3micas Sostenibles","url":"https:\/\/crees.org.do\/","logo":{"@type":"ImageObject","inLanguage":"es","@id":"https:\/\/crees.org.do\/#\/schema\/logo\/image\/","url":"https:\/\/crees.org.do\/wp-content\/uploads\/2022\/03\/crees-logo-1.jpg","contentUrl":"https:\/\/crees.org.do\/wp-content\/uploads\/2022\/03\/crees-logo-1.jpg","width":244,"height":71,"caption":"CREES | Centro Regional de Estrategias Econ\u00f3micas Sostenibles"},"image":{"@id":"https:\/\/crees.org.do\/#\/schema\/logo\/image\/"},"sameAs":["https:\/\/www.facebook.com\/CREESRD\/","https:\/\/x.com\/CREESRD"]},{"@type":"Person","@id":"https:\/\/crees.org.do\/#\/schema\/person\/e7f97cd94d7bf9cd0e0ce30acb7d56b8","name":"Crees","image":{"@type":"ImageObject","inLanguage":"es","@id":"https:\/\/crees.org.do\/#\/schema\/person\/image\/","url":"https:\/\/secure.gravatar.com\/avatar\/390ac8f0be5d9aa046152553e2dd7011b59a512d89c150f5e5f28bb8d9a0b165?s=96&d=mm&r=g","contentUrl":"https:\/\/secure.gravatar.com\/avatar\/390ac8f0be5d9aa046152553e2dd7011b59a512d89c150f5e5f28bb8d9a0b165?s=96&d=mm&r=g","caption":"Crees"},"url":"https:\/\/crees.org.do\/?author=2"}]}},"_links":{"self":[{"href":"https:\/\/crees.org.do\/index.php?rest_route=\/wp\/v2\/posts\/20257","targetHints":{"allow":["GET"]}}],"collection":[{"href":"https:\/\/crees.org.do\/index.php?rest_route=\/wp\/v2\/posts"}],"about":[{"href":"https:\/\/crees.org.do\/index.php?rest_route=\/wp\/v2\/types\/post"}],"author":[{"embeddable":true,"href":"https:\/\/crees.org.do\/index.php?rest_route=\/wp\/v2\/users\/2"}],"replies":[{"embeddable":true,"href":"https:\/\/crees.org.do\/index.php?rest_route=%2Fwp%2Fv2%2Fcomments&post=20257"}],"version-history":[{"count":0,"href":"https:\/\/crees.org.do\/index.php?rest_route=\/wp\/v2\/posts\/20257\/revisions"}],"wp:attachment":[{"href":"https:\/\/crees.org.do\/index.php?rest_route=%2Fwp%2Fv2%2Fmedia&parent=20257"}],"wp:term":[{"taxonomy":"category","embeddable":true,"href":"https:\/\/crees.org.do\/index.php?rest_route=%2Fwp%2Fv2%2Fcategories&post=20257"},{"taxonomy":"post_tag","embeddable":true,"href":"https:\/\/crees.org.do\/index.php?rest_route=%2Fwp%2Fv2%2Ftags&post=20257"}],"curies":[{"name":"wp","href":"https:\/\/api.w.org\/{rel}","templated":true}]}}