{"id":20260,"date":"2014-01-01T00:00:00","date_gmt":"2014-01-01T00:00:00","guid":{"rendered":"https:\/\/crees.org.do\/crecimiento-de-economia-de-4-1-en-republica-dominicana-con-respaldo-y-rechazo-de-la-gente\/"},"modified":"2014-01-01T00:00:00","modified_gmt":"2014-01-01T00:00:00","slug":"crecimiento-de-economia-de-4-1-en-republica-dominicana-con-respaldo-y-rechazo-de-la-gente","status":"publish","type":"post","link":"https:\/\/crees.org.do\/?p=20260","title":{"rendered":"Crecimiento de econom\u00eda de 4.1% en Rep\u00fablica Dominicana, con respaldo y rechazo de la gente"},"content":{"rendered":"<div id=\"newstext\" style=\"line-height: 20px; font-family: Arial, Helvetica, Garuda, sans-serif; background-color: rgb(255, 255, 255);\">\n<p style=\"margin-bottom: 15px; text-align: justify;\"><span style=\"font-size:12px;\"><span style=\"font-family:verdana,geneva,sans-serif;\">Autor: Am\u00edlcar Nivar<\/span><\/span><\/p>\n<p style=\"margin-bottom: 15px; text-align: justify;\"><span style=\"font-size:12px;\"><span style=\"font-family:verdana,geneva,sans-serif;\">Fuente: <a href=\"http:\/\/www.diariolibre.com\/economia\/2014\/01\/18\/i444461_crecimiento-economa-repblica-dominicana-con-respaldo-rechazo-gente.html\">www.diariolibre.com<\/a> <\/span><\/span><\/p>\n<p style=\"margin-bottom: 15px; text-align: justify;\"><span style=\"font-size:12px;\"><span style=\"font-family:verdana,geneva,sans-serif;\">Fecha: 18 Enero 2014<\/span><\/span><\/p>\n<p style=\"margin-bottom: 15px; text-align: justify;\">&nbsp;<\/p>\n<p style=\"margin-bottom: 15px; text-align: justify;\"><span style=\"font-size:12px;\"><span style=\"font-family:verdana,geneva,sans-serif;\">SD. La percepci\u00f3n de la gente y de varias organizaciones empresariales es variada en torno al desenvolvimiento de la econom\u00eda en 2013, la cual creci\u00f3 un 4.1%, de acuerdo con los datos preliminares ofrecidos este jueves por el Banco Central en una rueda de prensa.<\/span><\/span><\/p>\n<p style=\"margin-bottom: 15px; text-align: justify;\"><span style=\"font-size:12px;\"><span style=\"font-family:verdana,geneva,sans-serif;\">Diario Libre sali\u00f3 el viernes a conversar con la gente, y constat\u00f3 que para algunos, el crecimiento econ\u00f3mico anunciado por el Banco Central no se sinti\u00f3, mientras que para otros hubo un mayor dinamismo econ\u00f3mico en 2013 que en el 2012.<\/span><\/span><\/p>\n<p style=\"margin-bottom: 15px; text-align: justify;\"><span style=\"font-size:12px;\"><span style=\"font-family:verdana,geneva,sans-serif;\">En ese sentido, el microempresario Edward Benjam\u00edn G\u00f3mez Romero, quien vende empanadas y frutas en una guag\u00fcita, manifest\u00f3 que sus ventas se incrementaron el pasado a\u00f1o, y consider\u00f3 que este crecimiento se pudo ver, porque en cierta forma hubo una mayor distribuci\u00f3n del dinero en 2013.<\/span><\/span><\/p>\n<p style=\"margin-bottom: 15px; text-align: justify;\"><span style=\"font-size:12px;\"><span style=\"font-family:verdana,geneva,sans-serif;\">&quot;Se not\u00f3 que hubo fluidez en cuanto al desenvolvimiento empresarial y de las personas, y no hubo tantas quejas de comerciantes que especulaban con los productos, ya eso se ha ido acabando, y la econom\u00eda ha ido creciendo verdaderamente&quot;, indic\u00f3.<\/span><\/span><\/p>\n<p style=\"margin-bottom: 15px; text-align: justify;\"><span style=\"font-size:12px;\"><span style=\"font-family:verdana,geneva,sans-serif;\">Alejandro Rubio, conserje de una torre ubicada en Piantini, expres\u00f3 que &quot;para m\u00ed la econom\u00eda en el 2013 se qued\u00f3 estable, porque el gobierno entrante, as\u00ed como la encontr\u00f3, as\u00ed la mantuvo, aunque achic\u00f3 un poco los gastos y la econom\u00eda se mantuvo m\u00e1s o menos en 2013, y de ahora en adelante es que va a crecer&quot;, dijo.<\/span><\/span><\/p>\n<p style=\"margin-bottom: 15px; text-align: justify;\"><span style=\"font-size:12px;\"><span style=\"font-family:verdana,geneva,sans-serif;\">La m\u00e9dico Doris Casta\u00f1os, quien caminaba por la plaza Novocentro, se\u00f1al\u00f3: &quot;Para m\u00ed no creci\u00f3, yo creo que las cosas siguieron igual&quot;. Y Paola P\u00e9rez, otra joven que paseaba por este centro comercial, dijo: &quot;Creo que s\u00ed, que la econom\u00eda creci\u00f3, aunque no creo que haya sido en esa proporci\u00f3n, pero realmente la econom\u00eda tuvo un mejor comportamiento en 2013 que en 2012.<\/span><\/span><\/p>\n<p style=\"margin-bottom: 15px; text-align: justify;\"><span style=\"font-size:12px;\"><span style=\"font-family:verdana,geneva,sans-serif;\">CREES: &quot;Sorprendente&quot;<\/span><\/span><\/p>\n<p style=\"margin-bottom: 15px; text-align: justify;\"><span style=\"font-size:12px;\"><span style=\"font-family:verdana,geneva,sans-serif;\">El economista del Centro Regional de Estrategias Econ\u00f3micas Sostenibles (CREES), Ernesto Selman, afirma que es sorprendente que la econom\u00eda dominicana haya crecido un 4.1%.<\/span><\/span><\/p>\n<p style=\"margin-bottom: 15px; text-align: justify;\"><span style=\"font-size:12px;\"><span style=\"font-family:verdana,geneva,sans-serif;\">&quot;La posici\u00f3n oficial de nosotros la tendr\u00edamos cuando tengamos los documentos ya estudiados. La primera impresi\u00f3n es que nos sorprende el nivel de crecimiento que se anunci\u00f3 ayer de 4.1%, porque las estad\u00edsticas oficiales que nosotros hab\u00edamos analizado hasta septiembre nos indicaban que lo que hab\u00eda era un ambiente recesivo&quot;, precis\u00f3 Selman.<\/span><\/span><\/p>\n<p style=\"margin-bottom: 15px; text-align: justify;\"><span style=\"font-size:12px;\"><span style=\"font-family:verdana,geneva,sans-serif;\">AIRD: datos son positivos<\/span><\/span><\/p>\n<p style=\"margin-bottom: 15px; text-align: justify;\"><span style=\"font-size:12px;\"><span style=\"font-family:verdana,geneva,sans-serif;\">Mientras que la Asociaci\u00f3n de Industrias de la Rep\u00fablica Dominicana (AIRD) consider\u00f3 como positivo que el pa\u00eds pueda exhibir estabilidad macroecon\u00f3mica, que la econom\u00eda dominicana muestre un crecimiento de 4.1% en el 2013, superando as\u00ed las expectativas de las autoridades, pero advirti\u00f3 que sin embargo sigue preocupando que el sector manufacturero tenga tan pobre desempe\u00f1o, que el empleo informal no se reduzca en proporci\u00f3n considerable y que el crecimiento del empleo en el sector manufacturero sea m\u00ednimo.<\/span><\/span><\/p>\n<p style=\"margin-bottom: 15px; text-align: justify;\"><span style=\"font-size:12px;\"><span style=\"font-family:verdana,geneva,sans-serif;\">&quot;Claro que son buenas noticias, pero esperamos mejores noticias en el presente a\u00f1o, cuando el Gobierno y el sector manufacturero sean, por fin, capaces de dise\u00f1ar e implementar medidas que favorezcan el crecimiento sostenible&quot;, indic\u00f3.<\/span><\/span><\/p>\n<p style=\"margin-bottom: 15px; text-align: justify;\"><span style=\"font-size:12px;\"><span style=\"font-family:verdana,geneva,sans-serif;\">ARAPF: 2013 no fue malo<\/span><\/span><\/p>\n<p style=\"margin-bottom: 15px; text-align: justify;\"><span style=\"font-size:12px;\"><span style=\"font-family:verdana,geneva,sans-serif;\">El presidente de la Asociaci\u00f3n de Representantes, Agentes y Productores Farmac\u00e9uticos, Henry H. Su\u00e1rez Ruiz, se\u00f1al\u00f3 que pese a los ajustes a que debi\u00f3 someterse el pa\u00eds durante los seis primeros meses del 2013 con motivo de la reforma fiscal, no fue &quot;un a\u00f1o malo&quot; para el sector farmac\u00e9utico ya que este tuvo un crecimiento estimado de un 10 por ciento.<\/span><\/span><\/p>\n<p style=\"margin-bottom: 15px; text-align: justify;\"><span style=\"font-size:12px;\"><span style=\"font-family:verdana,geneva,sans-serif;\">Su\u00e1rez consider\u00f3 como hechos positivos el crecimiento de m\u00e1s de un 4.1% de la econom\u00eda, y calific\u00f3 de &quot;significativa&quot; la reducci\u00f3n del d\u00e9ficit fiscal de un 6.8 por ciento del Producto Interno Bruto a un nivel cercano al 2.8%.<\/span><\/span><\/p>\n<p style=\"margin-bottom: 15px; text-align: justify;\"><span style=\"font-size:12px;\"><span style=\"font-family:verdana,geneva,sans-serif;\"><strong><em>Empleo formal<\/em><\/strong><\/span><\/span><\/p>\n<p style=\"margin-bottom: 15px; text-align: justify;\"><span style=\"font-size:12px;\"><span style=\"font-family:verdana,geneva,sans-serif;\"><em>La presidenta de la AIRD, Ligia Bonetti de Valiente, expres\u00f3 su preocupaci\u00f3n por el pobre desempe\u00f1o logrado por la industria local en el a\u00f1o 2013 y porque el empleo formal no creci\u00f3.<\/em><\/span><\/span><\/p>\n<p style=\"margin-bottom: 15px; text-align: justify;\"><span style=\"font-size:12px;\"><span style=\"font-family:verdana,geneva,sans-serif;\"><em>&quot;Las zonas francas crecieron un 2.5% eso es positivo, pero mantienen un alerta especialmente en su \u00e1rea textil por ser una posible amenaza el acuerdo Transpac\u00edfico que plantea Estados Unidos; en la industria manufacturera local el empleo formal no creci\u00f3, y estamos muy lentos para poder generar los empleos que previ\u00f3 tanto el presidente Danilo Medina como la Estrategia Nacional de Desarrollo&quot;, expres\u00f3 la presidenta de la AIRD.<\/em><\/span><\/span><\/p>\n<div style=\"text-align: justify;\">&nbsp;<\/div>\n<\/div>\n<p>&nbsp;<\/p>\n<div class=\"pvc_clear\"><\/div>\n<p class=\"pvc_stats all \" data-element-id=\"20260\" style=\"\"><i class=\"pvc-stats-icon medium\" aria-hidden=\"true\"><svg aria-hidden=\"true\" focusable=\"false\" data-prefix=\"far\" data-icon=\"chart-bar\" role=\"img\" xmlns=\"http:\/\/www.w3.org\/2000\/svg\" viewBox=\"0 0 512 512\" class=\"svg-inline--fa fa-chart-bar fa-w-16 fa-2x\"><path fill=\"currentColor\" d=\"M396.8 352h22.4c6.4 0 12.8-6.4 12.8-12.8V108.8c0-6.4-6.4-12.8-12.8-12.8h-22.4c-6.4 0-12.8 6.4-12.8 12.8v230.4c0 6.4 6.4 12.8 12.8 12.8zm-192 0h22.4c6.4 0 12.8-6.4 12.8-12.8V140.8c0-6.4-6.4-12.8-12.8-12.8h-22.4c-6.4 0-12.8 6.4-12.8 12.8v198.4c0 6.4 6.4 12.8 12.8 12.8zm96 0h22.4c6.4 0 12.8-6.4 12.8-12.8V204.8c0-6.4-6.4-12.8-12.8-12.8h-22.4c-6.4 0-12.8 6.4-12.8 12.8v134.4c0 6.4 6.4 12.8 12.8 12.8zM496 400H48V80c0-8.84-7.16-16-16-16H16C7.16 64 0 71.16 0 80v336c0 17.67 14.33 32 32 32h464c8.84 0 16-7.16 16-16v-16c0-8.84-7.16-16-16-16zm-387.2-48h22.4c6.4 0 12.8-6.4 12.8-12.8v-70.4c0-6.4-6.4-12.8-12.8-12.8h-22.4c-6.4 0-12.8 6.4-12.8 12.8v70.4c0 6.4 6.4 12.8 12.8 12.8z\" class=\"\"><\/path><\/svg><\/i> Vistas Totales&nbsp;328&nbsp;, Vistas Hoy&nbsp;6&nbsp;<\/p>\n<div class=\"pvc_clear\"><\/div>\n","protected":false},"excerpt":{"rendered":"<p>Autor: Am\u00edlcar NivarFuente: www.diariolibre.comFecha: 18 Enero 2014SD. La percepci\u00f3n de la gente y de varias organizaciones empresariales es variada en torno al desenvolvimiento de la econom\u00eda en 2013, la cual creci\u00f3 un 4.1%, de acuerdo con los datos preliminares ofrecidos este jueves por el Banco Central en una rueda de prensa.<\/p>\n<div class=\"pvc_clear\"><\/div>\n<p class=\"pvc_stats all \" data-element-id=\"20260\" style=\"\"><i class=\"pvc-stats-icon medium\" aria-hidden=\"true\"><svg aria-hidden=\"true\" focusable=\"false\" data-prefix=\"far\" data-icon=\"chart-bar\" role=\"img\" xmlns=\"http:\/\/www.w3.org\/2000\/svg\" viewBox=\"0 0 512 512\" class=\"svg-inline--fa fa-chart-bar fa-w-16 fa-2x\"><path fill=\"currentColor\" d=\"M396.8 352h22.4c6.4 0 12.8-6.4 12.8-12.8V108.8c0-6.4-6.4-12.8-12.8-12.8h-22.4c-6.4 0-12.8 6.4-12.8 12.8v230.4c0 6.4 6.4 12.8 12.8 12.8zm-192 0h22.4c6.4 0 12.8-6.4 12.8-12.8V140.8c0-6.4-6.4-12.8-12.8-12.8h-22.4c-6.4 0-12.8 6.4-12.8 12.8v198.4c0 6.4 6.4 12.8 12.8 12.8zm96 0h22.4c6.4 0 12.8-6.4 12.8-12.8V204.8c0-6.4-6.4-12.8-12.8-12.8h-22.4c-6.4 0-12.8 6.4-12.8 12.8v134.4c0 6.4 6.4 12.8 12.8 12.8zM496 400H48V80c0-8.84-7.16-16-16-16H16C7.16 64 0 71.16 0 80v336c0 17.67 14.33 32 32 32h464c8.84 0 16-7.16 16-16v-16c0-8.84-7.16-16-16-16zm-387.2-48h22.4c6.4 0 12.8-6.4 12.8-12.8v-70.4c0-6.4-6.4-12.8-12.8-12.8h-22.4c-6.4 0-12.8 6.4-12.8 12.8v70.4c0 6.4 6.4 12.8 12.8 12.8z\" class=\"\"><\/path><\/svg><\/i> Vistas Totales&nbsp;328&nbsp;, Vistas Hoy&nbsp;6&nbsp;<\/p>\n<div class=\"pvc_clear\"><\/div>\n","protected":false},"author":2,"featured_media":0,"comment_status":"open","ping_status":"open","sticky":false,"template":"","format":"standard","meta":{"footnotes":""},"categories":[21],"tags":[],"class_list":["post-20260","post","type-post","status-publish","format-standard","hentry","category-blog"],"yoast_head":"<!-- This site is optimized with the Yoast SEO plugin v25.2 - https:\/\/yoast.com\/wordpress\/plugins\/seo\/ -->\n<title>Crecimiento de econom\u00eda de 4.1% en Rep\u00fablica Dominicana, con respaldo y rechazo de la gente | CREES<\/title>\n<meta name=\"robots\" content=\"index, follow, max-snippet:-1, max-image-preview:large, max-video-preview:-1\" \/>\n<link rel=\"canonical\" href=\"https:\/\/crees.org.do\/?p=20260\" \/>\n<meta property=\"og:locale\" content=\"es_ES\" \/>\n<meta property=\"og:type\" content=\"article\" \/>\n<meta property=\"og:title\" content=\"Crecimiento de econom\u00eda de 4.1% en Rep\u00fablica Dominicana, con respaldo y rechazo de la gente | CREES\" \/>\n<meta property=\"og:description\" content=\"Autor: Am\u00edlcar NivarFuente: www.diariolibre.comFecha: 18 Enero 2014SD. La percepci\u00f3n de la gente y de varias organizaciones empresariales es variada en torno al desenvolvimiento de la econom\u00eda en 2013, la cual creci\u00f3 un 4.1%, de acuerdo con los datos preliminares ofrecidos este jueves por el Banco Central en una rueda de prensa.\" \/>\n<meta property=\"og:url\" content=\"https:\/\/crees.org.do\/?p=20260\" \/>\n<meta property=\"og:site_name\" content=\"CREES\" \/>\n<meta property=\"article:publisher\" content=\"https:\/\/www.facebook.com\/CREESRD\/\" \/>\n<meta property=\"article:published_time\" content=\"2014-01-01T00:00:00+00:00\" \/>\n<meta property=\"og:image\" content=\"https:\/\/crees.org.do\/wp-content\/uploads\/2022\/03\/crees-logo-1.jpg\" \/>\n\t<meta property=\"og:image:width\" content=\"244\" \/>\n\t<meta property=\"og:image:height\" content=\"71\" \/>\n\t<meta property=\"og:image:type\" content=\"image\/jpeg\" \/>\n<meta name=\"author\" content=\"Crees\" \/>\n<meta name=\"twitter:card\" content=\"summary_large_image\" \/>\n<meta name=\"twitter:creator\" content=\"@CREESRD\" \/>\n<meta name=\"twitter:site\" content=\"@CREESRD\" \/>\n<meta name=\"twitter:label1\" content=\"Escrito por\" \/>\n\t<meta name=\"twitter:data1\" content=\"Crees\" \/>\n\t<meta name=\"twitter:label2\" content=\"Tiempo de lectura\" \/>\n\t<meta name=\"twitter:data2\" content=\"4 minutos\" \/>\n<script type=\"application\/ld+json\" class=\"yoast-schema-graph\">{\"@context\":\"https:\/\/schema.org\",\"@graph\":[{\"@type\":\"Article\",\"@id\":\"https:\/\/crees.org.do\/?p=20260#article\",\"isPartOf\":{\"@id\":\"https:\/\/crees.org.do\/?p=20260\"},\"author\":{\"name\":\"Crees\",\"@id\":\"https:\/\/crees.org.do\/#\/schema\/person\/e7f97cd94d7bf9cd0e0ce30acb7d56b8\"},\"headline\":\"Crecimiento de econom\u00eda de 4.1% en Rep\u00fablica Dominicana, con respaldo y rechazo de la gente\",\"datePublished\":\"2014-01-01T00:00:00+00:00\",\"mainEntityOfPage\":{\"@id\":\"https:\/\/crees.org.do\/?p=20260\"},\"wordCount\":776,\"commentCount\":0,\"publisher\":{\"@id\":\"https:\/\/crees.org.do\/#organization\"},\"articleSection\":[\"Blog\"],\"inLanguage\":\"es\"},{\"@type\":\"WebPage\",\"@id\":\"https:\/\/crees.org.do\/?p=20260\",\"url\":\"https:\/\/crees.org.do\/?p=20260\",\"name\":\"Crecimiento de econom\u00eda de 4.1% en Rep\u00fablica Dominicana, con respaldo y rechazo de la gente | CREES\",\"isPartOf\":{\"@id\":\"https:\/\/crees.org.do\/#website\"},\"datePublished\":\"2014-01-01T00:00:00+00:00\",\"breadcrumb\":{\"@id\":\"https:\/\/crees.org.do\/?p=20260#breadcrumb\"},\"inLanguage\":\"es\",\"potentialAction\":[{\"@type\":\"ReadAction\",\"target\":[\"https:\/\/crees.org.do\/?p=20260\"]}]},{\"@type\":\"BreadcrumbList\",\"@id\":\"https:\/\/crees.org.do\/?p=20260#breadcrumb\",\"itemListElement\":[{\"@type\":\"ListItem\",\"position\":1,\"name\":\"Portada\",\"item\":\"https:\/\/crees.org.do\/\"},{\"@type\":\"ListItem\",\"position\":2,\"name\":\"Crecimiento de econom\u00eda de 4.1% en Rep\u00fablica Dominicana, con respaldo y rechazo de la gente\"}]},{\"@type\":\"WebSite\",\"@id\":\"https:\/\/crees.org.do\/#website\",\"url\":\"https:\/\/crees.org.do\/\",\"name\":\"CREES\",\"description\":\"Centro Regional de Estrategias Econ\u00f3micas Sostenibles\",\"publisher\":{\"@id\":\"https:\/\/crees.org.do\/#organization\"},\"potentialAction\":[{\"@type\":\"SearchAction\",\"target\":{\"@type\":\"EntryPoint\",\"urlTemplate\":\"https:\/\/crees.org.do\/?s={search_term_string}\"},\"query-input\":{\"@type\":\"PropertyValueSpecification\",\"valueRequired\":true,\"valueName\":\"search_term_string\"}}],\"inLanguage\":\"es\"},{\"@type\":\"Organization\",\"@id\":\"https:\/\/crees.org.do\/#organization\",\"name\":\"CREES | Centro Regional de Estrategias Econ\u00f3micas Sostenibles\",\"url\":\"https:\/\/crees.org.do\/\",\"logo\":{\"@type\":\"ImageObject\",\"inLanguage\":\"es\",\"@id\":\"https:\/\/crees.org.do\/#\/schema\/logo\/image\/\",\"url\":\"https:\/\/crees.org.do\/wp-content\/uploads\/2022\/03\/crees-logo-1.jpg\",\"contentUrl\":\"https:\/\/crees.org.do\/wp-content\/uploads\/2022\/03\/crees-logo-1.jpg\",\"width\":244,\"height\":71,\"caption\":\"CREES | Centro Regional de Estrategias Econ\u00f3micas Sostenibles\"},\"image\":{\"@id\":\"https:\/\/crees.org.do\/#\/schema\/logo\/image\/\"},\"sameAs\":[\"https:\/\/www.facebook.com\/CREESRD\/\",\"https:\/\/x.com\/CREESRD\"]},{\"@type\":\"Person\",\"@id\":\"https:\/\/crees.org.do\/#\/schema\/person\/e7f97cd94d7bf9cd0e0ce30acb7d56b8\",\"name\":\"Crees\",\"image\":{\"@type\":\"ImageObject\",\"inLanguage\":\"es\",\"@id\":\"https:\/\/crees.org.do\/#\/schema\/person\/image\/\",\"url\":\"https:\/\/secure.gravatar.com\/avatar\/390ac8f0be5d9aa046152553e2dd7011b59a512d89c150f5e5f28bb8d9a0b165?s=96&d=mm&r=g\",\"contentUrl\":\"https:\/\/secure.gravatar.com\/avatar\/390ac8f0be5d9aa046152553e2dd7011b59a512d89c150f5e5f28bb8d9a0b165?s=96&d=mm&r=g\",\"caption\":\"Crees\"},\"url\":\"https:\/\/crees.org.do\/?author=2\"}]}<\/script>\n<!-- \/ Yoast SEO plugin. -->","yoast_head_json":{"title":"Crecimiento de econom\u00eda de 4.1% en Rep\u00fablica Dominicana, con respaldo y rechazo de la gente | CREES","robots":{"index":"index","follow":"follow","max-snippet":"max-snippet:-1","max-image-preview":"max-image-preview:large","max-video-preview":"max-video-preview:-1"},"canonical":"https:\/\/crees.org.do\/?p=20260","og_locale":"es_ES","og_type":"article","og_title":"Crecimiento de econom\u00eda de 4.1% en Rep\u00fablica Dominicana, con respaldo y rechazo de la gente | CREES","og_description":"Autor: Am\u00edlcar NivarFuente: www.diariolibre.comFecha: 18 Enero 2014SD. La percepci\u00f3n de la gente y de varias organizaciones empresariales es variada en torno al desenvolvimiento de la econom\u00eda en 2013, la cual creci\u00f3 un 4.1%, de acuerdo con los datos preliminares ofrecidos este jueves por el Banco Central en una rueda de prensa.","og_url":"https:\/\/crees.org.do\/?p=20260","og_site_name":"CREES","article_publisher":"https:\/\/www.facebook.com\/CREESRD\/","article_published_time":"2014-01-01T00:00:00+00:00","og_image":[{"width":244,"height":71,"url":"https:\/\/crees.org.do\/wp-content\/uploads\/2022\/03\/crees-logo-1.jpg","type":"image\/jpeg"}],"author":"Crees","twitter_card":"summary_large_image","twitter_creator":"@CREESRD","twitter_site":"@CREESRD","twitter_misc":{"Escrito por":"Crees","Tiempo de lectura":"4 minutos"},"schema":{"@context":"https:\/\/schema.org","@graph":[{"@type":"Article","@id":"https:\/\/crees.org.do\/?p=20260#article","isPartOf":{"@id":"https:\/\/crees.org.do\/?p=20260"},"author":{"name":"Crees","@id":"https:\/\/crees.org.do\/#\/schema\/person\/e7f97cd94d7bf9cd0e0ce30acb7d56b8"},"headline":"Crecimiento de econom\u00eda de 4.1% en Rep\u00fablica Dominicana, con respaldo y rechazo de la gente","datePublished":"2014-01-01T00:00:00+00:00","mainEntityOfPage":{"@id":"https:\/\/crees.org.do\/?p=20260"},"wordCount":776,"commentCount":0,"publisher":{"@id":"https:\/\/crees.org.do\/#organization"},"articleSection":["Blog"],"inLanguage":"es"},{"@type":"WebPage","@id":"https:\/\/crees.org.do\/?p=20260","url":"https:\/\/crees.org.do\/?p=20260","name":"Crecimiento de econom\u00eda de 4.1% en Rep\u00fablica Dominicana, con respaldo y rechazo de la gente | CREES","isPartOf":{"@id":"https:\/\/crees.org.do\/#website"},"datePublished":"2014-01-01T00:00:00+00:00","breadcrumb":{"@id":"https:\/\/crees.org.do\/?p=20260#breadcrumb"},"inLanguage":"es","potentialAction":[{"@type":"ReadAction","target":["https:\/\/crees.org.do\/?p=20260"]}]},{"@type":"BreadcrumbList","@id":"https:\/\/crees.org.do\/?p=20260#breadcrumb","itemListElement":[{"@type":"ListItem","position":1,"name":"Portada","item":"https:\/\/crees.org.do\/"},{"@type":"ListItem","position":2,"name":"Crecimiento de econom\u00eda de 4.1% en Rep\u00fablica Dominicana, con respaldo y rechazo de la gente"}]},{"@type":"WebSite","@id":"https:\/\/crees.org.do\/#website","url":"https:\/\/crees.org.do\/","name":"CREES","description":"Centro Regional de Estrategias Econ\u00f3micas Sostenibles","publisher":{"@id":"https:\/\/crees.org.do\/#organization"},"potentialAction":[{"@type":"SearchAction","target":{"@type":"EntryPoint","urlTemplate":"https:\/\/crees.org.do\/?s={search_term_string}"},"query-input":{"@type":"PropertyValueSpecification","valueRequired":true,"valueName":"search_term_string"}}],"inLanguage":"es"},{"@type":"Organization","@id":"https:\/\/crees.org.do\/#organization","name":"CREES | Centro Regional de Estrategias Econ\u00f3micas Sostenibles","url":"https:\/\/crees.org.do\/","logo":{"@type":"ImageObject","inLanguage":"es","@id":"https:\/\/crees.org.do\/#\/schema\/logo\/image\/","url":"https:\/\/crees.org.do\/wp-content\/uploads\/2022\/03\/crees-logo-1.jpg","contentUrl":"https:\/\/crees.org.do\/wp-content\/uploads\/2022\/03\/crees-logo-1.jpg","width":244,"height":71,"caption":"CREES | Centro Regional de Estrategias Econ\u00f3micas Sostenibles"},"image":{"@id":"https:\/\/crees.org.do\/#\/schema\/logo\/image\/"},"sameAs":["https:\/\/www.facebook.com\/CREESRD\/","https:\/\/x.com\/CREESRD"]},{"@type":"Person","@id":"https:\/\/crees.org.do\/#\/schema\/person\/e7f97cd94d7bf9cd0e0ce30acb7d56b8","name":"Crees","image":{"@type":"ImageObject","inLanguage":"es","@id":"https:\/\/crees.org.do\/#\/schema\/person\/image\/","url":"https:\/\/secure.gravatar.com\/avatar\/390ac8f0be5d9aa046152553e2dd7011b59a512d89c150f5e5f28bb8d9a0b165?s=96&d=mm&r=g","contentUrl":"https:\/\/secure.gravatar.com\/avatar\/390ac8f0be5d9aa046152553e2dd7011b59a512d89c150f5e5f28bb8d9a0b165?s=96&d=mm&r=g","caption":"Crees"},"url":"https:\/\/crees.org.do\/?author=2"}]}},"_links":{"self":[{"href":"https:\/\/crees.org.do\/index.php?rest_route=\/wp\/v2\/posts\/20260","targetHints":{"allow":["GET"]}}],"collection":[{"href":"https:\/\/crees.org.do\/index.php?rest_route=\/wp\/v2\/posts"}],"about":[{"href":"https:\/\/crees.org.do\/index.php?rest_route=\/wp\/v2\/types\/post"}],"author":[{"embeddable":true,"href":"https:\/\/crees.org.do\/index.php?rest_route=\/wp\/v2\/users\/2"}],"replies":[{"embeddable":true,"href":"https:\/\/crees.org.do\/index.php?rest_route=%2Fwp%2Fv2%2Fcomments&post=20260"}],"version-history":[{"count":0,"href":"https:\/\/crees.org.do\/index.php?rest_route=\/wp\/v2\/posts\/20260\/revisions"}],"wp:attachment":[{"href":"https:\/\/crees.org.do\/index.php?rest_route=%2Fwp%2Fv2%2Fmedia&parent=20260"}],"wp:term":[{"taxonomy":"category","embeddable":true,"href":"https:\/\/crees.org.do\/index.php?rest_route=%2Fwp%2Fv2%2Fcategories&post=20260"},{"taxonomy":"post_tag","embeddable":true,"href":"https:\/\/crees.org.do\/index.php?rest_route=%2Fwp%2Fv2%2Ftags&post=20260"}],"curies":[{"name":"wp","href":"https:\/\/api.w.org\/{rel}","templated":true}]}}