{"id":20328,"date":"2014-01-01T00:00:00","date_gmt":"2014-01-01T00:00:00","guid":{"rendered":"https:\/\/crees.org.do\/los-ni-ni-del-sector-electrico-dominicano\/"},"modified":"2014-01-01T00:00:00","modified_gmt":"2014-01-01T00:00:00","slug":"los-ni-ni-del-sector-electrico-dominicano","status":"publish","type":"post","link":"https:\/\/crees.org.do\/?p=20328","title":{"rendered":"Los &#8220;Ni-Ni&#8221; del sector el\u00e9ctrico dominicano"},"content":{"rendered":"<p style=\"margin-bottom: 10px; color: rgb(51, 51, 51); line-height: 18px; text-align: justify; background-color: rgb(255, 255, 255);\"><span style=\"font-size:12px;\"><span style=\"font-family:verdana,geneva,sans-serif;\">Autor: Milton Morrison<\/span><\/span><\/p>\n<p style=\"margin-bottom: 10px; color: rgb(51, 51, 51); line-height: 18px; text-align: justify; background-color: rgb(255, 255, 255);\"><span style=\"font-size:12px;\"><span style=\"font-family:verdana,geneva,sans-serif;\">Fuente: <a href=\"http:\/\/listindiario.com\/economia-and-negocios\/2014\/8\/28\/335433\/Los-Ni-Ni-del-sector-electrico-dominicano\">www.listindiario.com<\/a><\/span><\/span><\/p>\n<p style=\"margin-bottom: 10px; color: rgb(51, 51, 51); line-height: 18px; text-align: justify; background-color: rgb(255, 255, 255);\"><span style=\"font-size:12px;\"><span style=\"font-family:verdana,geneva,sans-serif;\">Fecha: 29 Agosto 2014<\/span><\/span><\/p>\n<p style=\"margin-bottom: 10px; color: rgb(51, 51, 51); line-height: 18px; text-align: justify; background-color: rgb(255, 255, 255);\">&nbsp;<\/p>\n<p style=\"margin-bottom: 10px; color: rgb(51, 51, 51); line-height: 18px; text-align: justify; background-color: rgb(255, 255, 255);\"><span style=\"font-size:12px;\"><span style=\"font-family:verdana,geneva,sans-serif;\">El t\u00edtulo de este art\u00edculo me lo sugiri\u00f3 un amigo, y el mismo podr\u00eda llevar la imaginaci\u00f3n del lector a pensar que abordaremos el tema de la vinculaci\u00f3n del sector el\u00e9ctrico con los denominados Ni-Ni (personas que ni estudian ni trabajan); o tal vez que analizar\u00edamos si quienes est\u00e1n involucrados en el sector el\u00e9ctrico estudian o trabajan.<\/span><\/span><\/p>\n<p style=\"margin-bottom: 10px; color: rgb(51, 51, 51); line-height: 18px; text-align: justify; background-color: rgb(255, 255, 255);\"><span style=\"font-size:12px;\"><span style=\"font-family:verdana,geneva,sans-serif;\">La realidad es que no abordaremos ni una cosa ni la otra. Analizaremos las razones que nos llevan a pensar que bajo las coyunturas actuales ni el sector p\u00fablico ni el sector privado por s\u00ed solos pueden darle una soluci\u00f3n definitiva al problema el\u00e9ctrico.<\/span><\/span><\/p>\n<p style=\"margin-bottom: 10px; color: rgb(51, 51, 51); line-height: 18px; text-align: justify; background-color: rgb(255, 255, 255);\"><span style=\"font-size:12px;\"><span style=\"font-family:verdana,geneva,sans-serif;\">La Rep\u00fablica Dominicana tiene una industria el\u00e9ctrica mixta con una participaci\u00f3n muy alta del sector p\u00fablico en todos los segmentos de la industria; el Estado es propietario y tiene control absoluto de los segmentos de distribuci\u00f3n, transmisi\u00f3n, hidroel\u00e9ctricas, instituciones reguladoras (SIE y CNE); y adem\u00e1s tiene una participaci\u00f3n importante en el segmento de la generaci\u00f3n interconectada. El sector privado tiene incidencia en la generaci\u00f3n donde es due\u00f1o 100% de poco m\u00e1s del 50% de la capacidad disponible.<\/span><\/span><\/p>\n<p style=\"margin-bottom: 10px; color: rgb(51, 51, 51); line-height: 18px; text-align: justify; background-color: rgb(255, 255, 255);\"><span style=\"font-size:12px;\"><span style=\"font-family:verdana,geneva,sans-serif;\">Por naturaleza, las industrias el\u00e9ctricas son de capital intensivo por la gran cantidad de dinero y financiamientos que requieren para producir bienes y servicios. Manteniendo la actual estructura organizacional y operativa del sector el\u00e9ctrico, las inversiones que se proyectan en generaci\u00f3n, para reducir el d\u00e9ficit financiero en la distribuci\u00f3n, en transmisi\u00f3n, el monto anual de las transferencias y subsidies as\u00ed como la deuda del gobierno con suplidores privados; incluyendo la que tiene con los generadores, representan una inversi\u00f3n total de US$ 9,000 millones para los pr\u00f3ximos cuatro a\u00f1os.<\/span><\/span><\/p>\n<p style=\"margin-bottom: 10px; color: rgb(51, 51, 51); line-height: 18px; text-align: justify; background-color: rgb(255, 255, 255);\"><span style=\"font-size:12px;\"><span style=\"font-family:verdana,geneva,sans-serif;\">El desglose de esos US$9,000 millones que requiere el sector es de la siguiente manera: US$2,700 millones para financiar la construcci\u00f3n de las plantas a carb\u00f3n del gobierno ,la nueva terminal de gas natural que plantea el consorcio Antillean Gas, la conversi\u00f3n de CESPM a gas natural y la conversi\u00f3n a ciclo combinado de Dominican Power Parnerts (DPP). Seg\u00fan las entidades oficiales, las distribuidoras de electricidad (EDEs), requieren una inversi\u00f3n de alrededor de US$800 millones para reducir las p\u00e9rdidas en los pr\u00f3ximos cuatro a\u00f1os; la empresa de transmisi\u00f3n (ETED), necesita US$495 millones de acuerdo a su plan de trabajo; el subsidio el\u00e9ctrico proyectado para los pr\u00f3ximos cuatro a\u00f1os se estiman en algunos US$4,500 millones; y la deuda acumulada del gobierno con suplidores, principalmente con los generadores supera los US$700 millones.<\/span><\/span><\/p>\n<p style=\"margin-bottom: 10px; color: rgb(51, 51, 51); line-height: 18px; text-align: justify; background-color: rgb(255, 255, 255);\"><span style=\"font-size:12px;\"><span style=\"font-family:verdana,geneva,sans-serif;\">&iquest;Puede el sector p\u00fablico financiar todas las inversiones con recursos propios o financiamientos? El d\u00e9ficit fiscal acumulado en los \u00faltimos 15 a\u00f1os es alto, lo que ha derivado en un endeudamiento p\u00fablico interno y externo que hace poco viable que el gobierno disponga de recursos para financiar todas las inversiones que requiere el sector.<\/span><\/span><\/p>\n<p style=\"margin-bottom: 10px; color: rgb(51, 51, 51); line-height: 18px; text-align: justify; background-color: rgb(255, 255, 255);\"><span style=\"font-size:12px;\"><span style=\"font-family:verdana,geneva,sans-serif;\">Cabe mencionar que la deuda p\u00fablica a julio del 2014 alcanza los US$24,232 millones de d\u00f3lares de los cuales seg\u00fan informes del Centro Regional de Estrategias Econ\u00f3micas Sostenibles (CREES), ese monto no incluye la deuda del Banco Central, ni los pr\u00e9stamos y cuentas por pagar de algunas corporaciones p\u00fablicas no financieras como el caso de la CDEEE.<\/span><\/span><\/p>\n<p style=\"margin-bottom: 10px; color: rgb(51, 51, 51); line-height: 18px; text-align: justify; background-color: rgb(255, 255, 255);\"><span style=\"font-size:12px;\"><span style=\"font-family:verdana,geneva,sans-serif;\">&iquest;Puede el sector privado financiar todas las inversiones con recursos propios o financiamientos? Obviamente que no, bajo la estructura actual el sector privado no tiene radio ni influencias en la toma de decisiones de la industria m\u00e1s all\u00e1 del \u00e1mbito de la generaci\u00f3n.<\/span><\/span><\/p>\n<p style=\"margin-bottom: 10px; color: rgb(51, 51, 51); line-height: 18px; text-align: justify; background-color: rgb(255, 255, 255);\"><span style=\"font-size:12px;\"><span style=\"font-family:verdana,geneva,sans-serif;\">Por tanto, ser\u00e1 dif\u00edcil canalizar y hacer inversiones en \u00e1reas que no controla ni tiene incidencia. Adem\u00e1s, el capital privado invierte bajo la l\u00f3gica econ\u00f3mica que espera un retorno a su inversi\u00f3n, y en la l\u00f3gica de las empresas p\u00fablicas la historia demuestra que ese no es el criterio que prima en sus operaciones.<\/span><\/span><\/p>\n<p style=\"margin-bottom: 10px; color: rgb(51, 51, 51); line-height: 18px; text-align: justify; background-color: rgb(255, 255, 255);\"><span style=\"font-size:12px;\"><span style=\"font-family:verdana,geneva,sans-serif;\">La relaci\u00f3n p\u00fablico-privada que redit\u00faa beneficios mutuos es aquella que se ampara en un Estado de derecho que cumple, respeta las leyes y las regulaciones; donde existe una clara definici\u00f3n de pol\u00edticas p\u00fablicas, donde existe continuidad de Estado ante cambios de gobiernos, donde impera la racionalidad econ\u00f3mica en las inversiones y se asume como meta la sostenibilidad financiera de las empresas; donde existen acciones sociales focalizadas para los m\u00e1s vulnerables, donde se respetan los espacios de uno y otro, donde existe transparencia; donde ambos sectores contribuyen a fortalecer la responsabilidad del ciudadano en el uso del servicio. Si esos factores son impulsados y cumplidos de manera mancomunada, es muy probable que fluyan todos los recursos financieros e inversiones necesarias para el sector el\u00e9ctrico.<\/span><\/span><\/p>\n<p style=\"margin-bottom: 10px; color: rgb(51, 51, 51); line-height: 18px; text-align: justify; background-color: rgb(255, 255, 255);\"><span style=\"font-size:12px;\"><span style=\"font-family:verdana,geneva,sans-serif;\">Ni el sector privado tiene el radio de acci\u00f3n, influencia ni recursos para hacer todas esas inversiones en \u00e1reas en las que no participa; ni el sector p\u00fablico tiene los recursos, ni la continuidad estatal, ni la gerencia para hacer sostenible financieramente la industria.<\/span><\/span><\/p>\n<p style=\"margin-bottom: 10px; color: rgb(51, 51, 51); line-height: 18px; text-align: justify; background-color: rgb(255, 255, 255);\"><span style=\"font-size:12px;\"><span style=\"font-family:verdana,geneva,sans-serif;\">Es por eso que bajo el esquema actual de demonizaci\u00f3n, dispersi\u00f3n y d\u00e9ficit financiero del sector, ni uno ni el otro por separado lograr\u00e1 la soluci\u00f3n al problema; pero juntos s\u00ed.<\/span><\/span><\/p>\n<p style=\"margin-bottom: 10px; color: rgb(51, 51, 51); line-height: 18px; text-align: justify; background-color: rgb(255, 255, 255);\"><span style=\"font-size:12px;\"><span style=\"font-family:verdana,geneva,sans-serif;\">La importancia del pacto el\u00e9ctrico reside en dialogar, escuchar con objetividad y sin prejuicios, entendiendo que todos son necesarios y que cada quien tiene un rol natural que jugar para solucionar el problema. Por tanto, &ldquo;al C\u00e9sar lo que es del C\u00e9sar y a Dios lo que es de Dios&rdquo;.<\/span><\/span><\/p>\n<div class=\"pvc_clear\"><\/div>\n<p class=\"pvc_stats all \" data-element-id=\"20328\" style=\"\"><i class=\"pvc-stats-icon medium\" aria-hidden=\"true\"><svg aria-hidden=\"true\" focusable=\"false\" data-prefix=\"far\" data-icon=\"chart-bar\" role=\"img\" xmlns=\"http:\/\/www.w3.org\/2000\/svg\" viewBox=\"0 0 512 512\" class=\"svg-inline--fa fa-chart-bar fa-w-16 fa-2x\"><path fill=\"currentColor\" d=\"M396.8 352h22.4c6.4 0 12.8-6.4 12.8-12.8V108.8c0-6.4-6.4-12.8-12.8-12.8h-22.4c-6.4 0-12.8 6.4-12.8 12.8v230.4c0 6.4 6.4 12.8 12.8 12.8zm-192 0h22.4c6.4 0 12.8-6.4 12.8-12.8V140.8c0-6.4-6.4-12.8-12.8-12.8h-22.4c-6.4 0-12.8 6.4-12.8 12.8v198.4c0 6.4 6.4 12.8 12.8 12.8zm96 0h22.4c6.4 0 12.8-6.4 12.8-12.8V204.8c0-6.4-6.4-12.8-12.8-12.8h-22.4c-6.4 0-12.8 6.4-12.8 12.8v134.4c0 6.4 6.4 12.8 12.8 12.8zM496 400H48V80c0-8.84-7.16-16-16-16H16C7.16 64 0 71.16 0 80v336c0 17.67 14.33 32 32 32h464c8.84 0 16-7.16 16-16v-16c0-8.84-7.16-16-16-16zm-387.2-48h22.4c6.4 0 12.8-6.4 12.8-12.8v-70.4c0-6.4-6.4-12.8-12.8-12.8h-22.4c-6.4 0-12.8 6.4-12.8 12.8v70.4c0 6.4 6.4 12.8 12.8 12.8z\" class=\"\"><\/path><\/svg><\/i> Vistas Totales&nbsp;288&nbsp;, Vistas Hoy&nbsp;3&nbsp;<\/p>\n<div class=\"pvc_clear\"><\/div>\n","protected":false},"excerpt":{"rendered":"<p>Autor: Milton MorrisonFuente: www.listindiario.comFecha: 29 Agosto 2014El t\u00edtulo de este art\u00edculo me lo sugiri\u00f3 un amigo, y el mismo podr\u00eda llevar la imaginaci\u00f3n del lector a pensar que abordaremos el tema de la vinculaci\u00f3n del sector el\u00e9ctrico con los denominados Ni-Ni (personas que ni estudian ni trabajan); o tal vez que analizar\u00edamos si quienes est\u00e1n involucrados en el sector el\u00e9ctrico estudian o trabajan.<\/p>\n<div class=\"pvc_clear\"><\/div>\n<p class=\"pvc_stats all \" data-element-id=\"20328\" style=\"\"><i class=\"pvc-stats-icon medium\" aria-hidden=\"true\"><svg aria-hidden=\"true\" focusable=\"false\" data-prefix=\"far\" data-icon=\"chart-bar\" role=\"img\" xmlns=\"http:\/\/www.w3.org\/2000\/svg\" viewBox=\"0 0 512 512\" class=\"svg-inline--fa fa-chart-bar fa-w-16 fa-2x\"><path fill=\"currentColor\" d=\"M396.8 352h22.4c6.4 0 12.8-6.4 12.8-12.8V108.8c0-6.4-6.4-12.8-12.8-12.8h-22.4c-6.4 0-12.8 6.4-12.8 12.8v230.4c0 6.4 6.4 12.8 12.8 12.8zm-192 0h22.4c6.4 0 12.8-6.4 12.8-12.8V140.8c0-6.4-6.4-12.8-12.8-12.8h-22.4c-6.4 0-12.8 6.4-12.8 12.8v198.4c0 6.4 6.4 12.8 12.8 12.8zm96 0h22.4c6.4 0 12.8-6.4 12.8-12.8V204.8c0-6.4-6.4-12.8-12.8-12.8h-22.4c-6.4 0-12.8 6.4-12.8 12.8v134.4c0 6.4 6.4 12.8 12.8 12.8zM496 400H48V80c0-8.84-7.16-16-16-16H16C7.16 64 0 71.16 0 80v336c0 17.67 14.33 32 32 32h464c8.84 0 16-7.16 16-16v-16c0-8.84-7.16-16-16-16zm-387.2-48h22.4c6.4 0 12.8-6.4 12.8-12.8v-70.4c0-6.4-6.4-12.8-12.8-12.8h-22.4c-6.4 0-12.8 6.4-12.8 12.8v70.4c0 6.4 6.4 12.8 12.8 12.8z\" class=\"\"><\/path><\/svg><\/i> Vistas Totales&nbsp;288&nbsp;, Vistas Hoy&nbsp;3&nbsp;<\/p>\n<div class=\"pvc_clear\"><\/div>\n","protected":false},"author":2,"featured_media":0,"comment_status":"open","ping_status":"open","sticky":false,"template":"","format":"standard","meta":{"footnotes":""},"categories":[21],"tags":[],"class_list":["post-20328","post","type-post","status-publish","format-standard","hentry","category-blog"],"yoast_head":"<!-- This site is optimized with the Yoast SEO plugin v25.2 - https:\/\/yoast.com\/wordpress\/plugins\/seo\/ -->\n<title>Los &quot;Ni-Ni&quot; del sector el\u00e9ctrico dominicano | CREES<\/title>\n<meta name=\"robots\" content=\"index, follow, max-snippet:-1, max-image-preview:large, max-video-preview:-1\" \/>\n<link rel=\"canonical\" href=\"https:\/\/crees.org.do\/?p=20328\" \/>\n<meta property=\"og:locale\" content=\"es_ES\" \/>\n<meta property=\"og:type\" content=\"article\" \/>\n<meta property=\"og:title\" content=\"Los &quot;Ni-Ni&quot; del sector el\u00e9ctrico dominicano | CREES\" \/>\n<meta property=\"og:description\" content=\"Autor: Milton MorrisonFuente: www.listindiario.comFecha: 29 Agosto 2014El t\u00edtulo de este art\u00edculo me lo sugiri\u00f3 un amigo, y el mismo podr\u00eda llevar la imaginaci\u00f3n del lector a pensar que abordaremos el tema de la vinculaci\u00f3n del sector el\u00e9ctrico con los denominados Ni-Ni (personas que ni estudian ni trabajan); o tal vez que analizar\u00edamos si quienes est\u00e1n involucrados en el sector el\u00e9ctrico estudian o trabajan.\" \/>\n<meta property=\"og:url\" content=\"https:\/\/crees.org.do\/?p=20328\" \/>\n<meta property=\"og:site_name\" content=\"CREES\" \/>\n<meta property=\"article:publisher\" content=\"https:\/\/www.facebook.com\/CREESRD\/\" \/>\n<meta property=\"article:published_time\" content=\"2014-01-01T00:00:00+00:00\" \/>\n<meta property=\"og:image\" content=\"https:\/\/crees.org.do\/wp-content\/uploads\/2022\/03\/crees-logo-1.jpg\" \/>\n\t<meta property=\"og:image:width\" content=\"244\" \/>\n\t<meta property=\"og:image:height\" content=\"71\" \/>\n\t<meta property=\"og:image:type\" content=\"image\/jpeg\" \/>\n<meta name=\"author\" content=\"Crees\" \/>\n<meta name=\"twitter:card\" content=\"summary_large_image\" \/>\n<meta name=\"twitter:creator\" content=\"@CREESRD\" \/>\n<meta name=\"twitter:site\" content=\"@CREESRD\" \/>\n<meta name=\"twitter:label1\" content=\"Escrito por\" \/>\n\t<meta name=\"twitter:data1\" content=\"Crees\" \/>\n\t<meta name=\"twitter:label2\" content=\"Tiempo de lectura\" \/>\n\t<meta name=\"twitter:data2\" content=\"5 minutos\" \/>\n<script type=\"application\/ld+json\" class=\"yoast-schema-graph\">{\"@context\":\"https:\/\/schema.org\",\"@graph\":[{\"@type\":\"Article\",\"@id\":\"https:\/\/crees.org.do\/?p=20328#article\",\"isPartOf\":{\"@id\":\"https:\/\/crees.org.do\/?p=20328\"},\"author\":{\"name\":\"Crees\",\"@id\":\"https:\/\/crees.org.do\/#\/schema\/person\/e7f97cd94d7bf9cd0e0ce30acb7d56b8\"},\"headline\":\"Los &#8220;Ni-Ni&#8221; del sector el\u00e9ctrico dominicano\",\"datePublished\":\"2014-01-01T00:00:00+00:00\",\"mainEntityOfPage\":{\"@id\":\"https:\/\/crees.org.do\/?p=20328\"},\"wordCount\":952,\"commentCount\":0,\"publisher\":{\"@id\":\"https:\/\/crees.org.do\/#organization\"},\"articleSection\":[\"Blog\"],\"inLanguage\":\"es\"},{\"@type\":\"WebPage\",\"@id\":\"https:\/\/crees.org.do\/?p=20328\",\"url\":\"https:\/\/crees.org.do\/?p=20328\",\"name\":\"Los \\\"Ni-Ni\\\" del sector el\u00e9ctrico dominicano | CREES\",\"isPartOf\":{\"@id\":\"https:\/\/crees.org.do\/#website\"},\"datePublished\":\"2014-01-01T00:00:00+00:00\",\"breadcrumb\":{\"@id\":\"https:\/\/crees.org.do\/?p=20328#breadcrumb\"},\"inLanguage\":\"es\",\"potentialAction\":[{\"@type\":\"ReadAction\",\"target\":[\"https:\/\/crees.org.do\/?p=20328\"]}]},{\"@type\":\"BreadcrumbList\",\"@id\":\"https:\/\/crees.org.do\/?p=20328#breadcrumb\",\"itemListElement\":[{\"@type\":\"ListItem\",\"position\":1,\"name\":\"Portada\",\"item\":\"https:\/\/crees.org.do\/\"},{\"@type\":\"ListItem\",\"position\":2,\"name\":\"Los &#8220;Ni-Ni&#8221; del sector el\u00e9ctrico dominicano\"}]},{\"@type\":\"WebSite\",\"@id\":\"https:\/\/crees.org.do\/#website\",\"url\":\"https:\/\/crees.org.do\/\",\"name\":\"CREES\",\"description\":\"Centro Regional de Estrategias Econ\u00f3micas Sostenibles\",\"publisher\":{\"@id\":\"https:\/\/crees.org.do\/#organization\"},\"potentialAction\":[{\"@type\":\"SearchAction\",\"target\":{\"@type\":\"EntryPoint\",\"urlTemplate\":\"https:\/\/crees.org.do\/?s={search_term_string}\"},\"query-input\":{\"@type\":\"PropertyValueSpecification\",\"valueRequired\":true,\"valueName\":\"search_term_string\"}}],\"inLanguage\":\"es\"},{\"@type\":\"Organization\",\"@id\":\"https:\/\/crees.org.do\/#organization\",\"name\":\"CREES | Centro Regional de Estrategias Econ\u00f3micas Sostenibles\",\"url\":\"https:\/\/crees.org.do\/\",\"logo\":{\"@type\":\"ImageObject\",\"inLanguage\":\"es\",\"@id\":\"https:\/\/crees.org.do\/#\/schema\/logo\/image\/\",\"url\":\"https:\/\/crees.org.do\/wp-content\/uploads\/2022\/03\/crees-logo-1.jpg\",\"contentUrl\":\"https:\/\/crees.org.do\/wp-content\/uploads\/2022\/03\/crees-logo-1.jpg\",\"width\":244,\"height\":71,\"caption\":\"CREES | Centro Regional de Estrategias Econ\u00f3micas Sostenibles\"},\"image\":{\"@id\":\"https:\/\/crees.org.do\/#\/schema\/logo\/image\/\"},\"sameAs\":[\"https:\/\/www.facebook.com\/CREESRD\/\",\"https:\/\/x.com\/CREESRD\"]},{\"@type\":\"Person\",\"@id\":\"https:\/\/crees.org.do\/#\/schema\/person\/e7f97cd94d7bf9cd0e0ce30acb7d56b8\",\"name\":\"Crees\",\"image\":{\"@type\":\"ImageObject\",\"inLanguage\":\"es\",\"@id\":\"https:\/\/crees.org.do\/#\/schema\/person\/image\/\",\"url\":\"https:\/\/secure.gravatar.com\/avatar\/390ac8f0be5d9aa046152553e2dd7011b59a512d89c150f5e5f28bb8d9a0b165?s=96&d=mm&r=g\",\"contentUrl\":\"https:\/\/secure.gravatar.com\/avatar\/390ac8f0be5d9aa046152553e2dd7011b59a512d89c150f5e5f28bb8d9a0b165?s=96&d=mm&r=g\",\"caption\":\"Crees\"},\"url\":\"https:\/\/crees.org.do\/?author=2\"}]}<\/script>\n<!-- \/ Yoast SEO plugin. -->","yoast_head_json":{"title":"Los \"Ni-Ni\" del sector el\u00e9ctrico dominicano | CREES","robots":{"index":"index","follow":"follow","max-snippet":"max-snippet:-1","max-image-preview":"max-image-preview:large","max-video-preview":"max-video-preview:-1"},"canonical":"https:\/\/crees.org.do\/?p=20328","og_locale":"es_ES","og_type":"article","og_title":"Los \"Ni-Ni\" del sector el\u00e9ctrico dominicano | CREES","og_description":"Autor: Milton MorrisonFuente: www.listindiario.comFecha: 29 Agosto 2014El t\u00edtulo de este art\u00edculo me lo sugiri\u00f3 un amigo, y el mismo podr\u00eda llevar la imaginaci\u00f3n del lector a pensar que abordaremos el tema de la vinculaci\u00f3n del sector el\u00e9ctrico con los denominados Ni-Ni (personas que ni estudian ni trabajan); o tal vez que analizar\u00edamos si quienes est\u00e1n involucrados en el sector el\u00e9ctrico estudian o trabajan.","og_url":"https:\/\/crees.org.do\/?p=20328","og_site_name":"CREES","article_publisher":"https:\/\/www.facebook.com\/CREESRD\/","article_published_time":"2014-01-01T00:00:00+00:00","og_image":[{"width":244,"height":71,"url":"https:\/\/crees.org.do\/wp-content\/uploads\/2022\/03\/crees-logo-1.jpg","type":"image\/jpeg"}],"author":"Crees","twitter_card":"summary_large_image","twitter_creator":"@CREESRD","twitter_site":"@CREESRD","twitter_misc":{"Escrito por":"Crees","Tiempo de lectura":"5 minutos"},"schema":{"@context":"https:\/\/schema.org","@graph":[{"@type":"Article","@id":"https:\/\/crees.org.do\/?p=20328#article","isPartOf":{"@id":"https:\/\/crees.org.do\/?p=20328"},"author":{"name":"Crees","@id":"https:\/\/crees.org.do\/#\/schema\/person\/e7f97cd94d7bf9cd0e0ce30acb7d56b8"},"headline":"Los &#8220;Ni-Ni&#8221; del sector el\u00e9ctrico dominicano","datePublished":"2014-01-01T00:00:00+00:00","mainEntityOfPage":{"@id":"https:\/\/crees.org.do\/?p=20328"},"wordCount":952,"commentCount":0,"publisher":{"@id":"https:\/\/crees.org.do\/#organization"},"articleSection":["Blog"],"inLanguage":"es"},{"@type":"WebPage","@id":"https:\/\/crees.org.do\/?p=20328","url":"https:\/\/crees.org.do\/?p=20328","name":"Los \"Ni-Ni\" del sector el\u00e9ctrico dominicano | CREES","isPartOf":{"@id":"https:\/\/crees.org.do\/#website"},"datePublished":"2014-01-01T00:00:00+00:00","breadcrumb":{"@id":"https:\/\/crees.org.do\/?p=20328#breadcrumb"},"inLanguage":"es","potentialAction":[{"@type":"ReadAction","target":["https:\/\/crees.org.do\/?p=20328"]}]},{"@type":"BreadcrumbList","@id":"https:\/\/crees.org.do\/?p=20328#breadcrumb","itemListElement":[{"@type":"ListItem","position":1,"name":"Portada","item":"https:\/\/crees.org.do\/"},{"@type":"ListItem","position":2,"name":"Los &#8220;Ni-Ni&#8221; del sector el\u00e9ctrico dominicano"}]},{"@type":"WebSite","@id":"https:\/\/crees.org.do\/#website","url":"https:\/\/crees.org.do\/","name":"CREES","description":"Centro Regional de Estrategias Econ\u00f3micas Sostenibles","publisher":{"@id":"https:\/\/crees.org.do\/#organization"},"potentialAction":[{"@type":"SearchAction","target":{"@type":"EntryPoint","urlTemplate":"https:\/\/crees.org.do\/?s={search_term_string}"},"query-input":{"@type":"PropertyValueSpecification","valueRequired":true,"valueName":"search_term_string"}}],"inLanguage":"es"},{"@type":"Organization","@id":"https:\/\/crees.org.do\/#organization","name":"CREES | Centro Regional de Estrategias Econ\u00f3micas Sostenibles","url":"https:\/\/crees.org.do\/","logo":{"@type":"ImageObject","inLanguage":"es","@id":"https:\/\/crees.org.do\/#\/schema\/logo\/image\/","url":"https:\/\/crees.org.do\/wp-content\/uploads\/2022\/03\/crees-logo-1.jpg","contentUrl":"https:\/\/crees.org.do\/wp-content\/uploads\/2022\/03\/crees-logo-1.jpg","width":244,"height":71,"caption":"CREES | Centro Regional de Estrategias Econ\u00f3micas Sostenibles"},"image":{"@id":"https:\/\/crees.org.do\/#\/schema\/logo\/image\/"},"sameAs":["https:\/\/www.facebook.com\/CREESRD\/","https:\/\/x.com\/CREESRD"]},{"@type":"Person","@id":"https:\/\/crees.org.do\/#\/schema\/person\/e7f97cd94d7bf9cd0e0ce30acb7d56b8","name":"Crees","image":{"@type":"ImageObject","inLanguage":"es","@id":"https:\/\/crees.org.do\/#\/schema\/person\/image\/","url":"https:\/\/secure.gravatar.com\/avatar\/390ac8f0be5d9aa046152553e2dd7011b59a512d89c150f5e5f28bb8d9a0b165?s=96&d=mm&r=g","contentUrl":"https:\/\/secure.gravatar.com\/avatar\/390ac8f0be5d9aa046152553e2dd7011b59a512d89c150f5e5f28bb8d9a0b165?s=96&d=mm&r=g","caption":"Crees"},"url":"https:\/\/crees.org.do\/?author=2"}]}},"_links":{"self":[{"href":"https:\/\/crees.org.do\/index.php?rest_route=\/wp\/v2\/posts\/20328","targetHints":{"allow":["GET"]}}],"collection":[{"href":"https:\/\/crees.org.do\/index.php?rest_route=\/wp\/v2\/posts"}],"about":[{"href":"https:\/\/crees.org.do\/index.php?rest_route=\/wp\/v2\/types\/post"}],"author":[{"embeddable":true,"href":"https:\/\/crees.org.do\/index.php?rest_route=\/wp\/v2\/users\/2"}],"replies":[{"embeddable":true,"href":"https:\/\/crees.org.do\/index.php?rest_route=%2Fwp%2Fv2%2Fcomments&post=20328"}],"version-history":[{"count":0,"href":"https:\/\/crees.org.do\/index.php?rest_route=\/wp\/v2\/posts\/20328\/revisions"}],"wp:attachment":[{"href":"https:\/\/crees.org.do\/index.php?rest_route=%2Fwp%2Fv2%2Fmedia&parent=20328"}],"wp:term":[{"taxonomy":"category","embeddable":true,"href":"https:\/\/crees.org.do\/index.php?rest_route=%2Fwp%2Fv2%2Fcategories&post=20328"},{"taxonomy":"post_tag","embeddable":true,"href":"https:\/\/crees.org.do\/index.php?rest_route=%2Fwp%2Fv2%2Ftags&post=20328"}],"curies":[{"name":"wp","href":"https:\/\/api.w.org\/{rel}","templated":true}]}}