{"id":20331,"date":"2014-01-01T00:00:00","date_gmt":"2014-01-01T00:00:00","guid":{"rendered":"https:\/\/crees.org.do\/los-tiempos-demandan-un-mejor-curriculum-de-economia\/"},"modified":"2014-01-01T00:00:00","modified_gmt":"2014-01-01T00:00:00","slug":"los-tiempos-demandan-un-mejor-curriculum-de-economia","status":"publish","type":"post","link":"https:\/\/crees.org.do\/?p=20331","title":{"rendered":"Los tiempos demandan un mejor curr\u00edculum de econom\u00eda"},"content":{"rendered":"<p style=\"border: 0px; font-family: Arial, Helvetica, sans-serif; margin-bottom: 15px; outline: 0px; padding: 0px; vertical-align: baseline; color: rgb(20, 20, 20); line-height: 22px; text-align: justify; background-color: rgb(255, 255, 255);\"><span style=\"font-size:12px;\"><span style=\"font-family:verdana,geneva,sans-serif;\">Autor: Fernando \u00c1lvarez&nbsp;<\/span><\/span><\/p>\n<p style=\"border: 0px; font-family: Arial, Helvetica, sans-serif; margin-bottom: 15px; outline: 0px; padding: 0px; vertical-align: baseline; color: rgb(20, 20, 20); line-height: 22px; text-align: justify; background-color: rgb(255, 255, 255);\"><span style=\"font-size:12px;\"><span style=\"font-family:verdana,geneva,sans-serif;\">Fuente: <a href=\"http:\/\/hoy.com.do\/los-tiempos-demandan-un-mejor-curriculum-de-economia\/\">www.hoy.com.do<\/a><\/span><\/span><\/p>\n<p style=\"border: 0px; font-family: Arial, Helvetica, sans-serif; margin-bottom: 15px; outline: 0px; padding: 0px; vertical-align: baseline; color: rgb(20, 20, 20); line-height: 22px; text-align: justify; background-color: rgb(255, 255, 255);\"><span style=\"font-size:12px;\"><span style=\"font-family:verdana,geneva,sans-serif;\">Fecha: 10 Septiembre 2014<\/span><\/span><\/p>\n<p style=\"border: 0px; font-family: Arial, Helvetica, sans-serif; margin-bottom: 15px; outline: 0px; padding: 0px; vertical-align: baseline; color: rgb(20, 20, 20); line-height: 22px; text-align: justify; background-color: rgb(255, 255, 255);\">&nbsp;<\/p>\n<p style=\"border: 0px; font-family: Arial, Helvetica, sans-serif; margin-bottom: 15px; outline: 0px; padding: 0px; vertical-align: baseline; color: rgb(20, 20, 20); line-height: 22px; text-align: justify; background-color: rgb(255, 255, 255);\">&nbsp;<\/p>\n<p style=\"border: 0px; font-family: Arial, Helvetica, sans-serif; margin-bottom: 15px; outline: 0px; padding: 0px; vertical-align: baseline; color: rgb(20, 20, 20); line-height: 22px; text-align: justify; background-color: rgb(255, 255, 255);\"><span style=\"font-size:12px;\"><span style=\"font-family:verdana,geneva,sans-serif;\">In mem\u00f3riam<\/span><\/span><\/p>\n<p style=\"border: 0px; font-family: Arial, Helvetica, sans-serif; margin-bottom: 15px; outline: 0px; padding: 0px; vertical-align: baseline; color: rgb(20, 20, 20); line-height: 22px; text-align: justify; background-color: rgb(255, 255, 255);\"><span style=\"font-size:12px;\"><span style=\"font-family:verdana,geneva,sans-serif;\">Dr. Jos\u00e9 Luis Alem\u00e1n<\/span><\/span><\/p>\n<p style=\"border: 0px; font-family: Arial, Helvetica, sans-serif; margin-bottom: 15px; outline: 0px; padding: 0px; vertical-align: baseline; color: rgb(20, 20, 20); line-height: 22px; text-align: justify; background-color: rgb(255, 255, 255);\"><span style=\"font-size:12px;\"><span style=\"font-family:verdana,geneva,sans-serif;\">-Parte I-<\/span><\/span><\/p>\n<p style=\"border: 0px; font-family: Arial, Helvetica, sans-serif; margin-bottom: 15px; outline: 0px; padding: 0px; vertical-align: baseline; color: rgb(20, 20, 20); line-height: 22px; text-align: justify; background-color: rgb(255, 255, 255);\"><span style=\"font-size:12px;\"><span style=\"font-family:verdana,geneva,sans-serif;\">El fracaso en la predicci\u00f3n de la crisis financiera y econ\u00f3mica del 2008-2012 y la rapidez de los &ldquo;cambios disruptivos&rdquo; en tecnolog\u00eda nos condujeron a repensar la estructura del programa de Econom\u00eda. Han surgido numerosas cr\u00edticas en pro de una reforma del curr\u00edculum en las universidades de todo el mundo. Una publicaci\u00f3n del Post-Crash Economics Society de la Universidad de Manchester enumera fallos en el modelo de ense\u00f1anza, los cuales compartimos. Algunos ser\u00e1n abordados en este art\u00edculo.<\/span><\/span><\/p>\n<p style=\"border: 0px; font-family: Arial, Helvetica, sans-serif; margin-bottom: 15px; outline: 0px; padding: 0px; vertical-align: baseline; color: rgb(20, 20, 20); line-height: 22px; text-align: justify; background-color: rgb(255, 255, 255);\"><span style=\"font-size:12px;\"><span style=\"font-family:verdana,geneva,sans-serif;\">La primera cr\u00edtica a la estructura del curr\u00edculum de econom\u00eda consiste en que \u00e9ste no cubre las distintas escuelas del pensamiento econ\u00f3mico, el cual est\u00e1 articulado \u00edntimamente a otras ciencias sociales de forma sistem\u00e1tica. La ense\u00f1anza de econom\u00eda se ha realizado bajo el paradigma de un peque\u00f1o n\u00famero de teor\u00edas. Se ense\u00f1a una econom\u00eda poco pluralista y diversa; no se enfatiza el desarrollo de herramientas que permitan al estudiante evaluar, de forma cr\u00edtica, las diversas corrientes. Esto es importante pues el estudiante debe ser capaz de conocer y cuestionar los principios bajo los cuales se rigen las diversas teor\u00edas econ\u00f3micas.<\/span><\/span><\/p>\n<p style=\"border: 0px; font-family: Arial, Helvetica, sans-serif; margin-bottom: 15px; outline: 0px; padding: 0px; vertical-align: baseline; color: rgb(20, 20, 20); line-height: 22px; text-align: justify; background-color: rgb(255, 255, 255);\"><span style=\"font-size:12px;\"><span style=\"font-family:verdana,geneva,sans-serif;\">Las ideas econ\u00f3micas han evolucionado en respuesta a diversos episodios de la econom\u00eda mundial: vemos c\u00f3mo la teor\u00eda general de Keynes surge luego de la Gran Depresi\u00f3n de 1930 y, el monetarismo y la nueva macroeconom\u00eda cl\u00e1sica nacen a ra\u00edz de la estanflaci\u00f3n de los a\u00f1os 1970. Algunos estudiantes son de la opini\u00f3n de que no poseen el suficiente conocimiento sobre la gran variedad de teor\u00edas como para emprender un profundo proceso investigativo sustentado en el razonamiento cr\u00edtico y, adem\u00e1s, de que no se le est\u00e1 dando suficiente \u00e9nfasis al fuerte surgimiento de la econom\u00eda conductual. Para poder entender las teor\u00edas econ\u00f3micas, es preciso comprender en qu\u00e9 momento de la historia fueron planteadas y qu\u00e9 llev\u00f3 al desarrollo de las mismas.<\/span><\/span><\/p>\n<p style=\"border: 0px; font-family: Arial, Helvetica, sans-serif; margin-bottom: 15px; outline: 0px; padding: 0px; vertical-align: baseline; color: rgb(20, 20, 20); line-height: 22px; text-align: justify; background-color: rgb(255, 255, 255);\"><span style=\"font-size:12px;\"><span style=\"font-family:verdana,geneva,sans-serif;\">Por otra parte, la econom\u00eda es una ciencia social y no puede estar desvinculada de otras disciplinas como la \u00c9tica, Pol\u00edtica, Psicolog\u00eda, etc\u00e9tera.<\/span><\/span><\/p>\n<p style=\"border: 0px; font-family: Arial, Helvetica, sans-serif; margin-bottom: 15px; outline: 0px; padding: 0px; vertical-align: baseline; color: rgb(20, 20, 20); line-height: 22px; text-align: justify; background-color: rgb(255, 255, 255);\"><span style=\"font-size:12px;\"><span style=\"font-family:verdana,geneva,sans-serif;\">En el curr\u00edculum de econom\u00eda se le presta poca atenci\u00f3n a estas disciplinas, muchas veces son colocadas en el programa como electivas, dejando al estudiante la opci\u00f3n de no cursarlas. El graduado debe poseer una noci\u00f3n de lo que significa ser un economista \u00e9tico y las consecuencias \u00e9ticas que trae consigo una determinada pol\u00edtica econ\u00f3mica a la sociedad.<\/span><\/span><\/p>\n<p style=\"border: 0px; font-family: Arial, Helvetica, sans-serif; margin-bottom: 15px; outline: 0px; padding: 0px; vertical-align: baseline; color: rgb(20, 20, 20); line-height: 22px; text-align: justify; background-color: rgb(255, 255, 255);\"><span style=\"font-size:12px;\"><span style=\"font-family:verdana,geneva,sans-serif;\">Otra de las cr\u00edticas al curr\u00edculum de econom\u00eda se encuentra en la poca aplicaci\u00f3n de la teor\u00eda econ\u00f3mica para entender los fen\u00f3menos de la econom\u00eda actual, adem\u00e1s del poco \u00e9nfasis en la econom\u00eda internacional y su historia. A los estudiantes se les ense\u00f1an teor\u00edas y modelos matem\u00e1ticos sin mostrarles una conexi\u00f3n con las experiencias en la vida real, siendo estos incapaces de lidiar con situaciones de esa naturaleza. No solo eso, muchos de los modelos no van a la par con los recientes cambios en la econom\u00eda.<\/span><\/span><\/p>\n<p style=\"border: 0px; font-family: Arial, Helvetica, sans-serif; margin-bottom: 15px; outline: 0px; padding: 0px; vertical-align: baseline; color: rgb(20, 20, 20); line-height: 22px; text-align: justify; background-color: rgb(255, 255, 255);\"><span style=\"font-size:12px;\"><span style=\"font-family:verdana,geneva,sans-serif;\">Este punto es muy importante, pues vivimos en un tiempo en el que las grandes revoluciones (financiera, tecnol\u00f3gica, gerencial y globalizaci\u00f3n) han erosionado las barreras de entrada, permitiendo a empresas peque\u00f1as ser competitivas debido al acceso a los mismos datos con igual costo y cantidad que las empresas de mayor tama\u00f1o. Un ejemplo de este fen\u00f3meno, que denominamos econom\u00eda de la pira\u00f1a, puede ser ilustrado con el caso de Procter and Gamble (P&amp;G), uno de los m\u00e1s prestigiosos fabricantes mundiales de productos de consumo que, recientemente, anunci\u00f3 su decisi\u00f3n de deshacerse de 100 de sus marcas para centrarse en aquellas con mayor rendimiento y, por temor a que peque\u00f1as empresas utilizando la computaci\u00f3n en la nube, terminen apropi\u00e1ndose de estas.<\/span><\/span><\/p>\n<p style=\"border: 0px; font-family: Arial, Helvetica, sans-serif; margin-bottom: 15px; outline: 0px; padding: 0px; vertical-align: baseline; color: rgb(20, 20, 20); line-height: 22px; text-align: justify; background-color: rgb(255, 255, 255);\"><span style=\"font-size:12px;\"><span style=\"font-family:verdana,geneva,sans-serif;\">Con lo anterior, se confirma la importancia de actualizar el curr\u00edculum de econom\u00eda de modo que sus modelos permitan la explicaci\u00f3n de muchos de los cambios experimentados en la econom\u00eda en los \u00faltimos tiempos. En la pr\u00f3xima entrega expondremos algunas de las propuestas realizadas para la reforma del programa de Econom\u00eda.<\/span><\/span><\/p>\n<p style=\"border: 0px; font-family: Arial, Helvetica, sans-serif; margin-bottom: 15px; outline: 0px; padding: 0px; vertical-align: baseline; color: rgb(20, 20, 20); line-height: 22px; text-align: justify; background-color: rgb(255, 255, 255);\"><span style=\"font-size:12px;\"><span style=\"font-family:verdana,geneva,sans-serif;\">Investigadores asociados:<\/span><\/span><\/p>\n<p style=\"border: 0px; font-family: Arial, Helvetica, sans-serif; margin-bottom: 15px; outline: 0px; padding: 0px; vertical-align: baseline; color: rgb(20, 20, 20); line-height: 22px; text-align: justify; background-color: rgb(255, 255, 255);\"><span style=\"font-size:12px;\"><span style=\"font-family:verdana,geneva,sans-serif;\">Iv\u00e1n Kim<\/span><\/span><\/p>\n<p style=\"border: 0px; font-family: Arial, Helvetica, sans-serif; margin-bottom: 15px; outline: 0px; padding: 0px; vertical-align: baseline; color: rgb(20, 20, 20); line-height: 22px; text-align: justify; background-color: rgb(255, 255, 255);\"><span style=\"font-size:12px;\"><span style=\"font-family:verdana,geneva,sans-serif;\">Ledys F\u00e9liz<\/span><\/span><\/p>\n<p style=\"border: 0px; font-family: Arial, Helvetica, sans-serif; margin-bottom: 15px; outline: 0px; padding: 0px; vertical-align: baseline; color: rgb(20, 20, 20); line-height: 22px; text-align: justify; background-color: rgb(255, 255, 255);\"><span style=\"font-size:12px;\"><span style=\"font-family:verdana,geneva,sans-serif;\">Andrea Taveras.<\/span><\/span><\/p>\n<div class=\"pvc_clear\"><\/div>\n<p class=\"pvc_stats all \" data-element-id=\"20331\" style=\"\"><i class=\"pvc-stats-icon medium\" aria-hidden=\"true\"><svg aria-hidden=\"true\" focusable=\"false\" data-prefix=\"far\" data-icon=\"chart-bar\" role=\"img\" xmlns=\"http:\/\/www.w3.org\/2000\/svg\" viewBox=\"0 0 512 512\" class=\"svg-inline--fa fa-chart-bar fa-w-16 fa-2x\"><path fill=\"currentColor\" d=\"M396.8 352h22.4c6.4 0 12.8-6.4 12.8-12.8V108.8c0-6.4-6.4-12.8-12.8-12.8h-22.4c-6.4 0-12.8 6.4-12.8 12.8v230.4c0 6.4 6.4 12.8 12.8 12.8zm-192 0h22.4c6.4 0 12.8-6.4 12.8-12.8V140.8c0-6.4-6.4-12.8-12.8-12.8h-22.4c-6.4 0-12.8 6.4-12.8 12.8v198.4c0 6.4 6.4 12.8 12.8 12.8zm96 0h22.4c6.4 0 12.8-6.4 12.8-12.8V204.8c0-6.4-6.4-12.8-12.8-12.8h-22.4c-6.4 0-12.8 6.4-12.8 12.8v134.4c0 6.4 6.4 12.8 12.8 12.8zM496 400H48V80c0-8.84-7.16-16-16-16H16C7.16 64 0 71.16 0 80v336c0 17.67 14.33 32 32 32h464c8.84 0 16-7.16 16-16v-16c0-8.84-7.16-16-16-16zm-387.2-48h22.4c6.4 0 12.8-6.4 12.8-12.8v-70.4c0-6.4-6.4-12.8-12.8-12.8h-22.4c-6.4 0-12.8 6.4-12.8 12.8v70.4c0 6.4 6.4 12.8 12.8 12.8z\" class=\"\"><\/path><\/svg><\/i> Vistas Totales&nbsp;314&nbsp;, Vistas Hoy&nbsp;3&nbsp;<\/p>\n<div class=\"pvc_clear\"><\/div>\n","protected":false},"excerpt":{"rendered":"<p>Autor: Fernando \u00c1lvarez Fuente: www.hoy.com.doFecha: 10 Septiembre 2014In mem\u00f3riamDr. Jos\u00e9 Luis Alem\u00e1n-Parte I-El fracaso en la predicci\u00f3n de la crisis financiera y econ\u00f3mica del 2008-2012 y la rapidez de los \u201ccambios disruptivos\u201d en tecnolog\u00eda nos condujeron a repensar la estructura del programa de Econom\u00eda. Han surgido numerosas cr\u00edticas en pro de una reforma del curr\u00edculum en las universidades de todo el mundo. Una publicaci\u00f3n del Post-Crash Economics Society de la Universidad de Manchester enumera fallos en el modelo de ense\u00f1anza, los cuales compartimos. Algunos ser\u00e1n abordados en este art\u00edculo.<\/p>\n<div class=\"pvc_clear\"><\/div>\n<p class=\"pvc_stats all \" data-element-id=\"20331\" style=\"\"><i class=\"pvc-stats-icon medium\" aria-hidden=\"true\"><svg aria-hidden=\"true\" focusable=\"false\" data-prefix=\"far\" data-icon=\"chart-bar\" role=\"img\" xmlns=\"http:\/\/www.w3.org\/2000\/svg\" viewBox=\"0 0 512 512\" class=\"svg-inline--fa fa-chart-bar fa-w-16 fa-2x\"><path fill=\"currentColor\" d=\"M396.8 352h22.4c6.4 0 12.8-6.4 12.8-12.8V108.8c0-6.4-6.4-12.8-12.8-12.8h-22.4c-6.4 0-12.8 6.4-12.8 12.8v230.4c0 6.4 6.4 12.8 12.8 12.8zm-192 0h22.4c6.4 0 12.8-6.4 12.8-12.8V140.8c0-6.4-6.4-12.8-12.8-12.8h-22.4c-6.4 0-12.8 6.4-12.8 12.8v198.4c0 6.4 6.4 12.8 12.8 12.8zm96 0h22.4c6.4 0 12.8-6.4 12.8-12.8V204.8c0-6.4-6.4-12.8-12.8-12.8h-22.4c-6.4 0-12.8 6.4-12.8 12.8v134.4c0 6.4 6.4 12.8 12.8 12.8zM496 400H48V80c0-8.84-7.16-16-16-16H16C7.16 64 0 71.16 0 80v336c0 17.67 14.33 32 32 32h464c8.84 0 16-7.16 16-16v-16c0-8.84-7.16-16-16-16zm-387.2-48h22.4c6.4 0 12.8-6.4 12.8-12.8v-70.4c0-6.4-6.4-12.8-12.8-12.8h-22.4c-6.4 0-12.8 6.4-12.8 12.8v70.4c0 6.4 6.4 12.8 12.8 12.8z\" class=\"\"><\/path><\/svg><\/i> Vistas Totales&nbsp;314&nbsp;, Vistas Hoy&nbsp;3&nbsp;<\/p>\n<div class=\"pvc_clear\"><\/div>\n","protected":false},"author":2,"featured_media":0,"comment_status":"open","ping_status":"open","sticky":false,"template":"","format":"standard","meta":{"footnotes":""},"categories":[21],"tags":[],"class_list":["post-20331","post","type-post","status-publish","format-standard","hentry","category-blog"],"yoast_head":"<!-- This site is optimized with the Yoast SEO plugin v25.2 - https:\/\/yoast.com\/wordpress\/plugins\/seo\/ -->\n<title>Los tiempos demandan un mejor curr\u00edculum de econom\u00eda | CREES<\/title>\n<meta name=\"robots\" content=\"index, follow, max-snippet:-1, max-image-preview:large, max-video-preview:-1\" \/>\n<link rel=\"canonical\" href=\"https:\/\/crees.org.do\/?p=20331\" \/>\n<meta property=\"og:locale\" content=\"es_ES\" \/>\n<meta property=\"og:type\" content=\"article\" \/>\n<meta property=\"og:title\" content=\"Los tiempos demandan un mejor curr\u00edculum de econom\u00eda | CREES\" \/>\n<meta property=\"og:description\" content=\"Autor: Fernando \u00c1lvarez Fuente: www.hoy.com.doFecha: 10 Septiembre 2014In mem\u00f3riamDr. Jos\u00e9 Luis Alem\u00e1n-Parte I-El fracaso en la predicci\u00f3n de la crisis financiera y econ\u00f3mica del 2008-2012 y la rapidez de los \u201ccambios disruptivos\u201d en tecnolog\u00eda nos condujeron a repensar la estructura del programa de Econom\u00eda. Han surgido numerosas cr\u00edticas en pro de una reforma del curr\u00edculum en las universidades de todo el mundo. Una publicaci\u00f3n del Post-Crash Economics Society de la Universidad de Manchester enumera fallos en el modelo de ense\u00f1anza, los cuales compartimos. Algunos ser\u00e1n abordados en este art\u00edculo.\" \/>\n<meta property=\"og:url\" content=\"https:\/\/crees.org.do\/?p=20331\" \/>\n<meta property=\"og:site_name\" content=\"CREES\" \/>\n<meta property=\"article:publisher\" content=\"https:\/\/www.facebook.com\/CREESRD\/\" \/>\n<meta property=\"article:published_time\" content=\"2014-01-01T00:00:00+00:00\" \/>\n<meta property=\"og:image\" content=\"https:\/\/crees.org.do\/wp-content\/uploads\/2022\/03\/crees-logo-1.jpg\" \/>\n\t<meta property=\"og:image:width\" content=\"244\" \/>\n\t<meta property=\"og:image:height\" content=\"71\" \/>\n\t<meta property=\"og:image:type\" content=\"image\/jpeg\" \/>\n<meta name=\"author\" content=\"Crees\" \/>\n<meta name=\"twitter:card\" content=\"summary_large_image\" \/>\n<meta name=\"twitter:creator\" content=\"@CREESRD\" \/>\n<meta name=\"twitter:site\" content=\"@CREESRD\" \/>\n<meta name=\"twitter:label1\" content=\"Escrito por\" \/>\n\t<meta name=\"twitter:data1\" content=\"Crees\" \/>\n\t<meta name=\"twitter:label2\" content=\"Tiempo de lectura\" \/>\n\t<meta name=\"twitter:data2\" content=\"4 minutos\" \/>\n<script type=\"application\/ld+json\" class=\"yoast-schema-graph\">{\"@context\":\"https:\/\/schema.org\",\"@graph\":[{\"@type\":\"Article\",\"@id\":\"https:\/\/crees.org.do\/?p=20331#article\",\"isPartOf\":{\"@id\":\"https:\/\/crees.org.do\/?p=20331\"},\"author\":{\"name\":\"Crees\",\"@id\":\"https:\/\/crees.org.do\/#\/schema\/person\/e7f97cd94d7bf9cd0e0ce30acb7d56b8\"},\"headline\":\"Los tiempos demandan un mejor curr\u00edculum de econom\u00eda\",\"datePublished\":\"2014-01-01T00:00:00+00:00\",\"mainEntityOfPage\":{\"@id\":\"https:\/\/crees.org.do\/?p=20331\"},\"wordCount\":767,\"commentCount\":0,\"publisher\":{\"@id\":\"https:\/\/crees.org.do\/#organization\"},\"articleSection\":[\"Blog\"],\"inLanguage\":\"es\"},{\"@type\":\"WebPage\",\"@id\":\"https:\/\/crees.org.do\/?p=20331\",\"url\":\"https:\/\/crees.org.do\/?p=20331\",\"name\":\"Los tiempos demandan un mejor curr\u00edculum de econom\u00eda | CREES\",\"isPartOf\":{\"@id\":\"https:\/\/crees.org.do\/#website\"},\"datePublished\":\"2014-01-01T00:00:00+00:00\",\"breadcrumb\":{\"@id\":\"https:\/\/crees.org.do\/?p=20331#breadcrumb\"},\"inLanguage\":\"es\",\"potentialAction\":[{\"@type\":\"ReadAction\",\"target\":[\"https:\/\/crees.org.do\/?p=20331\"]}]},{\"@type\":\"BreadcrumbList\",\"@id\":\"https:\/\/crees.org.do\/?p=20331#breadcrumb\",\"itemListElement\":[{\"@type\":\"ListItem\",\"position\":1,\"name\":\"Portada\",\"item\":\"https:\/\/crees.org.do\/\"},{\"@type\":\"ListItem\",\"position\":2,\"name\":\"Los tiempos demandan un mejor curr\u00edculum de econom\u00eda\"}]},{\"@type\":\"WebSite\",\"@id\":\"https:\/\/crees.org.do\/#website\",\"url\":\"https:\/\/crees.org.do\/\",\"name\":\"CREES\",\"description\":\"Centro Regional de Estrategias Econ\u00f3micas Sostenibles\",\"publisher\":{\"@id\":\"https:\/\/crees.org.do\/#organization\"},\"potentialAction\":[{\"@type\":\"SearchAction\",\"target\":{\"@type\":\"EntryPoint\",\"urlTemplate\":\"https:\/\/crees.org.do\/?s={search_term_string}\"},\"query-input\":{\"@type\":\"PropertyValueSpecification\",\"valueRequired\":true,\"valueName\":\"search_term_string\"}}],\"inLanguage\":\"es\"},{\"@type\":\"Organization\",\"@id\":\"https:\/\/crees.org.do\/#organization\",\"name\":\"CREES | Centro Regional de Estrategias Econ\u00f3micas Sostenibles\",\"url\":\"https:\/\/crees.org.do\/\",\"logo\":{\"@type\":\"ImageObject\",\"inLanguage\":\"es\",\"@id\":\"https:\/\/crees.org.do\/#\/schema\/logo\/image\/\",\"url\":\"https:\/\/crees.org.do\/wp-content\/uploads\/2022\/03\/crees-logo-1.jpg\",\"contentUrl\":\"https:\/\/crees.org.do\/wp-content\/uploads\/2022\/03\/crees-logo-1.jpg\",\"width\":244,\"height\":71,\"caption\":\"CREES | Centro Regional de Estrategias Econ\u00f3micas Sostenibles\"},\"image\":{\"@id\":\"https:\/\/crees.org.do\/#\/schema\/logo\/image\/\"},\"sameAs\":[\"https:\/\/www.facebook.com\/CREESRD\/\",\"https:\/\/x.com\/CREESRD\"]},{\"@type\":\"Person\",\"@id\":\"https:\/\/crees.org.do\/#\/schema\/person\/e7f97cd94d7bf9cd0e0ce30acb7d56b8\",\"name\":\"Crees\",\"image\":{\"@type\":\"ImageObject\",\"inLanguage\":\"es\",\"@id\":\"https:\/\/crees.org.do\/#\/schema\/person\/image\/\",\"url\":\"https:\/\/secure.gravatar.com\/avatar\/390ac8f0be5d9aa046152553e2dd7011b59a512d89c150f5e5f28bb8d9a0b165?s=96&d=mm&r=g\",\"contentUrl\":\"https:\/\/secure.gravatar.com\/avatar\/390ac8f0be5d9aa046152553e2dd7011b59a512d89c150f5e5f28bb8d9a0b165?s=96&d=mm&r=g\",\"caption\":\"Crees\"},\"url\":\"https:\/\/crees.org.do\/?author=2\"}]}<\/script>\n<!-- \/ Yoast SEO plugin. -->","yoast_head_json":{"title":"Los tiempos demandan un mejor curr\u00edculum de econom\u00eda | CREES","robots":{"index":"index","follow":"follow","max-snippet":"max-snippet:-1","max-image-preview":"max-image-preview:large","max-video-preview":"max-video-preview:-1"},"canonical":"https:\/\/crees.org.do\/?p=20331","og_locale":"es_ES","og_type":"article","og_title":"Los tiempos demandan un mejor curr\u00edculum de econom\u00eda | CREES","og_description":"Autor: Fernando \u00c1lvarez Fuente: www.hoy.com.doFecha: 10 Septiembre 2014In mem\u00f3riamDr. Jos\u00e9 Luis Alem\u00e1n-Parte I-El fracaso en la predicci\u00f3n de la crisis financiera y econ\u00f3mica del 2008-2012 y la rapidez de los \u201ccambios disruptivos\u201d en tecnolog\u00eda nos condujeron a repensar la estructura del programa de Econom\u00eda. Han surgido numerosas cr\u00edticas en pro de una reforma del curr\u00edculum en las universidades de todo el mundo. Una publicaci\u00f3n del Post-Crash Economics Society de la Universidad de Manchester enumera fallos en el modelo de ense\u00f1anza, los cuales compartimos. Algunos ser\u00e1n abordados en este art\u00edculo.","og_url":"https:\/\/crees.org.do\/?p=20331","og_site_name":"CREES","article_publisher":"https:\/\/www.facebook.com\/CREESRD\/","article_published_time":"2014-01-01T00:00:00+00:00","og_image":[{"width":244,"height":71,"url":"https:\/\/crees.org.do\/wp-content\/uploads\/2022\/03\/crees-logo-1.jpg","type":"image\/jpeg"}],"author":"Crees","twitter_card":"summary_large_image","twitter_creator":"@CREESRD","twitter_site":"@CREESRD","twitter_misc":{"Escrito por":"Crees","Tiempo de lectura":"4 minutos"},"schema":{"@context":"https:\/\/schema.org","@graph":[{"@type":"Article","@id":"https:\/\/crees.org.do\/?p=20331#article","isPartOf":{"@id":"https:\/\/crees.org.do\/?p=20331"},"author":{"name":"Crees","@id":"https:\/\/crees.org.do\/#\/schema\/person\/e7f97cd94d7bf9cd0e0ce30acb7d56b8"},"headline":"Los tiempos demandan un mejor curr\u00edculum de econom\u00eda","datePublished":"2014-01-01T00:00:00+00:00","mainEntityOfPage":{"@id":"https:\/\/crees.org.do\/?p=20331"},"wordCount":767,"commentCount":0,"publisher":{"@id":"https:\/\/crees.org.do\/#organization"},"articleSection":["Blog"],"inLanguage":"es"},{"@type":"WebPage","@id":"https:\/\/crees.org.do\/?p=20331","url":"https:\/\/crees.org.do\/?p=20331","name":"Los tiempos demandan un mejor curr\u00edculum de econom\u00eda | CREES","isPartOf":{"@id":"https:\/\/crees.org.do\/#website"},"datePublished":"2014-01-01T00:00:00+00:00","breadcrumb":{"@id":"https:\/\/crees.org.do\/?p=20331#breadcrumb"},"inLanguage":"es","potentialAction":[{"@type":"ReadAction","target":["https:\/\/crees.org.do\/?p=20331"]}]},{"@type":"BreadcrumbList","@id":"https:\/\/crees.org.do\/?p=20331#breadcrumb","itemListElement":[{"@type":"ListItem","position":1,"name":"Portada","item":"https:\/\/crees.org.do\/"},{"@type":"ListItem","position":2,"name":"Los tiempos demandan un mejor curr\u00edculum de econom\u00eda"}]},{"@type":"WebSite","@id":"https:\/\/crees.org.do\/#website","url":"https:\/\/crees.org.do\/","name":"CREES","description":"Centro Regional de Estrategias Econ\u00f3micas Sostenibles","publisher":{"@id":"https:\/\/crees.org.do\/#organization"},"potentialAction":[{"@type":"SearchAction","target":{"@type":"EntryPoint","urlTemplate":"https:\/\/crees.org.do\/?s={search_term_string}"},"query-input":{"@type":"PropertyValueSpecification","valueRequired":true,"valueName":"search_term_string"}}],"inLanguage":"es"},{"@type":"Organization","@id":"https:\/\/crees.org.do\/#organization","name":"CREES | Centro Regional de Estrategias Econ\u00f3micas Sostenibles","url":"https:\/\/crees.org.do\/","logo":{"@type":"ImageObject","inLanguage":"es","@id":"https:\/\/crees.org.do\/#\/schema\/logo\/image\/","url":"https:\/\/crees.org.do\/wp-content\/uploads\/2022\/03\/crees-logo-1.jpg","contentUrl":"https:\/\/crees.org.do\/wp-content\/uploads\/2022\/03\/crees-logo-1.jpg","width":244,"height":71,"caption":"CREES | Centro Regional de Estrategias Econ\u00f3micas Sostenibles"},"image":{"@id":"https:\/\/crees.org.do\/#\/schema\/logo\/image\/"},"sameAs":["https:\/\/www.facebook.com\/CREESRD\/","https:\/\/x.com\/CREESRD"]},{"@type":"Person","@id":"https:\/\/crees.org.do\/#\/schema\/person\/e7f97cd94d7bf9cd0e0ce30acb7d56b8","name":"Crees","image":{"@type":"ImageObject","inLanguage":"es","@id":"https:\/\/crees.org.do\/#\/schema\/person\/image\/","url":"https:\/\/secure.gravatar.com\/avatar\/390ac8f0be5d9aa046152553e2dd7011b59a512d89c150f5e5f28bb8d9a0b165?s=96&d=mm&r=g","contentUrl":"https:\/\/secure.gravatar.com\/avatar\/390ac8f0be5d9aa046152553e2dd7011b59a512d89c150f5e5f28bb8d9a0b165?s=96&d=mm&r=g","caption":"Crees"},"url":"https:\/\/crees.org.do\/?author=2"}]}},"_links":{"self":[{"href":"https:\/\/crees.org.do\/index.php?rest_route=\/wp\/v2\/posts\/20331","targetHints":{"allow":["GET"]}}],"collection":[{"href":"https:\/\/crees.org.do\/index.php?rest_route=\/wp\/v2\/posts"}],"about":[{"href":"https:\/\/crees.org.do\/index.php?rest_route=\/wp\/v2\/types\/post"}],"author":[{"embeddable":true,"href":"https:\/\/crees.org.do\/index.php?rest_route=\/wp\/v2\/users\/2"}],"replies":[{"embeddable":true,"href":"https:\/\/crees.org.do\/index.php?rest_route=%2Fwp%2Fv2%2Fcomments&post=20331"}],"version-history":[{"count":0,"href":"https:\/\/crees.org.do\/index.php?rest_route=\/wp\/v2\/posts\/20331\/revisions"}],"wp:attachment":[{"href":"https:\/\/crees.org.do\/index.php?rest_route=%2Fwp%2Fv2%2Fmedia&parent=20331"}],"wp:term":[{"taxonomy":"category","embeddable":true,"href":"https:\/\/crees.org.do\/index.php?rest_route=%2Fwp%2Fv2%2Fcategories&post=20331"},{"taxonomy":"post_tag","embeddable":true,"href":"https:\/\/crees.org.do\/index.php?rest_route=%2Fwp%2Fv2%2Ftags&post=20331"}],"curies":[{"name":"wp","href":"https:\/\/api.w.org\/{rel}","templated":true}]}}