{"id":20338,"date":"2014-01-01T00:00:00","date_gmt":"2014-01-01T00:00:00","guid":{"rendered":"https:\/\/crees.org.do\/base-de-datos-del-bc-debe-ser-abierta-al-publico\/"},"modified":"2014-01-01T00:00:00","modified_gmt":"2014-01-01T00:00:00","slug":"base-de-datos-del-bc-debe-ser-abierta-al-publico","status":"publish","type":"post","link":"https:\/\/crees.org.do\/?p=20338","title":{"rendered":"Base de datos del BC debe ser abierta al p\u00fablico"},"content":{"rendered":"<p style=\"border: 0px; font-family: Arial, Helvetica, sans-serif; margin-bottom: 15px; outline: 0px; padding: 0px; vertical-align: baseline; color: rgb(20, 20, 20); line-height: 22px; text-align: justify; background-color: rgb(255, 255, 255);\"><span style=\"font-size:12px;\"><span style=\"font-family:verdana,geneva,sans-serif;\">Autora: Mayelin Acosta Guzm\u00e1n<\/span><\/span><\/p>\n<p style=\"border: 0px; font-family: Arial, Helvetica, sans-serif; margin-bottom: 15px; outline: 0px; padding: 0px; vertical-align: baseline; color: rgb(20, 20, 20); line-height: 22px; text-align: justify; background-color: rgb(255, 255, 255);\"><span style=\"font-size:12px;\"><span style=\"font-family:verdana,geneva,sans-serif;\">Fuente: <a href=\"http:\/\/hoy.com.do\/base-de-datos-del-bc-debe-ser-abierta-al-publico\/\">www.hoy.com.do<\/a><\/span><\/span><\/p>\n<p style=\"border: 0px; font-family: Arial, Helvetica, sans-serif; margin-bottom: 15px; outline: 0px; padding: 0px; vertical-align: baseline; color: rgb(20, 20, 20); line-height: 22px; text-align: justify; background-color: rgb(255, 255, 255);\"><span style=\"font-size:12px;\"><span style=\"font-family:verdana,geneva,sans-serif;\">Fecha: 22 Septiembre 2014<\/span><\/span><\/p>\n<p style=\"border: 0px; font-family: Arial, Helvetica, sans-serif; margin-bottom: 15px; outline: 0px; padding: 0px; vertical-align: baseline; color: rgb(20, 20, 20); line-height: 22px; text-align: justify; background-color: rgb(255, 255, 255);\">&nbsp;<\/p>\n<p style=\"border: 0px; font-family: Arial, Helvetica, sans-serif; margin-bottom: 15px; outline: 0px; padding: 0px; vertical-align: baseline; color: rgb(20, 20, 20); line-height: 22px; text-align: justify; background-color: rgb(255, 255, 255);\"><span style=\"font-size:12px;\"><span style=\"font-family:verdana,geneva,sans-serif;\">Centro Regional de Estrategias Econ\u00f3micas Sostenibles (CREES) exhorta que la base de datos del Banco Central para calcular el Producto Interno Bruto (PIB) sea abierto para que el p\u00fablico tenga acceso a las mismas y haya m\u00e1s transparencia.<\/span><\/span><\/p>\n<p style=\"border: 0px; font-family: Arial, Helvetica, sans-serif; margin-bottom: 15px; outline: 0px; padding: 0px; vertical-align: baseline; color: rgb(20, 20, 20); line-height: 22px; text-align: justify; background-color: rgb(255, 255, 255);\"><span style=\"font-size:12px;\"><span style=\"font-family:verdana,geneva,sans-serif;\">El vicepresidente ejecutivo de la CREES, Ernesto Selman, expres\u00f3 que entiende la metodolog\u00eda macro que se us\u00f3 ahora con el cambio de a\u00f1o base para el c\u00e1lculo de las Cuentas Nacionales, pero los n\u00fameros utilizados se desconocen, por lo que entiende que estos deber\u00edan ser de uso p\u00fablico, lo cual evitar\u00eda las especulaciones.<\/span><\/span><\/p>\n<p style=\"border: 0px; font-family: Arial, Helvetica, sans-serif; margin-bottom: 15px; outline: 0px; padding: 0px; vertical-align: baseline; color: rgb(20, 20, 20); line-height: 22px; text-align: justify; background-color: rgb(255, 255, 255);\"><span style=\"font-size:12px;\"><span style=\"font-family:verdana,geneva,sans-serif;\">&ldquo;Abriendo la base de datos se elimina toda esta especulaci\u00f3n o critica o como quieran llamarla y es bueno entender que esa es informaci\u00f3n que debe ser de dominio p\u00fablico&rdquo;, dijo, a la vez que expres\u00f3 que entiende que hay avance con esta nueva metodolog\u00eda.<\/span><\/span><\/p>\n<p style=\"border: 0px; font-family: Arial, Helvetica, sans-serif; margin-bottom: 15px; outline: 0px; padding: 0px; vertical-align: baseline; color: rgb(20, 20, 20); line-height: 22px; text-align: justify; background-color: rgb(255, 255, 255);\"><span style=\"font-size:12px;\"><span style=\"font-family:verdana,geneva,sans-serif;\">Selman se\u00f1al\u00f3 que hay un proyecto de ley desde el 2008 de que se convierta a la Oficina Nacional de Estad\u00edsticas (ONE) en el Instituto Nacional de Estad\u00edsticas, con personalidad jur\u00eddica e independiente, y dijo que entiende es una necesidad que se retome ese proyecto de ley. Pero insisti\u00f3 que sin importar donde sean manejadas las estad\u00edsticas debe haber transparencia y acceso a las informaci\u00f3n para los analistas.<\/span><\/span><\/p>\n<p style=\"border: 0px; font-family: Arial, Helvetica, sans-serif; margin-bottom: 15px; outline: 0px; padding: 0px; vertical-align: baseline; color: rgb(20, 20, 20); line-height: 22px; text-align: justify; background-color: rgb(255, 255, 255);\"><span style=\"font-size:12px;\"><span style=\"font-family:verdana,geneva,sans-serif;\">El economista de la CREES, Miguel Collado, expres\u00f3 que no hay consistencia en las estad\u00edsticas con la nueva medici\u00f3n implementada por el BC, en especial un crecimiento tan alto de 7% en el primer semestre de este a\u00f1o.<\/span><\/span><\/p>\n<div class=\"pvc_clear\"><\/div>\n<p class=\"pvc_stats all \" data-element-id=\"20338\" style=\"\"><i class=\"pvc-stats-icon medium\" aria-hidden=\"true\"><svg aria-hidden=\"true\" focusable=\"false\" data-prefix=\"far\" data-icon=\"chart-bar\" role=\"img\" xmlns=\"http:\/\/www.w3.org\/2000\/svg\" viewBox=\"0 0 512 512\" class=\"svg-inline--fa fa-chart-bar fa-w-16 fa-2x\"><path fill=\"currentColor\" d=\"M396.8 352h22.4c6.4 0 12.8-6.4 12.8-12.8V108.8c0-6.4-6.4-12.8-12.8-12.8h-22.4c-6.4 0-12.8 6.4-12.8 12.8v230.4c0 6.4 6.4 12.8 12.8 12.8zm-192 0h22.4c6.4 0 12.8-6.4 12.8-12.8V140.8c0-6.4-6.4-12.8-12.8-12.8h-22.4c-6.4 0-12.8 6.4-12.8 12.8v198.4c0 6.4 6.4 12.8 12.8 12.8zm96 0h22.4c6.4 0 12.8-6.4 12.8-12.8V204.8c0-6.4-6.4-12.8-12.8-12.8h-22.4c-6.4 0-12.8 6.4-12.8 12.8v134.4c0 6.4 6.4 12.8 12.8 12.8zM496 400H48V80c0-8.84-7.16-16-16-16H16C7.16 64 0 71.16 0 80v336c0 17.67 14.33 32 32 32h464c8.84 0 16-7.16 16-16v-16c0-8.84-7.16-16-16-16zm-387.2-48h22.4c6.4 0 12.8-6.4 12.8-12.8v-70.4c0-6.4-6.4-12.8-12.8-12.8h-22.4c-6.4 0-12.8 6.4-12.8 12.8v70.4c0 6.4 6.4 12.8 12.8 12.8z\" class=\"\"><\/path><\/svg><\/i> Vistas Totales&nbsp;304&nbsp;, Vistas Hoy&nbsp;6&nbsp;<\/p>\n<div class=\"pvc_clear\"><\/div>\n","protected":false},"excerpt":{"rendered":"<p>Autora: Mayelin Acosta Guzm\u00e1nFuente: www.hoy.com.doFecha: 22 Septiembre 2014Centro Regional de Estrategias Econ\u00f3micas Sostenibles (CREES) exhorta que la base de datos del Banco Central para calcular el Producto Interno Bruto (PIB) sea abierto para que el p\u00fablico tenga acceso a las mismas y haya m\u00e1s transparencia.<\/p>\n<div class=\"pvc_clear\"><\/div>\n<p class=\"pvc_stats all \" data-element-id=\"20338\" style=\"\"><i class=\"pvc-stats-icon medium\" aria-hidden=\"true\"><svg aria-hidden=\"true\" focusable=\"false\" data-prefix=\"far\" data-icon=\"chart-bar\" role=\"img\" xmlns=\"http:\/\/www.w3.org\/2000\/svg\" viewBox=\"0 0 512 512\" class=\"svg-inline--fa fa-chart-bar fa-w-16 fa-2x\"><path fill=\"currentColor\" d=\"M396.8 352h22.4c6.4 0 12.8-6.4 12.8-12.8V108.8c0-6.4-6.4-12.8-12.8-12.8h-22.4c-6.4 0-12.8 6.4-12.8 12.8v230.4c0 6.4 6.4 12.8 12.8 12.8zm-192 0h22.4c6.4 0 12.8-6.4 12.8-12.8V140.8c0-6.4-6.4-12.8-12.8-12.8h-22.4c-6.4 0-12.8 6.4-12.8 12.8v198.4c0 6.4 6.4 12.8 12.8 12.8zm96 0h22.4c6.4 0 12.8-6.4 12.8-12.8V204.8c0-6.4-6.4-12.8-12.8-12.8h-22.4c-6.4 0-12.8 6.4-12.8 12.8v134.4c0 6.4 6.4 12.8 12.8 12.8zM496 400H48V80c0-8.84-7.16-16-16-16H16C7.16 64 0 71.16 0 80v336c0 17.67 14.33 32 32 32h464c8.84 0 16-7.16 16-16v-16c0-8.84-7.16-16-16-16zm-387.2-48h22.4c6.4 0 12.8-6.4 12.8-12.8v-70.4c0-6.4-6.4-12.8-12.8-12.8h-22.4c-6.4 0-12.8 6.4-12.8 12.8v70.4c0 6.4 6.4 12.8 12.8 12.8z\" class=\"\"><\/path><\/svg><\/i> Vistas Totales&nbsp;304&nbsp;, Vistas Hoy&nbsp;6&nbsp;<\/p>\n<div class=\"pvc_clear\"><\/div>\n","protected":false},"author":2,"featured_media":0,"comment_status":"open","ping_status":"open","sticky":false,"template":"","format":"standard","meta":{"footnotes":""},"categories":[21],"tags":[],"class_list":["post-20338","post","type-post","status-publish","format-standard","hentry","category-blog"],"yoast_head":"<!-- This site is optimized with the Yoast SEO plugin v25.2 - https:\/\/yoast.com\/wordpress\/plugins\/seo\/ -->\n<title>Base de datos del BC debe ser abierta al p\u00fablico | CREES<\/title>\n<meta name=\"robots\" content=\"index, follow, max-snippet:-1, max-image-preview:large, max-video-preview:-1\" \/>\n<link rel=\"canonical\" href=\"https:\/\/crees.org.do\/?p=20338\" \/>\n<meta property=\"og:locale\" content=\"es_ES\" \/>\n<meta property=\"og:type\" content=\"article\" \/>\n<meta property=\"og:title\" content=\"Base de datos del BC debe ser abierta al p\u00fablico | CREES\" \/>\n<meta property=\"og:description\" content=\"Autora: Mayelin Acosta Guzm\u00e1nFuente: www.hoy.com.doFecha: 22 Septiembre 2014Centro Regional de Estrategias Econ\u00f3micas Sostenibles (CREES) exhorta que la base de datos del Banco Central para calcular el Producto Interno Bruto (PIB) sea abierto para que el p\u00fablico tenga acceso a las mismas y haya m\u00e1s transparencia.\" \/>\n<meta property=\"og:url\" content=\"https:\/\/crees.org.do\/?p=20338\" \/>\n<meta property=\"og:site_name\" content=\"CREES\" \/>\n<meta property=\"article:publisher\" content=\"https:\/\/www.facebook.com\/CREESRD\/\" \/>\n<meta property=\"article:published_time\" content=\"2014-01-01T00:00:00+00:00\" \/>\n<meta property=\"og:image\" content=\"https:\/\/crees.org.do\/wp-content\/uploads\/2022\/03\/crees-logo-1.jpg\" \/>\n\t<meta property=\"og:image:width\" content=\"244\" \/>\n\t<meta property=\"og:image:height\" content=\"71\" \/>\n\t<meta property=\"og:image:type\" content=\"image\/jpeg\" \/>\n<meta name=\"author\" content=\"Crees\" \/>\n<meta name=\"twitter:card\" content=\"summary_large_image\" \/>\n<meta name=\"twitter:creator\" content=\"@CREESRD\" \/>\n<meta name=\"twitter:site\" content=\"@CREESRD\" \/>\n<meta name=\"twitter:label1\" content=\"Escrito por\" \/>\n\t<meta name=\"twitter:data1\" content=\"Crees\" \/>\n\t<meta name=\"twitter:label2\" content=\"Tiempo de lectura\" \/>\n\t<meta name=\"twitter:data2\" content=\"1 minuto\" \/>\n<script type=\"application\/ld+json\" class=\"yoast-schema-graph\">{\"@context\":\"https:\/\/schema.org\",\"@graph\":[{\"@type\":\"Article\",\"@id\":\"https:\/\/crees.org.do\/?p=20338#article\",\"isPartOf\":{\"@id\":\"https:\/\/crees.org.do\/?p=20338\"},\"author\":{\"name\":\"Crees\",\"@id\":\"https:\/\/crees.org.do\/#\/schema\/person\/e7f97cd94d7bf9cd0e0ce30acb7d56b8\"},\"headline\":\"Base de datos del BC debe ser abierta al p\u00fablico\",\"datePublished\":\"2014-01-01T00:00:00+00:00\",\"mainEntityOfPage\":{\"@id\":\"https:\/\/crees.org.do\/?p=20338\"},\"wordCount\":289,\"commentCount\":0,\"publisher\":{\"@id\":\"https:\/\/crees.org.do\/#organization\"},\"articleSection\":[\"Blog\"],\"inLanguage\":\"es\"},{\"@type\":\"WebPage\",\"@id\":\"https:\/\/crees.org.do\/?p=20338\",\"url\":\"https:\/\/crees.org.do\/?p=20338\",\"name\":\"Base de datos del BC debe ser abierta al p\u00fablico | CREES\",\"isPartOf\":{\"@id\":\"https:\/\/crees.org.do\/#website\"},\"datePublished\":\"2014-01-01T00:00:00+00:00\",\"breadcrumb\":{\"@id\":\"https:\/\/crees.org.do\/?p=20338#breadcrumb\"},\"inLanguage\":\"es\",\"potentialAction\":[{\"@type\":\"ReadAction\",\"target\":[\"https:\/\/crees.org.do\/?p=20338\"]}]},{\"@type\":\"BreadcrumbList\",\"@id\":\"https:\/\/crees.org.do\/?p=20338#breadcrumb\",\"itemListElement\":[{\"@type\":\"ListItem\",\"position\":1,\"name\":\"Portada\",\"item\":\"https:\/\/crees.org.do\/\"},{\"@type\":\"ListItem\",\"position\":2,\"name\":\"Base de datos del BC debe ser abierta al p\u00fablico\"}]},{\"@type\":\"WebSite\",\"@id\":\"https:\/\/crees.org.do\/#website\",\"url\":\"https:\/\/crees.org.do\/\",\"name\":\"CREES\",\"description\":\"Centro Regional de Estrategias Econ\u00f3micas Sostenibles\",\"publisher\":{\"@id\":\"https:\/\/crees.org.do\/#organization\"},\"potentialAction\":[{\"@type\":\"SearchAction\",\"target\":{\"@type\":\"EntryPoint\",\"urlTemplate\":\"https:\/\/crees.org.do\/?s={search_term_string}\"},\"query-input\":{\"@type\":\"PropertyValueSpecification\",\"valueRequired\":true,\"valueName\":\"search_term_string\"}}],\"inLanguage\":\"es\"},{\"@type\":\"Organization\",\"@id\":\"https:\/\/crees.org.do\/#organization\",\"name\":\"CREES | Centro Regional de Estrategias Econ\u00f3micas Sostenibles\",\"url\":\"https:\/\/crees.org.do\/\",\"logo\":{\"@type\":\"ImageObject\",\"inLanguage\":\"es\",\"@id\":\"https:\/\/crees.org.do\/#\/schema\/logo\/image\/\",\"url\":\"https:\/\/crees.org.do\/wp-content\/uploads\/2022\/03\/crees-logo-1.jpg\",\"contentUrl\":\"https:\/\/crees.org.do\/wp-content\/uploads\/2022\/03\/crees-logo-1.jpg\",\"width\":244,\"height\":71,\"caption\":\"CREES | Centro Regional de Estrategias Econ\u00f3micas Sostenibles\"},\"image\":{\"@id\":\"https:\/\/crees.org.do\/#\/schema\/logo\/image\/\"},\"sameAs\":[\"https:\/\/www.facebook.com\/CREESRD\/\",\"https:\/\/x.com\/CREESRD\"]},{\"@type\":\"Person\",\"@id\":\"https:\/\/crees.org.do\/#\/schema\/person\/e7f97cd94d7bf9cd0e0ce30acb7d56b8\",\"name\":\"Crees\",\"image\":{\"@type\":\"ImageObject\",\"inLanguage\":\"es\",\"@id\":\"https:\/\/crees.org.do\/#\/schema\/person\/image\/\",\"url\":\"https:\/\/secure.gravatar.com\/avatar\/390ac8f0be5d9aa046152553e2dd7011b59a512d89c150f5e5f28bb8d9a0b165?s=96&d=mm&r=g\",\"contentUrl\":\"https:\/\/secure.gravatar.com\/avatar\/390ac8f0be5d9aa046152553e2dd7011b59a512d89c150f5e5f28bb8d9a0b165?s=96&d=mm&r=g\",\"caption\":\"Crees\"},\"url\":\"https:\/\/crees.org.do\/?author=2\"}]}<\/script>\n<!-- \/ Yoast SEO plugin. -->","yoast_head_json":{"title":"Base de datos del BC debe ser abierta al p\u00fablico | CREES","robots":{"index":"index","follow":"follow","max-snippet":"max-snippet:-1","max-image-preview":"max-image-preview:large","max-video-preview":"max-video-preview:-1"},"canonical":"https:\/\/crees.org.do\/?p=20338","og_locale":"es_ES","og_type":"article","og_title":"Base de datos del BC debe ser abierta al p\u00fablico | CREES","og_description":"Autora: Mayelin Acosta Guzm\u00e1nFuente: www.hoy.com.doFecha: 22 Septiembre 2014Centro Regional de Estrategias Econ\u00f3micas Sostenibles (CREES) exhorta que la base de datos del Banco Central para calcular el Producto Interno Bruto (PIB) sea abierto para que el p\u00fablico tenga acceso a las mismas y haya m\u00e1s transparencia.","og_url":"https:\/\/crees.org.do\/?p=20338","og_site_name":"CREES","article_publisher":"https:\/\/www.facebook.com\/CREESRD\/","article_published_time":"2014-01-01T00:00:00+00:00","og_image":[{"width":244,"height":71,"url":"https:\/\/crees.org.do\/wp-content\/uploads\/2022\/03\/crees-logo-1.jpg","type":"image\/jpeg"}],"author":"Crees","twitter_card":"summary_large_image","twitter_creator":"@CREESRD","twitter_site":"@CREESRD","twitter_misc":{"Escrito por":"Crees","Tiempo de lectura":"1 minuto"},"schema":{"@context":"https:\/\/schema.org","@graph":[{"@type":"Article","@id":"https:\/\/crees.org.do\/?p=20338#article","isPartOf":{"@id":"https:\/\/crees.org.do\/?p=20338"},"author":{"name":"Crees","@id":"https:\/\/crees.org.do\/#\/schema\/person\/e7f97cd94d7bf9cd0e0ce30acb7d56b8"},"headline":"Base de datos del BC debe ser abierta al p\u00fablico","datePublished":"2014-01-01T00:00:00+00:00","mainEntityOfPage":{"@id":"https:\/\/crees.org.do\/?p=20338"},"wordCount":289,"commentCount":0,"publisher":{"@id":"https:\/\/crees.org.do\/#organization"},"articleSection":["Blog"],"inLanguage":"es"},{"@type":"WebPage","@id":"https:\/\/crees.org.do\/?p=20338","url":"https:\/\/crees.org.do\/?p=20338","name":"Base de datos del BC debe ser abierta al p\u00fablico | CREES","isPartOf":{"@id":"https:\/\/crees.org.do\/#website"},"datePublished":"2014-01-01T00:00:00+00:00","breadcrumb":{"@id":"https:\/\/crees.org.do\/?p=20338#breadcrumb"},"inLanguage":"es","potentialAction":[{"@type":"ReadAction","target":["https:\/\/crees.org.do\/?p=20338"]}]},{"@type":"BreadcrumbList","@id":"https:\/\/crees.org.do\/?p=20338#breadcrumb","itemListElement":[{"@type":"ListItem","position":1,"name":"Portada","item":"https:\/\/crees.org.do\/"},{"@type":"ListItem","position":2,"name":"Base de datos del BC debe ser abierta al p\u00fablico"}]},{"@type":"WebSite","@id":"https:\/\/crees.org.do\/#website","url":"https:\/\/crees.org.do\/","name":"CREES","description":"Centro Regional de Estrategias Econ\u00f3micas Sostenibles","publisher":{"@id":"https:\/\/crees.org.do\/#organization"},"potentialAction":[{"@type":"SearchAction","target":{"@type":"EntryPoint","urlTemplate":"https:\/\/crees.org.do\/?s={search_term_string}"},"query-input":{"@type":"PropertyValueSpecification","valueRequired":true,"valueName":"search_term_string"}}],"inLanguage":"es"},{"@type":"Organization","@id":"https:\/\/crees.org.do\/#organization","name":"CREES | Centro Regional de Estrategias Econ\u00f3micas Sostenibles","url":"https:\/\/crees.org.do\/","logo":{"@type":"ImageObject","inLanguage":"es","@id":"https:\/\/crees.org.do\/#\/schema\/logo\/image\/","url":"https:\/\/crees.org.do\/wp-content\/uploads\/2022\/03\/crees-logo-1.jpg","contentUrl":"https:\/\/crees.org.do\/wp-content\/uploads\/2022\/03\/crees-logo-1.jpg","width":244,"height":71,"caption":"CREES | Centro Regional de Estrategias Econ\u00f3micas Sostenibles"},"image":{"@id":"https:\/\/crees.org.do\/#\/schema\/logo\/image\/"},"sameAs":["https:\/\/www.facebook.com\/CREESRD\/","https:\/\/x.com\/CREESRD"]},{"@type":"Person","@id":"https:\/\/crees.org.do\/#\/schema\/person\/e7f97cd94d7bf9cd0e0ce30acb7d56b8","name":"Crees","image":{"@type":"ImageObject","inLanguage":"es","@id":"https:\/\/crees.org.do\/#\/schema\/person\/image\/","url":"https:\/\/secure.gravatar.com\/avatar\/390ac8f0be5d9aa046152553e2dd7011b59a512d89c150f5e5f28bb8d9a0b165?s=96&d=mm&r=g","contentUrl":"https:\/\/secure.gravatar.com\/avatar\/390ac8f0be5d9aa046152553e2dd7011b59a512d89c150f5e5f28bb8d9a0b165?s=96&d=mm&r=g","caption":"Crees"},"url":"https:\/\/crees.org.do\/?author=2"}]}},"_links":{"self":[{"href":"https:\/\/crees.org.do\/index.php?rest_route=\/wp\/v2\/posts\/20338","targetHints":{"allow":["GET"]}}],"collection":[{"href":"https:\/\/crees.org.do\/index.php?rest_route=\/wp\/v2\/posts"}],"about":[{"href":"https:\/\/crees.org.do\/index.php?rest_route=\/wp\/v2\/types\/post"}],"author":[{"embeddable":true,"href":"https:\/\/crees.org.do\/index.php?rest_route=\/wp\/v2\/users\/2"}],"replies":[{"embeddable":true,"href":"https:\/\/crees.org.do\/index.php?rest_route=%2Fwp%2Fv2%2Fcomments&post=20338"}],"version-history":[{"count":0,"href":"https:\/\/crees.org.do\/index.php?rest_route=\/wp\/v2\/posts\/20338\/revisions"}],"wp:attachment":[{"href":"https:\/\/crees.org.do\/index.php?rest_route=%2Fwp%2Fv2%2Fmedia&parent=20338"}],"wp:term":[{"taxonomy":"category","embeddable":true,"href":"https:\/\/crees.org.do\/index.php?rest_route=%2Fwp%2Fv2%2Fcategories&post=20338"},{"taxonomy":"post_tag","embeddable":true,"href":"https:\/\/crees.org.do\/index.php?rest_route=%2Fwp%2Fv2%2Ftags&post=20338"}],"curies":[{"name":"wp","href":"https:\/\/api.w.org\/{rel}","templated":true}]}}