{"id":20359,"date":"2015-01-01T00:00:00","date_gmt":"2015-01-01T00:00:00","guid":{"rendered":"https:\/\/crees.org.do\/ernesto-selman-cita-restricciones-que-no-permiten-que-desplome-precio-del-petroleo-se-refleje-en-costo-de-productos-en-rd\/"},"modified":"2015-01-01T00:00:00","modified_gmt":"2015-01-01T00:00:00","slug":"ernesto-selman-cita-restricciones-que-no-permiten-que-desplome-precio-del-petroleo-se-refleje-en-costo-de-productos-en-rd","status":"publish","type":"post","link":"https:\/\/crees.org.do\/?p=20359","title":{"rendered":"Ernesto Selman cita restricciones que no permiten que desplome precio del petr\u00f3leo se refleje en costo de productos en RD"},"content":{"rendered":"<p style=\"border: 0px; font-family: open_sans, arial; margin-bottom: 20px; outline: 0px; padding: 0px; vertical-align: baseline; color: rgb(20, 20, 20); line-height: 20px; text-align: justify; background-color: rgb(255, 255, 255);\"><span style=\"font-size:12px;\"><span style=\"font-family:verdana,geneva,sans-serif;\">Autor: Peri\u00f3dico El D\u00eda<\/span><\/span><\/p>\n<p style=\"border: 0px; font-family: open_sans, arial; margin-bottom: 20px; outline: 0px; padding: 0px; vertical-align: baseline; color: rgb(20, 20, 20); line-height: 20px; text-align: justify; background-color: rgb(255, 255, 255);\"><span style=\"font-size:12px;\"><span style=\"font-family:verdana,geneva,sans-serif;\">Fuente: <a href=\"http:\/\/eldia.com.do\/ernesto-selman-cita-restricciones-que-no-permiten-que-desplome-precio-del-petroleo-se-refleje-en-costo-de-productos-en-rd\/\">www.eldia.com.do<\/a><\/span><\/span><\/p>\n<p style=\"border: 0px; font-family: open_sans, arial; margin-bottom: 20px; outline: 0px; padding: 0px; vertical-align: baseline; color: rgb(20, 20, 20); line-height: 20px; text-align: justify; background-color: rgb(255, 255, 255);\"><span style=\"font-size:12px;\"><span style=\"font-family:verdana,geneva,sans-serif;\">Fecha: 21 Diciembre 2014<\/span><\/span><\/p>\n<p style=\"border: 0px; font-family: open_sans, arial; margin-bottom: 20px; outline: 0px; padding: 0px; vertical-align: baseline; color: rgb(20, 20, 20); line-height: 20px; text-align: justify; background-color: rgb(255, 255, 255);\">&nbsp;<\/p>\n<p style=\"border: 0px; font-family: open_sans, arial; margin-bottom: 20px; outline: 0px; padding: 0px; vertical-align: baseline; color: rgb(20, 20, 20); line-height: 20px; text-align: justify; background-color: rgb(255, 255, 255);\"><b style=\"font-family: verdana, geneva, sans-serif; font-size: 12px;\">Santo Domingo.-<\/b><span style=\"font-family: verdana, geneva, sans-serif; font-size: 12px;\">El vicepresidente ejecutivo del Centro de Pensamiento e Investigaci\u00f3n Econ\u00f3mica (CREES), Ernesto Selman, afirm\u00f3 que la rebaja del costo del petr\u00f3leo a nivel mundial significa una reorganizaci\u00f3n presupuestaria de todos los pa\u00edses, donde los Estados productores est\u00e1n siendo penalizados y sus ingresos se han reducido sustancialmente.<\/span><\/p>\n<p style=\"border: 0px; font-family: open_sans, arial; margin-bottom: 20px; outline: 0px; padding: 0px; vertical-align: baseline; color: rgb(20, 20, 20); line-height: 20px; text-align: justify; background-color: rgb(255, 255, 255);\"><span style=\"font-size:12px;\"><span style=\"font-family:verdana,geneva,sans-serif;\">&ldquo;La reducci\u00f3n del precio del petr\u00f3leo ha sido casi de un 40% en los \u00faltimos meses y eso ha tenido un impacto negativo en los pa\u00edses productores y un impacto positivo en los pa\u00edses que importan petr\u00f3leo, por ejemplo el caso de la Rep\u00fablica Dominicana el Gobierno pagar\u00e1 una factura petrolera menor, &nbsp;y&nbsp; en la medida en que eso se pueda traducir a la econom\u00eda en su totalidad ser\u00e1 muy&nbsp; beneficioso&rdquo;, destac\u00f3.<\/span><\/span><\/p>\n<p style=\"border: 0px; font-family: open_sans, arial; margin-bottom: 20px; outline: 0px; padding: 0px; vertical-align: baseline; color: rgb(20, 20, 20); line-height: 20px; text-align: justify; background-color: rgb(255, 255, 255);\"><span style=\"font-size:12px;\"><span style=\"font-family:verdana,geneva,sans-serif;\">Sin embargo, el economista explic\u00f3 que en el pa\u00eds hay algunas restricciones que no permiten que se traduzca toda esa reducci\u00f3n del petr\u00f3leo en los productos, bienes y servicios que consumen los dominicanos.<\/span><\/span><\/p>\n<p style=\"border: 0px; font-family: open_sans, arial; margin-bottom: 20px; outline: 0px; padding: 0px; vertical-align: baseline; color: rgb(20, 20, 20); line-height: 20px; text-align: justify; background-color: rgb(255, 255, 255);\"><span style=\"font-size:12px;\"><span style=\"font-family:verdana,geneva,sans-serif;\">Entrevistado en el programa Toque Final, que cada domingo produce y conduce el periodista Julio Mart\u00ednez Pozo, por Antena Latina, canal 7,&nbsp; dijo que esa realidad se debe a tres temas:<\/span><\/span><\/p>\n<p style=\"border: 0px; font-family: open_sans, arial; margin-bottom: 20px; outline: 0px; padding: 0px; vertical-align: baseline; color: rgb(20, 20, 20); line-height: 20px; text-align: justify; background-color: rgb(255, 255, 255);\"><span style=\"font-size:12px;\"><span style=\"font-family:verdana,geneva,sans-serif;\">* Los precios de los combustibles se imponen desde el Gobierno y en la medida en que se mantienen estables o no se reducen en la proporci\u00f3n adecuada. El precio de los combustibles se ha reducido en un 20%, mientras el barril del petr\u00f3leo un 40%.<\/span><\/span><\/p>\n<p style=\"border: 0px; font-family: open_sans, arial; margin-bottom: 20px; outline: 0px; padding: 0px; vertical-align: baseline; color: rgb(20, 20, 20); line-height: 20px; text-align: justify; background-color: rgb(255, 255, 255);\"><span style=\"font-size:12px;\"><span style=\"font-family:verdana,geneva,sans-serif;\">*No se reducen los precios de la electricidad porque ya la tarifa estaba relativamente subsidiada y por eso no se ha querido reducir&hellip; &ldquo;entonces no hay un pacto en el tema del servicio el\u00e9ctrico&rdquo;.<\/span><\/span><\/p>\n<p style=\"border: 0px; font-family: open_sans, arial; margin-bottom: 20px; outline: 0px; padding: 0px; vertical-align: baseline; color: rgb(20, 20, 20); line-height: 20px; text-align: justify; background-color: rgb(255, 255, 255);\"><span style=\"font-size:12px;\"><span style=\"font-family:verdana,geneva,sans-serif;\">*El precio del transporte de carga y de transporte de pasajeros, en este \u00faltimo se han anunciado rebajas, pero en el primero que es el que tiene mayor impacto sobre los precios de los bienes de consumo masivo, pues ese impacto al ser manejado por una estructura cuasi monop\u00f3lica por parte de los sindicatos o empresarios del transporte, no permite que eso se traduzca a favor de la econom\u00eda.<\/span><\/span><\/p>\n<p style=\"border: 0px; font-family: open_sans, arial; margin-bottom: 20px; outline: 0px; padding: 0px; vertical-align: baseline; color: rgb(20, 20, 20); line-height: 20px; text-align: justify; background-color: rgb(255, 255, 255);\"><span style=\"font-size:12px;\"><span style=\"font-family:verdana,geneva,sans-serif;\">&ldquo;Hay algunos aspectos que se deber\u00edan mejorar para poder traducir todo esos efectos en la reducci\u00f3n del barril del petr\u00f3leo en la canasta familiar en \u00faltima instancia&rdquo;, precis\u00f3.<\/span><\/span><\/p>\n<p style=\"border: 0px; font-family: open_sans, arial; margin-bottom: 20px; outline: 0px; padding: 0px; vertical-align: baseline; color: rgb(20, 20, 20); line-height: 20px; text-align: justify; background-color: rgb(255, 255, 255);\"><span style=\"font-size:12px;\"><span style=\"font-family:verdana,geneva,sans-serif;\"><b>Crecimiento de la econom\u00eda<\/b><\/span><\/span><\/p>\n<p style=\"border: 0px; font-family: open_sans, arial; margin-bottom: 20px; outline: 0px; padding: 0px; vertical-align: baseline; color: rgb(20, 20, 20); line-height: 20px; text-align: justify; background-color: rgb(255, 255, 255);\"><span style=\"font-size:12px;\"><span style=\"font-family:verdana,geneva,sans-serif;\">Selman indic\u00f3 que la econom\u00eda dominicana ha crecido durante el presente a\u00f1o, principalmente el sector turismo, que &nbsp;ha tenido un muy buen a\u00f1o, mucho mejor que en per\u00edodos anteriores, &ldquo;hemos recibido un mayor flujo de turistas y de divisas&nbsp; que son beneficiosas para la econom\u00eda&rdquo;.<\/span><\/span><\/p>\n<p style=\"border: 0px; font-family: open_sans, arial; margin-bottom: 20px; outline: 0px; padding: 0px; vertical-align: baseline; color: rgb(20, 20, 20); line-height: 20px; text-align: justify; background-color: rgb(255, 255, 255);\"><span style=\"font-size:12px;\"><span style=\"font-family:verdana,geneva,sans-serif;\">Sin embargo, enfatiz\u00f3 en que la econom\u00eda del pa\u00eds se enfrenta a importantes retos a partir del 2015, &ldquo;todav\u00eda mantenemos un modelo de desarrollo sustentado en el gasto p\u00fablico y en el endeudamiento p\u00fablico, lo que hace que se presenten retos hac\u00eda el futuro, que dejan ver si este sistema a es sostenible o no&rdquo;.<\/span><\/span><\/p>\n<p style=\"border: 0px; font-family: open_sans, arial; margin-bottom: 20px; outline: 0px; padding: 0px; vertical-align: baseline; color: rgb(20, 20, 20); line-height: 20px; text-align: justify; background-color: rgb(255, 255, 255);\"><span style=\"font-size:12px;\"><span style=\"font-family:verdana,geneva,sans-serif;\">Cree que el crecimiento de 6.5% que ha publicado el Banco Central es un poco optimista, en la medida en que el mundo a partir del 2015 comenzar\u00e1 a cambiar, &nbsp;los mercados emergentes van a sufrir a partir de algunos aspectos, esto por el incremento de la tasa de inter\u00e9s en Estados Unidos y entiende que hay que ver tambi\u00e9n c\u00f3mo se desenvuelve Venezuela ante la crisis econ\u00f3mica tan severa que lleva y las posibilidades de que Petrocaribe pueda mantenerse vigente.<\/span><\/span><\/p>\n<p style=\"border: 0px; font-family: open_sans, arial; margin-bottom: 20px; outline: 0px; padding: 0px; vertical-align: baseline; color: rgb(20, 20, 20); line-height: 20px; text-align: justify; background-color: rgb(255, 255, 255);\"><span style=\"font-size:12px;\"><span style=\"font-family:verdana,geneva,sans-serif;\">Dijo que esos son temas a los que hay que estar atentos, pero reiter\u00f3 que la econom\u00eda dominicana ha crecido en este a\u00f1o, y que tal vez el dato del 7% ser\u00eda una muy buena noticia en caso de que este fuera la realidad.<\/span><\/span><\/p>\n<p style=\"border: 0px; font-family: open_sans, arial; margin-bottom: 20px; outline: 0px; padding: 0px; vertical-align: baseline; color: rgb(20, 20, 20); line-height: 20px; text-align: justify; background-color: rgb(255, 255, 255);\"><span style=\"font-size:12px;\"><span style=\"font-family:verdana,geneva,sans-serif;\"><b>Desaf\u00edos de la econom\u00eda dominicana<\/b><\/span><\/span><\/p>\n<p style=\"border: 0px; font-family: open_sans, arial; margin-bottom: 20px; outline: 0px; padding: 0px; vertical-align: baseline; color: rgb(20, 20, 20); line-height: 20px; text-align: justify; background-color: rgb(255, 255, 255);\"><span style=\"font-size:12px;\"><span style=\"font-family:verdana,geneva,sans-serif;\">Selman sostuvo que los desaf\u00edos de la econom\u00eda dominicana son varios y que&nbsp; internamente habr\u00eda que ver c\u00f3mo se comporta la pol\u00edtica fiscal, que seg\u00fan el Presupuesto nacional se mantiene en alto d\u00e9ficit, es decir, que se gasta m\u00e1s de lo que se ingresa, situaci\u00f3n que a su juicio, va a requerir mayor deuda p\u00fablica, dependiendo como se maneje porque viene un a\u00f1o preelectoral.<\/span><\/span><\/p>\n<p style=\"border: 0px; font-family: open_sans, arial; margin-bottom: 20px; outline: 0px; padding: 0px; vertical-align: baseline; color: rgb(20, 20, 20); line-height: 20px; text-align: justify; background-color: rgb(255, 255, 255);\"><span style=\"font-size:12px;\"><span style=\"font-family:verdana,geneva,sans-serif;\">A nivel interno hay incertidumbre y ruido, pues se debate el tema de la reelecci\u00f3n.<\/span><\/span><\/p>\n<p style=\"border: 0px; font-family: open_sans, arial; margin-bottom: 20px; outline: 0px; padding: 0px; vertical-align: baseline; color: rgb(20, 20, 20); line-height: 20px; text-align: justify; background-color: rgb(255, 255, 255);\"><span style=\"font-size:12px;\"><span style=\"font-family:verdana,geneva,sans-serif;\">A nivel internacional hay otros retos, el caso de Hait\u00ed que acaba de renunciar el primer ministro, hay una crisis pol\u00edtica porque hace meses que se debieron efectuar elecciones y no se han hecho y en enero se le vence el plazo a los senadores y en ese caso se dispondr\u00edan por decretos, algo que es peligroso porque se concentra el poder en una sola persona.<\/span><\/span><\/p>\n<p style=\"border: 0px; font-family: open_sans, arial; margin-bottom: 20px; outline: 0px; padding: 0px; vertical-align: baseline; color: rgb(20, 20, 20); line-height: 20px; text-align: justify; background-color: rgb(255, 255, 255);\"><span style=\"font-size:12px;\"><span style=\"font-family:verdana,geneva,sans-serif;\">Pero, destac\u00f3 que todav\u00eda hay oportunidad de exportar hacia Hait\u00ed.<\/span><\/span><\/p>\n<div class=\"pvc_clear\"><\/div>\n<p class=\"pvc_stats all \" data-element-id=\"20359\" style=\"\"><i class=\"pvc-stats-icon medium\" aria-hidden=\"true\"><svg aria-hidden=\"true\" focusable=\"false\" data-prefix=\"far\" data-icon=\"chart-bar\" role=\"img\" xmlns=\"http:\/\/www.w3.org\/2000\/svg\" viewBox=\"0 0 512 512\" class=\"svg-inline--fa fa-chart-bar fa-w-16 fa-2x\"><path fill=\"currentColor\" d=\"M396.8 352h22.4c6.4 0 12.8-6.4 12.8-12.8V108.8c0-6.4-6.4-12.8-12.8-12.8h-22.4c-6.4 0-12.8 6.4-12.8 12.8v230.4c0 6.4 6.4 12.8 12.8 12.8zm-192 0h22.4c6.4 0 12.8-6.4 12.8-12.8V140.8c0-6.4-6.4-12.8-12.8-12.8h-22.4c-6.4 0-12.8 6.4-12.8 12.8v198.4c0 6.4 6.4 12.8 12.8 12.8zm96 0h22.4c6.4 0 12.8-6.4 12.8-12.8V204.8c0-6.4-6.4-12.8-12.8-12.8h-22.4c-6.4 0-12.8 6.4-12.8 12.8v134.4c0 6.4 6.4 12.8 12.8 12.8zM496 400H48V80c0-8.84-7.16-16-16-16H16C7.16 64 0 71.16 0 80v336c0 17.67 14.33 32 32 32h464c8.84 0 16-7.16 16-16v-16c0-8.84-7.16-16-16-16zm-387.2-48h22.4c6.4 0 12.8-6.4 12.8-12.8v-70.4c0-6.4-6.4-12.8-12.8-12.8h-22.4c-6.4 0-12.8 6.4-12.8 12.8v70.4c0 6.4 6.4 12.8 12.8 12.8z\" class=\"\"><\/path><\/svg><\/i> Vistas Totales&nbsp;282&nbsp;, Vistas Hoy&nbsp;1&nbsp;<\/p>\n<div class=\"pvc_clear\"><\/div>\n","protected":false},"excerpt":{"rendered":"<p>Autor: Peri\u00f3dico El D\u00edaFuente: www.eldia.com.doFecha: 21 Diciembre 2014Santo Domingo.-El vicepresidente ejecutivo del Centro de Pensamiento e Investigaci\u00f3n Econ\u00f3mica (CREES), Ernesto Selman, afirm\u00f3 que la rebaja del costo del petr\u00f3leo a nivel mundial significa una reorganizaci\u00f3n presupuestaria de todos los pa\u00edses, donde los Estados productores est\u00e1n siendo penalizados y sus ingresos se han reducido sustancialmente.<\/p>\n<div class=\"pvc_clear\"><\/div>\n<p class=\"pvc_stats all \" data-element-id=\"20359\" style=\"\"><i class=\"pvc-stats-icon medium\" aria-hidden=\"true\"><svg aria-hidden=\"true\" focusable=\"false\" data-prefix=\"far\" data-icon=\"chart-bar\" role=\"img\" xmlns=\"http:\/\/www.w3.org\/2000\/svg\" viewBox=\"0 0 512 512\" class=\"svg-inline--fa fa-chart-bar fa-w-16 fa-2x\"><path fill=\"currentColor\" d=\"M396.8 352h22.4c6.4 0 12.8-6.4 12.8-12.8V108.8c0-6.4-6.4-12.8-12.8-12.8h-22.4c-6.4 0-12.8 6.4-12.8 12.8v230.4c0 6.4 6.4 12.8 12.8 12.8zm-192 0h22.4c6.4 0 12.8-6.4 12.8-12.8V140.8c0-6.4-6.4-12.8-12.8-12.8h-22.4c-6.4 0-12.8 6.4-12.8 12.8v198.4c0 6.4 6.4 12.8 12.8 12.8zm96 0h22.4c6.4 0 12.8-6.4 12.8-12.8V204.8c0-6.4-6.4-12.8-12.8-12.8h-22.4c-6.4 0-12.8 6.4-12.8 12.8v134.4c0 6.4 6.4 12.8 12.8 12.8zM496 400H48V80c0-8.84-7.16-16-16-16H16C7.16 64 0 71.16 0 80v336c0 17.67 14.33 32 32 32h464c8.84 0 16-7.16 16-16v-16c0-8.84-7.16-16-16-16zm-387.2-48h22.4c6.4 0 12.8-6.4 12.8-12.8v-70.4c0-6.4-6.4-12.8-12.8-12.8h-22.4c-6.4 0-12.8 6.4-12.8 12.8v70.4c0 6.4 6.4 12.8 12.8 12.8z\" class=\"\"><\/path><\/svg><\/i> Vistas Totales&nbsp;282&nbsp;, Vistas Hoy&nbsp;1&nbsp;<\/p>\n<div class=\"pvc_clear\"><\/div>\n","protected":false},"author":2,"featured_media":0,"comment_status":"open","ping_status":"open","sticky":false,"template":"","format":"standard","meta":{"footnotes":""},"categories":[21],"tags":[],"class_list":["post-20359","post","type-post","status-publish","format-standard","hentry","category-blog"],"yoast_head":"<!-- This site is optimized with the Yoast SEO plugin v25.2 - https:\/\/yoast.com\/wordpress\/plugins\/seo\/ -->\n<title>Ernesto Selman cita restricciones que no permiten que desplome precio del petr\u00f3leo se refleje en costo de productos en RD | CREES<\/title>\n<meta name=\"robots\" content=\"index, follow, max-snippet:-1, max-image-preview:large, max-video-preview:-1\" \/>\n<link rel=\"canonical\" href=\"https:\/\/crees.org.do\/?p=20359\" \/>\n<meta property=\"og:locale\" content=\"es_ES\" \/>\n<meta property=\"og:type\" content=\"article\" \/>\n<meta property=\"og:title\" content=\"Ernesto Selman cita restricciones que no permiten que desplome precio del petr\u00f3leo se refleje en costo de productos en RD | CREES\" \/>\n<meta property=\"og:description\" content=\"Autor: Peri\u00f3dico El D\u00edaFuente: www.eldia.com.doFecha: 21 Diciembre 2014Santo Domingo.-El vicepresidente ejecutivo del Centro de Pensamiento e Investigaci\u00f3n Econ\u00f3mica (CREES), Ernesto Selman, afirm\u00f3 que la rebaja del costo del petr\u00f3leo a nivel mundial significa una reorganizaci\u00f3n presupuestaria de todos los pa\u00edses, donde los Estados productores est\u00e1n siendo penalizados y sus ingresos se han reducido sustancialmente.\" \/>\n<meta property=\"og:url\" content=\"https:\/\/crees.org.do\/?p=20359\" \/>\n<meta property=\"og:site_name\" content=\"CREES\" \/>\n<meta property=\"article:publisher\" content=\"https:\/\/www.facebook.com\/CREESRD\/\" \/>\n<meta property=\"article:published_time\" content=\"2015-01-01T00:00:00+00:00\" \/>\n<meta property=\"og:image\" content=\"https:\/\/crees.org.do\/wp-content\/uploads\/2022\/03\/crees-logo-1.jpg\" \/>\n\t<meta property=\"og:image:width\" content=\"244\" \/>\n\t<meta property=\"og:image:height\" content=\"71\" \/>\n\t<meta property=\"og:image:type\" content=\"image\/jpeg\" \/>\n<meta name=\"author\" content=\"Crees\" \/>\n<meta name=\"twitter:card\" content=\"summary_large_image\" \/>\n<meta name=\"twitter:creator\" content=\"@CREESRD\" \/>\n<meta name=\"twitter:site\" content=\"@CREESRD\" \/>\n<meta name=\"twitter:label1\" content=\"Escrito por\" \/>\n\t<meta name=\"twitter:data1\" content=\"Crees\" \/>\n\t<meta name=\"twitter:label2\" content=\"Tiempo de lectura\" \/>\n\t<meta name=\"twitter:data2\" content=\"4 minutos\" \/>\n<script type=\"application\/ld+json\" class=\"yoast-schema-graph\">{\"@context\":\"https:\/\/schema.org\",\"@graph\":[{\"@type\":\"Article\",\"@id\":\"https:\/\/crees.org.do\/?p=20359#article\",\"isPartOf\":{\"@id\":\"https:\/\/crees.org.do\/?p=20359\"},\"author\":{\"name\":\"Crees\",\"@id\":\"https:\/\/crees.org.do\/#\/schema\/person\/e7f97cd94d7bf9cd0e0ce30acb7d56b8\"},\"headline\":\"Ernesto Selman cita restricciones que no permiten que desplome precio del petr\u00f3leo se refleje en costo de productos en RD\",\"datePublished\":\"2015-01-01T00:00:00+00:00\",\"mainEntityOfPage\":{\"@id\":\"https:\/\/crees.org.do\/?p=20359\"},\"wordCount\":857,\"commentCount\":0,\"publisher\":{\"@id\":\"https:\/\/crees.org.do\/#organization\"},\"articleSection\":[\"Blog\"],\"inLanguage\":\"es\"},{\"@type\":\"WebPage\",\"@id\":\"https:\/\/crees.org.do\/?p=20359\",\"url\":\"https:\/\/crees.org.do\/?p=20359\",\"name\":\"Ernesto Selman cita restricciones que no permiten que desplome precio del petr\u00f3leo se refleje en costo de productos en RD | CREES\",\"isPartOf\":{\"@id\":\"https:\/\/crees.org.do\/#website\"},\"datePublished\":\"2015-01-01T00:00:00+00:00\",\"breadcrumb\":{\"@id\":\"https:\/\/crees.org.do\/?p=20359#breadcrumb\"},\"inLanguage\":\"es\",\"potentialAction\":[{\"@type\":\"ReadAction\",\"target\":[\"https:\/\/crees.org.do\/?p=20359\"]}]},{\"@type\":\"BreadcrumbList\",\"@id\":\"https:\/\/crees.org.do\/?p=20359#breadcrumb\",\"itemListElement\":[{\"@type\":\"ListItem\",\"position\":1,\"name\":\"Portada\",\"item\":\"https:\/\/crees.org.do\/\"},{\"@type\":\"ListItem\",\"position\":2,\"name\":\"Ernesto Selman cita restricciones que no permiten que desplome precio del petr\u00f3leo se refleje en costo de productos en RD\"}]},{\"@type\":\"WebSite\",\"@id\":\"https:\/\/crees.org.do\/#website\",\"url\":\"https:\/\/crees.org.do\/\",\"name\":\"CREES\",\"description\":\"Centro Regional de Estrategias Econ\u00f3micas Sostenibles\",\"publisher\":{\"@id\":\"https:\/\/crees.org.do\/#organization\"},\"potentialAction\":[{\"@type\":\"SearchAction\",\"target\":{\"@type\":\"EntryPoint\",\"urlTemplate\":\"https:\/\/crees.org.do\/?s={search_term_string}\"},\"query-input\":{\"@type\":\"PropertyValueSpecification\",\"valueRequired\":true,\"valueName\":\"search_term_string\"}}],\"inLanguage\":\"es\"},{\"@type\":\"Organization\",\"@id\":\"https:\/\/crees.org.do\/#organization\",\"name\":\"CREES | Centro Regional de Estrategias Econ\u00f3micas Sostenibles\",\"url\":\"https:\/\/crees.org.do\/\",\"logo\":{\"@type\":\"ImageObject\",\"inLanguage\":\"es\",\"@id\":\"https:\/\/crees.org.do\/#\/schema\/logo\/image\/\",\"url\":\"https:\/\/crees.org.do\/wp-content\/uploads\/2022\/03\/crees-logo-1.jpg\",\"contentUrl\":\"https:\/\/crees.org.do\/wp-content\/uploads\/2022\/03\/crees-logo-1.jpg\",\"width\":244,\"height\":71,\"caption\":\"CREES | Centro Regional de Estrategias Econ\u00f3micas Sostenibles\"},\"image\":{\"@id\":\"https:\/\/crees.org.do\/#\/schema\/logo\/image\/\"},\"sameAs\":[\"https:\/\/www.facebook.com\/CREESRD\/\",\"https:\/\/x.com\/CREESRD\"]},{\"@type\":\"Person\",\"@id\":\"https:\/\/crees.org.do\/#\/schema\/person\/e7f97cd94d7bf9cd0e0ce30acb7d56b8\",\"name\":\"Crees\",\"image\":{\"@type\":\"ImageObject\",\"inLanguage\":\"es\",\"@id\":\"https:\/\/crees.org.do\/#\/schema\/person\/image\/\",\"url\":\"https:\/\/secure.gravatar.com\/avatar\/390ac8f0be5d9aa046152553e2dd7011b59a512d89c150f5e5f28bb8d9a0b165?s=96&d=mm&r=g\",\"contentUrl\":\"https:\/\/secure.gravatar.com\/avatar\/390ac8f0be5d9aa046152553e2dd7011b59a512d89c150f5e5f28bb8d9a0b165?s=96&d=mm&r=g\",\"caption\":\"Crees\"},\"url\":\"https:\/\/crees.org.do\/?author=2\"}]}<\/script>\n<!-- \/ Yoast SEO plugin. -->","yoast_head_json":{"title":"Ernesto Selman cita restricciones que no permiten que desplome precio del petr\u00f3leo se refleje en costo de productos en RD | CREES","robots":{"index":"index","follow":"follow","max-snippet":"max-snippet:-1","max-image-preview":"max-image-preview:large","max-video-preview":"max-video-preview:-1"},"canonical":"https:\/\/crees.org.do\/?p=20359","og_locale":"es_ES","og_type":"article","og_title":"Ernesto Selman cita restricciones que no permiten que desplome precio del petr\u00f3leo se refleje en costo de productos en RD | CREES","og_description":"Autor: Peri\u00f3dico El D\u00edaFuente: www.eldia.com.doFecha: 21 Diciembre 2014Santo Domingo.-El vicepresidente ejecutivo del Centro de Pensamiento e Investigaci\u00f3n Econ\u00f3mica (CREES), Ernesto Selman, afirm\u00f3 que la rebaja del costo del petr\u00f3leo a nivel mundial significa una reorganizaci\u00f3n presupuestaria de todos los pa\u00edses, donde los Estados productores est\u00e1n siendo penalizados y sus ingresos se han reducido sustancialmente.","og_url":"https:\/\/crees.org.do\/?p=20359","og_site_name":"CREES","article_publisher":"https:\/\/www.facebook.com\/CREESRD\/","article_published_time":"2015-01-01T00:00:00+00:00","og_image":[{"width":244,"height":71,"url":"https:\/\/crees.org.do\/wp-content\/uploads\/2022\/03\/crees-logo-1.jpg","type":"image\/jpeg"}],"author":"Crees","twitter_card":"summary_large_image","twitter_creator":"@CREESRD","twitter_site":"@CREESRD","twitter_misc":{"Escrito por":"Crees","Tiempo de lectura":"4 minutos"},"schema":{"@context":"https:\/\/schema.org","@graph":[{"@type":"Article","@id":"https:\/\/crees.org.do\/?p=20359#article","isPartOf":{"@id":"https:\/\/crees.org.do\/?p=20359"},"author":{"name":"Crees","@id":"https:\/\/crees.org.do\/#\/schema\/person\/e7f97cd94d7bf9cd0e0ce30acb7d56b8"},"headline":"Ernesto Selman cita restricciones que no permiten que desplome precio del petr\u00f3leo se refleje en costo de productos en RD","datePublished":"2015-01-01T00:00:00+00:00","mainEntityOfPage":{"@id":"https:\/\/crees.org.do\/?p=20359"},"wordCount":857,"commentCount":0,"publisher":{"@id":"https:\/\/crees.org.do\/#organization"},"articleSection":["Blog"],"inLanguage":"es"},{"@type":"WebPage","@id":"https:\/\/crees.org.do\/?p=20359","url":"https:\/\/crees.org.do\/?p=20359","name":"Ernesto Selman cita restricciones que no permiten que desplome precio del petr\u00f3leo se refleje en costo de productos en RD | CREES","isPartOf":{"@id":"https:\/\/crees.org.do\/#website"},"datePublished":"2015-01-01T00:00:00+00:00","breadcrumb":{"@id":"https:\/\/crees.org.do\/?p=20359#breadcrumb"},"inLanguage":"es","potentialAction":[{"@type":"ReadAction","target":["https:\/\/crees.org.do\/?p=20359"]}]},{"@type":"BreadcrumbList","@id":"https:\/\/crees.org.do\/?p=20359#breadcrumb","itemListElement":[{"@type":"ListItem","position":1,"name":"Portada","item":"https:\/\/crees.org.do\/"},{"@type":"ListItem","position":2,"name":"Ernesto Selman cita restricciones que no permiten que desplome precio del petr\u00f3leo se refleje en costo de productos en RD"}]},{"@type":"WebSite","@id":"https:\/\/crees.org.do\/#website","url":"https:\/\/crees.org.do\/","name":"CREES","description":"Centro Regional de Estrategias Econ\u00f3micas Sostenibles","publisher":{"@id":"https:\/\/crees.org.do\/#organization"},"potentialAction":[{"@type":"SearchAction","target":{"@type":"EntryPoint","urlTemplate":"https:\/\/crees.org.do\/?s={search_term_string}"},"query-input":{"@type":"PropertyValueSpecification","valueRequired":true,"valueName":"search_term_string"}}],"inLanguage":"es"},{"@type":"Organization","@id":"https:\/\/crees.org.do\/#organization","name":"CREES | Centro Regional de Estrategias Econ\u00f3micas Sostenibles","url":"https:\/\/crees.org.do\/","logo":{"@type":"ImageObject","inLanguage":"es","@id":"https:\/\/crees.org.do\/#\/schema\/logo\/image\/","url":"https:\/\/crees.org.do\/wp-content\/uploads\/2022\/03\/crees-logo-1.jpg","contentUrl":"https:\/\/crees.org.do\/wp-content\/uploads\/2022\/03\/crees-logo-1.jpg","width":244,"height":71,"caption":"CREES | Centro Regional de Estrategias Econ\u00f3micas Sostenibles"},"image":{"@id":"https:\/\/crees.org.do\/#\/schema\/logo\/image\/"},"sameAs":["https:\/\/www.facebook.com\/CREESRD\/","https:\/\/x.com\/CREESRD"]},{"@type":"Person","@id":"https:\/\/crees.org.do\/#\/schema\/person\/e7f97cd94d7bf9cd0e0ce30acb7d56b8","name":"Crees","image":{"@type":"ImageObject","inLanguage":"es","@id":"https:\/\/crees.org.do\/#\/schema\/person\/image\/","url":"https:\/\/secure.gravatar.com\/avatar\/390ac8f0be5d9aa046152553e2dd7011b59a512d89c150f5e5f28bb8d9a0b165?s=96&d=mm&r=g","contentUrl":"https:\/\/secure.gravatar.com\/avatar\/390ac8f0be5d9aa046152553e2dd7011b59a512d89c150f5e5f28bb8d9a0b165?s=96&d=mm&r=g","caption":"Crees"},"url":"https:\/\/crees.org.do\/?author=2"}]}},"_links":{"self":[{"href":"https:\/\/crees.org.do\/index.php?rest_route=\/wp\/v2\/posts\/20359","targetHints":{"allow":["GET"]}}],"collection":[{"href":"https:\/\/crees.org.do\/index.php?rest_route=\/wp\/v2\/posts"}],"about":[{"href":"https:\/\/crees.org.do\/index.php?rest_route=\/wp\/v2\/types\/post"}],"author":[{"embeddable":true,"href":"https:\/\/crees.org.do\/index.php?rest_route=\/wp\/v2\/users\/2"}],"replies":[{"embeddable":true,"href":"https:\/\/crees.org.do\/index.php?rest_route=%2Fwp%2Fv2%2Fcomments&post=20359"}],"version-history":[{"count":0,"href":"https:\/\/crees.org.do\/index.php?rest_route=\/wp\/v2\/posts\/20359\/revisions"}],"wp:attachment":[{"href":"https:\/\/crees.org.do\/index.php?rest_route=%2Fwp%2Fv2%2Fmedia&parent=20359"}],"wp:term":[{"taxonomy":"category","embeddable":true,"href":"https:\/\/crees.org.do\/index.php?rest_route=%2Fwp%2Fv2%2Fcategories&post=20359"},{"taxonomy":"post_tag","embeddable":true,"href":"https:\/\/crees.org.do\/index.php?rest_route=%2Fwp%2Fv2%2Ftags&post=20359"}],"curies":[{"name":"wp","href":"https:\/\/api.w.org\/{rel}","templated":true}]}}