{"id":20360,"date":"2015-01-01T00:00:00","date_gmt":"2015-01-01T00:00:00","guid":{"rendered":"https:\/\/crees.org.do\/sectores-valoran-datos-del-bc\/"},"modified":"2015-01-01T00:00:00","modified_gmt":"2015-01-01T00:00:00","slug":"sectores-valoran-datos-del-bc","status":"publish","type":"post","link":"https:\/\/crees.org.do\/?p=20360","title":{"rendered":"Sectores valoran datos del BC"},"content":{"rendered":"<p style=\"margin-bottom: 10px; color: rgb(51, 51, 51); line-height: 18px; text-align: justify; background-color: rgb(255, 255, 255);\"><span style=\"font-family:verdana,geneva,sans-serif;\"><span style=\"font-size:12px;\">Autores: Lilian Tejeda, Patria Reyes, Ram\u00f3n P\u00e9rez Reyes y Layza Sierra<\/span><\/span><\/p>\n<p style=\"margin-bottom: 10px; color: rgb(51, 51, 51); line-height: 18px; text-align: justify; background-color: rgb(255, 255, 255);\"><span style=\"font-family:verdana,geneva,sans-serif;\"><span style=\"font-size:12px;\">Fuente: <a href=\"http:\/\/www.listindiario.com\/economia-and-negocios\/2015\/1\/8\/351874\/Sectores-valoran-datos-del-BC\">www.listindiario.com<\/a><\/span><\/span><\/p>\n<p style=\"margin-bottom: 10px; color: rgb(51, 51, 51); line-height: 18px; text-align: justify; background-color: rgb(255, 255, 255);\"><span style=\"font-family:verdana,geneva,sans-serif;\"><span style=\"font-size:12px;\">Fecha: 09 Enero 2015<\/span><\/span><\/p>\n<p style=\"margin-bottom: 10px; color: rgb(51, 51, 51); line-height: 18px; text-align: justify; background-color: rgb(255, 255, 255);\">&nbsp;<\/p>\n<p style=\"margin-bottom: 10px; color: rgb(51, 51, 51); line-height: 18px; text-align: justify; background-color: rgb(255, 255, 255);\">&nbsp;<\/p>\n<p style=\"margin-bottom: 10px; color: rgb(51, 51, 51); line-height: 18px; text-align: justify; background-color: rgb(255, 255, 255);\"><span style=\"font-family:verdana,geneva,sans-serif;\"><span style=\"font-size:12px;\">Los datos ofrecidos por el gobernador del Banco Central sobre el desempe\u00f1o econ\u00f3mico del pa\u00eds durante 2014 fueron valorados positivamente por distintos sectores de la vida nacional. &nbsp;&nbsp;<\/span><\/span><\/p>\n<p style=\"margin-bottom: 10px; color: rgb(51, 51, 51); line-height: 18px; text-align: justify; background-color: rgb(255, 255, 255);\"><span style=\"font-family:verdana,geneva,sans-serif;\"><span style=\"font-size:12px;\">Las cifras sobre el crecimiento, el desempleo y la inflaci\u00f3n fueron calificadas de optimistas por el economista Ernesto Selman, quien afirm\u00f3 que indudablemente la econom\u00eda dominicana creci\u00f3 de manera saludable durante el 2014.<\/span><\/span><\/p>\n<p style=\"margin-bottom: 10px; color: rgb(51, 51, 51); line-height: 18px; text-align: justify; background-color: rgb(255, 255, 255);\"><span style=\"font-family:verdana,geneva,sans-serif;\"><span style=\"font-size:12px;\">En tanto que el economista Nelson Ram\u00f3n Pe\u00f1a, expresidente del Colegio Dominicano de Economistas, consider\u00f3 que el crecimiento de 7.1% del producto interno bruto (PIB) dominicano en 2014, anunciado por las autoridades del Banco Central, constituye un gran logro.&nbsp;<\/span><\/span><\/p>\n<p style=\"margin-bottom: 10px; color: rgb(51, 51, 51); line-height: 18px; text-align: justify; background-color: rgb(255, 255, 255);\"><span style=\"font-family:verdana,geneva,sans-serif;\"><span style=\"font-size:12px;\">Para el economista Selman en el pasado a\u00f1o, en t\u00e9rminos econ\u00f3micos el pa\u00eds tuvo un desempe\u00f1o favorable, que no gener\u00f3 un crecimiento de amplio espectro, sino que se limit\u00f3 a algunos sectores y enclaves de la econom\u00eda y no permiti\u00f3 la reducci\u00f3n de los niveles de pobreza.<\/span><\/span><\/p>\n<p style=\"margin-bottom: 10px; color: rgb(51, 51, 51); line-height: 18px; text-align: justify; background-color: rgb(255, 255, 255);\"><span style=\"font-family:verdana,geneva,sans-serif;\"><span style=\"font-size:12px;\">Considera que el desempe\u00f1o logrado ha sido saludable impulsado por sectores como turismo, comercio y construcci\u00f3n.<\/span><\/span><\/p>\n<p style=\"margin-bottom: 10px; color: rgb(51, 51, 51); line-height: 18px; text-align: justify; background-color: rgb(255, 255, 255);\"><span style=\"font-family:verdana,geneva,sans-serif;\"><span style=\"font-size:12px;\">Otras cifras que valor\u00f3 como optimistas fueron la del desempleo, que seg\u00fan el BC se ubica en un 6% y la de la inflaci\u00f3n en 1.58%.<\/span><\/span><\/p>\n<p style=\"margin-bottom: 10px; color: rgb(51, 51, 51); line-height: 18px; text-align: justify; background-color: rgb(255, 255, 255);\"><span style=\"font-family:verdana,geneva,sans-serif;\"><span style=\"font-size:12px;\">Explic\u00f3 que al comparar los datos de desempleo de pa\u00edses como Inglaterra (6%) y Estados Unidos (5.8%), resulta que &ldquo;en este caso, si Rep\u00fablica Dominicana tiene un desempleo de 6%, ser\u00eda menor que el que tiene Australia (6.4%) y Alemania (6.5%). &nbsp;<\/span><\/span><\/p>\n<p style=\"margin-bottom: 10px; color: rgb(51, 51, 51); line-height: 18px; text-align: justify; background-color: rgb(255, 255, 255);\"><span style=\"font-family:verdana,geneva,sans-serif;\"><span style=\"font-size:12px;\">En el caso de la inflaci\u00f3n, Selman indic\u00f3 que si se toman en consideraci\u00f3n las \u00fanicas tres econom\u00edas que utilizan el d\u00f3lar como medio circulante (Ecuador, El Salvador y Panam\u00e1) su promedio de inflaci\u00f3n fue de 2.28%, parecer\u00eda muy optimista para una econom\u00eda con una moneda propia, como Rep\u00fablica Dominicana.<\/span><\/span><\/p>\n<p style=\"margin-bottom: 10px; color: rgb(51, 51, 51); line-height: 18px; text-align: justify; background-color: rgb(255, 255, 255);\"><span style=\"font-family:verdana,geneva,sans-serif;\"><span style=\"font-size:12px;\">Expres\u00f3 que s\u00ed est\u00e1 claro que el pa\u00eds mejor\u00f3 su posici\u00f3n en t\u00e9rminos financieros respecto al mundo, porque gener\u00f3 &nbsp;m\u00e1s d\u00f3lares, por medio del crecimiento en las remesas (8.4%), el turismo (10.8%), la inversi\u00f3n extranjera directa (12%) y las exportaciones de oro y plata, y de las zonas francas.<\/span><\/span><\/p>\n<p style=\"margin-bottom: 10px; color: rgb(51, 51, 51); line-height: 18px; text-align: justify; background-color: rgb(255, 255, 255);\"><span style=\"font-family:verdana,geneva,sans-serif;\"><span style=\"font-size:12px;\">El economista llam\u00f3 la atenci\u00f3n sobre la ca\u00edda de 9.4% en las exportaciones nacionales, exceptuando las de zonas francas &nbsp;y refiri\u00f3 que en 2013 fue un 5%. Explic\u00f3 que esto refleja un problema en la estructura de costos de producci\u00f3n que afecta la competitividad de las empresas porque sugiere apurar las reformas estructurales.<\/span><\/span><\/p>\n<p style=\"margin-bottom: 10px; color: rgb(51, 51, 51); line-height: 18px; text-align: justify; background-color: rgb(255, 255, 255);\"><span style=\"font-family:verdana,geneva,sans-serif;\"><span style=\"font-size:12px;\">Selman destac\u00f3 que la reducci\u00f3n de los precios del petr\u00f3leo impactar\u00e1 positivamente en &nbsp;2015, lo que representa una gran oportunidad para el pa\u00eds. Sin embargo indic\u00f3 que se debe evitar que el derroche de recursos p\u00fablicos en campa\u00f1a electoral impida aprovechar estos &nbsp;ahorros.<\/span><\/span><\/p>\n<p style=\"margin-bottom: 10px; color: rgb(51, 51, 51); line-height: 18px; text-align: justify; background-color: rgb(255, 255, 255);\"><span style=\"font-family:verdana,geneva,sans-serif;\"><span style=\"font-size:12px;\">Se mostr\u00f3 esc\u00e9ptico con respecto a la posibilidad de que se realicen las reformas estructurales que se necesitan para poder competir y fortalecer las exportaciones, ya que indic\u00f3 que este es un a\u00f1o preelectoral. &nbsp;<\/span><\/span><\/p>\n<p style=\"margin-bottom: 10px; color: rgb(51, 51, 51); line-height: 18px; text-align: justify; background-color: rgb(255, 255, 255);\"><span style=\"font-family:verdana,geneva,sans-serif;\"><span style=\"font-size:12px;\"><b>Transformaciones<\/b><br \/>El economista Nelson Pe\u00f1a record\u00f3 en el informe anual de la CEPAL (Comisi\u00f3n Econ\u00f3mica para Am\u00e9rica Latina y el Caribe) &nbsp;se afirma que RD encabeza el crecimiento en econ\u00f3mico de la regi\u00f3n, con proyecciones promisorias para este a\u00f1o 2015.&nbsp;<\/span><\/span><\/p>\n<p style=\"margin-bottom: 10px; color: rgb(51, 51, 51); line-height: 18px; text-align: justify; background-color: rgb(255, 255, 255);\"><span style=\"font-family:verdana,geneva,sans-serif;\"><span style=\"font-size:12px;\">No obstante, se pregunt\u00f3 &iquest;De qu\u00e9 sirve este crecimiento sino cambia la calidad de vida del dominicano? &nbsp;Asume que es el Estado dominicano quien debe realizar las transformaciones estructurales que faciliten &nbsp;reducir la inequidad, a trav\u00e9s de pol\u00edticas p\u00fablicas que permitan una mejor distribuci\u00f3n de los resultados del trabajo.<\/span><\/span><\/p>\n<p style=\"margin-bottom: 10px; color: rgb(51, 51, 51); line-height: 18px; text-align: justify; background-color: rgb(255, 255, 255);\"><span style=\"font-family:verdana,geneva,sans-serif;\"><span style=\"font-size:12px;\">Dijo que estas tranformaciones deben impactar en el consumo, la inversi\u00f3n y en la generaci\u00f3n de empleos, y por tanto sustentar un crecimiento con equidad.&nbsp;<\/span><\/span><\/p>\n<p style=\"margin-bottom: 10px; color: rgb(51, 51, 51); line-height: 18px; text-align: justify; background-color: rgb(255, 255, 255);\"><span style=\"font-family:verdana,geneva,sans-serif;\"><span style=\"font-size:12px;\">Indic\u00f3 que es notable el descenso de los sectores industriales y agropecuarios, donde el mayor porcentaje de participaci\u00f3n es el sector servicio, y esto explica en parte el bajo impacto de este crecimiento en la generaci\u00f3n de empleo. Esta situaci\u00f3n incentiva la informalidad, especialmente entre los j\u00f3venes como medio de supervivencia, agreg\u00f3.&nbsp;<\/span><\/span><\/p>\n<p style=\"margin-bottom: 10px; color: rgb(51, 51, 51); line-height: 18px; text-align: justify; background-color: rgb(255, 255, 255);\"><span style=\"font-family:verdana,geneva,sans-serif;\"><span style=\"font-size:12px;\">&ldquo;Si bien es cierto que Dominicana ha logrado en una d\u00e9cada una tasa de crecimiento de un 7%, considerado por el Banco Mundial como uno de los mejores desempe\u00f1os de America Latina y el Caribe; no es menos cierto, la &nbsp;persistencia de la pobreza y el desempleo. La desocupaci\u00f3n de &nbsp;los j\u00f3venes entre 20 y 24 a\u00f1os es dos veces mayor que el de la poblaci\u00f3n 30%&rdquo;, explic\u00f3.<\/span><\/span><\/p>\n<p style=\"margin-bottom: 10px; color: rgb(51, 51, 51); line-height: 18px; text-align: justify; background-color: rgb(255, 255, 255);\"><span style=\"font-family:verdana,geneva,sans-serif;\"><span style=\"font-size:12px;\"><b>Sector agropecuario<\/b><br \/>L\u00edderes del sector agropecuario se mostraron regocijados por el desempe\u00f1o y el impacto que tuvo el a\u00f1o pasado la agropecuaria en la econom\u00eda nacional que, seg\u00fan los datos del Banco Central, experiment\u00f3 un crecimiento de 5.2%.<\/span><\/span><\/p>\n<p style=\"margin-bottom: 10px; color: rgb(51, 51, 51); line-height: 18px; text-align: justify; background-color: rgb(255, 255, 255);\"><span style=\"font-family:verdana,geneva,sans-serif;\"><span style=\"font-size:12px;\">El presidente de la Confederaci\u00f3n Nacional de Productores Agropecuarios (Confenagro), Eric Rivero, y el presidente ejecutivo de la Junta Agroempresarial Dominicana (JAD), Osmar Ben\u00edtez, coincidieron en que este crecimiento se debe fundamentalmente al inter\u00e9s que el Gobierno ha puesto en el campo.&nbsp;<\/span><\/span><\/p>\n<p style=\"margin-bottom: 10px; color: rgb(51, 51, 51); line-height: 18px; text-align: justify; background-color: rgb(255, 255, 255);\"><span style=\"font-family:verdana,geneva,sans-serif;\"><span style=\"font-size:12px;\">Para Rivero, el incremento de las exportaciones y la disponibilidad de recursos para los productores a trav\u00e9s del Banco Agr\u00edcola fueron los factores que m\u00e1s contribuyeron a que el sector registrara un comportamiento positivo.<\/span><\/span><\/p>\n<p style=\"margin-bottom: 10px; color: rgb(51, 51, 51); line-height: 18px; text-align: justify; background-color: rgb(255, 255, 255);\"><span style=\"font-family:verdana,geneva,sans-serif;\"><span style=\"font-size:12px;\">Mientras, Ben\u00edtez consider\u00f3 que seguido de la expansi\u00f3n del cr\u00e9dito agr\u00edcola, lo que m\u00e1s contribuy\u00f3 con el crecimiento del sector fue la incorporaci\u00f3n de nuevos cultivos y \u00e1reas a la producci\u00f3n. Refiri\u00f3 que el a\u00f1o pasado hubo m\u00e1s producci\u00f3n de habichuelas, arroz, cacao, pollo y se sembraron m\u00e1s tareas de ma\u00edz, caf\u00e9 y aguacate. Agreg\u00f3 que la producci\u00f3n de banano aument\u00f3 de 350,000 cajas semanales a casi 400,000.<\/span><\/span><\/p>\n<p style=\"margin-bottom: 10px; color: rgb(51, 51, 51); line-height: 18px; text-align: justify; background-color: rgb(255, 255, 255);\"><span style=\"font-family:verdana,geneva,sans-serif;\"><span style=\"font-size:12px;\">Ben\u00edtez destac\u00f3 adem\u00e1s que muchos proyectos que iniciaron entre el 2013 y 2014 comenzar\u00e1n a producir este a\u00f1o. Esto le permite proyectar que este 2015 el crecimiento del sector agropecuario se situar\u00e1 en torno al 8%. El presidente de Confenagro tambi\u00e9n mantiene buenas perspectivas.<\/span><\/span><\/p>\n<p style=\"margin-bottom: 10px; color: rgb(51, 51, 51); line-height: 18px; text-align: justify; background-color: rgb(255, 255, 255);\"><span style=\"font-family:verdana,geneva,sans-serif;\"><span style=\"font-size:12px;\">No obstante, el presidente ejecutivo de la JAD cuestion\u00f3 que los resultados presentados por el BCRD no se corresponden con los c\u00e1lculos y proyecciones que hab\u00edan hecho los especialistas de las organizaciones del sector. &ldquo;La proyecci\u00f3n nuestra estaba ligeramente por encima del 6%, esa era nuestra expectativa&rdquo;, indic\u00f3.<\/span><\/span><\/p>\n<p style=\"margin-bottom: 10px; color: rgb(51, 51, 51); line-height: 18px; text-align: justify; background-color: rgb(255, 255, 255);\"><span style=\"font-family:verdana,geneva,sans-serif;\"><span style=\"font-size:12px;\"><b>((Miner\u00eda&nbsp;<br \/>Destacan importancia de industria extractiva&nbsp;<\/b><br \/>El sector de la miner\u00eda creci\u00f3 20.9% en 2014. Para el ministro de Energ\u00eda y Minas,Pelegr\u00edn Castillo, esos indicadores son elocuentes, tras recalcar que resulta imposible el desarrollo dominicano sin el aprovechamiento racional y sostenible de los recursos no renovables de la miner\u00eda met\u00e1lica y no met\u00e1lica. Asimismo, el director de Miner\u00eda, Alexander Medina, dijo que parte del crecimiento en 2014 del sector minero (20.9%, de acuerdo al Banco Central) se debe al aporte de todas las compa\u00f1\u00edas mineras que el a\u00f1o pasado lograron estabilizar su pico de producci\u00f3n.&nbsp;<\/span><\/span><\/p>\n<p style=\"margin-bottom: 10px; color: rgb(51, 51, 51); line-height: 18px; text-align: justify; background-color: rgb(255, 255, 255);\"><span style=\"font-family:verdana,geneva,sans-serif;\"><span style=\"font-size:12px;\">Entre estas, Medina mencion\u00f3 a la Barrick Gold, que inici\u00f3 sus operaciones en 2012, en 2013 estuvo en proceso de estabilizaci\u00f3n de su producci\u00f3n y en 2014 ya estaba con su producci\u00f3n estabilizada (m\u00e1s de un mill\u00f3n de onzas de oro). Medina indic\u00f3 que este 2015 se pronostica una producci\u00f3n de seis millones de onzas de plata y 12 millones de libras de cobre. &ldquo;La miner\u00eda es una de las actividades productivas m\u00e1s importantes del pa\u00eds, representa ingresos de m\u00e1s de US$330 millones al a\u00f1o. Aun cuando los precios del oro bajaron se ha podido mantener&rdquo;, se expres\u00f3. Agreg\u00f3 que el Ministerio y el Gobierno le otorgan mucha importancia al sector y que al pa\u00eds le conviene que este act\u00fae de manera regulada. &ldquo;Mientras m\u00e1s producen m\u00e1s beneficios le ofrecen al Estado&rdquo;, dijo.<\/span><\/span><\/p>\n<div class=\"pvc_clear\"><\/div>\n<p class=\"pvc_stats all \" data-element-id=\"20360\" style=\"\"><i class=\"pvc-stats-icon medium\" aria-hidden=\"true\"><svg aria-hidden=\"true\" focusable=\"false\" data-prefix=\"far\" data-icon=\"chart-bar\" role=\"img\" xmlns=\"http:\/\/www.w3.org\/2000\/svg\" viewBox=\"0 0 512 512\" class=\"svg-inline--fa fa-chart-bar fa-w-16 fa-2x\"><path fill=\"currentColor\" d=\"M396.8 352h22.4c6.4 0 12.8-6.4 12.8-12.8V108.8c0-6.4-6.4-12.8-12.8-12.8h-22.4c-6.4 0-12.8 6.4-12.8 12.8v230.4c0 6.4 6.4 12.8 12.8 12.8zm-192 0h22.4c6.4 0 12.8-6.4 12.8-12.8V140.8c0-6.4-6.4-12.8-12.8-12.8h-22.4c-6.4 0-12.8 6.4-12.8 12.8v198.4c0 6.4 6.4 12.8 12.8 12.8zm96 0h22.4c6.4 0 12.8-6.4 12.8-12.8V204.8c0-6.4-6.4-12.8-12.8-12.8h-22.4c-6.4 0-12.8 6.4-12.8 12.8v134.4c0 6.4 6.4 12.8 12.8 12.8zM496 400H48V80c0-8.84-7.16-16-16-16H16C7.16 64 0 71.16 0 80v336c0 17.67 14.33 32 32 32h464c8.84 0 16-7.16 16-16v-16c0-8.84-7.16-16-16-16zm-387.2-48h22.4c6.4 0 12.8-6.4 12.8-12.8v-70.4c0-6.4-6.4-12.8-12.8-12.8h-22.4c-6.4 0-12.8 6.4-12.8 12.8v70.4c0 6.4 6.4 12.8 12.8 12.8z\" class=\"\"><\/path><\/svg><\/i> Vistas Totales&nbsp;281&nbsp;, Vistas Hoy&nbsp;2&nbsp;<\/p>\n<div class=\"pvc_clear\"><\/div>\n","protected":false},"excerpt":{"rendered":"<p>Autores: Lilian Tejeda, Patria Reyes, Ram\u00f3n P\u00e9rez Reyes y Layza SierraFuente: www.listindiario.comFecha: 09 Enero 2015Los datos ofrecidos por el gobernador del Banco Central sobre el desempe\u00f1o econ\u00f3mico del pa\u00eds durante 2014 fueron valorados positivamente por distintos sectores de la vida nacional.<\/p>\n<div class=\"pvc_clear\"><\/div>\n<p class=\"pvc_stats all \" data-element-id=\"20360\" style=\"\"><i class=\"pvc-stats-icon medium\" aria-hidden=\"true\"><svg aria-hidden=\"true\" focusable=\"false\" data-prefix=\"far\" data-icon=\"chart-bar\" role=\"img\" xmlns=\"http:\/\/www.w3.org\/2000\/svg\" viewBox=\"0 0 512 512\" class=\"svg-inline--fa fa-chart-bar fa-w-16 fa-2x\"><path fill=\"currentColor\" d=\"M396.8 352h22.4c6.4 0 12.8-6.4 12.8-12.8V108.8c0-6.4-6.4-12.8-12.8-12.8h-22.4c-6.4 0-12.8 6.4-12.8 12.8v230.4c0 6.4 6.4 12.8 12.8 12.8zm-192 0h22.4c6.4 0 12.8-6.4 12.8-12.8V140.8c0-6.4-6.4-12.8-12.8-12.8h-22.4c-6.4 0-12.8 6.4-12.8 12.8v198.4c0 6.4 6.4 12.8 12.8 12.8zm96 0h22.4c6.4 0 12.8-6.4 12.8-12.8V204.8c0-6.4-6.4-12.8-12.8-12.8h-22.4c-6.4 0-12.8 6.4-12.8 12.8v134.4c0 6.4 6.4 12.8 12.8 12.8zM496 400H48V80c0-8.84-7.16-16-16-16H16C7.16 64 0 71.16 0 80v336c0 17.67 14.33 32 32 32h464c8.84 0 16-7.16 16-16v-16c0-8.84-7.16-16-16-16zm-387.2-48h22.4c6.4 0 12.8-6.4 12.8-12.8v-70.4c0-6.4-6.4-12.8-12.8-12.8h-22.4c-6.4 0-12.8 6.4-12.8 12.8v70.4c0 6.4 6.4 12.8 12.8 12.8z\" class=\"\"><\/path><\/svg><\/i> Vistas Totales&nbsp;281&nbsp;, Vistas Hoy&nbsp;2&nbsp;<\/p>\n<div class=\"pvc_clear\"><\/div>\n","protected":false},"author":2,"featured_media":0,"comment_status":"open","ping_status":"open","sticky":false,"template":"","format":"standard","meta":{"footnotes":""},"categories":[21],"tags":[],"class_list":["post-20360","post","type-post","status-publish","format-standard","hentry","category-blog"],"yoast_head":"<!-- This site is optimized with the Yoast SEO plugin v25.2 - https:\/\/yoast.com\/wordpress\/plugins\/seo\/ -->\n<title>Sectores valoran datos del BC | CREES<\/title>\n<meta name=\"robots\" content=\"index, follow, max-snippet:-1, max-image-preview:large, max-video-preview:-1\" \/>\n<link rel=\"canonical\" href=\"https:\/\/crees.org.do\/?p=20360\" \/>\n<meta property=\"og:locale\" content=\"es_ES\" \/>\n<meta property=\"og:type\" content=\"article\" \/>\n<meta property=\"og:title\" content=\"Sectores valoran datos del BC | CREES\" \/>\n<meta property=\"og:description\" content=\"Autores: Lilian Tejeda, Patria Reyes, Ram\u00f3n P\u00e9rez Reyes y Layza SierraFuente: www.listindiario.comFecha: 09 Enero 2015Los datos ofrecidos por el gobernador del Banco Central sobre el desempe\u00f1o econ\u00f3mico del pa\u00eds durante 2014 fueron valorados positivamente por distintos sectores de la vida nacional.\" \/>\n<meta property=\"og:url\" content=\"https:\/\/crees.org.do\/?p=20360\" \/>\n<meta property=\"og:site_name\" content=\"CREES\" \/>\n<meta property=\"article:publisher\" content=\"https:\/\/www.facebook.com\/CREESRD\/\" \/>\n<meta property=\"article:published_time\" content=\"2015-01-01T00:00:00+00:00\" \/>\n<meta property=\"og:image\" content=\"https:\/\/crees.org.do\/wp-content\/uploads\/2022\/03\/crees-logo-1.jpg\" \/>\n\t<meta property=\"og:image:width\" content=\"244\" \/>\n\t<meta property=\"og:image:height\" content=\"71\" \/>\n\t<meta property=\"og:image:type\" content=\"image\/jpeg\" \/>\n<meta name=\"author\" content=\"Crees\" \/>\n<meta name=\"twitter:card\" content=\"summary_large_image\" \/>\n<meta name=\"twitter:creator\" content=\"@CREESRD\" \/>\n<meta name=\"twitter:site\" content=\"@CREESRD\" \/>\n<meta name=\"twitter:label1\" content=\"Escrito por\" \/>\n\t<meta name=\"twitter:data1\" content=\"Crees\" \/>\n\t<meta name=\"twitter:label2\" content=\"Tiempo de lectura\" \/>\n\t<meta name=\"twitter:data2\" content=\"7 minutos\" \/>\n<script type=\"application\/ld+json\" class=\"yoast-schema-graph\">{\"@context\":\"https:\/\/schema.org\",\"@graph\":[{\"@type\":\"Article\",\"@id\":\"https:\/\/crees.org.do\/?p=20360#article\",\"isPartOf\":{\"@id\":\"https:\/\/crees.org.do\/?p=20360\"},\"author\":{\"name\":\"Crees\",\"@id\":\"https:\/\/crees.org.do\/#\/schema\/person\/e7f97cd94d7bf9cd0e0ce30acb7d56b8\"},\"headline\":\"Sectores valoran datos del BC\",\"datePublished\":\"2015-01-01T00:00:00+00:00\",\"mainEntityOfPage\":{\"@id\":\"https:\/\/crees.org.do\/?p=20360\"},\"wordCount\":1337,\"commentCount\":0,\"publisher\":{\"@id\":\"https:\/\/crees.org.do\/#organization\"},\"articleSection\":[\"Blog\"],\"inLanguage\":\"es\"},{\"@type\":\"WebPage\",\"@id\":\"https:\/\/crees.org.do\/?p=20360\",\"url\":\"https:\/\/crees.org.do\/?p=20360\",\"name\":\"Sectores valoran datos del BC | CREES\",\"isPartOf\":{\"@id\":\"https:\/\/crees.org.do\/#website\"},\"datePublished\":\"2015-01-01T00:00:00+00:00\",\"breadcrumb\":{\"@id\":\"https:\/\/crees.org.do\/?p=20360#breadcrumb\"},\"inLanguage\":\"es\",\"potentialAction\":[{\"@type\":\"ReadAction\",\"target\":[\"https:\/\/crees.org.do\/?p=20360\"]}]},{\"@type\":\"BreadcrumbList\",\"@id\":\"https:\/\/crees.org.do\/?p=20360#breadcrumb\",\"itemListElement\":[{\"@type\":\"ListItem\",\"position\":1,\"name\":\"Portada\",\"item\":\"https:\/\/crees.org.do\/\"},{\"@type\":\"ListItem\",\"position\":2,\"name\":\"Sectores valoran datos del BC\"}]},{\"@type\":\"WebSite\",\"@id\":\"https:\/\/crees.org.do\/#website\",\"url\":\"https:\/\/crees.org.do\/\",\"name\":\"CREES\",\"description\":\"Centro Regional de Estrategias Econ\u00f3micas Sostenibles\",\"publisher\":{\"@id\":\"https:\/\/crees.org.do\/#organization\"},\"potentialAction\":[{\"@type\":\"SearchAction\",\"target\":{\"@type\":\"EntryPoint\",\"urlTemplate\":\"https:\/\/crees.org.do\/?s={search_term_string}\"},\"query-input\":{\"@type\":\"PropertyValueSpecification\",\"valueRequired\":true,\"valueName\":\"search_term_string\"}}],\"inLanguage\":\"es\"},{\"@type\":\"Organization\",\"@id\":\"https:\/\/crees.org.do\/#organization\",\"name\":\"CREES | Centro Regional de Estrategias Econ\u00f3micas Sostenibles\",\"url\":\"https:\/\/crees.org.do\/\",\"logo\":{\"@type\":\"ImageObject\",\"inLanguage\":\"es\",\"@id\":\"https:\/\/crees.org.do\/#\/schema\/logo\/image\/\",\"url\":\"https:\/\/crees.org.do\/wp-content\/uploads\/2022\/03\/crees-logo-1.jpg\",\"contentUrl\":\"https:\/\/crees.org.do\/wp-content\/uploads\/2022\/03\/crees-logo-1.jpg\",\"width\":244,\"height\":71,\"caption\":\"CREES | Centro Regional de Estrategias Econ\u00f3micas Sostenibles\"},\"image\":{\"@id\":\"https:\/\/crees.org.do\/#\/schema\/logo\/image\/\"},\"sameAs\":[\"https:\/\/www.facebook.com\/CREESRD\/\",\"https:\/\/x.com\/CREESRD\"]},{\"@type\":\"Person\",\"@id\":\"https:\/\/crees.org.do\/#\/schema\/person\/e7f97cd94d7bf9cd0e0ce30acb7d56b8\",\"name\":\"Crees\",\"image\":{\"@type\":\"ImageObject\",\"inLanguage\":\"es\",\"@id\":\"https:\/\/crees.org.do\/#\/schema\/person\/image\/\",\"url\":\"https:\/\/secure.gravatar.com\/avatar\/390ac8f0be5d9aa046152553e2dd7011b59a512d89c150f5e5f28bb8d9a0b165?s=96&d=mm&r=g\",\"contentUrl\":\"https:\/\/secure.gravatar.com\/avatar\/390ac8f0be5d9aa046152553e2dd7011b59a512d89c150f5e5f28bb8d9a0b165?s=96&d=mm&r=g\",\"caption\":\"Crees\"},\"url\":\"https:\/\/crees.org.do\/?author=2\"}]}<\/script>\n<!-- \/ Yoast SEO plugin. -->","yoast_head_json":{"title":"Sectores valoran datos del BC | CREES","robots":{"index":"index","follow":"follow","max-snippet":"max-snippet:-1","max-image-preview":"max-image-preview:large","max-video-preview":"max-video-preview:-1"},"canonical":"https:\/\/crees.org.do\/?p=20360","og_locale":"es_ES","og_type":"article","og_title":"Sectores valoran datos del BC | CREES","og_description":"Autores: Lilian Tejeda, Patria Reyes, Ram\u00f3n P\u00e9rez Reyes y Layza SierraFuente: www.listindiario.comFecha: 09 Enero 2015Los datos ofrecidos por el gobernador del Banco Central sobre el desempe\u00f1o econ\u00f3mico del pa\u00eds durante 2014 fueron valorados positivamente por distintos sectores de la vida nacional.","og_url":"https:\/\/crees.org.do\/?p=20360","og_site_name":"CREES","article_publisher":"https:\/\/www.facebook.com\/CREESRD\/","article_published_time":"2015-01-01T00:00:00+00:00","og_image":[{"width":244,"height":71,"url":"https:\/\/crees.org.do\/wp-content\/uploads\/2022\/03\/crees-logo-1.jpg","type":"image\/jpeg"}],"author":"Crees","twitter_card":"summary_large_image","twitter_creator":"@CREESRD","twitter_site":"@CREESRD","twitter_misc":{"Escrito por":"Crees","Tiempo de lectura":"7 minutos"},"schema":{"@context":"https:\/\/schema.org","@graph":[{"@type":"Article","@id":"https:\/\/crees.org.do\/?p=20360#article","isPartOf":{"@id":"https:\/\/crees.org.do\/?p=20360"},"author":{"name":"Crees","@id":"https:\/\/crees.org.do\/#\/schema\/person\/e7f97cd94d7bf9cd0e0ce30acb7d56b8"},"headline":"Sectores valoran datos del BC","datePublished":"2015-01-01T00:00:00+00:00","mainEntityOfPage":{"@id":"https:\/\/crees.org.do\/?p=20360"},"wordCount":1337,"commentCount":0,"publisher":{"@id":"https:\/\/crees.org.do\/#organization"},"articleSection":["Blog"],"inLanguage":"es"},{"@type":"WebPage","@id":"https:\/\/crees.org.do\/?p=20360","url":"https:\/\/crees.org.do\/?p=20360","name":"Sectores valoran datos del BC | CREES","isPartOf":{"@id":"https:\/\/crees.org.do\/#website"},"datePublished":"2015-01-01T00:00:00+00:00","breadcrumb":{"@id":"https:\/\/crees.org.do\/?p=20360#breadcrumb"},"inLanguage":"es","potentialAction":[{"@type":"ReadAction","target":["https:\/\/crees.org.do\/?p=20360"]}]},{"@type":"BreadcrumbList","@id":"https:\/\/crees.org.do\/?p=20360#breadcrumb","itemListElement":[{"@type":"ListItem","position":1,"name":"Portada","item":"https:\/\/crees.org.do\/"},{"@type":"ListItem","position":2,"name":"Sectores valoran datos del BC"}]},{"@type":"WebSite","@id":"https:\/\/crees.org.do\/#website","url":"https:\/\/crees.org.do\/","name":"CREES","description":"Centro Regional de Estrategias Econ\u00f3micas Sostenibles","publisher":{"@id":"https:\/\/crees.org.do\/#organization"},"potentialAction":[{"@type":"SearchAction","target":{"@type":"EntryPoint","urlTemplate":"https:\/\/crees.org.do\/?s={search_term_string}"},"query-input":{"@type":"PropertyValueSpecification","valueRequired":true,"valueName":"search_term_string"}}],"inLanguage":"es"},{"@type":"Organization","@id":"https:\/\/crees.org.do\/#organization","name":"CREES | Centro Regional de Estrategias Econ\u00f3micas Sostenibles","url":"https:\/\/crees.org.do\/","logo":{"@type":"ImageObject","inLanguage":"es","@id":"https:\/\/crees.org.do\/#\/schema\/logo\/image\/","url":"https:\/\/crees.org.do\/wp-content\/uploads\/2022\/03\/crees-logo-1.jpg","contentUrl":"https:\/\/crees.org.do\/wp-content\/uploads\/2022\/03\/crees-logo-1.jpg","width":244,"height":71,"caption":"CREES | Centro Regional de Estrategias Econ\u00f3micas Sostenibles"},"image":{"@id":"https:\/\/crees.org.do\/#\/schema\/logo\/image\/"},"sameAs":["https:\/\/www.facebook.com\/CREESRD\/","https:\/\/x.com\/CREESRD"]},{"@type":"Person","@id":"https:\/\/crees.org.do\/#\/schema\/person\/e7f97cd94d7bf9cd0e0ce30acb7d56b8","name":"Crees","image":{"@type":"ImageObject","inLanguage":"es","@id":"https:\/\/crees.org.do\/#\/schema\/person\/image\/","url":"https:\/\/secure.gravatar.com\/avatar\/390ac8f0be5d9aa046152553e2dd7011b59a512d89c150f5e5f28bb8d9a0b165?s=96&d=mm&r=g","contentUrl":"https:\/\/secure.gravatar.com\/avatar\/390ac8f0be5d9aa046152553e2dd7011b59a512d89c150f5e5f28bb8d9a0b165?s=96&d=mm&r=g","caption":"Crees"},"url":"https:\/\/crees.org.do\/?author=2"}]}},"_links":{"self":[{"href":"https:\/\/crees.org.do\/index.php?rest_route=\/wp\/v2\/posts\/20360","targetHints":{"allow":["GET"]}}],"collection":[{"href":"https:\/\/crees.org.do\/index.php?rest_route=\/wp\/v2\/posts"}],"about":[{"href":"https:\/\/crees.org.do\/index.php?rest_route=\/wp\/v2\/types\/post"}],"author":[{"embeddable":true,"href":"https:\/\/crees.org.do\/index.php?rest_route=\/wp\/v2\/users\/2"}],"replies":[{"embeddable":true,"href":"https:\/\/crees.org.do\/index.php?rest_route=%2Fwp%2Fv2%2Fcomments&post=20360"}],"version-history":[{"count":0,"href":"https:\/\/crees.org.do\/index.php?rest_route=\/wp\/v2\/posts\/20360\/revisions"}],"wp:attachment":[{"href":"https:\/\/crees.org.do\/index.php?rest_route=%2Fwp%2Fv2%2Fmedia&parent=20360"}],"wp:term":[{"taxonomy":"category","embeddable":true,"href":"https:\/\/crees.org.do\/index.php?rest_route=%2Fwp%2Fv2%2Fcategories&post=20360"},{"taxonomy":"post_tag","embeddable":true,"href":"https:\/\/crees.org.do\/index.php?rest_route=%2Fwp%2Fv2%2Ftags&post=20360"}],"curies":[{"name":"wp","href":"https:\/\/api.w.org\/{rel}","templated":true}]}}