{"id":20363,"date":"2015-01-01T00:00:00","date_gmt":"2015-01-01T00:00:00","guid":{"rendered":"https:\/\/crees.org.do\/crees-cita-factores-impiden-baja-petroleo-toque-a-mayoria\/"},"modified":"2015-01-01T00:00:00","modified_gmt":"2015-01-01T00:00:00","slug":"crees-cita-factores-impiden-baja-petroleo-toque-a-mayoria","status":"publish","type":"post","link":"https:\/\/crees.org.do\/?p=20363","title":{"rendered":"CREES cita factores impiden baja petr\u00f3leo toque a mayor\u00eda"},"content":{"rendered":"<p style=\"border: 0px; font-family: Arial, Helvetica, sans-serif; margin-bottom: 15px; outline: 0px; padding: 0px; vertical-align: baseline; color: rgb(20, 20, 20); line-height: 22px; text-align: justify; background-color: rgb(255, 255, 255);\"><span style=\"font-size:12px;\"><span style=\"font-family:verdana,geneva,sans-serif;\">Autora: Soila Paniagua<\/span><\/span><\/p>\n<p style=\"border: 0px; font-family: Arial, Helvetica, sans-serif; margin-bottom: 15px; outline: 0px; padding: 0px; vertical-align: baseline; color: rgb(20, 20, 20); line-height: 22px; text-align: justify; background-color: rgb(255, 255, 255);\"><span style=\"font-size:12px;\"><span style=\"font-family:verdana,geneva,sans-serif;\">Fuente: <a href=\"http:\/\/hoy.com.do\/crees-cita-factores-impiden-baja-petroleo-toque-a-mayoria\/\">www.hoy.com.do<\/a><\/span><\/span><\/p>\n<p style=\"border: 0px; font-family: Arial, Helvetica, sans-serif; margin-bottom: 15px; outline: 0px; padding: 0px; vertical-align: baseline; color: rgb(20, 20, 20); line-height: 22px; text-align: justify; background-color: rgb(255, 255, 255);\"><span style=\"font-size:12px;\"><span style=\"font-family:verdana,geneva,sans-serif;\">Fecha: 17 Enero 2015<\/span><\/span><\/p>\n<p style=\"border: 0px; font-family: Arial, Helvetica, sans-serif; margin-bottom: 15px; outline: 0px; padding: 0px; vertical-align: baseline; color: rgb(20, 20, 20); line-height: 22px; text-align: justify; background-color: rgb(255, 255, 255);\">&nbsp;<\/p>\n<p style=\"border: 0px; font-family: Arial, Helvetica, sans-serif; margin-bottom: 15px; outline: 0px; padding: 0px; vertical-align: baseline; color: rgb(20, 20, 20); line-height: 22px; text-align: justify; background-color: rgb(255, 255, 255);\"><span style=\"font-size:12px;\"><span style=\"font-family:verdana,geneva,sans-serif;\">Pol\u00edticas p\u00fablicas inadecuadas y la permisividad de los gobiernos cuando grupos de presi\u00f3n imponen su voluntad sobre el resto, impiden que la mayor\u00eda de la poblaci\u00f3n se beneficie de la reducci\u00f3n, por el orden del 55%, en el precio del barril de petr\u00f3leo, opin\u00f3 el economista Ernesto Selman, del Centro Regional de Estrategia Econ\u00f3mica Sostenible (CREES).<\/span><\/span><\/p>\n<p style=\"border: 0px; font-family: Arial, Helvetica, sans-serif; margin-bottom: 15px; outline: 0px; padding: 0px; vertical-align: baseline; color: rgb(20, 20, 20); line-height: 22px; text-align: justify; background-color: rgb(255, 255, 255);\"><span style=\"font-size:12px;\"><span style=\"font-family:verdana,geneva,sans-serif;\">consider\u00f3 cr\u00edtico para el pa\u00eds adoptar pol\u00edticas p\u00fablicas que permitan que los precios internos reflejen las fluctuaciones de los precios en el mercado mundial, introduciendo competencia, reglas de juego claras y consistentes en la econom\u00eda.<\/span><\/span><\/p>\n<p style=\"border: 0px; font-family: Arial, Helvetica, sans-serif; margin-bottom: 15px; outline: 0px; padding: 0px; vertical-align: baseline; color: rgb(20, 20, 20); line-height: 22px; text-align: justify; background-color: rgb(255, 255, 255);\"><span style=\"font-size:12px;\"><span style=\"font-family:verdana,geneva,sans-serif;\">Desde octubre pasado a la fecha los precios del barril del petr\u00f3leo cayeron de US$ 105 a US$47.00, sin embargo la gente se queja porque los precios de los productos han disminuido poco.<\/span><\/span><\/p>\n<p style=\"border: 0px; font-family: Arial, Helvetica, sans-serif; margin-bottom: 15px; outline: 0px; padding: 0px; vertical-align: baseline; color: rgb(20, 20, 20); line-height: 22px; text-align: justify; background-color: rgb(255, 255, 255);\"><span style=\"font-size:12px;\"><span style=\"font-family:verdana,geneva,sans-serif;\">&ldquo;Lamentablemente existen diversas razones que mantienen a Rep\u00fablica Dominicana de espaldas a una nueva realidad mundial con precios del barril de petr\u00f3leo a unos US$45, menor en aproximadamente 55% con respecto a inicios del 2014&rdquo;, indica el economista, tras citar parte de los factores que impiden que la mayor\u00eda se beneficie de la baja en la cotizaci\u00f3n del carburante.<\/span><\/span><\/p>\n<p style=\"border: 0px; font-family: Arial, Helvetica, sans-serif; margin-bottom: 15px; outline: 0px; padding: 0px; vertical-align: baseline; color: rgb(20, 20, 20); line-height: 22px; text-align: justify; background-color: rgb(255, 255, 255);\"><span style=\"font-size:12px;\"><span style=\"font-family:verdana,geneva,sans-serif;\">Entre los factores que impiden que esa baja se refleje en el precio de los productos y servicios cit\u00f3 la alta carga impositiva y el elevado costo de la tarifa el\u00e9ctrico. Tambi\u00e9n los complejos y costosos procesos burocr\u00e1ticos, los altos costos laborales no salariales y del transporte interno.<\/span><\/span><\/p>\n<p style=\"border: 0px; font-family: Arial, Helvetica, sans-serif; margin-bottom: 15px; outline: 0px; padding: 0px; vertical-align: baseline; color: rgb(20, 20, 20); line-height: 22px; text-align: justify; background-color: rgb(255, 255, 255);\"><span style=\"font-size:12px;\"><span style=\"font-family:verdana,geneva,sans-serif;\">En general, dijo que los precios en la econom\u00eda dominicana son elevados porque existe incertidumbre sobre el futuro, la estructura de costos es elevada y se imponen rigideces en ciertos precios claves en la econom\u00eda por la intervenci\u00f3n estatal o por poder monop\u00f3lico de unos pocos.<\/span><\/span><\/p>\n<p style=\"border: 0px; font-family: Arial, Helvetica, sans-serif; margin-bottom: 15px; outline: 0px; padding: 0px; vertical-align: baseline; color: rgb(20, 20, 20); line-height: 22px; text-align: justify; background-color: rgb(255, 255, 255);\"><span style=\"font-size:12px;\"><span style=\"font-family:verdana,geneva,sans-serif;\">Consider\u00f3 que Rep\u00fablica Dominicana es muy dependiente del comercio internacional, porque tiene una econom\u00eda peque\u00f1a que requiere importar alrededor del 53% de los bienes de consumo; insumos para la producci\u00f3n y bienes de capital para la inversi\u00f3n, como son maquinarias y equipos.<\/span><\/span><\/p>\n<p style=\"border: 0px; font-family: Arial, Helvetica, sans-serif; margin-bottom: 15px; outline: 0px; padding: 0px; vertical-align: baseline; color: rgb(20, 20, 20); line-height: 22px; text-align: justify; background-color: rgb(255, 255, 255);\"><span style=\"font-size:12px;\"><span style=\"font-family:verdana,geneva,sans-serif;\">&ldquo;Debido a que el mercado interno es limitado, dependemos del comercio internacional para ofrecer bienes y servicios a ciudadanos de otros pa\u00edses para generar riquezas que puedan reducir los niveles de pobreza&rdquo;, explic\u00f3.<\/span><\/span><\/p>\n<p style=\"border: 0px; font-family: Arial, Helvetica, sans-serif; margin-bottom: 15px; outline: 0px; padding: 0px; vertical-align: baseline; color: rgb(20, 20, 20); line-height: 22px; text-align: justify; background-color: rgb(255, 255, 255);\"><span style=\"font-size:12px;\"><span style=\"font-family:verdana,geneva,sans-serif;\">Estim\u00f3 que el transporte de carga en el pa\u00eds es el m\u00e1s caro de la regi\u00f3n centroamericana, y cit\u00f3 al Banco Interamericano de Desarrollo (BID) que indica que en el pa\u00eds el costo de mover un furg\u00f3n de 40 pies es de US$4.75 por kil\u00f3metro, comparado con un promedio de US$1.75 por kil\u00f3metro en Am\u00e9rica Central, pero como en Rep\u00fablica Dominicana no existe competencia, las tarifas de ese servicio no han sufrido mayores cambios pese a la baja del petr\u00f3leo.<\/span><\/span><\/p>\n<p style=\"border: 0px; font-family: Arial, Helvetica, sans-serif; margin-bottom: 15px; outline: 0px; padding: 0px; vertical-align: baseline; color: rgb(20, 20, 20); line-height: 22px; text-align: justify; background-color: rgb(255, 255, 255);\"><span style=\"font-size:12px;\"><span style=\"font-family:verdana,geneva,sans-serif;\">&ldquo;Las autoridades deben asumir una voluntad f\u00e9rrea para eliminar los privilegios irritantes que disfrutan esos grupos de presi\u00f3n, introducir competencia con tratamiento equitativo a todos los participantes y permitir a los privados que retiren sus propias mercanc\u00edas de los puertos&rdquo;, puntualiz\u00f3.<\/span><\/span><\/p>\n<p style=\"border: 0px; font-family: Arial, Helvetica, sans-serif; margin-bottom: 15px; outline: 0px; padding: 0px; vertical-align: baseline; color: rgb(20, 20, 20); line-height: 22px; text-align: justify; background-color: rgb(255, 255, 255);\"><span style=\"font-size:12px;\"><span style=\"font-family:verdana,geneva,sans-serif;\">Sobre la tarifa el\u00e9ctrica explic\u00f3 que con la reducci\u00f3n de los precios del petr\u00f3leo, las autoridades han visto la oportunidad de reducir el subsidio el\u00e9ctrico al mantener las tarifas inalteradas, lo que constituye un incentivo.<\/span><\/span><\/p>\n<p style=\"border: 0px; font-family: Arial, Helvetica, sans-serif; margin-bottom: 15px; outline: 0px; padding: 0px; vertical-align: baseline; color: rgb(20, 20, 20); line-height: 22px; text-align: justify; background-color: rgb(255, 255, 255);\"><span style=\"font-size:12px;\"><span style=\"font-family:verdana,geneva,sans-serif;\">Selman cree que se deben corregir las p\u00e9rdidas de una tercera parte de la energ\u00eda que compran las distribuidoras, los altos costos de algunos generadores y subsidios generalizados. &ldquo; Todo esto implica que se destinen cuantiosos recursos de los contribuyentes a subsidiar las distribuidoras de electricidad&rdquo;.<\/span><\/span><\/p>\n<div class=\"pvc_clear\"><\/div>\n<p class=\"pvc_stats all \" data-element-id=\"20363\" style=\"\"><i class=\"pvc-stats-icon medium\" aria-hidden=\"true\"><svg aria-hidden=\"true\" focusable=\"false\" data-prefix=\"far\" data-icon=\"chart-bar\" role=\"img\" xmlns=\"http:\/\/www.w3.org\/2000\/svg\" viewBox=\"0 0 512 512\" class=\"svg-inline--fa fa-chart-bar fa-w-16 fa-2x\"><path fill=\"currentColor\" d=\"M396.8 352h22.4c6.4 0 12.8-6.4 12.8-12.8V108.8c0-6.4-6.4-12.8-12.8-12.8h-22.4c-6.4 0-12.8 6.4-12.8 12.8v230.4c0 6.4 6.4 12.8 12.8 12.8zm-192 0h22.4c6.4 0 12.8-6.4 12.8-12.8V140.8c0-6.4-6.4-12.8-12.8-12.8h-22.4c-6.4 0-12.8 6.4-12.8 12.8v198.4c0 6.4 6.4 12.8 12.8 12.8zm96 0h22.4c6.4 0 12.8-6.4 12.8-12.8V204.8c0-6.4-6.4-12.8-12.8-12.8h-22.4c-6.4 0-12.8 6.4-12.8 12.8v134.4c0 6.4 6.4 12.8 12.8 12.8zM496 400H48V80c0-8.84-7.16-16-16-16H16C7.16 64 0 71.16 0 80v336c0 17.67 14.33 32 32 32h464c8.84 0 16-7.16 16-16v-16c0-8.84-7.16-16-16-16zm-387.2-48h22.4c6.4 0 12.8-6.4 12.8-12.8v-70.4c0-6.4-6.4-12.8-12.8-12.8h-22.4c-6.4 0-12.8 6.4-12.8 12.8v70.4c0 6.4 6.4 12.8 12.8 12.8z\" class=\"\"><\/path><\/svg><\/i> Vistas Totales&nbsp;298&nbsp;, Vistas Hoy&nbsp;2&nbsp;<\/p>\n<div class=\"pvc_clear\"><\/div>\n","protected":false},"excerpt":{"rendered":"<p>Autora: Soila PaniaguaFuente: www.hoy.com.doFecha: 17 Enero 2015Pol\u00edticas p\u00fablicas inadecuadas y la permisividad de los gobiernos cuando grupos de presi\u00f3n imponen su voluntad sobre el resto, impiden que la mayor\u00eda de la poblaci\u00f3n se beneficie de la reducci\u00f3n, por el orden del 55%, en el precio del barril de petr\u00f3leo, opin\u00f3 el economista Ernesto Selman, del Centro Regional de Estrategia Econ\u00f3mica Sostenible (CREES).<\/p>\n<div class=\"pvc_clear\"><\/div>\n<p class=\"pvc_stats all \" data-element-id=\"20363\" style=\"\"><i class=\"pvc-stats-icon medium\" aria-hidden=\"true\"><svg aria-hidden=\"true\" focusable=\"false\" data-prefix=\"far\" data-icon=\"chart-bar\" role=\"img\" xmlns=\"http:\/\/www.w3.org\/2000\/svg\" viewBox=\"0 0 512 512\" class=\"svg-inline--fa fa-chart-bar fa-w-16 fa-2x\"><path fill=\"currentColor\" d=\"M396.8 352h22.4c6.4 0 12.8-6.4 12.8-12.8V108.8c0-6.4-6.4-12.8-12.8-12.8h-22.4c-6.4 0-12.8 6.4-12.8 12.8v230.4c0 6.4 6.4 12.8 12.8 12.8zm-192 0h22.4c6.4 0 12.8-6.4 12.8-12.8V140.8c0-6.4-6.4-12.8-12.8-12.8h-22.4c-6.4 0-12.8 6.4-12.8 12.8v198.4c0 6.4 6.4 12.8 12.8 12.8zm96 0h22.4c6.4 0 12.8-6.4 12.8-12.8V204.8c0-6.4-6.4-12.8-12.8-12.8h-22.4c-6.4 0-12.8 6.4-12.8 12.8v134.4c0 6.4 6.4 12.8 12.8 12.8zM496 400H48V80c0-8.84-7.16-16-16-16H16C7.16 64 0 71.16 0 80v336c0 17.67 14.33 32 32 32h464c8.84 0 16-7.16 16-16v-16c0-8.84-7.16-16-16-16zm-387.2-48h22.4c6.4 0 12.8-6.4 12.8-12.8v-70.4c0-6.4-6.4-12.8-12.8-12.8h-22.4c-6.4 0-12.8 6.4-12.8 12.8v70.4c0 6.4 6.4 12.8 12.8 12.8z\" class=\"\"><\/path><\/svg><\/i> Vistas Totales&nbsp;298&nbsp;, Vistas Hoy&nbsp;2&nbsp;<\/p>\n<div class=\"pvc_clear\"><\/div>\n","protected":false},"author":2,"featured_media":0,"comment_status":"open","ping_status":"open","sticky":false,"template":"","format":"standard","meta":{"footnotes":""},"categories":[21],"tags":[],"class_list":["post-20363","post","type-post","status-publish","format-standard","hentry","category-blog"],"yoast_head":"<!-- This site is optimized with the Yoast SEO plugin v25.2 - https:\/\/yoast.com\/wordpress\/plugins\/seo\/ -->\n<title>CREES cita factores impiden baja petr\u00f3leo toque a mayor\u00eda | CREES<\/title>\n<meta name=\"robots\" content=\"index, follow, max-snippet:-1, max-image-preview:large, max-video-preview:-1\" \/>\n<link rel=\"canonical\" href=\"https:\/\/crees.org.do\/?p=20363\" \/>\n<meta property=\"og:locale\" content=\"es_ES\" \/>\n<meta property=\"og:type\" content=\"article\" \/>\n<meta property=\"og:title\" content=\"CREES cita factores impiden baja petr\u00f3leo toque a mayor\u00eda | CREES\" \/>\n<meta property=\"og:description\" content=\"Autora: Soila PaniaguaFuente: www.hoy.com.doFecha: 17 Enero 2015Pol\u00edticas p\u00fablicas inadecuadas y la permisividad de los gobiernos cuando grupos de presi\u00f3n imponen su voluntad sobre el resto, impiden que la mayor\u00eda de la poblaci\u00f3n se beneficie de la reducci\u00f3n, por el orden del 55%, en el precio del barril de petr\u00f3leo, opin\u00f3 el economista Ernesto Selman, del Centro Regional de Estrategia Econ\u00f3mica Sostenible (CREES).\" \/>\n<meta property=\"og:url\" content=\"https:\/\/crees.org.do\/?p=20363\" \/>\n<meta property=\"og:site_name\" content=\"CREES\" \/>\n<meta property=\"article:publisher\" content=\"https:\/\/www.facebook.com\/CREESRD\/\" \/>\n<meta property=\"article:published_time\" content=\"2015-01-01T00:00:00+00:00\" \/>\n<meta property=\"og:image\" content=\"https:\/\/crees.org.do\/wp-content\/uploads\/2022\/03\/crees-logo-1.jpg\" \/>\n\t<meta property=\"og:image:width\" content=\"244\" \/>\n\t<meta property=\"og:image:height\" content=\"71\" \/>\n\t<meta property=\"og:image:type\" content=\"image\/jpeg\" \/>\n<meta name=\"author\" content=\"Crees\" \/>\n<meta name=\"twitter:card\" content=\"summary_large_image\" \/>\n<meta name=\"twitter:creator\" content=\"@CREESRD\" \/>\n<meta name=\"twitter:site\" content=\"@CREESRD\" \/>\n<meta name=\"twitter:label1\" content=\"Escrito por\" \/>\n\t<meta name=\"twitter:data1\" content=\"Crees\" \/>\n\t<meta name=\"twitter:label2\" content=\"Tiempo de lectura\" \/>\n\t<meta name=\"twitter:data2\" content=\"3 minutos\" \/>\n<script type=\"application\/ld+json\" class=\"yoast-schema-graph\">{\"@context\":\"https:\/\/schema.org\",\"@graph\":[{\"@type\":\"Article\",\"@id\":\"https:\/\/crees.org.do\/?p=20363#article\",\"isPartOf\":{\"@id\":\"https:\/\/crees.org.do\/?p=20363\"},\"author\":{\"name\":\"Crees\",\"@id\":\"https:\/\/crees.org.do\/#\/schema\/person\/e7f97cd94d7bf9cd0e0ce30acb7d56b8\"},\"headline\":\"CREES cita factores impiden baja petr\u00f3leo toque a mayor\u00eda\",\"datePublished\":\"2015-01-01T00:00:00+00:00\",\"mainEntityOfPage\":{\"@id\":\"https:\/\/crees.org.do\/?p=20363\"},\"wordCount\":627,\"commentCount\":0,\"publisher\":{\"@id\":\"https:\/\/crees.org.do\/#organization\"},\"articleSection\":[\"Blog\"],\"inLanguage\":\"es\"},{\"@type\":\"WebPage\",\"@id\":\"https:\/\/crees.org.do\/?p=20363\",\"url\":\"https:\/\/crees.org.do\/?p=20363\",\"name\":\"CREES cita factores impiden baja petr\u00f3leo toque a mayor\u00eda | CREES\",\"isPartOf\":{\"@id\":\"https:\/\/crees.org.do\/#website\"},\"datePublished\":\"2015-01-01T00:00:00+00:00\",\"breadcrumb\":{\"@id\":\"https:\/\/crees.org.do\/?p=20363#breadcrumb\"},\"inLanguage\":\"es\",\"potentialAction\":[{\"@type\":\"ReadAction\",\"target\":[\"https:\/\/crees.org.do\/?p=20363\"]}]},{\"@type\":\"BreadcrumbList\",\"@id\":\"https:\/\/crees.org.do\/?p=20363#breadcrumb\",\"itemListElement\":[{\"@type\":\"ListItem\",\"position\":1,\"name\":\"Portada\",\"item\":\"https:\/\/crees.org.do\/\"},{\"@type\":\"ListItem\",\"position\":2,\"name\":\"CREES cita factores impiden baja petr\u00f3leo toque a mayor\u00eda\"}]},{\"@type\":\"WebSite\",\"@id\":\"https:\/\/crees.org.do\/#website\",\"url\":\"https:\/\/crees.org.do\/\",\"name\":\"CREES\",\"description\":\"Centro Regional de Estrategias Econ\u00f3micas Sostenibles\",\"publisher\":{\"@id\":\"https:\/\/crees.org.do\/#organization\"},\"potentialAction\":[{\"@type\":\"SearchAction\",\"target\":{\"@type\":\"EntryPoint\",\"urlTemplate\":\"https:\/\/crees.org.do\/?s={search_term_string}\"},\"query-input\":{\"@type\":\"PropertyValueSpecification\",\"valueRequired\":true,\"valueName\":\"search_term_string\"}}],\"inLanguage\":\"es\"},{\"@type\":\"Organization\",\"@id\":\"https:\/\/crees.org.do\/#organization\",\"name\":\"CREES | Centro Regional de Estrategias Econ\u00f3micas Sostenibles\",\"url\":\"https:\/\/crees.org.do\/\",\"logo\":{\"@type\":\"ImageObject\",\"inLanguage\":\"es\",\"@id\":\"https:\/\/crees.org.do\/#\/schema\/logo\/image\/\",\"url\":\"https:\/\/crees.org.do\/wp-content\/uploads\/2022\/03\/crees-logo-1.jpg\",\"contentUrl\":\"https:\/\/crees.org.do\/wp-content\/uploads\/2022\/03\/crees-logo-1.jpg\",\"width\":244,\"height\":71,\"caption\":\"CREES | Centro Regional de Estrategias Econ\u00f3micas Sostenibles\"},\"image\":{\"@id\":\"https:\/\/crees.org.do\/#\/schema\/logo\/image\/\"},\"sameAs\":[\"https:\/\/www.facebook.com\/CREESRD\/\",\"https:\/\/x.com\/CREESRD\"]},{\"@type\":\"Person\",\"@id\":\"https:\/\/crees.org.do\/#\/schema\/person\/e7f97cd94d7bf9cd0e0ce30acb7d56b8\",\"name\":\"Crees\",\"image\":{\"@type\":\"ImageObject\",\"inLanguage\":\"es\",\"@id\":\"https:\/\/crees.org.do\/#\/schema\/person\/image\/\",\"url\":\"https:\/\/secure.gravatar.com\/avatar\/390ac8f0be5d9aa046152553e2dd7011b59a512d89c150f5e5f28bb8d9a0b165?s=96&d=mm&r=g\",\"contentUrl\":\"https:\/\/secure.gravatar.com\/avatar\/390ac8f0be5d9aa046152553e2dd7011b59a512d89c150f5e5f28bb8d9a0b165?s=96&d=mm&r=g\",\"caption\":\"Crees\"},\"url\":\"https:\/\/crees.org.do\/?author=2\"}]}<\/script>\n<!-- \/ Yoast SEO plugin. -->","yoast_head_json":{"title":"CREES cita factores impiden baja petr\u00f3leo toque a mayor\u00eda | CREES","robots":{"index":"index","follow":"follow","max-snippet":"max-snippet:-1","max-image-preview":"max-image-preview:large","max-video-preview":"max-video-preview:-1"},"canonical":"https:\/\/crees.org.do\/?p=20363","og_locale":"es_ES","og_type":"article","og_title":"CREES cita factores impiden baja petr\u00f3leo toque a mayor\u00eda | CREES","og_description":"Autora: Soila PaniaguaFuente: www.hoy.com.doFecha: 17 Enero 2015Pol\u00edticas p\u00fablicas inadecuadas y la permisividad de los gobiernos cuando grupos de presi\u00f3n imponen su voluntad sobre el resto, impiden que la mayor\u00eda de la poblaci\u00f3n se beneficie de la reducci\u00f3n, por el orden del 55%, en el precio del barril de petr\u00f3leo, opin\u00f3 el economista Ernesto Selman, del Centro Regional de Estrategia Econ\u00f3mica Sostenible (CREES).","og_url":"https:\/\/crees.org.do\/?p=20363","og_site_name":"CREES","article_publisher":"https:\/\/www.facebook.com\/CREESRD\/","article_published_time":"2015-01-01T00:00:00+00:00","og_image":[{"width":244,"height":71,"url":"https:\/\/crees.org.do\/wp-content\/uploads\/2022\/03\/crees-logo-1.jpg","type":"image\/jpeg"}],"author":"Crees","twitter_card":"summary_large_image","twitter_creator":"@CREESRD","twitter_site":"@CREESRD","twitter_misc":{"Escrito por":"Crees","Tiempo de lectura":"3 minutos"},"schema":{"@context":"https:\/\/schema.org","@graph":[{"@type":"Article","@id":"https:\/\/crees.org.do\/?p=20363#article","isPartOf":{"@id":"https:\/\/crees.org.do\/?p=20363"},"author":{"name":"Crees","@id":"https:\/\/crees.org.do\/#\/schema\/person\/e7f97cd94d7bf9cd0e0ce30acb7d56b8"},"headline":"CREES cita factores impiden baja petr\u00f3leo toque a mayor\u00eda","datePublished":"2015-01-01T00:00:00+00:00","mainEntityOfPage":{"@id":"https:\/\/crees.org.do\/?p=20363"},"wordCount":627,"commentCount":0,"publisher":{"@id":"https:\/\/crees.org.do\/#organization"},"articleSection":["Blog"],"inLanguage":"es"},{"@type":"WebPage","@id":"https:\/\/crees.org.do\/?p=20363","url":"https:\/\/crees.org.do\/?p=20363","name":"CREES cita factores impiden baja petr\u00f3leo toque a mayor\u00eda | CREES","isPartOf":{"@id":"https:\/\/crees.org.do\/#website"},"datePublished":"2015-01-01T00:00:00+00:00","breadcrumb":{"@id":"https:\/\/crees.org.do\/?p=20363#breadcrumb"},"inLanguage":"es","potentialAction":[{"@type":"ReadAction","target":["https:\/\/crees.org.do\/?p=20363"]}]},{"@type":"BreadcrumbList","@id":"https:\/\/crees.org.do\/?p=20363#breadcrumb","itemListElement":[{"@type":"ListItem","position":1,"name":"Portada","item":"https:\/\/crees.org.do\/"},{"@type":"ListItem","position":2,"name":"CREES cita factores impiden baja petr\u00f3leo toque a mayor\u00eda"}]},{"@type":"WebSite","@id":"https:\/\/crees.org.do\/#website","url":"https:\/\/crees.org.do\/","name":"CREES","description":"Centro Regional de Estrategias Econ\u00f3micas Sostenibles","publisher":{"@id":"https:\/\/crees.org.do\/#organization"},"potentialAction":[{"@type":"SearchAction","target":{"@type":"EntryPoint","urlTemplate":"https:\/\/crees.org.do\/?s={search_term_string}"},"query-input":{"@type":"PropertyValueSpecification","valueRequired":true,"valueName":"search_term_string"}}],"inLanguage":"es"},{"@type":"Organization","@id":"https:\/\/crees.org.do\/#organization","name":"CREES | Centro Regional de Estrategias Econ\u00f3micas Sostenibles","url":"https:\/\/crees.org.do\/","logo":{"@type":"ImageObject","inLanguage":"es","@id":"https:\/\/crees.org.do\/#\/schema\/logo\/image\/","url":"https:\/\/crees.org.do\/wp-content\/uploads\/2022\/03\/crees-logo-1.jpg","contentUrl":"https:\/\/crees.org.do\/wp-content\/uploads\/2022\/03\/crees-logo-1.jpg","width":244,"height":71,"caption":"CREES | Centro Regional de Estrategias Econ\u00f3micas Sostenibles"},"image":{"@id":"https:\/\/crees.org.do\/#\/schema\/logo\/image\/"},"sameAs":["https:\/\/www.facebook.com\/CREESRD\/","https:\/\/x.com\/CREESRD"]},{"@type":"Person","@id":"https:\/\/crees.org.do\/#\/schema\/person\/e7f97cd94d7bf9cd0e0ce30acb7d56b8","name":"Crees","image":{"@type":"ImageObject","inLanguage":"es","@id":"https:\/\/crees.org.do\/#\/schema\/person\/image\/","url":"https:\/\/secure.gravatar.com\/avatar\/390ac8f0be5d9aa046152553e2dd7011b59a512d89c150f5e5f28bb8d9a0b165?s=96&d=mm&r=g","contentUrl":"https:\/\/secure.gravatar.com\/avatar\/390ac8f0be5d9aa046152553e2dd7011b59a512d89c150f5e5f28bb8d9a0b165?s=96&d=mm&r=g","caption":"Crees"},"url":"https:\/\/crees.org.do\/?author=2"}]}},"_links":{"self":[{"href":"https:\/\/crees.org.do\/index.php?rest_route=\/wp\/v2\/posts\/20363","targetHints":{"allow":["GET"]}}],"collection":[{"href":"https:\/\/crees.org.do\/index.php?rest_route=\/wp\/v2\/posts"}],"about":[{"href":"https:\/\/crees.org.do\/index.php?rest_route=\/wp\/v2\/types\/post"}],"author":[{"embeddable":true,"href":"https:\/\/crees.org.do\/index.php?rest_route=\/wp\/v2\/users\/2"}],"replies":[{"embeddable":true,"href":"https:\/\/crees.org.do\/index.php?rest_route=%2Fwp%2Fv2%2Fcomments&post=20363"}],"version-history":[{"count":0,"href":"https:\/\/crees.org.do\/index.php?rest_route=\/wp\/v2\/posts\/20363\/revisions"}],"wp:attachment":[{"href":"https:\/\/crees.org.do\/index.php?rest_route=%2Fwp%2Fv2%2Fmedia&parent=20363"}],"wp:term":[{"taxonomy":"category","embeddable":true,"href":"https:\/\/crees.org.do\/index.php?rest_route=%2Fwp%2Fv2%2Fcategories&post=20363"},{"taxonomy":"post_tag","embeddable":true,"href":"https:\/\/crees.org.do\/index.php?rest_route=%2Fwp%2Fv2%2Ftags&post=20363"}],"curies":[{"name":"wp","href":"https:\/\/api.w.org\/{rel}","templated":true}]}}