{"id":20364,"date":"2015-01-01T00:00:00","date_gmt":"2015-01-01T00:00:00","guid":{"rendered":"https:\/\/crees.org.do\/selman-dice-empleo-crecio-en-motoconcho-y-salones-de-belleza\/"},"modified":"2015-01-01T00:00:00","modified_gmt":"2015-01-01T00:00:00","slug":"selman-dice-empleo-crecio-en-motoconcho-y-salones-de-belleza","status":"publish","type":"post","link":"https:\/\/crees.org.do\/?p=20364","title":{"rendered":"Selman dice empleo creci\u00f3 en motoconcho y salones de belleza"},"content":{"rendered":"<p style=\"margin-bottom: 15px; font-family: Arial, Helvetica, Garuda, sans-serif; font-size: 14.3999996185303px; line-height: 20px; text-align: justify; background-color: rgb(255, 255, 255);\"><span style=\"font-size:12px;\"><span style=\"font-family:verdana,geneva,sans-serif;\">Autor: Diario Libre<\/span><\/span><\/p>\n<p style=\"margin-bottom: 15px; font-family: Arial, Helvetica, Garuda, sans-serif; font-size: 14.3999996185303px; line-height: 20px; text-align: justify; background-color: rgb(255, 255, 255);\"><span style=\"font-size:12px;\"><span style=\"font-family:verdana,geneva,sans-serif;\">Fuente: <a href=\"http:\/\/www.diariolibre.com\/economia\/2015\/01\/18\/i972821_selman-dice-empleo-creci-motoconcho-salones-belleza.html\">www.diariolibre.com<\/a><\/span><\/span><\/p>\n<p style=\"margin-bottom: 15px; font-family: Arial, Helvetica, Garuda, sans-serif; font-size: 14.3999996185303px; line-height: 20px; text-align: justify; background-color: rgb(255, 255, 255);\"><span style=\"font-size:12px;\"><span style=\"font-family:verdana,geneva,sans-serif;\">Fecha: 18 Enero 2015<\/span><\/span><\/p>\n<p style=\"margin-bottom: 15px; font-family: Arial, Helvetica, Garuda, sans-serif; font-size: 14.3999996185303px; line-height: 20px; text-align: justify; background-color: rgb(255, 255, 255);\">&nbsp;<\/p>\n<p style=\"margin-bottom: 15px; font-family: Arial, Helvetica, Garuda, sans-serif; font-size: 14.3999996185303px; line-height: 20px; text-align: justify; background-color: rgb(255, 255, 255);\"><span style=\"font-size:12px;\"><span style=\"font-family:verdana,geneva,sans-serif;\"><strong>SANTO DOMINGO<\/strong>. El vicepresidente ejecutivo del Centro Regional de Estrategias Econ\u00f3micas (CREES) calific\u00f3 como un mero ejercicio de optimismo los datos suministrados por el Banco Central en torno al comportamiento de la inflaci\u00f3n del pasado a\u00f1o y considero que el empleo solo creci\u00f3.<\/p>\n<p>Sin embargo, el economista Ernesto Selman admiti\u00f3 que la econom\u00eda tuvo un robusto crecimiento, no solo el m\u00e1s alto de la regi\u00f3n sino probablemente superior a cualquier econom\u00eda del mundo.<\/p>\n<p>Pero en cuanto a lo externado por el gobernador del Banco Central H\u00e9ctor Valdez Albizu de que la inflaci\u00f3n del pasado a\u00f1o apena fue de 1.58 por ciento dijo que eso resulta cuesta arriba.<\/p>\n<p>Entrevistado por H\u00e9ctor Herrera Cabral en el programa D&acute;AGENDA que cada domingo se difunde por Telesistema Canal 11, Selman dijo que no se concibe que la inflaci\u00f3n de Rep\u00fablica Dominicana tuviera un comportamiento inferior a los pa\u00edses de econom\u00eda dolarizada.<\/p>\n<p>Agreg\u00f3 que los pa\u00edses de la regi\u00f3n como Panam\u00e1, Ecuador y El Salvador que utilizan el d\u00f3lar norteamericano como su signo monetario, tuvieron en promedio una inflaci\u00f3n de 2.28 por ciento.<\/p>\n<p>&quot;Creo que en lo referente a la inflaci\u00f3n es muy optimista decir que tres pa\u00edses de econom\u00eda dolarizada tuvieron una inflaci\u00f3n del alrededor del 50 por ciento por encima de la que se registr\u00f3 en la Rep\u00fablica Dominicana, pese a la reducci\u00f3n que ha experimentado el precio del petr\u00f3leo sobre todo en los \u00faltimos dos meses&quot;, afirm\u00f3 el vicepresidente ejecutivo del CREES.<\/p>\n<p>Sostuvo que adem\u00e1s eso no es lo que la poblaci\u00f3n ha sentido y manifiesta cuando adquiere bienes y servicios, porque ni siquiera la reducci\u00f3n del carburante se ha reflejado en la econom\u00eda en sentido general.<\/p>\n<p>En cuanto al crecimiento del Producto Interno Bruto, el profesional de la econom\u00eda dijo que aunque no est\u00e1 seguro que haya sido superior al 7 por ciento, como ha dicho el Banco Central, sin embargo, el mismo fue robusto aunque aclar\u00f3 que hay que compararlo con el del 2013 que fue un a\u00f1o de un d\u00e9bil crecimiento econ\u00f3mico.<\/p>\n<p>Ernesto Selman tambi\u00e9n explic\u00f3 que la estabilidad que exhibe la econom\u00eda dominicana se mantiene por el gasto excesivo que se financia con un alto y continuo endeudamiento.<\/p>\n<p>Dijo que contrario a lo que se puede creer las exportaciones se redujeron en un 9.4 por ciento, cuando se excluyen el oro, la plata y el sector de zonas franca.<\/p>\n<p><strong>El empleo<\/strong><\/span><\/span><\/p>\n<p style=\"margin-bottom: 15px; font-family: Arial, Helvetica, Garuda, sans-serif; font-size: 14.3999996185303px; line-height: 20px; text-align: justify; background-color: rgb(255, 255, 255);\"><span style=\"font-size:12px;\"><span style=\"font-family:verdana,geneva,sans-serif;\">En cuanto a las cifras del desempleo suministrada por el Banco Central, Ernesto Selman dijo que tambi\u00e9n es un exceso de optimismo por parte de las autoridades de esa instituci\u00f3n.<\/p>\n<p>Dijo que resulta cuesta arriba que se afirme que el pa\u00eds tiene un nivel de desempleo por encima de econom\u00edas como la de Alemania y Australia, y que en ese rengl\u00f3n marcha a la par con Estados Unidos y el Reino Unido.<\/p>\n<p>&quot;Cuando vamos a ver cu\u00e1les son los empleos que se est\u00e1n generando, vemos que es en el sector informal y algunos servicios que lo catalogan dentro de otros, y estos son m\u00e1s bien empleos informales, salones de belleza, transporte informal o motoconcho&quot;, precis\u00f3 el vicepresidente ejecutivo del Centro Regional de Estrategias Econ\u00f3micas.<\/p>\n<p>Dijo que hurgando en las cifras se puede establecer que desde el a\u00f1o 2000 hasta la fecha el empleo informal ha duplicado el empleo formal, y que de este \u00faltimo su crecimiento ha estado en el sector p\u00fablico que ha aportado el 80 por ciento de los puestos de trabajo formales que se han creado en el pa\u00eds.<\/span><\/span><\/p>\n<div class=\"pvc_clear\"><\/div>\n<p class=\"pvc_stats all \" data-element-id=\"20364\" style=\"\"><i class=\"pvc-stats-icon medium\" aria-hidden=\"true\"><svg aria-hidden=\"true\" focusable=\"false\" data-prefix=\"far\" data-icon=\"chart-bar\" role=\"img\" xmlns=\"http:\/\/www.w3.org\/2000\/svg\" viewBox=\"0 0 512 512\" class=\"svg-inline--fa fa-chart-bar fa-w-16 fa-2x\"><path fill=\"currentColor\" d=\"M396.8 352h22.4c6.4 0 12.8-6.4 12.8-12.8V108.8c0-6.4-6.4-12.8-12.8-12.8h-22.4c-6.4 0-12.8 6.4-12.8 12.8v230.4c0 6.4 6.4 12.8 12.8 12.8zm-192 0h22.4c6.4 0 12.8-6.4 12.8-12.8V140.8c0-6.4-6.4-12.8-12.8-12.8h-22.4c-6.4 0-12.8 6.4-12.8 12.8v198.4c0 6.4 6.4 12.8 12.8 12.8zm96 0h22.4c6.4 0 12.8-6.4 12.8-12.8V204.8c0-6.4-6.4-12.8-12.8-12.8h-22.4c-6.4 0-12.8 6.4-12.8 12.8v134.4c0 6.4 6.4 12.8 12.8 12.8zM496 400H48V80c0-8.84-7.16-16-16-16H16C7.16 64 0 71.16 0 80v336c0 17.67 14.33 32 32 32h464c8.84 0 16-7.16 16-16v-16c0-8.84-7.16-16-16-16zm-387.2-48h22.4c6.4 0 12.8-6.4 12.8-12.8v-70.4c0-6.4-6.4-12.8-12.8-12.8h-22.4c-6.4 0-12.8 6.4-12.8 12.8v70.4c0 6.4 6.4 12.8 12.8 12.8z\" class=\"\"><\/path><\/svg><\/i> Vistas Totales&nbsp;280&nbsp;, Vistas Hoy&nbsp;2&nbsp;<\/p>\n<div class=\"pvc_clear\"><\/div>\n","protected":false},"excerpt":{"rendered":"<p>Autor: Diario LibreFuente: www.diariolibre.comFecha: 18 Enero 2015SANTO DOMINGO. El vicepresidente ejecutivo del Centro Regional de Estrategias Econ\u00f3micas (CREES) calific\u00f3 como un mero ejercicio de optimismo los datos suministrados por el Banco Central en torno al comportamiento de la inflaci\u00f3n del pasado a\u00f1o y considero que el empleo solo creci\u00f3.<\/p>\n<div class=\"pvc_clear\"><\/div>\n<p class=\"pvc_stats all \" data-element-id=\"20364\" style=\"\"><i class=\"pvc-stats-icon medium\" aria-hidden=\"true\"><svg aria-hidden=\"true\" focusable=\"false\" data-prefix=\"far\" data-icon=\"chart-bar\" role=\"img\" xmlns=\"http:\/\/www.w3.org\/2000\/svg\" viewBox=\"0 0 512 512\" class=\"svg-inline--fa fa-chart-bar fa-w-16 fa-2x\"><path fill=\"currentColor\" d=\"M396.8 352h22.4c6.4 0 12.8-6.4 12.8-12.8V108.8c0-6.4-6.4-12.8-12.8-12.8h-22.4c-6.4 0-12.8 6.4-12.8 12.8v230.4c0 6.4 6.4 12.8 12.8 12.8zm-192 0h22.4c6.4 0 12.8-6.4 12.8-12.8V140.8c0-6.4-6.4-12.8-12.8-12.8h-22.4c-6.4 0-12.8 6.4-12.8 12.8v198.4c0 6.4 6.4 12.8 12.8 12.8zm96 0h22.4c6.4 0 12.8-6.4 12.8-12.8V204.8c0-6.4-6.4-12.8-12.8-12.8h-22.4c-6.4 0-12.8 6.4-12.8 12.8v134.4c0 6.4 6.4 12.8 12.8 12.8zM496 400H48V80c0-8.84-7.16-16-16-16H16C7.16 64 0 71.16 0 80v336c0 17.67 14.33 32 32 32h464c8.84 0 16-7.16 16-16v-16c0-8.84-7.16-16-16-16zm-387.2-48h22.4c6.4 0 12.8-6.4 12.8-12.8v-70.4c0-6.4-6.4-12.8-12.8-12.8h-22.4c-6.4 0-12.8 6.4-12.8 12.8v70.4c0 6.4 6.4 12.8 12.8 12.8z\" class=\"\"><\/path><\/svg><\/i> Vistas Totales&nbsp;280&nbsp;, Vistas Hoy&nbsp;2&nbsp;<\/p>\n<div class=\"pvc_clear\"><\/div>\n","protected":false},"author":2,"featured_media":0,"comment_status":"open","ping_status":"open","sticky":false,"template":"","format":"standard","meta":{"footnotes":""},"categories":[21],"tags":[],"class_list":["post-20364","post","type-post","status-publish","format-standard","hentry","category-blog"],"yoast_head":"<!-- This site is optimized with the Yoast SEO plugin v25.2 - https:\/\/yoast.com\/wordpress\/plugins\/seo\/ -->\n<title>Selman dice empleo creci\u00f3 en motoconcho y salones de belleza | CREES<\/title>\n<meta name=\"robots\" content=\"index, follow, max-snippet:-1, max-image-preview:large, max-video-preview:-1\" \/>\n<link rel=\"canonical\" href=\"https:\/\/crees.org.do\/?p=20364\" \/>\n<meta property=\"og:locale\" content=\"es_ES\" \/>\n<meta property=\"og:type\" content=\"article\" \/>\n<meta property=\"og:title\" content=\"Selman dice empleo creci\u00f3 en motoconcho y salones de belleza | CREES\" \/>\n<meta property=\"og:description\" content=\"Autor: Diario LibreFuente: www.diariolibre.comFecha: 18 Enero 2015SANTO DOMINGO. El vicepresidente ejecutivo del Centro Regional de Estrategias Econ\u00f3micas (CREES) calific\u00f3 como un mero ejercicio de optimismo los datos suministrados por el Banco Central en torno al comportamiento de la inflaci\u00f3n del pasado a\u00f1o y considero que el empleo solo creci\u00f3.\" \/>\n<meta property=\"og:url\" content=\"https:\/\/crees.org.do\/?p=20364\" \/>\n<meta property=\"og:site_name\" content=\"CREES\" \/>\n<meta property=\"article:publisher\" content=\"https:\/\/www.facebook.com\/CREESRD\/\" \/>\n<meta property=\"article:published_time\" content=\"2015-01-01T00:00:00+00:00\" \/>\n<meta property=\"og:image\" content=\"https:\/\/crees.org.do\/wp-content\/uploads\/2022\/03\/crees-logo-1.jpg\" \/>\n\t<meta property=\"og:image:width\" content=\"244\" \/>\n\t<meta property=\"og:image:height\" content=\"71\" \/>\n\t<meta property=\"og:image:type\" content=\"image\/jpeg\" \/>\n<meta name=\"author\" content=\"Crees\" \/>\n<meta name=\"twitter:card\" content=\"summary_large_image\" \/>\n<meta name=\"twitter:creator\" content=\"@CREESRD\" \/>\n<meta name=\"twitter:site\" content=\"@CREESRD\" \/>\n<meta name=\"twitter:label1\" content=\"Escrito por\" \/>\n\t<meta name=\"twitter:data1\" content=\"Crees\" \/>\n\t<meta name=\"twitter:label2\" content=\"Tiempo de lectura\" \/>\n\t<meta name=\"twitter:data2\" content=\"3 minutos\" \/>\n<script type=\"application\/ld+json\" class=\"yoast-schema-graph\">{\"@context\":\"https:\/\/schema.org\",\"@graph\":[{\"@type\":\"Article\",\"@id\":\"https:\/\/crees.org.do\/?p=20364#article\",\"isPartOf\":{\"@id\":\"https:\/\/crees.org.do\/?p=20364\"},\"author\":{\"name\":\"Crees\",\"@id\":\"https:\/\/crees.org.do\/#\/schema\/person\/e7f97cd94d7bf9cd0e0ce30acb7d56b8\"},\"headline\":\"Selman dice empleo creci\u00f3 en motoconcho y salones de belleza\",\"datePublished\":\"2015-01-01T00:00:00+00:00\",\"mainEntityOfPage\":{\"@id\":\"https:\/\/crees.org.do\/?p=20364\"},\"wordCount\":640,\"commentCount\":0,\"publisher\":{\"@id\":\"https:\/\/crees.org.do\/#organization\"},\"articleSection\":[\"Blog\"],\"inLanguage\":\"es\"},{\"@type\":\"WebPage\",\"@id\":\"https:\/\/crees.org.do\/?p=20364\",\"url\":\"https:\/\/crees.org.do\/?p=20364\",\"name\":\"Selman dice empleo creci\u00f3 en motoconcho y salones de belleza | CREES\",\"isPartOf\":{\"@id\":\"https:\/\/crees.org.do\/#website\"},\"datePublished\":\"2015-01-01T00:00:00+00:00\",\"breadcrumb\":{\"@id\":\"https:\/\/crees.org.do\/?p=20364#breadcrumb\"},\"inLanguage\":\"es\",\"potentialAction\":[{\"@type\":\"ReadAction\",\"target\":[\"https:\/\/crees.org.do\/?p=20364\"]}]},{\"@type\":\"BreadcrumbList\",\"@id\":\"https:\/\/crees.org.do\/?p=20364#breadcrumb\",\"itemListElement\":[{\"@type\":\"ListItem\",\"position\":1,\"name\":\"Portada\",\"item\":\"https:\/\/crees.org.do\/\"},{\"@type\":\"ListItem\",\"position\":2,\"name\":\"Selman dice empleo creci\u00f3 en motoconcho y salones de belleza\"}]},{\"@type\":\"WebSite\",\"@id\":\"https:\/\/crees.org.do\/#website\",\"url\":\"https:\/\/crees.org.do\/\",\"name\":\"CREES\",\"description\":\"Centro Regional de Estrategias Econ\u00f3micas Sostenibles\",\"publisher\":{\"@id\":\"https:\/\/crees.org.do\/#organization\"},\"potentialAction\":[{\"@type\":\"SearchAction\",\"target\":{\"@type\":\"EntryPoint\",\"urlTemplate\":\"https:\/\/crees.org.do\/?s={search_term_string}\"},\"query-input\":{\"@type\":\"PropertyValueSpecification\",\"valueRequired\":true,\"valueName\":\"search_term_string\"}}],\"inLanguage\":\"es\"},{\"@type\":\"Organization\",\"@id\":\"https:\/\/crees.org.do\/#organization\",\"name\":\"CREES | Centro Regional de Estrategias Econ\u00f3micas Sostenibles\",\"url\":\"https:\/\/crees.org.do\/\",\"logo\":{\"@type\":\"ImageObject\",\"inLanguage\":\"es\",\"@id\":\"https:\/\/crees.org.do\/#\/schema\/logo\/image\/\",\"url\":\"https:\/\/crees.org.do\/wp-content\/uploads\/2022\/03\/crees-logo-1.jpg\",\"contentUrl\":\"https:\/\/crees.org.do\/wp-content\/uploads\/2022\/03\/crees-logo-1.jpg\",\"width\":244,\"height\":71,\"caption\":\"CREES | Centro Regional de Estrategias Econ\u00f3micas Sostenibles\"},\"image\":{\"@id\":\"https:\/\/crees.org.do\/#\/schema\/logo\/image\/\"},\"sameAs\":[\"https:\/\/www.facebook.com\/CREESRD\/\",\"https:\/\/x.com\/CREESRD\"]},{\"@type\":\"Person\",\"@id\":\"https:\/\/crees.org.do\/#\/schema\/person\/e7f97cd94d7bf9cd0e0ce30acb7d56b8\",\"name\":\"Crees\",\"image\":{\"@type\":\"ImageObject\",\"inLanguage\":\"es\",\"@id\":\"https:\/\/crees.org.do\/#\/schema\/person\/image\/\",\"url\":\"https:\/\/secure.gravatar.com\/avatar\/390ac8f0be5d9aa046152553e2dd7011b59a512d89c150f5e5f28bb8d9a0b165?s=96&d=mm&r=g\",\"contentUrl\":\"https:\/\/secure.gravatar.com\/avatar\/390ac8f0be5d9aa046152553e2dd7011b59a512d89c150f5e5f28bb8d9a0b165?s=96&d=mm&r=g\",\"caption\":\"Crees\"},\"url\":\"https:\/\/crees.org.do\/?author=2\"}]}<\/script>\n<!-- \/ Yoast SEO plugin. -->","yoast_head_json":{"title":"Selman dice empleo creci\u00f3 en motoconcho y salones de belleza | CREES","robots":{"index":"index","follow":"follow","max-snippet":"max-snippet:-1","max-image-preview":"max-image-preview:large","max-video-preview":"max-video-preview:-1"},"canonical":"https:\/\/crees.org.do\/?p=20364","og_locale":"es_ES","og_type":"article","og_title":"Selman dice empleo creci\u00f3 en motoconcho y salones de belleza | CREES","og_description":"Autor: Diario LibreFuente: www.diariolibre.comFecha: 18 Enero 2015SANTO DOMINGO. El vicepresidente ejecutivo del Centro Regional de Estrategias Econ\u00f3micas (CREES) calific\u00f3 como un mero ejercicio de optimismo los datos suministrados por el Banco Central en torno al comportamiento de la inflaci\u00f3n del pasado a\u00f1o y considero que el empleo solo creci\u00f3.","og_url":"https:\/\/crees.org.do\/?p=20364","og_site_name":"CREES","article_publisher":"https:\/\/www.facebook.com\/CREESRD\/","article_published_time":"2015-01-01T00:00:00+00:00","og_image":[{"width":244,"height":71,"url":"https:\/\/crees.org.do\/wp-content\/uploads\/2022\/03\/crees-logo-1.jpg","type":"image\/jpeg"}],"author":"Crees","twitter_card":"summary_large_image","twitter_creator":"@CREESRD","twitter_site":"@CREESRD","twitter_misc":{"Escrito por":"Crees","Tiempo de lectura":"3 minutos"},"schema":{"@context":"https:\/\/schema.org","@graph":[{"@type":"Article","@id":"https:\/\/crees.org.do\/?p=20364#article","isPartOf":{"@id":"https:\/\/crees.org.do\/?p=20364"},"author":{"name":"Crees","@id":"https:\/\/crees.org.do\/#\/schema\/person\/e7f97cd94d7bf9cd0e0ce30acb7d56b8"},"headline":"Selman dice empleo creci\u00f3 en motoconcho y salones de belleza","datePublished":"2015-01-01T00:00:00+00:00","mainEntityOfPage":{"@id":"https:\/\/crees.org.do\/?p=20364"},"wordCount":640,"commentCount":0,"publisher":{"@id":"https:\/\/crees.org.do\/#organization"},"articleSection":["Blog"],"inLanguage":"es"},{"@type":"WebPage","@id":"https:\/\/crees.org.do\/?p=20364","url":"https:\/\/crees.org.do\/?p=20364","name":"Selman dice empleo creci\u00f3 en motoconcho y salones de belleza | CREES","isPartOf":{"@id":"https:\/\/crees.org.do\/#website"},"datePublished":"2015-01-01T00:00:00+00:00","breadcrumb":{"@id":"https:\/\/crees.org.do\/?p=20364#breadcrumb"},"inLanguage":"es","potentialAction":[{"@type":"ReadAction","target":["https:\/\/crees.org.do\/?p=20364"]}]},{"@type":"BreadcrumbList","@id":"https:\/\/crees.org.do\/?p=20364#breadcrumb","itemListElement":[{"@type":"ListItem","position":1,"name":"Portada","item":"https:\/\/crees.org.do\/"},{"@type":"ListItem","position":2,"name":"Selman dice empleo creci\u00f3 en motoconcho y salones de belleza"}]},{"@type":"WebSite","@id":"https:\/\/crees.org.do\/#website","url":"https:\/\/crees.org.do\/","name":"CREES","description":"Centro Regional de Estrategias Econ\u00f3micas Sostenibles","publisher":{"@id":"https:\/\/crees.org.do\/#organization"},"potentialAction":[{"@type":"SearchAction","target":{"@type":"EntryPoint","urlTemplate":"https:\/\/crees.org.do\/?s={search_term_string}"},"query-input":{"@type":"PropertyValueSpecification","valueRequired":true,"valueName":"search_term_string"}}],"inLanguage":"es"},{"@type":"Organization","@id":"https:\/\/crees.org.do\/#organization","name":"CREES | Centro Regional de Estrategias Econ\u00f3micas Sostenibles","url":"https:\/\/crees.org.do\/","logo":{"@type":"ImageObject","inLanguage":"es","@id":"https:\/\/crees.org.do\/#\/schema\/logo\/image\/","url":"https:\/\/crees.org.do\/wp-content\/uploads\/2022\/03\/crees-logo-1.jpg","contentUrl":"https:\/\/crees.org.do\/wp-content\/uploads\/2022\/03\/crees-logo-1.jpg","width":244,"height":71,"caption":"CREES | Centro Regional de Estrategias Econ\u00f3micas Sostenibles"},"image":{"@id":"https:\/\/crees.org.do\/#\/schema\/logo\/image\/"},"sameAs":["https:\/\/www.facebook.com\/CREESRD\/","https:\/\/x.com\/CREESRD"]},{"@type":"Person","@id":"https:\/\/crees.org.do\/#\/schema\/person\/e7f97cd94d7bf9cd0e0ce30acb7d56b8","name":"Crees","image":{"@type":"ImageObject","inLanguage":"es","@id":"https:\/\/crees.org.do\/#\/schema\/person\/image\/","url":"https:\/\/secure.gravatar.com\/avatar\/390ac8f0be5d9aa046152553e2dd7011b59a512d89c150f5e5f28bb8d9a0b165?s=96&d=mm&r=g","contentUrl":"https:\/\/secure.gravatar.com\/avatar\/390ac8f0be5d9aa046152553e2dd7011b59a512d89c150f5e5f28bb8d9a0b165?s=96&d=mm&r=g","caption":"Crees"},"url":"https:\/\/crees.org.do\/?author=2"}]}},"_links":{"self":[{"href":"https:\/\/crees.org.do\/index.php?rest_route=\/wp\/v2\/posts\/20364","targetHints":{"allow":["GET"]}}],"collection":[{"href":"https:\/\/crees.org.do\/index.php?rest_route=\/wp\/v2\/posts"}],"about":[{"href":"https:\/\/crees.org.do\/index.php?rest_route=\/wp\/v2\/types\/post"}],"author":[{"embeddable":true,"href":"https:\/\/crees.org.do\/index.php?rest_route=\/wp\/v2\/users\/2"}],"replies":[{"embeddable":true,"href":"https:\/\/crees.org.do\/index.php?rest_route=%2Fwp%2Fv2%2Fcomments&post=20364"}],"version-history":[{"count":0,"href":"https:\/\/crees.org.do\/index.php?rest_route=\/wp\/v2\/posts\/20364\/revisions"}],"wp:attachment":[{"href":"https:\/\/crees.org.do\/index.php?rest_route=%2Fwp%2Fv2%2Fmedia&parent=20364"}],"wp:term":[{"taxonomy":"category","embeddable":true,"href":"https:\/\/crees.org.do\/index.php?rest_route=%2Fwp%2Fv2%2Fcategories&post=20364"},{"taxonomy":"post_tag","embeddable":true,"href":"https:\/\/crees.org.do\/index.php?rest_route=%2Fwp%2Fv2%2Ftags&post=20364"}],"curies":[{"name":"wp","href":"https:\/\/api.w.org\/{rel}","templated":true}]}}