{"id":20378,"date":"2015-01-01T00:00:00","date_gmt":"2015-01-01T00:00:00","guid":{"rendered":"https:\/\/crees.org.do\/el-pacto-electrico-y-una-vision-a-largo-plazo\/"},"modified":"2015-01-01T00:00:00","modified_gmt":"2015-01-01T00:00:00","slug":"el-pacto-electrico-y-una-vision-a-largo-plazo","status":"publish","type":"post","link":"https:\/\/crees.org.do\/?p=20378","title":{"rendered":"El Pacto El\u00e9ctrico y una visi\u00f3n a largo plazo"},"content":{"rendered":"<p style=\"text-align: justify;\"><span style=\"font-size:12px;\"><span style=\"font-family:verdana,geneva,sans-serif;\">Autor: V\u00edctor Bison\u00f3<\/span><\/span><\/p>\n<p style=\"text-align: justify;\"><span style=\"font-size:12px;\"><span style=\"font-family:verdana,geneva,sans-serif;\">Fuente: <a href=\"http:\/\/www.elcaribe.com.do\/2015\/02\/07\/pacto-electrico-una-vision-largo-plazo\">www.elcaribe.com.do<\/a><\/span><\/span><\/p>\n<p style=\"text-align: justify;\"><span style=\"font-size:12px;\"><span style=\"font-family:verdana,geneva,sans-serif;\">Fecha: 07 Febrero 2015<\/span><\/span><\/p>\n<p style=\"text-align: justify;\">&nbsp;<\/p>\n<p style=\"text-align: justify;\"><span style=\"font-size:12px;\"><span style=\"font-family:verdana,geneva,sans-serif;\">Siempre es un momento apropiado para convocar a los distintos sectores y abogar por el urgente y necesario Pacto El\u00e9ctrico para la Rep\u00fablica Dominicana, atrapada por el &ldquo;cuello de botella&rdquo; que significa importar casi la totalidad de los combustibles que consume y la grave situaci\u00f3n del sector el\u00e9ctrico, que muy a pesar de las m\u00faltiples promesas de soluci\u00f3n final, permanece en la penumbra condicionando cualquier anhelo de aut\u00e9ntico desarrollo para la naci\u00f3n.<\/span><\/span><\/p>\n<p style=\"text-align: justify;\"><span style=\"font-size:12px;\"><span style=\"font-family:verdana,geneva,sans-serif;\">La realidad internacional del precio del petr\u00f3leo, que bordea los US$45 d\u00f3lares el barril; la matriz energ\u00e9tica del pa\u00eds, que se basa en un 41% en combustibles f\u00f3siles, seg\u00fan el Centro Regional de Estrategias Econ\u00f3micas Sostenibles (CREES), indican que el giro de tim\u00f3n debe ser con una visi\u00f3n de largo plazo, erradicando las medidas hasta ahora tomadas, &ldquo;parches&rdquo; que solo sirven para solucionar situaciones puntuales pero que est\u00e1n muy lejos de ser una pol\u00edtica de altura y consenso en una materia trascendental como la energ\u00e9tica.<\/span><\/span><\/p>\n<p style=\"text-align: justify;\"><span style=\"font-size:12px;\"><span style=\"font-family:verdana,geneva,sans-serif;\">Estamos ante un momento de cambios. La volatilidad de los precios de los combustibles y la dependencia casi exclusiva de programas como Petrocaribe, tendente ya a desaparecer, instan a la Rep\u00fablica Dominicana a buscar nuevos mecanismos para afrontar el desaf\u00edo energ\u00e9tico y diversificar tanto sus fuentes como la matriz, tal como se plante\u00f3 en la Cumbre energ\u00e9tica del Caribe llevada a cabo en Estados Unidos, y liderado por el vicepresidente de esa Naci\u00f3n Joe Biden donde se hizo un llamado de alerta por el continuo deterioro de un pilar tan importante para el desarrollo y la estabilidad de cualquier naci\u00f3n.<\/span><\/span><\/p>\n<p style=\"text-align: justify;\"><span style=\"font-size:12px;\"><span style=\"font-family:verdana,geneva,sans-serif;\">Un ejemplo claro de c\u00f3mo el pa\u00eds est\u00e1 estancado en un modelo agotado, son las millonarias p\u00e9rdidas que dejan las empresas distribuidoras de energ\u00eda el\u00e9ctrica (EDE), seg\u00fan revel\u00f3 Milton Morrison, vicepresidente Ejecutivo de la Asociaci\u00f3n Dominicana de la Industria El\u00e9ctrica (ADIE). En n\u00fameros, en 2013 hubo ingresos por US$1,373 millones y gastos por US$2,332 millones, y desde ya se plantean propuestas para la unificaci\u00f3n de las distribuidoras de energ\u00eda con el fin de abaratar el costo y concentrar los esfuerzos en la eficiencia.<\/span><\/span><\/p>\n<p style=\"text-align: justify;\"><span style=\"font-size:12px;\"><span style=\"font-family:verdana,geneva,sans-serif;\">Los planes propuestos hasta ahora se han quedado en eso. El Gobierno inform\u00f3 en 2013, que a trav\u00e9s de la Corporaci\u00f3n Dominicana de Empresas El\u00e9ctricas Estatales (CDEEE), se propuso un plan de modificaci\u00f3n de la matriz, para a partir de 2016 tener un parque que genere el 90% de la energ\u00eda basado en gas natural, carb\u00f3n e hidroel\u00e9ctrica, cambio que implica invertir US$3,000 millones y una disminuci\u00f3n de la dependencia del petr\u00f3leo. Al iniciar el 2015, los pasos y avances de este plan no permiten presagiar que el objetivo se cumpla, una vez m\u00e1s.<\/span><\/span><\/p>\n<p style=\"text-align: justify;\"><span style=\"font-size:12px;\"><span style=\"font-family:verdana,geneva,sans-serif;\">Menci\u00f3n aparte merece el carb\u00f3n. Mientras otros pa\u00edses desechan esta fuente por ser una de las m\u00e1s contaminantes, Rep\u00fablica Dominicana acude al carb\u00f3n para evitar el colapso del sistema. El proceso de licitaci\u00f3n de las plantas que se planean construir en Punta Catalina, Ban\u00ed, que costar\u00edan cerca de US$2 mil millones, ha estado cuestionado por supuestas irregularidades y las opciones de financiamiento que profundizan la pol\u00edtica de &ldquo;pedir prestado&rdquo;.<\/span><\/span><\/p>\n<p style=\"text-align: justify;\"><span style=\"font-family: verdana, geneva, sans-serif; font-size: 12px; line-height: 1.5;\">Otro tema sensible es el costo medio ambiental de invertir en plantas a carb\u00f3n, que junto a la violaci\u00f3n de la ley ambiental 64-00, confirman que se buscan parches y medidas desesperadas para tapar errores producidos por una falta total de visi\u00f3n sostenible.<\/span><\/p>\n<p style=\"text-align: justify;\"><span style=\"font-size:12px;\"><span style=\"font-family:verdana,geneva,sans-serif;\">Al l\u00f3gico llamado de convocar cuanto antes a los sectores para el Pacto El\u00e9ctrico, y la valiente denuncia del ministro Montalvo cuando se\u00f1ala que en los \u00faltimos a\u00f1os la CDEEE ha sido manejada como un bot\u00edn pol\u00edtico y que hace falta algo diferente a los reiterados pactos, decretos, leyes y reglamentos, que hasta ahora se han aprobado sin resultado alguno. Queda claro que se requiere un saneamiento total del sector el\u00e9ctrico, y es que en la actualidad el modelo de los subsidios, el d\u00e9ficit y el clientelismo es sencillamente insostenible. Adem\u00e1s, abogamos por reglas claras para la inversi\u00f3n de las EDE y una Ley Marco para el sector energ\u00e9tico en su totalidad que le d\u00e9 coherencia y abarque todos los subsectores, teniendo en cuenta al consumidor y en particular, los temas institucionales que tienen que ver con los organismos del Estado. Por eso saludamos la creaci\u00f3n del Ministerio de Energ\u00eda y Minas.<\/span><\/span><\/p>\n<p style=\"text-align: justify;\"><span style=\"font-family: verdana, geneva, sans-serif; font-size: 12px; line-height: 1.5;\">Los pasos dados hasta ahora han sido modestos para los enormes desaf\u00edos energ\u00e9ticos que tenemos como pa\u00eds. Cambiar la tendencia y ponernos a la delantera supone pactar con los sectores involucrados y establecer una pol\u00edtica energ\u00e9tica sostenible y a largo plazo. Y esa ser\u00e1 nuestra apuesta como integrante del pacto seg\u00fan el decreto 389-14 que como presidente de la Comisi\u00f3n de Econom\u00eda, Planificaci\u00f3n y Desarrollo nos designa a tan importante labor de trabajar por un pacto consensuado que decidir\u00e1 el futuro inmediato y el de las pr\u00f3ximas generaciones en materia energ\u00e9tica.<\/span><\/p>\n<div class=\"pvc_clear\"><\/div>\n<p class=\"pvc_stats all \" data-element-id=\"20378\" style=\"\"><i class=\"pvc-stats-icon medium\" aria-hidden=\"true\"><svg aria-hidden=\"true\" focusable=\"false\" data-prefix=\"far\" data-icon=\"chart-bar\" role=\"img\" xmlns=\"http:\/\/www.w3.org\/2000\/svg\" viewBox=\"0 0 512 512\" class=\"svg-inline--fa fa-chart-bar fa-w-16 fa-2x\"><path fill=\"currentColor\" d=\"M396.8 352h22.4c6.4 0 12.8-6.4 12.8-12.8V108.8c0-6.4-6.4-12.8-12.8-12.8h-22.4c-6.4 0-12.8 6.4-12.8 12.8v230.4c0 6.4 6.4 12.8 12.8 12.8zm-192 0h22.4c6.4 0 12.8-6.4 12.8-12.8V140.8c0-6.4-6.4-12.8-12.8-12.8h-22.4c-6.4 0-12.8 6.4-12.8 12.8v198.4c0 6.4 6.4 12.8 12.8 12.8zm96 0h22.4c6.4 0 12.8-6.4 12.8-12.8V204.8c0-6.4-6.4-12.8-12.8-12.8h-22.4c-6.4 0-12.8 6.4-12.8 12.8v134.4c0 6.4 6.4 12.8 12.8 12.8zM496 400H48V80c0-8.84-7.16-16-16-16H16C7.16 64 0 71.16 0 80v336c0 17.67 14.33 32 32 32h464c8.84 0 16-7.16 16-16v-16c0-8.84-7.16-16-16-16zm-387.2-48h22.4c6.4 0 12.8-6.4 12.8-12.8v-70.4c0-6.4-6.4-12.8-12.8-12.8h-22.4c-6.4 0-12.8 6.4-12.8 12.8v70.4c0 6.4 6.4 12.8 12.8 12.8z\" class=\"\"><\/path><\/svg><\/i> Vistas Totales&nbsp;318&nbsp;, Vistas Hoy&nbsp;2&nbsp;<\/p>\n<div class=\"pvc_clear\"><\/div>\n","protected":false},"excerpt":{"rendered":"<p>Autor: V\u00edctor Bison\u00f3Fuente: www.elcaribe.com.doFecha: 07 Febrero 2015Siempre es un momento apropiado para convocar a los distintos sectores y abogar por el urgente y necesario Pacto El\u00e9ctrico para la Rep\u00fablica Dominicana, atrapada por el \u201ccuello de botella\u201d que significa importar casi la totalidad de los combustibles que consume y la grave situaci\u00f3n del sector el\u00e9ctrico, que muy a pesar de las m\u00faltiples promesas de soluci\u00f3n final, permanece en la penumbra condicionando cualquier anhelo de aut\u00e9ntico desarrollo para la naci\u00f3n.<\/p>\n<div class=\"pvc_clear\"><\/div>\n<p class=\"pvc_stats all \" data-element-id=\"20378\" style=\"\"><i class=\"pvc-stats-icon medium\" aria-hidden=\"true\"><svg aria-hidden=\"true\" focusable=\"false\" data-prefix=\"far\" data-icon=\"chart-bar\" role=\"img\" xmlns=\"http:\/\/www.w3.org\/2000\/svg\" viewBox=\"0 0 512 512\" class=\"svg-inline--fa fa-chart-bar fa-w-16 fa-2x\"><path fill=\"currentColor\" d=\"M396.8 352h22.4c6.4 0 12.8-6.4 12.8-12.8V108.8c0-6.4-6.4-12.8-12.8-12.8h-22.4c-6.4 0-12.8 6.4-12.8 12.8v230.4c0 6.4 6.4 12.8 12.8 12.8zm-192 0h22.4c6.4 0 12.8-6.4 12.8-12.8V140.8c0-6.4-6.4-12.8-12.8-12.8h-22.4c-6.4 0-12.8 6.4-12.8 12.8v198.4c0 6.4 6.4 12.8 12.8 12.8zm96 0h22.4c6.4 0 12.8-6.4 12.8-12.8V204.8c0-6.4-6.4-12.8-12.8-12.8h-22.4c-6.4 0-12.8 6.4-12.8 12.8v134.4c0 6.4 6.4 12.8 12.8 12.8zM496 400H48V80c0-8.84-7.16-16-16-16H16C7.16 64 0 71.16 0 80v336c0 17.67 14.33 32 32 32h464c8.84 0 16-7.16 16-16v-16c0-8.84-7.16-16-16-16zm-387.2-48h22.4c6.4 0 12.8-6.4 12.8-12.8v-70.4c0-6.4-6.4-12.8-12.8-12.8h-22.4c-6.4 0-12.8 6.4-12.8 12.8v70.4c0 6.4 6.4 12.8 12.8 12.8z\" class=\"\"><\/path><\/svg><\/i> Vistas Totales&nbsp;318&nbsp;, Vistas Hoy&nbsp;2&nbsp;<\/p>\n<div class=\"pvc_clear\"><\/div>\n","protected":false},"author":2,"featured_media":0,"comment_status":"open","ping_status":"open","sticky":false,"template":"","format":"standard","meta":{"footnotes":""},"categories":[21],"tags":[],"class_list":["post-20378","post","type-post","status-publish","format-standard","hentry","category-blog"],"yoast_head":"<!-- This site is optimized with the Yoast SEO plugin v25.2 - https:\/\/yoast.com\/wordpress\/plugins\/seo\/ -->\n<title>El Pacto El\u00e9ctrico y una visi\u00f3n a largo plazo | CREES<\/title>\n<meta name=\"robots\" content=\"index, follow, max-snippet:-1, max-image-preview:large, max-video-preview:-1\" \/>\n<link rel=\"canonical\" href=\"https:\/\/crees.org.do\/?p=20378\" \/>\n<meta property=\"og:locale\" content=\"es_ES\" \/>\n<meta property=\"og:type\" content=\"article\" \/>\n<meta property=\"og:title\" content=\"El Pacto El\u00e9ctrico y una visi\u00f3n a largo plazo | CREES\" \/>\n<meta property=\"og:description\" content=\"Autor: V\u00edctor Bison\u00f3Fuente: www.elcaribe.com.doFecha: 07 Febrero 2015Siempre es un momento apropiado para convocar a los distintos sectores y abogar por el urgente y necesario Pacto El\u00e9ctrico para la Rep\u00fablica Dominicana, atrapada por el \u201ccuello de botella\u201d que significa importar casi la totalidad de los combustibles que consume y la grave situaci\u00f3n del sector el\u00e9ctrico, que muy a pesar de las m\u00faltiples promesas de soluci\u00f3n final, permanece en la penumbra condicionando cualquier anhelo de aut\u00e9ntico desarrollo para la naci\u00f3n.\" \/>\n<meta property=\"og:url\" content=\"https:\/\/crees.org.do\/?p=20378\" \/>\n<meta property=\"og:site_name\" content=\"CREES\" \/>\n<meta property=\"article:publisher\" content=\"https:\/\/www.facebook.com\/CREESRD\/\" \/>\n<meta property=\"article:published_time\" content=\"2015-01-01T00:00:00+00:00\" \/>\n<meta property=\"og:image\" content=\"https:\/\/crees.org.do\/wp-content\/uploads\/2022\/03\/crees-logo-1.jpg\" \/>\n\t<meta property=\"og:image:width\" content=\"244\" \/>\n\t<meta property=\"og:image:height\" content=\"71\" \/>\n\t<meta property=\"og:image:type\" content=\"image\/jpeg\" \/>\n<meta name=\"author\" content=\"Crees\" \/>\n<meta name=\"twitter:card\" content=\"summary_large_image\" \/>\n<meta name=\"twitter:creator\" content=\"@CREESRD\" \/>\n<meta name=\"twitter:site\" content=\"@CREESRD\" \/>\n<meta name=\"twitter:label1\" content=\"Escrito por\" \/>\n\t<meta name=\"twitter:data1\" content=\"Crees\" \/>\n\t<meta name=\"twitter:label2\" content=\"Tiempo de lectura\" \/>\n\t<meta name=\"twitter:data2\" content=\"4 minutos\" \/>\n<script type=\"application\/ld+json\" class=\"yoast-schema-graph\">{\"@context\":\"https:\/\/schema.org\",\"@graph\":[{\"@type\":\"Article\",\"@id\":\"https:\/\/crees.org.do\/?p=20378#article\",\"isPartOf\":{\"@id\":\"https:\/\/crees.org.do\/?p=20378\"},\"author\":{\"name\":\"Crees\",\"@id\":\"https:\/\/crees.org.do\/#\/schema\/person\/e7f97cd94d7bf9cd0e0ce30acb7d56b8\"},\"headline\":\"El Pacto El\u00e9ctrico y una visi\u00f3n a largo plazo\",\"datePublished\":\"2015-01-01T00:00:00+00:00\",\"mainEntityOfPage\":{\"@id\":\"https:\/\/crees.org.do\/?p=20378\"},\"wordCount\":895,\"commentCount\":0,\"publisher\":{\"@id\":\"https:\/\/crees.org.do\/#organization\"},\"articleSection\":[\"Blog\"],\"inLanguage\":\"es\"},{\"@type\":\"WebPage\",\"@id\":\"https:\/\/crees.org.do\/?p=20378\",\"url\":\"https:\/\/crees.org.do\/?p=20378\",\"name\":\"El Pacto El\u00e9ctrico y una visi\u00f3n a largo plazo | CREES\",\"isPartOf\":{\"@id\":\"https:\/\/crees.org.do\/#website\"},\"datePublished\":\"2015-01-01T00:00:00+00:00\",\"breadcrumb\":{\"@id\":\"https:\/\/crees.org.do\/?p=20378#breadcrumb\"},\"inLanguage\":\"es\",\"potentialAction\":[{\"@type\":\"ReadAction\",\"target\":[\"https:\/\/crees.org.do\/?p=20378\"]}]},{\"@type\":\"BreadcrumbList\",\"@id\":\"https:\/\/crees.org.do\/?p=20378#breadcrumb\",\"itemListElement\":[{\"@type\":\"ListItem\",\"position\":1,\"name\":\"Portada\",\"item\":\"https:\/\/crees.org.do\/\"},{\"@type\":\"ListItem\",\"position\":2,\"name\":\"El Pacto El\u00e9ctrico y una visi\u00f3n a largo plazo\"}]},{\"@type\":\"WebSite\",\"@id\":\"https:\/\/crees.org.do\/#website\",\"url\":\"https:\/\/crees.org.do\/\",\"name\":\"CREES\",\"description\":\"Centro Regional de Estrategias Econ\u00f3micas Sostenibles\",\"publisher\":{\"@id\":\"https:\/\/crees.org.do\/#organization\"},\"potentialAction\":[{\"@type\":\"SearchAction\",\"target\":{\"@type\":\"EntryPoint\",\"urlTemplate\":\"https:\/\/crees.org.do\/?s={search_term_string}\"},\"query-input\":{\"@type\":\"PropertyValueSpecification\",\"valueRequired\":true,\"valueName\":\"search_term_string\"}}],\"inLanguage\":\"es\"},{\"@type\":\"Organization\",\"@id\":\"https:\/\/crees.org.do\/#organization\",\"name\":\"CREES | Centro Regional de Estrategias Econ\u00f3micas Sostenibles\",\"url\":\"https:\/\/crees.org.do\/\",\"logo\":{\"@type\":\"ImageObject\",\"inLanguage\":\"es\",\"@id\":\"https:\/\/crees.org.do\/#\/schema\/logo\/image\/\",\"url\":\"https:\/\/crees.org.do\/wp-content\/uploads\/2022\/03\/crees-logo-1.jpg\",\"contentUrl\":\"https:\/\/crees.org.do\/wp-content\/uploads\/2022\/03\/crees-logo-1.jpg\",\"width\":244,\"height\":71,\"caption\":\"CREES | Centro Regional de Estrategias Econ\u00f3micas Sostenibles\"},\"image\":{\"@id\":\"https:\/\/crees.org.do\/#\/schema\/logo\/image\/\"},\"sameAs\":[\"https:\/\/www.facebook.com\/CREESRD\/\",\"https:\/\/x.com\/CREESRD\"]},{\"@type\":\"Person\",\"@id\":\"https:\/\/crees.org.do\/#\/schema\/person\/e7f97cd94d7bf9cd0e0ce30acb7d56b8\",\"name\":\"Crees\",\"image\":{\"@type\":\"ImageObject\",\"inLanguage\":\"es\",\"@id\":\"https:\/\/crees.org.do\/#\/schema\/person\/image\/\",\"url\":\"https:\/\/secure.gravatar.com\/avatar\/390ac8f0be5d9aa046152553e2dd7011b59a512d89c150f5e5f28bb8d9a0b165?s=96&d=mm&r=g\",\"contentUrl\":\"https:\/\/secure.gravatar.com\/avatar\/390ac8f0be5d9aa046152553e2dd7011b59a512d89c150f5e5f28bb8d9a0b165?s=96&d=mm&r=g\",\"caption\":\"Crees\"},\"url\":\"https:\/\/crees.org.do\/?author=2\"}]}<\/script>\n<!-- \/ Yoast SEO plugin. -->","yoast_head_json":{"title":"El Pacto El\u00e9ctrico y una visi\u00f3n a largo plazo | CREES","robots":{"index":"index","follow":"follow","max-snippet":"max-snippet:-1","max-image-preview":"max-image-preview:large","max-video-preview":"max-video-preview:-1"},"canonical":"https:\/\/crees.org.do\/?p=20378","og_locale":"es_ES","og_type":"article","og_title":"El Pacto El\u00e9ctrico y una visi\u00f3n a largo plazo | CREES","og_description":"Autor: V\u00edctor Bison\u00f3Fuente: www.elcaribe.com.doFecha: 07 Febrero 2015Siempre es un momento apropiado para convocar a los distintos sectores y abogar por el urgente y necesario Pacto El\u00e9ctrico para la Rep\u00fablica Dominicana, atrapada por el \u201ccuello de botella\u201d que significa importar casi la totalidad de los combustibles que consume y la grave situaci\u00f3n del sector el\u00e9ctrico, que muy a pesar de las m\u00faltiples promesas de soluci\u00f3n final, permanece en la penumbra condicionando cualquier anhelo de aut\u00e9ntico desarrollo para la naci\u00f3n.","og_url":"https:\/\/crees.org.do\/?p=20378","og_site_name":"CREES","article_publisher":"https:\/\/www.facebook.com\/CREESRD\/","article_published_time":"2015-01-01T00:00:00+00:00","og_image":[{"width":244,"height":71,"url":"https:\/\/crees.org.do\/wp-content\/uploads\/2022\/03\/crees-logo-1.jpg","type":"image\/jpeg"}],"author":"Crees","twitter_card":"summary_large_image","twitter_creator":"@CREESRD","twitter_site":"@CREESRD","twitter_misc":{"Escrito por":"Crees","Tiempo de lectura":"4 minutos"},"schema":{"@context":"https:\/\/schema.org","@graph":[{"@type":"Article","@id":"https:\/\/crees.org.do\/?p=20378#article","isPartOf":{"@id":"https:\/\/crees.org.do\/?p=20378"},"author":{"name":"Crees","@id":"https:\/\/crees.org.do\/#\/schema\/person\/e7f97cd94d7bf9cd0e0ce30acb7d56b8"},"headline":"El Pacto El\u00e9ctrico y una visi\u00f3n a largo plazo","datePublished":"2015-01-01T00:00:00+00:00","mainEntityOfPage":{"@id":"https:\/\/crees.org.do\/?p=20378"},"wordCount":895,"commentCount":0,"publisher":{"@id":"https:\/\/crees.org.do\/#organization"},"articleSection":["Blog"],"inLanguage":"es"},{"@type":"WebPage","@id":"https:\/\/crees.org.do\/?p=20378","url":"https:\/\/crees.org.do\/?p=20378","name":"El Pacto El\u00e9ctrico y una visi\u00f3n a largo plazo | CREES","isPartOf":{"@id":"https:\/\/crees.org.do\/#website"},"datePublished":"2015-01-01T00:00:00+00:00","breadcrumb":{"@id":"https:\/\/crees.org.do\/?p=20378#breadcrumb"},"inLanguage":"es","potentialAction":[{"@type":"ReadAction","target":["https:\/\/crees.org.do\/?p=20378"]}]},{"@type":"BreadcrumbList","@id":"https:\/\/crees.org.do\/?p=20378#breadcrumb","itemListElement":[{"@type":"ListItem","position":1,"name":"Portada","item":"https:\/\/crees.org.do\/"},{"@type":"ListItem","position":2,"name":"El Pacto El\u00e9ctrico y una visi\u00f3n a largo plazo"}]},{"@type":"WebSite","@id":"https:\/\/crees.org.do\/#website","url":"https:\/\/crees.org.do\/","name":"CREES","description":"Centro Regional de Estrategias Econ\u00f3micas Sostenibles","publisher":{"@id":"https:\/\/crees.org.do\/#organization"},"potentialAction":[{"@type":"SearchAction","target":{"@type":"EntryPoint","urlTemplate":"https:\/\/crees.org.do\/?s={search_term_string}"},"query-input":{"@type":"PropertyValueSpecification","valueRequired":true,"valueName":"search_term_string"}}],"inLanguage":"es"},{"@type":"Organization","@id":"https:\/\/crees.org.do\/#organization","name":"CREES | Centro Regional de Estrategias Econ\u00f3micas Sostenibles","url":"https:\/\/crees.org.do\/","logo":{"@type":"ImageObject","inLanguage":"es","@id":"https:\/\/crees.org.do\/#\/schema\/logo\/image\/","url":"https:\/\/crees.org.do\/wp-content\/uploads\/2022\/03\/crees-logo-1.jpg","contentUrl":"https:\/\/crees.org.do\/wp-content\/uploads\/2022\/03\/crees-logo-1.jpg","width":244,"height":71,"caption":"CREES | Centro Regional de Estrategias Econ\u00f3micas Sostenibles"},"image":{"@id":"https:\/\/crees.org.do\/#\/schema\/logo\/image\/"},"sameAs":["https:\/\/www.facebook.com\/CREESRD\/","https:\/\/x.com\/CREESRD"]},{"@type":"Person","@id":"https:\/\/crees.org.do\/#\/schema\/person\/e7f97cd94d7bf9cd0e0ce30acb7d56b8","name":"Crees","image":{"@type":"ImageObject","inLanguage":"es","@id":"https:\/\/crees.org.do\/#\/schema\/person\/image\/","url":"https:\/\/secure.gravatar.com\/avatar\/390ac8f0be5d9aa046152553e2dd7011b59a512d89c150f5e5f28bb8d9a0b165?s=96&d=mm&r=g","contentUrl":"https:\/\/secure.gravatar.com\/avatar\/390ac8f0be5d9aa046152553e2dd7011b59a512d89c150f5e5f28bb8d9a0b165?s=96&d=mm&r=g","caption":"Crees"},"url":"https:\/\/crees.org.do\/?author=2"}]}},"_links":{"self":[{"href":"https:\/\/crees.org.do\/index.php?rest_route=\/wp\/v2\/posts\/20378","targetHints":{"allow":["GET"]}}],"collection":[{"href":"https:\/\/crees.org.do\/index.php?rest_route=\/wp\/v2\/posts"}],"about":[{"href":"https:\/\/crees.org.do\/index.php?rest_route=\/wp\/v2\/types\/post"}],"author":[{"embeddable":true,"href":"https:\/\/crees.org.do\/index.php?rest_route=\/wp\/v2\/users\/2"}],"replies":[{"embeddable":true,"href":"https:\/\/crees.org.do\/index.php?rest_route=%2Fwp%2Fv2%2Fcomments&post=20378"}],"version-history":[{"count":0,"href":"https:\/\/crees.org.do\/index.php?rest_route=\/wp\/v2\/posts\/20378\/revisions"}],"wp:attachment":[{"href":"https:\/\/crees.org.do\/index.php?rest_route=%2Fwp%2Fv2%2Fmedia&parent=20378"}],"wp:term":[{"taxonomy":"category","embeddable":true,"href":"https:\/\/crees.org.do\/index.php?rest_route=%2Fwp%2Fv2%2Fcategories&post=20378"},{"taxonomy":"post_tag","embeddable":true,"href":"https:\/\/crees.org.do\/index.php?rest_route=%2Fwp%2Fv2%2Ftags&post=20378"}],"curies":[{"name":"wp","href":"https:\/\/api.w.org\/{rel}","templated":true}]}}