{"id":20413,"date":"2015-01-01T00:00:00","date_gmt":"2015-01-01T00:00:00","guid":{"rendered":"https:\/\/crees.org.do\/rd-rezagada-en-instituciones-sanas-que-promuevan-progreso\/"},"modified":"2015-01-01T00:00:00","modified_gmt":"2015-01-01T00:00:00","slug":"rd-rezagada-en-instituciones-sanas-que-promuevan-progreso","status":"publish","type":"post","link":"https:\/\/crees.org.do\/?p=20413","title":{"rendered":"RD rezagada en instituciones sanas que promuevan progreso"},"content":{"rendered":"<p style=\"border: 0px; font-family: Arial, Helvetica, sans-serif; margin-bottom: 15px; outline: 0px; padding: 0px; vertical-align: baseline; color: rgb(20, 20, 20); line-height: 22px; text-align: justify; background-color: rgb(255, 255, 255);\"><strong><span style=\"font-size:12px;\"><span style=\"font-family:verdana,geneva,sans-serif;\">Autor: Peri\u00f3dico Hoy<\/span><\/span><\/strong><\/p>\n<p style=\"border: 0px; font-family: Arial, Helvetica, sans-serif; margin-bottom: 15px; outline: 0px; padding: 0px; vertical-align: baseline; color: rgb(20, 20, 20); line-height: 22px; text-align: justify; background-color: rgb(255, 255, 255);\"><span style=\"font-size:12px;\"><span style=\"font-family:verdana,geneva,sans-serif;\">Fecha: 05\/08\/2015<\/span><\/span><\/p>\n<p style=\"border: 0px; font-family: Arial, Helvetica, sans-serif; margin-bottom: 15px; outline: 0px; padding: 0px; vertical-align: baseline; color: rgb(20, 20, 20); line-height: 22px; text-align: justify; background-color: rgb(255, 255, 255);\"><span style=\"font-size:12px;\"><span style=\"font-family:verdana,geneva,sans-serif;\">Extra\u00eddo de <a href=\"http:\/\/hoy.com.do\/rd-rezagada-en-instituciones-sanas-que-promuevan-progreso\/\">hoy.com.do<\/a><\/span><\/span><\/p>\n<p style=\"border: 0px; font-family: Arial, Helvetica, sans-serif; margin-bottom: 15px; outline: 0px; padding: 0px; vertical-align: baseline; color: rgb(20, 20, 20); line-height: 22px; text-align: justify; background-color: rgb(255, 255, 255);\">&nbsp;<\/p>\n<p style=\"border: 0px; font-family: Arial, Helvetica, sans-serif; margin-bottom: 15px; outline: 0px; padding: 0px; vertical-align: baseline; color: rgb(20, 20, 20); line-height: 22px; text-align: justify; background-color: rgb(255, 255, 255);\"><span style=\"font-size:12px;\"><span style=\"font-family:verdana,geneva,sans-serif;\">Rep\u00fablica Dominicana est\u00e1 entre un grupo de pa\u00edses que ha avanzado algo en cuanto a cumplir y hacer cumplir las reglas de juego y respetar los derechos de propiedad, pero que han quedado rezagados en asumir instituciones sanas que promuevan un verdadero progreso integral.<\/span><\/span><\/p>\n<p><center class=\"ebz_native_center\" style=\"color: rgb(10, 10, 10); font-family: Arial, Helvetica, sans-serif; line-height: 22px; overflow: hidden; height: 0px; margin: auto; width: auto; background-color: rgb(255, 255, 255);\"><\/p>\n<div style=\"border: 0px; font-family: inherit; font-size: 10px; font-style: inherit; font-weight: inherit; margin: 0px; outline: 0px; padding: 10px 0px 5px; vertical-align: baseline; color: rgb(136, 136, 136); text-align: justify;\">&nbsp;<\/div>\n<div id=\"ebzNative\" style=\"border: 0px; font-family: inherit; font-style: inherit; font-weight: inherit; margin: 0px; outline: 0px; padding: 0px; vertical-align: baseline; text-align: justify;\">&nbsp;<\/div>\n<p><\/center><\/p>\n<p style=\"border: 0px; font-family: Arial, Helvetica, sans-serif; margin-bottom: 15px; outline: 0px; padding: 0px; vertical-align: baseline; color: rgb(20, 20, 20); line-height: 22px; text-align: justify; background-color: rgb(255, 255, 255);\"><span style=\"font-size:12px;\"><span style=\"font-family:verdana,geneva,sans-serif;\">En cambio hay otro grupo de pa\u00edses que ha avazando notablemente en el aspecto institucional, que incluye a Chile, Colombia, Uruguay, Panam\u00e1, Per\u00fa y Costa Rica.<\/span><\/span><\/p>\n<p style=\"border: 0px; font-family: Arial, Helvetica, sans-serif; margin-bottom: 15px; outline: 0px; padding: 0px; vertical-align: baseline; color: rgb(20, 20, 20); line-height: 22px; text-align: justify; background-color: rgb(255, 255, 255);\"><span style=\"font-size:12px;\"><span style=\"font-family:verdana,geneva,sans-serif;\">En peor situaci\u00f3n est\u00e1n otros pa\u00edses que han retrocedido de manera importante en el aspecto institucional, presentando panoramas preocupantes para el futuro: Argentina, Bolivia, Ecuador y Venezuela.<\/span><\/span><\/p>\n<p style=\"border: 0px; font-family: Arial, Helvetica, sans-serif; margin-bottom: 15px; outline: 0px; padding: 0px; vertical-align: baseline; color: rgb(20, 20, 20); line-height: 22px; text-align: justify; background-color: rgb(255, 255, 255);\"><span style=\"font-size:12px;\"><span style=\"font-family:verdana,geneva,sans-serif;\">Cuba es un caso muy peculiar porque se ha mantenido con las peores instituciones de Am\u00e9rica Latina por m\u00e1s de 55 a\u00f1os; est\u00e1 por verse un verdadero cambio institucional de cara al futuro.<\/span><\/span><\/p>\n<p style=\"border: 0px; font-family: Arial, Helvetica, sans-serif; margin-bottom: 15px; outline: 0px; padding: 0px; vertical-align: baseline; color: rgb(20, 20, 20); line-height: 22px; text-align: justify; background-color: rgb(255, 255, 255);\"><span style=\"font-size:12px;\"><span style=\"font-family:verdana,geneva,sans-serif;\">Estos planteamientos aparecen en un trabajo del economista Ernesto Selman, publicado en la p\u00e1gina web del Centro Regional de Estrategias Econ\u00f3micas Sostenibles (CREES).<\/span><\/span><\/p>\n<p style=\"border: 0px; font-family: Arial, Helvetica, sans-serif; margin-bottom: 15px; outline: 0px; padding: 0px; vertical-align: baseline; color: rgb(20, 20, 20); line-height: 22px; text-align: justify; background-color: rgb(255, 255, 255);\"><span style=\"font-size:12px;\"><span style=\"font-family:verdana,geneva,sans-serif;\">En el trabajo se se\u00f1ala que diversos organismos internacionales han llamado la atenci\u00f3n de que Am\u00e9rica Latina no aplic\u00f3 reformas estructurales en a\u00f1os recientes para diversificar la base productiva y aumentar la productividad, aprovechando un ambiente de bajos tipos de inter\u00e9s a nivel mundial.<\/span><\/span><\/p>\n<p style=\"border: 0px; font-family: Arial, Helvetica, sans-serif; margin-bottom: 15px; outline: 0px; padding: 0px; vertical-align: baseline; color: rgb(20, 20, 20); line-height: 22px; text-align: justify; background-color: rgb(255, 255, 255);\"><span style=\"font-size:12px;\"><span style=\"font-family:verdana,geneva,sans-serif;\">Resalta que las pol\u00edticas econ\u00f3micas son muy importantes porque env\u00edan las se\u00f1ales directas a los miembros de una sociedad de la relativa facilidad para emprender, invertir, producir, consumir y ahorrar, entre otras actividades.<\/span><\/span><\/p>\n<p style=\"border: 0px; font-family: Arial, Helvetica, sans-serif; margin-bottom: 15px; outline: 0px; padding: 0px; vertical-align: baseline; color: rgb(20, 20, 20); line-height: 22px; text-align: justify; background-color: rgb(255, 255, 255);\"><span style=\"font-size:12px;\"><span style=\"font-family:verdana,geneva,sans-serif;\">Sin embargo, explica que las pol\u00edticas econ\u00f3micas se toman dentro de un marco institucional que incluye las normas jur\u00eddicas establecidas en combinaci\u00f3n con las costumbres, creencias y tradiciones de una sociedad.<\/span><\/span><\/p>\n<p style=\"border: 0px; font-family: Arial, Helvetica, sans-serif; margin-bottom: 15px; outline: 0px; padding: 0px; vertical-align: baseline; color: rgb(20, 20, 20); line-height: 22px; text-align: justify; background-color: rgb(255, 255, 255);\"><span style=\"font-size:12px;\"><span style=\"font-family:verdana,geneva,sans-serif;\">&ldquo;Ese orden institucional sirve de fundamento o zapata al desenvolvimiento de una sociedad en t\u00e9rminos pol\u00edticos, econ\u00f3micos y sociales&rdquo;, expresa.<\/span><\/span><\/p>\n<p style=\"border: 0px; font-family: Arial, Helvetica, sans-serif; margin-bottom: 15px; outline: 0px; padding: 0px; vertical-align: baseline; color: rgb(20, 20, 20); line-height: 22px; text-align: justify; background-color: rgb(255, 255, 255);\"><span style=\"font-size:12px;\"><span style=\"font-family:verdana,geneva,sans-serif;\">Al resaltar la importancia del orden institucional, Selman se\u00f1ala que cuando en las ciencias sociales se utiliza el t\u00e9rmino instituciones se relaciona con las reglas de juego o normas de conducta bajo las cuales se desenvuelven los miembros de una sociedad.<\/span><\/span><\/p>\n<p style=\"border: 0px; font-family: Arial, Helvetica, sans-serif; margin-bottom: 15px; outline: 0px; padding: 0px; vertical-align: baseline; color: rgb(20, 20, 20); line-height: 22px; text-align: justify; background-color: rgb(255, 255, 255);\"><span style=\"font-size:12px;\"><span style=\"font-family:verdana,geneva,sans-serif;\">Afirma que el papel de las instituciones es cr\u00edtico en el desempe\u00f1o econ\u00f3mico.<\/span><\/span><\/p>\n<p style=\"border: 0px; font-family: Arial, Helvetica, sans-serif; margin-bottom: 15px; outline: 0px; padding: 0px; vertical-align: baseline; color: rgb(20, 20, 20); line-height: 22px; text-align: justify; background-color: rgb(255, 255, 255);\"><span style=\"font-size:12px;\"><span style=\"font-family:verdana,geneva,sans-serif;\">&ldquo;Debido a que muchas veces se confunde el t\u00e9rmino instituciones con el deorganizaciones, nos permitimos aclarar la diferencia entre \u00e9stas. Las instituciones son normas establecidas deliberadamente o que asumimos en nuestro comportamiento cotidiano como parte de la vida en sociedad&rdquo;, agrega.<\/span><\/span><\/p>\n<p style=\"border: 0px; font-family: Arial, Helvetica, sans-serif; margin-bottom: 15px; outline: 0px; padding: 0px; vertical-align: baseline; color: rgb(20, 20, 20); line-height: 22px; text-align: justify; background-color: rgb(255, 255, 255);\"><span style=\"font-size:12px;\"><span style=\"font-family:verdana,geneva,sans-serif;\">Selman afirma que en la Am\u00e9rica Latina existen ciertas instituciones que han servido de retranca al progreso de nuestras sociedades.<\/span><\/span><\/p>\n<p style=\"border: 0px; font-family: Arial, Helvetica, sans-serif; margin-bottom: 15px; outline: 0px; padding: 0px; vertical-align: baseline; color: rgb(20, 20, 20); line-height: 22px; text-align: justify; background-color: rgb(255, 255, 255);\"><span style=\"font-size:12px;\"><span style=\"font-family:verdana,geneva,sans-serif;\">El clientelismo, populismo, la corrupci\u00f3n y la impunidad, por ejemplo, son algunas de las instituciones que no hemos superado en la regi\u00f3n y que han imposibilitado mejor calidad de vida, con muy raras excepciones en la historia.<\/span><\/span><\/p>\n<p style=\"border: 0px; font-family: Arial, Helvetica, sans-serif; margin-bottom: 15px; outline: 0px; padding: 0px; vertical-align: baseline; color: rgb(20, 20, 20); line-height: 22px; text-align: justify; background-color: rgb(255, 255, 255);\"><span style=\"font-size:12px;\"><span style=\"font-family:verdana,geneva,sans-serif;\">Asimismo afirma que la discrecionalidad es una instituci\u00f3n enraizada en la cultura latinoamericana que da vida a otras instituciones perniciosas, lo que impide que unas mismas reglas de juego se apliquen equitativamente a todos los miembros de la sociedad.<\/span><\/span><\/p>\n<p style=\"border: 0px; font-family: Arial, Helvetica, sans-serif; margin-bottom: 15px; outline: 0px; padding: 0px; vertical-align: baseline; color: rgb(20, 20, 20); line-height: 22px; text-align: justify; background-color: rgb(255, 255, 255);\"><span style=\"font-size:12px;\"><span style=\"font-family:verdana,geneva,sans-serif;\">El resultado es el surgimiento del privilegio, otra instituci\u00f3n latinoamericana que limita el progreso y genera mayor inequidad. La falta de instituciones sanas mantienen a miles de latinoamericanos viviendo en pobreza y sin esperanzas sobre el futuro.<\/span><\/span><\/p>\n<p style=\"border: 0px; font-family: Arial, Helvetica, sans-serif; margin-bottom: 15px; outline: 0px; padding: 0px; vertical-align: baseline; color: rgb(20, 20, 20); line-height: 22px; text-align: justify; background-color: rgb(255, 255, 255);\"><span style=\"font-size:12px;\"><span style=\"font-family:verdana,geneva,sans-serif;\">Cuando usamos el t\u00e9rmino de instituciones d\u00e9biles en un pa\u00eds significa que la discrecionalidad juega un papel m\u00e1s importante que reglas de juego estables en las relaciones pol\u00edticas, econ\u00f3micas y sociales. De esta forma, se eleva la incertidumbre de vivir y hacer negocios en cualquier sociedad. Bajo un orden institucional d\u00e9bil, se limita el progreso econ\u00f3mico y la movilidad social se hace nula. M\u00e1s a\u00fan, sin instituciones sanas o fuertes, las oportunidades de alcanzar mejor calidad de vida muchas veces se logran a trav\u00e9s de quienes tienen capacidad de influir sobre las reglas de juego establecidas.<\/span><\/span><\/p>\n<div class=\"pvc_clear\"><\/div>\n<p class=\"pvc_stats all \" data-element-id=\"20413\" style=\"\"><i class=\"pvc-stats-icon medium\" aria-hidden=\"true\"><svg aria-hidden=\"true\" focusable=\"false\" data-prefix=\"far\" data-icon=\"chart-bar\" role=\"img\" xmlns=\"http:\/\/www.w3.org\/2000\/svg\" viewBox=\"0 0 512 512\" class=\"svg-inline--fa fa-chart-bar fa-w-16 fa-2x\"><path fill=\"currentColor\" d=\"M396.8 352h22.4c6.4 0 12.8-6.4 12.8-12.8V108.8c0-6.4-6.4-12.8-12.8-12.8h-22.4c-6.4 0-12.8 6.4-12.8 12.8v230.4c0 6.4 6.4 12.8 12.8 12.8zm-192 0h22.4c6.4 0 12.8-6.4 12.8-12.8V140.8c0-6.4-6.4-12.8-12.8-12.8h-22.4c-6.4 0-12.8 6.4-12.8 12.8v198.4c0 6.4 6.4 12.8 12.8 12.8zm96 0h22.4c6.4 0 12.8-6.4 12.8-12.8V204.8c0-6.4-6.4-12.8-12.8-12.8h-22.4c-6.4 0-12.8 6.4-12.8 12.8v134.4c0 6.4 6.4 12.8 12.8 12.8zM496 400H48V80c0-8.84-7.16-16-16-16H16C7.16 64 0 71.16 0 80v336c0 17.67 14.33 32 32 32h464c8.84 0 16-7.16 16-16v-16c0-8.84-7.16-16-16-16zm-387.2-48h22.4c6.4 0 12.8-6.4 12.8-12.8v-70.4c0-6.4-6.4-12.8-12.8-12.8h-22.4c-6.4 0-12.8 6.4-12.8 12.8v70.4c0 6.4 6.4 12.8 12.8 12.8z\" class=\"\"><\/path><\/svg><\/i> Vistas Totales&nbsp;290&nbsp;, Vistas Hoy&nbsp;1&nbsp;<\/p>\n<div class=\"pvc_clear\"><\/div>\n","protected":false},"excerpt":{"rendered":"<p>Autor: Peri\u00f3dico HoyFecha: 05\/08\/2015Extra\u00eddo de hoy.com.doRep\u00fablica Dominicana est\u00e1 entre un grupo de pa\u00edses que ha avanzado algo en cuanto a cumplir y hacer cumplir las reglas de juego y respetar los derechos de propiedad, pero que han quedado rezagados en asumir instituciones sanas que promuevan un verdadero progreso integral.<\/p>\n<div class=\"pvc_clear\"><\/div>\n<p class=\"pvc_stats all \" data-element-id=\"20413\" style=\"\"><i class=\"pvc-stats-icon medium\" aria-hidden=\"true\"><svg aria-hidden=\"true\" focusable=\"false\" data-prefix=\"far\" data-icon=\"chart-bar\" role=\"img\" xmlns=\"http:\/\/www.w3.org\/2000\/svg\" viewBox=\"0 0 512 512\" class=\"svg-inline--fa fa-chart-bar fa-w-16 fa-2x\"><path fill=\"currentColor\" d=\"M396.8 352h22.4c6.4 0 12.8-6.4 12.8-12.8V108.8c0-6.4-6.4-12.8-12.8-12.8h-22.4c-6.4 0-12.8 6.4-12.8 12.8v230.4c0 6.4 6.4 12.8 12.8 12.8zm-192 0h22.4c6.4 0 12.8-6.4 12.8-12.8V140.8c0-6.4-6.4-12.8-12.8-12.8h-22.4c-6.4 0-12.8 6.4-12.8 12.8v198.4c0 6.4 6.4 12.8 12.8 12.8zm96 0h22.4c6.4 0 12.8-6.4 12.8-12.8V204.8c0-6.4-6.4-12.8-12.8-12.8h-22.4c-6.4 0-12.8 6.4-12.8 12.8v134.4c0 6.4 6.4 12.8 12.8 12.8zM496 400H48V80c0-8.84-7.16-16-16-16H16C7.16 64 0 71.16 0 80v336c0 17.67 14.33 32 32 32h464c8.84 0 16-7.16 16-16v-16c0-8.84-7.16-16-16-16zm-387.2-48h22.4c6.4 0 12.8-6.4 12.8-12.8v-70.4c0-6.4-6.4-12.8-12.8-12.8h-22.4c-6.4 0-12.8 6.4-12.8 12.8v70.4c0 6.4 6.4 12.8 12.8 12.8z\" class=\"\"><\/path><\/svg><\/i> Vistas Totales&nbsp;290&nbsp;, Vistas Hoy&nbsp;1&nbsp;<\/p>\n<div class=\"pvc_clear\"><\/div>\n","protected":false},"author":2,"featured_media":0,"comment_status":"open","ping_status":"open","sticky":false,"template":"","format":"standard","meta":{"footnotes":""},"categories":[21],"tags":[],"class_list":["post-20413","post","type-post","status-publish","format-standard","hentry","category-blog"],"yoast_head":"<!-- This site is optimized with the Yoast SEO plugin v25.2 - https:\/\/yoast.com\/wordpress\/plugins\/seo\/ -->\n<title>RD rezagada en instituciones sanas que promuevan progreso | CREES<\/title>\n<meta name=\"robots\" content=\"index, follow, max-snippet:-1, max-image-preview:large, max-video-preview:-1\" \/>\n<link rel=\"canonical\" href=\"https:\/\/crees.org.do\/?p=20413\" \/>\n<meta property=\"og:locale\" content=\"es_ES\" \/>\n<meta property=\"og:type\" content=\"article\" \/>\n<meta property=\"og:title\" content=\"RD rezagada en instituciones sanas que promuevan progreso | CREES\" \/>\n<meta property=\"og:description\" content=\"Autor: Peri\u00f3dico HoyFecha: 05\/08\/2015Extra\u00eddo de hoy.com.doRep\u00fablica Dominicana est\u00e1 entre un grupo de pa\u00edses que ha avanzado algo en cuanto a cumplir y hacer cumplir las reglas de juego y respetar los derechos de propiedad, pero que han quedado rezagados en asumir instituciones sanas que promuevan un verdadero progreso integral.\" \/>\n<meta property=\"og:url\" content=\"https:\/\/crees.org.do\/?p=20413\" \/>\n<meta property=\"og:site_name\" content=\"CREES\" \/>\n<meta property=\"article:publisher\" content=\"https:\/\/www.facebook.com\/CREESRD\/\" \/>\n<meta property=\"article:published_time\" content=\"2015-01-01T00:00:00+00:00\" \/>\n<meta property=\"og:image\" content=\"https:\/\/crees.org.do\/wp-content\/uploads\/2022\/03\/crees-logo-1.jpg\" \/>\n\t<meta property=\"og:image:width\" content=\"244\" \/>\n\t<meta property=\"og:image:height\" content=\"71\" \/>\n\t<meta property=\"og:image:type\" content=\"image\/jpeg\" \/>\n<meta name=\"author\" content=\"Crees\" \/>\n<meta name=\"twitter:card\" content=\"summary_large_image\" \/>\n<meta name=\"twitter:creator\" content=\"@CREESRD\" \/>\n<meta name=\"twitter:site\" content=\"@CREESRD\" \/>\n<meta name=\"twitter:label1\" content=\"Escrito por\" \/>\n\t<meta name=\"twitter:data1\" content=\"Crees\" \/>\n\t<meta name=\"twitter:label2\" content=\"Tiempo de lectura\" \/>\n\t<meta name=\"twitter:data2\" content=\"3 minutos\" \/>\n<script type=\"application\/ld+json\" class=\"yoast-schema-graph\">{\"@context\":\"https:\/\/schema.org\",\"@graph\":[{\"@type\":\"Article\",\"@id\":\"https:\/\/crees.org.do\/?p=20413#article\",\"isPartOf\":{\"@id\":\"https:\/\/crees.org.do\/?p=20413\"},\"author\":{\"name\":\"Crees\",\"@id\":\"https:\/\/crees.org.do\/#\/schema\/person\/e7f97cd94d7bf9cd0e0ce30acb7d56b8\"},\"headline\":\"RD rezagada en instituciones sanas que promuevan progreso\",\"datePublished\":\"2015-01-01T00:00:00+00:00\",\"mainEntityOfPage\":{\"@id\":\"https:\/\/crees.org.do\/?p=20413\"},\"wordCount\":679,\"commentCount\":0,\"publisher\":{\"@id\":\"https:\/\/crees.org.do\/#organization\"},\"articleSection\":[\"Blog\"],\"inLanguage\":\"es\"},{\"@type\":\"WebPage\",\"@id\":\"https:\/\/crees.org.do\/?p=20413\",\"url\":\"https:\/\/crees.org.do\/?p=20413\",\"name\":\"RD rezagada en instituciones sanas que promuevan progreso | CREES\",\"isPartOf\":{\"@id\":\"https:\/\/crees.org.do\/#website\"},\"datePublished\":\"2015-01-01T00:00:00+00:00\",\"breadcrumb\":{\"@id\":\"https:\/\/crees.org.do\/?p=20413#breadcrumb\"},\"inLanguage\":\"es\",\"potentialAction\":[{\"@type\":\"ReadAction\",\"target\":[\"https:\/\/crees.org.do\/?p=20413\"]}]},{\"@type\":\"BreadcrumbList\",\"@id\":\"https:\/\/crees.org.do\/?p=20413#breadcrumb\",\"itemListElement\":[{\"@type\":\"ListItem\",\"position\":1,\"name\":\"Portada\",\"item\":\"https:\/\/crees.org.do\/\"},{\"@type\":\"ListItem\",\"position\":2,\"name\":\"RD rezagada en instituciones sanas que promuevan progreso\"}]},{\"@type\":\"WebSite\",\"@id\":\"https:\/\/crees.org.do\/#website\",\"url\":\"https:\/\/crees.org.do\/\",\"name\":\"CREES\",\"description\":\"Centro Regional de Estrategias Econ\u00f3micas Sostenibles\",\"publisher\":{\"@id\":\"https:\/\/crees.org.do\/#organization\"},\"potentialAction\":[{\"@type\":\"SearchAction\",\"target\":{\"@type\":\"EntryPoint\",\"urlTemplate\":\"https:\/\/crees.org.do\/?s={search_term_string}\"},\"query-input\":{\"@type\":\"PropertyValueSpecification\",\"valueRequired\":true,\"valueName\":\"search_term_string\"}}],\"inLanguage\":\"es\"},{\"@type\":\"Organization\",\"@id\":\"https:\/\/crees.org.do\/#organization\",\"name\":\"CREES | Centro Regional de Estrategias Econ\u00f3micas Sostenibles\",\"url\":\"https:\/\/crees.org.do\/\",\"logo\":{\"@type\":\"ImageObject\",\"inLanguage\":\"es\",\"@id\":\"https:\/\/crees.org.do\/#\/schema\/logo\/image\/\",\"url\":\"https:\/\/crees.org.do\/wp-content\/uploads\/2022\/03\/crees-logo-1.jpg\",\"contentUrl\":\"https:\/\/crees.org.do\/wp-content\/uploads\/2022\/03\/crees-logo-1.jpg\",\"width\":244,\"height\":71,\"caption\":\"CREES | Centro Regional de Estrategias Econ\u00f3micas Sostenibles\"},\"image\":{\"@id\":\"https:\/\/crees.org.do\/#\/schema\/logo\/image\/\"},\"sameAs\":[\"https:\/\/www.facebook.com\/CREESRD\/\",\"https:\/\/x.com\/CREESRD\"]},{\"@type\":\"Person\",\"@id\":\"https:\/\/crees.org.do\/#\/schema\/person\/e7f97cd94d7bf9cd0e0ce30acb7d56b8\",\"name\":\"Crees\",\"image\":{\"@type\":\"ImageObject\",\"inLanguage\":\"es\",\"@id\":\"https:\/\/crees.org.do\/#\/schema\/person\/image\/\",\"url\":\"https:\/\/secure.gravatar.com\/avatar\/390ac8f0be5d9aa046152553e2dd7011b59a512d89c150f5e5f28bb8d9a0b165?s=96&d=mm&r=g\",\"contentUrl\":\"https:\/\/secure.gravatar.com\/avatar\/390ac8f0be5d9aa046152553e2dd7011b59a512d89c150f5e5f28bb8d9a0b165?s=96&d=mm&r=g\",\"caption\":\"Crees\"},\"url\":\"https:\/\/crees.org.do\/?author=2\"}]}<\/script>\n<!-- \/ Yoast SEO plugin. -->","yoast_head_json":{"title":"RD rezagada en instituciones sanas que promuevan progreso | CREES","robots":{"index":"index","follow":"follow","max-snippet":"max-snippet:-1","max-image-preview":"max-image-preview:large","max-video-preview":"max-video-preview:-1"},"canonical":"https:\/\/crees.org.do\/?p=20413","og_locale":"es_ES","og_type":"article","og_title":"RD rezagada en instituciones sanas que promuevan progreso | CREES","og_description":"Autor: Peri\u00f3dico HoyFecha: 05\/08\/2015Extra\u00eddo de hoy.com.doRep\u00fablica Dominicana est\u00e1 entre un grupo de pa\u00edses que ha avanzado algo en cuanto a cumplir y hacer cumplir las reglas de juego y respetar los derechos de propiedad, pero que han quedado rezagados en asumir instituciones sanas que promuevan un verdadero progreso integral.","og_url":"https:\/\/crees.org.do\/?p=20413","og_site_name":"CREES","article_publisher":"https:\/\/www.facebook.com\/CREESRD\/","article_published_time":"2015-01-01T00:00:00+00:00","og_image":[{"width":244,"height":71,"url":"https:\/\/crees.org.do\/wp-content\/uploads\/2022\/03\/crees-logo-1.jpg","type":"image\/jpeg"}],"author":"Crees","twitter_card":"summary_large_image","twitter_creator":"@CREESRD","twitter_site":"@CREESRD","twitter_misc":{"Escrito por":"Crees","Tiempo de lectura":"3 minutos"},"schema":{"@context":"https:\/\/schema.org","@graph":[{"@type":"Article","@id":"https:\/\/crees.org.do\/?p=20413#article","isPartOf":{"@id":"https:\/\/crees.org.do\/?p=20413"},"author":{"name":"Crees","@id":"https:\/\/crees.org.do\/#\/schema\/person\/e7f97cd94d7bf9cd0e0ce30acb7d56b8"},"headline":"RD rezagada en instituciones sanas que promuevan progreso","datePublished":"2015-01-01T00:00:00+00:00","mainEntityOfPage":{"@id":"https:\/\/crees.org.do\/?p=20413"},"wordCount":679,"commentCount":0,"publisher":{"@id":"https:\/\/crees.org.do\/#organization"},"articleSection":["Blog"],"inLanguage":"es"},{"@type":"WebPage","@id":"https:\/\/crees.org.do\/?p=20413","url":"https:\/\/crees.org.do\/?p=20413","name":"RD rezagada en instituciones sanas que promuevan progreso | CREES","isPartOf":{"@id":"https:\/\/crees.org.do\/#website"},"datePublished":"2015-01-01T00:00:00+00:00","breadcrumb":{"@id":"https:\/\/crees.org.do\/?p=20413#breadcrumb"},"inLanguage":"es","potentialAction":[{"@type":"ReadAction","target":["https:\/\/crees.org.do\/?p=20413"]}]},{"@type":"BreadcrumbList","@id":"https:\/\/crees.org.do\/?p=20413#breadcrumb","itemListElement":[{"@type":"ListItem","position":1,"name":"Portada","item":"https:\/\/crees.org.do\/"},{"@type":"ListItem","position":2,"name":"RD rezagada en instituciones sanas que promuevan progreso"}]},{"@type":"WebSite","@id":"https:\/\/crees.org.do\/#website","url":"https:\/\/crees.org.do\/","name":"CREES","description":"Centro Regional de Estrategias Econ\u00f3micas Sostenibles","publisher":{"@id":"https:\/\/crees.org.do\/#organization"},"potentialAction":[{"@type":"SearchAction","target":{"@type":"EntryPoint","urlTemplate":"https:\/\/crees.org.do\/?s={search_term_string}"},"query-input":{"@type":"PropertyValueSpecification","valueRequired":true,"valueName":"search_term_string"}}],"inLanguage":"es"},{"@type":"Organization","@id":"https:\/\/crees.org.do\/#organization","name":"CREES | Centro Regional de Estrategias Econ\u00f3micas Sostenibles","url":"https:\/\/crees.org.do\/","logo":{"@type":"ImageObject","inLanguage":"es","@id":"https:\/\/crees.org.do\/#\/schema\/logo\/image\/","url":"https:\/\/crees.org.do\/wp-content\/uploads\/2022\/03\/crees-logo-1.jpg","contentUrl":"https:\/\/crees.org.do\/wp-content\/uploads\/2022\/03\/crees-logo-1.jpg","width":244,"height":71,"caption":"CREES | Centro Regional de Estrategias Econ\u00f3micas Sostenibles"},"image":{"@id":"https:\/\/crees.org.do\/#\/schema\/logo\/image\/"},"sameAs":["https:\/\/www.facebook.com\/CREESRD\/","https:\/\/x.com\/CREESRD"]},{"@type":"Person","@id":"https:\/\/crees.org.do\/#\/schema\/person\/e7f97cd94d7bf9cd0e0ce30acb7d56b8","name":"Crees","image":{"@type":"ImageObject","inLanguage":"es","@id":"https:\/\/crees.org.do\/#\/schema\/person\/image\/","url":"https:\/\/secure.gravatar.com\/avatar\/390ac8f0be5d9aa046152553e2dd7011b59a512d89c150f5e5f28bb8d9a0b165?s=96&d=mm&r=g","contentUrl":"https:\/\/secure.gravatar.com\/avatar\/390ac8f0be5d9aa046152553e2dd7011b59a512d89c150f5e5f28bb8d9a0b165?s=96&d=mm&r=g","caption":"Crees"},"url":"https:\/\/crees.org.do\/?author=2"}]}},"_links":{"self":[{"href":"https:\/\/crees.org.do\/index.php?rest_route=\/wp\/v2\/posts\/20413","targetHints":{"allow":["GET"]}}],"collection":[{"href":"https:\/\/crees.org.do\/index.php?rest_route=\/wp\/v2\/posts"}],"about":[{"href":"https:\/\/crees.org.do\/index.php?rest_route=\/wp\/v2\/types\/post"}],"author":[{"embeddable":true,"href":"https:\/\/crees.org.do\/index.php?rest_route=\/wp\/v2\/users\/2"}],"replies":[{"embeddable":true,"href":"https:\/\/crees.org.do\/index.php?rest_route=%2Fwp%2Fv2%2Fcomments&post=20413"}],"version-history":[{"count":0,"href":"https:\/\/crees.org.do\/index.php?rest_route=\/wp\/v2\/posts\/20413\/revisions"}],"wp:attachment":[{"href":"https:\/\/crees.org.do\/index.php?rest_route=%2Fwp%2Fv2%2Fmedia&parent=20413"}],"wp:term":[{"taxonomy":"category","embeddable":true,"href":"https:\/\/crees.org.do\/index.php?rest_route=%2Fwp%2Fv2%2Fcategories&post=20413"},{"taxonomy":"post_tag","embeddable":true,"href":"https:\/\/crees.org.do\/index.php?rest_route=%2Fwp%2Fv2%2Ftags&post=20413"}],"curies":[{"name":"wp","href":"https:\/\/api.w.org\/{rel}","templated":true}]}}