{"id":20417,"date":"2015-01-01T00:00:00","date_gmt":"2015-01-01T00:00:00","guid":{"rendered":"https:\/\/crees.org.do\/economistas-dicen-gobierno-debe-transparentar-deuda\/"},"modified":"2015-01-01T00:00:00","modified_gmt":"2015-01-01T00:00:00","slug":"economistas-dicen-gobierno-debe-transparentar-deuda","status":"publish","type":"post","link":"https:\/\/crees.org.do\/?p=20417","title":{"rendered":"Economistas dicen gobierno debe transparentar deuda"},"content":{"rendered":"<div class=\"article-body-author\" id=\"ArticleAuthorDiv\" style=\"margin-top: 8px; font-family: Verdana, Arial, Helvetica, sans-serif; font-size: 11px; color: rgb(51, 51, 51); line-height: normal; margin-bottom: 0px; text-align: justify; background-color: rgb(255, 255, 255);\"><strong><span style=\"font-size:12px;\"><span style=\"font-family:verdana,geneva,sans-serif;\">Autor: Jhenery Ram\u00edrez<\/span><\/span><\/strong><\/div>\n<div class=\"article-body-author\" style=\"margin-top: 8px; font-family: Verdana, Arial, Helvetica, sans-serif; font-size: 11px; color: rgb(51, 51, 51); line-height: normal; margin-bottom: 0px; text-align: justify; background-color: rgb(255, 255, 255);\"><span style=\"font-size:12px;\"><span style=\"font-family:verdana,geneva,sans-serif;\">Fecha: 12\/08\/2015<\/span><\/span><\/div>\n<div class=\"article-body-author\" style=\"margin-top: 8px; font-family: Verdana, Arial, Helvetica, sans-serif; font-size: 11px; color: rgb(51, 51, 51); line-height: normal; margin-bottom: 0px; text-align: justify; background-color: rgb(255, 255, 255);\"><span style=\"font-size:12px;\"><span style=\"font-family:verdana,geneva,sans-serif;\">Extra\u00eddo de: <a href=\"http:\/\/www.listindiario.com\/economia\/2015\/08\/12\/383881\/economistas-dicen-gobierno-debe-transparentar-deuda\">listindiario.com<\/a><\/span><\/span><\/div>\n<div class=\"article-body-author\" style=\"margin-top: 8px; font-family: Verdana, Arial, Helvetica, sans-serif; font-size: 11px; color: rgb(51, 51, 51); line-height: normal; margin-bottom: 0px; text-align: justify; background-color: rgb(255, 255, 255);\">&nbsp;<\/div>\n<div class=\"article-body-author\" style=\"margin-top: 8px; font-family: Verdana, Arial, Helvetica, sans-serif; font-size: 11px; color: rgb(51, 51, 51); line-height: normal; margin-bottom: 0px; text-align: justify; background-color: rgb(255, 255, 255);\">&nbsp;<\/div>\n<div class=\"article-body-author\" id=\"ArticleSourceDiv\" style=\"margin-top: 0px; font-family: Verdana, Arial, Helvetica, sans-serif; font-size: 11px; color: rgb(51, 51, 51); line-height: normal; text-align: justify; background-color: rgb(255, 255, 255);\"><span style=\"font-size:12px;\"><span style=\"font-family:verdana,geneva,sans-serif;\"><span style=\"font-style: inherit; font-weight: inherit; line-height: 18px;\">Los economistas Miguel Ceara Hatton, Luis Vargas y Ernesto Selman coincidieron en expresar que el Gobierno dominicano debe publicar con transparencia la deuda externa consolidada, tanto del sector p\u00fablico no financiero como del financiero.<\/span><\/span><\/span><\/div>\n<div id=\"ArticleBody\" style=\"color: rgb(51, 51, 51); line-height: 18px; margin-top: 10px; background-color: rgb(255, 255, 255);\">\n<p style=\"margin-bottom: 10px; padding: 0px; border: 0px; outline: 0px; font-weight: inherit; font-style: inherit; font-family: inherit; vertical-align: baseline; text-align: justify;\"><span style=\"font-size:12px;\"><span style=\"font-family:verdana,geneva,sans-serif;\">Ceara Hatton, quien es especialista en temas de desarrollo, macroeconom\u00eda y econom\u00eda internacional, manifest\u00f3 a LIST\u00cdN DIARIO que el monto total de la deuda consolidada del sector p\u00fablico alcanza alrededor de US$31 millones y si se considera la deuda flotante sube por encima de los US$35 millones.<\/span><\/span><\/p>\n<p style=\"margin-bottom: 10px; padding: 0px; border: 0px; outline: 0px; font-weight: inherit; font-style: inherit; font-family: inherit; vertical-align: baseline; text-align: justify;\"><span style=\"font-size:12px;\"><span style=\"font-family:verdana,geneva,sans-serif;\">&ldquo;Eso significa que en t\u00e9rminos del producto interno bruto (PIB), la deuda consolidada alcanza el 47%, mucho m\u00e1s del nivel de la deuda consolidada en el peor momento de la crisis del a\u00f1o 2003-2004&rdquo;, indic\u00f3 Ceara Hatton.<\/span><\/span><\/p>\n<p style=\"margin-bottom: 10px; padding: 0px; border: 0px; outline: 0px; font-weight: inherit; font-style: inherit; font-family: inherit; vertical-align: baseline; text-align: justify;\"><span style=\"font-size:12px;\"><span style=\"font-family:verdana,geneva,sans-serif;\">Agreg\u00f3 que todas las mediciones de la deuda consolidada reflejan que se ha disparado, por lo que el Gobierno no est\u00e1 debiendo US$15,617 millones como dice la Direcci\u00f3n de Cr\u00e9dito P\u00fablico, sino&nbsp; m\u00e1s de US$31 millones.<\/span><\/span><\/p>\n<p style=\"margin-bottom: 10px; padding: 0px; border: 0px; outline: 0px; font-weight: inherit; font-style: inherit; font-family: inherit; vertical-align: baseline; text-align: justify;\"><span style=\"font-size:12px;\"><span style=\"font-family:verdana,geneva,sans-serif;\">De acuerdo a Ceara Hatton, esto afecta la estabilidad macroecon\u00f3mica del pa\u00eds porque la deuda genera m\u00e1s del 4.3% del PIB en intereses: &ldquo;el a\u00f1o que viene vamos a dedicar alrededor de un 18% para pagar intereses&rdquo;.<\/span><\/span><\/p>\n<p style=\"margin-bottom: 10px; padding: 0px; border: 0px; outline: 0px; font-weight: inherit; font-style: inherit; font-family: inherit; vertical-align: baseline; text-align: justify;\"><span style=\"font-size:12px;\"><span style=\"font-family:verdana,geneva,sans-serif;\">El economista Luis Vargas se\u00f1al\u00f3 que &ldquo;debe hacerse una relaci\u00f3n entre la deuda externa del sector financiero no p\u00fablico y del p\u00fablico. El incremento de la deuda con respecto a los servicios de deuda, de ingresos tributarios y al incremento del PIB es lo que se debe conocer&rdquo;.<\/span><\/span><\/p>\n<p style=\"margin-bottom: 10px; padding: 0px; border: 0px; outline: 0px; font-weight: inherit; font-style: inherit; font-family: inherit; vertical-align: baseline; text-align: justify;\"><span style=\"font-size:12px;\"><span style=\"font-family:verdana,geneva,sans-serif;\">Asimismo, el vicepresidente ejecutivo del Centro Regional de Estrategias Econ\u00f3micas Sostenibles (CREES), Ernesto Selman, consider\u00f3 que a los an\u00e1lisis de la Direcci\u00f3n de Cr\u00e9dito P\u00fablico hay que agregarle la deuda del Banco Central (BC) que ronda los US$8,500 millones, ya que esto representa un d\u00e9ficit fiscal.<\/span><\/span><\/p>\n<p style=\"margin-bottom: 10px; padding: 0px; border: 0px; outline: 0px; font-weight: inherit; font-style: inherit; font-family: inherit; vertical-align: baseline; text-align: justify;\"><span style=\"font-size:12px;\"><span style=\"font-family:verdana,geneva,sans-serif;\">&nbsp;&ldquo;Al final el Gobierno tiene que pulir esto si no queremos inflaci\u00f3n y devaluaci\u00f3n de US$46,000 millones adicionales que vienen del BC&rdquo;.<\/span><\/span><\/p>\n<p style=\"margin-bottom: 10px; padding: 0px; border: 0px; outline: 0px; font-weight: inherit; font-style: inherit; font-family: inherit; vertical-align: baseline; text-align: justify;\"><span style=\"font-size:12px;\"><span style=\"font-family:verdana,geneva,sans-serif;\">Selman critic\u00f3 que el Estado dominicano gaste m\u00e1s dinero de lo que se evidencia, con un 40% del servicio del Gobierno en sus ingresos.<\/span><\/span><\/p>\n<p style=\"margin-bottom: 10px; padding: 0px; border: 0px; outline: 0px; font-weight: inherit; font-style: inherit; font-family: inherit; vertical-align: baseline; text-align: justify;\"><span style=\"font-size:12px;\"><span style=\"font-family:verdana,geneva,sans-serif;\">&ldquo;Esos son indicadores que hay que monitorear porque ya la Rep\u00fablica Dominicana empieza a andar por un camino de insostenibilidad fiscal si contin\u00faa la senda de d\u00e9ficit cuasi fiscal&rdquo;, declar\u00f3, y abog\u00f3 por la Ley de Responsabilidad Fiscal.<\/span><\/span><\/p>\n<p style=\"margin-bottom: 10px; padding: 0px; border: 0px; outline: 0px; font-weight: inherit; font-style: inherit; font-family: inherit; vertical-align: baseline; text-align: justify;\"><span style=\"font-size:12px;\"><span style=\"font-family:verdana,geneva,sans-serif;\"><strong>(+) DATOS SOBRE LA DEUDA P\u00daBLICA DEL PA\u00cdS<\/strong><br \/>El Ministerio de Hacienda, a trav\u00e9s de su Direcci\u00f3n General de Cr\u00e9dito P\u00fablico detall\u00f3 que al finalizar el segundo trimestre de 2015, el saldo de la deuda del sector p\u00fablico no financiero<\/span><\/span><\/p>\n<p style=\"margin-bottom: 10px; padding: 0px; border: 0px; outline: 0px; font-weight: inherit; font-style: inherit; font-family: inherit; vertical-align: baseline; text-align: justify;\"><span style=\"font-size:12px;\"><span style=\"font-family:verdana,geneva,sans-serif;\">(SPNF), tanto interna como externa, totaliz\u00f3 US$23,739.7 millones, monto superior en US$1,104.6<\/span><\/span><\/p>\n<p style=\"margin-bottom: 10px; padding: 0px; border: 0px; outline: 0px; font-weight: inherit; font-style: inherit; font-family: inherit; vertical-align: baseline; text-align: justify;\"><span style=\"font-size:12px;\"><span style=\"font-family:verdana,geneva,sans-serif;\">millones a lo alcanzado al 31 de marzo de 2015 (US$22,635.1 millones).<\/span><\/span><\/p>\n<p style=\"margin-bottom: 10px; padding: 0px; border: 0px; outline: 0px; font-weight: inherit; font-style: inherit; font-family: inherit; vertical-align: baseline; text-align: justify;\"><span style=\"font-size:12px;\"><span style=\"font-family:verdana,geneva,sans-serif;\">Seg\u00fan la entidad, de este total el 65.8% corresponde a deuda externa, la cual present\u00f3 un saldo insoluto de US$15,617 millones, lo que refleja un incremento de<\/span><\/span><\/p>\n<p style=\"margin-bottom: 10px; padding: 0px; border: 0px; outline: 0px; font-weight: inherit; font-style: inherit; font-family: inherit; vertical-align: baseline; text-align: justify;\"><span style=\"font-size:12px;\"><span style=\"font-family:verdana,geneva,sans-serif;\">US$872.4 millones respecto al 31 de marzo de 2015 (US$14,744.6 millones), como resultado de flujos netos positivos, es decir, desembolsos netos, por US$856.7 millones, y de una<\/span><\/span><\/p>\n<p style=\"margin-bottom: 10px; padding: 0px; border: 0px; outline: 0px; font-weight: inherit; font-style: inherit; font-family: inherit; vertical-align: baseline; text-align: justify;\"><span style=\"font-size:12px;\"><span style=\"font-family:verdana,geneva,sans-serif;\">variaci\u00f3n cambiaria positiva de US$15.7 millones, dada la depreciaci\u00f3n del valor del d\u00f3lar estadounidense frente a otras monedas extranjeras.<\/span><\/span><\/p>\n<p style=\"margin-bottom: 10px; padding: 0px; border: 0px; outline: 0px; font-weight: inherit; font-style: inherit; font-family: inherit; vertical-align: baseline; text-align: justify;\"><span style=\"font-size:12px;\"><span style=\"font-family:verdana,geneva,sans-serif;\">Hacienda explica que este incremento se debe principalmente a la emisi\u00f3n de bonos globales por un monto de US$1,000 millones a principios de mayo 2015.<\/span><\/span><\/p>\n<p style=\"margin-bottom: 10px; padding: 0px; border: 0px; outline: 0px; font-weight: inherit; font-style: inherit; font-family: inherit; vertical-align: baseline; text-align: justify;\"><span style=\"font-size:12px;\"><span style=\"font-family:verdana,geneva,sans-serif;\">La deuda interna totaliz\u00f3 RD$364,145.6 millones (equivalentes a US$8,122.7 millones), de los cuales RD$353,089.8 millones (equivalentes a US$7,876.1 millones) corresponden al endeudamiento del Gobierno central.<\/span><\/span><\/p>\n<\/div>\n<p>&nbsp;<\/p>\n<div class=\"pvc_clear\"><\/div>\n<p class=\"pvc_stats all \" data-element-id=\"20417\" style=\"\"><i class=\"pvc-stats-icon medium\" aria-hidden=\"true\"><svg aria-hidden=\"true\" focusable=\"false\" data-prefix=\"far\" data-icon=\"chart-bar\" role=\"img\" xmlns=\"http:\/\/www.w3.org\/2000\/svg\" viewBox=\"0 0 512 512\" class=\"svg-inline--fa fa-chart-bar fa-w-16 fa-2x\"><path fill=\"currentColor\" d=\"M396.8 352h22.4c6.4 0 12.8-6.4 12.8-12.8V108.8c0-6.4-6.4-12.8-12.8-12.8h-22.4c-6.4 0-12.8 6.4-12.8 12.8v230.4c0 6.4 6.4 12.8 12.8 12.8zm-192 0h22.4c6.4 0 12.8-6.4 12.8-12.8V140.8c0-6.4-6.4-12.8-12.8-12.8h-22.4c-6.4 0-12.8 6.4-12.8 12.8v198.4c0 6.4 6.4 12.8 12.8 12.8zm96 0h22.4c6.4 0 12.8-6.4 12.8-12.8V204.8c0-6.4-6.4-12.8-12.8-12.8h-22.4c-6.4 0-12.8 6.4-12.8 12.8v134.4c0 6.4 6.4 12.8 12.8 12.8zM496 400H48V80c0-8.84-7.16-16-16-16H16C7.16 64 0 71.16 0 80v336c0 17.67 14.33 32 32 32h464c8.84 0 16-7.16 16-16v-16c0-8.84-7.16-16-16-16zm-387.2-48h22.4c6.4 0 12.8-6.4 12.8-12.8v-70.4c0-6.4-6.4-12.8-12.8-12.8h-22.4c-6.4 0-12.8 6.4-12.8 12.8v70.4c0 6.4 6.4 12.8 12.8 12.8z\" class=\"\"><\/path><\/svg><\/i> Vistas Totales&nbsp;267&nbsp;, Vistas Hoy&nbsp;1&nbsp;<\/p>\n<div class=\"pvc_clear\"><\/div>\n","protected":false},"excerpt":{"rendered":"<p>Autor: Jhenery Ram\u00edrezFecha: 12\/08\/2015Extra\u00eddo de: listindiario.comEl economista Miguel Ceara Hatton afirm\u00f3 que la deuda externa no es de US$15,617 millones, como dice Hacienda, sino que llega a m\u00e1s de US$31 millones a junio de este a\u00f1o.<\/p>\n<div class=\"pvc_clear\"><\/div>\n<p class=\"pvc_stats all \" data-element-id=\"20417\" style=\"\"><i class=\"pvc-stats-icon medium\" aria-hidden=\"true\"><svg aria-hidden=\"true\" focusable=\"false\" data-prefix=\"far\" data-icon=\"chart-bar\" role=\"img\" xmlns=\"http:\/\/www.w3.org\/2000\/svg\" viewBox=\"0 0 512 512\" class=\"svg-inline--fa fa-chart-bar fa-w-16 fa-2x\"><path fill=\"currentColor\" d=\"M396.8 352h22.4c6.4 0 12.8-6.4 12.8-12.8V108.8c0-6.4-6.4-12.8-12.8-12.8h-22.4c-6.4 0-12.8 6.4-12.8 12.8v230.4c0 6.4 6.4 12.8 12.8 12.8zm-192 0h22.4c6.4 0 12.8-6.4 12.8-12.8V140.8c0-6.4-6.4-12.8-12.8-12.8h-22.4c-6.4 0-12.8 6.4-12.8 12.8v198.4c0 6.4 6.4 12.8 12.8 12.8zm96 0h22.4c6.4 0 12.8-6.4 12.8-12.8V204.8c0-6.4-6.4-12.8-12.8-12.8h-22.4c-6.4 0-12.8 6.4-12.8 12.8v134.4c0 6.4 6.4 12.8 12.8 12.8zM496 400H48V80c0-8.84-7.16-16-16-16H16C7.16 64 0 71.16 0 80v336c0 17.67 14.33 32 32 32h464c8.84 0 16-7.16 16-16v-16c0-8.84-7.16-16-16-16zm-387.2-48h22.4c6.4 0 12.8-6.4 12.8-12.8v-70.4c0-6.4-6.4-12.8-12.8-12.8h-22.4c-6.4 0-12.8 6.4-12.8 12.8v70.4c0 6.4 6.4 12.8 12.8 12.8z\" class=\"\"><\/path><\/svg><\/i> Vistas Totales&nbsp;267&nbsp;, Vistas Hoy&nbsp;1&nbsp;<\/p>\n<div class=\"pvc_clear\"><\/div>\n","protected":false},"author":2,"featured_media":0,"comment_status":"open","ping_status":"open","sticky":false,"template":"","format":"standard","meta":{"footnotes":""},"categories":[21],"tags":[],"class_list":["post-20417","post","type-post","status-publish","format-standard","hentry","category-blog"],"yoast_head":"<!-- This site is optimized with the Yoast SEO plugin v25.2 - https:\/\/yoast.com\/wordpress\/plugins\/seo\/ -->\n<title>Economistas dicen gobierno debe transparentar deuda | CREES<\/title>\n<meta name=\"robots\" content=\"index, follow, max-snippet:-1, max-image-preview:large, max-video-preview:-1\" \/>\n<link rel=\"canonical\" href=\"https:\/\/crees.org.do\/?p=20417\" \/>\n<meta property=\"og:locale\" content=\"es_ES\" \/>\n<meta property=\"og:type\" content=\"article\" \/>\n<meta property=\"og:title\" content=\"Economistas dicen gobierno debe transparentar deuda | CREES\" \/>\n<meta property=\"og:description\" content=\"Autor: Jhenery Ram\u00edrezFecha: 12\/08\/2015Extra\u00eddo de: listindiario.comEl economista Miguel Ceara Hatton afirm\u00f3 que la deuda externa no es de US$15,617 millones, como dice Hacienda, sino que llega a m\u00e1s de US$31 millones a junio de este a\u00f1o.\" \/>\n<meta property=\"og:url\" content=\"https:\/\/crees.org.do\/?p=20417\" \/>\n<meta property=\"og:site_name\" content=\"CREES\" \/>\n<meta property=\"article:publisher\" content=\"https:\/\/www.facebook.com\/CREESRD\/\" \/>\n<meta property=\"article:published_time\" content=\"2015-01-01T00:00:00+00:00\" \/>\n<meta property=\"og:image\" content=\"https:\/\/crees.org.do\/wp-content\/uploads\/2022\/03\/crees-logo-1.jpg\" \/>\n\t<meta property=\"og:image:width\" content=\"244\" \/>\n\t<meta property=\"og:image:height\" content=\"71\" \/>\n\t<meta property=\"og:image:type\" content=\"image\/jpeg\" \/>\n<meta name=\"author\" content=\"Crees\" \/>\n<meta name=\"twitter:card\" content=\"summary_large_image\" \/>\n<meta name=\"twitter:creator\" content=\"@CREESRD\" \/>\n<meta name=\"twitter:site\" content=\"@CREESRD\" \/>\n<meta name=\"twitter:label1\" content=\"Escrito por\" \/>\n\t<meta name=\"twitter:data1\" content=\"Crees\" \/>\n\t<meta name=\"twitter:label2\" content=\"Tiempo de lectura\" \/>\n\t<meta name=\"twitter:data2\" content=\"3 minutos\" \/>\n<script type=\"application\/ld+json\" class=\"yoast-schema-graph\">{\"@context\":\"https:\/\/schema.org\",\"@graph\":[{\"@type\":\"Article\",\"@id\":\"https:\/\/crees.org.do\/?p=20417#article\",\"isPartOf\":{\"@id\":\"https:\/\/crees.org.do\/?p=20417\"},\"author\":{\"name\":\"Crees\",\"@id\":\"https:\/\/crees.org.do\/#\/schema\/person\/e7f97cd94d7bf9cd0e0ce30acb7d56b8\"},\"headline\":\"Economistas dicen gobierno debe transparentar deuda\",\"datePublished\":\"2015-01-01T00:00:00+00:00\",\"mainEntityOfPage\":{\"@id\":\"https:\/\/crees.org.do\/?p=20417\"},\"wordCount\":619,\"commentCount\":0,\"publisher\":{\"@id\":\"https:\/\/crees.org.do\/#organization\"},\"articleSection\":[\"Blog\"],\"inLanguage\":\"es\"},{\"@type\":\"WebPage\",\"@id\":\"https:\/\/crees.org.do\/?p=20417\",\"url\":\"https:\/\/crees.org.do\/?p=20417\",\"name\":\"Economistas dicen gobierno debe transparentar deuda | CREES\",\"isPartOf\":{\"@id\":\"https:\/\/crees.org.do\/#website\"},\"datePublished\":\"2015-01-01T00:00:00+00:00\",\"breadcrumb\":{\"@id\":\"https:\/\/crees.org.do\/?p=20417#breadcrumb\"},\"inLanguage\":\"es\",\"potentialAction\":[{\"@type\":\"ReadAction\",\"target\":[\"https:\/\/crees.org.do\/?p=20417\"]}]},{\"@type\":\"BreadcrumbList\",\"@id\":\"https:\/\/crees.org.do\/?p=20417#breadcrumb\",\"itemListElement\":[{\"@type\":\"ListItem\",\"position\":1,\"name\":\"Portada\",\"item\":\"https:\/\/crees.org.do\/\"},{\"@type\":\"ListItem\",\"position\":2,\"name\":\"Economistas dicen gobierno debe transparentar deuda\"}]},{\"@type\":\"WebSite\",\"@id\":\"https:\/\/crees.org.do\/#website\",\"url\":\"https:\/\/crees.org.do\/\",\"name\":\"CREES\",\"description\":\"Centro Regional de Estrategias Econ\u00f3micas Sostenibles\",\"publisher\":{\"@id\":\"https:\/\/crees.org.do\/#organization\"},\"potentialAction\":[{\"@type\":\"SearchAction\",\"target\":{\"@type\":\"EntryPoint\",\"urlTemplate\":\"https:\/\/crees.org.do\/?s={search_term_string}\"},\"query-input\":{\"@type\":\"PropertyValueSpecification\",\"valueRequired\":true,\"valueName\":\"search_term_string\"}}],\"inLanguage\":\"es\"},{\"@type\":\"Organization\",\"@id\":\"https:\/\/crees.org.do\/#organization\",\"name\":\"CREES | Centro Regional de Estrategias Econ\u00f3micas Sostenibles\",\"url\":\"https:\/\/crees.org.do\/\",\"logo\":{\"@type\":\"ImageObject\",\"inLanguage\":\"es\",\"@id\":\"https:\/\/crees.org.do\/#\/schema\/logo\/image\/\",\"url\":\"https:\/\/crees.org.do\/wp-content\/uploads\/2022\/03\/crees-logo-1.jpg\",\"contentUrl\":\"https:\/\/crees.org.do\/wp-content\/uploads\/2022\/03\/crees-logo-1.jpg\",\"width\":244,\"height\":71,\"caption\":\"CREES | Centro Regional de Estrategias Econ\u00f3micas Sostenibles\"},\"image\":{\"@id\":\"https:\/\/crees.org.do\/#\/schema\/logo\/image\/\"},\"sameAs\":[\"https:\/\/www.facebook.com\/CREESRD\/\",\"https:\/\/x.com\/CREESRD\"]},{\"@type\":\"Person\",\"@id\":\"https:\/\/crees.org.do\/#\/schema\/person\/e7f97cd94d7bf9cd0e0ce30acb7d56b8\",\"name\":\"Crees\",\"image\":{\"@type\":\"ImageObject\",\"inLanguage\":\"es\",\"@id\":\"https:\/\/crees.org.do\/#\/schema\/person\/image\/\",\"url\":\"https:\/\/secure.gravatar.com\/avatar\/390ac8f0be5d9aa046152553e2dd7011b59a512d89c150f5e5f28bb8d9a0b165?s=96&d=mm&r=g\",\"contentUrl\":\"https:\/\/secure.gravatar.com\/avatar\/390ac8f0be5d9aa046152553e2dd7011b59a512d89c150f5e5f28bb8d9a0b165?s=96&d=mm&r=g\",\"caption\":\"Crees\"},\"url\":\"https:\/\/crees.org.do\/?author=2\"}]}<\/script>\n<!-- \/ Yoast SEO plugin. -->","yoast_head_json":{"title":"Economistas dicen gobierno debe transparentar deuda | CREES","robots":{"index":"index","follow":"follow","max-snippet":"max-snippet:-1","max-image-preview":"max-image-preview:large","max-video-preview":"max-video-preview:-1"},"canonical":"https:\/\/crees.org.do\/?p=20417","og_locale":"es_ES","og_type":"article","og_title":"Economistas dicen gobierno debe transparentar deuda | CREES","og_description":"Autor: Jhenery Ram\u00edrezFecha: 12\/08\/2015Extra\u00eddo de: listindiario.comEl economista Miguel Ceara Hatton afirm\u00f3 que la deuda externa no es de US$15,617 millones, como dice Hacienda, sino que llega a m\u00e1s de US$31 millones a junio de este a\u00f1o.","og_url":"https:\/\/crees.org.do\/?p=20417","og_site_name":"CREES","article_publisher":"https:\/\/www.facebook.com\/CREESRD\/","article_published_time":"2015-01-01T00:00:00+00:00","og_image":[{"width":244,"height":71,"url":"https:\/\/crees.org.do\/wp-content\/uploads\/2022\/03\/crees-logo-1.jpg","type":"image\/jpeg"}],"author":"Crees","twitter_card":"summary_large_image","twitter_creator":"@CREESRD","twitter_site":"@CREESRD","twitter_misc":{"Escrito por":"Crees","Tiempo de lectura":"3 minutos"},"schema":{"@context":"https:\/\/schema.org","@graph":[{"@type":"Article","@id":"https:\/\/crees.org.do\/?p=20417#article","isPartOf":{"@id":"https:\/\/crees.org.do\/?p=20417"},"author":{"name":"Crees","@id":"https:\/\/crees.org.do\/#\/schema\/person\/e7f97cd94d7bf9cd0e0ce30acb7d56b8"},"headline":"Economistas dicen gobierno debe transparentar deuda","datePublished":"2015-01-01T00:00:00+00:00","mainEntityOfPage":{"@id":"https:\/\/crees.org.do\/?p=20417"},"wordCount":619,"commentCount":0,"publisher":{"@id":"https:\/\/crees.org.do\/#organization"},"articleSection":["Blog"],"inLanguage":"es"},{"@type":"WebPage","@id":"https:\/\/crees.org.do\/?p=20417","url":"https:\/\/crees.org.do\/?p=20417","name":"Economistas dicen gobierno debe transparentar deuda | CREES","isPartOf":{"@id":"https:\/\/crees.org.do\/#website"},"datePublished":"2015-01-01T00:00:00+00:00","breadcrumb":{"@id":"https:\/\/crees.org.do\/?p=20417#breadcrumb"},"inLanguage":"es","potentialAction":[{"@type":"ReadAction","target":["https:\/\/crees.org.do\/?p=20417"]}]},{"@type":"BreadcrumbList","@id":"https:\/\/crees.org.do\/?p=20417#breadcrumb","itemListElement":[{"@type":"ListItem","position":1,"name":"Portada","item":"https:\/\/crees.org.do\/"},{"@type":"ListItem","position":2,"name":"Economistas dicen gobierno debe transparentar deuda"}]},{"@type":"WebSite","@id":"https:\/\/crees.org.do\/#website","url":"https:\/\/crees.org.do\/","name":"CREES","description":"Centro Regional de Estrategias Econ\u00f3micas Sostenibles","publisher":{"@id":"https:\/\/crees.org.do\/#organization"},"potentialAction":[{"@type":"SearchAction","target":{"@type":"EntryPoint","urlTemplate":"https:\/\/crees.org.do\/?s={search_term_string}"},"query-input":{"@type":"PropertyValueSpecification","valueRequired":true,"valueName":"search_term_string"}}],"inLanguage":"es"},{"@type":"Organization","@id":"https:\/\/crees.org.do\/#organization","name":"CREES | Centro Regional de Estrategias Econ\u00f3micas Sostenibles","url":"https:\/\/crees.org.do\/","logo":{"@type":"ImageObject","inLanguage":"es","@id":"https:\/\/crees.org.do\/#\/schema\/logo\/image\/","url":"https:\/\/crees.org.do\/wp-content\/uploads\/2022\/03\/crees-logo-1.jpg","contentUrl":"https:\/\/crees.org.do\/wp-content\/uploads\/2022\/03\/crees-logo-1.jpg","width":244,"height":71,"caption":"CREES | Centro Regional de Estrategias Econ\u00f3micas Sostenibles"},"image":{"@id":"https:\/\/crees.org.do\/#\/schema\/logo\/image\/"},"sameAs":["https:\/\/www.facebook.com\/CREESRD\/","https:\/\/x.com\/CREESRD"]},{"@type":"Person","@id":"https:\/\/crees.org.do\/#\/schema\/person\/e7f97cd94d7bf9cd0e0ce30acb7d56b8","name":"Crees","image":{"@type":"ImageObject","inLanguage":"es","@id":"https:\/\/crees.org.do\/#\/schema\/person\/image\/","url":"https:\/\/secure.gravatar.com\/avatar\/390ac8f0be5d9aa046152553e2dd7011b59a512d89c150f5e5f28bb8d9a0b165?s=96&d=mm&r=g","contentUrl":"https:\/\/secure.gravatar.com\/avatar\/390ac8f0be5d9aa046152553e2dd7011b59a512d89c150f5e5f28bb8d9a0b165?s=96&d=mm&r=g","caption":"Crees"},"url":"https:\/\/crees.org.do\/?author=2"}]}},"_links":{"self":[{"href":"https:\/\/crees.org.do\/index.php?rest_route=\/wp\/v2\/posts\/20417","targetHints":{"allow":["GET"]}}],"collection":[{"href":"https:\/\/crees.org.do\/index.php?rest_route=\/wp\/v2\/posts"}],"about":[{"href":"https:\/\/crees.org.do\/index.php?rest_route=\/wp\/v2\/types\/post"}],"author":[{"embeddable":true,"href":"https:\/\/crees.org.do\/index.php?rest_route=\/wp\/v2\/users\/2"}],"replies":[{"embeddable":true,"href":"https:\/\/crees.org.do\/index.php?rest_route=%2Fwp%2Fv2%2Fcomments&post=20417"}],"version-history":[{"count":0,"href":"https:\/\/crees.org.do\/index.php?rest_route=\/wp\/v2\/posts\/20417\/revisions"}],"wp:attachment":[{"href":"https:\/\/crees.org.do\/index.php?rest_route=%2Fwp%2Fv2%2Fmedia&parent=20417"}],"wp:term":[{"taxonomy":"category","embeddable":true,"href":"https:\/\/crees.org.do\/index.php?rest_route=%2Fwp%2Fv2%2Fcategories&post=20417"},{"taxonomy":"post_tag","embeddable":true,"href":"https:\/\/crees.org.do\/index.php?rest_route=%2Fwp%2Fv2%2Ftags&post=20417"}],"curies":[{"name":"wp","href":"https:\/\/api.w.org\/{rel}","templated":true}]}}