{"id":20418,"date":"2015-01-01T00:00:00","date_gmt":"2015-01-01T00:00:00","guid":{"rendered":"https:\/\/crees.org.do\/dominicanos-consumen-el-segundo-glp-mas-caro-de-centroamerica\/"},"modified":"2015-01-01T00:00:00","modified_gmt":"2015-01-01T00:00:00","slug":"dominicanos-consumen-el-segundo-glp-mas-caro-de-centroamerica","status":"publish","type":"post","link":"https:\/\/crees.org.do\/?p=20418","title":{"rendered":"Dominicanos consumen el segundo GLP m\u00e1s caro de Centroam\u00e9rica"},"content":{"rendered":"<p style=\"box-sizing: border-box; margin-bottom: 1rem; padding: 0px; border: 0px; font-family: Arial, sans-serif; font-stretch: inherit; line-height: 1.6em; font-size: 0.95rem; vertical-align: baseline; color: rgb(45, 43, 44); text-align: justify; background-color: rgb(255, 255, 255);\"><strong><span style=\"font-size:12px;\"><span style=\"font-family:verdana,geneva,sans-serif;\">Autor: Alexander Pe\u00f1a<\/span><\/span><\/strong><\/p>\n<p style=\"box-sizing: border-box; margin-bottom: 1rem; padding: 0px; border: 0px; font-family: Arial, sans-serif; font-stretch: inherit; line-height: 1.6em; font-size: 0.95rem; vertical-align: baseline; color: rgb(45, 43, 44); text-align: justify; background-color: rgb(255, 255, 255);\"><span style=\"font-size:12px;\"><span style=\"font-family:verdana,geneva,sans-serif;\">Fecha: 17\/08\/2015<\/span><\/span><\/p>\n<p style=\"box-sizing: border-box; margin-bottom: 1rem; padding: 0px; border: 0px; font-family: Arial, sans-serif; font-stretch: inherit; line-height: 1.6em; font-size: 0.95rem; vertical-align: baseline; color: rgb(45, 43, 44); text-align: justify; background-color: rgb(255, 255, 255);\"><span style=\"font-size:12px;\"><span style=\"font-family:verdana,geneva,sans-serif;\">Extra\u00eddo de <a href=\"http:\/\/acento.com.do\/2015\/economia\/8275918-dominicanos-consumen-el-segundo-glp-mas-caro-de-centroamerica\/\">acento.com.do<\/a><\/span><\/span><\/p>\n<p style=\"box-sizing: border-box; margin-bottom: 1rem; padding: 0px; border: 0px; font-family: Arial, sans-serif; font-stretch: inherit; line-height: 1.6em; font-size: 0.95rem; vertical-align: baseline; color: rgb(45, 43, 44); text-align: justify; background-color: rgb(255, 255, 255);\">&nbsp;<\/p>\n<p style=\"box-sizing: border-box; margin-bottom: 1rem; padding: 0px; border: 0px; font-family: Arial, sans-serif; font-stretch: inherit; line-height: 1.6em; font-size: 0.95rem; vertical-align: baseline; color: rgb(45, 43, 44); text-align: justify; background-color: rgb(255, 255, 255);\"><span style=\"font-size:12px;\"><span style=\"font-family:verdana,geneva,sans-serif;\">SANTO DOMINGO, Rep\u00fablica Dominicana.- El Gas Licuado de Petr\u00f3leo (GLP), conocido popularmente como gas propano o gas de cocinar, es sin duda un combustible de gran incidencia en la econom\u00eda dominicana, tanto a nivel del transporte urbano e interurbano, como en el presupuesto familiar de los hogares.<\/span><\/span><\/p>\n<p style=\"box-sizing: border-box; margin-bottom: 1rem; padding: 0px; border: 0px; font-family: Arial, sans-serif; font-stretch: inherit; line-height: 1.6em; font-size: 0.95rem; vertical-align: baseline; color: rgb(45, 43, 44); text-align: justify; background-color: rgb(255, 255, 255);\"><span style=\"font-size:12px;\"><span style=\"font-family:verdana,geneva,sans-serif;\">A pesar de tener una estructura de precios con m\u00e1rgenes e impuestos inferiores al promedio de Am\u00e9rica Central, en la Rep\u00fablica Dominicana el GLP se oferta con el segundo precio m\u00e1s alto de la regi\u00f3n, solamente por debajo del que predomina en Costa Rica.<\/span><\/span><\/p>\n<p style=\"box-sizing: border-box; margin-bottom: 1rem; padding: 0px; border: 0px; font-family: Arial, sans-serif; font-stretch: inherit; line-height: 1.6em; font-size: 0.95rem; vertical-align: baseline; color: rgb(45, 43, 44); text-align: justify; background-color: rgb(255, 255, 255);\"><span style=\"font-size:12px;\"><span style=\"font-family:verdana,geneva,sans-serif;\">Tomando como referencia el cilindro de 25 libras, un estudio comparativo del Centro Regional de Estrategias Econ\u00f3micas Sostenibles (CREES) refleja que este volumen de gas propano se expende en el mercado local a US$10,92 (Alrededor de RD$491), precio que supera al promedio de US$8.64 que cuesta en Centroam\u00e9rica y duplica al de Panam\u00e1 (US$4.37\/Cilindro).<\/span><\/span><\/p>\n<p style=\"box-sizing: border-box; margin-bottom: 1rem; padding: 0px; border: 0px; font-family: Arial, sans-serif; font-stretch: inherit; line-height: 1.6em; font-size: 0.95rem; vertical-align: baseline; color: rgb(45, 43, 44); text-align: justify; background-color: rgb(255, 255, 255);\"><span style=\"font-size:12px;\"><span style=\"font-family:verdana,geneva,sans-serif;\"><\/span><\/span><\/p>\n<p style=\"box-sizing: border-box; margin-bottom: 1rem; padding: 0px; border: 0px; font-family: Arial, sans-serif; font-stretch: inherit; line-height: 1.6em; font-size: 0.95rem; vertical-align: baseline; color: rgb(45, 43, 44); text-align: justify; background-color: rgb(255, 255, 255);\"><span style=\"font-size:12px;\"><span style=\"font-family:verdana,geneva,sans-serif;\"><\/span><\/span><\/p>\n<p style=\"box-sizing: border-box; margin-bottom: 1rem; padding: 0px; border: 0px; font-family: Arial, sans-serif; font-stretch: inherit; line-height: 1.6em; font-size: 0.95rem; vertical-align: baseline; color: rgb(45, 43, 44); text-align: center; background-color: rgb(255, 255, 255);\"><span style=\"font-size:12px;\"><span style=\"font-family:verdana,geneva,sans-serif;\"><\/span><\/span><\/p>\n<p style=\"box-sizing: border-box; margin-bottom: 1rem; padding: 0px; border: 0px; font-family: Arial, sans-serif; font-stretch: inherit; line-height: 1.6em; font-size: 0.95rem; vertical-align: baseline; color: rgb(45, 43, 44); background-color: rgb(255, 255, 255);\"><span style=\"font-size:12px;\"><span style=\"font-family:verdana,geneva,sans-serif;\"><a data-slb-active=\"1\" data-slb-group=\"8275918\" data-slb-internal=\"0\" href=\"http:\/\/acento-main-cdn.odsoluciones.netdna-cdn.com\/wp-content\/uploads\/GAS-GLP-precios-CREESScreen-Shot-2015-08-11-at-6.03.13-PM1.png\" style=\"box-sizing: border-box; margin: 0px; padding: 0px; border: 0px; font-family: inherit; font-style: inherit; font-variant: inherit; font-weight: inherit; font-stretch: inherit; line-height: inherit; font-size: 15.1999998092651px; vertical-align: baseline; color: rgb(199, 26, 1);\"><img fetchpriority=\"high\" decoding=\"async\" alt=\"GAS GLP precios CREESScreen Shot 2015-08-11 at 6.03.13 PM\" class=\"wp-image-8275927 aligncenter\" height=\"472\" src=\"http:\/\/acento-main-cdn.odsoluciones.netdna-cdn.com\/wp-content\/uploads\/GAS-GLP-precios-CREESScreen-Shot-2015-08-11-at-6.03.13-PM1.png\" style=\"box-sizing: border-box; margin: 5px auto; padding: 0px; border: none; font-family: inherit; font-style: inherit; font-variant: inherit; font-weight: inherit; font-stretch: inherit; line-height: inherit; font-size: 15.1999998092651px; vertical-align: middle; display: block; text-align: center;\" width=\"700\" \/><\/a><\/span><\/span><\/p>\n<p style=\"box-sizing: border-box; margin-bottom: 1rem; padding: 0px; border: 0px; font-family: Arial, sans-serif; font-stretch: inherit; line-height: 1.6em; font-size: 0.95rem; vertical-align: baseline; color: rgb(45, 43, 44); text-align: justify; background-color: rgb(255, 255, 255);\"><span style=\"font-size:12px;\"><span style=\"font-family:verdana,geneva,sans-serif;\">Esto se debe -sostiene el CREES- a que la Rep\u00fablica Dominicana tiene un precio sin impuestos de US$6.49 (por cilindro de 25 libras), que es superior al de todos los pa\u00edses de la regi\u00f3n. En el mercado local el precio sin impuestos est\u00e1 formado por el precio paridad de importaci\u00f3n y la comisi\u00f3n operativa BonoGas.<\/span><\/span><\/p>\n<p style=\"box-sizing: border-box; margin-bottom: 1rem; padding: 0px; border: 0px; font-family: Arial, sans-serif; font-stretch: inherit; line-height: 1.6em; font-size: 0.95rem; vertical-align: baseline; color: rgb(45, 43, 44); text-align: justify; background-color: rgb(255, 255, 255);\"><span style=\"font-size:12px;\"><span style=\"font-family:verdana,geneva,sans-serif;\">&ldquo;Es importante destacar que en Panam\u00e1 no se cobran impuestos al GLP, sino que es subsidiado de manera generalizada&rdquo;. Se recuerda que la Rep\u00fablica Dominicana tambi\u00e9n tuvo un subsidio generalizado al GLP, pero este fue cambiado a un subsidio sectorizado o m\u00e1s focalizado, el denominado BonoGas.<\/span><\/span><\/p>\n<p style=\"box-sizing: border-box; margin-bottom: 1rem; padding: 0px; border: 0px; font-family: Arial, sans-serif; font-stretch: inherit; line-height: 1.6em; font-size: 0.95rem; vertical-align: baseline; color: rgb(45, 43, 44); text-align: justify; background-color: rgb(255, 255, 255);\"><span style=\"font-size:12px;\"><span style=\"font-family:verdana,geneva,sans-serif;\">Al desglosar el precio del gal\u00f3n de GLP (RD$78.70) durante la semana del 8 al 14 de agosto, se observa que RD$46,02 corresponden al precio de paridad de importaci\u00f3n, RD$7.36 a impuestos (Ley 495-06, Ad-Valoren, Reforma Fiscal 16%); RD$24.52 a M\u00e1rgenes de comercializaci\u00f3n (Distribuidor + Detallista + Comisi\u00f3n Transporte) y RD$0.80 a la Comisi\u00f3n Operativa Bonogas.<\/span><\/span><\/p>\n<p style=\"box-sizing: border-box; margin-bottom: 1rem; padding: 0px; border: 0px; font-family: Arial, sans-serif; font-stretch: inherit; line-height: 1.6em; font-size: 0.95rem; vertical-align: baseline; color: rgb(45, 43, 44); text-align: justify; background-color: rgb(255, 255, 255);\"><span style=\"font-size:12px;\"><span style=\"font-family:verdana,geneva,sans-serif;\">Teniendo en cuenta estos componentes, se evidencia que el 40% del precio al consumidor del GLP se deriva de los m\u00e1rgenes de comercializaci\u00f3n e impuestos.<\/span><\/span><\/p>\n<div class=\"pvc_clear\"><\/div>\n<p class=\"pvc_stats all \" data-element-id=\"20418\" style=\"\"><i class=\"pvc-stats-icon medium\" aria-hidden=\"true\"><svg aria-hidden=\"true\" focusable=\"false\" data-prefix=\"far\" data-icon=\"chart-bar\" role=\"img\" xmlns=\"http:\/\/www.w3.org\/2000\/svg\" viewBox=\"0 0 512 512\" class=\"svg-inline--fa fa-chart-bar fa-w-16 fa-2x\"><path fill=\"currentColor\" d=\"M396.8 352h22.4c6.4 0 12.8-6.4 12.8-12.8V108.8c0-6.4-6.4-12.8-12.8-12.8h-22.4c-6.4 0-12.8 6.4-12.8 12.8v230.4c0 6.4 6.4 12.8 12.8 12.8zm-192 0h22.4c6.4 0 12.8-6.4 12.8-12.8V140.8c0-6.4-6.4-12.8-12.8-12.8h-22.4c-6.4 0-12.8 6.4-12.8 12.8v198.4c0 6.4 6.4 12.8 12.8 12.8zm96 0h22.4c6.4 0 12.8-6.4 12.8-12.8V204.8c0-6.4-6.4-12.8-12.8-12.8h-22.4c-6.4 0-12.8 6.4-12.8 12.8v134.4c0 6.4 6.4 12.8 12.8 12.8zM496 400H48V80c0-8.84-7.16-16-16-16H16C7.16 64 0 71.16 0 80v336c0 17.67 14.33 32 32 32h464c8.84 0 16-7.16 16-16v-16c0-8.84-7.16-16-16-16zm-387.2-48h22.4c6.4 0 12.8-6.4 12.8-12.8v-70.4c0-6.4-6.4-12.8-12.8-12.8h-22.4c-6.4 0-12.8 6.4-12.8 12.8v70.4c0 6.4 6.4 12.8 12.8 12.8z\" class=\"\"><\/path><\/svg><\/i> Vistas Totales&nbsp;279&nbsp;, Vistas Hoy&nbsp;2&nbsp;<\/p>\n<div class=\"pvc_clear\"><\/div>\n","protected":false},"excerpt":{"rendered":"<p>Autor: Alexander Pe\u00f1aFecha: 17\/08\/2015Extra\u00eddo de acento.com.doA pesar de tener una estructura de precios con m\u00e1rgenes e impuestos inferiores al promedio regional, un cilindro de 25 libras cuesta en RD casi once d\u00f3lares y US$2.28 m\u00e1s que la media en Centroam\u00e9rica<\/p>\n<div class=\"pvc_clear\"><\/div>\n<p class=\"pvc_stats all \" data-element-id=\"20418\" style=\"\"><i class=\"pvc-stats-icon medium\" aria-hidden=\"true\"><svg aria-hidden=\"true\" focusable=\"false\" data-prefix=\"far\" data-icon=\"chart-bar\" role=\"img\" xmlns=\"http:\/\/www.w3.org\/2000\/svg\" viewBox=\"0 0 512 512\" class=\"svg-inline--fa fa-chart-bar fa-w-16 fa-2x\"><path fill=\"currentColor\" d=\"M396.8 352h22.4c6.4 0 12.8-6.4 12.8-12.8V108.8c0-6.4-6.4-12.8-12.8-12.8h-22.4c-6.4 0-12.8 6.4-12.8 12.8v230.4c0 6.4 6.4 12.8 12.8 12.8zm-192 0h22.4c6.4 0 12.8-6.4 12.8-12.8V140.8c0-6.4-6.4-12.8-12.8-12.8h-22.4c-6.4 0-12.8 6.4-12.8 12.8v198.4c0 6.4 6.4 12.8 12.8 12.8zm96 0h22.4c6.4 0 12.8-6.4 12.8-12.8V204.8c0-6.4-6.4-12.8-12.8-12.8h-22.4c-6.4 0-12.8 6.4-12.8 12.8v134.4c0 6.4 6.4 12.8 12.8 12.8zM496 400H48V80c0-8.84-7.16-16-16-16H16C7.16 64 0 71.16 0 80v336c0 17.67 14.33 32 32 32h464c8.84 0 16-7.16 16-16v-16c0-8.84-7.16-16-16-16zm-387.2-48h22.4c6.4 0 12.8-6.4 12.8-12.8v-70.4c0-6.4-6.4-12.8-12.8-12.8h-22.4c-6.4 0-12.8 6.4-12.8 12.8v70.4c0 6.4 6.4 12.8 12.8 12.8z\" class=\"\"><\/path><\/svg><\/i> Vistas Totales&nbsp;279&nbsp;, Vistas Hoy&nbsp;2&nbsp;<\/p>\n<div class=\"pvc_clear\"><\/div>\n","protected":false},"author":2,"featured_media":0,"comment_status":"open","ping_status":"open","sticky":false,"template":"","format":"standard","meta":{"footnotes":""},"categories":[21],"tags":[],"class_list":["post-20418","post","type-post","status-publish","format-standard","hentry","category-blog"],"yoast_head":"<!-- This site is optimized with the Yoast SEO plugin v25.2 - https:\/\/yoast.com\/wordpress\/plugins\/seo\/ -->\n<title>Dominicanos consumen el segundo GLP m\u00e1s caro de Centroam\u00e9rica | CREES<\/title>\n<meta name=\"robots\" content=\"index, follow, max-snippet:-1, max-image-preview:large, max-video-preview:-1\" \/>\n<link rel=\"canonical\" href=\"https:\/\/crees.org.do\/?p=20418\" \/>\n<meta property=\"og:locale\" content=\"es_ES\" \/>\n<meta property=\"og:type\" content=\"article\" \/>\n<meta property=\"og:title\" content=\"Dominicanos consumen el segundo GLP m\u00e1s caro de Centroam\u00e9rica | CREES\" \/>\n<meta property=\"og:description\" content=\"Autor: Alexander Pe\u00f1aFecha: 17\/08\/2015Extra\u00eddo de acento.com.doA pesar de tener una estructura de precios con m\u00e1rgenes e impuestos inferiores al promedio regional, un cilindro de 25 libras cuesta en RD casi once d\u00f3lares y US$2.28 m\u00e1s que la media en Centroam\u00e9rica\" \/>\n<meta property=\"og:url\" content=\"https:\/\/crees.org.do\/?p=20418\" \/>\n<meta property=\"og:site_name\" content=\"CREES\" \/>\n<meta property=\"article:publisher\" content=\"https:\/\/www.facebook.com\/CREESRD\/\" \/>\n<meta property=\"article:published_time\" content=\"2015-01-01T00:00:00+00:00\" \/>\n<meta property=\"og:image\" content=\"http:\/\/acento-main-cdn.odsoluciones.netdna-cdn.com\/wp-content\/uploads\/GAS-GLP-precios-CREESScreen-Shot-2015-08-11-at-6.03.13-PM1.png\" \/>\n<meta name=\"author\" content=\"Crees\" \/>\n<meta name=\"twitter:card\" content=\"summary_large_image\" \/>\n<meta name=\"twitter:creator\" content=\"@CREESRD\" \/>\n<meta name=\"twitter:site\" content=\"@CREESRD\" \/>\n<meta name=\"twitter:label1\" content=\"Escrito por\" \/>\n\t<meta name=\"twitter:data1\" content=\"Crees\" \/>\n\t<meta name=\"twitter:label2\" content=\"Tiempo de lectura\" \/>\n\t<meta name=\"twitter:data2\" content=\"2 minutos\" \/>\n<script type=\"application\/ld+json\" class=\"yoast-schema-graph\">{\"@context\":\"https:\/\/schema.org\",\"@graph\":[{\"@type\":\"Article\",\"@id\":\"https:\/\/crees.org.do\/?p=20418#article\",\"isPartOf\":{\"@id\":\"https:\/\/crees.org.do\/?p=20418\"},\"author\":{\"name\":\"Crees\",\"@id\":\"https:\/\/crees.org.do\/#\/schema\/person\/e7f97cd94d7bf9cd0e0ce30acb7d56b8\"},\"headline\":\"Dominicanos consumen el segundo GLP m\u00e1s caro de Centroam\u00e9rica\",\"datePublished\":\"2015-01-01T00:00:00+00:00\",\"mainEntityOfPage\":{\"@id\":\"https:\/\/crees.org.do\/?p=20418\"},\"wordCount\":372,\"commentCount\":0,\"publisher\":{\"@id\":\"https:\/\/crees.org.do\/#organization\"},\"image\":{\"@id\":\"https:\/\/crees.org.do\/?p=20418#primaryimage\"},\"thumbnailUrl\":\"http:\/\/acento-main-cdn.odsoluciones.netdna-cdn.com\/wp-content\/uploads\/GAS-GLP-precios-CREESScreen-Shot-2015-08-11-at-6.03.13-PM1.png\",\"articleSection\":[\"Blog\"],\"inLanguage\":\"es\"},{\"@type\":\"WebPage\",\"@id\":\"https:\/\/crees.org.do\/?p=20418\",\"url\":\"https:\/\/crees.org.do\/?p=20418\",\"name\":\"Dominicanos consumen el segundo GLP m\u00e1s caro de Centroam\u00e9rica | CREES\",\"isPartOf\":{\"@id\":\"https:\/\/crees.org.do\/#website\"},\"primaryImageOfPage\":{\"@id\":\"https:\/\/crees.org.do\/?p=20418#primaryimage\"},\"image\":{\"@id\":\"https:\/\/crees.org.do\/?p=20418#primaryimage\"},\"thumbnailUrl\":\"http:\/\/acento-main-cdn.odsoluciones.netdna-cdn.com\/wp-content\/uploads\/GAS-GLP-precios-CREESScreen-Shot-2015-08-11-at-6.03.13-PM1.png\",\"datePublished\":\"2015-01-01T00:00:00+00:00\",\"breadcrumb\":{\"@id\":\"https:\/\/crees.org.do\/?p=20418#breadcrumb\"},\"inLanguage\":\"es\",\"potentialAction\":[{\"@type\":\"ReadAction\",\"target\":[\"https:\/\/crees.org.do\/?p=20418\"]}]},{\"@type\":\"ImageObject\",\"inLanguage\":\"es\",\"@id\":\"https:\/\/crees.org.do\/?p=20418#primaryimage\",\"url\":\"http:\/\/acento-main-cdn.odsoluciones.netdna-cdn.com\/wp-content\/uploads\/GAS-GLP-precios-CREESScreen-Shot-2015-08-11-at-6.03.13-PM1.png\",\"contentUrl\":\"http:\/\/acento-main-cdn.odsoluciones.netdna-cdn.com\/wp-content\/uploads\/GAS-GLP-precios-CREESScreen-Shot-2015-08-11-at-6.03.13-PM1.png\"},{\"@type\":\"BreadcrumbList\",\"@id\":\"https:\/\/crees.org.do\/?p=20418#breadcrumb\",\"itemListElement\":[{\"@type\":\"ListItem\",\"position\":1,\"name\":\"Portada\",\"item\":\"https:\/\/crees.org.do\/\"},{\"@type\":\"ListItem\",\"position\":2,\"name\":\"Dominicanos consumen el segundo GLP m\u00e1s caro de Centroam\u00e9rica\"}]},{\"@type\":\"WebSite\",\"@id\":\"https:\/\/crees.org.do\/#website\",\"url\":\"https:\/\/crees.org.do\/\",\"name\":\"CREES\",\"description\":\"Centro Regional de Estrategias Econ\u00f3micas Sostenibles\",\"publisher\":{\"@id\":\"https:\/\/crees.org.do\/#organization\"},\"potentialAction\":[{\"@type\":\"SearchAction\",\"target\":{\"@type\":\"EntryPoint\",\"urlTemplate\":\"https:\/\/crees.org.do\/?s={search_term_string}\"},\"query-input\":{\"@type\":\"PropertyValueSpecification\",\"valueRequired\":true,\"valueName\":\"search_term_string\"}}],\"inLanguage\":\"es\"},{\"@type\":\"Organization\",\"@id\":\"https:\/\/crees.org.do\/#organization\",\"name\":\"CREES | Centro Regional de Estrategias Econ\u00f3micas Sostenibles\",\"url\":\"https:\/\/crees.org.do\/\",\"logo\":{\"@type\":\"ImageObject\",\"inLanguage\":\"es\",\"@id\":\"https:\/\/crees.org.do\/#\/schema\/logo\/image\/\",\"url\":\"https:\/\/crees.org.do\/wp-content\/uploads\/2022\/03\/crees-logo-1.jpg\",\"contentUrl\":\"https:\/\/crees.org.do\/wp-content\/uploads\/2022\/03\/crees-logo-1.jpg\",\"width\":244,\"height\":71,\"caption\":\"CREES | Centro Regional de Estrategias Econ\u00f3micas Sostenibles\"},\"image\":{\"@id\":\"https:\/\/crees.org.do\/#\/schema\/logo\/image\/\"},\"sameAs\":[\"https:\/\/www.facebook.com\/CREESRD\/\",\"https:\/\/x.com\/CREESRD\"]},{\"@type\":\"Person\",\"@id\":\"https:\/\/crees.org.do\/#\/schema\/person\/e7f97cd94d7bf9cd0e0ce30acb7d56b8\",\"name\":\"Crees\",\"image\":{\"@type\":\"ImageObject\",\"inLanguage\":\"es\",\"@id\":\"https:\/\/crees.org.do\/#\/schema\/person\/image\/\",\"url\":\"https:\/\/secure.gravatar.com\/avatar\/390ac8f0be5d9aa046152553e2dd7011b59a512d89c150f5e5f28bb8d9a0b165?s=96&d=mm&r=g\",\"contentUrl\":\"https:\/\/secure.gravatar.com\/avatar\/390ac8f0be5d9aa046152553e2dd7011b59a512d89c150f5e5f28bb8d9a0b165?s=96&d=mm&r=g\",\"caption\":\"Crees\"},\"url\":\"https:\/\/crees.org.do\/?author=2\"}]}<\/script>\n<!-- \/ Yoast SEO plugin. -->","yoast_head_json":{"title":"Dominicanos consumen el segundo GLP m\u00e1s caro de Centroam\u00e9rica | CREES","robots":{"index":"index","follow":"follow","max-snippet":"max-snippet:-1","max-image-preview":"max-image-preview:large","max-video-preview":"max-video-preview:-1"},"canonical":"https:\/\/crees.org.do\/?p=20418","og_locale":"es_ES","og_type":"article","og_title":"Dominicanos consumen el segundo GLP m\u00e1s caro de Centroam\u00e9rica | CREES","og_description":"Autor: Alexander Pe\u00f1aFecha: 17\/08\/2015Extra\u00eddo de acento.com.doA pesar de tener una estructura de precios con m\u00e1rgenes e impuestos inferiores al promedio regional, un cilindro de 25 libras cuesta en RD casi once d\u00f3lares y US$2.28 m\u00e1s que la media en Centroam\u00e9rica","og_url":"https:\/\/crees.org.do\/?p=20418","og_site_name":"CREES","article_publisher":"https:\/\/www.facebook.com\/CREESRD\/","article_published_time":"2015-01-01T00:00:00+00:00","og_image":[{"url":"http:\/\/acento-main-cdn.odsoluciones.netdna-cdn.com\/wp-content\/uploads\/GAS-GLP-precios-CREESScreen-Shot-2015-08-11-at-6.03.13-PM1.png","type":"","width":"","height":""}],"author":"Crees","twitter_card":"summary_large_image","twitter_creator":"@CREESRD","twitter_site":"@CREESRD","twitter_misc":{"Escrito por":"Crees","Tiempo de lectura":"2 minutos"},"schema":{"@context":"https:\/\/schema.org","@graph":[{"@type":"Article","@id":"https:\/\/crees.org.do\/?p=20418#article","isPartOf":{"@id":"https:\/\/crees.org.do\/?p=20418"},"author":{"name":"Crees","@id":"https:\/\/crees.org.do\/#\/schema\/person\/e7f97cd94d7bf9cd0e0ce30acb7d56b8"},"headline":"Dominicanos consumen el segundo GLP m\u00e1s caro de Centroam\u00e9rica","datePublished":"2015-01-01T00:00:00+00:00","mainEntityOfPage":{"@id":"https:\/\/crees.org.do\/?p=20418"},"wordCount":372,"commentCount":0,"publisher":{"@id":"https:\/\/crees.org.do\/#organization"},"image":{"@id":"https:\/\/crees.org.do\/?p=20418#primaryimage"},"thumbnailUrl":"http:\/\/acento-main-cdn.odsoluciones.netdna-cdn.com\/wp-content\/uploads\/GAS-GLP-precios-CREESScreen-Shot-2015-08-11-at-6.03.13-PM1.png","articleSection":["Blog"],"inLanguage":"es"},{"@type":"WebPage","@id":"https:\/\/crees.org.do\/?p=20418","url":"https:\/\/crees.org.do\/?p=20418","name":"Dominicanos consumen el segundo GLP m\u00e1s caro de Centroam\u00e9rica | CREES","isPartOf":{"@id":"https:\/\/crees.org.do\/#website"},"primaryImageOfPage":{"@id":"https:\/\/crees.org.do\/?p=20418#primaryimage"},"image":{"@id":"https:\/\/crees.org.do\/?p=20418#primaryimage"},"thumbnailUrl":"http:\/\/acento-main-cdn.odsoluciones.netdna-cdn.com\/wp-content\/uploads\/GAS-GLP-precios-CREESScreen-Shot-2015-08-11-at-6.03.13-PM1.png","datePublished":"2015-01-01T00:00:00+00:00","breadcrumb":{"@id":"https:\/\/crees.org.do\/?p=20418#breadcrumb"},"inLanguage":"es","potentialAction":[{"@type":"ReadAction","target":["https:\/\/crees.org.do\/?p=20418"]}]},{"@type":"ImageObject","inLanguage":"es","@id":"https:\/\/crees.org.do\/?p=20418#primaryimage","url":"http:\/\/acento-main-cdn.odsoluciones.netdna-cdn.com\/wp-content\/uploads\/GAS-GLP-precios-CREESScreen-Shot-2015-08-11-at-6.03.13-PM1.png","contentUrl":"http:\/\/acento-main-cdn.odsoluciones.netdna-cdn.com\/wp-content\/uploads\/GAS-GLP-precios-CREESScreen-Shot-2015-08-11-at-6.03.13-PM1.png"},{"@type":"BreadcrumbList","@id":"https:\/\/crees.org.do\/?p=20418#breadcrumb","itemListElement":[{"@type":"ListItem","position":1,"name":"Portada","item":"https:\/\/crees.org.do\/"},{"@type":"ListItem","position":2,"name":"Dominicanos consumen el segundo GLP m\u00e1s caro de Centroam\u00e9rica"}]},{"@type":"WebSite","@id":"https:\/\/crees.org.do\/#website","url":"https:\/\/crees.org.do\/","name":"CREES","description":"Centro Regional de Estrategias Econ\u00f3micas Sostenibles","publisher":{"@id":"https:\/\/crees.org.do\/#organization"},"potentialAction":[{"@type":"SearchAction","target":{"@type":"EntryPoint","urlTemplate":"https:\/\/crees.org.do\/?s={search_term_string}"},"query-input":{"@type":"PropertyValueSpecification","valueRequired":true,"valueName":"search_term_string"}}],"inLanguage":"es"},{"@type":"Organization","@id":"https:\/\/crees.org.do\/#organization","name":"CREES | Centro Regional de Estrategias Econ\u00f3micas Sostenibles","url":"https:\/\/crees.org.do\/","logo":{"@type":"ImageObject","inLanguage":"es","@id":"https:\/\/crees.org.do\/#\/schema\/logo\/image\/","url":"https:\/\/crees.org.do\/wp-content\/uploads\/2022\/03\/crees-logo-1.jpg","contentUrl":"https:\/\/crees.org.do\/wp-content\/uploads\/2022\/03\/crees-logo-1.jpg","width":244,"height":71,"caption":"CREES | Centro Regional de Estrategias Econ\u00f3micas Sostenibles"},"image":{"@id":"https:\/\/crees.org.do\/#\/schema\/logo\/image\/"},"sameAs":["https:\/\/www.facebook.com\/CREESRD\/","https:\/\/x.com\/CREESRD"]},{"@type":"Person","@id":"https:\/\/crees.org.do\/#\/schema\/person\/e7f97cd94d7bf9cd0e0ce30acb7d56b8","name":"Crees","image":{"@type":"ImageObject","inLanguage":"es","@id":"https:\/\/crees.org.do\/#\/schema\/person\/image\/","url":"https:\/\/secure.gravatar.com\/avatar\/390ac8f0be5d9aa046152553e2dd7011b59a512d89c150f5e5f28bb8d9a0b165?s=96&d=mm&r=g","contentUrl":"https:\/\/secure.gravatar.com\/avatar\/390ac8f0be5d9aa046152553e2dd7011b59a512d89c150f5e5f28bb8d9a0b165?s=96&d=mm&r=g","caption":"Crees"},"url":"https:\/\/crees.org.do\/?author=2"}]}},"_links":{"self":[{"href":"https:\/\/crees.org.do\/index.php?rest_route=\/wp\/v2\/posts\/20418","targetHints":{"allow":["GET"]}}],"collection":[{"href":"https:\/\/crees.org.do\/index.php?rest_route=\/wp\/v2\/posts"}],"about":[{"href":"https:\/\/crees.org.do\/index.php?rest_route=\/wp\/v2\/types\/post"}],"author":[{"embeddable":true,"href":"https:\/\/crees.org.do\/index.php?rest_route=\/wp\/v2\/users\/2"}],"replies":[{"embeddable":true,"href":"https:\/\/crees.org.do\/index.php?rest_route=%2Fwp%2Fv2%2Fcomments&post=20418"}],"version-history":[{"count":0,"href":"https:\/\/crees.org.do\/index.php?rest_route=\/wp\/v2\/posts\/20418\/revisions"}],"wp:attachment":[{"href":"https:\/\/crees.org.do\/index.php?rest_route=%2Fwp%2Fv2%2Fmedia&parent=20418"}],"wp:term":[{"taxonomy":"category","embeddable":true,"href":"https:\/\/crees.org.do\/index.php?rest_route=%2Fwp%2Fv2%2Fcategories&post=20418"},{"taxonomy":"post_tag","embeddable":true,"href":"https:\/\/crees.org.do\/index.php?rest_route=%2Fwp%2Fv2%2Ftags&post=20418"}],"curies":[{"name":"wp","href":"https:\/\/api.w.org\/{rel}","templated":true}]}}