{"id":20424,"date":"2015-01-01T00:00:00","date_gmt":"2015-01-01T00:00:00","guid":{"rendered":"https:\/\/crees.org.do\/economistas-gobierno-hara-otra-emision\/"},"modified":"2015-01-01T00:00:00","modified_gmt":"2015-01-01T00:00:00","slug":"economistas-gobierno-hara-otra-emision","status":"publish","type":"post","link":"https:\/\/crees.org.do\/?p=20424","title":{"rendered":"Economistas: gobierno har\u00e1 otra emisi\u00f3n"},"content":{"rendered":"<div class=\"article-body-author\" style=\"margin-top: 8px; font-family: Verdana, Arial, Helvetica, sans-serif; font-size: 11px; color: rgb(51, 51, 51); line-height: normal; margin-bottom: 0px; text-align: justify; background-color: rgb(255, 255, 255);\"><strong><span style=\"font-family: verdana, geneva, sans-serif; font-size: 12px; font-style: inherit; font-weight: inherit; line-height: 18px;\">Autor: C\u00e1ndida Acosta<\/span><\/strong><\/div>\n<div class=\"article-body-author\" style=\"margin-top: 8px; font-family: Verdana, Arial, Helvetica, sans-serif; font-size: 11px; color: rgb(51, 51, 51); line-height: normal; margin-bottom: 0px; text-align: justify; background-color: rgb(255, 255, 255);\">&nbsp;<\/div>\n<div class=\"article-body-author\" style=\"margin-top: 8px; font-family: Verdana, Arial, Helvetica, sans-serif; font-size: 11px; color: rgb(51, 51, 51); line-height: normal; margin-bottom: 0px; text-align: justify; background-color: rgb(255, 255, 255);\"><span style=\"font-family: verdana, geneva, sans-serif; font-size: 12px; font-style: inherit; font-weight: inherit; line-height: 18px;\">Fecha: 07\/09\/2015<\/span><\/div>\n<div class=\"article-body-author\" style=\"margin-top: 8px; font-family: Verdana, Arial, Helvetica, sans-serif; font-size: 11px; color: rgb(51, 51, 51); line-height: normal; margin-bottom: 0px; text-align: justify; background-color: rgb(255, 255, 255);\"><span style=\"font-family: verdana, geneva, sans-serif; font-size: 12px; font-style: inherit; font-weight: inherit; line-height: 18px;\">Extra\u00eddo de <a href=\"http:\/\/www.listindiario.com\/economia\/2015\/09\/07\/387139\/economistas-gobierno-hara-otra-emision\">listindiario.com<\/a><\/span><\/div>\n<div class=\"article-body-author\" style=\"margin-top: 8px; font-family: Verdana, Arial, Helvetica, sans-serif; font-size: 11px; color: rgb(51, 51, 51); line-height: normal; margin-bottom: 0px; text-align: justify; background-color: rgb(255, 255, 255);\">&nbsp;<\/div>\n<div class=\"article-body-author\" style=\"margin-top: 8px; font-family: Verdana, Arial, Helvetica, sans-serif; font-size: 11px; color: rgb(51, 51, 51); line-height: normal; margin-bottom: 0px; text-align: justify; background-color: rgb(255, 255, 255);\">&nbsp;<\/div>\n<div id=\"ArticleBody\" style=\"color: rgb(51, 51, 51); line-height: 18px; margin-top: 10px; background-color: rgb(255, 255, 255);\">\n<p style=\"margin-bottom: 10px; padding: 0px; border: 0px; outline: 0px; font-weight: inherit; font-style: inherit; font-family: inherit; vertical-align: baseline; text-align: justify;\"><span style=\"font-size:12px;\"><span style=\"font-family:verdana,geneva,sans-serif;\">Para los principales ejecutivos del Centro Regional de Estrategias Econ\u00f3micas Sostenibles (CREES), Ernesto Selman y Miguel Collado Di Franco, el Gobierno dominicano necesitar\u00e1 de nuevos recursos financieros para cubrir el presupuesto anual de este a\u00f1o 2015, lo que har\u00e1 mediante una nueva colocaci\u00f3n de bonos soberanos en los mercados internacionales.<\/span><\/span><\/p>\n<p style=\"margin-bottom: 10px; padding: 0px; border: 0px; outline: 0px; font-weight: inherit; font-style: inherit; font-family: inherit; vertical-align: baseline; text-align: justify;\"><span style=\"font-size:12px;\"><span style=\"font-family:verdana,geneva,sans-serif;\">Ambos economistas aseguran que de los recursos presupuestados a junio por un monto de US$650 millones por medio del acuerdo PetroCaribe, solo se recibieron US$50 millones, lo que revela un faltante de US$600 millones que ser\u00e1n buscados mediante una nueva emisi\u00f3n soberana.<\/span><\/span><\/p>\n<p style=\"margin-bottom: 10px; padding: 0px; border: 0px; outline: 0px; font-weight: inherit; font-style: inherit; font-family: inherit; vertical-align: baseline; text-align: justify;\"><span style=\"font-size:12px;\"><span style=\"font-family:verdana,geneva,sans-serif;\">Selman explic\u00f3 que el faltante presupuestario se produjo por dos causas: primero por la crisis en Venezuela, lo cual desincentiva el financiamiento de petr\u00f3leo; y segundo, por que la baja de precios en el crudo internacional se sale del rango de precios para financiar el petr\u00f3leo. Este viernes el crudo West Texas Intermediate cerr\u00f3 en US$46.05 por barril.<\/span><\/span><\/p>\n<p style=\"margin-bottom: 10px; padding: 0px; border: 0px; outline: 0px; font-weight: inherit; font-style: inherit; font-family: inherit; vertical-align: baseline; text-align: justify;\"><span style=\"font-size:12px;\"><span style=\"font-family:verdana,geneva,sans-serif;\">De acuerdo con el economista Selman, el presupuesto complementario ser\u00e1 necesario porque las fuentes de financiamiento no van a resultar las que se hab\u00edan proyectado. Selman y Di Franco participaron en el encuentro LIST\u00edN DIARIO en la Globalizaci\u00f3n que coordina el economista Juan Guilliani Cury para esta secci\u00f3n de Econom\u00eda &amp;amp; Negocios.<\/span><\/span><\/p>\n<p style=\"margin-bottom: 10px; padding: 0px; border: 0px; outline: 0px; font-weight: inherit; font-style: inherit; font-family: inherit; vertical-align: baseline; text-align: justify;\"><span style=\"font-size:12px;\"><span style=\"font-family:verdana,geneva,sans-serif;\">El economista dijo que aparentemente se cree que los ahorros de la factura petrolera y los subsidios a las empresas distribuidoras de energ\u00eda han sido destinados a la inversi\u00f3n de las plantas a carb\u00f3n en Punta Catalina.<\/span><\/span><\/p>\n<p style=\"margin-bottom: 10px; padding: 0px; border: 0px; outline: 0px; font-weight: inherit; font-style: inherit; font-family: inherit; vertical-align: baseline; text-align: justify;\"><span style=\"font-size:12px;\"><span style=\"font-family:verdana,geneva,sans-serif;\">Con PetroCaribe, dijo Selman, hay que ver que por lado &ldquo;le cae como anillo al dedo&rdquo; al Gobierno, pero por el otro le afecta m\u00e1s, por m\u00e1s del 90% de sus ingresos ven\u00eda por el ahorro ante el financiamiento petrolero.<\/span><\/span><\/p>\n<p style=\"margin-bottom: 10px; padding: 0px; border: 0px; outline: 0px; font-weight: inherit; font-style: inherit; font-family: inherit; vertical-align: baseline; text-align: justify;\"><span style=\"font-size:12px;\"><span style=\"font-family:verdana,geneva,sans-serif;\">Sostuvo que internamente el Gobierno contemplaba buscar RD$40,000 millones en emisiones, y esperaban ese flujo de d\u00f3lares har\u00e1 que haya que buscar recursos internacionales. &ldquo;Eso, tenemos entendido de que eso se est\u00e1 preparando, de que va a haber que hacer un presupuesto complementario porque las fuentes de ingresos no van a ser las que las que se hab\u00edan aprobado&rdquo;, agreg\u00f3.<\/span><\/span><\/p>\n<p style=\"margin-bottom: 10px; padding: 0px; border: 0px; outline: 0px; font-weight: inherit; font-style: inherit; font-family: inherit; vertical-align: baseline; text-align: justify;\"><span style=\"font-size:12px;\"><span style=\"font-family:verdana,geneva,sans-serif;\">Los directivos del CREES indicaron que la baja de precios del crudo le ha generado al Gobierno un ahorro de US$500 millones, que presumen han ido a las plantas generadoras, porque los desembolsos de financiamientos internacionales no han entrado. Estiman que esto puede estar ocurriendo porque no se ha reducido la deuda con los generadores, ni tampoco la tarifa el\u00e9ctrica a los consumidores finales.<\/span><\/span><\/p>\n<p style=\"margin-bottom: 10px; padding: 0px; border: 0px; outline: 0px; font-weight: inherit; font-style: inherit; font-family: inherit; vertical-align: baseline; text-align: justify;\"><span style=\"font-size:12px;\"><span style=\"font-family:verdana,geneva,sans-serif;\"><strong>Directivos dicen se requieren de pol\u00edticas p\u00fablicas<\/strong><br \/>Mientras Selman enfatiza en la necesidad de que se apliquen pol\u00edticas p\u00fablicas y econ\u00f3micas, Miguel Di Franco corrobora ese planteamiento y cita como dos ejemplos los casos de las econom\u00edas de Grecia y Puerto Rico, ya que desde el a\u00f1o 2000 los d\u00e9ficits fiscales, a excepci\u00f3n de 2007, se han mantenido aumentando por el endeudamiento.<\/span><\/span><\/p>\n<p style=\"margin-bottom: 10px; padding: 0px; border: 0px; outline: 0px; font-weight: inherit; font-style: inherit; font-family: inherit; vertical-align: baseline; text-align: justify;\"><span style=\"font-size:12px;\"><span style=\"font-family:verdana,geneva,sans-serif;\">Recuerda Di Franco que Puerto Rico aument\u00f3 su deuda en m\u00e1s de un 200% y, sin embargo, hasta 2014 en este pa\u00eds esta ha subido m\u00e1s de un 600%. Explic\u00f3 que la deuda debe ser analizada en base &ldquo;al d\u00eda a d\u00eda&rdquo;, tocante a su impacto en el gasto p\u00fablico y reflejarla como porcentaje de los ingresos tributarios presupuestados, ya que &ldquo;un quinto de esos ingresos van destinados al pago de la deuda, que es como un 20% y quiere decir que de cada mil pesos que le entran al Gobierno, RD$200 van destinados este a\u00f1o a lo presupuestado. El segundo rengl\u00f3n de gastos son los intereses, afirm\u00f3.<\/span><\/span><\/p>\n<\/div>\n<p>&nbsp;<\/p>\n<div class=\"pvc_clear\"><\/div>\n<p class=\"pvc_stats all \" data-element-id=\"20424\" style=\"\"><i class=\"pvc-stats-icon medium\" aria-hidden=\"true\"><svg aria-hidden=\"true\" focusable=\"false\" data-prefix=\"far\" data-icon=\"chart-bar\" role=\"img\" xmlns=\"http:\/\/www.w3.org\/2000\/svg\" viewBox=\"0 0 512 512\" class=\"svg-inline--fa fa-chart-bar fa-w-16 fa-2x\"><path fill=\"currentColor\" d=\"M396.8 352h22.4c6.4 0 12.8-6.4 12.8-12.8V108.8c0-6.4-6.4-12.8-12.8-12.8h-22.4c-6.4 0-12.8 6.4-12.8 12.8v230.4c0 6.4 6.4 12.8 12.8 12.8zm-192 0h22.4c6.4 0 12.8-6.4 12.8-12.8V140.8c0-6.4-6.4-12.8-12.8-12.8h-22.4c-6.4 0-12.8 6.4-12.8 12.8v198.4c0 6.4 6.4 12.8 12.8 12.8zm96 0h22.4c6.4 0 12.8-6.4 12.8-12.8V204.8c0-6.4-6.4-12.8-12.8-12.8h-22.4c-6.4 0-12.8 6.4-12.8 12.8v134.4c0 6.4 6.4 12.8 12.8 12.8zM496 400H48V80c0-8.84-7.16-16-16-16H16C7.16 64 0 71.16 0 80v336c0 17.67 14.33 32 32 32h464c8.84 0 16-7.16 16-16v-16c0-8.84-7.16-16-16-16zm-387.2-48h22.4c6.4 0 12.8-6.4 12.8-12.8v-70.4c0-6.4-6.4-12.8-12.8-12.8h-22.4c-6.4 0-12.8 6.4-12.8 12.8v70.4c0 6.4 6.4 12.8 12.8 12.8z\" class=\"\"><\/path><\/svg><\/i> Vistas Totales&nbsp;271&nbsp;, Vistas Hoy&nbsp;2&nbsp;<\/p>\n<div class=\"pvc_clear\"><\/div>\n","protected":false},"excerpt":{"rendered":"<p>Autor: C\u00e1ndida AcostaFecha: 07\/09\/2015Extra\u00eddo de listindiario.comPara los principales ejecutivos del Centro Regional de Estrategias Econ\u00f3micas Sostenibles (CREES), Ernesto Selman y Miguel Collado Di Franco, el Gobierno dominicano necesitar\u00e1 de nuevos recursos financieros para cubrir el presupuesto anual de este a\u00f1o 2015, lo que har\u00e1 mediante una nueva colocaci\u00f3n de bonos soberanos en los mercados internacionales.<\/p>\n<div class=\"pvc_clear\"><\/div>\n<p class=\"pvc_stats all \" data-element-id=\"20424\" style=\"\"><i class=\"pvc-stats-icon medium\" aria-hidden=\"true\"><svg aria-hidden=\"true\" focusable=\"false\" data-prefix=\"far\" data-icon=\"chart-bar\" role=\"img\" xmlns=\"http:\/\/www.w3.org\/2000\/svg\" viewBox=\"0 0 512 512\" class=\"svg-inline--fa fa-chart-bar fa-w-16 fa-2x\"><path fill=\"currentColor\" d=\"M396.8 352h22.4c6.4 0 12.8-6.4 12.8-12.8V108.8c0-6.4-6.4-12.8-12.8-12.8h-22.4c-6.4 0-12.8 6.4-12.8 12.8v230.4c0 6.4 6.4 12.8 12.8 12.8zm-192 0h22.4c6.4 0 12.8-6.4 12.8-12.8V140.8c0-6.4-6.4-12.8-12.8-12.8h-22.4c-6.4 0-12.8 6.4-12.8 12.8v198.4c0 6.4 6.4 12.8 12.8 12.8zm96 0h22.4c6.4 0 12.8-6.4 12.8-12.8V204.8c0-6.4-6.4-12.8-12.8-12.8h-22.4c-6.4 0-12.8 6.4-12.8 12.8v134.4c0 6.4 6.4 12.8 12.8 12.8zM496 400H48V80c0-8.84-7.16-16-16-16H16C7.16 64 0 71.16 0 80v336c0 17.67 14.33 32 32 32h464c8.84 0 16-7.16 16-16v-16c0-8.84-7.16-16-16-16zm-387.2-48h22.4c6.4 0 12.8-6.4 12.8-12.8v-70.4c0-6.4-6.4-12.8-12.8-12.8h-22.4c-6.4 0-12.8 6.4-12.8 12.8v70.4c0 6.4 6.4 12.8 12.8 12.8z\" class=\"\"><\/path><\/svg><\/i> Vistas Totales&nbsp;271&nbsp;, Vistas Hoy&nbsp;2&nbsp;<\/p>\n<div class=\"pvc_clear\"><\/div>\n","protected":false},"author":2,"featured_media":0,"comment_status":"open","ping_status":"open","sticky":false,"template":"","format":"standard","meta":{"footnotes":""},"categories":[21],"tags":[],"class_list":["post-20424","post","type-post","status-publish","format-standard","hentry","category-blog"],"yoast_head":"<!-- This site is optimized with the Yoast SEO plugin v25.2 - https:\/\/yoast.com\/wordpress\/plugins\/seo\/ -->\n<title>Economistas: gobierno har\u00e1 otra emisi\u00f3n | CREES<\/title>\n<meta name=\"robots\" content=\"index, follow, max-snippet:-1, max-image-preview:large, max-video-preview:-1\" \/>\n<link rel=\"canonical\" href=\"https:\/\/crees.org.do\/?p=20424\" \/>\n<meta property=\"og:locale\" content=\"es_ES\" \/>\n<meta property=\"og:type\" content=\"article\" \/>\n<meta property=\"og:title\" content=\"Economistas: gobierno har\u00e1 otra emisi\u00f3n | CREES\" \/>\n<meta property=\"og:description\" content=\"Autor: C\u00e1ndida AcostaFecha: 07\/09\/2015Extra\u00eddo de listindiario.comPara los principales ejecutivos del Centro Regional de Estrategias Econ\u00f3micas Sostenibles (CREES), Ernesto Selman y Miguel Collado Di Franco, el Gobierno dominicano necesitar\u00e1 de nuevos recursos financieros para cubrir el presupuesto anual de este a\u00f1o 2015, lo que har\u00e1 mediante una nueva colocaci\u00f3n de bonos soberanos en los mercados internacionales.\" \/>\n<meta property=\"og:url\" content=\"https:\/\/crees.org.do\/?p=20424\" \/>\n<meta property=\"og:site_name\" content=\"CREES\" \/>\n<meta property=\"article:publisher\" content=\"https:\/\/www.facebook.com\/CREESRD\/\" \/>\n<meta property=\"article:published_time\" content=\"2015-01-01T00:00:00+00:00\" \/>\n<meta property=\"og:image\" content=\"https:\/\/crees.org.do\/wp-content\/uploads\/2022\/03\/crees-logo-1.jpg\" \/>\n\t<meta property=\"og:image:width\" content=\"244\" \/>\n\t<meta property=\"og:image:height\" content=\"71\" \/>\n\t<meta property=\"og:image:type\" content=\"image\/jpeg\" \/>\n<meta name=\"author\" content=\"Crees\" \/>\n<meta name=\"twitter:card\" content=\"summary_large_image\" \/>\n<meta name=\"twitter:creator\" content=\"@CREESRD\" \/>\n<meta name=\"twitter:site\" content=\"@CREESRD\" \/>\n<meta name=\"twitter:label1\" content=\"Escrito por\" \/>\n\t<meta name=\"twitter:data1\" content=\"Crees\" \/>\n\t<meta name=\"twitter:label2\" content=\"Tiempo de lectura\" \/>\n\t<meta name=\"twitter:data2\" content=\"3 minutos\" \/>\n<script type=\"application\/ld+json\" class=\"yoast-schema-graph\">{\"@context\":\"https:\/\/schema.org\",\"@graph\":[{\"@type\":\"Article\",\"@id\":\"https:\/\/crees.org.do\/?p=20424#article\",\"isPartOf\":{\"@id\":\"https:\/\/crees.org.do\/?p=20424\"},\"author\":{\"name\":\"Crees\",\"@id\":\"https:\/\/crees.org.do\/#\/schema\/person\/e7f97cd94d7bf9cd0e0ce30acb7d56b8\"},\"headline\":\"Economistas: gobierno har\u00e1 otra emisi\u00f3n\",\"datePublished\":\"2015-01-01T00:00:00+00:00\",\"mainEntityOfPage\":{\"@id\":\"https:\/\/crees.org.do\/?p=20424\"},\"wordCount\":631,\"commentCount\":0,\"publisher\":{\"@id\":\"https:\/\/crees.org.do\/#organization\"},\"articleSection\":[\"Blog\"],\"inLanguage\":\"es\"},{\"@type\":\"WebPage\",\"@id\":\"https:\/\/crees.org.do\/?p=20424\",\"url\":\"https:\/\/crees.org.do\/?p=20424\",\"name\":\"Economistas: gobierno har\u00e1 otra emisi\u00f3n | CREES\",\"isPartOf\":{\"@id\":\"https:\/\/crees.org.do\/#website\"},\"datePublished\":\"2015-01-01T00:00:00+00:00\",\"breadcrumb\":{\"@id\":\"https:\/\/crees.org.do\/?p=20424#breadcrumb\"},\"inLanguage\":\"es\",\"potentialAction\":[{\"@type\":\"ReadAction\",\"target\":[\"https:\/\/crees.org.do\/?p=20424\"]}]},{\"@type\":\"BreadcrumbList\",\"@id\":\"https:\/\/crees.org.do\/?p=20424#breadcrumb\",\"itemListElement\":[{\"@type\":\"ListItem\",\"position\":1,\"name\":\"Portada\",\"item\":\"https:\/\/crees.org.do\/\"},{\"@type\":\"ListItem\",\"position\":2,\"name\":\"Economistas: gobierno har\u00e1 otra emisi\u00f3n\"}]},{\"@type\":\"WebSite\",\"@id\":\"https:\/\/crees.org.do\/#website\",\"url\":\"https:\/\/crees.org.do\/\",\"name\":\"CREES\",\"description\":\"Centro Regional de Estrategias Econ\u00f3micas Sostenibles\",\"publisher\":{\"@id\":\"https:\/\/crees.org.do\/#organization\"},\"potentialAction\":[{\"@type\":\"SearchAction\",\"target\":{\"@type\":\"EntryPoint\",\"urlTemplate\":\"https:\/\/crees.org.do\/?s={search_term_string}\"},\"query-input\":{\"@type\":\"PropertyValueSpecification\",\"valueRequired\":true,\"valueName\":\"search_term_string\"}}],\"inLanguage\":\"es\"},{\"@type\":\"Organization\",\"@id\":\"https:\/\/crees.org.do\/#organization\",\"name\":\"CREES | Centro Regional de Estrategias Econ\u00f3micas Sostenibles\",\"url\":\"https:\/\/crees.org.do\/\",\"logo\":{\"@type\":\"ImageObject\",\"inLanguage\":\"es\",\"@id\":\"https:\/\/crees.org.do\/#\/schema\/logo\/image\/\",\"url\":\"https:\/\/crees.org.do\/wp-content\/uploads\/2022\/03\/crees-logo-1.jpg\",\"contentUrl\":\"https:\/\/crees.org.do\/wp-content\/uploads\/2022\/03\/crees-logo-1.jpg\",\"width\":244,\"height\":71,\"caption\":\"CREES | Centro Regional de Estrategias Econ\u00f3micas Sostenibles\"},\"image\":{\"@id\":\"https:\/\/crees.org.do\/#\/schema\/logo\/image\/\"},\"sameAs\":[\"https:\/\/www.facebook.com\/CREESRD\/\",\"https:\/\/x.com\/CREESRD\"]},{\"@type\":\"Person\",\"@id\":\"https:\/\/crees.org.do\/#\/schema\/person\/e7f97cd94d7bf9cd0e0ce30acb7d56b8\",\"name\":\"Crees\",\"image\":{\"@type\":\"ImageObject\",\"inLanguage\":\"es\",\"@id\":\"https:\/\/crees.org.do\/#\/schema\/person\/image\/\",\"url\":\"https:\/\/secure.gravatar.com\/avatar\/390ac8f0be5d9aa046152553e2dd7011b59a512d89c150f5e5f28bb8d9a0b165?s=96&d=mm&r=g\",\"contentUrl\":\"https:\/\/secure.gravatar.com\/avatar\/390ac8f0be5d9aa046152553e2dd7011b59a512d89c150f5e5f28bb8d9a0b165?s=96&d=mm&r=g\",\"caption\":\"Crees\"},\"url\":\"https:\/\/crees.org.do\/?author=2\"}]}<\/script>\n<!-- \/ Yoast SEO plugin. -->","yoast_head_json":{"title":"Economistas: gobierno har\u00e1 otra emisi\u00f3n | CREES","robots":{"index":"index","follow":"follow","max-snippet":"max-snippet:-1","max-image-preview":"max-image-preview:large","max-video-preview":"max-video-preview:-1"},"canonical":"https:\/\/crees.org.do\/?p=20424","og_locale":"es_ES","og_type":"article","og_title":"Economistas: gobierno har\u00e1 otra emisi\u00f3n | CREES","og_description":"Autor: C\u00e1ndida AcostaFecha: 07\/09\/2015Extra\u00eddo de listindiario.comPara los principales ejecutivos del Centro Regional de Estrategias Econ\u00f3micas Sostenibles (CREES), Ernesto Selman y Miguel Collado Di Franco, el Gobierno dominicano necesitar\u00e1 de nuevos recursos financieros para cubrir el presupuesto anual de este a\u00f1o 2015, lo que har\u00e1 mediante una nueva colocaci\u00f3n de bonos soberanos en los mercados internacionales.","og_url":"https:\/\/crees.org.do\/?p=20424","og_site_name":"CREES","article_publisher":"https:\/\/www.facebook.com\/CREESRD\/","article_published_time":"2015-01-01T00:00:00+00:00","og_image":[{"width":244,"height":71,"url":"https:\/\/crees.org.do\/wp-content\/uploads\/2022\/03\/crees-logo-1.jpg","type":"image\/jpeg"}],"author":"Crees","twitter_card":"summary_large_image","twitter_creator":"@CREESRD","twitter_site":"@CREESRD","twitter_misc":{"Escrito por":"Crees","Tiempo de lectura":"3 minutos"},"schema":{"@context":"https:\/\/schema.org","@graph":[{"@type":"Article","@id":"https:\/\/crees.org.do\/?p=20424#article","isPartOf":{"@id":"https:\/\/crees.org.do\/?p=20424"},"author":{"name":"Crees","@id":"https:\/\/crees.org.do\/#\/schema\/person\/e7f97cd94d7bf9cd0e0ce30acb7d56b8"},"headline":"Economistas: gobierno har\u00e1 otra emisi\u00f3n","datePublished":"2015-01-01T00:00:00+00:00","mainEntityOfPage":{"@id":"https:\/\/crees.org.do\/?p=20424"},"wordCount":631,"commentCount":0,"publisher":{"@id":"https:\/\/crees.org.do\/#organization"},"articleSection":["Blog"],"inLanguage":"es"},{"@type":"WebPage","@id":"https:\/\/crees.org.do\/?p=20424","url":"https:\/\/crees.org.do\/?p=20424","name":"Economistas: gobierno har\u00e1 otra emisi\u00f3n | CREES","isPartOf":{"@id":"https:\/\/crees.org.do\/#website"},"datePublished":"2015-01-01T00:00:00+00:00","breadcrumb":{"@id":"https:\/\/crees.org.do\/?p=20424#breadcrumb"},"inLanguage":"es","potentialAction":[{"@type":"ReadAction","target":["https:\/\/crees.org.do\/?p=20424"]}]},{"@type":"BreadcrumbList","@id":"https:\/\/crees.org.do\/?p=20424#breadcrumb","itemListElement":[{"@type":"ListItem","position":1,"name":"Portada","item":"https:\/\/crees.org.do\/"},{"@type":"ListItem","position":2,"name":"Economistas: gobierno har\u00e1 otra emisi\u00f3n"}]},{"@type":"WebSite","@id":"https:\/\/crees.org.do\/#website","url":"https:\/\/crees.org.do\/","name":"CREES","description":"Centro Regional de Estrategias Econ\u00f3micas Sostenibles","publisher":{"@id":"https:\/\/crees.org.do\/#organization"},"potentialAction":[{"@type":"SearchAction","target":{"@type":"EntryPoint","urlTemplate":"https:\/\/crees.org.do\/?s={search_term_string}"},"query-input":{"@type":"PropertyValueSpecification","valueRequired":true,"valueName":"search_term_string"}}],"inLanguage":"es"},{"@type":"Organization","@id":"https:\/\/crees.org.do\/#organization","name":"CREES | Centro Regional de Estrategias Econ\u00f3micas Sostenibles","url":"https:\/\/crees.org.do\/","logo":{"@type":"ImageObject","inLanguage":"es","@id":"https:\/\/crees.org.do\/#\/schema\/logo\/image\/","url":"https:\/\/crees.org.do\/wp-content\/uploads\/2022\/03\/crees-logo-1.jpg","contentUrl":"https:\/\/crees.org.do\/wp-content\/uploads\/2022\/03\/crees-logo-1.jpg","width":244,"height":71,"caption":"CREES | Centro Regional de Estrategias Econ\u00f3micas Sostenibles"},"image":{"@id":"https:\/\/crees.org.do\/#\/schema\/logo\/image\/"},"sameAs":["https:\/\/www.facebook.com\/CREESRD\/","https:\/\/x.com\/CREESRD"]},{"@type":"Person","@id":"https:\/\/crees.org.do\/#\/schema\/person\/e7f97cd94d7bf9cd0e0ce30acb7d56b8","name":"Crees","image":{"@type":"ImageObject","inLanguage":"es","@id":"https:\/\/crees.org.do\/#\/schema\/person\/image\/","url":"https:\/\/secure.gravatar.com\/avatar\/390ac8f0be5d9aa046152553e2dd7011b59a512d89c150f5e5f28bb8d9a0b165?s=96&d=mm&r=g","contentUrl":"https:\/\/secure.gravatar.com\/avatar\/390ac8f0be5d9aa046152553e2dd7011b59a512d89c150f5e5f28bb8d9a0b165?s=96&d=mm&r=g","caption":"Crees"},"url":"https:\/\/crees.org.do\/?author=2"}]}},"_links":{"self":[{"href":"https:\/\/crees.org.do\/index.php?rest_route=\/wp\/v2\/posts\/20424","targetHints":{"allow":["GET"]}}],"collection":[{"href":"https:\/\/crees.org.do\/index.php?rest_route=\/wp\/v2\/posts"}],"about":[{"href":"https:\/\/crees.org.do\/index.php?rest_route=\/wp\/v2\/types\/post"}],"author":[{"embeddable":true,"href":"https:\/\/crees.org.do\/index.php?rest_route=\/wp\/v2\/users\/2"}],"replies":[{"embeddable":true,"href":"https:\/\/crees.org.do\/index.php?rest_route=%2Fwp%2Fv2%2Fcomments&post=20424"}],"version-history":[{"count":0,"href":"https:\/\/crees.org.do\/index.php?rest_route=\/wp\/v2\/posts\/20424\/revisions"}],"wp:attachment":[{"href":"https:\/\/crees.org.do\/index.php?rest_route=%2Fwp%2Fv2%2Fmedia&parent=20424"}],"wp:term":[{"taxonomy":"category","embeddable":true,"href":"https:\/\/crees.org.do\/index.php?rest_route=%2Fwp%2Fv2%2Fcategories&post=20424"},{"taxonomy":"post_tag","embeddable":true,"href":"https:\/\/crees.org.do\/index.php?rest_route=%2Fwp%2Fv2%2Ftags&post=20424"}],"curies":[{"name":"wp","href":"https:\/\/api.w.org\/{rel}","templated":true}]}}