{"id":20427,"date":"2015-01-01T00:00:00","date_gmt":"2015-01-01T00:00:00","guid":{"rendered":"https:\/\/crees.org.do\/deuda-del-gobierno-central-se-disparo-un-42-4-entre-anos-2011-y-2014\/"},"modified":"2015-01-01T00:00:00","modified_gmt":"2015-01-01T00:00:00","slug":"deuda-del-gobierno-central-se-disparo-un-42-4-entre-anos-2011-y-2014","status":"publish","type":"post","link":"https:\/\/crees.org.do\/?p=20427","title":{"rendered":"Deuda del Gobierno Central se dispar\u00f3 un 42.4% entre a\u00f1os 2011 y 2014"},"content":{"rendered":"<p style=\"text-align: justify;\"><span style=\"font-size:12px;\"><span style=\"font-family: verdana,geneva,sans-serif;\">Autor: <strong><span class=\"author\">Servicios de Acento.com.do<\/span><\/strong><\/span><\/span><\/p>\n<p style=\"text-align: justify;\"><span style=\"font-size:12px;\"><span style=\"font-family: verdana,geneva,sans-serif;\"><span class=\"author\">Fecha: 11\/10\/2015<\/span><\/span><\/span><\/p>\n<p style=\"text-align: justify;\"><span style=\"font-size:12px;\"><span style=\"font-family: verdana,geneva,sans-serif;\"><span class=\"author\">Extra\u00eddo: <a href=\"http:\/\/acento.com.do\/2015\/economia\/8290154-deuda-del-gobierno-central-se-disparo-un-42-4-entre-anos-2011-y-2014\/\">acento.com.do<\/a><\/span><\/span><\/span><\/p>\n<p style=\"text-align: justify;\">&nbsp;<\/p>\n<p style=\"text-align: justify;\"><span style=\"font-size:12px;\"><span style=\"font-family: verdana,geneva,sans-serif;\">SANTO DOMINGO, Rep\u00fablica Dominicana.- Entre los a\u00f1os 2011 y 2014, la deuda de Rep\u00fablica Dominicana se increment\u00f3 en un 42.4%, mientras que en el mismo per\u00edodo la del Brasil lo hizo en un proporci\u00f3n de apenas un 4%.<\/span><\/span><\/p>\n<p style=\"text-align: justify;\"><span style=\"font-size:12px;\"><span style=\"font-family: verdana,geneva,sans-serif;\">As\u00ed lo expone un reporte del Centro Regional de Estrategias Econ\u00f3micas Sostenibles (CREES) sobre el crecimiento de la deuda p\u00fablica de los gobiernos centrales de Brasil, Rep\u00fablica Dominicana y el promedio de Am\u00e9rica Latina, tomando como \u00edndice de base el a\u00f1o 1998.<\/span><\/span><\/p>\n<p style=\"text-align: justify;\"><span style=\"font-size:12px;\"><span style=\"font-family: verdana,geneva,sans-serif;\">Durante el per\u00edodo analizado, la deuda p\u00fablica de los pa\u00edses de Am\u00e9rica Latina se increment\u00f3 en m\u00e1s de tres veces su monto en 1998, al tiempo que se observa un &ldquo;r\u00e1pido crecimiento&rdquo; la deuda p\u00fablica de Rep\u00fablica Dominicana, en especial desde el 2008.<\/span><\/span><\/p>\n<p style=\"text-align: justify;\"><span style=\"font-size:12px;\"><span style=\"font-family: verdana,geneva,sans-serif;\">Se\u00f1ala el CREES que en el 2014 el monto de esta deuda era seis veces superior al monto que se registraba en el 1998. &ldquo;En contraste, la deuda de Brasil aument\u00f3 m\u00e1s de 3 veces su valor, lo cual muestra un crecimiento m\u00e1s acelerado&rdquo; para la Rep\u00fablica Dominicana.<\/span><\/span><\/p>\n<p style=\"text-align: center;\"><span style=\"font-size:12px;\"><span style=\"font-family: verdana,geneva,sans-serif;\"><a data-slb-active=\"1\" data-slb-group=\"8290154\" data-slb-internal=\"0\" href=\"http:\/\/acento-main-cdn.odsoluciones.netdna-cdn.com\/wp-content\/uploads\/Deuda-p%C3%BAblica-crecimiento-CREES.png\"><img fetchpriority=\"high\" decoding=\"async\" alt=\"Deuda p\u00fablica crecimiento CREES\" class=\"wp-image-8290159 aligncenter\" height=\"364\" src=\"http:\/\/acento-main-cdn.odsoluciones.netdna-cdn.com\/wp-content\/uploads\/Deuda-p%C3%BAblica-crecimiento-CREES.png\" width=\"518\" \/><\/a><\/span><\/span><\/p>\n<p style=\"text-align: justify;\"><span style=\"font-size:12px;\"><span style=\"font-family: verdana,geneva,sans-serif;\">En el informe se destaca &ldquo;la acelerada senda de crecimiento de la deuda dominicana en comparaci\u00f3n con Brasil, pa\u00eds que en la actualidad se encuentra atravesando una crisis fiscal&rdquo;.<\/span><\/span><\/p>\n<p style=\"text-align: justify;\"><span style=\"font-size:12px;\"><span style=\"font-family: verdana,geneva,sans-serif;\">En consecuencia, &ldquo;es necesario poner atenci\u00f3n al crecimiento de la deuda local que no es m\u00e1s que un reflejo de los continuos d\u00e9ficits fiscales que han venido presentando las finanzas del Estado&rdquo; dominicano, apunta el informe del CREES, entidad que dirige el economista Ernesto Selman.<\/span><\/span><\/p>\n<p style=\"text-align: justify;\"><span style=\"font-size:12px;\"><span style=\"font-family: verdana,geneva,sans-serif;\">Otro dato que resalta el CREES en un art\u00edculo anterior, revela que luego disminuir como proporci\u00f3n del Producto Interno Bruto (PIB) a partir del 2004, la deuda p\u00fablica de Rep\u00fablica Dominicana experimenta un r\u00e1pido crecimiento: pasando del 17.5% del PIB en 2007, al 35.0% en 2014, tendencia que equivale a un incremento de 17.5 puntos porcentuales.<\/span><\/span><\/p>\n<p style=\"text-align: justify;\"><span style=\"font-size:12px;\"><span style=\"font-family: verdana,geneva,sans-serif;\">Seg\u00fan datos publicados por el Ministerio de Hacienda, al finalizar el 2014 el saldo de la deuda del sector p\u00fablico no financiero (SPNF), tanto interna como externa, totalizaba los US$23,811.3 millones, monto superior en US$607.5 millones al registrado en el 2013.<\/span><\/span><\/p>\n<div class=\"pvc_clear\"><\/div>\n<p class=\"pvc_stats all \" data-element-id=\"20427\" style=\"\"><i class=\"pvc-stats-icon medium\" aria-hidden=\"true\"><svg aria-hidden=\"true\" focusable=\"false\" data-prefix=\"far\" data-icon=\"chart-bar\" role=\"img\" xmlns=\"http:\/\/www.w3.org\/2000\/svg\" viewBox=\"0 0 512 512\" class=\"svg-inline--fa fa-chart-bar fa-w-16 fa-2x\"><path fill=\"currentColor\" d=\"M396.8 352h22.4c6.4 0 12.8-6.4 12.8-12.8V108.8c0-6.4-6.4-12.8-12.8-12.8h-22.4c-6.4 0-12.8 6.4-12.8 12.8v230.4c0 6.4 6.4 12.8 12.8 12.8zm-192 0h22.4c6.4 0 12.8-6.4 12.8-12.8V140.8c0-6.4-6.4-12.8-12.8-12.8h-22.4c-6.4 0-12.8 6.4-12.8 12.8v198.4c0 6.4 6.4 12.8 12.8 12.8zm96 0h22.4c6.4 0 12.8-6.4 12.8-12.8V204.8c0-6.4-6.4-12.8-12.8-12.8h-22.4c-6.4 0-12.8 6.4-12.8 12.8v134.4c0 6.4 6.4 12.8 12.8 12.8zM496 400H48V80c0-8.84-7.16-16-16-16H16C7.16 64 0 71.16 0 80v336c0 17.67 14.33 32 32 32h464c8.84 0 16-7.16 16-16v-16c0-8.84-7.16-16-16-16zm-387.2-48h22.4c6.4 0 12.8-6.4 12.8-12.8v-70.4c0-6.4-6.4-12.8-12.8-12.8h-22.4c-6.4 0-12.8 6.4-12.8 12.8v70.4c0 6.4 6.4 12.8 12.8 12.8z\" class=\"\"><\/path><\/svg><\/i> Vistas Totales&nbsp;272&nbsp;, Vistas Hoy&nbsp;2&nbsp;<\/p>\n<div class=\"pvc_clear\"><\/div>\n","protected":false},"excerpt":{"rendered":"<p>Autor: Servicios de Acento.com.doFecha: 11\/10\/2015Extra\u00eddo: acento.com.doSANTO DOMINGO, Rep\u00fablica Dominicana.- Entre los a\u00f1os 2011 y 2014, la deuda de Rep\u00fablica Dominicana se increment\u00f3 en un 42.4%, mientras que en el mismo per\u00edodo la del Brasil lo hizo en un proporci\u00f3n de apenas un 4%.<\/p>\n<div class=\"pvc_clear\"><\/div>\n<p class=\"pvc_stats all \" data-element-id=\"20427\" style=\"\"><i class=\"pvc-stats-icon medium\" aria-hidden=\"true\"><svg aria-hidden=\"true\" focusable=\"false\" data-prefix=\"far\" data-icon=\"chart-bar\" role=\"img\" xmlns=\"http:\/\/www.w3.org\/2000\/svg\" viewBox=\"0 0 512 512\" class=\"svg-inline--fa fa-chart-bar fa-w-16 fa-2x\"><path fill=\"currentColor\" d=\"M396.8 352h22.4c6.4 0 12.8-6.4 12.8-12.8V108.8c0-6.4-6.4-12.8-12.8-12.8h-22.4c-6.4 0-12.8 6.4-12.8 12.8v230.4c0 6.4 6.4 12.8 12.8 12.8zm-192 0h22.4c6.4 0 12.8-6.4 12.8-12.8V140.8c0-6.4-6.4-12.8-12.8-12.8h-22.4c-6.4 0-12.8 6.4-12.8 12.8v198.4c0 6.4 6.4 12.8 12.8 12.8zm96 0h22.4c6.4 0 12.8-6.4 12.8-12.8V204.8c0-6.4-6.4-12.8-12.8-12.8h-22.4c-6.4 0-12.8 6.4-12.8 12.8v134.4c0 6.4 6.4 12.8 12.8 12.8zM496 400H48V80c0-8.84-7.16-16-16-16H16C7.16 64 0 71.16 0 80v336c0 17.67 14.33 32 32 32h464c8.84 0 16-7.16 16-16v-16c0-8.84-7.16-16-16-16zm-387.2-48h22.4c6.4 0 12.8-6.4 12.8-12.8v-70.4c0-6.4-6.4-12.8-12.8-12.8h-22.4c-6.4 0-12.8 6.4-12.8 12.8v70.4c0 6.4 6.4 12.8 12.8 12.8z\" class=\"\"><\/path><\/svg><\/i> Vistas Totales&nbsp;272&nbsp;, Vistas Hoy&nbsp;2&nbsp;<\/p>\n<div class=\"pvc_clear\"><\/div>\n","protected":false},"author":2,"featured_media":0,"comment_status":"open","ping_status":"open","sticky":false,"template":"","format":"standard","meta":{"footnotes":""},"categories":[21],"tags":[],"class_list":["post-20427","post","type-post","status-publish","format-standard","hentry","category-blog"],"yoast_head":"<!-- This site is optimized with the Yoast SEO plugin v25.2 - https:\/\/yoast.com\/wordpress\/plugins\/seo\/ -->\n<title>Deuda del Gobierno Central se dispar\u00f3 un 42.4% entre a\u00f1os 2011 y 2014 | CREES<\/title>\n<meta name=\"robots\" content=\"index, follow, max-snippet:-1, max-image-preview:large, max-video-preview:-1\" \/>\n<link rel=\"canonical\" href=\"https:\/\/crees.org.do\/?p=20427\" \/>\n<meta property=\"og:locale\" content=\"es_ES\" \/>\n<meta property=\"og:type\" content=\"article\" \/>\n<meta property=\"og:title\" content=\"Deuda del Gobierno Central se dispar\u00f3 un 42.4% entre a\u00f1os 2011 y 2014 | CREES\" \/>\n<meta property=\"og:description\" content=\"Autor: Servicios de Acento.com.doFecha: 11\/10\/2015Extra\u00eddo: acento.com.doSANTO DOMINGO, Rep\u00fablica Dominicana.- Entre los a\u00f1os 2011 y 2014, la deuda de Rep\u00fablica Dominicana se increment\u00f3 en un 42.4%, mientras que en el mismo per\u00edodo la del Brasil lo hizo en un proporci\u00f3n de apenas un 4%.\" \/>\n<meta property=\"og:url\" content=\"https:\/\/crees.org.do\/?p=20427\" \/>\n<meta property=\"og:site_name\" content=\"CREES\" \/>\n<meta property=\"article:publisher\" content=\"https:\/\/www.facebook.com\/CREESRD\/\" \/>\n<meta property=\"article:published_time\" content=\"2015-01-01T00:00:00+00:00\" \/>\n<meta property=\"og:image\" content=\"http:\/\/acento-main-cdn.odsoluciones.netdna-cdn.com\/wp-content\/uploads\/Deuda-p%C3%BAblica-crecimiento-CREES.png\" \/>\n<meta name=\"author\" content=\"Crees\" \/>\n<meta name=\"twitter:card\" content=\"summary_large_image\" \/>\n<meta name=\"twitter:creator\" content=\"@CREESRD\" \/>\n<meta name=\"twitter:site\" content=\"@CREESRD\" \/>\n<meta name=\"twitter:label1\" content=\"Escrito por\" \/>\n\t<meta name=\"twitter:data1\" content=\"Crees\" \/>\n\t<meta name=\"twitter:label2\" content=\"Tiempo de lectura\" \/>\n\t<meta name=\"twitter:data2\" content=\"2 minutos\" \/>\n<script type=\"application\/ld+json\" class=\"yoast-schema-graph\">{\"@context\":\"https:\/\/schema.org\",\"@graph\":[{\"@type\":\"Article\",\"@id\":\"https:\/\/crees.org.do\/?p=20427#article\",\"isPartOf\":{\"@id\":\"https:\/\/crees.org.do\/?p=20427\"},\"author\":{\"name\":\"Crees\",\"@id\":\"https:\/\/crees.org.do\/#\/schema\/person\/e7f97cd94d7bf9cd0e0ce30acb7d56b8\"},\"headline\":\"Deuda del Gobierno Central se dispar\u00f3 un 42.4% entre a\u00f1os 2011 y 2014\",\"datePublished\":\"2015-01-01T00:00:00+00:00\",\"mainEntityOfPage\":{\"@id\":\"https:\/\/crees.org.do\/?p=20427\"},\"wordCount\":391,\"commentCount\":0,\"publisher\":{\"@id\":\"https:\/\/crees.org.do\/#organization\"},\"image\":{\"@id\":\"https:\/\/crees.org.do\/?p=20427#primaryimage\"},\"thumbnailUrl\":\"http:\/\/acento-main-cdn.odsoluciones.netdna-cdn.com\/wp-content\/uploads\/Deuda-p%C3%BAblica-crecimiento-CREES.png\",\"articleSection\":[\"Blog\"],\"inLanguage\":\"es\"},{\"@type\":\"WebPage\",\"@id\":\"https:\/\/crees.org.do\/?p=20427\",\"url\":\"https:\/\/crees.org.do\/?p=20427\",\"name\":\"Deuda del Gobierno Central se dispar\u00f3 un 42.4% entre a\u00f1os 2011 y 2014 | CREES\",\"isPartOf\":{\"@id\":\"https:\/\/crees.org.do\/#website\"},\"primaryImageOfPage\":{\"@id\":\"https:\/\/crees.org.do\/?p=20427#primaryimage\"},\"image\":{\"@id\":\"https:\/\/crees.org.do\/?p=20427#primaryimage\"},\"thumbnailUrl\":\"http:\/\/acento-main-cdn.odsoluciones.netdna-cdn.com\/wp-content\/uploads\/Deuda-p%C3%BAblica-crecimiento-CREES.png\",\"datePublished\":\"2015-01-01T00:00:00+00:00\",\"breadcrumb\":{\"@id\":\"https:\/\/crees.org.do\/?p=20427#breadcrumb\"},\"inLanguage\":\"es\",\"potentialAction\":[{\"@type\":\"ReadAction\",\"target\":[\"https:\/\/crees.org.do\/?p=20427\"]}]},{\"@type\":\"ImageObject\",\"inLanguage\":\"es\",\"@id\":\"https:\/\/crees.org.do\/?p=20427#primaryimage\",\"url\":\"http:\/\/acento-main-cdn.odsoluciones.netdna-cdn.com\/wp-content\/uploads\/Deuda-p%C3%BAblica-crecimiento-CREES.png\",\"contentUrl\":\"http:\/\/acento-main-cdn.odsoluciones.netdna-cdn.com\/wp-content\/uploads\/Deuda-p%C3%BAblica-crecimiento-CREES.png\"},{\"@type\":\"BreadcrumbList\",\"@id\":\"https:\/\/crees.org.do\/?p=20427#breadcrumb\",\"itemListElement\":[{\"@type\":\"ListItem\",\"position\":1,\"name\":\"Portada\",\"item\":\"https:\/\/crees.org.do\/\"},{\"@type\":\"ListItem\",\"position\":2,\"name\":\"Deuda del Gobierno Central se dispar\u00f3 un 42.4% entre a\u00f1os 2011 y 2014\"}]},{\"@type\":\"WebSite\",\"@id\":\"https:\/\/crees.org.do\/#website\",\"url\":\"https:\/\/crees.org.do\/\",\"name\":\"CREES\",\"description\":\"Centro Regional de Estrategias Econ\u00f3micas Sostenibles\",\"publisher\":{\"@id\":\"https:\/\/crees.org.do\/#organization\"},\"potentialAction\":[{\"@type\":\"SearchAction\",\"target\":{\"@type\":\"EntryPoint\",\"urlTemplate\":\"https:\/\/crees.org.do\/?s={search_term_string}\"},\"query-input\":{\"@type\":\"PropertyValueSpecification\",\"valueRequired\":true,\"valueName\":\"search_term_string\"}}],\"inLanguage\":\"es\"},{\"@type\":\"Organization\",\"@id\":\"https:\/\/crees.org.do\/#organization\",\"name\":\"CREES | Centro Regional de Estrategias Econ\u00f3micas Sostenibles\",\"url\":\"https:\/\/crees.org.do\/\",\"logo\":{\"@type\":\"ImageObject\",\"inLanguage\":\"es\",\"@id\":\"https:\/\/crees.org.do\/#\/schema\/logo\/image\/\",\"url\":\"https:\/\/crees.org.do\/wp-content\/uploads\/2022\/03\/crees-logo-1.jpg\",\"contentUrl\":\"https:\/\/crees.org.do\/wp-content\/uploads\/2022\/03\/crees-logo-1.jpg\",\"width\":244,\"height\":71,\"caption\":\"CREES | Centro Regional de Estrategias Econ\u00f3micas Sostenibles\"},\"image\":{\"@id\":\"https:\/\/crees.org.do\/#\/schema\/logo\/image\/\"},\"sameAs\":[\"https:\/\/www.facebook.com\/CREESRD\/\",\"https:\/\/x.com\/CREESRD\"]},{\"@type\":\"Person\",\"@id\":\"https:\/\/crees.org.do\/#\/schema\/person\/e7f97cd94d7bf9cd0e0ce30acb7d56b8\",\"name\":\"Crees\",\"image\":{\"@type\":\"ImageObject\",\"inLanguage\":\"es\",\"@id\":\"https:\/\/crees.org.do\/#\/schema\/person\/image\/\",\"url\":\"https:\/\/secure.gravatar.com\/avatar\/390ac8f0be5d9aa046152553e2dd7011b59a512d89c150f5e5f28bb8d9a0b165?s=96&d=mm&r=g\",\"contentUrl\":\"https:\/\/secure.gravatar.com\/avatar\/390ac8f0be5d9aa046152553e2dd7011b59a512d89c150f5e5f28bb8d9a0b165?s=96&d=mm&r=g\",\"caption\":\"Crees\"},\"url\":\"https:\/\/crees.org.do\/?author=2\"}]}<\/script>\n<!-- \/ Yoast SEO plugin. -->","yoast_head_json":{"title":"Deuda del Gobierno Central se dispar\u00f3 un 42.4% entre a\u00f1os 2011 y 2014 | CREES","robots":{"index":"index","follow":"follow","max-snippet":"max-snippet:-1","max-image-preview":"max-image-preview:large","max-video-preview":"max-video-preview:-1"},"canonical":"https:\/\/crees.org.do\/?p=20427","og_locale":"es_ES","og_type":"article","og_title":"Deuda del Gobierno Central se dispar\u00f3 un 42.4% entre a\u00f1os 2011 y 2014 | CREES","og_description":"Autor: Servicios de Acento.com.doFecha: 11\/10\/2015Extra\u00eddo: acento.com.doSANTO DOMINGO, Rep\u00fablica Dominicana.- Entre los a\u00f1os 2011 y 2014, la deuda de Rep\u00fablica Dominicana se increment\u00f3 en un 42.4%, mientras que en el mismo per\u00edodo la del Brasil lo hizo en un proporci\u00f3n de apenas un 4%.","og_url":"https:\/\/crees.org.do\/?p=20427","og_site_name":"CREES","article_publisher":"https:\/\/www.facebook.com\/CREESRD\/","article_published_time":"2015-01-01T00:00:00+00:00","og_image":[{"url":"http:\/\/acento-main-cdn.odsoluciones.netdna-cdn.com\/wp-content\/uploads\/Deuda-p%C3%BAblica-crecimiento-CREES.png","type":"","width":"","height":""}],"author":"Crees","twitter_card":"summary_large_image","twitter_creator":"@CREESRD","twitter_site":"@CREESRD","twitter_misc":{"Escrito por":"Crees","Tiempo de lectura":"2 minutos"},"schema":{"@context":"https:\/\/schema.org","@graph":[{"@type":"Article","@id":"https:\/\/crees.org.do\/?p=20427#article","isPartOf":{"@id":"https:\/\/crees.org.do\/?p=20427"},"author":{"name":"Crees","@id":"https:\/\/crees.org.do\/#\/schema\/person\/e7f97cd94d7bf9cd0e0ce30acb7d56b8"},"headline":"Deuda del Gobierno Central se dispar\u00f3 un 42.4% entre a\u00f1os 2011 y 2014","datePublished":"2015-01-01T00:00:00+00:00","mainEntityOfPage":{"@id":"https:\/\/crees.org.do\/?p=20427"},"wordCount":391,"commentCount":0,"publisher":{"@id":"https:\/\/crees.org.do\/#organization"},"image":{"@id":"https:\/\/crees.org.do\/?p=20427#primaryimage"},"thumbnailUrl":"http:\/\/acento-main-cdn.odsoluciones.netdna-cdn.com\/wp-content\/uploads\/Deuda-p%C3%BAblica-crecimiento-CREES.png","articleSection":["Blog"],"inLanguage":"es"},{"@type":"WebPage","@id":"https:\/\/crees.org.do\/?p=20427","url":"https:\/\/crees.org.do\/?p=20427","name":"Deuda del Gobierno Central se dispar\u00f3 un 42.4% entre a\u00f1os 2011 y 2014 | CREES","isPartOf":{"@id":"https:\/\/crees.org.do\/#website"},"primaryImageOfPage":{"@id":"https:\/\/crees.org.do\/?p=20427#primaryimage"},"image":{"@id":"https:\/\/crees.org.do\/?p=20427#primaryimage"},"thumbnailUrl":"http:\/\/acento-main-cdn.odsoluciones.netdna-cdn.com\/wp-content\/uploads\/Deuda-p%C3%BAblica-crecimiento-CREES.png","datePublished":"2015-01-01T00:00:00+00:00","breadcrumb":{"@id":"https:\/\/crees.org.do\/?p=20427#breadcrumb"},"inLanguage":"es","potentialAction":[{"@type":"ReadAction","target":["https:\/\/crees.org.do\/?p=20427"]}]},{"@type":"ImageObject","inLanguage":"es","@id":"https:\/\/crees.org.do\/?p=20427#primaryimage","url":"http:\/\/acento-main-cdn.odsoluciones.netdna-cdn.com\/wp-content\/uploads\/Deuda-p%C3%BAblica-crecimiento-CREES.png","contentUrl":"http:\/\/acento-main-cdn.odsoluciones.netdna-cdn.com\/wp-content\/uploads\/Deuda-p%C3%BAblica-crecimiento-CREES.png"},{"@type":"BreadcrumbList","@id":"https:\/\/crees.org.do\/?p=20427#breadcrumb","itemListElement":[{"@type":"ListItem","position":1,"name":"Portada","item":"https:\/\/crees.org.do\/"},{"@type":"ListItem","position":2,"name":"Deuda del Gobierno Central se dispar\u00f3 un 42.4% entre a\u00f1os 2011 y 2014"}]},{"@type":"WebSite","@id":"https:\/\/crees.org.do\/#website","url":"https:\/\/crees.org.do\/","name":"CREES","description":"Centro Regional de Estrategias Econ\u00f3micas Sostenibles","publisher":{"@id":"https:\/\/crees.org.do\/#organization"},"potentialAction":[{"@type":"SearchAction","target":{"@type":"EntryPoint","urlTemplate":"https:\/\/crees.org.do\/?s={search_term_string}"},"query-input":{"@type":"PropertyValueSpecification","valueRequired":true,"valueName":"search_term_string"}}],"inLanguage":"es"},{"@type":"Organization","@id":"https:\/\/crees.org.do\/#organization","name":"CREES | Centro Regional de Estrategias Econ\u00f3micas Sostenibles","url":"https:\/\/crees.org.do\/","logo":{"@type":"ImageObject","inLanguage":"es","@id":"https:\/\/crees.org.do\/#\/schema\/logo\/image\/","url":"https:\/\/crees.org.do\/wp-content\/uploads\/2022\/03\/crees-logo-1.jpg","contentUrl":"https:\/\/crees.org.do\/wp-content\/uploads\/2022\/03\/crees-logo-1.jpg","width":244,"height":71,"caption":"CREES | Centro Regional de Estrategias Econ\u00f3micas Sostenibles"},"image":{"@id":"https:\/\/crees.org.do\/#\/schema\/logo\/image\/"},"sameAs":["https:\/\/www.facebook.com\/CREESRD\/","https:\/\/x.com\/CREESRD"]},{"@type":"Person","@id":"https:\/\/crees.org.do\/#\/schema\/person\/e7f97cd94d7bf9cd0e0ce30acb7d56b8","name":"Crees","image":{"@type":"ImageObject","inLanguage":"es","@id":"https:\/\/crees.org.do\/#\/schema\/person\/image\/","url":"https:\/\/secure.gravatar.com\/avatar\/390ac8f0be5d9aa046152553e2dd7011b59a512d89c150f5e5f28bb8d9a0b165?s=96&d=mm&r=g","contentUrl":"https:\/\/secure.gravatar.com\/avatar\/390ac8f0be5d9aa046152553e2dd7011b59a512d89c150f5e5f28bb8d9a0b165?s=96&d=mm&r=g","caption":"Crees"},"url":"https:\/\/crees.org.do\/?author=2"}]}},"_links":{"self":[{"href":"https:\/\/crees.org.do\/index.php?rest_route=\/wp\/v2\/posts\/20427","targetHints":{"allow":["GET"]}}],"collection":[{"href":"https:\/\/crees.org.do\/index.php?rest_route=\/wp\/v2\/posts"}],"about":[{"href":"https:\/\/crees.org.do\/index.php?rest_route=\/wp\/v2\/types\/post"}],"author":[{"embeddable":true,"href":"https:\/\/crees.org.do\/index.php?rest_route=\/wp\/v2\/users\/2"}],"replies":[{"embeddable":true,"href":"https:\/\/crees.org.do\/index.php?rest_route=%2Fwp%2Fv2%2Fcomments&post=20427"}],"version-history":[{"count":0,"href":"https:\/\/crees.org.do\/index.php?rest_route=\/wp\/v2\/posts\/20427\/revisions"}],"wp:attachment":[{"href":"https:\/\/crees.org.do\/index.php?rest_route=%2Fwp%2Fv2%2Fmedia&parent=20427"}],"wp:term":[{"taxonomy":"category","embeddable":true,"href":"https:\/\/crees.org.do\/index.php?rest_route=%2Fwp%2Fv2%2Fcategories&post=20427"},{"taxonomy":"post_tag","embeddable":true,"href":"https:\/\/crees.org.do\/index.php?rest_route=%2Fwp%2Fv2%2Ftags&post=20427"}],"curies":[{"name":"wp","href":"https:\/\/api.w.org\/{rel}","templated":true}]}}