{"id":20431,"date":"2015-01-01T00:00:00","date_gmt":"2015-01-01T00:00:00","guid":{"rendered":"https:\/\/crees.org.do\/la-duracion-de-la-crisis-mundial\/"},"modified":"2015-01-01T00:00:00","modified_gmt":"2015-01-01T00:00:00","slug":"la-duracion-de-la-crisis-mundial","status":"publish","type":"post","link":"https:\/\/crees.org.do\/?p=20431","title":{"rendered":"La duraci\u00f3n de la crisis mundial"},"content":{"rendered":"<p style=\"font-family: Arial, Helvetica, sans-serif; color: rgb(51, 51, 51); line-height: 20px; margin-top: 10px; margin-bottom: 10px; text-align: justify;\"><strong><span style=\"font-size:12px;\"><span style=\"font-family:verdana,geneva,sans-serif;\">Autor: Eduardo Garc\u00eda Michel<\/span><\/span><\/strong><\/p>\n<p style=\"font-family: Arial, Helvetica, sans-serif; color: rgb(51, 51, 51); line-height: 20px; margin-top: 10px; margin-bottom: 10px; text-align: justify;\"><span style=\"font-size:12px;\"><span style=\"font-family:verdana,geneva,sans-serif;\">Fecha: 27\/10\/2015<\/span><\/span><\/p>\n<p style=\"font-family: Arial, Helvetica, sans-serif; color: rgb(51, 51, 51); line-height: 20px; margin-top: 10px; margin-bottom: 10px; text-align: justify;\"><span style=\"font-size:12px;\"><span style=\"font-family:verdana,geneva,sans-serif;\">Extra\u00eddo de <a href=\"http:\/\/www.diariolibre.com\/opinion\/en-directo\/la-duracion-de-la-crisis-mundial-FL1683744\">diariolibre.com<\/a><\/span><\/span><\/p>\n<p style=\"font-family: Arial, Helvetica, sans-serif; color: rgb(51, 51, 51); line-height: 20px; margin-top: 10px; margin-bottom: 10px; text-align: justify;\">&nbsp;<\/p>\n<p style=\"font-family: Arial, Helvetica, sans-serif; color: rgb(51, 51, 51); line-height: 20px; margin-top: 10px; margin-bottom: 10px; text-align: justify;\">&nbsp;<\/p>\n<p style=\"font-family: Arial, Helvetica, sans-serif; color: rgb(51, 51, 51); line-height: 20px; margin-top: 10px; margin-bottom: 10px; text-align: justify;\"><span style=\"font-size:12px;\"><span style=\"font-family:verdana,geneva,sans-serif;\">En un interesante y reciente art\u00edculo, el economista Mois\u00e9s Na\u00edm identifica cuatro razones principales que explican la larga duraci\u00f3n de la crisis mundial actual.<\/span><\/span><\/p>\n<p style=\"font-family: Arial, Helvetica, sans-serif; color: rgb(51, 51, 51); line-height: 20px; margin-top: 10px; margin-bottom: 10px; text-align: justify;\"><span style=\"font-size:12px;\"><span style=\"font-family:verdana,geneva,sans-serif;\">En primer lugar, la finalizaci\u00f3n del ciclo alcista de los commodities. De acuerdo a sus informaciones, durante todo el siglo XX el precio promedio de estos bienes cay\u00f3 en 0.5% cada a\u00f1o, mientras que entre 2000 y 2010 se duplic\u00f3, para retroceder en estos \u00faltimos a\u00f1os.<\/span><\/span><\/p>\n<p style=\"font-family: Arial, Helvetica, sans-serif; color: rgb(51, 51, 51); line-height: 20px; margin-top: 10px; margin-bottom: 10px; text-align: justify;\"><span style=\"font-size:12px;\"><span style=\"font-family:verdana,geneva,sans-serif;\">Segundo, la desaceleraci\u00f3n de la econom\u00eda de China, que consume cerca del 40% de los commodities. El boom de los commodities en los primeros 10 a\u00f1os de este siglo coincidi\u00f3 con la expansi\u00f3n y mayor demanda de la econom\u00eda China. La ca\u00edda reciente se relaciona con la desaceleraci\u00f3n de la econom\u00eda de ese pa\u00eds.<\/span><\/span><\/p>\n<p style=\"font-family: Arial, Helvetica, sans-serif; color: rgb(51, 51, 51); line-height: 20px; margin-top: 10px; margin-bottom: 10px; text-align: justify;\"><span style=\"font-size:12px;\"><span style=\"font-family:verdana,geneva,sans-serif;\">Tercero, el fin del superciclo de la deuda, idea que atribuye a Roggoff, basado en el razonamiento de que despu\u00e9s de que empresas, gobiernos y personas se han endeudado por encima de l\u00edmites impensables, no parece que quede otra opci\u00f3n que no fuera bajar la deuda y comprimir consecuentemente el consumo y la inversi\u00f3n.<\/span><\/span><\/p>\n<p style=\"font-family: Arial, Helvetica, sans-serif; color: rgb(51, 51, 51); line-height: 20px; margin-top: 10px; margin-bottom: 10px; text-align: justify;\"><span style=\"font-size:12px;\"><span style=\"font-family:verdana,geneva,sans-serif;\">Cuarto, la posibilidad de que se haya entrado en un periodo de estancamiento secular, criterio que pertenece a Larry Summers. Ocurre cuando hay m\u00e1s ahorro que inversi\u00f3n.<\/span><\/span><\/p>\n<p style=\"font-family: Arial, Helvetica, sans-serif; color: rgb(51, 51, 51); line-height: 20px; margin-top: 10px; margin-bottom: 10px; text-align: justify;\"><span style=\"font-size:12px;\"><span style=\"font-family:verdana,geneva,sans-serif;\">Mois\u00e9s Na\u00edm afirma que &ldquo;ahora los gobiernos pagar\u00e1n m\u00e1s caro y m\u00e1s r\u00e1pidamente sus errores en materia econ\u00f3mica. La improvisaci\u00f3n, el populismo y la b\u00fasqueda de atajos ilusorios prolongar\u00e1n la crisis&rdquo;.<\/span><\/span><\/p>\n<p style=\"font-family: Arial, Helvetica, sans-serif; color: rgb(51, 51, 51); line-height: 20px; margin-top: 10px; margin-bottom: 10px; text-align: justify;\"><span style=\"font-size:12px;\"><span style=\"font-family:verdana,geneva,sans-serif;\">Tiene raz\u00f3n, pero hay que hacer la salvedad de que no son los gobiernos quienes pagan los platos rotos. Son los pueblos los que ya han estado pagando las facturas en t\u00e9rminos de desempleo, p\u00e9rdida de ingresos y empobrecimiento, aunque los gobiernos sentir\u00e1n las restricciones que se avecinan.<\/span><\/span><\/p>\n<p style=\"font-family: Arial, Helvetica, sans-serif; color: rgb(51, 51, 51); line-height: 20px; margin-top: 10px; margin-bottom: 10px; text-align: justify;\"><span style=\"font-size:12px;\"><span style=\"font-family:verdana,geneva,sans-serif;\">Inexplicablemente, Na\u00edm no considera factores como la expansi\u00f3n monetaria sin precedentes que ha sufrido el mundo, ni la espiral alcista que ha tenido lugar en el valor de los activos financieros, sin parang\u00f3n o comparaci\u00f3n con el crecimiento de los activos reales.<\/span><\/span><\/p>\n<p style=\"font-family: Arial, Helvetica, sans-serif; color: rgb(51, 51, 51); line-height: 20px; margin-top: 10px; margin-bottom: 10px; text-align: justify;\"><span style=\"font-size:12px;\"><span style=\"font-family:verdana,geneva,sans-serif;\">El mundo ha atravesado por un fuerte proceso caracterizado por burbujas financieras, inmobiliarias y de los commodities.<\/span><\/span><\/p>\n<p style=\"font-family: Arial, Helvetica, sans-serif; color: rgb(51, 51, 51); line-height: 20px; margin-top: 10px; margin-bottom: 10px; text-align: justify;\"><span style=\"font-size:12px;\"><span style=\"font-family:verdana,geneva,sans-serif;\">Y no puede soslayarse que en la base de todo se encuentra una expansi\u00f3n muy fuerte de las principales monedas de reserva, cuyo punto de ruptura fue la desalineaci\u00f3n de las paridades monetarias luego del cese del patr\u00f3n d\u00f3lar-oro. A partir de ah\u00ed, se ha motorizado la expansi\u00f3n monetaria, desplomado las tasas de inter\u00e9s y estimulado el endeudamiento no solo para invertir sino tambi\u00e9n para consumir y especular. Y esto ha introducido grados de incertidumbre severos, por un periodo ya demasiado largo.<\/span><\/span><\/p>\n<p style=\"font-family: Arial, Helvetica, sans-serif; color: rgb(51, 51, 51); line-height: 20px; margin-top: 10px; margin-bottom: 10px; text-align: justify;\"><span style=\"font-size:12px;\"><span style=\"font-family:verdana,geneva,sans-serif;\">En consecuencia, el &ldquo;estancamiento secular&rdquo; a que se refiere Summers, puede muy bien sustentarse en el aumento del temor y la incertidumbre, que apunta a la necesidad de que el inflamiento de la deuda mundial y de la expansi\u00f3n monetaria recobre su perfil de normalidad. Por eso, asombra que no se mencione la necesidad de una reforma monetaria mundial en que se restablezca alg\u00fan grado de disciplina en el ordenamiento econ\u00f3mico.<\/span><\/span><\/p>\n<p style=\"font-family: Arial, Helvetica, sans-serif; color: rgb(51, 51, 51); line-height: 20px; margin-top: 10px; margin-bottom: 10px; text-align: justify;\"><span style=\"font-size:12px;\"><span style=\"font-family:verdana,geneva,sans-serif;\">El mundo est\u00e1 abocado a un proceso doloroso de consolidaci\u00f3n fiscal. Los gobiernos tendr\u00e1n que cubrirse con su propia s\u00e1bana hasta donde alcance el largo de la tela.<\/span><\/span><\/p>\n<p style=\"font-family: Arial, Helvetica, sans-serif; color: rgb(51, 51, 51); line-height: 20px; margin-top: 10px; margin-bottom: 10px; text-align: justify;\"><span style=\"font-size:12px;\"><span style=\"font-family:verdana,geneva,sans-serif;\">En la Uni\u00f3n Europea aprobaron hace alg\u00fan tiempo como norma comunitaria el objetivo de d\u00e9ficit fiscal cero, que es un reconocimiento de que el desajuste fiscal por si mismo induce desequilibrios generalizados que luego son dif\u00edciles de corregir.<\/span><\/span><\/p>\n<p style=\"font-family: Arial, Helvetica, sans-serif; color: rgb(51, 51, 51); line-height: 20px; margin-top: 10px; margin-bottom: 10px; text-align: justify;\"><span style=\"font-size:12px;\"><span style=\"font-family:verdana,geneva,sans-serif;\">De igual manera, los bancos centrales tendr\u00e1n que ir recogiendo el exceso de monedas que pulula por doquier, todo lo cual podr\u00eda llegar a tener un efecto de desinflamiento del valor de los activos, sobre todo los no reales.<\/span><\/span><\/p>\n<p style=\"font-family: Arial, Helvetica, sans-serif; color: rgb(51, 51, 51); line-height: 20px; margin-top: 10px; margin-bottom: 10px; text-align: justify;\"><span style=\"font-size:12px;\"><span style=\"font-family:verdana,geneva,sans-serif;\">En ese contexto, resulta muy extra\u00f1o que todo un Premio Nobel de Econom\u00eda, como Paul Krugman, insista tanto en promover el desajuste adicional de la econom\u00eda mundial, seg\u00fan \u00e9l para estimular la demanda, cuando la situaci\u00f3n que se vive es producto de una demanda sobre excitada con desajustes fiscales, drogas monetarias y endeudamiento.<\/span><\/span><\/p>\n<p style=\"font-family: Arial, Helvetica, sans-serif; color: rgb(51, 51, 51); line-height: 20px; margin-top: 10px; margin-bottom: 10px; text-align: justify;\"><span style=\"font-size:12px;\"><span style=\"font-family:verdana,geneva,sans-serif;\">La borrachera no se cura con una nueva borrachera. La incertidumbre, a causa de los desajustes, condiciona las decisiones individuales, esteriliza y descarrila cualquier intento expansivo.<\/span><\/span><\/p>\n<p style=\"font-family: Arial, Helvetica, sans-serif; color: rgb(51, 51, 51); line-height: 20px; margin-top: 10px; margin-bottom: 10px; text-align: justify;\"><span style=\"font-size:12px;\"><span style=\"font-family:verdana,geneva,sans-serif;\">No se discute que las pol\u00edticas de est\u00edmulo de la demanda adoptadas en el ciclo depresivo, funcionan. El detalle trascendente es que lo han hecho, por ejemplo en la gran depresi\u00f3n, a trav\u00e9s de una econom\u00eda orientada al esfuerzo de guerra, desprovista en esas circunstancias del germen especulativo y de los desajustes inmensos en el mercado de deuda y monetario que existen hoy.<\/span><\/span><\/p>\n<p style=\"font-family: Arial, Helvetica, sans-serif; color: rgb(51, 51, 51); line-height: 20px; margin-top: 10px; margin-bottom: 10px; text-align: justify;\"><span style=\"font-size:12px;\"><span style=\"font-family:verdana,geneva,sans-serif;\">Ahora, m\u00e1s que depresi\u00f3n, lo que hay es un inmenso desconcierto o desorden que inhibe el crecimiento mundial. Y no se resuelve con m\u00e1s endeudamiento y monedas, sino poniendo orden en las finanzas p\u00fablicas y privadas y en la emisi\u00f3n monetaria mundial.<\/span><\/span><\/p>\n<div class=\"pvc_clear\"><\/div>\n<p class=\"pvc_stats all \" data-element-id=\"20431\" style=\"\"><i class=\"pvc-stats-icon medium\" aria-hidden=\"true\"><svg aria-hidden=\"true\" focusable=\"false\" data-prefix=\"far\" data-icon=\"chart-bar\" role=\"img\" xmlns=\"http:\/\/www.w3.org\/2000\/svg\" viewBox=\"0 0 512 512\" class=\"svg-inline--fa fa-chart-bar fa-w-16 fa-2x\"><path fill=\"currentColor\" d=\"M396.8 352h22.4c6.4 0 12.8-6.4 12.8-12.8V108.8c0-6.4-6.4-12.8-12.8-12.8h-22.4c-6.4 0-12.8 6.4-12.8 12.8v230.4c0 6.4 6.4 12.8 12.8 12.8zm-192 0h22.4c6.4 0 12.8-6.4 12.8-12.8V140.8c0-6.4-6.4-12.8-12.8-12.8h-22.4c-6.4 0-12.8 6.4-12.8 12.8v198.4c0 6.4 6.4 12.8 12.8 12.8zm96 0h22.4c6.4 0 12.8-6.4 12.8-12.8V204.8c0-6.4-6.4-12.8-12.8-12.8h-22.4c-6.4 0-12.8 6.4-12.8 12.8v134.4c0 6.4 6.4 12.8 12.8 12.8zM496 400H48V80c0-8.84-7.16-16-16-16H16C7.16 64 0 71.16 0 80v336c0 17.67 14.33 32 32 32h464c8.84 0 16-7.16 16-16v-16c0-8.84-7.16-16-16-16zm-387.2-48h22.4c6.4 0 12.8-6.4 12.8-12.8v-70.4c0-6.4-6.4-12.8-12.8-12.8h-22.4c-6.4 0-12.8 6.4-12.8 12.8v70.4c0 6.4 6.4 12.8 12.8 12.8z\" class=\"\"><\/path><\/svg><\/i> Vistas Totales&nbsp;287&nbsp;, Vistas Hoy&nbsp;2&nbsp;<\/p>\n<div class=\"pvc_clear\"><\/div>\n","protected":false},"excerpt":{"rendered":"<p>Autor: Eduardo garc\u00eda MichelFecha: 27\/10\/2015Extra\u00eddo de diariolibre.comEn un interesante y reciente art\u00edculo, el economista Mois\u00e9s Na\u00edm identifica cuatro razones principales que explican la larga duraci\u00f3n de la crisis mundial actual.En primer lugar, la finalizaci\u00f3n del ciclo alcista de los commodities. De acuerdo a sus informaciones, durante todo el siglo XX el precio promedio de estos bienes cay\u00f3 en 0.5% cada a\u00f1o, mientras que entre 2000 y 2010 se duplic\u00f3, para retroceder en estos \u00faltimos a\u00f1os.<\/p>\n<div class=\"pvc_clear\"><\/div>\n<p class=\"pvc_stats all \" data-element-id=\"20431\" style=\"\"><i class=\"pvc-stats-icon medium\" aria-hidden=\"true\"><svg aria-hidden=\"true\" focusable=\"false\" data-prefix=\"far\" data-icon=\"chart-bar\" role=\"img\" xmlns=\"http:\/\/www.w3.org\/2000\/svg\" viewBox=\"0 0 512 512\" class=\"svg-inline--fa fa-chart-bar fa-w-16 fa-2x\"><path fill=\"currentColor\" d=\"M396.8 352h22.4c6.4 0 12.8-6.4 12.8-12.8V108.8c0-6.4-6.4-12.8-12.8-12.8h-22.4c-6.4 0-12.8 6.4-12.8 12.8v230.4c0 6.4 6.4 12.8 12.8 12.8zm-192 0h22.4c6.4 0 12.8-6.4 12.8-12.8V140.8c0-6.4-6.4-12.8-12.8-12.8h-22.4c-6.4 0-12.8 6.4-12.8 12.8v198.4c0 6.4 6.4 12.8 12.8 12.8zm96 0h22.4c6.4 0 12.8-6.4 12.8-12.8V204.8c0-6.4-6.4-12.8-12.8-12.8h-22.4c-6.4 0-12.8 6.4-12.8 12.8v134.4c0 6.4 6.4 12.8 12.8 12.8zM496 400H48V80c0-8.84-7.16-16-16-16H16C7.16 64 0 71.16 0 80v336c0 17.67 14.33 32 32 32h464c8.84 0 16-7.16 16-16v-16c0-8.84-7.16-16-16-16zm-387.2-48h22.4c6.4 0 12.8-6.4 12.8-12.8v-70.4c0-6.4-6.4-12.8-12.8-12.8h-22.4c-6.4 0-12.8 6.4-12.8 12.8v70.4c0 6.4 6.4 12.8 12.8 12.8z\" class=\"\"><\/path><\/svg><\/i> Vistas Totales&nbsp;287&nbsp;, Vistas Hoy&nbsp;2&nbsp;<\/p>\n<div class=\"pvc_clear\"><\/div>\n","protected":false},"author":2,"featured_media":0,"comment_status":"open","ping_status":"open","sticky":false,"template":"","format":"standard","meta":{"footnotes":""},"categories":[21],"tags":[],"class_list":["post-20431","post","type-post","status-publish","format-standard","hentry","category-blog"],"yoast_head":"<!-- This site is optimized with the Yoast SEO plugin v25.2 - https:\/\/yoast.com\/wordpress\/plugins\/seo\/ -->\n<title>La duraci\u00f3n de la crisis mundial | CREES<\/title>\n<meta name=\"robots\" content=\"index, follow, max-snippet:-1, max-image-preview:large, max-video-preview:-1\" \/>\n<link rel=\"canonical\" href=\"https:\/\/crees.org.do\/?p=20431\" \/>\n<meta property=\"og:locale\" content=\"es_ES\" \/>\n<meta property=\"og:type\" content=\"article\" \/>\n<meta property=\"og:title\" content=\"La duraci\u00f3n de la crisis mundial | CREES\" \/>\n<meta property=\"og:description\" content=\"Autor: Eduardo garc\u00eda MichelFecha: 27\/10\/2015Extra\u00eddo de diariolibre.comEn un interesante y reciente art\u00edculo, el economista Mois\u00e9s Na\u00edm identifica cuatro razones principales que explican la larga duraci\u00f3n de la crisis mundial actual.En primer lugar, la finalizaci\u00f3n del ciclo alcista de los commodities. De acuerdo a sus informaciones, durante todo el siglo XX el precio promedio de estos bienes cay\u00f3 en 0.5% cada a\u00f1o, mientras que entre 2000 y 2010 se duplic\u00f3, para retroceder en estos \u00faltimos a\u00f1os.\" \/>\n<meta property=\"og:url\" content=\"https:\/\/crees.org.do\/?p=20431\" \/>\n<meta property=\"og:site_name\" content=\"CREES\" \/>\n<meta property=\"article:publisher\" content=\"https:\/\/www.facebook.com\/CREESRD\/\" \/>\n<meta property=\"article:published_time\" content=\"2015-01-01T00:00:00+00:00\" \/>\n<meta property=\"og:image\" content=\"https:\/\/crees.org.do\/wp-content\/uploads\/2022\/03\/crees-logo-1.jpg\" \/>\n\t<meta property=\"og:image:width\" content=\"244\" \/>\n\t<meta property=\"og:image:height\" content=\"71\" \/>\n\t<meta property=\"og:image:type\" content=\"image\/jpeg\" \/>\n<meta name=\"author\" content=\"Crees\" \/>\n<meta name=\"twitter:card\" content=\"summary_large_image\" \/>\n<meta name=\"twitter:creator\" content=\"@CREESRD\" \/>\n<meta name=\"twitter:site\" content=\"@CREESRD\" \/>\n<meta name=\"twitter:label1\" content=\"Escrito por\" \/>\n\t<meta name=\"twitter:data1\" content=\"Crees\" \/>\n\t<meta name=\"twitter:label2\" content=\"Tiempo de lectura\" \/>\n\t<meta name=\"twitter:data2\" content=\"4 minutos\" \/>\n<script type=\"application\/ld+json\" class=\"yoast-schema-graph\">{\"@context\":\"https:\/\/schema.org\",\"@graph\":[{\"@type\":\"Article\",\"@id\":\"https:\/\/crees.org.do\/?p=20431#article\",\"isPartOf\":{\"@id\":\"https:\/\/crees.org.do\/?p=20431\"},\"author\":{\"name\":\"Crees\",\"@id\":\"https:\/\/crees.org.do\/#\/schema\/person\/e7f97cd94d7bf9cd0e0ce30acb7d56b8\"},\"headline\":\"La duraci\u00f3n de la crisis mundial\",\"datePublished\":\"2015-01-01T00:00:00+00:00\",\"mainEntityOfPage\":{\"@id\":\"https:\/\/crees.org.do\/?p=20431\"},\"wordCount\":878,\"commentCount\":0,\"publisher\":{\"@id\":\"https:\/\/crees.org.do\/#organization\"},\"articleSection\":[\"Blog\"],\"inLanguage\":\"es\"},{\"@type\":\"WebPage\",\"@id\":\"https:\/\/crees.org.do\/?p=20431\",\"url\":\"https:\/\/crees.org.do\/?p=20431\",\"name\":\"La duraci\u00f3n de la crisis mundial | CREES\",\"isPartOf\":{\"@id\":\"https:\/\/crees.org.do\/#website\"},\"datePublished\":\"2015-01-01T00:00:00+00:00\",\"breadcrumb\":{\"@id\":\"https:\/\/crees.org.do\/?p=20431#breadcrumb\"},\"inLanguage\":\"es\",\"potentialAction\":[{\"@type\":\"ReadAction\",\"target\":[\"https:\/\/crees.org.do\/?p=20431\"]}]},{\"@type\":\"BreadcrumbList\",\"@id\":\"https:\/\/crees.org.do\/?p=20431#breadcrumb\",\"itemListElement\":[{\"@type\":\"ListItem\",\"position\":1,\"name\":\"Portada\",\"item\":\"https:\/\/crees.org.do\/\"},{\"@type\":\"ListItem\",\"position\":2,\"name\":\"La duraci\u00f3n de la crisis mundial\"}]},{\"@type\":\"WebSite\",\"@id\":\"https:\/\/crees.org.do\/#website\",\"url\":\"https:\/\/crees.org.do\/\",\"name\":\"CREES\",\"description\":\"Centro Regional de Estrategias Econ\u00f3micas Sostenibles\",\"publisher\":{\"@id\":\"https:\/\/crees.org.do\/#organization\"},\"potentialAction\":[{\"@type\":\"SearchAction\",\"target\":{\"@type\":\"EntryPoint\",\"urlTemplate\":\"https:\/\/crees.org.do\/?s={search_term_string}\"},\"query-input\":{\"@type\":\"PropertyValueSpecification\",\"valueRequired\":true,\"valueName\":\"search_term_string\"}}],\"inLanguage\":\"es\"},{\"@type\":\"Organization\",\"@id\":\"https:\/\/crees.org.do\/#organization\",\"name\":\"CREES | Centro Regional de Estrategias Econ\u00f3micas Sostenibles\",\"url\":\"https:\/\/crees.org.do\/\",\"logo\":{\"@type\":\"ImageObject\",\"inLanguage\":\"es\",\"@id\":\"https:\/\/crees.org.do\/#\/schema\/logo\/image\/\",\"url\":\"https:\/\/crees.org.do\/wp-content\/uploads\/2022\/03\/crees-logo-1.jpg\",\"contentUrl\":\"https:\/\/crees.org.do\/wp-content\/uploads\/2022\/03\/crees-logo-1.jpg\",\"width\":244,\"height\":71,\"caption\":\"CREES | Centro Regional de Estrategias Econ\u00f3micas Sostenibles\"},\"image\":{\"@id\":\"https:\/\/crees.org.do\/#\/schema\/logo\/image\/\"},\"sameAs\":[\"https:\/\/www.facebook.com\/CREESRD\/\",\"https:\/\/x.com\/CREESRD\"]},{\"@type\":\"Person\",\"@id\":\"https:\/\/crees.org.do\/#\/schema\/person\/e7f97cd94d7bf9cd0e0ce30acb7d56b8\",\"name\":\"Crees\",\"image\":{\"@type\":\"ImageObject\",\"inLanguage\":\"es\",\"@id\":\"https:\/\/crees.org.do\/#\/schema\/person\/image\/\",\"url\":\"https:\/\/secure.gravatar.com\/avatar\/390ac8f0be5d9aa046152553e2dd7011b59a512d89c150f5e5f28bb8d9a0b165?s=96&d=mm&r=g\",\"contentUrl\":\"https:\/\/secure.gravatar.com\/avatar\/390ac8f0be5d9aa046152553e2dd7011b59a512d89c150f5e5f28bb8d9a0b165?s=96&d=mm&r=g\",\"caption\":\"Crees\"},\"url\":\"https:\/\/crees.org.do\/?author=2\"}]}<\/script>\n<!-- \/ Yoast SEO plugin. -->","yoast_head_json":{"title":"La duraci\u00f3n de la crisis mundial | CREES","robots":{"index":"index","follow":"follow","max-snippet":"max-snippet:-1","max-image-preview":"max-image-preview:large","max-video-preview":"max-video-preview:-1"},"canonical":"https:\/\/crees.org.do\/?p=20431","og_locale":"es_ES","og_type":"article","og_title":"La duraci\u00f3n de la crisis mundial | CREES","og_description":"Autor: Eduardo garc\u00eda MichelFecha: 27\/10\/2015Extra\u00eddo de diariolibre.comEn un interesante y reciente art\u00edculo, el economista Mois\u00e9s Na\u00edm identifica cuatro razones principales que explican la larga duraci\u00f3n de la crisis mundial actual.En primer lugar, la finalizaci\u00f3n del ciclo alcista de los commodities. De acuerdo a sus informaciones, durante todo el siglo XX el precio promedio de estos bienes cay\u00f3 en 0.5% cada a\u00f1o, mientras que entre 2000 y 2010 se duplic\u00f3, para retroceder en estos \u00faltimos a\u00f1os.","og_url":"https:\/\/crees.org.do\/?p=20431","og_site_name":"CREES","article_publisher":"https:\/\/www.facebook.com\/CREESRD\/","article_published_time":"2015-01-01T00:00:00+00:00","og_image":[{"width":244,"height":71,"url":"https:\/\/crees.org.do\/wp-content\/uploads\/2022\/03\/crees-logo-1.jpg","type":"image\/jpeg"}],"author":"Crees","twitter_card":"summary_large_image","twitter_creator":"@CREESRD","twitter_site":"@CREESRD","twitter_misc":{"Escrito por":"Crees","Tiempo de lectura":"4 minutos"},"schema":{"@context":"https:\/\/schema.org","@graph":[{"@type":"Article","@id":"https:\/\/crees.org.do\/?p=20431#article","isPartOf":{"@id":"https:\/\/crees.org.do\/?p=20431"},"author":{"name":"Crees","@id":"https:\/\/crees.org.do\/#\/schema\/person\/e7f97cd94d7bf9cd0e0ce30acb7d56b8"},"headline":"La duraci\u00f3n de la crisis mundial","datePublished":"2015-01-01T00:00:00+00:00","mainEntityOfPage":{"@id":"https:\/\/crees.org.do\/?p=20431"},"wordCount":878,"commentCount":0,"publisher":{"@id":"https:\/\/crees.org.do\/#organization"},"articleSection":["Blog"],"inLanguage":"es"},{"@type":"WebPage","@id":"https:\/\/crees.org.do\/?p=20431","url":"https:\/\/crees.org.do\/?p=20431","name":"La duraci\u00f3n de la crisis mundial | CREES","isPartOf":{"@id":"https:\/\/crees.org.do\/#website"},"datePublished":"2015-01-01T00:00:00+00:00","breadcrumb":{"@id":"https:\/\/crees.org.do\/?p=20431#breadcrumb"},"inLanguage":"es","potentialAction":[{"@type":"ReadAction","target":["https:\/\/crees.org.do\/?p=20431"]}]},{"@type":"BreadcrumbList","@id":"https:\/\/crees.org.do\/?p=20431#breadcrumb","itemListElement":[{"@type":"ListItem","position":1,"name":"Portada","item":"https:\/\/crees.org.do\/"},{"@type":"ListItem","position":2,"name":"La duraci\u00f3n de la crisis mundial"}]},{"@type":"WebSite","@id":"https:\/\/crees.org.do\/#website","url":"https:\/\/crees.org.do\/","name":"CREES","description":"Centro Regional de Estrategias Econ\u00f3micas Sostenibles","publisher":{"@id":"https:\/\/crees.org.do\/#organization"},"potentialAction":[{"@type":"SearchAction","target":{"@type":"EntryPoint","urlTemplate":"https:\/\/crees.org.do\/?s={search_term_string}"},"query-input":{"@type":"PropertyValueSpecification","valueRequired":true,"valueName":"search_term_string"}}],"inLanguage":"es"},{"@type":"Organization","@id":"https:\/\/crees.org.do\/#organization","name":"CREES | Centro Regional de Estrategias Econ\u00f3micas Sostenibles","url":"https:\/\/crees.org.do\/","logo":{"@type":"ImageObject","inLanguage":"es","@id":"https:\/\/crees.org.do\/#\/schema\/logo\/image\/","url":"https:\/\/crees.org.do\/wp-content\/uploads\/2022\/03\/crees-logo-1.jpg","contentUrl":"https:\/\/crees.org.do\/wp-content\/uploads\/2022\/03\/crees-logo-1.jpg","width":244,"height":71,"caption":"CREES | Centro Regional de Estrategias Econ\u00f3micas Sostenibles"},"image":{"@id":"https:\/\/crees.org.do\/#\/schema\/logo\/image\/"},"sameAs":["https:\/\/www.facebook.com\/CREESRD\/","https:\/\/x.com\/CREESRD"]},{"@type":"Person","@id":"https:\/\/crees.org.do\/#\/schema\/person\/e7f97cd94d7bf9cd0e0ce30acb7d56b8","name":"Crees","image":{"@type":"ImageObject","inLanguage":"es","@id":"https:\/\/crees.org.do\/#\/schema\/person\/image\/","url":"https:\/\/secure.gravatar.com\/avatar\/390ac8f0be5d9aa046152553e2dd7011b59a512d89c150f5e5f28bb8d9a0b165?s=96&d=mm&r=g","contentUrl":"https:\/\/secure.gravatar.com\/avatar\/390ac8f0be5d9aa046152553e2dd7011b59a512d89c150f5e5f28bb8d9a0b165?s=96&d=mm&r=g","caption":"Crees"},"url":"https:\/\/crees.org.do\/?author=2"}]}},"_links":{"self":[{"href":"https:\/\/crees.org.do\/index.php?rest_route=\/wp\/v2\/posts\/20431","targetHints":{"allow":["GET"]}}],"collection":[{"href":"https:\/\/crees.org.do\/index.php?rest_route=\/wp\/v2\/posts"}],"about":[{"href":"https:\/\/crees.org.do\/index.php?rest_route=\/wp\/v2\/types\/post"}],"author":[{"embeddable":true,"href":"https:\/\/crees.org.do\/index.php?rest_route=\/wp\/v2\/users\/2"}],"replies":[{"embeddable":true,"href":"https:\/\/crees.org.do\/index.php?rest_route=%2Fwp%2Fv2%2Fcomments&post=20431"}],"version-history":[{"count":0,"href":"https:\/\/crees.org.do\/index.php?rest_route=\/wp\/v2\/posts\/20431\/revisions"}],"wp:attachment":[{"href":"https:\/\/crees.org.do\/index.php?rest_route=%2Fwp%2Fv2%2Fmedia&parent=20431"}],"wp:term":[{"taxonomy":"category","embeddable":true,"href":"https:\/\/crees.org.do\/index.php?rest_route=%2Fwp%2Fv2%2Fcategories&post=20431"},{"taxonomy":"post_tag","embeddable":true,"href":"https:\/\/crees.org.do\/index.php?rest_route=%2Fwp%2Fv2%2Ftags&post=20431"}],"curies":[{"name":"wp","href":"https:\/\/api.w.org\/{rel}","templated":true}]}}