{"id":20448,"date":"2016-01-01T00:00:00","date_gmt":"2016-01-01T00:00:00","guid":{"rendered":"https:\/\/crees.org.do\/admite-son-muy-altos-impuestos-combustibles\/"},"modified":"2016-01-01T00:00:00","modified_gmt":"2016-01-01T00:00:00","slug":"admite-son-muy-altos-impuestos-combustibles","status":"publish","type":"post","link":"https:\/\/crees.org.do\/?p=20448","title":{"rendered":"Admite son muy altos impuestos combustibles"},"content":{"rendered":"<p style=\"border: 0px; font-size: 15px; margin-bottom: 1.5em; outline: 0px; padding: 0px; vertical-align: baseline; color: rgb(0, 0, 0); line-height: 1.4; text-align: justify; background-color: rgb(255, 255, 255);\"><strong><span style=\"font-size:12px;\"><span style=\"font-family:verdana,geneva,sans-serif;\">Autor: Emilio Ortiz<\/span><\/span><\/strong><\/p>\n<p style=\"border: 0px; font-size: 15px; margin-bottom: 1.5em; outline: 0px; padding: 0px; vertical-align: baseline; color: rgb(0, 0, 0); line-height: 1.4; text-align: justify; background-color: rgb(255, 255, 255);\"><span style=\"font-size:12px;\"><span style=\"font-family:verdana,geneva,sans-serif;\">Fecha: 11\/01\/16<\/span><\/span><\/p>\n<p style=\"border: 0px; font-size: 15px; margin-bottom: 1.5em; outline: 0px; padding: 0px; vertical-align: baseline; color: rgb(0, 0, 0); line-height: 1.4; text-align: justify; background-color: rgb(255, 255, 255);\"><span style=\"font-size:12px;\"><span style=\"font-family:verdana,geneva,sans-serif;\">Extra\u00eddo de <a href=\"http:\/\/elnacional.com.do\/admite-son-muy-altos-impuestos-combustibles\/\">elnacional.com.do<\/a><\/span><\/span><\/p>\n<p style=\"border: 0px; font-size: 15px; margin-bottom: 1.5em; outline: 0px; padding: 0px; vertical-align: baseline; color: rgb(0, 0, 0); line-height: 1.4; text-align: justify; background-color: rgb(255, 255, 255);\">&nbsp;<\/p>\n<p style=\"border: 0px; font-size: 15px; margin-bottom: 1.5em; outline: 0px; padding: 0px; vertical-align: baseline; color: rgb(0, 0, 0); line-height: 1.4; text-align: justify; background-color: rgb(255, 255, 255);\"><span style=\"font-size:12px;\"><span style=\"font-family:verdana,geneva,sans-serif;\">El ministro de Industria y Comercio admiti\u00f3 hoy que los impuestos y m\u00e1rgenes de comercializaci\u00f3n de los combustibles en el pa\u00eds son muy altos, al punto de que &ldquo;si nos regalan los combustibles como quiera los consumidores tendr\u00edan que pagar mucho por ellos&rdquo;.&nbsp;El licenciado Jos\u00e9 Del Castillo, sin embargo, dijo que el MIC ha transferido a los consumidores las rebajas que han ocurrido en el precio del crudo y los destilados del petr\u00f3leo, en la medida en que se han producido las rebajas en los mercados internacionales.<\/span><\/span><\/p>\n<p style=\"border: 0px; font-size: 15px; margin-bottom: 1.5em; outline: 0px; padding: 0px; vertical-align: baseline; color: rgb(0, 0, 0); line-height: 1.4; text-align: justify; background-color: rgb(255, 255, 255);\"><span style=\"font-size:12px;\"><span style=\"font-family:verdana,geneva,sans-serif;\">Cit\u00f3 el caso del gasoil regular, el combustible de mayor consumo en el pa\u00eds que en la semana del 21 al 27 de junio de 2014 su precio de paridad de importaci\u00f3n era de 137.35 pesos y en la semana del 2 al 8 de enero de 2015 hab\u00eda bajado a 56.60 pesos, baja que, indic\u00f3, fue transferida a los consumidores.<\/span><\/span><\/p>\n<p style=\"border: 0px; font-size: 15px; margin-bottom: 1.5em; outline: 0px; padding: 0px; vertical-align: baseline; color: rgb(0, 0, 0); line-height: 1.4; text-align: justify; background-color: rgb(255, 255, 255);\"><span style=\"font-size:12px;\"><span style=\"font-family:verdana,geneva,sans-serif;\">De acuerdo con el ministro de Industria y Comercio la Ley de Hidrocarburos, no es una ley de combustibles, sino una ley tributaria, por lo que dijo esperar que durante las discusiones para la firma de un Pacto Fiscal, \u00e9sta sea incluida y se le puedan introducir modificaciones que favorezcan a los consumidores.<\/span><\/span><\/p>\n<p style=\"border: 0px; font-size: 15px; margin-bottom: 1.5em; outline: 0px; padding: 0px; vertical-align: baseline; color: rgb(0, 0, 0); line-height: 1.4; text-align: justify; background-color: rgb(255, 255, 255);\"><span style=\"font-size:12px;\"><span style=\"font-family:verdana,geneva,sans-serif;\">Afirm\u00f3 que como consecuencia de los impuestos a los combustibles se recaudan 48 mil millones de pesos anuales, que son destinados al pago de la deuda externa.<\/span><\/span><\/p>\n<p style=\"border: 0px; font-size: 15px; margin-bottom: 1.5em; outline: 0px; padding: 0px; vertical-align: baseline; color: rgb(0, 0, 0); line-height: 1.4; text-align: justify; background-color: rgb(255, 255, 255);\"><span style=\"font-size:12px;\"><span style=\"font-family:verdana,geneva,sans-serif;\">De igual modo, en su participaci\u00f3n en el programa El D\u00eda, por Telesistema, entrevistado por Huchi Lora y Amelia Dechamps, dijo que como consecuencia de la rebaja de los precios internacionales del petr\u00f3leo y sus derivados, el pa\u00eds se ahorr\u00f3 mil 300 millones de d\u00f3lares el pasado a\u00f1o, citando al respecto cifras ofrecidas por el Banco Central.<\/span><\/span><\/p>\n<p style=\"border: 0px; font-size: 15px; margin-bottom: 1.5em; outline: 0px; padding: 0px; vertical-align: baseline; color: rgb(0, 0, 0); line-height: 1.4; text-align: justify; background-color: rgb(255, 255, 255);\"><span style=\"font-size:12px;\"><span style=\"font-family:verdana,geneva,sans-serif;\">En otro orden, el licenciado Del Castillo, dijo que el ministerio de Industria y Comercio debe buscar un equilibrio entre la defensa de los derechos de los consumidores y el fomento de la industria y el comercio, a prop\u00f3sito, del cambio en la direcci\u00f3n del Instituto Dominicano de Defensa de los Derechos de los Consumidores.<\/span><\/span><\/p>\n<p style=\"border: 0px; font-size: 15px; margin-bottom: 1.5em; outline: 0px; padding: 0px; vertical-align: baseline; color: rgb(0, 0, 0); line-height: 1.4; text-align: justify; background-color: rgb(255, 255, 255);\"><span style=\"font-size:12px;\"><span style=\"font-family:verdana,geneva,sans-serif;\">Dijo que la licenciada Altagracia Paulino, fue sustituida de acuerdo a lo establecido por la Ley, tras haber realizado un importante trabajo de consolidaci\u00f3n de la entidad, y confi\u00f3 en que la doctora Anina del Castillo, que durante ocho a\u00f1os presidi\u00f3 el consejo de administraci\u00f3n de Proconsumidor, continuar\u00e1 el proceso de fortalecimiento y trabajo a favor de los consumidores.<\/span><\/span><\/p>\n<p style=\"border: 0px; font-size: 15px; margin-bottom: 1.5em; outline: 0px; padding: 0px; vertical-align: baseline; color: rgb(0, 0, 0); line-height: 1.4; text-align: justify; background-color: rgb(255, 255, 255);\"><span style=\"font-size:12px;\"><span style=\"font-family:verdana,geneva,sans-serif;\"><span style=\"border: 0px; font-style: inherit; font-weight: 700; margin: 0px; outline: 0px; padding: 0px; vertical-align: baseline;\">Hait\u00ed<\/span><br \/>Al valorar el anuncio del levantamiento de la veda al ingreso al mercado norteamericano de frutas y vegetales procedentes del pa\u00eds, dijo que se trata de un hecho muy bueno, debido a que esa prohibici\u00f3n caus\u00f3 al pa\u00eds p\u00e9rdidas cuantificadas en unos 300 millones de pesos.<\/span><\/span><\/p>\n<p style=\"border: 0px; font-size: 15px; margin-bottom: 1.5em; outline: 0px; padding: 0px; vertical-align: baseline; color: rgb(0, 0, 0); line-height: 1.4; text-align: justify; background-color: rgb(255, 255, 255);\"><span style=\"font-size:12px;\"><span style=\"font-family:verdana,geneva,sans-serif;\">Dijo que toca ahora a los productores locales recuperar ese mercado.<\/span><\/span><\/p>\n<p style=\"border: 0px; font-size: 15px; margin-bottom: 1.5em; outline: 0px; padding: 0px; vertical-align: baseline; color: rgb(0, 0, 0); line-height: 1.4; text-align: justify; background-color: rgb(255, 255, 255);\"><span style=\"font-size:12px;\"><span style=\"font-family:verdana,geneva,sans-serif;\">En ese tema, se le cuestion\u00f3 acerca de la veda impuesta por Hait\u00ed al ingreso de diversos productos locales, indicando que una parte importante de los mismos (harina, cemento y varillas), est\u00e1 llegando al mercado haitiano por v\u00eda mar\u00edtima.<\/span><\/span><\/p>\n<p style=\"border: 0px; font-size: 15px; margin-bottom: 1.5em; outline: 0px; padding: 0px; vertical-align: baseline; color: rgb(0, 0, 0); line-height: 1.4; text-align: justify; background-color: rgb(255, 255, 255);\"><span style=\"font-size:12px;\"><span style=\"font-family:verdana,geneva,sans-serif;\">Preci\u00f3 adem\u00e1s que los haitianos han flexibilizado su decisi\u00f3n debido a que en los mercados binacionales que se hacen semanalmente, est\u00e1n ingresando en forma normal los productos procedentes de Rep\u00fablica Dominicana.<\/span><\/span><\/p>\n<p style=\"border: 0px; font-size: 15px; margin-bottom: 1.5em; outline: 0px; padding: 0px; vertical-align: baseline; color: rgb(0, 0, 0); line-height: 1.4; text-align: justify; background-color: rgb(255, 255, 255);\"><span style=\"font-size:12px;\"><span style=\"font-family:verdana,geneva,sans-serif;\">En cuanto al di\u00e1logo binacional, dijo que el proceso pol\u00edtico interno que vive Hait\u00ed, ha impedido que \u00e9ste se desarrolle.<\/span><\/span><\/p>\n<p style=\"border: 0px; font-size: 15px; margin-bottom: 1.5em; outline: 0px; padding: 0px; vertical-align: baseline; color: rgb(0, 0, 0); line-height: 1.4; text-align: justify; background-color: rgb(255, 255, 255);\"><span style=\"font-size:12px;\"><span style=\"font-family:verdana,geneva,sans-serif;\"><span style=\"border: 0px; font-style: inherit; font-weight: 700; margin: 0px; outline: 0px; padding: 0px; vertical-align: baseline;\">UN APUNTE<\/span><\/span><\/span><\/p>\n<p style=\"border: 0px; font-size: 15px; margin-bottom: 1.5em; outline: 0px; padding: 0px; vertical-align: baseline; color: rgb(0, 0, 0); line-height: 1.4; text-align: justify; background-color: rgb(255, 255, 255);\"><span style=\"font-size:12px;\"><span style=\"font-family:verdana,geneva,sans-serif;\"><span style=\"border: 0px; font-style: inherit; font-weight: 700; margin: 0px; outline: 0px; padding: 0px; vertical-align: baseline;\">Coincide con El Nacional<\/span><\/span><\/span><\/p>\n<p style=\"border: 0px; font-size: 15px; margin-bottom: 1.5em; outline: 0px; padding: 0px; vertical-align: baseline; color: rgb(0, 0, 0); line-height: 1.4; text-align: justify; background-color: rgb(255, 255, 255);\"><span style=\"font-size:12px;\"><span style=\"font-family:verdana,geneva,sans-serif;\">La afirmaci\u00f3n del Ministro de Industria y Comercio, de que a\u00fan regalados los precios internos de los combustibles ser\u00e1n caros, coincide con lo expresado en un reportaje p\u00fablicado el pasado 3 de enero de 2016 en El Nacional, sobre los componentes de los precios internos de los combustibles.<\/span><\/span><\/p>\n<div class=\"pvc_clear\"><\/div>\n<p class=\"pvc_stats all \" data-element-id=\"20448\" style=\"\"><i class=\"pvc-stats-icon medium\" aria-hidden=\"true\"><svg aria-hidden=\"true\" focusable=\"false\" data-prefix=\"far\" data-icon=\"chart-bar\" role=\"img\" xmlns=\"http:\/\/www.w3.org\/2000\/svg\" viewBox=\"0 0 512 512\" class=\"svg-inline--fa fa-chart-bar fa-w-16 fa-2x\"><path fill=\"currentColor\" d=\"M396.8 352h22.4c6.4 0 12.8-6.4 12.8-12.8V108.8c0-6.4-6.4-12.8-12.8-12.8h-22.4c-6.4 0-12.8 6.4-12.8 12.8v230.4c0 6.4 6.4 12.8 12.8 12.8zm-192 0h22.4c6.4 0 12.8-6.4 12.8-12.8V140.8c0-6.4-6.4-12.8-12.8-12.8h-22.4c-6.4 0-12.8 6.4-12.8 12.8v198.4c0 6.4 6.4 12.8 12.8 12.8zm96 0h22.4c6.4 0 12.8-6.4 12.8-12.8V204.8c0-6.4-6.4-12.8-12.8-12.8h-22.4c-6.4 0-12.8 6.4-12.8 12.8v134.4c0 6.4 6.4 12.8 12.8 12.8zM496 400H48V80c0-8.84-7.16-16-16-16H16C7.16 64 0 71.16 0 80v336c0 17.67 14.33 32 32 32h464c8.84 0 16-7.16 16-16v-16c0-8.84-7.16-16-16-16zm-387.2-48h22.4c6.4 0 12.8-6.4 12.8-12.8v-70.4c0-6.4-6.4-12.8-12.8-12.8h-22.4c-6.4 0-12.8 6.4-12.8 12.8v70.4c0 6.4 6.4 12.8 12.8 12.8z\" class=\"\"><\/path><\/svg><\/i> Vistas Totales&nbsp;280&nbsp;, Vistas Hoy&nbsp;3&nbsp;<\/p>\n<div class=\"pvc_clear\"><\/div>\n","protected":false},"excerpt":{"rendered":"<p>Autor: Emilio OrtizFecha: 11\/01\/16Extra\u00eddo de elnacional.com.doEl ministro de Industria y Comercio admiti\u00f3 hoy que los impuestos y m\u00e1rgenes de comercializaci\u00f3n de los combustibles en el pa\u00eds son muy altos, al punto de que \u201csi nos regalan los combustibles como quiera los consumidores tendr\u00edan que pagar mucho por ellos\u201d. El licenciado Jos\u00e9 Del Castillo, sin embargo, dijo que el MIC ha transferido a los consumidores las rebajas que han ocurrido en el precio del crudo y los destilados del petr\u00f3leo, en la medida en que se han producido las rebajas en los mercados internacionales.<\/p>\n<div class=\"pvc_clear\"><\/div>\n<p class=\"pvc_stats all \" data-element-id=\"20448\" style=\"\"><i class=\"pvc-stats-icon medium\" aria-hidden=\"true\"><svg aria-hidden=\"true\" focusable=\"false\" data-prefix=\"far\" data-icon=\"chart-bar\" role=\"img\" xmlns=\"http:\/\/www.w3.org\/2000\/svg\" viewBox=\"0 0 512 512\" class=\"svg-inline--fa fa-chart-bar fa-w-16 fa-2x\"><path fill=\"currentColor\" d=\"M396.8 352h22.4c6.4 0 12.8-6.4 12.8-12.8V108.8c0-6.4-6.4-12.8-12.8-12.8h-22.4c-6.4 0-12.8 6.4-12.8 12.8v230.4c0 6.4 6.4 12.8 12.8 12.8zm-192 0h22.4c6.4 0 12.8-6.4 12.8-12.8V140.8c0-6.4-6.4-12.8-12.8-12.8h-22.4c-6.4 0-12.8 6.4-12.8 12.8v198.4c0 6.4 6.4 12.8 12.8 12.8zm96 0h22.4c6.4 0 12.8-6.4 12.8-12.8V204.8c0-6.4-6.4-12.8-12.8-12.8h-22.4c-6.4 0-12.8 6.4-12.8 12.8v134.4c0 6.4 6.4 12.8 12.8 12.8zM496 400H48V80c0-8.84-7.16-16-16-16H16C7.16 64 0 71.16 0 80v336c0 17.67 14.33 32 32 32h464c8.84 0 16-7.16 16-16v-16c0-8.84-7.16-16-16-16zm-387.2-48h22.4c6.4 0 12.8-6.4 12.8-12.8v-70.4c0-6.4-6.4-12.8-12.8-12.8h-22.4c-6.4 0-12.8 6.4-12.8 12.8v70.4c0 6.4 6.4 12.8 12.8 12.8z\" class=\"\"><\/path><\/svg><\/i> Vistas Totales&nbsp;280&nbsp;, Vistas Hoy&nbsp;3&nbsp;<\/p>\n<div class=\"pvc_clear\"><\/div>\n","protected":false},"author":2,"featured_media":0,"comment_status":"open","ping_status":"open","sticky":false,"template":"","format":"standard","meta":{"footnotes":""},"categories":[21],"tags":[],"class_list":["post-20448","post","type-post","status-publish","format-standard","hentry","category-blog"],"yoast_head":"<!-- This site is optimized with the Yoast SEO plugin v25.2 - https:\/\/yoast.com\/wordpress\/plugins\/seo\/ -->\n<title>Admite son muy altos impuestos combustibles | CREES<\/title>\n<meta name=\"robots\" content=\"index, follow, max-snippet:-1, max-image-preview:large, max-video-preview:-1\" \/>\n<link rel=\"canonical\" href=\"https:\/\/crees.org.do\/?p=20448\" \/>\n<meta property=\"og:locale\" content=\"es_ES\" \/>\n<meta property=\"og:type\" content=\"article\" \/>\n<meta property=\"og:title\" content=\"Admite son muy altos impuestos combustibles | CREES\" \/>\n<meta property=\"og:description\" content=\"Autor: Emilio OrtizFecha: 11\/01\/16Extra\u00eddo de elnacional.com.doEl ministro de Industria y Comercio admiti\u00f3 hoy que los impuestos y m\u00e1rgenes de comercializaci\u00f3n de los combustibles en el pa\u00eds son muy altos, al punto de que \u201csi nos regalan los combustibles como quiera los consumidores tendr\u00edan que pagar mucho por ellos\u201d. El licenciado Jos\u00e9 Del Castillo, sin embargo, dijo que el MIC ha transferido a los consumidores las rebajas que han ocurrido en el precio del crudo y los destilados del petr\u00f3leo, en la medida en que se han producido las rebajas en los mercados internacionales.\" \/>\n<meta property=\"og:url\" content=\"https:\/\/crees.org.do\/?p=20448\" \/>\n<meta property=\"og:site_name\" content=\"CREES\" \/>\n<meta property=\"article:publisher\" content=\"https:\/\/www.facebook.com\/CREESRD\/\" \/>\n<meta property=\"article:published_time\" content=\"2016-01-01T00:00:00+00:00\" \/>\n<meta property=\"og:image\" content=\"https:\/\/crees.org.do\/wp-content\/uploads\/2022\/03\/crees-logo-1.jpg\" \/>\n\t<meta property=\"og:image:width\" content=\"244\" \/>\n\t<meta property=\"og:image:height\" content=\"71\" \/>\n\t<meta property=\"og:image:type\" content=\"image\/jpeg\" \/>\n<meta name=\"author\" content=\"Crees\" \/>\n<meta name=\"twitter:card\" content=\"summary_large_image\" \/>\n<meta name=\"twitter:creator\" content=\"@CREESRD\" \/>\n<meta name=\"twitter:site\" content=\"@CREESRD\" \/>\n<meta name=\"twitter:label1\" content=\"Escrito por\" \/>\n\t<meta name=\"twitter:data1\" content=\"Crees\" \/>\n\t<meta name=\"twitter:label2\" content=\"Tiempo de lectura\" \/>\n\t<meta name=\"twitter:data2\" content=\"3 minutos\" \/>\n<script type=\"application\/ld+json\" class=\"yoast-schema-graph\">{\"@context\":\"https:\/\/schema.org\",\"@graph\":[{\"@type\":\"Article\",\"@id\":\"https:\/\/crees.org.do\/?p=20448#article\",\"isPartOf\":{\"@id\":\"https:\/\/crees.org.do\/?p=20448\"},\"author\":{\"name\":\"Crees\",\"@id\":\"https:\/\/crees.org.do\/#\/schema\/person\/e7f97cd94d7bf9cd0e0ce30acb7d56b8\"},\"headline\":\"Admite son muy altos impuestos combustibles\",\"datePublished\":\"2016-01-01T00:00:00+00:00\",\"mainEntityOfPage\":{\"@id\":\"https:\/\/crees.org.do\/?p=20448\"},\"wordCount\":644,\"commentCount\":0,\"publisher\":{\"@id\":\"https:\/\/crees.org.do\/#organization\"},\"articleSection\":[\"Blog\"],\"inLanguage\":\"es\"},{\"@type\":\"WebPage\",\"@id\":\"https:\/\/crees.org.do\/?p=20448\",\"url\":\"https:\/\/crees.org.do\/?p=20448\",\"name\":\"Admite son muy altos impuestos combustibles | CREES\",\"isPartOf\":{\"@id\":\"https:\/\/crees.org.do\/#website\"},\"datePublished\":\"2016-01-01T00:00:00+00:00\",\"breadcrumb\":{\"@id\":\"https:\/\/crees.org.do\/?p=20448#breadcrumb\"},\"inLanguage\":\"es\",\"potentialAction\":[{\"@type\":\"ReadAction\",\"target\":[\"https:\/\/crees.org.do\/?p=20448\"]}]},{\"@type\":\"BreadcrumbList\",\"@id\":\"https:\/\/crees.org.do\/?p=20448#breadcrumb\",\"itemListElement\":[{\"@type\":\"ListItem\",\"position\":1,\"name\":\"Portada\",\"item\":\"https:\/\/crees.org.do\/\"},{\"@type\":\"ListItem\",\"position\":2,\"name\":\"Admite son muy altos impuestos combustibles\"}]},{\"@type\":\"WebSite\",\"@id\":\"https:\/\/crees.org.do\/#website\",\"url\":\"https:\/\/crees.org.do\/\",\"name\":\"CREES\",\"description\":\"Centro Regional de Estrategias Econ\u00f3micas Sostenibles\",\"publisher\":{\"@id\":\"https:\/\/crees.org.do\/#organization\"},\"potentialAction\":[{\"@type\":\"SearchAction\",\"target\":{\"@type\":\"EntryPoint\",\"urlTemplate\":\"https:\/\/crees.org.do\/?s={search_term_string}\"},\"query-input\":{\"@type\":\"PropertyValueSpecification\",\"valueRequired\":true,\"valueName\":\"search_term_string\"}}],\"inLanguage\":\"es\"},{\"@type\":\"Organization\",\"@id\":\"https:\/\/crees.org.do\/#organization\",\"name\":\"CREES | Centro Regional de Estrategias Econ\u00f3micas Sostenibles\",\"url\":\"https:\/\/crees.org.do\/\",\"logo\":{\"@type\":\"ImageObject\",\"inLanguage\":\"es\",\"@id\":\"https:\/\/crees.org.do\/#\/schema\/logo\/image\/\",\"url\":\"https:\/\/crees.org.do\/wp-content\/uploads\/2022\/03\/crees-logo-1.jpg\",\"contentUrl\":\"https:\/\/crees.org.do\/wp-content\/uploads\/2022\/03\/crees-logo-1.jpg\",\"width\":244,\"height\":71,\"caption\":\"CREES | Centro Regional de Estrategias Econ\u00f3micas Sostenibles\"},\"image\":{\"@id\":\"https:\/\/crees.org.do\/#\/schema\/logo\/image\/\"},\"sameAs\":[\"https:\/\/www.facebook.com\/CREESRD\/\",\"https:\/\/x.com\/CREESRD\"]},{\"@type\":\"Person\",\"@id\":\"https:\/\/crees.org.do\/#\/schema\/person\/e7f97cd94d7bf9cd0e0ce30acb7d56b8\",\"name\":\"Crees\",\"image\":{\"@type\":\"ImageObject\",\"inLanguage\":\"es\",\"@id\":\"https:\/\/crees.org.do\/#\/schema\/person\/image\/\",\"url\":\"https:\/\/secure.gravatar.com\/avatar\/390ac8f0be5d9aa046152553e2dd7011b59a512d89c150f5e5f28bb8d9a0b165?s=96&d=mm&r=g\",\"contentUrl\":\"https:\/\/secure.gravatar.com\/avatar\/390ac8f0be5d9aa046152553e2dd7011b59a512d89c150f5e5f28bb8d9a0b165?s=96&d=mm&r=g\",\"caption\":\"Crees\"},\"url\":\"https:\/\/crees.org.do\/?author=2\"}]}<\/script>\n<!-- \/ Yoast SEO plugin. -->","yoast_head_json":{"title":"Admite son muy altos impuestos combustibles | CREES","robots":{"index":"index","follow":"follow","max-snippet":"max-snippet:-1","max-image-preview":"max-image-preview:large","max-video-preview":"max-video-preview:-1"},"canonical":"https:\/\/crees.org.do\/?p=20448","og_locale":"es_ES","og_type":"article","og_title":"Admite son muy altos impuestos combustibles | CREES","og_description":"Autor: Emilio OrtizFecha: 11\/01\/16Extra\u00eddo de elnacional.com.doEl ministro de Industria y Comercio admiti\u00f3 hoy que los impuestos y m\u00e1rgenes de comercializaci\u00f3n de los combustibles en el pa\u00eds son muy altos, al punto de que \u201csi nos regalan los combustibles como quiera los consumidores tendr\u00edan que pagar mucho por ellos\u201d. El licenciado Jos\u00e9 Del Castillo, sin embargo, dijo que el MIC ha transferido a los consumidores las rebajas que han ocurrido en el precio del crudo y los destilados del petr\u00f3leo, en la medida en que se han producido las rebajas en los mercados internacionales.","og_url":"https:\/\/crees.org.do\/?p=20448","og_site_name":"CREES","article_publisher":"https:\/\/www.facebook.com\/CREESRD\/","article_published_time":"2016-01-01T00:00:00+00:00","og_image":[{"width":244,"height":71,"url":"https:\/\/crees.org.do\/wp-content\/uploads\/2022\/03\/crees-logo-1.jpg","type":"image\/jpeg"}],"author":"Crees","twitter_card":"summary_large_image","twitter_creator":"@CREESRD","twitter_site":"@CREESRD","twitter_misc":{"Escrito por":"Crees","Tiempo de lectura":"3 minutos"},"schema":{"@context":"https:\/\/schema.org","@graph":[{"@type":"Article","@id":"https:\/\/crees.org.do\/?p=20448#article","isPartOf":{"@id":"https:\/\/crees.org.do\/?p=20448"},"author":{"name":"Crees","@id":"https:\/\/crees.org.do\/#\/schema\/person\/e7f97cd94d7bf9cd0e0ce30acb7d56b8"},"headline":"Admite son muy altos impuestos combustibles","datePublished":"2016-01-01T00:00:00+00:00","mainEntityOfPage":{"@id":"https:\/\/crees.org.do\/?p=20448"},"wordCount":644,"commentCount":0,"publisher":{"@id":"https:\/\/crees.org.do\/#organization"},"articleSection":["Blog"],"inLanguage":"es"},{"@type":"WebPage","@id":"https:\/\/crees.org.do\/?p=20448","url":"https:\/\/crees.org.do\/?p=20448","name":"Admite son muy altos impuestos combustibles | CREES","isPartOf":{"@id":"https:\/\/crees.org.do\/#website"},"datePublished":"2016-01-01T00:00:00+00:00","breadcrumb":{"@id":"https:\/\/crees.org.do\/?p=20448#breadcrumb"},"inLanguage":"es","potentialAction":[{"@type":"ReadAction","target":["https:\/\/crees.org.do\/?p=20448"]}]},{"@type":"BreadcrumbList","@id":"https:\/\/crees.org.do\/?p=20448#breadcrumb","itemListElement":[{"@type":"ListItem","position":1,"name":"Portada","item":"https:\/\/crees.org.do\/"},{"@type":"ListItem","position":2,"name":"Admite son muy altos impuestos combustibles"}]},{"@type":"WebSite","@id":"https:\/\/crees.org.do\/#website","url":"https:\/\/crees.org.do\/","name":"CREES","description":"Centro Regional de Estrategias Econ\u00f3micas Sostenibles","publisher":{"@id":"https:\/\/crees.org.do\/#organization"},"potentialAction":[{"@type":"SearchAction","target":{"@type":"EntryPoint","urlTemplate":"https:\/\/crees.org.do\/?s={search_term_string}"},"query-input":{"@type":"PropertyValueSpecification","valueRequired":true,"valueName":"search_term_string"}}],"inLanguage":"es"},{"@type":"Organization","@id":"https:\/\/crees.org.do\/#organization","name":"CREES | Centro Regional de Estrategias Econ\u00f3micas Sostenibles","url":"https:\/\/crees.org.do\/","logo":{"@type":"ImageObject","inLanguage":"es","@id":"https:\/\/crees.org.do\/#\/schema\/logo\/image\/","url":"https:\/\/crees.org.do\/wp-content\/uploads\/2022\/03\/crees-logo-1.jpg","contentUrl":"https:\/\/crees.org.do\/wp-content\/uploads\/2022\/03\/crees-logo-1.jpg","width":244,"height":71,"caption":"CREES | Centro Regional de Estrategias Econ\u00f3micas Sostenibles"},"image":{"@id":"https:\/\/crees.org.do\/#\/schema\/logo\/image\/"},"sameAs":["https:\/\/www.facebook.com\/CREESRD\/","https:\/\/x.com\/CREESRD"]},{"@type":"Person","@id":"https:\/\/crees.org.do\/#\/schema\/person\/e7f97cd94d7bf9cd0e0ce30acb7d56b8","name":"Crees","image":{"@type":"ImageObject","inLanguage":"es","@id":"https:\/\/crees.org.do\/#\/schema\/person\/image\/","url":"https:\/\/secure.gravatar.com\/avatar\/390ac8f0be5d9aa046152553e2dd7011b59a512d89c150f5e5f28bb8d9a0b165?s=96&d=mm&r=g","contentUrl":"https:\/\/secure.gravatar.com\/avatar\/390ac8f0be5d9aa046152553e2dd7011b59a512d89c150f5e5f28bb8d9a0b165?s=96&d=mm&r=g","caption":"Crees"},"url":"https:\/\/crees.org.do\/?author=2"}]}},"_links":{"self":[{"href":"https:\/\/crees.org.do\/index.php?rest_route=\/wp\/v2\/posts\/20448","targetHints":{"allow":["GET"]}}],"collection":[{"href":"https:\/\/crees.org.do\/index.php?rest_route=\/wp\/v2\/posts"}],"about":[{"href":"https:\/\/crees.org.do\/index.php?rest_route=\/wp\/v2\/types\/post"}],"author":[{"embeddable":true,"href":"https:\/\/crees.org.do\/index.php?rest_route=\/wp\/v2\/users\/2"}],"replies":[{"embeddable":true,"href":"https:\/\/crees.org.do\/index.php?rest_route=%2Fwp%2Fv2%2Fcomments&post=20448"}],"version-history":[{"count":0,"href":"https:\/\/crees.org.do\/index.php?rest_route=\/wp\/v2\/posts\/20448\/revisions"}],"wp:attachment":[{"href":"https:\/\/crees.org.do\/index.php?rest_route=%2Fwp%2Fv2%2Fmedia&parent=20448"}],"wp:term":[{"taxonomy":"category","embeddable":true,"href":"https:\/\/crees.org.do\/index.php?rest_route=%2Fwp%2Fv2%2Fcategories&post=20448"},{"taxonomy":"post_tag","embeddable":true,"href":"https:\/\/crees.org.do\/index.php?rest_route=%2Fwp%2Fv2%2Ftags&post=20448"}],"curies":[{"name":"wp","href":"https:\/\/api.w.org\/{rel}","templated":true}]}}