{"id":20449,"date":"2016-01-01T00:00:00","date_gmt":"2016-01-01T00:00:00","guid":{"rendered":"https:\/\/crees.org.do\/ernesto-selman-advierte-gobierno-debe-ser-prudente-en-gasto-durante-campana-electoral\/"},"modified":"2016-01-01T00:00:00","modified_gmt":"2016-01-01T00:00:00","slug":"ernesto-selman-advierte-gobierno-debe-ser-prudente-en-gasto-durante-campana-electoral","status":"publish","type":"post","link":"https:\/\/crees.org.do\/?p=20449","title":{"rendered":"Ernesto Selman advierte Gobierno debe ser prudente en gasto durante campa\u00f1a electoral"},"content":{"rendered":"<p style=\"box-sizing: border-box; margin-bottom: 1rem; padding: 0px; border: 0px; font-stretch: inherit; line-height: 1.6em; font-family: Arial, sans-serif; font-size: 0.95rem; vertical-align: baseline; color: rgb(45, 43, 44); text-align: justify; background-color: rgb(255, 255, 255);\"><strong><span style=\"font-size:12px;\"><span style=\"font-family:verdana,geneva,sans-serif;\">Autor: Servicios de Acento.com.do<\/span><\/span><\/strong><\/p>\n<p style=\"box-sizing: border-box; margin-bottom: 1rem; padding: 0px; border: 0px; font-stretch: inherit; line-height: 1.6em; font-family: Arial, sans-serif; font-size: 0.95rem; vertical-align: baseline; color: rgb(45, 43, 44); text-align: justify; background-color: rgb(255, 255, 255);\"><span style=\"font-size:12px;\"><span style=\"font-family:verdana,geneva,sans-serif;\">Fecha: 11\/01\/16<\/span><\/span><\/p>\n<p style=\"box-sizing: border-box; margin-bottom: 1rem; padding: 0px; border: 0px; font-stretch: inherit; line-height: 1.6em; font-family: Arial, sans-serif; font-size: 0.95rem; vertical-align: baseline; color: rgb(45, 43, 44); text-align: justify; background-color: rgb(255, 255, 255);\"><span style=\"font-size:12px;\"><span style=\"font-family:verdana,geneva,sans-serif;\">Extra\u00eddo de <a href=\"http:\/\/acento.com.do\/2016\/economia\/8314380-ernesto-selman-advierte-gobierno-debe-ser-prudente-en-gasto-durante-campana-electoral\/\">acento.com.do<\/a><\/span><\/span><\/p>\n<p style=\"box-sizing: border-box; margin-bottom: 1rem; padding: 0px; border: 0px; font-stretch: inherit; line-height: 1.6em; font-family: Arial, sans-serif; font-size: 0.95rem; vertical-align: baseline; color: rgb(45, 43, 44); text-align: justify; background-color: rgb(255, 255, 255);\">&nbsp;<\/p>\n<p style=\"box-sizing: border-box; margin-bottom: 1rem; padding: 0px; border: 0px; font-stretch: inherit; line-height: 1.6em; font-family: Arial, sans-serif; font-size: 0.95rem; vertical-align: baseline; color: rgb(45, 43, 44); text-align: justify; background-color: rgb(255, 255, 255);\"><span style=\"font-size:12px;\"><span style=\"font-family:verdana,geneva,sans-serif;\">SANTO DOMINGO, Rep\u00fablica Dominicana.-El economista Ernesto Selman advirti\u00f3 este domingo que dos grandes retos para la econom\u00eda dominicana en el 2016 son enfrentar el incremento de la tasa de inter\u00e9s por parte de Estados Unidos, y en el tema fiscal,&nbsp; el comportamiento de las autoridades del Gobierno en la administraci\u00f3n de los recursos durante el per\u00edodo electoral.<\/span><\/span><\/p>\n<p style=\"box-sizing: border-box; margin-bottom: 1rem; padding: 0px; border: 0px; font-stretch: inherit; line-height: 1.6em; font-family: Arial, sans-serif; font-size: 0.95rem; vertical-align: baseline; color: rgb(45, 43, 44); text-align: justify; background-color: rgb(255, 255, 255);\"><span style=\"font-size:12px;\"><span style=\"font-family:verdana,geneva,sans-serif;\">&ldquo;Hemos visto hist\u00f3ricamente un aumento del gasto p\u00fablico durante per\u00edodos electorales, lo cual va a implicar mayor deuda. Entonces es un gran desaf\u00edo la forma en que se manejen las finanzas p\u00fablica&rdquo;, expres\u00f3 el vicepresidente ejecutivo del Centro Regional de Estrategias Econ\u00f3micas Sostenibles (CREES).<\/span><\/span><\/p>\n<p style=\"box-sizing: border-box; margin-bottom: 1rem; padding: 0px; border: 0px; font-stretch: inherit; line-height: 1.6em; font-family: Arial, sans-serif; font-size: 0.95rem; vertical-align: baseline; color: rgb(45, 43, 44); text-align: justify; background-color: rgb(255, 255, 255);\"><span style=\"font-size:12px;\"><span style=\"font-family:verdana,geneva,sans-serif;\">Entrevistado en el programa Toque Final con Julio Mart\u00ednez Pozo, que cada domingo se transmite por Antena Latina, canal 7, Selman indic\u00f3 que el Gobierno sigue gastando m\u00e1s de lo que ingresa. &ldquo;Eso est\u00e1 penalizando la ejecuci\u00f3n presupuestaria&rdquo;, asegur\u00f3.<\/span><\/span><\/p>\n<p style=\"box-sizing: border-box; margin-bottom: 1rem; padding: 0px; border: 0px; font-stretch: inherit; line-height: 1.6em; font-family: Arial, sans-serif; font-size: 0.95rem; vertical-align: baseline; color: rgb(45, 43, 44); text-align: justify; background-color: rgb(255, 255, 255);\"><span style=\"font-size:12px;\"><span style=\"font-family:verdana,geneva,sans-serif;\">Explic\u00f3 que los temas pol\u00edticos y electorales han dominado la agenda nacional, incluso la econ\u00f3mica, lo que implica que no se tomen medidas para resguardar los beneficios del desempe\u00f1o econ\u00f3mico que ha tenido el pa\u00eds, y de esa forma evitar males en el futuro.<\/span><\/span><\/p>\n<p style=\"box-sizing: border-box; margin-bottom: 1rem; padding: 0px; border: 0px; font-stretch: inherit; line-height: 1.6em; font-family: Arial, sans-serif; font-size: 0.95rem; vertical-align: baseline; color: rgb(45, 43, 44); text-align: justify; background-color: rgb(255, 255, 255);\"><span style=\"font-size:12px;\"><span style=\"font-family:verdana,geneva,sans-serif;\"><strong style=\"box-sizing: border-box; margin: 0px; padding: 0px; border: 0px; font-style: inherit; font-variant: inherit; font-stretch: inherit; line-height: inherit; font-family: inherit; font-size: 15.2px; vertical-align: baseline;\">Empresas y competencia<\/strong><\/span><\/span><\/p>\n<p style=\"box-sizing: border-box; margin-bottom: 1rem; padding: 0px; border: 0px; font-stretch: inherit; line-height: 1.6em; font-family: Arial, sans-serif; font-size: 0.95rem; vertical-align: baseline; color: rgb(45, 43, 44); text-align: justify; background-color: rgb(255, 255, 255);\"><span style=\"font-size:12px;\"><span style=\"font-family:verdana,geneva,sans-serif;\">En otro aspecto, el economista Ernesto Selman sostuvo que la capacidad de las empresas para competir sigui\u00f3 rezagada en el 2015, debido a que no se puso en marcha ninguna reforma. Abog\u00f3 porque en el a\u00f1o que comienza se retomen las pol\u00edticas p\u00fablicas dirigidas a impulsar reformas que fortalezcan la capacidad de&nbsp; competir de las empresas.<\/span><\/span><\/p>\n<p style=\"box-sizing: border-box; margin-bottom: 1rem; padding: 0px; border: 0px; font-stretch: inherit; line-height: 1.6em; font-family: Arial, sans-serif; font-size: 0.95rem; vertical-align: baseline; color: rgb(45, 43, 44); text-align: justify; background-color: rgb(255, 255, 255);\"><span style=\"font-size:12px;\"><span style=\"font-family:verdana,geneva,sans-serif;\">Asimismo, advirti\u00f3 que las exportaciones nacionales siguen cayendo, situaci\u00f3n que representa un desaf\u00edo para la Rep\u00fablica Dominicana.<\/span><\/span><\/p>\n<p style=\"box-sizing: border-box; margin-bottom: 1rem; padding: 0px; border: 0px; font-stretch: inherit; line-height: 1.6em; font-family: Arial, sans-serif; font-size: 0.95rem; vertical-align: baseline; color: rgb(45, 43, 44); text-align: justify; background-color: rgb(255, 255, 255);\"><span style=\"font-size:12px;\"><span style=\"font-family:verdana,geneva,sans-serif;\">Ernesto Selman dijo que la econom\u00eda del pa\u00eds durante el 2015 present\u00f3 luces y sombras en su desempe\u00f1o, y que uno de los beneficios fue b\u00e1sicamente a trav\u00e9s de la reducci\u00f3n de los precios del petr\u00f3leo, lo que permiti\u00f3 que se ahorraran unos mil 300 millones de d\u00f3lares en pagos en el exterior. &ldquo;Parte de esa reducci\u00f3n de precios se tradujo al precio de los combustibles en un 30% a 33%.&nbsp; Sin embargo, esto afect\u00f3 las exportaciones de oro e implic\u00f3 que haya menor cantidad de d\u00f3lares en nuestra econom\u00eda&rdquo;.<\/span><\/span><\/p>\n<p style=\"box-sizing: border-box; margin-bottom: 1rem; padding: 0px; border: 0px; font-stretch: inherit; line-height: 1.6em; font-family: Arial, sans-serif; font-size: 0.95rem; vertical-align: baseline; color: rgb(45, 43, 44); text-align: justify; background-color: rgb(255, 255, 255);\"><span style=\"font-size:12px;\"><span style=\"font-family:verdana,geneva,sans-serif;\">Entiende que en t\u00e9rminos netos el 2015 fue positivo porque se ahorr\u00f3 m\u00e1s en los pagos a&nbsp; la importaci\u00f3n de petr\u00f3leo y derivados, aunque hacia futuro tal vez sea otra la pel\u00edcula.<\/span><\/span><\/p>\n<p style=\"box-sizing: border-box; margin-bottom: 1rem; padding: 0px; border: 0px; font-stretch: inherit; line-height: 1.6em; font-family: Arial, sans-serif; font-size: 0.95rem; vertical-align: baseline; color: rgb(45, 43, 44); text-align: justify; background-color: rgb(255, 255, 255);\"><span style=\"font-size:12px;\"><span style=\"font-family:verdana,geneva,sans-serif;\">Selman indic\u00f3 que aunque la econom\u00eda dominicana present\u00f3 un crecimiento saludable en el 2015, la cifra ofrecida por el Banco Central, cercana a un 7% es muy optimista para la realidad dominicana. En ese sentido, insisti\u00f3 en que hay que buscar la metodolog\u00eda y la instituci\u00f3n independiente para que recabe las estad\u00edsticas, las calcule y las publique.<\/span><\/span><\/p>\n<div class=\"pvc_clear\"><\/div>\n<p class=\"pvc_stats all \" data-element-id=\"20449\" style=\"\"><i class=\"pvc-stats-icon medium\" aria-hidden=\"true\"><svg aria-hidden=\"true\" focusable=\"false\" data-prefix=\"far\" data-icon=\"chart-bar\" role=\"img\" xmlns=\"http:\/\/www.w3.org\/2000\/svg\" viewBox=\"0 0 512 512\" class=\"svg-inline--fa fa-chart-bar fa-w-16 fa-2x\"><path fill=\"currentColor\" d=\"M396.8 352h22.4c6.4 0 12.8-6.4 12.8-12.8V108.8c0-6.4-6.4-12.8-12.8-12.8h-22.4c-6.4 0-12.8 6.4-12.8 12.8v230.4c0 6.4 6.4 12.8 12.8 12.8zm-192 0h22.4c6.4 0 12.8-6.4 12.8-12.8V140.8c0-6.4-6.4-12.8-12.8-12.8h-22.4c-6.4 0-12.8 6.4-12.8 12.8v198.4c0 6.4 6.4 12.8 12.8 12.8zm96 0h22.4c6.4 0 12.8-6.4 12.8-12.8V204.8c0-6.4-6.4-12.8-12.8-12.8h-22.4c-6.4 0-12.8 6.4-12.8 12.8v134.4c0 6.4 6.4 12.8 12.8 12.8zM496 400H48V80c0-8.84-7.16-16-16-16H16C7.16 64 0 71.16 0 80v336c0 17.67 14.33 32 32 32h464c8.84 0 16-7.16 16-16v-16c0-8.84-7.16-16-16-16zm-387.2-48h22.4c6.4 0 12.8-6.4 12.8-12.8v-70.4c0-6.4-6.4-12.8-12.8-12.8h-22.4c-6.4 0-12.8 6.4-12.8 12.8v70.4c0 6.4 6.4 12.8 12.8 12.8z\" class=\"\"><\/path><\/svg><\/i> Vistas Totales&nbsp;300&nbsp;, Vistas Hoy&nbsp;2&nbsp;<\/p>\n<div class=\"pvc_clear\"><\/div>\n","protected":false},"excerpt":{"rendered":"<p>full_html<\/p>\n<div class=\"pvc_clear\"><\/div>\n<p class=\"pvc_stats all \" data-element-id=\"20449\" style=\"\"><i class=\"pvc-stats-icon medium\" aria-hidden=\"true\"><svg aria-hidden=\"true\" focusable=\"false\" data-prefix=\"far\" data-icon=\"chart-bar\" role=\"img\" xmlns=\"http:\/\/www.w3.org\/2000\/svg\" viewBox=\"0 0 512 512\" class=\"svg-inline--fa fa-chart-bar fa-w-16 fa-2x\"><path fill=\"currentColor\" d=\"M396.8 352h22.4c6.4 0 12.8-6.4 12.8-12.8V108.8c0-6.4-6.4-12.8-12.8-12.8h-22.4c-6.4 0-12.8 6.4-12.8 12.8v230.4c0 6.4 6.4 12.8 12.8 12.8zm-192 0h22.4c6.4 0 12.8-6.4 12.8-12.8V140.8c0-6.4-6.4-12.8-12.8-12.8h-22.4c-6.4 0-12.8 6.4-12.8 12.8v198.4c0 6.4 6.4 12.8 12.8 12.8zm96 0h22.4c6.4 0 12.8-6.4 12.8-12.8V204.8c0-6.4-6.4-12.8-12.8-12.8h-22.4c-6.4 0-12.8 6.4-12.8 12.8v134.4c0 6.4 6.4 12.8 12.8 12.8zM496 400H48V80c0-8.84-7.16-16-16-16H16C7.16 64 0 71.16 0 80v336c0 17.67 14.33 32 32 32h464c8.84 0 16-7.16 16-16v-16c0-8.84-7.16-16-16-16zm-387.2-48h22.4c6.4 0 12.8-6.4 12.8-12.8v-70.4c0-6.4-6.4-12.8-12.8-12.8h-22.4c-6.4 0-12.8 6.4-12.8 12.8v70.4c0 6.4 6.4 12.8 12.8 12.8z\" class=\"\"><\/path><\/svg><\/i> Vistas Totales&nbsp;300&nbsp;, Vistas Hoy&nbsp;2&nbsp;<\/p>\n<div class=\"pvc_clear\"><\/div>\n","protected":false},"author":2,"featured_media":0,"comment_status":"open","ping_status":"open","sticky":false,"template":"","format":"standard","meta":{"footnotes":""},"categories":[21],"tags":[],"class_list":["post-20449","post","type-post","status-publish","format-standard","hentry","category-blog"],"yoast_head":"<!-- This site is optimized with the Yoast SEO plugin v25.2 - https:\/\/yoast.com\/wordpress\/plugins\/seo\/ -->\n<title>Ernesto Selman advierte Gobierno debe ser prudente en gasto durante campa\u00f1a electoral | CREES<\/title>\n<meta name=\"robots\" content=\"index, follow, max-snippet:-1, max-image-preview:large, max-video-preview:-1\" \/>\n<link rel=\"canonical\" href=\"https:\/\/crees.org.do\/?p=20449\" \/>\n<meta property=\"og:locale\" content=\"es_ES\" \/>\n<meta property=\"og:type\" content=\"article\" \/>\n<meta property=\"og:title\" content=\"Ernesto Selman advierte Gobierno debe ser prudente en gasto durante campa\u00f1a electoral | CREES\" \/>\n<meta property=\"og:description\" content=\"full_html\" \/>\n<meta property=\"og:url\" content=\"https:\/\/crees.org.do\/?p=20449\" \/>\n<meta property=\"og:site_name\" content=\"CREES\" \/>\n<meta property=\"article:publisher\" content=\"https:\/\/www.facebook.com\/CREESRD\/\" \/>\n<meta property=\"article:published_time\" content=\"2016-01-01T00:00:00+00:00\" \/>\n<meta property=\"og:image\" content=\"https:\/\/crees.org.do\/wp-content\/uploads\/2022\/03\/crees-logo-1.jpg\" \/>\n\t<meta property=\"og:image:width\" content=\"244\" \/>\n\t<meta property=\"og:image:height\" content=\"71\" \/>\n\t<meta property=\"og:image:type\" content=\"image\/jpeg\" \/>\n<meta name=\"author\" content=\"Crees\" \/>\n<meta name=\"twitter:card\" content=\"summary_large_image\" \/>\n<meta name=\"twitter:creator\" content=\"@CREESRD\" \/>\n<meta name=\"twitter:site\" content=\"@CREESRD\" \/>\n<meta name=\"twitter:label1\" content=\"Escrito por\" \/>\n\t<meta name=\"twitter:data1\" content=\"Crees\" \/>\n\t<meta name=\"twitter:label2\" content=\"Tiempo de lectura\" \/>\n\t<meta name=\"twitter:data2\" content=\"2 minutos\" \/>\n<script type=\"application\/ld+json\" class=\"yoast-schema-graph\">{\"@context\":\"https:\/\/schema.org\",\"@graph\":[{\"@type\":\"Article\",\"@id\":\"https:\/\/crees.org.do\/?p=20449#article\",\"isPartOf\":{\"@id\":\"https:\/\/crees.org.do\/?p=20449\"},\"author\":{\"name\":\"Crees\",\"@id\":\"https:\/\/crees.org.do\/#\/schema\/person\/e7f97cd94d7bf9cd0e0ce30acb7d56b8\"},\"headline\":\"Ernesto Selman advierte Gobierno debe ser prudente en gasto durante campa\u00f1a electoral\",\"datePublished\":\"2016-01-01T00:00:00+00:00\",\"mainEntityOfPage\":{\"@id\":\"https:\/\/crees.org.do\/?p=20449\"},\"wordCount\":512,\"commentCount\":0,\"publisher\":{\"@id\":\"https:\/\/crees.org.do\/#organization\"},\"articleSection\":[\"Blog\"],\"inLanguage\":\"es\"},{\"@type\":\"WebPage\",\"@id\":\"https:\/\/crees.org.do\/?p=20449\",\"url\":\"https:\/\/crees.org.do\/?p=20449\",\"name\":\"Ernesto Selman advierte Gobierno debe ser prudente en gasto durante campa\u00f1a electoral | CREES\",\"isPartOf\":{\"@id\":\"https:\/\/crees.org.do\/#website\"},\"datePublished\":\"2016-01-01T00:00:00+00:00\",\"breadcrumb\":{\"@id\":\"https:\/\/crees.org.do\/?p=20449#breadcrumb\"},\"inLanguage\":\"es\",\"potentialAction\":[{\"@type\":\"ReadAction\",\"target\":[\"https:\/\/crees.org.do\/?p=20449\"]}]},{\"@type\":\"BreadcrumbList\",\"@id\":\"https:\/\/crees.org.do\/?p=20449#breadcrumb\",\"itemListElement\":[{\"@type\":\"ListItem\",\"position\":1,\"name\":\"Portada\",\"item\":\"https:\/\/crees.org.do\/\"},{\"@type\":\"ListItem\",\"position\":2,\"name\":\"Ernesto Selman advierte Gobierno debe ser prudente en gasto durante campa\u00f1a electoral\"}]},{\"@type\":\"WebSite\",\"@id\":\"https:\/\/crees.org.do\/#website\",\"url\":\"https:\/\/crees.org.do\/\",\"name\":\"CREES\",\"description\":\"Centro Regional de Estrategias Econ\u00f3micas Sostenibles\",\"publisher\":{\"@id\":\"https:\/\/crees.org.do\/#organization\"},\"potentialAction\":[{\"@type\":\"SearchAction\",\"target\":{\"@type\":\"EntryPoint\",\"urlTemplate\":\"https:\/\/crees.org.do\/?s={search_term_string}\"},\"query-input\":{\"@type\":\"PropertyValueSpecification\",\"valueRequired\":true,\"valueName\":\"search_term_string\"}}],\"inLanguage\":\"es\"},{\"@type\":\"Organization\",\"@id\":\"https:\/\/crees.org.do\/#organization\",\"name\":\"CREES | Centro Regional de Estrategias Econ\u00f3micas Sostenibles\",\"url\":\"https:\/\/crees.org.do\/\",\"logo\":{\"@type\":\"ImageObject\",\"inLanguage\":\"es\",\"@id\":\"https:\/\/crees.org.do\/#\/schema\/logo\/image\/\",\"url\":\"https:\/\/crees.org.do\/wp-content\/uploads\/2022\/03\/crees-logo-1.jpg\",\"contentUrl\":\"https:\/\/crees.org.do\/wp-content\/uploads\/2022\/03\/crees-logo-1.jpg\",\"width\":244,\"height\":71,\"caption\":\"CREES | Centro Regional de Estrategias Econ\u00f3micas Sostenibles\"},\"image\":{\"@id\":\"https:\/\/crees.org.do\/#\/schema\/logo\/image\/\"},\"sameAs\":[\"https:\/\/www.facebook.com\/CREESRD\/\",\"https:\/\/x.com\/CREESRD\"]},{\"@type\":\"Person\",\"@id\":\"https:\/\/crees.org.do\/#\/schema\/person\/e7f97cd94d7bf9cd0e0ce30acb7d56b8\",\"name\":\"Crees\",\"image\":{\"@type\":\"ImageObject\",\"inLanguage\":\"es\",\"@id\":\"https:\/\/crees.org.do\/#\/schema\/person\/image\/\",\"url\":\"https:\/\/secure.gravatar.com\/avatar\/390ac8f0be5d9aa046152553e2dd7011b59a512d89c150f5e5f28bb8d9a0b165?s=96&d=mm&r=g\",\"contentUrl\":\"https:\/\/secure.gravatar.com\/avatar\/390ac8f0be5d9aa046152553e2dd7011b59a512d89c150f5e5f28bb8d9a0b165?s=96&d=mm&r=g\",\"caption\":\"Crees\"},\"url\":\"https:\/\/crees.org.do\/?author=2\"}]}<\/script>\n<!-- \/ Yoast SEO plugin. -->","yoast_head_json":{"title":"Ernesto Selman advierte Gobierno debe ser prudente en gasto durante campa\u00f1a electoral | CREES","robots":{"index":"index","follow":"follow","max-snippet":"max-snippet:-1","max-image-preview":"max-image-preview:large","max-video-preview":"max-video-preview:-1"},"canonical":"https:\/\/crees.org.do\/?p=20449","og_locale":"es_ES","og_type":"article","og_title":"Ernesto Selman advierte Gobierno debe ser prudente en gasto durante campa\u00f1a electoral | CREES","og_description":"full_html","og_url":"https:\/\/crees.org.do\/?p=20449","og_site_name":"CREES","article_publisher":"https:\/\/www.facebook.com\/CREESRD\/","article_published_time":"2016-01-01T00:00:00+00:00","og_image":[{"width":244,"height":71,"url":"https:\/\/crees.org.do\/wp-content\/uploads\/2022\/03\/crees-logo-1.jpg","type":"image\/jpeg"}],"author":"Crees","twitter_card":"summary_large_image","twitter_creator":"@CREESRD","twitter_site":"@CREESRD","twitter_misc":{"Escrito por":"Crees","Tiempo de lectura":"2 minutos"},"schema":{"@context":"https:\/\/schema.org","@graph":[{"@type":"Article","@id":"https:\/\/crees.org.do\/?p=20449#article","isPartOf":{"@id":"https:\/\/crees.org.do\/?p=20449"},"author":{"name":"Crees","@id":"https:\/\/crees.org.do\/#\/schema\/person\/e7f97cd94d7bf9cd0e0ce30acb7d56b8"},"headline":"Ernesto Selman advierte Gobierno debe ser prudente en gasto durante campa\u00f1a electoral","datePublished":"2016-01-01T00:00:00+00:00","mainEntityOfPage":{"@id":"https:\/\/crees.org.do\/?p=20449"},"wordCount":512,"commentCount":0,"publisher":{"@id":"https:\/\/crees.org.do\/#organization"},"articleSection":["Blog"],"inLanguage":"es"},{"@type":"WebPage","@id":"https:\/\/crees.org.do\/?p=20449","url":"https:\/\/crees.org.do\/?p=20449","name":"Ernesto Selman advierte Gobierno debe ser prudente en gasto durante campa\u00f1a electoral | CREES","isPartOf":{"@id":"https:\/\/crees.org.do\/#website"},"datePublished":"2016-01-01T00:00:00+00:00","breadcrumb":{"@id":"https:\/\/crees.org.do\/?p=20449#breadcrumb"},"inLanguage":"es","potentialAction":[{"@type":"ReadAction","target":["https:\/\/crees.org.do\/?p=20449"]}]},{"@type":"BreadcrumbList","@id":"https:\/\/crees.org.do\/?p=20449#breadcrumb","itemListElement":[{"@type":"ListItem","position":1,"name":"Portada","item":"https:\/\/crees.org.do\/"},{"@type":"ListItem","position":2,"name":"Ernesto Selman advierte Gobierno debe ser prudente en gasto durante campa\u00f1a electoral"}]},{"@type":"WebSite","@id":"https:\/\/crees.org.do\/#website","url":"https:\/\/crees.org.do\/","name":"CREES","description":"Centro Regional de Estrategias Econ\u00f3micas Sostenibles","publisher":{"@id":"https:\/\/crees.org.do\/#organization"},"potentialAction":[{"@type":"SearchAction","target":{"@type":"EntryPoint","urlTemplate":"https:\/\/crees.org.do\/?s={search_term_string}"},"query-input":{"@type":"PropertyValueSpecification","valueRequired":true,"valueName":"search_term_string"}}],"inLanguage":"es"},{"@type":"Organization","@id":"https:\/\/crees.org.do\/#organization","name":"CREES | Centro Regional de Estrategias Econ\u00f3micas Sostenibles","url":"https:\/\/crees.org.do\/","logo":{"@type":"ImageObject","inLanguage":"es","@id":"https:\/\/crees.org.do\/#\/schema\/logo\/image\/","url":"https:\/\/crees.org.do\/wp-content\/uploads\/2022\/03\/crees-logo-1.jpg","contentUrl":"https:\/\/crees.org.do\/wp-content\/uploads\/2022\/03\/crees-logo-1.jpg","width":244,"height":71,"caption":"CREES | Centro Regional de Estrategias Econ\u00f3micas Sostenibles"},"image":{"@id":"https:\/\/crees.org.do\/#\/schema\/logo\/image\/"},"sameAs":["https:\/\/www.facebook.com\/CREESRD\/","https:\/\/x.com\/CREESRD"]},{"@type":"Person","@id":"https:\/\/crees.org.do\/#\/schema\/person\/e7f97cd94d7bf9cd0e0ce30acb7d56b8","name":"Crees","image":{"@type":"ImageObject","inLanguage":"es","@id":"https:\/\/crees.org.do\/#\/schema\/person\/image\/","url":"https:\/\/secure.gravatar.com\/avatar\/390ac8f0be5d9aa046152553e2dd7011b59a512d89c150f5e5f28bb8d9a0b165?s=96&d=mm&r=g","contentUrl":"https:\/\/secure.gravatar.com\/avatar\/390ac8f0be5d9aa046152553e2dd7011b59a512d89c150f5e5f28bb8d9a0b165?s=96&d=mm&r=g","caption":"Crees"},"url":"https:\/\/crees.org.do\/?author=2"}]}},"_links":{"self":[{"href":"https:\/\/crees.org.do\/index.php?rest_route=\/wp\/v2\/posts\/20449","targetHints":{"allow":["GET"]}}],"collection":[{"href":"https:\/\/crees.org.do\/index.php?rest_route=\/wp\/v2\/posts"}],"about":[{"href":"https:\/\/crees.org.do\/index.php?rest_route=\/wp\/v2\/types\/post"}],"author":[{"embeddable":true,"href":"https:\/\/crees.org.do\/index.php?rest_route=\/wp\/v2\/users\/2"}],"replies":[{"embeddable":true,"href":"https:\/\/crees.org.do\/index.php?rest_route=%2Fwp%2Fv2%2Fcomments&post=20449"}],"version-history":[{"count":0,"href":"https:\/\/crees.org.do\/index.php?rest_route=\/wp\/v2\/posts\/20449\/revisions"}],"wp:attachment":[{"href":"https:\/\/crees.org.do\/index.php?rest_route=%2Fwp%2Fv2%2Fmedia&parent=20449"}],"wp:term":[{"taxonomy":"category","embeddable":true,"href":"https:\/\/crees.org.do\/index.php?rest_route=%2Fwp%2Fv2%2Fcategories&post=20449"},{"taxonomy":"post_tag","embeddable":true,"href":"https:\/\/crees.org.do\/index.php?rest_route=%2Fwp%2Fv2%2Ftags&post=20449"}],"curies":[{"name":"wp","href":"https:\/\/api.w.org\/{rel}","templated":true}]}}