{"id":20451,"date":"2016-01-01T00:00:00","date_gmt":"2016-01-01T00:00:00","guid":{"rendered":"https:\/\/crees.org.do\/comercio-se-queja-banca-no-satisface-demanda-dolares\/"},"modified":"2016-01-01T00:00:00","modified_gmt":"2016-01-01T00:00:00","slug":"comercio-se-queja-banca-no-satisface-demanda-dolares","status":"publish","type":"post","link":"https:\/\/crees.org.do\/?p=20451","title":{"rendered":"Comercio se queja banca no satisface demanda d\u00f3lares"},"content":{"rendered":"<p style=\"border: 0px; font-family: Arial, Helvetica, sans-serif; margin-bottom: 15px; outline: 0px; padding: 0px; vertical-align: baseline; color: rgb(20, 20, 20); line-height: 22px; text-align: justify; background-color: rgb(255, 255, 255);\"><strong><span style=\"font-size:12px;\"><span style=\"font-family:verdana,geneva,sans-serif;\">Autor: Amarilis Castro Jim\u00e9nez<\/span><\/span><\/strong><\/p>\n<p style=\"border: 0px; font-family: Arial, Helvetica, sans-serif; margin-bottom: 15px; outline: 0px; padding: 0px; vertical-align: baseline; color: rgb(20, 20, 20); line-height: 22px; text-align: justify; background-color: rgb(255, 255, 255);\"><span style=\"font-size:12px;\"><span style=\"font-family:verdana,geneva,sans-serif;\">Fecha: 13\/01\/2016<\/span><\/span><\/p>\n<p style=\"border: 0px; font-family: Arial, Helvetica, sans-serif; margin-bottom: 15px; outline: 0px; padding: 0px; vertical-align: baseline; color: rgb(20, 20, 20); line-height: 22px; text-align: justify; background-color: rgb(255, 255, 255);\"><span style=\"font-size:12px;\"><span style=\"font-family:verdana,geneva,sans-serif;\">Extra\u00eddo de <a href=\"http:\/\/hoy.com.do\/comercio-se-queja-banca-no-satisface-demanda-dolares\/\">hoy.com.do<\/a><\/span><\/span><\/p>\n<p style=\"border: 0px; font-family: Arial, Helvetica, sans-serif; margin-bottom: 15px; outline: 0px; padding: 0px; vertical-align: baseline; color: rgb(20, 20, 20); line-height: 22px; text-align: justify; background-color: rgb(255, 255, 255);\">&nbsp;<\/p>\n<p style=\"border: 0px; font-family: Arial, Helvetica, sans-serif; margin-bottom: 15px; outline: 0px; padding: 0px; vertical-align: baseline; color: rgb(20, 20, 20); line-height: 22px; text-align: justify; background-color: rgb(255, 255, 255);\"><span style=\"font-size:12px;\"><span style=\"font-family:verdana,geneva,sans-serif;\">La Organizaci\u00f3n Nacional de Empresas Comerciales (ONEC) revel\u00f3 que algunos de sus miembros se han quejado por la dificultad para conseguir d\u00f3lares en la banca comercial para poder cumplir compromisos con sus suplidores internacionales. De acuerdo a directivos de esa entidad, que agrupa a las principales cadenas comerciales del pa\u00eds, la situaci\u00f3n viene registr\u00e1ndose desde el mes de diciembre del pasado a\u00f1o hasta la fecha.<\/span><\/span><\/p>\n<p style=\"border: 0px; font-family: Arial, Helvetica, sans-serif; margin-bottom: 15px; outline: 0px; padding: 0px; vertical-align: baseline; color: rgb(20, 20, 20); line-height: 22px; text-align: justify; background-color: rgb(255, 255, 255);\"><span style=\"font-size:12px;\"><span style=\"font-family:verdana,geneva,sans-serif;\">Durante una entrevista para HOY, el presidente de la ONEC, Antonio Ramos, y el pasado presidente de esa organizaci\u00f3n, Ernesto Mart\u00ednez, dijeron que algunos de sus socios se est\u00e1n quejando de que cuando acuden a la banca a comprar d\u00f3lares para poder realizar los pagos a sus suplidores en el exterior, se les ha hecho un poco dif\u00edcil porque no hay suficientes divisas para atender la demanda.<\/span><\/span><\/p>\n<p style=\"border: 0px; font-family: Arial, Helvetica, sans-serif; margin-bottom: 15px; outline: 0px; padding: 0px; vertical-align: baseline; color: rgb(20, 20, 20); line-height: 22px; text-align: justify; background-color: rgb(255, 255, 255);\"><span style=\"font-size:12px;\"><span style=\"font-family:verdana,geneva,sans-serif;\">Consideran que quiz\u00e1s eso no provoque la creaci\u00f3n de un mercado paralelo, pero si podr\u00eda provocar que se dispare la tasa del d\u00f3lar.<\/span><\/span><\/p>\n<p style=\"border: 0px; font-family: Arial, Helvetica, sans-serif; margin-bottom: 15px; outline: 0px; padding: 0px; vertical-align: baseline; color: rgb(20, 20, 20); line-height: 22px; text-align: justify; background-color: rgb(255, 255, 255);\"><span style=\"font-size:12px;\"><span style=\"font-family:verdana,geneva,sans-serif;\">En ese sentido, los empresarios entienden que es una situaci\u00f3n a la que hay que prestarle atenci\u00f3n.<\/span><\/span><\/p>\n<p style=\"border: 0px; font-family: Arial, Helvetica, sans-serif; margin-bottom: 15px; outline: 0px; padding: 0px; vertical-align: baseline; color: rgb(20, 20, 20); line-height: 22px; text-align: justify; background-color: rgb(255, 255, 255);\"><span style=\"font-size:12px;\"><span style=\"font-family:verdana,geneva,sans-serif;\">Recordaron que de acuerdo a las \u00faltimas estad\u00edsticas presentadas por el Banco Central las reservas internacionales que tiene el pa\u00eds est\u00e1n a un nivel record, sin embargo dijeron que a nivel de la banca comercial no hay tanta disponibilidad de d\u00f3lares como la demanda que existe.<\/span><\/span><\/p>\n<p style=\"border: 0px; font-family: Arial, Helvetica, sans-serif; margin-bottom: 15px; outline: 0px; padding: 0px; vertical-align: baseline; color: rgb(20, 20, 20); line-height: 22px; text-align: justify; background-color: rgb(255, 255, 255);\"><span style=\"font-size:12px;\"><span style=\"font-family:verdana,geneva,sans-serif;\">Dijeron que desconocen los motivos que est\u00e1n provocando esa situaci\u00f3n.<br \/>De acuerdo al ultimo informe presentado por el Banco Central con relaci\u00f3n al comportamiento de la econom\u00eda en el 2015, el pa\u00eds cuenta con niveles hist\u00f3ricos de Reservas Internacionales, equivalentes a 3.6 meses de importaciones y una entrada combinada de ingresos de divisas por concepto de exportaciones de bienes, turismo, remesas, inversi\u00f3n extranjera directa que superaron los US$23,000 millones.<\/span><\/span><\/p>\n<div class=\"pvc_clear\"><\/div>\n<p class=\"pvc_stats all \" data-element-id=\"20451\" style=\"\"><i class=\"pvc-stats-icon medium\" aria-hidden=\"true\"><svg aria-hidden=\"true\" focusable=\"false\" data-prefix=\"far\" data-icon=\"chart-bar\" role=\"img\" xmlns=\"http:\/\/www.w3.org\/2000\/svg\" viewBox=\"0 0 512 512\" class=\"svg-inline--fa fa-chart-bar fa-w-16 fa-2x\"><path fill=\"currentColor\" d=\"M396.8 352h22.4c6.4 0 12.8-6.4 12.8-12.8V108.8c0-6.4-6.4-12.8-12.8-12.8h-22.4c-6.4 0-12.8 6.4-12.8 12.8v230.4c0 6.4 6.4 12.8 12.8 12.8zm-192 0h22.4c6.4 0 12.8-6.4 12.8-12.8V140.8c0-6.4-6.4-12.8-12.8-12.8h-22.4c-6.4 0-12.8 6.4-12.8 12.8v198.4c0 6.4 6.4 12.8 12.8 12.8zm96 0h22.4c6.4 0 12.8-6.4 12.8-12.8V204.8c0-6.4-6.4-12.8-12.8-12.8h-22.4c-6.4 0-12.8 6.4-12.8 12.8v134.4c0 6.4 6.4 12.8 12.8 12.8zM496 400H48V80c0-8.84-7.16-16-16-16H16C7.16 64 0 71.16 0 80v336c0 17.67 14.33 32 32 32h464c8.84 0 16-7.16 16-16v-16c0-8.84-7.16-16-16-16zm-387.2-48h22.4c6.4 0 12.8-6.4 12.8-12.8v-70.4c0-6.4-6.4-12.8-12.8-12.8h-22.4c-6.4 0-12.8 6.4-12.8 12.8v70.4c0 6.4 6.4 12.8 12.8 12.8z\" class=\"\"><\/path><\/svg><\/i> Vistas Totales&nbsp;265&nbsp;, Vistas Hoy&nbsp;2&nbsp;<\/p>\n<div class=\"pvc_clear\"><\/div>\n","protected":false},"excerpt":{"rendered":"<p>Autor: Amarilis Castro Jim\u00e9nezFecha: 13\/01\/2016Extra\u00eddo de hoy.com.doLa Organizaci\u00f3n Nacional de Empresas Comerciales (ONEC) revel\u00f3 que algunos de sus miembros se han quejado por la dificultad para conseguir d\u00f3lares en la banca comercial para poder cumplir compromisos con sus suplidores internacionales. De acuerdo a directivos de esa entidad, que agrupa a las principales cadenas comerciales del pa\u00eds, la situaci\u00f3n viene registr\u00e1ndose desde el mes de diciembre del pasado a\u00f1o hasta la fecha.<\/p>\n<div class=\"pvc_clear\"><\/div>\n<p class=\"pvc_stats all \" data-element-id=\"20451\" style=\"\"><i class=\"pvc-stats-icon medium\" aria-hidden=\"true\"><svg aria-hidden=\"true\" focusable=\"false\" data-prefix=\"far\" data-icon=\"chart-bar\" role=\"img\" xmlns=\"http:\/\/www.w3.org\/2000\/svg\" viewBox=\"0 0 512 512\" class=\"svg-inline--fa fa-chart-bar fa-w-16 fa-2x\"><path fill=\"currentColor\" d=\"M396.8 352h22.4c6.4 0 12.8-6.4 12.8-12.8V108.8c0-6.4-6.4-12.8-12.8-12.8h-22.4c-6.4 0-12.8 6.4-12.8 12.8v230.4c0 6.4 6.4 12.8 12.8 12.8zm-192 0h22.4c6.4 0 12.8-6.4 12.8-12.8V140.8c0-6.4-6.4-12.8-12.8-12.8h-22.4c-6.4 0-12.8 6.4-12.8 12.8v198.4c0 6.4 6.4 12.8 12.8 12.8zm96 0h22.4c6.4 0 12.8-6.4 12.8-12.8V204.8c0-6.4-6.4-12.8-12.8-12.8h-22.4c-6.4 0-12.8 6.4-12.8 12.8v134.4c0 6.4 6.4 12.8 12.8 12.8zM496 400H48V80c0-8.84-7.16-16-16-16H16C7.16 64 0 71.16 0 80v336c0 17.67 14.33 32 32 32h464c8.84 0 16-7.16 16-16v-16c0-8.84-7.16-16-16-16zm-387.2-48h22.4c6.4 0 12.8-6.4 12.8-12.8v-70.4c0-6.4-6.4-12.8-12.8-12.8h-22.4c-6.4 0-12.8 6.4-12.8 12.8v70.4c0 6.4 6.4 12.8 12.8 12.8z\" class=\"\"><\/path><\/svg><\/i> Vistas Totales&nbsp;265&nbsp;, Vistas Hoy&nbsp;2&nbsp;<\/p>\n<div class=\"pvc_clear\"><\/div>\n","protected":false},"author":2,"featured_media":0,"comment_status":"open","ping_status":"open","sticky":false,"template":"","format":"standard","meta":{"footnotes":""},"categories":[21],"tags":[],"class_list":["post-20451","post","type-post","status-publish","format-standard","hentry","category-blog"],"yoast_head":"<!-- This site is optimized with the Yoast SEO plugin v25.2 - https:\/\/yoast.com\/wordpress\/plugins\/seo\/ -->\n<title>Comercio se queja banca no satisface demanda d\u00f3lares | CREES<\/title>\n<meta name=\"robots\" content=\"index, follow, max-snippet:-1, max-image-preview:large, max-video-preview:-1\" \/>\n<link rel=\"canonical\" href=\"https:\/\/crees.org.do\/?p=20451\" \/>\n<meta property=\"og:locale\" content=\"es_ES\" \/>\n<meta property=\"og:type\" content=\"article\" \/>\n<meta property=\"og:title\" content=\"Comercio se queja banca no satisface demanda d\u00f3lares | CREES\" \/>\n<meta property=\"og:description\" content=\"Autor: Amarilis Castro Jim\u00e9nezFecha: 13\/01\/2016Extra\u00eddo de hoy.com.doLa Organizaci\u00f3n Nacional de Empresas Comerciales (ONEC) revel\u00f3 que algunos de sus miembros se han quejado por la dificultad para conseguir d\u00f3lares en la banca comercial para poder cumplir compromisos con sus suplidores internacionales. De acuerdo a directivos de esa entidad, que agrupa a las principales cadenas comerciales del pa\u00eds, la situaci\u00f3n viene registr\u00e1ndose desde el mes de diciembre del pasado a\u00f1o hasta la fecha.\" \/>\n<meta property=\"og:url\" content=\"https:\/\/crees.org.do\/?p=20451\" \/>\n<meta property=\"og:site_name\" content=\"CREES\" \/>\n<meta property=\"article:publisher\" content=\"https:\/\/www.facebook.com\/CREESRD\/\" \/>\n<meta property=\"article:published_time\" content=\"2016-01-01T00:00:00+00:00\" \/>\n<meta property=\"og:image\" content=\"https:\/\/crees.org.do\/wp-content\/uploads\/2022\/03\/crees-logo-1.jpg\" \/>\n\t<meta property=\"og:image:width\" content=\"244\" \/>\n\t<meta property=\"og:image:height\" content=\"71\" \/>\n\t<meta property=\"og:image:type\" content=\"image\/jpeg\" \/>\n<meta name=\"author\" content=\"Crees\" \/>\n<meta name=\"twitter:card\" content=\"summary_large_image\" \/>\n<meta name=\"twitter:creator\" content=\"@CREESRD\" \/>\n<meta name=\"twitter:site\" content=\"@CREESRD\" \/>\n<meta name=\"twitter:label1\" content=\"Escrito por\" \/>\n\t<meta name=\"twitter:data1\" content=\"Crees\" \/>\n\t<meta name=\"twitter:label2\" content=\"Tiempo de lectura\" \/>\n\t<meta name=\"twitter:data2\" content=\"2 minutos\" \/>\n<script type=\"application\/ld+json\" class=\"yoast-schema-graph\">{\"@context\":\"https:\/\/schema.org\",\"@graph\":[{\"@type\":\"Article\",\"@id\":\"https:\/\/crees.org.do\/?p=20451#article\",\"isPartOf\":{\"@id\":\"https:\/\/crees.org.do\/?p=20451\"},\"author\":{\"name\":\"Crees\",\"@id\":\"https:\/\/crees.org.do\/#\/schema\/person\/e7f97cd94d7bf9cd0e0ce30acb7d56b8\"},\"headline\":\"Comercio se queja banca no satisface demanda d\u00f3lares\",\"datePublished\":\"2016-01-01T00:00:00+00:00\",\"mainEntityOfPage\":{\"@id\":\"https:\/\/crees.org.do\/?p=20451\"},\"wordCount\":335,\"commentCount\":0,\"publisher\":{\"@id\":\"https:\/\/crees.org.do\/#organization\"},\"articleSection\":[\"Blog\"],\"inLanguage\":\"es\"},{\"@type\":\"WebPage\",\"@id\":\"https:\/\/crees.org.do\/?p=20451\",\"url\":\"https:\/\/crees.org.do\/?p=20451\",\"name\":\"Comercio se queja banca no satisface demanda d\u00f3lares | CREES\",\"isPartOf\":{\"@id\":\"https:\/\/crees.org.do\/#website\"},\"datePublished\":\"2016-01-01T00:00:00+00:00\",\"breadcrumb\":{\"@id\":\"https:\/\/crees.org.do\/?p=20451#breadcrumb\"},\"inLanguage\":\"es\",\"potentialAction\":[{\"@type\":\"ReadAction\",\"target\":[\"https:\/\/crees.org.do\/?p=20451\"]}]},{\"@type\":\"BreadcrumbList\",\"@id\":\"https:\/\/crees.org.do\/?p=20451#breadcrumb\",\"itemListElement\":[{\"@type\":\"ListItem\",\"position\":1,\"name\":\"Portada\",\"item\":\"https:\/\/crees.org.do\/\"},{\"@type\":\"ListItem\",\"position\":2,\"name\":\"Comercio se queja banca no satisface demanda d\u00f3lares\"}]},{\"@type\":\"WebSite\",\"@id\":\"https:\/\/crees.org.do\/#website\",\"url\":\"https:\/\/crees.org.do\/\",\"name\":\"CREES\",\"description\":\"Centro Regional de Estrategias Econ\u00f3micas Sostenibles\",\"publisher\":{\"@id\":\"https:\/\/crees.org.do\/#organization\"},\"potentialAction\":[{\"@type\":\"SearchAction\",\"target\":{\"@type\":\"EntryPoint\",\"urlTemplate\":\"https:\/\/crees.org.do\/?s={search_term_string}\"},\"query-input\":{\"@type\":\"PropertyValueSpecification\",\"valueRequired\":true,\"valueName\":\"search_term_string\"}}],\"inLanguage\":\"es\"},{\"@type\":\"Organization\",\"@id\":\"https:\/\/crees.org.do\/#organization\",\"name\":\"CREES | Centro Regional de Estrategias Econ\u00f3micas Sostenibles\",\"url\":\"https:\/\/crees.org.do\/\",\"logo\":{\"@type\":\"ImageObject\",\"inLanguage\":\"es\",\"@id\":\"https:\/\/crees.org.do\/#\/schema\/logo\/image\/\",\"url\":\"https:\/\/crees.org.do\/wp-content\/uploads\/2022\/03\/crees-logo-1.jpg\",\"contentUrl\":\"https:\/\/crees.org.do\/wp-content\/uploads\/2022\/03\/crees-logo-1.jpg\",\"width\":244,\"height\":71,\"caption\":\"CREES | Centro Regional de Estrategias Econ\u00f3micas Sostenibles\"},\"image\":{\"@id\":\"https:\/\/crees.org.do\/#\/schema\/logo\/image\/\"},\"sameAs\":[\"https:\/\/www.facebook.com\/CREESRD\/\",\"https:\/\/x.com\/CREESRD\"]},{\"@type\":\"Person\",\"@id\":\"https:\/\/crees.org.do\/#\/schema\/person\/e7f97cd94d7bf9cd0e0ce30acb7d56b8\",\"name\":\"Crees\",\"image\":{\"@type\":\"ImageObject\",\"inLanguage\":\"es\",\"@id\":\"https:\/\/crees.org.do\/#\/schema\/person\/image\/\",\"url\":\"https:\/\/secure.gravatar.com\/avatar\/390ac8f0be5d9aa046152553e2dd7011b59a512d89c150f5e5f28bb8d9a0b165?s=96&d=mm&r=g\",\"contentUrl\":\"https:\/\/secure.gravatar.com\/avatar\/390ac8f0be5d9aa046152553e2dd7011b59a512d89c150f5e5f28bb8d9a0b165?s=96&d=mm&r=g\",\"caption\":\"Crees\"},\"url\":\"https:\/\/crees.org.do\/?author=2\"}]}<\/script>\n<!-- \/ Yoast SEO plugin. -->","yoast_head_json":{"title":"Comercio se queja banca no satisface demanda d\u00f3lares | CREES","robots":{"index":"index","follow":"follow","max-snippet":"max-snippet:-1","max-image-preview":"max-image-preview:large","max-video-preview":"max-video-preview:-1"},"canonical":"https:\/\/crees.org.do\/?p=20451","og_locale":"es_ES","og_type":"article","og_title":"Comercio se queja banca no satisface demanda d\u00f3lares | CREES","og_description":"Autor: Amarilis Castro Jim\u00e9nezFecha: 13\/01\/2016Extra\u00eddo de hoy.com.doLa Organizaci\u00f3n Nacional de Empresas Comerciales (ONEC) revel\u00f3 que algunos de sus miembros se han quejado por la dificultad para conseguir d\u00f3lares en la banca comercial para poder cumplir compromisos con sus suplidores internacionales. De acuerdo a directivos de esa entidad, que agrupa a las principales cadenas comerciales del pa\u00eds, la situaci\u00f3n viene registr\u00e1ndose desde el mes de diciembre del pasado a\u00f1o hasta la fecha.","og_url":"https:\/\/crees.org.do\/?p=20451","og_site_name":"CREES","article_publisher":"https:\/\/www.facebook.com\/CREESRD\/","article_published_time":"2016-01-01T00:00:00+00:00","og_image":[{"width":244,"height":71,"url":"https:\/\/crees.org.do\/wp-content\/uploads\/2022\/03\/crees-logo-1.jpg","type":"image\/jpeg"}],"author":"Crees","twitter_card":"summary_large_image","twitter_creator":"@CREESRD","twitter_site":"@CREESRD","twitter_misc":{"Escrito por":"Crees","Tiempo de lectura":"2 minutos"},"schema":{"@context":"https:\/\/schema.org","@graph":[{"@type":"Article","@id":"https:\/\/crees.org.do\/?p=20451#article","isPartOf":{"@id":"https:\/\/crees.org.do\/?p=20451"},"author":{"name":"Crees","@id":"https:\/\/crees.org.do\/#\/schema\/person\/e7f97cd94d7bf9cd0e0ce30acb7d56b8"},"headline":"Comercio se queja banca no satisface demanda d\u00f3lares","datePublished":"2016-01-01T00:00:00+00:00","mainEntityOfPage":{"@id":"https:\/\/crees.org.do\/?p=20451"},"wordCount":335,"commentCount":0,"publisher":{"@id":"https:\/\/crees.org.do\/#organization"},"articleSection":["Blog"],"inLanguage":"es"},{"@type":"WebPage","@id":"https:\/\/crees.org.do\/?p=20451","url":"https:\/\/crees.org.do\/?p=20451","name":"Comercio se queja banca no satisface demanda d\u00f3lares | CREES","isPartOf":{"@id":"https:\/\/crees.org.do\/#website"},"datePublished":"2016-01-01T00:00:00+00:00","breadcrumb":{"@id":"https:\/\/crees.org.do\/?p=20451#breadcrumb"},"inLanguage":"es","potentialAction":[{"@type":"ReadAction","target":["https:\/\/crees.org.do\/?p=20451"]}]},{"@type":"BreadcrumbList","@id":"https:\/\/crees.org.do\/?p=20451#breadcrumb","itemListElement":[{"@type":"ListItem","position":1,"name":"Portada","item":"https:\/\/crees.org.do\/"},{"@type":"ListItem","position":2,"name":"Comercio se queja banca no satisface demanda d\u00f3lares"}]},{"@type":"WebSite","@id":"https:\/\/crees.org.do\/#website","url":"https:\/\/crees.org.do\/","name":"CREES","description":"Centro Regional de Estrategias Econ\u00f3micas Sostenibles","publisher":{"@id":"https:\/\/crees.org.do\/#organization"},"potentialAction":[{"@type":"SearchAction","target":{"@type":"EntryPoint","urlTemplate":"https:\/\/crees.org.do\/?s={search_term_string}"},"query-input":{"@type":"PropertyValueSpecification","valueRequired":true,"valueName":"search_term_string"}}],"inLanguage":"es"},{"@type":"Organization","@id":"https:\/\/crees.org.do\/#organization","name":"CREES | Centro Regional de Estrategias Econ\u00f3micas Sostenibles","url":"https:\/\/crees.org.do\/","logo":{"@type":"ImageObject","inLanguage":"es","@id":"https:\/\/crees.org.do\/#\/schema\/logo\/image\/","url":"https:\/\/crees.org.do\/wp-content\/uploads\/2022\/03\/crees-logo-1.jpg","contentUrl":"https:\/\/crees.org.do\/wp-content\/uploads\/2022\/03\/crees-logo-1.jpg","width":244,"height":71,"caption":"CREES | Centro Regional de Estrategias Econ\u00f3micas Sostenibles"},"image":{"@id":"https:\/\/crees.org.do\/#\/schema\/logo\/image\/"},"sameAs":["https:\/\/www.facebook.com\/CREESRD\/","https:\/\/x.com\/CREESRD"]},{"@type":"Person","@id":"https:\/\/crees.org.do\/#\/schema\/person\/e7f97cd94d7bf9cd0e0ce30acb7d56b8","name":"Crees","image":{"@type":"ImageObject","inLanguage":"es","@id":"https:\/\/crees.org.do\/#\/schema\/person\/image\/","url":"https:\/\/secure.gravatar.com\/avatar\/390ac8f0be5d9aa046152553e2dd7011b59a512d89c150f5e5f28bb8d9a0b165?s=96&d=mm&r=g","contentUrl":"https:\/\/secure.gravatar.com\/avatar\/390ac8f0be5d9aa046152553e2dd7011b59a512d89c150f5e5f28bb8d9a0b165?s=96&d=mm&r=g","caption":"Crees"},"url":"https:\/\/crees.org.do\/?author=2"}]}},"_links":{"self":[{"href":"https:\/\/crees.org.do\/index.php?rest_route=\/wp\/v2\/posts\/20451","targetHints":{"allow":["GET"]}}],"collection":[{"href":"https:\/\/crees.org.do\/index.php?rest_route=\/wp\/v2\/posts"}],"about":[{"href":"https:\/\/crees.org.do\/index.php?rest_route=\/wp\/v2\/types\/post"}],"author":[{"embeddable":true,"href":"https:\/\/crees.org.do\/index.php?rest_route=\/wp\/v2\/users\/2"}],"replies":[{"embeddable":true,"href":"https:\/\/crees.org.do\/index.php?rest_route=%2Fwp%2Fv2%2Fcomments&post=20451"}],"version-history":[{"count":0,"href":"https:\/\/crees.org.do\/index.php?rest_route=\/wp\/v2\/posts\/20451\/revisions"}],"wp:attachment":[{"href":"https:\/\/crees.org.do\/index.php?rest_route=%2Fwp%2Fv2%2Fmedia&parent=20451"}],"wp:term":[{"taxonomy":"category","embeddable":true,"href":"https:\/\/crees.org.do\/index.php?rest_route=%2Fwp%2Fv2%2Fcategories&post=20451"},{"taxonomy":"post_tag","embeddable":true,"href":"https:\/\/crees.org.do\/index.php?rest_route=%2Fwp%2Fv2%2Ftags&post=20451"}],"curies":[{"name":"wp","href":"https:\/\/api.w.org\/{rel}","templated":true}]}}