{"id":20462,"date":"2016-01-01T00:00:00","date_gmt":"2016-01-01T00:00:00","guid":{"rendered":"https:\/\/crees.org.do\/ernesto-selman-el-peor-cartel-es-el-de-los-combustibles\/"},"modified":"2016-01-01T00:00:00","modified_gmt":"2016-01-01T00:00:00","slug":"ernesto-selman-el-peor-cartel-es-el-de-los-combustibles","status":"publish","type":"post","link":"https:\/\/crees.org.do\/?p=20462","title":{"rendered":"Ernesto Selman: \u201cEl peor c\u00e1rtel es el de los combustibles\u201d"},"content":{"rendered":"<p style=\"text-align: justify;\"><strong><span style=\"font-size:12px;\"><span style=\"font-family:verdana,geneva,sans-serif;\">Autor: Mart\u00edn Polanco<\/span><\/span><\/strong><\/p>\n<p style=\"text-align: justify;\"><span style=\"font-size:12px;\"><span style=\"font-family:verdana,geneva,sans-serif;\">Fecha: 17\/02\/2016<\/span><\/span><\/p>\n<p style=\"text-align: justify;\"><span style=\"font-size:12px;\"><span style=\"font-family:verdana,geneva,sans-serif;\">Extra\u00eddo de <a href=\"http:\/\/www.elcaribe.com.do\/2016\/02\/17\/ldquoaqui-tenemos-peor-escenario-parte-los-combustiblesrdquo\">elcaribe.com.do<\/a><\/span><\/span><\/p>\n<p style=\"text-align: justify;\">&nbsp;<\/p>\n<p style=\"text-align: justify;\"><span style=\"font-size:12px;\"><span style=\"font-family:verdana,geneva,sans-serif;\">El Centro Regional de Estrategias Econ\u00f3micas Sostenibles (CREES) asegur\u00f3 ayer que &ldquo;el peor cartel que tenemos hoy d\u00eda en el pa\u00eds es el de los combustibles&rdquo;, mir\u00e1ndolo por el lado del manejo que le da el Gobierno.&ldquo;Lo que sucede hoy es que el Gobierno es quien importa, principalmente. Hay un 10 % que importan los generadores y otro 10 % que importan los suplidores. El Gobierno determina los m\u00e1rgenes de beneficios de los participantes del mercado, es decir, de los detallistas (que son las bombas) y de los transportistas&rdquo;, dijo el vicepresidente ejecutivo del CREES, Ernesto Selman, entrevistado en el Almuerzo Semanal de Multimedios del Caribe junto al economista senior de la instituci\u00f3n, Miguel Collado di Franco.<\/p>\n<p>El planteamiento de Selman surgi\u00f3 en respuesta a preguntas formuladas por el director de elCaribe, Osvaldo Santana, quien dirigi\u00f3 la entrevista. El vicepresidente del CREES se hab\u00eda referido previamente al tema, como parte de sus planteamientos sobre un conjunto de reformas estructurales que desde hace tiempo viene proponiendo el Centro Regional de Estrategias Econ\u00f3micas Sostenibles, especialmente del \u00e1mbito econ\u00f3mico.<\/p>\n<p>&ldquo;Los m\u00e1rgenes que se manejan en materia de combustibles aqu\u00ed son dos o tres veces los que se manejan en Centroam\u00e9rica, por un lado. Los impuestos son dos o tres veces los que se manejan en Centroam\u00e9rica y el precio (que es fijado por el Gobierno) es 40 % mayor que el promedio de Centroam\u00e9rica&rdquo;, calcul\u00f3 Selman. Y agreg\u00f3: &ldquo;Hay que permitir que la competencia funcione a nivel de precios y que se revisen los impuestos y los m\u00e1rgenes y que entre proveedores puedan competir, en general&rdquo;, plante\u00f3. Concretamente, a lo que se refiere el experto es que los precios se puedan determinar en la competencia de suplidores.<\/p>\n<p>Para eso habr\u00eda que establecer reformas a la Ley General de Hidrocarburos (112-00). Sostuvo que los combustibles generan unos costos muy altos en otros sectores y para la vida de la gente y para hacer negocios. Si la f\u00f3rmula del CREES llegara a ser acogida, entonces el gobierno dejar\u00eda de fijar los precios de los combustibles. Cuando elCaribe le pregunta a Selman si dejar la colocaci\u00f3n de precios de los carburantes a una cuesti\u00f3n de competencia entre suplidores podr\u00eda dar pie a que los ofertantes se pongan de acuerdo y puedan establecer carteles que afecten al consumidor, respondi\u00f3: &ldquo;El peor cartel lo tiene ahora el gobierno. Pone los precios y los m\u00e1rgenes&rdquo;.&nbsp;<\/p>\n<p>Calcul\u00f3 que en Rep\u00fablica Dominicana hay entre seis y ocho suplidores de combustibles. La propuesta sobre reformas estructurales que impulsa el CREES va m\u00e1s all\u00e1 de los combustibles. La organizaci\u00f3n, dedicada principalmente a realizar an\u00e1lisis econ\u00f3micos, a educar y a llevar conocimiento a la poblaci\u00f3n sobre ese ramo, plantea que en el pa\u00eds deben crearse las condiciones para alcanzar un mejor ambiente de negocios, que permita, por ejemplo, generar m\u00e1s empleos.&nbsp;<\/p>\n<p>Y eso de generar m\u00e1s puestos de trabajo se logra, b\u00e1sicamente cuando surgen nuevos negocios.<\/p>\n<p>Al CREES le preocupan (y por eso proponen que eso mejore en un paquete de reformas) los altos precios de los combustibles, el costo del transporte de carga, la factura el\u00e9ctrica, las altas cargas tributarias (impuestos) y el costo laboral no salarial. Desde su punto de vista, se trata de problemas que impactan no solo a las empresas, sino tambi\u00e9n a los dominicanos. Los economistas Selman y Collado di Franco entienden que ese conjunto de reformas estructurales permitir\u00e1 atraer inversiones, aumentar la productividad, crear fuentes de trabajo, generar m\u00e1s ingresos y, por supuesto, favorecer las exportaciones.<\/p>\n<p>Selman, antes de adentrarse a los temas del \u00e1mbito econ\u00f3mico local, ofreci\u00f3 una panor\u00e1mica sobre lo que ocurre a nivel internacional. &ldquo;El desenvolvimiento de la econom\u00eda dominicana estar\u00e1 muy determinado por lo que est\u00e1 sucediendo en la econom\u00eda internacional. Si bien anteriormente nosotros (por parte del Gobierno) acced\u00edamos a los cr\u00e9ditos baratos, las cosas ahora se complican y los financiamientos no son tan baratos como antes&rdquo;, dijo el directivo del CREES.<\/p>\n<p>Y dando un giro al di\u00e1logo explic\u00f3 que en los \u00faltimos ocho a\u00f1os es donde m\u00e1s ha crecido la deuda p\u00fablica dominicana. Rememor\u00f3 que el pasado a\u00f1o el Gobierno emiti\u00f3 bonos a una tasa 5.5 %, a diez a\u00f1os y luego de eso a 6.88 %, lo que quiere decir que las condiciones de financiamientos son m\u00e1s duras.<\/p>\n<p>Advirti\u00f3 que los inversionistas internacionales ven con preocupaci\u00f3n las econom\u00edas que requirieren mucha deuda por parte de los gobiernos y est\u00e1n viendo que los precios de los bienes primarios se han estado reduciendo. &ldquo;Tienen preocupaci\u00f3n con los pa\u00edses que dependen de esos bienes primarios. Se pone un poco m\u00e1s complicado el ambiente internacional. Si bien a nosotros nos ha beneficiado que los precios del petr\u00f3leo hayan estado cayendo, tambi\u00e9n nos hemos visto afectados en la exportaci\u00f3n de algunos rubros como el oro, caf\u00e9, cacao y otros. Son temas que nos indican que el ambiente internacional se complica m\u00e1s&rdquo;, apunt\u00f3.<\/p>\n<p>Calcul\u00f3 que el a\u00f1o que viene el 25 % de los ingresos del Gobierno se destinar\u00eda al pago de intereses de deuda p\u00fablica, sin contar con el pago de intereses del Banco Central. &ldquo;Eso comienza ya a complicar el manejo presupuestario y lo que estamos viendo es que los ingresos est\u00e1n cayendo a pesar de seguir aumentando impuestos. Eso quiere decir que las recaudaciones no est\u00e1n respondiendo al nivel que se esperaba&rdquo;, indic\u00f3 el especialista del CREES.<\/span><\/span><\/p>\n<p style=\"text-align: justify;\"><span style=\"font-size:12px;\"><span style=\"font-family:verdana,geneva,sans-serif;\">&ldquo;Al pa\u00eds le espera un a\u00f1o de gran incertidumbre&rdquo;<\/span><\/span><\/p>\n<p style=\"text-align: justify;\"><span style=\"font-size:12px;\"><span style=\"font-family:verdana,geneva,sans-serif;\">Junto a Osvaldo Santana y a H\u00e9ctor Linares (por parte de este peri\u00f3dico) en el encuentro de ayer estuvieron el jefe de Redacci\u00f3n de Apertura, H\u00e9ctor Marte, y la coordinadora de elCaribe digital, Sandra Guzm\u00e1n. A todos ellos, Ernesto Selman les asegur\u00f3 que &ldquo;este a\u00f1o es de gran incertidumbre&rdquo;.<\/p>\n<p>&iquest;Y qu\u00e9 puede hacerse entonces? le pregunt\u00f3 al respecto H\u00e9ctor Linares. &ldquo;Bueno, nosotros hemos propuesto una serie de reformas estructurales que habr\u00edan de adoptarse en la Rep\u00fablica Dominicana&rdquo;, respondi\u00f3. Selman asegura que &ldquo;todo el sistema econ\u00f3mico dominicano y la estabilidad macroecon\u00f3mica est\u00e1 sustentado en el hecho de que el Gobierno tenga la posibilidad de seguir emitiendo deuda en el exterior y que entre esa plata para poder mantener la estabilidad&rdquo;. Sostuvo que &ldquo;en un ambiente de ciclo pol\u00edtico-electoral con incremento de gasto p\u00fablico se requerir\u00e1 necesariamente m\u00e1s financiamiento&rdquo;. &ldquo;De hecho, se emitieron US$1,000 millones de d\u00f3lares y el presupuesto hablaba de US$1,250 millones&rdquo;, dijo.<\/span><\/span><\/p>\n<p style=\"text-align: justify;\"><span style=\"font-size:12px;\"><span style=\"font-family:verdana,geneva,sans-serif;\">Crecimiento econ\u00f3mico y los distintos sectores<\/span><\/span><\/p>\n<p style=\"text-align: justify;\"><span style=\"font-size:12px;\"><span style=\"font-family:verdana,geneva,sans-serif;\">La incertidumbre de la que habl\u00f3 con inter\u00e9s Ernesto Selman tiene mucho que ver -seg\u00fan sus propios planteamientos- con el ambiente electoral dominicano y el propio entorno internacional. &iquest;Y qu\u00e9 pasa con el crecimiento econ\u00f3mico del que se habla en este pa\u00eds? le pregunt\u00f3 Sandra Guzm\u00e1n al vicepresidente del CREES, buscando que este justificara con argumentos concretos su opini\u00f3n sobre el panorama adverso dominicano.<\/p>\n<p>Mirando &ldquo;las cosas y los n\u00fameros&rdquo; en detalle y por sectores, Selman dijo que la miner\u00eda se ve afectada por una menor producci\u00f3n que empuj\u00f3 a una ca\u00edda del 30 % en las exportaciones del sector en el a\u00f1o 2015. Pronostic\u00f3 que se producir\u00e1 un 20 % de oro. &ldquo;En t\u00e9rminos agropecuario vemos que -aunque hoy d\u00eda llueve- hay grupos, como el de ca\u00f1a de az\u00facar, se prev\u00e9 una reducci\u00f3n del 40 y 50 por ciento de la producci\u00f3n y que la sequ\u00eda les sigue afectando. Eso tambi\u00e9n lo dicen los ganaderos&rdquo;, indic\u00f3 Selman. Expres\u00f3 que &ldquo;en el turismo es donde tenemos la luz que brilla y donde hemos estado aprovechando lo que sucede&rdquo;.<\/span><\/span><\/p>\n<p style=\"text-align: justify;\"><span style=\"font-size:12px;\"><span style=\"font-family:verdana,geneva,sans-serif;\">Propone eliminar el endeudamiento<\/span><\/span><\/p>\n<p style=\"text-align: justify;\"><span style=\"font-size:12px;\"><span style=\"font-family:verdana,geneva,sans-serif;\">Selman propuso que dentro del presupuesto general se elimine la parte correspondiente al endeudamiento. De manera concreta, su planteamiento apunta a que el Estado no tome prestado y que m\u00e1s bien para realizar los proyectos de infraestructura se establezcan asociaciones p\u00fablico-privadas. Sobre el tema fiscal y la &ldquo;reforma madre que proponen&rdquo;, Selman sostuvo que lo fiscal tiene que ver con la forma del Estado relacionarse con los ciudadanos; c\u00f3mo recauda la plata (que es fruto del trabajo de los ciudadanos contribuyentes) y c\u00f3mo gasta esa plata que obtiene de los impuestos del trabajo de la gente. Cuando entr\u00f3 en detalles sobre la obtenci\u00f3n de los recursos reiter\u00f3 que se requiere una reforma tributaria integral, de suerte que se simplifique el sistema, se reduzcan tasas (impuestos) y se eliminen exenciones. &nbsp;<\/span><\/span><\/p>\n<div class=\"pvc_clear\"><\/div>\n<p class=\"pvc_stats all \" data-element-id=\"20462\" style=\"\"><i class=\"pvc-stats-icon medium\" aria-hidden=\"true\"><svg aria-hidden=\"true\" focusable=\"false\" data-prefix=\"far\" data-icon=\"chart-bar\" role=\"img\" xmlns=\"http:\/\/www.w3.org\/2000\/svg\" viewBox=\"0 0 512 512\" class=\"svg-inline--fa fa-chart-bar fa-w-16 fa-2x\"><path fill=\"currentColor\" d=\"M396.8 352h22.4c6.4 0 12.8-6.4 12.8-12.8V108.8c0-6.4-6.4-12.8-12.8-12.8h-22.4c-6.4 0-12.8 6.4-12.8 12.8v230.4c0 6.4 6.4 12.8 12.8 12.8zm-192 0h22.4c6.4 0 12.8-6.4 12.8-12.8V140.8c0-6.4-6.4-12.8-12.8-12.8h-22.4c-6.4 0-12.8 6.4-12.8 12.8v198.4c0 6.4 6.4 12.8 12.8 12.8zm96 0h22.4c6.4 0 12.8-6.4 12.8-12.8V204.8c0-6.4-6.4-12.8-12.8-12.8h-22.4c-6.4 0-12.8 6.4-12.8 12.8v134.4c0 6.4 6.4 12.8 12.8 12.8zM496 400H48V80c0-8.84-7.16-16-16-16H16C7.16 64 0 71.16 0 80v336c0 17.67 14.33 32 32 32h464c8.84 0 16-7.16 16-16v-16c0-8.84-7.16-16-16-16zm-387.2-48h22.4c6.4 0 12.8-6.4 12.8-12.8v-70.4c0-6.4-6.4-12.8-12.8-12.8h-22.4c-6.4 0-12.8 6.4-12.8 12.8v70.4c0 6.4 6.4 12.8 12.8 12.8z\" class=\"\"><\/path><\/svg><\/i> Vistas Totales&nbsp;266&nbsp;, Vistas Hoy&nbsp;2&nbsp;<\/p>\n<div class=\"pvc_clear\"><\/div>\n","protected":false},"excerpt":{"rendered":"<p>Autor: Mart\u00edn PolancoFecha: 17\/02\/2016Extra\u00eddo de elcaribe.com.doEl Centro Regional de Estrategias Econ\u00f3micas Sostenibles (CREES) asegur\u00f3 ayer que \u201cel peor cartel que tenemos hoy d\u00eda en el pa\u00eds es el de los combustibles\u201d, mir\u00e1ndolo por el lado del manejo que le da el Gobierno.\u201cLo que sucede hoy es que el Gobierno es quien importa, principalmente.<\/p>\n<div class=\"pvc_clear\"><\/div>\n<p class=\"pvc_stats all \" data-element-id=\"20462\" style=\"\"><i class=\"pvc-stats-icon medium\" aria-hidden=\"true\"><svg aria-hidden=\"true\" focusable=\"false\" data-prefix=\"far\" data-icon=\"chart-bar\" role=\"img\" xmlns=\"http:\/\/www.w3.org\/2000\/svg\" viewBox=\"0 0 512 512\" class=\"svg-inline--fa fa-chart-bar fa-w-16 fa-2x\"><path fill=\"currentColor\" d=\"M396.8 352h22.4c6.4 0 12.8-6.4 12.8-12.8V108.8c0-6.4-6.4-12.8-12.8-12.8h-22.4c-6.4 0-12.8 6.4-12.8 12.8v230.4c0 6.4 6.4 12.8 12.8 12.8zm-192 0h22.4c6.4 0 12.8-6.4 12.8-12.8V140.8c0-6.4-6.4-12.8-12.8-12.8h-22.4c-6.4 0-12.8 6.4-12.8 12.8v198.4c0 6.4 6.4 12.8 12.8 12.8zm96 0h22.4c6.4 0 12.8-6.4 12.8-12.8V204.8c0-6.4-6.4-12.8-12.8-12.8h-22.4c-6.4 0-12.8 6.4-12.8 12.8v134.4c0 6.4 6.4 12.8 12.8 12.8zM496 400H48V80c0-8.84-7.16-16-16-16H16C7.16 64 0 71.16 0 80v336c0 17.67 14.33 32 32 32h464c8.84 0 16-7.16 16-16v-16c0-8.84-7.16-16-16-16zm-387.2-48h22.4c6.4 0 12.8-6.4 12.8-12.8v-70.4c0-6.4-6.4-12.8-12.8-12.8h-22.4c-6.4 0-12.8 6.4-12.8 12.8v70.4c0 6.4 6.4 12.8 12.8 12.8z\" class=\"\"><\/path><\/svg><\/i> Vistas Totales&nbsp;266&nbsp;, Vistas Hoy&nbsp;2&nbsp;<\/p>\n<div class=\"pvc_clear\"><\/div>\n","protected":false},"author":2,"featured_media":0,"comment_status":"open","ping_status":"open","sticky":false,"template":"","format":"standard","meta":{"footnotes":""},"categories":[21],"tags":[],"class_list":["post-20462","post","type-post","status-publish","format-standard","hentry","category-blog"],"yoast_head":"<!-- This site is optimized with the Yoast SEO plugin v25.2 - https:\/\/yoast.com\/wordpress\/plugins\/seo\/ -->\n<title>Ernesto Selman: \u201cEl peor c\u00e1rtel es el de los combustibles\u201d | CREES<\/title>\n<meta name=\"robots\" content=\"index, follow, max-snippet:-1, max-image-preview:large, max-video-preview:-1\" \/>\n<link rel=\"canonical\" href=\"https:\/\/crees.org.do\/?p=20462\" \/>\n<meta property=\"og:locale\" content=\"es_ES\" \/>\n<meta property=\"og:type\" content=\"article\" \/>\n<meta property=\"og:title\" content=\"Ernesto Selman: \u201cEl peor c\u00e1rtel es el de los combustibles\u201d | CREES\" \/>\n<meta property=\"og:description\" content=\"Autor: Mart\u00edn PolancoFecha: 17\/02\/2016Extra\u00eddo de elcaribe.com.doEl Centro Regional de Estrategias Econ\u00f3micas Sostenibles (CREES) asegur\u00f3 ayer que \u201cel peor cartel que tenemos hoy d\u00eda en el pa\u00eds es el de los combustibles\u201d, mir\u00e1ndolo por el lado del manejo que le da el Gobierno.\u201cLo que sucede hoy es que el Gobierno es quien importa, principalmente.\" \/>\n<meta property=\"og:url\" content=\"https:\/\/crees.org.do\/?p=20462\" \/>\n<meta property=\"og:site_name\" content=\"CREES\" \/>\n<meta property=\"article:publisher\" content=\"https:\/\/www.facebook.com\/CREESRD\/\" \/>\n<meta property=\"article:published_time\" content=\"2016-01-01T00:00:00+00:00\" \/>\n<meta property=\"og:image\" content=\"https:\/\/crees.org.do\/wp-content\/uploads\/2022\/03\/crees-logo-1.jpg\" \/>\n\t<meta property=\"og:image:width\" content=\"244\" \/>\n\t<meta property=\"og:image:height\" content=\"71\" \/>\n\t<meta property=\"og:image:type\" content=\"image\/jpeg\" \/>\n<meta name=\"author\" content=\"Crees\" \/>\n<meta name=\"twitter:card\" content=\"summary_large_image\" \/>\n<meta name=\"twitter:creator\" content=\"@CREESRD\" \/>\n<meta name=\"twitter:site\" content=\"@CREESRD\" \/>\n<meta name=\"twitter:label1\" content=\"Escrito por\" \/>\n\t<meta name=\"twitter:data1\" content=\"Crees\" \/>\n\t<meta name=\"twitter:label2\" content=\"Tiempo de lectura\" \/>\n\t<meta name=\"twitter:data2\" content=\"7 minutos\" \/>\n<script type=\"application\/ld+json\" class=\"yoast-schema-graph\">{\"@context\":\"https:\/\/schema.org\",\"@graph\":[{\"@type\":\"Article\",\"@id\":\"https:\/\/crees.org.do\/?p=20462#article\",\"isPartOf\":{\"@id\":\"https:\/\/crees.org.do\/?p=20462\"},\"author\":{\"name\":\"Crees\",\"@id\":\"https:\/\/crees.org.do\/#\/schema\/person\/e7f97cd94d7bf9cd0e0ce30acb7d56b8\"},\"headline\":\"Ernesto Selman: \u201cEl peor c\u00e1rtel es el de los combustibles\u201d\",\"datePublished\":\"2016-01-01T00:00:00+00:00\",\"mainEntityOfPage\":{\"@id\":\"https:\/\/crees.org.do\/?p=20462\"},\"wordCount\":1512,\"commentCount\":0,\"publisher\":{\"@id\":\"https:\/\/crees.org.do\/#organization\"},\"articleSection\":[\"Blog\"],\"inLanguage\":\"es\"},{\"@type\":\"WebPage\",\"@id\":\"https:\/\/crees.org.do\/?p=20462\",\"url\":\"https:\/\/crees.org.do\/?p=20462\",\"name\":\"Ernesto Selman: \u201cEl peor c\u00e1rtel es el de los combustibles\u201d | CREES\",\"isPartOf\":{\"@id\":\"https:\/\/crees.org.do\/#website\"},\"datePublished\":\"2016-01-01T00:00:00+00:00\",\"breadcrumb\":{\"@id\":\"https:\/\/crees.org.do\/?p=20462#breadcrumb\"},\"inLanguage\":\"es\",\"potentialAction\":[{\"@type\":\"ReadAction\",\"target\":[\"https:\/\/crees.org.do\/?p=20462\"]}]},{\"@type\":\"BreadcrumbList\",\"@id\":\"https:\/\/crees.org.do\/?p=20462#breadcrumb\",\"itemListElement\":[{\"@type\":\"ListItem\",\"position\":1,\"name\":\"Portada\",\"item\":\"https:\/\/crees.org.do\/\"},{\"@type\":\"ListItem\",\"position\":2,\"name\":\"Ernesto Selman: \u201cEl peor c\u00e1rtel es el de los combustibles\u201d\"}]},{\"@type\":\"WebSite\",\"@id\":\"https:\/\/crees.org.do\/#website\",\"url\":\"https:\/\/crees.org.do\/\",\"name\":\"CREES\",\"description\":\"Centro Regional de Estrategias Econ\u00f3micas Sostenibles\",\"publisher\":{\"@id\":\"https:\/\/crees.org.do\/#organization\"},\"potentialAction\":[{\"@type\":\"SearchAction\",\"target\":{\"@type\":\"EntryPoint\",\"urlTemplate\":\"https:\/\/crees.org.do\/?s={search_term_string}\"},\"query-input\":{\"@type\":\"PropertyValueSpecification\",\"valueRequired\":true,\"valueName\":\"search_term_string\"}}],\"inLanguage\":\"es\"},{\"@type\":\"Organization\",\"@id\":\"https:\/\/crees.org.do\/#organization\",\"name\":\"CREES | Centro Regional de Estrategias Econ\u00f3micas Sostenibles\",\"url\":\"https:\/\/crees.org.do\/\",\"logo\":{\"@type\":\"ImageObject\",\"inLanguage\":\"es\",\"@id\":\"https:\/\/crees.org.do\/#\/schema\/logo\/image\/\",\"url\":\"https:\/\/crees.org.do\/wp-content\/uploads\/2022\/03\/crees-logo-1.jpg\",\"contentUrl\":\"https:\/\/crees.org.do\/wp-content\/uploads\/2022\/03\/crees-logo-1.jpg\",\"width\":244,\"height\":71,\"caption\":\"CREES | Centro Regional de Estrategias Econ\u00f3micas Sostenibles\"},\"image\":{\"@id\":\"https:\/\/crees.org.do\/#\/schema\/logo\/image\/\"},\"sameAs\":[\"https:\/\/www.facebook.com\/CREESRD\/\",\"https:\/\/x.com\/CREESRD\"]},{\"@type\":\"Person\",\"@id\":\"https:\/\/crees.org.do\/#\/schema\/person\/e7f97cd94d7bf9cd0e0ce30acb7d56b8\",\"name\":\"Crees\",\"image\":{\"@type\":\"ImageObject\",\"inLanguage\":\"es\",\"@id\":\"https:\/\/crees.org.do\/#\/schema\/person\/image\/\",\"url\":\"https:\/\/secure.gravatar.com\/avatar\/390ac8f0be5d9aa046152553e2dd7011b59a512d89c150f5e5f28bb8d9a0b165?s=96&d=mm&r=g\",\"contentUrl\":\"https:\/\/secure.gravatar.com\/avatar\/390ac8f0be5d9aa046152553e2dd7011b59a512d89c150f5e5f28bb8d9a0b165?s=96&d=mm&r=g\",\"caption\":\"Crees\"},\"url\":\"https:\/\/crees.org.do\/?author=2\"}]}<\/script>\n<!-- \/ Yoast SEO plugin. -->","yoast_head_json":{"title":"Ernesto Selman: \u201cEl peor c\u00e1rtel es el de los combustibles\u201d | CREES","robots":{"index":"index","follow":"follow","max-snippet":"max-snippet:-1","max-image-preview":"max-image-preview:large","max-video-preview":"max-video-preview:-1"},"canonical":"https:\/\/crees.org.do\/?p=20462","og_locale":"es_ES","og_type":"article","og_title":"Ernesto Selman: \u201cEl peor c\u00e1rtel es el de los combustibles\u201d | CREES","og_description":"Autor: Mart\u00edn PolancoFecha: 17\/02\/2016Extra\u00eddo de elcaribe.com.doEl Centro Regional de Estrategias Econ\u00f3micas Sostenibles (CREES) asegur\u00f3 ayer que \u201cel peor cartel que tenemos hoy d\u00eda en el pa\u00eds es el de los combustibles\u201d, mir\u00e1ndolo por el lado del manejo que le da el Gobierno.\u201cLo que sucede hoy es que el Gobierno es quien importa, principalmente.","og_url":"https:\/\/crees.org.do\/?p=20462","og_site_name":"CREES","article_publisher":"https:\/\/www.facebook.com\/CREESRD\/","article_published_time":"2016-01-01T00:00:00+00:00","og_image":[{"width":244,"height":71,"url":"https:\/\/crees.org.do\/wp-content\/uploads\/2022\/03\/crees-logo-1.jpg","type":"image\/jpeg"}],"author":"Crees","twitter_card":"summary_large_image","twitter_creator":"@CREESRD","twitter_site":"@CREESRD","twitter_misc":{"Escrito por":"Crees","Tiempo de lectura":"7 minutos"},"schema":{"@context":"https:\/\/schema.org","@graph":[{"@type":"Article","@id":"https:\/\/crees.org.do\/?p=20462#article","isPartOf":{"@id":"https:\/\/crees.org.do\/?p=20462"},"author":{"name":"Crees","@id":"https:\/\/crees.org.do\/#\/schema\/person\/e7f97cd94d7bf9cd0e0ce30acb7d56b8"},"headline":"Ernesto Selman: \u201cEl peor c\u00e1rtel es el de los combustibles\u201d","datePublished":"2016-01-01T00:00:00+00:00","mainEntityOfPage":{"@id":"https:\/\/crees.org.do\/?p=20462"},"wordCount":1512,"commentCount":0,"publisher":{"@id":"https:\/\/crees.org.do\/#organization"},"articleSection":["Blog"],"inLanguage":"es"},{"@type":"WebPage","@id":"https:\/\/crees.org.do\/?p=20462","url":"https:\/\/crees.org.do\/?p=20462","name":"Ernesto Selman: \u201cEl peor c\u00e1rtel es el de los combustibles\u201d | CREES","isPartOf":{"@id":"https:\/\/crees.org.do\/#website"},"datePublished":"2016-01-01T00:00:00+00:00","breadcrumb":{"@id":"https:\/\/crees.org.do\/?p=20462#breadcrumb"},"inLanguage":"es","potentialAction":[{"@type":"ReadAction","target":["https:\/\/crees.org.do\/?p=20462"]}]},{"@type":"BreadcrumbList","@id":"https:\/\/crees.org.do\/?p=20462#breadcrumb","itemListElement":[{"@type":"ListItem","position":1,"name":"Portada","item":"https:\/\/crees.org.do\/"},{"@type":"ListItem","position":2,"name":"Ernesto Selman: \u201cEl peor c\u00e1rtel es el de los combustibles\u201d"}]},{"@type":"WebSite","@id":"https:\/\/crees.org.do\/#website","url":"https:\/\/crees.org.do\/","name":"CREES","description":"Centro Regional de Estrategias Econ\u00f3micas Sostenibles","publisher":{"@id":"https:\/\/crees.org.do\/#organization"},"potentialAction":[{"@type":"SearchAction","target":{"@type":"EntryPoint","urlTemplate":"https:\/\/crees.org.do\/?s={search_term_string}"},"query-input":{"@type":"PropertyValueSpecification","valueRequired":true,"valueName":"search_term_string"}}],"inLanguage":"es"},{"@type":"Organization","@id":"https:\/\/crees.org.do\/#organization","name":"CREES | Centro Regional de Estrategias Econ\u00f3micas Sostenibles","url":"https:\/\/crees.org.do\/","logo":{"@type":"ImageObject","inLanguage":"es","@id":"https:\/\/crees.org.do\/#\/schema\/logo\/image\/","url":"https:\/\/crees.org.do\/wp-content\/uploads\/2022\/03\/crees-logo-1.jpg","contentUrl":"https:\/\/crees.org.do\/wp-content\/uploads\/2022\/03\/crees-logo-1.jpg","width":244,"height":71,"caption":"CREES | Centro Regional de Estrategias Econ\u00f3micas Sostenibles"},"image":{"@id":"https:\/\/crees.org.do\/#\/schema\/logo\/image\/"},"sameAs":["https:\/\/www.facebook.com\/CREESRD\/","https:\/\/x.com\/CREESRD"]},{"@type":"Person","@id":"https:\/\/crees.org.do\/#\/schema\/person\/e7f97cd94d7bf9cd0e0ce30acb7d56b8","name":"Crees","image":{"@type":"ImageObject","inLanguage":"es","@id":"https:\/\/crees.org.do\/#\/schema\/person\/image\/","url":"https:\/\/secure.gravatar.com\/avatar\/390ac8f0be5d9aa046152553e2dd7011b59a512d89c150f5e5f28bb8d9a0b165?s=96&d=mm&r=g","contentUrl":"https:\/\/secure.gravatar.com\/avatar\/390ac8f0be5d9aa046152553e2dd7011b59a512d89c150f5e5f28bb8d9a0b165?s=96&d=mm&r=g","caption":"Crees"},"url":"https:\/\/crees.org.do\/?author=2"}]}},"_links":{"self":[{"href":"https:\/\/crees.org.do\/index.php?rest_route=\/wp\/v2\/posts\/20462","targetHints":{"allow":["GET"]}}],"collection":[{"href":"https:\/\/crees.org.do\/index.php?rest_route=\/wp\/v2\/posts"}],"about":[{"href":"https:\/\/crees.org.do\/index.php?rest_route=\/wp\/v2\/types\/post"}],"author":[{"embeddable":true,"href":"https:\/\/crees.org.do\/index.php?rest_route=\/wp\/v2\/users\/2"}],"replies":[{"embeddable":true,"href":"https:\/\/crees.org.do\/index.php?rest_route=%2Fwp%2Fv2%2Fcomments&post=20462"}],"version-history":[{"count":0,"href":"https:\/\/crees.org.do\/index.php?rest_route=\/wp\/v2\/posts\/20462\/revisions"}],"wp:attachment":[{"href":"https:\/\/crees.org.do\/index.php?rest_route=%2Fwp%2Fv2%2Fmedia&parent=20462"}],"wp:term":[{"taxonomy":"category","embeddable":true,"href":"https:\/\/crees.org.do\/index.php?rest_route=%2Fwp%2Fv2%2Fcategories&post=20462"},{"taxonomy":"post_tag","embeddable":true,"href":"https:\/\/crees.org.do\/index.php?rest_route=%2Fwp%2Fv2%2Ftags&post=20462"}],"curies":[{"name":"wp","href":"https:\/\/api.w.org\/{rel}","templated":true}]}}