{"id":20463,"date":"2016-01-01T00:00:00","date_gmt":"2016-01-01T00:00:00","guid":{"rendered":"https:\/\/crees.org.do\/algunos-ingredientes-toxicos-del-modelo-economico-dominicano\/"},"modified":"2016-01-01T00:00:00","modified_gmt":"2016-01-01T00:00:00","slug":"algunos-ingredientes-toxicos-del-modelo-economico-dominicano","status":"publish","type":"post","link":"https:\/\/crees.org.do\/?p=20463","title":{"rendered":"Algunos ingredientes t\u00f3xicos del modelo econ\u00f3mico dominicano"},"content":{"rendered":"<p style=\"margin-top: 10px; margin-bottom: 8px; padding: 0px; border: 0px; font-stretch: inherit; font-size: 13px; line-height: 1.5em; font-family: arial; vertical-align: baseline; color: rgb(70, 66, 66); text-align: justify; background-color: rgb(255, 255, 255);\"><strong style=\"margin: 0px; padding: 0px; border: 0px; font-style: inherit; font-variant: inherit; font-stretch: inherit; font-size: inherit; line-height: inherit; font-family: inherit; vertical-align: baseline;\"><span style=\"margin: 0px; padding: 0px; border: 0px; font-style: inherit; font-variant: inherit; font-weight: inherit; font-stretch: inherit; font-size: 12px; line-height: inherit; font-family: inherit; vertical-align: baseline;\"><span style=\"margin: 0px; padding: 0px; border: 0px; font-style: inherit; font-variant: inherit; font-weight: inherit; font-stretch: inherit; font-size: inherit; line-height: inherit; font-family: verdana, geneva, sans-serif; vertical-align: baseline;\">Autor: Pedro Silverio \u00c1lvarez<\/span><\/span><\/strong><\/p>\n<p style=\"margin-top: 10px; margin-bottom: 8px; padding: 0px; border: 0px; font-stretch: inherit; font-size: 13px; line-height: 1.5em; font-family: arial; vertical-align: baseline; color: rgb(70, 66, 66); text-align: justify; background-color: rgb(255, 255, 255);\"><span style=\"margin: 0px; padding: 0px; border: 0px; font-style: inherit; font-variant: inherit; font-weight: inherit; font-stretch: inherit; font-size: 12px; line-height: inherit; font-family: inherit; vertical-align: baseline;\"><span style=\"margin: 0px; padding: 0px; border: 0px; font-style: inherit; font-variant: inherit; font-weight: inherit; font-stretch: inherit; font-size: inherit; line-height: inherit; font-family: verdana, geneva, sans-serif; vertical-align: baseline;\">Fecha: 19\/02\/2016<\/span><\/span><\/p>\n<p style=\"margin-top: 10px; margin-bottom: 8px; padding: 0px; border: 0px; font-stretch: inherit; font-size: 13px; line-height: 1.5em; font-family: arial; vertical-align: baseline; color: rgb(70, 66, 66); text-align: justify; background-color: rgb(255, 255, 255);\"><span style=\"margin: 0px; padding: 0px; border: 0px; font-style: inherit; font-variant: inherit; font-weight: inherit; font-stretch: inherit; font-size: 12px; line-height: inherit; font-family: inherit; vertical-align: baseline;\"><span style=\"margin: 0px; padding: 0px; border: 0px; font-style: inherit; font-variant: inherit; font-weight: inherit; font-stretch: inherit; font-size: inherit; line-height: inherit; font-family: verdana, geneva, sans-serif; vertical-align: baseline;\">Extra\u00eddo de&nbsp;<a href=\"http:\/\/www.diariolibre.com\/opinion\/en-directo\/algunos-ingredientes-toxicos-del-modelo-economico-dominicano-DI2785454\" style=\"margin: 0px; padding: 0px; border: 0px; font-style: inherit; font-variant: inherit; font-weight: inherit; font-stretch: inherit; font-size: inherit; line-height: inherit; font-family: inherit; vertical-align: baseline; color: rgb(6, 89, 145);\" target=\"_blank\" rel=\"noopener\">diariolibre.com<\/a><\/span><\/span><\/p>\n<div class=\"text\" mlnid=\"idcon=6233565;order=3.0\" style=\"margin: 0px; padding: 0px; border: 0px; font-stretch: inherit; font-size: medium; line-height: normal; font-family: Times; vertical-align: baseline; color: rgb(0, 0, 0); background-color: rgb(255, 255, 255);\">\n<p style=\"margin-top: 10px; margin-bottom: 10px; padding: 0px; border: 0px; font-style: inherit; font-variant: inherit; font-weight: inherit; font-stretch: inherit; font-size: 14px; line-height: 20px; font-family: Arial, Helvetica, sans-serif; vertical-align: baseline; color: rgb(51, 51, 51); text-align: justify;\">&nbsp;<\/p>\n<p style=\"margin-top: 10px; margin-bottom: 10px; padding: 0px; border: 0px; font-style: inherit; font-variant: inherit; font-weight: inherit; font-stretch: inherit; font-size: 14px; line-height: 20px; font-family: Arial, Helvetica, sans-serif; vertical-align: baseline; color: rgb(51, 51, 51); text-align: justify;\">&nbsp;<\/p>\n<p style=\"margin-top: 10px; margin-bottom: 10px; padding: 0px; border: 0px; font-style: inherit; font-variant: inherit; font-weight: inherit; font-stretch: inherit; font-size: 14px; line-height: 20px; font-family: Arial, Helvetica, sans-serif; vertical-align: baseline; color: rgb(51, 51, 51); text-align: justify;\"><span style=\"margin: 0px; padding: 0px; border: 0px; font-style: inherit; font-variant: inherit; font-weight: inherit; font-stretch: inherit; font-size: 12px; line-height: inherit; font-family: inherit; vertical-align: baseline;\"><span style=\"margin: 0px; padding: 0px; border: 0px; font-style: inherit; font-variant: inherit; font-weight: inherit; font-stretch: inherit; font-size: inherit; line-height: inherit; font-family: verdana, geneva, sans-serif; vertical-align: baseline;\">La historia econ\u00f3mica de Am\u00e9rica Latina parece repetirse interminablemente, siguiendo ciclos irregulares y din\u00e1micos. Este sentido de circularidad es particularmente sorprendente en lo que respecta al uso de pol\u00edticas macroecon\u00f3micas populistas con prop\u00f3sitos redistributivos. Una y otra vez, y de pa\u00eds en pa\u00eds, los hacedores de pol\u00edticas se han aferrado a programas econ\u00f3micos que dependen fuertemente de pol\u00edticas fiscal y crediticias expansivas y una moneda sobrevalorada para acelerar el crecimiento y redistribuir el ingreso. Dornbusch y Edwards, 1991<\/span><\/span><\/p>\n<\/div>\n<div class=\"text\" mlnid=\"idcon=6233565;order=3.3\" style=\"margin: 0px; padding: 0px; border: 0px; font-stretch: inherit; font-size: medium; line-height: normal; font-family: Times; vertical-align: baseline; color: rgb(0, 0, 0); background-color: rgb(255, 255, 255);\">\n<p style=\"margin-top: 10px; margin-bottom: 10px; padding: 0px; border: 0px; font-style: inherit; font-variant: inherit; font-weight: inherit; font-stretch: inherit; font-size: 14px; line-height: 20px; font-family: Arial, Helvetica, sans-serif; vertical-align: baseline; color: rgb(51, 51, 51); text-align: justify;\"><span style=\"margin: 0px; padding: 0px; border: 0px; font-style: inherit; font-variant: inherit; font-weight: inherit; font-stretch: inherit; font-size: 12px; line-height: inherit; font-family: inherit; vertical-align: baseline;\"><span style=\"margin: 0px; padding: 0px; border: 0px; font-style: inherit; font-variant: inherit; font-weight: inherit; font-stretch: inherit; font-size: inherit; line-height: inherit; font-family: verdana, geneva, sans-serif; vertical-align: baseline;\">Am\u00e9rica Latina es un laboratorio en donde se prueban repetidamente las mismas pol\u00edticas viciosas que siempre terminan con los mismos resultados: crisis y subdesarrollo. La excepci\u00f3n sigue siendo Chile, que a pesar del peligro de la Bachelet, est\u00e1 situado en el umbral del desarrollo. Brasil y Argentina son recurrentes en sus episodios de crisis y recuperaci\u00f3n. Esos son ejemplos muy notorios por el tama\u00f1o de esas econom\u00edas, pero es una historia similar para la gran mayor\u00eda de nuestros pa\u00edses. Definitivamente, el recetario de las pol\u00edticas p\u00fablicas que se ha seguido en la regi\u00f3n est\u00e1 lleno de ingredientes t\u00f3xicos. En el caso dominicano se pudieran identificar -sin car\u00e1cter limitativo- algunos de esos ingredientes:<\/span><\/span><\/p>\n<p style=\"margin-top: 10px; margin-bottom: 10px; padding: 0px; border: 0px; font-style: inherit; font-variant: inherit; font-weight: inherit; font-stretch: inherit; font-size: 14px; line-height: 20px; font-family: Arial, Helvetica, sans-serif; vertical-align: baseline; color: rgb(51, 51, 51); text-align: justify;\"><span style=\"margin: 0px; padding: 0px; border: 0px; font-style: inherit; font-variant: inherit; font-weight: inherit; font-stretch: inherit; font-size: 12px; line-height: inherit; font-family: inherit; vertical-align: baseline;\"><span style=\"margin: 0px; padding: 0px; border: 0px; font-style: inherit; font-variant: inherit; font-weight: inherit; font-stretch: inherit; font-size: inherit; line-height: inherit; font-family: verdana, geneva, sans-serif; vertical-align: baseline;\">Endeudamiento p\u00fablico excesivo. El ritmo de endeudamiento p\u00fablico que lleva el pa\u00eds es motivo de preocupaci\u00f3n aun para organismos internacionales como el FMI. La mayor preocupaci\u00f3n radica en que la espiral de endeudamiento obliga subsecuentemente a un creciente endeudamiento, mientras la capacidad de repago es lamentablemente menor. En alg\u00fan momento esas tendencias chocar\u00e1n de frente con la realidad, si no hay una correcci\u00f3n que cada vez se hace m\u00e1s dif\u00edcil de implementar.<\/span><\/span><\/p>\n<p style=\"margin-top: 10px; margin-bottom: 10px; padding: 0px; border: 0px; font-style: inherit; font-variant: inherit; font-weight: inherit; font-stretch: inherit; font-size: 14px; line-height: 20px; font-family: Arial, Helvetica, sans-serif; vertical-align: baseline; color: rgb(51, 51, 51); text-align: justify;\"><span style=\"margin: 0px; padding: 0px; border: 0px; font-style: inherit; font-variant: inherit; font-weight: inherit; font-stretch: inherit; font-size: 12px; line-height: inherit; font-family: inherit; vertical-align: baseline;\"><span style=\"margin: 0px; padding: 0px; border: 0px; font-style: inherit; font-variant: inherit; font-weight: inherit; font-stretch: inherit; font-size: inherit; line-height: inherit; font-family: verdana, geneva, sans-serif; vertical-align: baseline;\">Remesas familiares. Muchos se sorprender\u00e1n de que las remesas est\u00e9n incluidas en esta lista. Sobre todo, por el impacto social y econ\u00f3mico que tienen en las condiciones de vida de muchos dominicanos, los que en su conjunto reciben por este concepto m\u00e1s de RD$150 mil millones al a\u00f1o; equivalen pr\u00e1cticamente a un 25% del presupuesto nacional; y son, por tanto, las transferencias m\u00e1s importantes en la econom\u00eda dominicana. Sin embargo, tiene sus da\u00f1os colaterales. Primero, porque distorsiona la relaci\u00f3n ocio-trabajo en los recipientes, quienes en muchos casos sencillamente deciden no trabajar. Segundo, porque tienen un impacto -similar a la enfermedad holandesa- sobre la apreciaci\u00f3n de la moneda nacional, afectando la competitividad de los sectores transables internacionalmente.<\/span><\/span><\/p>\n<p style=\"margin-top: 10px; margin-bottom: 10px; padding: 0px; border: 0px; font-style: inherit; font-variant: inherit; font-weight: inherit; font-stretch: inherit; font-size: 14px; line-height: 20px; font-family: Arial, Helvetica, sans-serif; vertical-align: baseline; color: rgb(51, 51, 51); text-align: justify;\"><span style=\"margin: 0px; padding: 0px; border: 0px; font-style: inherit; font-variant: inherit; font-weight: inherit; font-stretch: inherit; font-size: 12px; line-height: inherit; font-family: inherit; vertical-align: baseline;\"><span style=\"margin: 0px; padding: 0px; border: 0px; font-style: inherit; font-variant: inherit; font-weight: inherit; font-stretch: inherit; font-size: inherit; line-height: inherit; font-family: verdana, geneva, sans-serif; vertical-align: baseline;\">Tributaci\u00f3n e informalidad. No hay manera de desligar al sistema tributario de los niveles de informalidad de una econom\u00eda. En general, se tiene una presi\u00f3n fiscal moderada &ndash;bajo los est\u00e1ndares latinoamericanas-, pero mal distribuida, pues el alto grado de informalidad de la econom\u00eda crea un sesgo tributario muy da\u00f1ino en perjuicio de las empresas o negocios que est\u00e1n capturados dentro de la red de la formalidad. La formalidad tiene un alto costo tributario y promueve que las empresas se vean obligadas a no transparentar -desde el punto de vista fiscal- una proporci\u00f3n de sus transacciones econ\u00f3micas. Enfrentar la informalidad implica reducir -entre otras cosas- los costos tributarios de la formalidad.<\/span><\/span><\/p>\n<p style=\"margin-top: 10px; margin-bottom: 10px; padding: 0px; border: 0px; font-style: inherit; font-variant: inherit; font-weight: inherit; font-stretch: inherit; font-size: 14px; line-height: 20px; font-family: Arial, Helvetica, sans-serif; vertical-align: baseline; color: rgb(51, 51, 51); text-align: justify;\"><span style=\"margin: 0px; padding: 0px; border: 0px; font-style: inherit; font-variant: inherit; font-weight: inherit; font-stretch: inherit; font-size: 12px; line-height: inherit; font-family: inherit; vertical-align: baseline;\"><span style=\"margin: 0px; padding: 0px; border: 0px; font-style: inherit; font-variant: inherit; font-weight: inherit; font-stretch: inherit; font-size: inherit; line-height: inherit; font-family: verdana, geneva, sans-serif; vertical-align: baseline;\">Corrupci\u00f3n e institucionalidad. De acuerdo con Transparencia Internacional, la Rep\u00fablica Dominicana s\u00f3lo es superada en corrupci\u00f3n por siete pa\u00edses de Am\u00e9rica Latina, entre los que se encuentran Hait\u00ed, Venezuela y Ecuador. Adem\u00e1s, nos coloca en el lugar 103 de 165 pa\u00edses evaluados. Independientemente de ese ranking, la corrupci\u00f3n se percibe como uno de los principales problemas del pa\u00eds, seg\u00fan revelan diferentes encuestas recientemente realizadas. Pero la percepci\u00f3n de corrupci\u00f3n pudiera estar subestimando sus verdaderos niveles, pues la corrupci\u00f3n ha ido evolucionando -tal como hacen los virus- hacia formas m\u00e1s sofisticadas de operaci\u00f3n que hacen muy dif\u00edcil su detecci\u00f3n. Su contraparte es el deterioro progresivo de las instituciones que conforman los poderes del Estado.<\/span><\/span><\/p>\n<p style=\"margin-top: 10px; margin-bottom: 10px; padding: 0px; border: 0px; font-style: inherit; font-variant: inherit; font-weight: inherit; font-stretch: inherit; font-size: 14px; line-height: 20px; font-family: Arial, Helvetica, sans-serif; vertical-align: baseline; color: rgb(51, 51, 51); text-align: justify;\"><span style=\"margin: 0px; padding: 0px; border: 0px; font-style: inherit; font-variant: inherit; font-weight: inherit; font-stretch: inherit; font-size: 12px; line-height: inherit; font-family: inherit; vertical-align: baseline;\"><span style=\"margin: 0px; padding: 0px; border: 0px; font-style: inherit; font-variant: inherit; font-weight: inherit; font-stretch: inherit; font-size: inherit; line-height: inherit; font-family: verdana, geneva, sans-serif; vertical-align: baseline;\">Narcotr\u00e1fico. Es dif\u00edcil medir el impacto del narcotr\u00e1fico en la econom\u00eda; pero es obvio que en nuestro pa\u00eds es una importante fuente de movilizaci\u00f3n de recursos para barrios marginados y comunidades pobres, en donde los capos son vistos como benefactores, y se mezclan entre negociantes, militares y pol\u00edticos. A veces todos en uno. El narcotr\u00e1fico se encuentra en una etapa en nuestro pa\u00eds en la que todav\u00eda no tiene un impacto significativo en la estabilidad pol\u00edtica, el gasto militar y las decisiones de inversi\u00f3n, tanto extranjeras como domesticas; sin embargo, eso pudiera cambiar m\u00e1s r\u00e1pido de lo que quisi\u00e9ramos. Estas experiencias no est\u00e1n muy lejanas de nosotros.<\/span><\/span><\/p>\n<p style=\"margin-top: 10px; margin-bottom: 10px; padding: 0px; border: 0px; font-style: inherit; font-variant: inherit; font-weight: inherit; font-stretch: inherit; font-size: 14px; line-height: 20px; font-family: Arial, Helvetica, sans-serif; vertical-align: baseline; color: rgb(51, 51, 51); text-align: justify;\"><span style=\"margin: 0px; padding: 0px; border: 0px; font-style: inherit; font-variant: inherit; font-weight: inherit; font-stretch: inherit; font-size: 12px; line-height: inherit; font-family: inherit; vertical-align: baseline;\"><span style=\"margin: 0px; padding: 0px; border: 0px; font-style: inherit; font-variant: inherit; font-weight: inherit; font-stretch: inherit; font-size: inherit; line-height: inherit; font-family: verdana, geneva, sans-serif; vertical-align: baseline;\">Estos ingredientes t\u00f3xicos -y otros m\u00e1s- pudieran dar la falsa impresi\u00f3n de que el pa\u00eds avanza por la ruta del progreso; peor a\u00fan, pudieran llevar a la conclusi\u00f3n -errada, por cierto- de que no es necesario cambiar de rumbo mediante la implementaci\u00f3n de profundas reformas econ\u00f3micas. De hecho, el masivo endeudamiento p\u00fablico es un retardador temporal de esas reformas; mientras sea posible endeudarse no hay por qu\u00e9 preocuparse. Al final, parece que el entonces candidato a la Presidencia -y hoy Presidente- ten\u00eda raz\u00f3n cuando en el 2012 planteaba que era necesario cambiar el modelo econ\u00f3mico&#8230; eso era entonces.<\/span><\/span><\/p>\n<p style=\"margin-top: 10px; margin-bottom: 10px; padding: 0px; border: 0px; font-style: inherit; font-variant: inherit; font-weight: inherit; font-stretch: inherit; font-size: 14px; line-height: 20px; font-family: Arial, Helvetica, sans-serif; vertical-align: baseline; color: rgb(51, 51, 51); text-align: justify;\"><span style=\"margin: 0px; padding: 0px; border: 0px; font-style: inherit; font-variant: inherit; font-weight: inherit; font-stretch: inherit; font-size: 12px; line-height: inherit; font-family: inherit; vertical-align: baseline;\"><span style=\"margin: 0px; padding: 0px; border: 0px; font-style: inherit; font-variant: inherit; font-weight: inherit; font-stretch: inherit; font-size: inherit; line-height: inherit; font-family: verdana, geneva, sans-serif; vertical-align: baseline;\">@pedrosilver31<\/span><\/span><\/p>\n<p style=\"margin-top: 10px; margin-bottom: 10px; padding: 0px; border: 0px; font-style: inherit; font-variant: inherit; font-weight: inherit; font-stretch: inherit; font-size: 14px; line-height: 20px; font-family: Arial, Helvetica, sans-serif; vertical-align: baseline; color: rgb(51, 51, 51); text-align: justify;\"><span style=\"margin: 0px; padding: 0px; border: 0px; font-style: inherit; font-variant: inherit; font-weight: inherit; font-stretch: inherit; font-size: 12px; line-height: inherit; font-family: inherit; vertical-align: baseline;\"><span style=\"margin: 0px; padding: 0px; border: 0px; font-style: inherit; font-variant: inherit; font-weight: inherit; font-stretch: inherit; font-size: inherit; line-height: inherit; font-family: verdana, geneva, sans-serif; vertical-align: baseline;\"><a href=\"mailto:Pedrosilver31@gmail.com\" style=\"margin: 0px; padding: 0px; border: 0px; font-style: inherit; font-variant: inherit; font-weight: inherit; font-stretch: inherit; font-size: inherit; line-height: inherit; font-family: inherit; vertical-align: baseline; color: rgb(6, 89, 145);\">Pedrosilver31@gmail.com<\/a><\/span><\/span><\/p>\n<p style=\"margin-top: 10px; margin-bottom: 10px; padding: 0px; border: 0px; font-style: inherit; font-variant: inherit; font-weight: inherit; font-stretch: inherit; font-size: 14px; line-height: 20px; font-family: Arial, Helvetica, sans-serif; vertical-align: baseline; color: rgb(51, 51, 51); text-align: justify;\">&nbsp;<\/p>\n<\/div>\n<p>&nbsp;<\/p>\n<div class=\"pvc_clear\"><\/div>\n<p class=\"pvc_stats all \" data-element-id=\"20463\" style=\"\"><i class=\"pvc-stats-icon medium\" aria-hidden=\"true\"><svg aria-hidden=\"true\" focusable=\"false\" data-prefix=\"far\" data-icon=\"chart-bar\" role=\"img\" xmlns=\"http:\/\/www.w3.org\/2000\/svg\" viewBox=\"0 0 512 512\" class=\"svg-inline--fa fa-chart-bar fa-w-16 fa-2x\"><path fill=\"currentColor\" d=\"M396.8 352h22.4c6.4 0 12.8-6.4 12.8-12.8V108.8c0-6.4-6.4-12.8-12.8-12.8h-22.4c-6.4 0-12.8 6.4-12.8 12.8v230.4c0 6.4 6.4 12.8 12.8 12.8zm-192 0h22.4c6.4 0 12.8-6.4 12.8-12.8V140.8c0-6.4-6.4-12.8-12.8-12.8h-22.4c-6.4 0-12.8 6.4-12.8 12.8v198.4c0 6.4 6.4 12.8 12.8 12.8zm96 0h22.4c6.4 0 12.8-6.4 12.8-12.8V204.8c0-6.4-6.4-12.8-12.8-12.8h-22.4c-6.4 0-12.8 6.4-12.8 12.8v134.4c0 6.4 6.4 12.8 12.8 12.8zM496 400H48V80c0-8.84-7.16-16-16-16H16C7.16 64 0 71.16 0 80v336c0 17.67 14.33 32 32 32h464c8.84 0 16-7.16 16-16v-16c0-8.84-7.16-16-16-16zm-387.2-48h22.4c6.4 0 12.8-6.4 12.8-12.8v-70.4c0-6.4-6.4-12.8-12.8-12.8h-22.4c-6.4 0-12.8 6.4-12.8 12.8v70.4c0 6.4 6.4 12.8 12.8 12.8z\" class=\"\"><\/path><\/svg><\/i> Vistas Totales&nbsp;284&nbsp;, Vistas Hoy&nbsp;6&nbsp;<\/p>\n<div class=\"pvc_clear\"><\/div>\n","protected":false},"excerpt":{"rendered":"<p>Autor: Pedro Silverio \u00c1lvarezFecha: 19\/02\/2016Extra\u00eddo de diariolibre.comLa historia econ\u00f3mica de Am\u00e9rica Latina parece repetirse interminablemente, siguiendo ciclos irregulares y din\u00e1micos. Este sentido de circularidad es particularmente sorprendente en lo que respecta al uso de pol\u00edticas macroecon\u00f3micas populistas con prop\u00f3sitos redistributivos. Una y otra vez, y de pa\u00eds en pa\u00eds, los hacedores de pol\u00edticas se han aferrado a programas econ\u00f3micos que dependen fuertemente de pol\u00edticas fiscal y crediticias expansivas y una moneda sobrevalorada para acelerar el crecimiento y redistribuir el ingreso. Dornbusch y Edwards, 1991<\/p>\n<div class=\"pvc_clear\"><\/div>\n<p class=\"pvc_stats all \" data-element-id=\"20463\" style=\"\"><i class=\"pvc-stats-icon medium\" aria-hidden=\"true\"><svg aria-hidden=\"true\" focusable=\"false\" data-prefix=\"far\" data-icon=\"chart-bar\" role=\"img\" xmlns=\"http:\/\/www.w3.org\/2000\/svg\" viewBox=\"0 0 512 512\" class=\"svg-inline--fa fa-chart-bar fa-w-16 fa-2x\"><path fill=\"currentColor\" d=\"M396.8 352h22.4c6.4 0 12.8-6.4 12.8-12.8V108.8c0-6.4-6.4-12.8-12.8-12.8h-22.4c-6.4 0-12.8 6.4-12.8 12.8v230.4c0 6.4 6.4 12.8 12.8 12.8zm-192 0h22.4c6.4 0 12.8-6.4 12.8-12.8V140.8c0-6.4-6.4-12.8-12.8-12.8h-22.4c-6.4 0-12.8 6.4-12.8 12.8v198.4c0 6.4 6.4 12.8 12.8 12.8zm96 0h22.4c6.4 0 12.8-6.4 12.8-12.8V204.8c0-6.4-6.4-12.8-12.8-12.8h-22.4c-6.4 0-12.8 6.4-12.8 12.8v134.4c0 6.4 6.4 12.8 12.8 12.8zM496 400H48V80c0-8.84-7.16-16-16-16H16C7.16 64 0 71.16 0 80v336c0 17.67 14.33 32 32 32h464c8.84 0 16-7.16 16-16v-16c0-8.84-7.16-16-16-16zm-387.2-48h22.4c6.4 0 12.8-6.4 12.8-12.8v-70.4c0-6.4-6.4-12.8-12.8-12.8h-22.4c-6.4 0-12.8 6.4-12.8 12.8v70.4c0 6.4 6.4 12.8 12.8 12.8z\" class=\"\"><\/path><\/svg><\/i> Vistas Totales&nbsp;284&nbsp;, Vistas Hoy&nbsp;6&nbsp;<\/p>\n<div class=\"pvc_clear\"><\/div>\n","protected":false},"author":2,"featured_media":0,"comment_status":"open","ping_status":"open","sticky":false,"template":"","format":"standard","meta":{"footnotes":""},"categories":[21],"tags":[],"class_list":["post-20463","post","type-post","status-publish","format-standard","hentry","category-blog"],"yoast_head":"<!-- This site is optimized with the Yoast SEO plugin v25.2 - https:\/\/yoast.com\/wordpress\/plugins\/seo\/ -->\n<title>Algunos ingredientes t\u00f3xicos del modelo econ\u00f3mico dominicano | CREES<\/title>\n<meta name=\"robots\" content=\"index, follow, max-snippet:-1, max-image-preview:large, max-video-preview:-1\" \/>\n<link rel=\"canonical\" href=\"https:\/\/crees.org.do\/?p=20463\" \/>\n<meta property=\"og:locale\" content=\"es_ES\" \/>\n<meta property=\"og:type\" content=\"article\" \/>\n<meta property=\"og:title\" content=\"Algunos ingredientes t\u00f3xicos del modelo econ\u00f3mico dominicano | CREES\" \/>\n<meta property=\"og:description\" content=\"Autor: Pedro Silverio \u00c1lvarezFecha: 19\/02\/2016Extra\u00eddo de diariolibre.comLa historia econ\u00f3mica de Am\u00e9rica Latina parece repetirse interminablemente, siguiendo ciclos irregulares y din\u00e1micos. Este sentido de circularidad es particularmente sorprendente en lo que respecta al uso de pol\u00edticas macroecon\u00f3micas populistas con prop\u00f3sitos redistributivos. Una y otra vez, y de pa\u00eds en pa\u00eds, los hacedores de pol\u00edticas se han aferrado a programas econ\u00f3micos que dependen fuertemente de pol\u00edticas fiscal y crediticias expansivas y una moneda sobrevalorada para acelerar el crecimiento y redistribuir el ingreso. Dornbusch y Edwards, 1991\" \/>\n<meta property=\"og:url\" content=\"https:\/\/crees.org.do\/?p=20463\" \/>\n<meta property=\"og:site_name\" content=\"CREES\" \/>\n<meta property=\"article:publisher\" content=\"https:\/\/www.facebook.com\/CREESRD\/\" \/>\n<meta property=\"article:published_time\" content=\"2016-01-01T00:00:00+00:00\" \/>\n<meta property=\"og:image\" content=\"https:\/\/crees.org.do\/wp-content\/uploads\/2022\/03\/crees-logo-1.jpg\" \/>\n\t<meta property=\"og:image:width\" content=\"244\" \/>\n\t<meta property=\"og:image:height\" content=\"71\" \/>\n\t<meta property=\"og:image:type\" content=\"image\/jpeg\" \/>\n<meta name=\"author\" content=\"Crees\" \/>\n<meta name=\"twitter:card\" content=\"summary_large_image\" \/>\n<meta name=\"twitter:creator\" content=\"@CREESRD\" \/>\n<meta name=\"twitter:site\" content=\"@CREESRD\" \/>\n<meta name=\"twitter:label1\" content=\"Escrito por\" \/>\n\t<meta name=\"twitter:data1\" content=\"Crees\" \/>\n\t<meta name=\"twitter:label2\" content=\"Tiempo de lectura\" \/>\n\t<meta name=\"twitter:data2\" content=\"5 minutos\" \/>\n<script type=\"application\/ld+json\" class=\"yoast-schema-graph\">{\"@context\":\"https:\/\/schema.org\",\"@graph\":[{\"@type\":\"Article\",\"@id\":\"https:\/\/crees.org.do\/?p=20463#article\",\"isPartOf\":{\"@id\":\"https:\/\/crees.org.do\/?p=20463\"},\"author\":{\"name\":\"Crees\",\"@id\":\"https:\/\/crees.org.do\/#\/schema\/person\/e7f97cd94d7bf9cd0e0ce30acb7d56b8\"},\"headline\":\"Algunos ingredientes t\u00f3xicos del modelo econ\u00f3mico dominicano\",\"datePublished\":\"2016-01-01T00:00:00+00:00\",\"mainEntityOfPage\":{\"@id\":\"https:\/\/crees.org.do\/?p=20463\"},\"wordCount\":930,\"commentCount\":0,\"publisher\":{\"@id\":\"https:\/\/crees.org.do\/#organization\"},\"articleSection\":[\"Blog\"],\"inLanguage\":\"es\"},{\"@type\":\"WebPage\",\"@id\":\"https:\/\/crees.org.do\/?p=20463\",\"url\":\"https:\/\/crees.org.do\/?p=20463\",\"name\":\"Algunos ingredientes t\u00f3xicos del modelo econ\u00f3mico dominicano | CREES\",\"isPartOf\":{\"@id\":\"https:\/\/crees.org.do\/#website\"},\"datePublished\":\"2016-01-01T00:00:00+00:00\",\"breadcrumb\":{\"@id\":\"https:\/\/crees.org.do\/?p=20463#breadcrumb\"},\"inLanguage\":\"es\",\"potentialAction\":[{\"@type\":\"ReadAction\",\"target\":[\"https:\/\/crees.org.do\/?p=20463\"]}]},{\"@type\":\"BreadcrumbList\",\"@id\":\"https:\/\/crees.org.do\/?p=20463#breadcrumb\",\"itemListElement\":[{\"@type\":\"ListItem\",\"position\":1,\"name\":\"Portada\",\"item\":\"https:\/\/crees.org.do\/\"},{\"@type\":\"ListItem\",\"position\":2,\"name\":\"Algunos ingredientes t\u00f3xicos del modelo econ\u00f3mico dominicano\"}]},{\"@type\":\"WebSite\",\"@id\":\"https:\/\/crees.org.do\/#website\",\"url\":\"https:\/\/crees.org.do\/\",\"name\":\"CREES\",\"description\":\"Centro Regional de Estrategias Econ\u00f3micas Sostenibles\",\"publisher\":{\"@id\":\"https:\/\/crees.org.do\/#organization\"},\"potentialAction\":[{\"@type\":\"SearchAction\",\"target\":{\"@type\":\"EntryPoint\",\"urlTemplate\":\"https:\/\/crees.org.do\/?s={search_term_string}\"},\"query-input\":{\"@type\":\"PropertyValueSpecification\",\"valueRequired\":true,\"valueName\":\"search_term_string\"}}],\"inLanguage\":\"es\"},{\"@type\":\"Organization\",\"@id\":\"https:\/\/crees.org.do\/#organization\",\"name\":\"CREES | Centro Regional de Estrategias Econ\u00f3micas Sostenibles\",\"url\":\"https:\/\/crees.org.do\/\",\"logo\":{\"@type\":\"ImageObject\",\"inLanguage\":\"es\",\"@id\":\"https:\/\/crees.org.do\/#\/schema\/logo\/image\/\",\"url\":\"https:\/\/crees.org.do\/wp-content\/uploads\/2022\/03\/crees-logo-1.jpg\",\"contentUrl\":\"https:\/\/crees.org.do\/wp-content\/uploads\/2022\/03\/crees-logo-1.jpg\",\"width\":244,\"height\":71,\"caption\":\"CREES | Centro Regional de Estrategias Econ\u00f3micas Sostenibles\"},\"image\":{\"@id\":\"https:\/\/crees.org.do\/#\/schema\/logo\/image\/\"},\"sameAs\":[\"https:\/\/www.facebook.com\/CREESRD\/\",\"https:\/\/x.com\/CREESRD\"]},{\"@type\":\"Person\",\"@id\":\"https:\/\/crees.org.do\/#\/schema\/person\/e7f97cd94d7bf9cd0e0ce30acb7d56b8\",\"name\":\"Crees\",\"image\":{\"@type\":\"ImageObject\",\"inLanguage\":\"es\",\"@id\":\"https:\/\/crees.org.do\/#\/schema\/person\/image\/\",\"url\":\"https:\/\/secure.gravatar.com\/avatar\/390ac8f0be5d9aa046152553e2dd7011b59a512d89c150f5e5f28bb8d9a0b165?s=96&d=mm&r=g\",\"contentUrl\":\"https:\/\/secure.gravatar.com\/avatar\/390ac8f0be5d9aa046152553e2dd7011b59a512d89c150f5e5f28bb8d9a0b165?s=96&d=mm&r=g\",\"caption\":\"Crees\"},\"url\":\"https:\/\/crees.org.do\/?author=2\"}]}<\/script>\n<!-- \/ Yoast SEO plugin. -->","yoast_head_json":{"title":"Algunos ingredientes t\u00f3xicos del modelo econ\u00f3mico dominicano | CREES","robots":{"index":"index","follow":"follow","max-snippet":"max-snippet:-1","max-image-preview":"max-image-preview:large","max-video-preview":"max-video-preview:-1"},"canonical":"https:\/\/crees.org.do\/?p=20463","og_locale":"es_ES","og_type":"article","og_title":"Algunos ingredientes t\u00f3xicos del modelo econ\u00f3mico dominicano | CREES","og_description":"Autor: Pedro Silverio \u00c1lvarezFecha: 19\/02\/2016Extra\u00eddo de diariolibre.comLa historia econ\u00f3mica de Am\u00e9rica Latina parece repetirse interminablemente, siguiendo ciclos irregulares y din\u00e1micos. Este sentido de circularidad es particularmente sorprendente en lo que respecta al uso de pol\u00edticas macroecon\u00f3micas populistas con prop\u00f3sitos redistributivos. Una y otra vez, y de pa\u00eds en pa\u00eds, los hacedores de pol\u00edticas se han aferrado a programas econ\u00f3micos que dependen fuertemente de pol\u00edticas fiscal y crediticias expansivas y una moneda sobrevalorada para acelerar el crecimiento y redistribuir el ingreso. Dornbusch y Edwards, 1991","og_url":"https:\/\/crees.org.do\/?p=20463","og_site_name":"CREES","article_publisher":"https:\/\/www.facebook.com\/CREESRD\/","article_published_time":"2016-01-01T00:00:00+00:00","og_image":[{"width":244,"height":71,"url":"https:\/\/crees.org.do\/wp-content\/uploads\/2022\/03\/crees-logo-1.jpg","type":"image\/jpeg"}],"author":"Crees","twitter_card":"summary_large_image","twitter_creator":"@CREESRD","twitter_site":"@CREESRD","twitter_misc":{"Escrito por":"Crees","Tiempo de lectura":"5 minutos"},"schema":{"@context":"https:\/\/schema.org","@graph":[{"@type":"Article","@id":"https:\/\/crees.org.do\/?p=20463#article","isPartOf":{"@id":"https:\/\/crees.org.do\/?p=20463"},"author":{"name":"Crees","@id":"https:\/\/crees.org.do\/#\/schema\/person\/e7f97cd94d7bf9cd0e0ce30acb7d56b8"},"headline":"Algunos ingredientes t\u00f3xicos del modelo econ\u00f3mico dominicano","datePublished":"2016-01-01T00:00:00+00:00","mainEntityOfPage":{"@id":"https:\/\/crees.org.do\/?p=20463"},"wordCount":930,"commentCount":0,"publisher":{"@id":"https:\/\/crees.org.do\/#organization"},"articleSection":["Blog"],"inLanguage":"es"},{"@type":"WebPage","@id":"https:\/\/crees.org.do\/?p=20463","url":"https:\/\/crees.org.do\/?p=20463","name":"Algunos ingredientes t\u00f3xicos del modelo econ\u00f3mico dominicano | CREES","isPartOf":{"@id":"https:\/\/crees.org.do\/#website"},"datePublished":"2016-01-01T00:00:00+00:00","breadcrumb":{"@id":"https:\/\/crees.org.do\/?p=20463#breadcrumb"},"inLanguage":"es","potentialAction":[{"@type":"ReadAction","target":["https:\/\/crees.org.do\/?p=20463"]}]},{"@type":"BreadcrumbList","@id":"https:\/\/crees.org.do\/?p=20463#breadcrumb","itemListElement":[{"@type":"ListItem","position":1,"name":"Portada","item":"https:\/\/crees.org.do\/"},{"@type":"ListItem","position":2,"name":"Algunos ingredientes t\u00f3xicos del modelo econ\u00f3mico dominicano"}]},{"@type":"WebSite","@id":"https:\/\/crees.org.do\/#website","url":"https:\/\/crees.org.do\/","name":"CREES","description":"Centro Regional de Estrategias Econ\u00f3micas Sostenibles","publisher":{"@id":"https:\/\/crees.org.do\/#organization"},"potentialAction":[{"@type":"SearchAction","target":{"@type":"EntryPoint","urlTemplate":"https:\/\/crees.org.do\/?s={search_term_string}"},"query-input":{"@type":"PropertyValueSpecification","valueRequired":true,"valueName":"search_term_string"}}],"inLanguage":"es"},{"@type":"Organization","@id":"https:\/\/crees.org.do\/#organization","name":"CREES | Centro Regional de Estrategias Econ\u00f3micas Sostenibles","url":"https:\/\/crees.org.do\/","logo":{"@type":"ImageObject","inLanguage":"es","@id":"https:\/\/crees.org.do\/#\/schema\/logo\/image\/","url":"https:\/\/crees.org.do\/wp-content\/uploads\/2022\/03\/crees-logo-1.jpg","contentUrl":"https:\/\/crees.org.do\/wp-content\/uploads\/2022\/03\/crees-logo-1.jpg","width":244,"height":71,"caption":"CREES | Centro Regional de Estrategias Econ\u00f3micas Sostenibles"},"image":{"@id":"https:\/\/crees.org.do\/#\/schema\/logo\/image\/"},"sameAs":["https:\/\/www.facebook.com\/CREESRD\/","https:\/\/x.com\/CREESRD"]},{"@type":"Person","@id":"https:\/\/crees.org.do\/#\/schema\/person\/e7f97cd94d7bf9cd0e0ce30acb7d56b8","name":"Crees","image":{"@type":"ImageObject","inLanguage":"es","@id":"https:\/\/crees.org.do\/#\/schema\/person\/image\/","url":"https:\/\/secure.gravatar.com\/avatar\/390ac8f0be5d9aa046152553e2dd7011b59a512d89c150f5e5f28bb8d9a0b165?s=96&d=mm&r=g","contentUrl":"https:\/\/secure.gravatar.com\/avatar\/390ac8f0be5d9aa046152553e2dd7011b59a512d89c150f5e5f28bb8d9a0b165?s=96&d=mm&r=g","caption":"Crees"},"url":"https:\/\/crees.org.do\/?author=2"}]}},"_links":{"self":[{"href":"https:\/\/crees.org.do\/index.php?rest_route=\/wp\/v2\/posts\/20463","targetHints":{"allow":["GET"]}}],"collection":[{"href":"https:\/\/crees.org.do\/index.php?rest_route=\/wp\/v2\/posts"}],"about":[{"href":"https:\/\/crees.org.do\/index.php?rest_route=\/wp\/v2\/types\/post"}],"author":[{"embeddable":true,"href":"https:\/\/crees.org.do\/index.php?rest_route=\/wp\/v2\/users\/2"}],"replies":[{"embeddable":true,"href":"https:\/\/crees.org.do\/index.php?rest_route=%2Fwp%2Fv2%2Fcomments&post=20463"}],"version-history":[{"count":0,"href":"https:\/\/crees.org.do\/index.php?rest_route=\/wp\/v2\/posts\/20463\/revisions"}],"wp:attachment":[{"href":"https:\/\/crees.org.do\/index.php?rest_route=%2Fwp%2Fv2%2Fmedia&parent=20463"}],"wp:term":[{"taxonomy":"category","embeddable":true,"href":"https:\/\/crees.org.do\/index.php?rest_route=%2Fwp%2Fv2%2Fcategories&post=20463"},{"taxonomy":"post_tag","embeddable":true,"href":"https:\/\/crees.org.do\/index.php?rest_route=%2Fwp%2Fv2%2Ftags&post=20463"}],"curies":[{"name":"wp","href":"https:\/\/api.w.org\/{rel}","templated":true}]}}