{"id":20473,"date":"2016-01-01T00:00:00","date_gmt":"2016-01-01T00:00:00","guid":{"rendered":"https:\/\/crees.org.do\/es-viable-reducir-las-tasas-impositivas\/"},"modified":"2016-01-01T00:00:00","modified_gmt":"2016-01-01T00:00:00","slug":"es-viable-reducir-las-tasas-impositivas","status":"publish","type":"post","link":"https:\/\/crees.org.do\/?p=20473","title":{"rendered":"\u00bfEs viable reducir las tasas impositivas?"},"content":{"rendered":"<div class=\"portlet-boundary portlet-boundary_contentviewerportlet_WAR_newsportlet_  portlet-static portlet-static-end content-viewer-portlet \" id=\"p_p_id_contentviewerportlet_WAR_newsportlet_INSTANCE_e21cd618898f45be8d7520a3cdb3afda_\">\n<div class=\"td-portlet\" style=\"clear: both; position: relative; width: 600px;\">\n<section class=\"portlet\" id=\"portlet_contentviewerportlet_WAR_newsportlet_INSTANCE_e21cd618898f45be8d7520a3cdb3afda\" style=\"border: 0px; padding: 0px;\">\n<div class=\"portlet-content\" style=\"padding: 0px;\">\n<div class=\"portlet-content-container\">\n<div class=\"portlet-body\">\n<div class=\"last td-viewer full-access\">\n<div class=\"detalle-texto\">\n<div class=\"text\" mlnid=\"idcon=6419504;order=3.1\">\n<p style=\"font-family: Arial, Helvetica, sans-serif; color: rgb(51, 51, 51); line-height: 20px; margin-top: 10px; margin-bottom: 10px; text-align: justify;\"><span style=\"font-size:12px;\"><span style=\"font-family:verdana,geneva,sans-serif;\"><strong>Autor: Pedro Silverio \u00c1lvarez<\/strong><\/span><\/span><\/p>\n<p style=\"font-family: Arial, Helvetica, sans-serif; color: rgb(51, 51, 51); line-height: 20px; margin-top: 10px; margin-bottom: 10px; text-align: justify;\"><span style=\"font-size:12px;\"><span style=\"font-family:verdana,geneva,sans-serif;\">Fecha: 01\/04\/2016<\/span><\/span><\/p>\n<p style=\"font-family: Arial, Helvetica, sans-serif; color: rgb(51, 51, 51); line-height: 20px; margin-top: 10px; margin-bottom: 10px; text-align: justify;\"><span style=\"font-size:12px;\"><span style=\"font-family:verdana,geneva,sans-serif;\">Extra\u00eddo de <a href=\"http:\/\/www.diariolibre.com\/opinion\/en-directo\/es-viable-reducir-las-tasas-impositivas-AJ3209772\" target=\"_blank\" rel=\"noopener\">diariolibre.com<\/a><\/span><\/span><\/p>\n<p style=\"font-family: Arial, Helvetica, sans-serif; color: rgb(51, 51, 51); line-height: 20px; margin-top: 10px; margin-bottom: 10px; text-align: justify;\">&nbsp;<\/p>\n<p style=\"font-family: Arial, Helvetica, sans-serif; color: rgb(51, 51, 51); line-height: 20px; margin-top: 10px; margin-bottom: 10px; text-align: justify;\"><span style=\"font-size:12px;\"><span style=\"font-family:verdana,geneva,sans-serif;\">Muchos gobiernos han respondido a la globalizaci\u00f3n con una reducci\u00f3n de impuestos dise\u00f1ada para mejorar la competitividad y estimular el crecimiento. Las tasas del ingreso personal se han desplomado en d\u00e9cadas recientes, y m\u00e1s de dos docenas de naciones han sustituido sus complejos impuestos sobre la renta con una simple tasa \u00fanica. Al mismo tiempo, casi todos los pa\u00edses han reducido sus tasas impositivas a las corporaciones, reconociendo que la inversi\u00f3n en los negocios y los beneficios se han convertido en altamente m\u00f3viles en la econom\u00eda de hoy. Edwards y Mitchell, 2008<\/span><\/span><\/p>\n<p style=\"font-family: Arial, Helvetica, sans-serif; color: rgb(51, 51, 51); line-height: 20px; margin-top: 10px; margin-bottom: 10px; text-align: justify;\"><span style=\"font-size:12px;\"><span style=\"font-family:verdana,geneva,sans-serif;\">La globalizaci\u00f3n ha significado que los factores de la producci\u00f3n -especialmente el capital y la tecnolog\u00eda, y en menor medida la mano de obra- se hayan convertido en factores con una alta movilidad internacional. Esto, a su vez, plantea nuevos retos a las pol\u00edticas impositivas de cada pa\u00eds en particular, pues un dise\u00f1o inapropiado del sistema tributario pudiera conducir a una fuga de capitales hacia pa\u00edses en donde reciben mejores oportunidades de retorno a sus inversiones. En el fondo, esto significa que para los pa\u00edses mantenerse competitivos internacionalmente deben -entre otros requerimientos- ser exitosos en la competencia impositiva, lo que presupone que el dise\u00f1o del sistema de impuestos no puede hacerse al margen de la realidad impositiva de sus competidores.<\/span><\/span><\/p>\n<p style=\"font-family: Arial, Helvetica, sans-serif; color: rgb(51, 51, 51); line-height: 20px; margin-top: 10px; margin-bottom: 10px; text-align: justify;\"><span style=\"font-size:12px;\"><span style=\"font-family:verdana,geneva,sans-serif;\">Como resultado de esa competencia impositiva, desde el a\u00f1o 2000 numerosos pa\u00edses, tal como se\u00f1alan Edwards y Mitchel en su libro Global Tax Revolution (La revoluci\u00f3n impositiva global) han reducido sus tasas de los impuestos corporativos; entre ellos, Austria, Canad\u00e1, Alemania, Grecia, Islandia, Italia, Holanda, Portugal, Albania, Egipto, Mauritania y Rusia. Igual ha ocurrido con el impuesto sobre la renta, cuyas tasas marginales m\u00e1ximas han ca\u00eddo dr\u00e1sticamente tanto en Europa y Estados Unidos como en \u00c1frica, Asia y Latinoam\u00e9rica.<\/span><\/span><\/p>\n<p style=\"font-family: Arial, Helvetica, sans-serif; color: rgb(51, 51, 51); line-height: 20px; margin-top: 10px; margin-bottom: 10px; text-align: justify;\"><span style=\"font-size:12px;\"><span style=\"font-family:verdana,geneva,sans-serif;\">Asumo que algunos lectores estar\u00e1n rasg\u00e1ndose las vestiduras al considerar que esas tendencias no son deseables desde el punto de vista de la redistribuci\u00f3n del ingreso. Y casi instintivamente se defiende la idea de que los impuestos deben ser progresivos. Pero si reflexionamos un poco m\u00e1s sobre el tema pudi\u00e9ramos concluir que la progresividad o el car\u00e1cter redistributivo de la pol\u00edtica fiscal debe buscarse a trav\u00e9s de la pol\u00edtica de gastos del gobierno. Claramente, se trata del cl\u00e1sico debate econ\u00f3mico entre eficiencia y distribuci\u00f3n. Utilizar la pol\u00edtica impositiva como mecanismo para la distribuci\u00f3n del ingreso es un grave error desde el punto de vista de la eficiencia econ\u00f3mica. Sin embargo, ese es el discurso que pol\u00edticamente conviene esgrimir. Adem\u00e1s, es f\u00e1cil de comprar. En cambio, enfatizar en la pol\u00edtica de gastos como mecanismo por excelencia para redistribuir el ingreso tiene implicaciones que llevan a serios cuestionamientos de los niveles de calidad en el gasto p\u00fablico.<\/span><\/span><\/p>\n<p style=\"font-family: Arial, Helvetica, sans-serif; color: rgb(51, 51, 51); line-height: 20px; margin-top: 10px; margin-bottom: 10px; text-align: justify;\"><span style=\"font-size:12px;\"><span style=\"font-family:verdana,geneva,sans-serif;\">Pero bien; el asunto es que la tendencia internacional es a la reducci\u00f3n de las tasas impositivas, pero siempre existe el temor de que unas reducciones de las tasas impositivas no representen al final mayores recaudaciones fiscales. Sin embargo, debemos recordar que las reducciones de las tasas son equivalentes a una pol\u00edtica fiscal expansiva a trav\u00e9s del gasto, con la ventaja de que mejoraran la eficiencia econ\u00f3mica, en contraposici\u00f3n con los efectos del gasto p\u00fablico. Un mayor dinamismo econ\u00f3mico debe mejorar las recaudaciones tributarias.<\/span><\/span><\/p>\n<p style=\"font-family: Arial, Helvetica, sans-serif; color: rgb(51, 51, 51); line-height: 20px; margin-top: 10px; margin-bottom: 10px; text-align: justify;\"><span style=\"font-size:12px;\"><span style=\"font-family:verdana,geneva,sans-serif;\">Un episodio en la historia tributaria de Estados Unidos puede servir para ilustrar -aunque sea ligeramente- los efectos recaudatorios que tienen las reducciones de las tasas impositivas. Narra Thomas Sowell (2012) que en 1921 la tasa marginal m\u00e1xima del impuesto sobre la renta era del 73% y el gobierno recaudaba unos US$700 millones, de los cuales el 30% era pagado por quienes ganaban por encima de los US$100,000. Luego de reducir las tasas al 24%, ya para el 1929 las recaudaciones sobrepasaban los US$1,000 millones, de los cuales el 65% era pagado por quienes ganaban m\u00e1s de US$100,000. Es obvio que luego de la reducci\u00f3n de las tasas hubo una gran mejor\u00eda en las recaudaciones y que los de mayores ingresos -aquellos que ganaban m\u00e1s de US$100,000- pasaron a pagar una mayor proporci\u00f3n del total recaudado. Estamos conscientes, sin embargo, que Estados Unidos es muy diferente a Rep\u00fablica Dominicana. Y que quiz\u00e1s los dominicanos seamos m\u00e1s reacios a pagar los impuestos. Pero hace m\u00e1s de veinte a\u00f1os que Balaguer -obligado por la catastr\u00f3fica crisis econ\u00f3mica de principios de los 90- implement\u00f3 una reforma tributaria que redujo las tasas impositivas, y se inici\u00f3 un notorio per\u00edodo de crecimiento econ\u00f3mico y de mayores recaudaciones fiscales.<\/span><\/span><\/p>\n<p style=\"font-family: Arial, Helvetica, sans-serif; color: rgb(51, 51, 51); line-height: 20px; margin-top: 10px; margin-bottom: 10px; text-align: justify;\"><span style=\"font-size:12px;\"><span style=\"font-family:verdana,geneva,sans-serif;\">Posteriormente, se han hecho numerosas reformas con el fallido prop\u00f3sito de incrementar la presi\u00f3n tributaria, la que de una forma o de otra vuelve a los niveles similares del presente. Debemos retomar la idea de hacer una reforma fiscal basada en una reducci\u00f3n de las tasas impositivas, ya no por meras razones dom\u00e9sticas, sino tambi\u00e9n por la din\u00e1mica de un entorno internacional que nos obliga a dise\u00f1ar un sistema impositivo competitivo; de lo contrario, corremos el riesgo de quedarnos a\u00fan m\u00e1s rezagados frente a nuestros competidores&#8230; Es nuestra elecci\u00f3n.<\/span><\/span><\/p>\n<p style=\"font-family: Arial, Helvetica, sans-serif; color: rgb(51, 51, 51); line-height: 20px; margin-top: 10px; margin-bottom: 10px; text-align: justify;\"><span style=\"font-size:12px;\"><span style=\"font-family:verdana,geneva,sans-serif;\">@pedrosilver31<\/span><\/span><\/p>\n<p style=\"font-family: Arial, Helvetica, sans-serif; color: rgb(51, 51, 51); line-height: 20px; margin-top: 10px; margin-bottom: 10px; text-align: justify;\"><span style=\"font-size:12px;\"><span style=\"font-family:verdana,geneva,sans-serif;\">Pedrosilver31@gmail.com<\/span><\/span><\/p>\n<\/div>\n<\/div>\n<\/div>\n<\/div>\n<\/div>\n<\/div>\n<\/section>\n<\/div>\n<\/div>\n<p>&nbsp;<\/p>\n<div class=\"pvc_clear\"><\/div>\n<p class=\"pvc_stats all \" data-element-id=\"20473\" style=\"\"><i class=\"pvc-stats-icon medium\" aria-hidden=\"true\"><svg aria-hidden=\"true\" focusable=\"false\" data-prefix=\"far\" data-icon=\"chart-bar\" role=\"img\" xmlns=\"http:\/\/www.w3.org\/2000\/svg\" viewBox=\"0 0 512 512\" class=\"svg-inline--fa fa-chart-bar fa-w-16 fa-2x\"><path fill=\"currentColor\" d=\"M396.8 352h22.4c6.4 0 12.8-6.4 12.8-12.8V108.8c0-6.4-6.4-12.8-12.8-12.8h-22.4c-6.4 0-12.8 6.4-12.8 12.8v230.4c0 6.4 6.4 12.8 12.8 12.8zm-192 0h22.4c6.4 0 12.8-6.4 12.8-12.8V140.8c0-6.4-6.4-12.8-12.8-12.8h-22.4c-6.4 0-12.8 6.4-12.8 12.8v198.4c0 6.4 6.4 12.8 12.8 12.8zm96 0h22.4c6.4 0 12.8-6.4 12.8-12.8V204.8c0-6.4-6.4-12.8-12.8-12.8h-22.4c-6.4 0-12.8 6.4-12.8 12.8v134.4c0 6.4 6.4 12.8 12.8 12.8zM496 400H48V80c0-8.84-7.16-16-16-16H16C7.16 64 0 71.16 0 80v336c0 17.67 14.33 32 32 32h464c8.84 0 16-7.16 16-16v-16c0-8.84-7.16-16-16-16zm-387.2-48h22.4c6.4 0 12.8-6.4 12.8-12.8v-70.4c0-6.4-6.4-12.8-12.8-12.8h-22.4c-6.4 0-12.8 6.4-12.8 12.8v70.4c0 6.4 6.4 12.8 12.8 12.8z\" class=\"\"><\/path><\/svg><\/i> Vistas Totales&nbsp;276&nbsp;, Vistas Hoy&nbsp;1&nbsp;<\/p>\n<div class=\"pvc_clear\"><\/div>\n","protected":false},"excerpt":{"rendered":"<p>full_html<\/p>\n<div class=\"pvc_clear\"><\/div>\n<p class=\"pvc_stats all \" data-element-id=\"20473\" style=\"\"><i class=\"pvc-stats-icon medium\" aria-hidden=\"true\"><svg aria-hidden=\"true\" focusable=\"false\" data-prefix=\"far\" data-icon=\"chart-bar\" role=\"img\" xmlns=\"http:\/\/www.w3.org\/2000\/svg\" viewBox=\"0 0 512 512\" class=\"svg-inline--fa fa-chart-bar fa-w-16 fa-2x\"><path fill=\"currentColor\" d=\"M396.8 352h22.4c6.4 0 12.8-6.4 12.8-12.8V108.8c0-6.4-6.4-12.8-12.8-12.8h-22.4c-6.4 0-12.8 6.4-12.8 12.8v230.4c0 6.4 6.4 12.8 12.8 12.8zm-192 0h22.4c6.4 0 12.8-6.4 12.8-12.8V140.8c0-6.4-6.4-12.8-12.8-12.8h-22.4c-6.4 0-12.8 6.4-12.8 12.8v198.4c0 6.4 6.4 12.8 12.8 12.8zm96 0h22.4c6.4 0 12.8-6.4 12.8-12.8V204.8c0-6.4-6.4-12.8-12.8-12.8h-22.4c-6.4 0-12.8 6.4-12.8 12.8v134.4c0 6.4 6.4 12.8 12.8 12.8zM496 400H48V80c0-8.84-7.16-16-16-16H16C7.16 64 0 71.16 0 80v336c0 17.67 14.33 32 32 32h464c8.84 0 16-7.16 16-16v-16c0-8.84-7.16-16-16-16zm-387.2-48h22.4c6.4 0 12.8-6.4 12.8-12.8v-70.4c0-6.4-6.4-12.8-12.8-12.8h-22.4c-6.4 0-12.8 6.4-12.8 12.8v70.4c0 6.4 6.4 12.8 12.8 12.8z\" class=\"\"><\/path><\/svg><\/i> Vistas Totales&nbsp;276&nbsp;, Vistas Hoy&nbsp;1&nbsp;<\/p>\n<div class=\"pvc_clear\"><\/div>\n","protected":false},"author":2,"featured_media":0,"comment_status":"open","ping_status":"open","sticky":false,"template":"","format":"standard","meta":{"footnotes":""},"categories":[21],"tags":[],"class_list":["post-20473","post","type-post","status-publish","format-standard","hentry","category-blog"],"yoast_head":"<!-- This site is optimized with the Yoast SEO plugin v25.2 - https:\/\/yoast.com\/wordpress\/plugins\/seo\/ -->\n<title>\u00bfEs viable reducir las tasas impositivas? | CREES<\/title>\n<meta name=\"robots\" content=\"index, follow, max-snippet:-1, max-image-preview:large, max-video-preview:-1\" \/>\n<link rel=\"canonical\" href=\"https:\/\/crees.org.do\/?p=20473\" \/>\n<meta property=\"og:locale\" content=\"es_ES\" \/>\n<meta property=\"og:type\" content=\"article\" \/>\n<meta property=\"og:title\" content=\"\u00bfEs viable reducir las tasas impositivas? | CREES\" \/>\n<meta property=\"og:description\" content=\"full_html\" \/>\n<meta property=\"og:url\" content=\"https:\/\/crees.org.do\/?p=20473\" \/>\n<meta property=\"og:site_name\" content=\"CREES\" \/>\n<meta property=\"article:publisher\" content=\"https:\/\/www.facebook.com\/CREESRD\/\" \/>\n<meta property=\"article:published_time\" content=\"2016-01-01T00:00:00+00:00\" \/>\n<meta property=\"og:image\" content=\"https:\/\/crees.org.do\/wp-content\/uploads\/2022\/03\/crees-logo-1.jpg\" \/>\n\t<meta property=\"og:image:width\" content=\"244\" \/>\n\t<meta property=\"og:image:height\" content=\"71\" \/>\n\t<meta property=\"og:image:type\" content=\"image\/jpeg\" \/>\n<meta name=\"author\" content=\"Crees\" \/>\n<meta name=\"twitter:card\" content=\"summary_large_image\" \/>\n<meta name=\"twitter:creator\" content=\"@CREESRD\" \/>\n<meta name=\"twitter:site\" content=\"@CREESRD\" \/>\n<meta name=\"twitter:label1\" content=\"Escrito por\" \/>\n\t<meta name=\"twitter:data1\" content=\"Crees\" \/>\n\t<meta name=\"twitter:label2\" content=\"Tiempo de lectura\" \/>\n\t<meta name=\"twitter:data2\" content=\"5 minutos\" \/>\n<script type=\"application\/ld+json\" class=\"yoast-schema-graph\">{\"@context\":\"https:\/\/schema.org\",\"@graph\":[{\"@type\":\"Article\",\"@id\":\"https:\/\/crees.org.do\/?p=20473#article\",\"isPartOf\":{\"@id\":\"https:\/\/crees.org.do\/?p=20473\"},\"author\":{\"name\":\"Crees\",\"@id\":\"https:\/\/crees.org.do\/#\/schema\/person\/e7f97cd94d7bf9cd0e0ce30acb7d56b8\"},\"headline\":\"\u00bfEs viable reducir las tasas impositivas?\",\"datePublished\":\"2016-01-01T00:00:00+00:00\",\"mainEntityOfPage\":{\"@id\":\"https:\/\/crees.org.do\/?p=20473\"},\"wordCount\":914,\"commentCount\":0,\"publisher\":{\"@id\":\"https:\/\/crees.org.do\/#organization\"},\"articleSection\":[\"Blog\"],\"inLanguage\":\"es\"},{\"@type\":\"WebPage\",\"@id\":\"https:\/\/crees.org.do\/?p=20473\",\"url\":\"https:\/\/crees.org.do\/?p=20473\",\"name\":\"\u00bfEs viable reducir las tasas impositivas? | CREES\",\"isPartOf\":{\"@id\":\"https:\/\/crees.org.do\/#website\"},\"datePublished\":\"2016-01-01T00:00:00+00:00\",\"breadcrumb\":{\"@id\":\"https:\/\/crees.org.do\/?p=20473#breadcrumb\"},\"inLanguage\":\"es\",\"potentialAction\":[{\"@type\":\"ReadAction\",\"target\":[\"https:\/\/crees.org.do\/?p=20473\"]}]},{\"@type\":\"BreadcrumbList\",\"@id\":\"https:\/\/crees.org.do\/?p=20473#breadcrumb\",\"itemListElement\":[{\"@type\":\"ListItem\",\"position\":1,\"name\":\"Portada\",\"item\":\"https:\/\/crees.org.do\/\"},{\"@type\":\"ListItem\",\"position\":2,\"name\":\"\u00bfEs viable reducir las tasas impositivas?\"}]},{\"@type\":\"WebSite\",\"@id\":\"https:\/\/crees.org.do\/#website\",\"url\":\"https:\/\/crees.org.do\/\",\"name\":\"CREES\",\"description\":\"Centro Regional de Estrategias Econ\u00f3micas Sostenibles\",\"publisher\":{\"@id\":\"https:\/\/crees.org.do\/#organization\"},\"potentialAction\":[{\"@type\":\"SearchAction\",\"target\":{\"@type\":\"EntryPoint\",\"urlTemplate\":\"https:\/\/crees.org.do\/?s={search_term_string}\"},\"query-input\":{\"@type\":\"PropertyValueSpecification\",\"valueRequired\":true,\"valueName\":\"search_term_string\"}}],\"inLanguage\":\"es\"},{\"@type\":\"Organization\",\"@id\":\"https:\/\/crees.org.do\/#organization\",\"name\":\"CREES | Centro Regional de Estrategias Econ\u00f3micas Sostenibles\",\"url\":\"https:\/\/crees.org.do\/\",\"logo\":{\"@type\":\"ImageObject\",\"inLanguage\":\"es\",\"@id\":\"https:\/\/crees.org.do\/#\/schema\/logo\/image\/\",\"url\":\"https:\/\/crees.org.do\/wp-content\/uploads\/2022\/03\/crees-logo-1.jpg\",\"contentUrl\":\"https:\/\/crees.org.do\/wp-content\/uploads\/2022\/03\/crees-logo-1.jpg\",\"width\":244,\"height\":71,\"caption\":\"CREES | Centro Regional de Estrategias Econ\u00f3micas Sostenibles\"},\"image\":{\"@id\":\"https:\/\/crees.org.do\/#\/schema\/logo\/image\/\"},\"sameAs\":[\"https:\/\/www.facebook.com\/CREESRD\/\",\"https:\/\/x.com\/CREESRD\"]},{\"@type\":\"Person\",\"@id\":\"https:\/\/crees.org.do\/#\/schema\/person\/e7f97cd94d7bf9cd0e0ce30acb7d56b8\",\"name\":\"Crees\",\"image\":{\"@type\":\"ImageObject\",\"inLanguage\":\"es\",\"@id\":\"https:\/\/crees.org.do\/#\/schema\/person\/image\/\",\"url\":\"https:\/\/secure.gravatar.com\/avatar\/390ac8f0be5d9aa046152553e2dd7011b59a512d89c150f5e5f28bb8d9a0b165?s=96&d=mm&r=g\",\"contentUrl\":\"https:\/\/secure.gravatar.com\/avatar\/390ac8f0be5d9aa046152553e2dd7011b59a512d89c150f5e5f28bb8d9a0b165?s=96&d=mm&r=g\",\"caption\":\"Crees\"},\"url\":\"https:\/\/crees.org.do\/?author=2\"}]}<\/script>\n<!-- \/ Yoast SEO plugin. -->","yoast_head_json":{"title":"\u00bfEs viable reducir las tasas impositivas? | CREES","robots":{"index":"index","follow":"follow","max-snippet":"max-snippet:-1","max-image-preview":"max-image-preview:large","max-video-preview":"max-video-preview:-1"},"canonical":"https:\/\/crees.org.do\/?p=20473","og_locale":"es_ES","og_type":"article","og_title":"\u00bfEs viable reducir las tasas impositivas? | CREES","og_description":"full_html","og_url":"https:\/\/crees.org.do\/?p=20473","og_site_name":"CREES","article_publisher":"https:\/\/www.facebook.com\/CREESRD\/","article_published_time":"2016-01-01T00:00:00+00:00","og_image":[{"width":244,"height":71,"url":"https:\/\/crees.org.do\/wp-content\/uploads\/2022\/03\/crees-logo-1.jpg","type":"image\/jpeg"}],"author":"Crees","twitter_card":"summary_large_image","twitter_creator":"@CREESRD","twitter_site":"@CREESRD","twitter_misc":{"Escrito por":"Crees","Tiempo de lectura":"5 minutos"},"schema":{"@context":"https:\/\/schema.org","@graph":[{"@type":"Article","@id":"https:\/\/crees.org.do\/?p=20473#article","isPartOf":{"@id":"https:\/\/crees.org.do\/?p=20473"},"author":{"name":"Crees","@id":"https:\/\/crees.org.do\/#\/schema\/person\/e7f97cd94d7bf9cd0e0ce30acb7d56b8"},"headline":"\u00bfEs viable reducir las tasas impositivas?","datePublished":"2016-01-01T00:00:00+00:00","mainEntityOfPage":{"@id":"https:\/\/crees.org.do\/?p=20473"},"wordCount":914,"commentCount":0,"publisher":{"@id":"https:\/\/crees.org.do\/#organization"},"articleSection":["Blog"],"inLanguage":"es"},{"@type":"WebPage","@id":"https:\/\/crees.org.do\/?p=20473","url":"https:\/\/crees.org.do\/?p=20473","name":"\u00bfEs viable reducir las tasas impositivas? | CREES","isPartOf":{"@id":"https:\/\/crees.org.do\/#website"},"datePublished":"2016-01-01T00:00:00+00:00","breadcrumb":{"@id":"https:\/\/crees.org.do\/?p=20473#breadcrumb"},"inLanguage":"es","potentialAction":[{"@type":"ReadAction","target":["https:\/\/crees.org.do\/?p=20473"]}]},{"@type":"BreadcrumbList","@id":"https:\/\/crees.org.do\/?p=20473#breadcrumb","itemListElement":[{"@type":"ListItem","position":1,"name":"Portada","item":"https:\/\/crees.org.do\/"},{"@type":"ListItem","position":2,"name":"\u00bfEs viable reducir las tasas impositivas?"}]},{"@type":"WebSite","@id":"https:\/\/crees.org.do\/#website","url":"https:\/\/crees.org.do\/","name":"CREES","description":"Centro Regional de Estrategias Econ\u00f3micas Sostenibles","publisher":{"@id":"https:\/\/crees.org.do\/#organization"},"potentialAction":[{"@type":"SearchAction","target":{"@type":"EntryPoint","urlTemplate":"https:\/\/crees.org.do\/?s={search_term_string}"},"query-input":{"@type":"PropertyValueSpecification","valueRequired":true,"valueName":"search_term_string"}}],"inLanguage":"es"},{"@type":"Organization","@id":"https:\/\/crees.org.do\/#organization","name":"CREES | Centro Regional de Estrategias Econ\u00f3micas Sostenibles","url":"https:\/\/crees.org.do\/","logo":{"@type":"ImageObject","inLanguage":"es","@id":"https:\/\/crees.org.do\/#\/schema\/logo\/image\/","url":"https:\/\/crees.org.do\/wp-content\/uploads\/2022\/03\/crees-logo-1.jpg","contentUrl":"https:\/\/crees.org.do\/wp-content\/uploads\/2022\/03\/crees-logo-1.jpg","width":244,"height":71,"caption":"CREES | Centro Regional de Estrategias Econ\u00f3micas Sostenibles"},"image":{"@id":"https:\/\/crees.org.do\/#\/schema\/logo\/image\/"},"sameAs":["https:\/\/www.facebook.com\/CREESRD\/","https:\/\/x.com\/CREESRD"]},{"@type":"Person","@id":"https:\/\/crees.org.do\/#\/schema\/person\/e7f97cd94d7bf9cd0e0ce30acb7d56b8","name":"Crees","image":{"@type":"ImageObject","inLanguage":"es","@id":"https:\/\/crees.org.do\/#\/schema\/person\/image\/","url":"https:\/\/secure.gravatar.com\/avatar\/390ac8f0be5d9aa046152553e2dd7011b59a512d89c150f5e5f28bb8d9a0b165?s=96&d=mm&r=g","contentUrl":"https:\/\/secure.gravatar.com\/avatar\/390ac8f0be5d9aa046152553e2dd7011b59a512d89c150f5e5f28bb8d9a0b165?s=96&d=mm&r=g","caption":"Crees"},"url":"https:\/\/crees.org.do\/?author=2"}]}},"_links":{"self":[{"href":"https:\/\/crees.org.do\/index.php?rest_route=\/wp\/v2\/posts\/20473","targetHints":{"allow":["GET"]}}],"collection":[{"href":"https:\/\/crees.org.do\/index.php?rest_route=\/wp\/v2\/posts"}],"about":[{"href":"https:\/\/crees.org.do\/index.php?rest_route=\/wp\/v2\/types\/post"}],"author":[{"embeddable":true,"href":"https:\/\/crees.org.do\/index.php?rest_route=\/wp\/v2\/users\/2"}],"replies":[{"embeddable":true,"href":"https:\/\/crees.org.do\/index.php?rest_route=%2Fwp%2Fv2%2Fcomments&post=20473"}],"version-history":[{"count":0,"href":"https:\/\/crees.org.do\/index.php?rest_route=\/wp\/v2\/posts\/20473\/revisions"}],"wp:attachment":[{"href":"https:\/\/crees.org.do\/index.php?rest_route=%2Fwp%2Fv2%2Fmedia&parent=20473"}],"wp:term":[{"taxonomy":"category","embeddable":true,"href":"https:\/\/crees.org.do\/index.php?rest_route=%2Fwp%2Fv2%2Fcategories&post=20473"},{"taxonomy":"post_tag","embeddable":true,"href":"https:\/\/crees.org.do\/index.php?rest_route=%2Fwp%2Fv2%2Ftags&post=20473"}],"curies":[{"name":"wp","href":"https:\/\/api.w.org\/{rel}","templated":true}]}}