{"id":20474,"date":"2016-01-01T00:00:00","date_gmt":"2016-01-01T00:00:00","guid":{"rendered":"https:\/\/crees.org.do\/es-realmente-baja-la-presion-tributaria\/"},"modified":"2016-01-01T00:00:00","modified_gmt":"2016-01-01T00:00:00","slug":"es-realmente-baja-la-presion-tributaria","status":"publish","type":"post","link":"https:\/\/crees.org.do\/?p=20474","title":{"rendered":"\u00bfEs realmente baja la presi\u00f3n tributaria?"},"content":{"rendered":"<p style=\"font-family: Arial, Helvetica, sans-serif; color: rgb(51, 51, 51); line-height: 20px; margin-top: 10px; margin-bottom: 10px; text-align: justify;\"><strong><span style=\"font-size:12px;\"><span style=\"font-family:verdana,geneva,sans-serif;\">Autor: Pedro Silverio \u00c1lvarez<\/span><\/span><\/strong><\/p>\n<p style=\"font-family: Arial, Helvetica, sans-serif; color: rgb(51, 51, 51); line-height: 20px; margin-top: 10px; margin-bottom: 10px; text-align: justify;\"><span style=\"font-size:12px;\"><span style=\"font-family:verdana,geneva,sans-serif;\">Fecha: 08\/04\/2015<\/span><\/span><\/p>\n<p style=\"font-family: Arial, Helvetica, sans-serif; color: rgb(51, 51, 51); line-height: 20px; margin-top: 10px; margin-bottom: 10px; text-align: justify;\"><span style=\"font-size:12px;\"><span style=\"font-family:verdana,geneva,sans-serif;\">Extra\u00eddo de <a href=\"http:\/\/www.diariolibre.com\/opinion\/en-directo\/es-realmente-baja-la-presion-tributaria-AL3278075\" target=\"_blank\" rel=\"noopener\">diariolibre.com<\/a><\/span><\/span><\/p>\n<p style=\"font-family: Arial, Helvetica, sans-serif; color: rgb(51, 51, 51); line-height: 20px; margin-top: 10px; margin-bottom: 10px; text-align: justify;\">&nbsp;<\/p>\n<p style=\"font-family: Arial, Helvetica, sans-serif; color: rgb(51, 51, 51); line-height: 20px; margin-top: 10px; margin-bottom: 10px; text-align: justify;\"><span style=\"font-size:12px;\"><span style=\"font-family:verdana,geneva,sans-serif;\">Existe una percepci\u00f3n com\u00fan de que el movimiento en d\u00e9cadas recientes para reducir las tasas impositivas m\u00e1ximas ha sido motivado por temores relacionados con el crecimiento econ\u00f3mico. Si los ricos son gravados muy fuertemente, entonces trabajar\u00e1n menos e invertir\u00e1n menos. Por tanto, cada quien sufrir\u00e1 las consecuencias. De acuerdo con una variante de la interpretaci\u00f3n, en alg\u00fan momento entre los 70s y los 80s, los observadores comenzaron a tomar conciencia del peso extremo que sobre la econom\u00eda ten\u00edan las altas tasas impositivas, mientras que previo a esas fechas tales preocupaciones hab\u00edan sido subestimadas. Scheve y Stasavage, Taxing the rich, 2016<\/span><\/span><\/p>\n<p style=\"font-family: Arial, Helvetica, sans-serif; color: rgb(51, 51, 51); line-height: 20px; margin-top: 10px; margin-bottom: 10px; text-align: justify;\"><span style=\"font-size:12px;\"><span style=\"font-family:verdana,geneva,sans-serif;\">En una entrevista publicada por la desaparecida revista La Lupa (febrero 13, 2013) el destacado economista dominicano Carlos Asilis &ndash;radicado en Estados Unidos- plante\u00f3 varios argumentos para enfatizar que la presi\u00f3n tributaria en Rep\u00fablica Dominicana no era tan baja como ordinariamente se ha cre\u00eddo. Incluso, pudiera resultar superior al promedio de la presi\u00f3n tributaria en la regi\u00f3n latinoamericana. B\u00e1sicamente, el Dr. Asilis considera tres factores como fuentes de subestimaci\u00f3n: el primero, se refiere a lo que el citado economista denomina como sobreestimaci\u00f3n del PIB nominal que se origina en la sobrevaluaci\u00f3n de la moneda nacional. Lo explica de la siguiente manera, &ldquo;las m\u00e9tricas tradicionales de valorizaci\u00f3n cambiaria, que incluyen tasas de crecimiento diferenciales (&#8230;) en productividad, crecimiento econ\u00f3mico dom\u00e9stico, as\u00ed como tambi\u00e9n evoluci\u00f3n en la balanza de pagos y diferenciales internacionales en tasas de inter\u00e9s sugieren una sobrevaluaci\u00f3n actual del peso dominicano del orden del 15% al 25% en t\u00e9rminos reales.&rdquo; Dado que el PIB nominal es el denominador de la presi\u00f3n tributaria, mientras mayor sea su valor -asumiendo un determinado nivel de las recaudaciones tributarias- menor es la presi\u00f3n tributaria.<\/span><\/span><\/p>\n<p style=\"font-family: Arial, Helvetica, sans-serif; color: rgb(51, 51, 51); line-height: 20px; margin-top: 10px; margin-bottom: 10px; text-align: justify;\"><span style=\"font-size:12px;\"><span style=\"font-family:verdana,geneva,sans-serif;\">La segunda raz\u00f3n que esgrime es el alto nivel de informalidad de la econom\u00eda dominicana, que es estimulado por una econom\u00eda que es dominada por el sector de los servicios. Y el tercer factor es que &ldquo;los niveles de corrupci\u00f3n extraordinariamente elevados, tal como ha sido registrado en m\u00faltiples indicadores compilados por organismos internacionales (&#8230;), suponen que un porcentaje altamente significativo, entre el 20% y 30%, de los impuestos aplicados al sector privado nunca ingresan al erario p\u00fablico, sino que son apropiados por particulares.&rdquo; De todas maneras -apunta- representan una carga tributaria para el sector privado.<\/span><\/span><\/p>\n<p style=\"font-family: Arial, Helvetica, sans-serif; color: rgb(51, 51, 51); line-height: 20px; margin-top: 10px; margin-bottom: 10px; text-align: justify;\"><span style=\"font-size:12px;\"><span style=\"font-family:verdana,geneva,sans-serif;\">Cuando estos tres factores son incorporados al c\u00e1lculo de la presi\u00f3n tributaria resulta -siguiendo los planteamientos de Asilis- que dicha presi\u00f3n se coloca en el rango que va del 22% al 27%, muy superior al promedio de la presi\u00f3n tributaria en Am\u00e9rica Latina, y pr\u00f3xima a la de los pa\u00edses desarrollados. De manera que no se puede concluir tan f\u00e1cilmente que nuestra presi\u00f3n es muy baja, independientemente de si las argumentaciones de Asilis sean completamente ciertas.<\/span><\/span><\/p>\n<p style=\"font-family: Arial, Helvetica, sans-serif; color: rgb(51, 51, 51); line-height: 20px; margin-top: 10px; margin-bottom: 10px; text-align: justify;\"><span style=\"font-size:12px;\"><span style=\"font-family:verdana,geneva,sans-serif;\">Pero una baja presi\u00f3n tributaria -si ese fuera el caso- debe considerarse como una virtud. Cuando se le da una mirada a la historia tributaria de Estados Unidos, Canad\u00e1 y Europa, tal como hacen Scheve y Stasavage en su reciente libro citado m\u00e1s arriba, son sorprendentes los niveles de tributaci\u00f3n que esas econom\u00edas ten\u00edan al momento de convertirse en econom\u00edas desarrolladas. Durante todo el siglo XIX la presi\u00f3n tributaria estuvo muy por debajo del 10%. Ni siquiera en la Francia post revolucionaria se encuentran grav\u00e1menes que superaran ese nivel. La presi\u00f3n tributaria en esos pa\u00edses comienza a incrementarse significativamente en los principios del siglo XX, particularmente en la antesala de la primera guerra mundial.<\/span><\/span><\/p>\n<p style=\"font-family: Arial, Helvetica, sans-serif; color: rgb(51, 51, 51); line-height: 20px; margin-top: 10px; margin-bottom: 10px; text-align: justify;\"><span style=\"font-size:12px;\"><span style=\"font-family:verdana,geneva,sans-serif;\">No hay dudas de que la baja presi\u00f3n tributaria fue un factor de importancia para que esas econom\u00edas pusieran en marcha todo su potencial para invertir e innovar, y hacer posible un desarrollo de las fuerzas productivas como nunca se hab\u00eda en la historia.<\/span><\/span><\/p>\n<p style=\"font-family: Arial, Helvetica, sans-serif; color: rgb(51, 51, 51); line-height: 20px; margin-top: 10px; margin-bottom: 10px; text-align: justify;\"><span style=\"font-size:12px;\"><span style=\"font-family:verdana,geneva,sans-serif;\">Sin embargo, en nuestro pa\u00eds la presi\u00f3n tributaria es formalmente baja por las razones equivocadas: un sistema tributario sumamente complejo, con figuras impositivas que agreden cualquier iniciativa de negocios o de inversi\u00f3n y que empujan la econom\u00eda hacia la informalidad. Una verdadera retranca para la competitividad internacional.<\/span><\/span><\/p>\n<p style=\"font-family: Arial, Helvetica, sans-serif; color: rgb(51, 51, 51); line-height: 20px; margin-top: 10px; margin-bottom: 10px; text-align: justify;\"><span style=\"font-size:12px;\"><span style=\"font-family:verdana,geneva,sans-serif;\">Y, as\u00ed las cosas, nos enfrentamos a un escenario post electoral que ineludiblemente incluye una reforma fiscal que desde el punto de vista gubernamental deber\u00e1 reflejarse en un incremento de la presi\u00f3n tributaria, y -probablemente- sin ning\u00fan \u00e9nfasis en la calidad del gasto p\u00fablico. Esto deber\u00e1 ocurrir en el marco de un retrasad\u00edsimo pacto fiscal. Los antecedentes no son, lamentablemente, halag\u00fce\u00f1os. En el 2012, una vez instalada la presente administraci\u00f3n, someti\u00f3 a la consideraci\u00f3n del Consejo Econ\u00f3mico y Social (CES) su traum\u00e1tico proyecto de reforma tributaria. El CES hizo valiosas observaciones que al final fueron ignoradas, y el proyecto enviado al Congreso fue aprobado de manera mec\u00e1nica. Todav\u00eda hoy d\u00eda algunas disposiciones de esa reforma no han podido ser aplicadas. &iquest;Qu\u00e9 pasar\u00e1 en esta ocasi\u00f3n si el CES no est\u00e1 de acuerdo con las propuestas oficiales? &iquest;Ser\u00e1 nuevamente ignorado?, o, en esta ocasi\u00f3n, &iquest;ser\u00e1 diferente? Es solo cuesti\u00f3n de meses para saber.<\/span><\/span><\/p>\n<p style=\"font-family: Arial, Helvetica, sans-serif; color: rgb(51, 51, 51); line-height: 20px; margin-top: 10px; margin-bottom: 10px; text-align: justify;\"><span style=\"font-size:12px;\"><span style=\"font-family:verdana,geneva,sans-serif;\">@pedrosilver31<\/span><\/span><\/p>\n<p style=\"font-family: Arial, Helvetica, sans-serif; color: rgb(51, 51, 51); line-height: 20px; margin-top: 10px; margin-bottom: 10px; text-align: justify;\"><span style=\"font-size:12px;\"><span style=\"font-family:verdana,geneva,sans-serif;\">Pedrosilver31@gmail.com<\/span><\/span><\/p>\n<div class=\"pvc_clear\"><\/div>\n<p class=\"pvc_stats all \" data-element-id=\"20474\" style=\"\"><i class=\"pvc-stats-icon medium\" aria-hidden=\"true\"><svg aria-hidden=\"true\" focusable=\"false\" data-prefix=\"far\" data-icon=\"chart-bar\" role=\"img\" xmlns=\"http:\/\/www.w3.org\/2000\/svg\" viewBox=\"0 0 512 512\" class=\"svg-inline--fa fa-chart-bar fa-w-16 fa-2x\"><path fill=\"currentColor\" d=\"M396.8 352h22.4c6.4 0 12.8-6.4 12.8-12.8V108.8c0-6.4-6.4-12.8-12.8-12.8h-22.4c-6.4 0-12.8 6.4-12.8 12.8v230.4c0 6.4 6.4 12.8 12.8 12.8zm-192 0h22.4c6.4 0 12.8-6.4 12.8-12.8V140.8c0-6.4-6.4-12.8-12.8-12.8h-22.4c-6.4 0-12.8 6.4-12.8 12.8v198.4c0 6.4 6.4 12.8 12.8 12.8zm96 0h22.4c6.4 0 12.8-6.4 12.8-12.8V204.8c0-6.4-6.4-12.8-12.8-12.8h-22.4c-6.4 0-12.8 6.4-12.8 12.8v134.4c0 6.4 6.4 12.8 12.8 12.8zM496 400H48V80c0-8.84-7.16-16-16-16H16C7.16 64 0 71.16 0 80v336c0 17.67 14.33 32 32 32h464c8.84 0 16-7.16 16-16v-16c0-8.84-7.16-16-16-16zm-387.2-48h22.4c6.4 0 12.8-6.4 12.8-12.8v-70.4c0-6.4-6.4-12.8-12.8-12.8h-22.4c-6.4 0-12.8 6.4-12.8 12.8v70.4c0 6.4 6.4 12.8 12.8 12.8z\" class=\"\"><\/path><\/svg><\/i> Vistas Totales&nbsp;354&nbsp;, Vistas Hoy&nbsp;2&nbsp;<\/p>\n<div class=\"pvc_clear\"><\/div>\n","protected":false},"excerpt":{"rendered":"<p>Autor: Pedro Silverio \u00c1lvarezFecha: 08\/04\/2015Extra\u00eddo de diariolibre.comExiste una percepci\u00f3n com\u00fan de que el movimiento en d\u00e9cadas recientes para reducir las tasas impositivas m\u00e1ximas ha sido motivado por temores relacionados con el crecimiento econ\u00f3mico. Si los ricos son gravados muy fuertemente, entonces trabajar\u00e1n menos e invertir\u00e1n menos. Por tanto, cada quien sufrir\u00e1 las consecuencias. De acuerdo con una variante de la interpretaci\u00f3n, en alg\u00fan momento entre los 70s y los 80s, los observadores comenzaron a tomar conciencia del peso extremo que sobre la econom\u00eda ten\u00edan las altas tasas impositivas, mientras que previo a esas fechas tales preocupaciones hab\u00edan sido subestimadas. Scheve y Stasavage, Taxing the rich, 2016<\/p>\n<div class=\"pvc_clear\"><\/div>\n<p class=\"pvc_stats all \" data-element-id=\"20474\" style=\"\"><i class=\"pvc-stats-icon medium\" aria-hidden=\"true\"><svg aria-hidden=\"true\" focusable=\"false\" data-prefix=\"far\" data-icon=\"chart-bar\" role=\"img\" xmlns=\"http:\/\/www.w3.org\/2000\/svg\" viewBox=\"0 0 512 512\" class=\"svg-inline--fa fa-chart-bar fa-w-16 fa-2x\"><path fill=\"currentColor\" d=\"M396.8 352h22.4c6.4 0 12.8-6.4 12.8-12.8V108.8c0-6.4-6.4-12.8-12.8-12.8h-22.4c-6.4 0-12.8 6.4-12.8 12.8v230.4c0 6.4 6.4 12.8 12.8 12.8zm-192 0h22.4c6.4 0 12.8-6.4 12.8-12.8V140.8c0-6.4-6.4-12.8-12.8-12.8h-22.4c-6.4 0-12.8 6.4-12.8 12.8v198.4c0 6.4 6.4 12.8 12.8 12.8zm96 0h22.4c6.4 0 12.8-6.4 12.8-12.8V204.8c0-6.4-6.4-12.8-12.8-12.8h-22.4c-6.4 0-12.8 6.4-12.8 12.8v134.4c0 6.4 6.4 12.8 12.8 12.8zM496 400H48V80c0-8.84-7.16-16-16-16H16C7.16 64 0 71.16 0 80v336c0 17.67 14.33 32 32 32h464c8.84 0 16-7.16 16-16v-16c0-8.84-7.16-16-16-16zm-387.2-48h22.4c6.4 0 12.8-6.4 12.8-12.8v-70.4c0-6.4-6.4-12.8-12.8-12.8h-22.4c-6.4 0-12.8 6.4-12.8 12.8v70.4c0 6.4 6.4 12.8 12.8 12.8z\" class=\"\"><\/path><\/svg><\/i> Vistas Totales&nbsp;354&nbsp;, Vistas Hoy&nbsp;2&nbsp;<\/p>\n<div class=\"pvc_clear\"><\/div>\n","protected":false},"author":2,"featured_media":0,"comment_status":"open","ping_status":"open","sticky":false,"template":"","format":"standard","meta":{"footnotes":""},"categories":[21],"tags":[],"class_list":["post-20474","post","type-post","status-publish","format-standard","hentry","category-blog"],"yoast_head":"<!-- This site is optimized with the Yoast SEO plugin v25.2 - https:\/\/yoast.com\/wordpress\/plugins\/seo\/ -->\n<title>\u00bfEs realmente baja la presi\u00f3n tributaria? | CREES<\/title>\n<meta name=\"robots\" content=\"index, follow, max-snippet:-1, max-image-preview:large, max-video-preview:-1\" \/>\n<link rel=\"canonical\" href=\"https:\/\/crees.org.do\/?p=20474\" \/>\n<meta property=\"og:locale\" content=\"es_ES\" \/>\n<meta property=\"og:type\" content=\"article\" \/>\n<meta property=\"og:title\" content=\"\u00bfEs realmente baja la presi\u00f3n tributaria? | CREES\" \/>\n<meta property=\"og:description\" content=\"Autor: Pedro Silverio \u00c1lvarezFecha: 08\/04\/2015Extra\u00eddo de diariolibre.comExiste una percepci\u00f3n com\u00fan de que el movimiento en d\u00e9cadas recientes para reducir las tasas impositivas m\u00e1ximas ha sido motivado por temores relacionados con el crecimiento econ\u00f3mico. Si los ricos son gravados muy fuertemente, entonces trabajar\u00e1n menos e invertir\u00e1n menos. Por tanto, cada quien sufrir\u00e1 las consecuencias. De acuerdo con una variante de la interpretaci\u00f3n, en alg\u00fan momento entre los 70s y los 80s, los observadores comenzaron a tomar conciencia del peso extremo que sobre la econom\u00eda ten\u00edan las altas tasas impositivas, mientras que previo a esas fechas tales preocupaciones hab\u00edan sido subestimadas. Scheve y Stasavage, Taxing the rich, 2016\" \/>\n<meta property=\"og:url\" content=\"https:\/\/crees.org.do\/?p=20474\" \/>\n<meta property=\"og:site_name\" content=\"CREES\" \/>\n<meta property=\"article:publisher\" content=\"https:\/\/www.facebook.com\/CREESRD\/\" \/>\n<meta property=\"article:published_time\" content=\"2016-01-01T00:00:00+00:00\" \/>\n<meta property=\"og:image\" content=\"https:\/\/crees.org.do\/wp-content\/uploads\/2022\/03\/crees-logo-1.jpg\" \/>\n\t<meta property=\"og:image:width\" content=\"244\" \/>\n\t<meta property=\"og:image:height\" content=\"71\" \/>\n\t<meta property=\"og:image:type\" content=\"image\/jpeg\" \/>\n<meta name=\"author\" content=\"Crees\" \/>\n<meta name=\"twitter:card\" content=\"summary_large_image\" \/>\n<meta name=\"twitter:creator\" content=\"@CREESRD\" \/>\n<meta name=\"twitter:site\" content=\"@CREESRD\" \/>\n<meta name=\"twitter:label1\" content=\"Escrito por\" \/>\n\t<meta name=\"twitter:data1\" content=\"Crees\" \/>\n\t<meta name=\"twitter:label2\" content=\"Tiempo de lectura\" \/>\n\t<meta name=\"twitter:data2\" content=\"4 minutos\" \/>\n<script type=\"application\/ld+json\" class=\"yoast-schema-graph\">{\"@context\":\"https:\/\/schema.org\",\"@graph\":[{\"@type\":\"Article\",\"@id\":\"https:\/\/crees.org.do\/?p=20474#article\",\"isPartOf\":{\"@id\":\"https:\/\/crees.org.do\/?p=20474\"},\"author\":{\"name\":\"Crees\",\"@id\":\"https:\/\/crees.org.do\/#\/schema\/person\/e7f97cd94d7bf9cd0e0ce30acb7d56b8\"},\"headline\":\"\u00bfEs realmente baja la presi\u00f3n tributaria?\",\"datePublished\":\"2016-01-01T00:00:00+00:00\",\"mainEntityOfPage\":{\"@id\":\"https:\/\/crees.org.do\/?p=20474\"},\"wordCount\":907,\"commentCount\":0,\"publisher\":{\"@id\":\"https:\/\/crees.org.do\/#organization\"},\"articleSection\":[\"Blog\"],\"inLanguage\":\"es\"},{\"@type\":\"WebPage\",\"@id\":\"https:\/\/crees.org.do\/?p=20474\",\"url\":\"https:\/\/crees.org.do\/?p=20474\",\"name\":\"\u00bfEs realmente baja la presi\u00f3n tributaria? | CREES\",\"isPartOf\":{\"@id\":\"https:\/\/crees.org.do\/#website\"},\"datePublished\":\"2016-01-01T00:00:00+00:00\",\"breadcrumb\":{\"@id\":\"https:\/\/crees.org.do\/?p=20474#breadcrumb\"},\"inLanguage\":\"es\",\"potentialAction\":[{\"@type\":\"ReadAction\",\"target\":[\"https:\/\/crees.org.do\/?p=20474\"]}]},{\"@type\":\"BreadcrumbList\",\"@id\":\"https:\/\/crees.org.do\/?p=20474#breadcrumb\",\"itemListElement\":[{\"@type\":\"ListItem\",\"position\":1,\"name\":\"Portada\",\"item\":\"https:\/\/crees.org.do\/\"},{\"@type\":\"ListItem\",\"position\":2,\"name\":\"\u00bfEs realmente baja la presi\u00f3n tributaria?\"}]},{\"@type\":\"WebSite\",\"@id\":\"https:\/\/crees.org.do\/#website\",\"url\":\"https:\/\/crees.org.do\/\",\"name\":\"CREES\",\"description\":\"Centro Regional de Estrategias Econ\u00f3micas Sostenibles\",\"publisher\":{\"@id\":\"https:\/\/crees.org.do\/#organization\"},\"potentialAction\":[{\"@type\":\"SearchAction\",\"target\":{\"@type\":\"EntryPoint\",\"urlTemplate\":\"https:\/\/crees.org.do\/?s={search_term_string}\"},\"query-input\":{\"@type\":\"PropertyValueSpecification\",\"valueRequired\":true,\"valueName\":\"search_term_string\"}}],\"inLanguage\":\"es\"},{\"@type\":\"Organization\",\"@id\":\"https:\/\/crees.org.do\/#organization\",\"name\":\"CREES | Centro Regional de Estrategias Econ\u00f3micas Sostenibles\",\"url\":\"https:\/\/crees.org.do\/\",\"logo\":{\"@type\":\"ImageObject\",\"inLanguage\":\"es\",\"@id\":\"https:\/\/crees.org.do\/#\/schema\/logo\/image\/\",\"url\":\"https:\/\/crees.org.do\/wp-content\/uploads\/2022\/03\/crees-logo-1.jpg\",\"contentUrl\":\"https:\/\/crees.org.do\/wp-content\/uploads\/2022\/03\/crees-logo-1.jpg\",\"width\":244,\"height\":71,\"caption\":\"CREES | Centro Regional de Estrategias Econ\u00f3micas Sostenibles\"},\"image\":{\"@id\":\"https:\/\/crees.org.do\/#\/schema\/logo\/image\/\"},\"sameAs\":[\"https:\/\/www.facebook.com\/CREESRD\/\",\"https:\/\/x.com\/CREESRD\"]},{\"@type\":\"Person\",\"@id\":\"https:\/\/crees.org.do\/#\/schema\/person\/e7f97cd94d7bf9cd0e0ce30acb7d56b8\",\"name\":\"Crees\",\"image\":{\"@type\":\"ImageObject\",\"inLanguage\":\"es\",\"@id\":\"https:\/\/crees.org.do\/#\/schema\/person\/image\/\",\"url\":\"https:\/\/secure.gravatar.com\/avatar\/390ac8f0be5d9aa046152553e2dd7011b59a512d89c150f5e5f28bb8d9a0b165?s=96&d=mm&r=g\",\"contentUrl\":\"https:\/\/secure.gravatar.com\/avatar\/390ac8f0be5d9aa046152553e2dd7011b59a512d89c150f5e5f28bb8d9a0b165?s=96&d=mm&r=g\",\"caption\":\"Crees\"},\"url\":\"https:\/\/crees.org.do\/?author=2\"}]}<\/script>\n<!-- \/ Yoast SEO plugin. -->","yoast_head_json":{"title":"\u00bfEs realmente baja la presi\u00f3n tributaria? | CREES","robots":{"index":"index","follow":"follow","max-snippet":"max-snippet:-1","max-image-preview":"max-image-preview:large","max-video-preview":"max-video-preview:-1"},"canonical":"https:\/\/crees.org.do\/?p=20474","og_locale":"es_ES","og_type":"article","og_title":"\u00bfEs realmente baja la presi\u00f3n tributaria? | CREES","og_description":"Autor: Pedro Silverio \u00c1lvarezFecha: 08\/04\/2015Extra\u00eddo de diariolibre.comExiste una percepci\u00f3n com\u00fan de que el movimiento en d\u00e9cadas recientes para reducir las tasas impositivas m\u00e1ximas ha sido motivado por temores relacionados con el crecimiento econ\u00f3mico. Si los ricos son gravados muy fuertemente, entonces trabajar\u00e1n menos e invertir\u00e1n menos. Por tanto, cada quien sufrir\u00e1 las consecuencias. De acuerdo con una variante de la interpretaci\u00f3n, en alg\u00fan momento entre los 70s y los 80s, los observadores comenzaron a tomar conciencia del peso extremo que sobre la econom\u00eda ten\u00edan las altas tasas impositivas, mientras que previo a esas fechas tales preocupaciones hab\u00edan sido subestimadas. Scheve y Stasavage, Taxing the rich, 2016","og_url":"https:\/\/crees.org.do\/?p=20474","og_site_name":"CREES","article_publisher":"https:\/\/www.facebook.com\/CREESRD\/","article_published_time":"2016-01-01T00:00:00+00:00","og_image":[{"width":244,"height":71,"url":"https:\/\/crees.org.do\/wp-content\/uploads\/2022\/03\/crees-logo-1.jpg","type":"image\/jpeg"}],"author":"Crees","twitter_card":"summary_large_image","twitter_creator":"@CREESRD","twitter_site":"@CREESRD","twitter_misc":{"Escrito por":"Crees","Tiempo de lectura":"4 minutos"},"schema":{"@context":"https:\/\/schema.org","@graph":[{"@type":"Article","@id":"https:\/\/crees.org.do\/?p=20474#article","isPartOf":{"@id":"https:\/\/crees.org.do\/?p=20474"},"author":{"name":"Crees","@id":"https:\/\/crees.org.do\/#\/schema\/person\/e7f97cd94d7bf9cd0e0ce30acb7d56b8"},"headline":"\u00bfEs realmente baja la presi\u00f3n tributaria?","datePublished":"2016-01-01T00:00:00+00:00","mainEntityOfPage":{"@id":"https:\/\/crees.org.do\/?p=20474"},"wordCount":907,"commentCount":0,"publisher":{"@id":"https:\/\/crees.org.do\/#organization"},"articleSection":["Blog"],"inLanguage":"es"},{"@type":"WebPage","@id":"https:\/\/crees.org.do\/?p=20474","url":"https:\/\/crees.org.do\/?p=20474","name":"\u00bfEs realmente baja la presi\u00f3n tributaria? | CREES","isPartOf":{"@id":"https:\/\/crees.org.do\/#website"},"datePublished":"2016-01-01T00:00:00+00:00","breadcrumb":{"@id":"https:\/\/crees.org.do\/?p=20474#breadcrumb"},"inLanguage":"es","potentialAction":[{"@type":"ReadAction","target":["https:\/\/crees.org.do\/?p=20474"]}]},{"@type":"BreadcrumbList","@id":"https:\/\/crees.org.do\/?p=20474#breadcrumb","itemListElement":[{"@type":"ListItem","position":1,"name":"Portada","item":"https:\/\/crees.org.do\/"},{"@type":"ListItem","position":2,"name":"\u00bfEs realmente baja la presi\u00f3n tributaria?"}]},{"@type":"WebSite","@id":"https:\/\/crees.org.do\/#website","url":"https:\/\/crees.org.do\/","name":"CREES","description":"Centro Regional de Estrategias Econ\u00f3micas Sostenibles","publisher":{"@id":"https:\/\/crees.org.do\/#organization"},"potentialAction":[{"@type":"SearchAction","target":{"@type":"EntryPoint","urlTemplate":"https:\/\/crees.org.do\/?s={search_term_string}"},"query-input":{"@type":"PropertyValueSpecification","valueRequired":true,"valueName":"search_term_string"}}],"inLanguage":"es"},{"@type":"Organization","@id":"https:\/\/crees.org.do\/#organization","name":"CREES | Centro Regional de Estrategias Econ\u00f3micas Sostenibles","url":"https:\/\/crees.org.do\/","logo":{"@type":"ImageObject","inLanguage":"es","@id":"https:\/\/crees.org.do\/#\/schema\/logo\/image\/","url":"https:\/\/crees.org.do\/wp-content\/uploads\/2022\/03\/crees-logo-1.jpg","contentUrl":"https:\/\/crees.org.do\/wp-content\/uploads\/2022\/03\/crees-logo-1.jpg","width":244,"height":71,"caption":"CREES | Centro Regional de Estrategias Econ\u00f3micas Sostenibles"},"image":{"@id":"https:\/\/crees.org.do\/#\/schema\/logo\/image\/"},"sameAs":["https:\/\/www.facebook.com\/CREESRD\/","https:\/\/x.com\/CREESRD"]},{"@type":"Person","@id":"https:\/\/crees.org.do\/#\/schema\/person\/e7f97cd94d7bf9cd0e0ce30acb7d56b8","name":"Crees","image":{"@type":"ImageObject","inLanguage":"es","@id":"https:\/\/crees.org.do\/#\/schema\/person\/image\/","url":"https:\/\/secure.gravatar.com\/avatar\/390ac8f0be5d9aa046152553e2dd7011b59a512d89c150f5e5f28bb8d9a0b165?s=96&d=mm&r=g","contentUrl":"https:\/\/secure.gravatar.com\/avatar\/390ac8f0be5d9aa046152553e2dd7011b59a512d89c150f5e5f28bb8d9a0b165?s=96&d=mm&r=g","caption":"Crees"},"url":"https:\/\/crees.org.do\/?author=2"}]}},"_links":{"self":[{"href":"https:\/\/crees.org.do\/index.php?rest_route=\/wp\/v2\/posts\/20474","targetHints":{"allow":["GET"]}}],"collection":[{"href":"https:\/\/crees.org.do\/index.php?rest_route=\/wp\/v2\/posts"}],"about":[{"href":"https:\/\/crees.org.do\/index.php?rest_route=\/wp\/v2\/types\/post"}],"author":[{"embeddable":true,"href":"https:\/\/crees.org.do\/index.php?rest_route=\/wp\/v2\/users\/2"}],"replies":[{"embeddable":true,"href":"https:\/\/crees.org.do\/index.php?rest_route=%2Fwp%2Fv2%2Fcomments&post=20474"}],"version-history":[{"count":0,"href":"https:\/\/crees.org.do\/index.php?rest_route=\/wp\/v2\/posts\/20474\/revisions"}],"wp:attachment":[{"href":"https:\/\/crees.org.do\/index.php?rest_route=%2Fwp%2Fv2%2Fmedia&parent=20474"}],"wp:term":[{"taxonomy":"category","embeddable":true,"href":"https:\/\/crees.org.do\/index.php?rest_route=%2Fwp%2Fv2%2Fcategories&post=20474"},{"taxonomy":"post_tag","embeddable":true,"href":"https:\/\/crees.org.do\/index.php?rest_route=%2Fwp%2Fv2%2Ftags&post=20474"}],"curies":[{"name":"wp","href":"https:\/\/api.w.org\/{rel}","templated":true}]}}