{"id":20480,"date":"2016-01-01T00:00:00","date_gmt":"2016-01-01T00:00:00","guid":{"rendered":"https:\/\/crees.org.do\/crees-fondos-de-pensiones-potencial-por-realizarse\/"},"modified":"2016-01-01T00:00:00","modified_gmt":"2016-01-01T00:00:00","slug":"crees-fondos-de-pensiones-potencial-por-realizarse","status":"publish","type":"post","link":"https:\/\/crees.org.do\/?p=20480","title":{"rendered":"CREES: Fondos de pensiones, potencial por realizarse"},"content":{"rendered":"<p style=\"text-align: justify;\"><strong><span style=\"font-size:12px;\"><span style=\"font-family:verdana,geneva,sans-serif;\">Autor: CREES<\/span><\/span><\/strong><\/p>\n<p style=\"text-align: justify;\"><span style=\"font-size:12px;\"><span style=\"font-family:verdana,geneva,sans-serif;\">Fecha: 25\/04\/2015<\/span><\/span><\/p>\n<p style=\"text-align: justify;\"><span style=\"font-size:12px;\"><span style=\"font-family:verdana,geneva,sans-serif;\">Extra\u00eddo de <a href=\"http:\/\/www.eldinero.com.do\/22701\/crees-fondos-de-pensiones-potencial-por-realizarse\/\" target=\"_blank\" rel=\"noopener\">eldinero.com.do<\/a><\/span><\/span><\/p>\n<p style=\"text-align: justify;\">&nbsp;<\/p>\n<p style=\"text-align: justify;\">&nbsp;<\/p>\n<p style=\"text-align: justify;\"><span style=\"font-size:12px;\"><span style=\"font-family:verdana,geneva,sans-serif;\"><span style=\"color: rgb(20, 20, 20); line-height: 24px; background-color: rgb(255, 255, 255);\">El sistema de&nbsp;<\/span><strong style=\"padding: 0px; margin: 0px; outline: none; list-style: none; border: 0px none; color: rgb(20, 20, 20); font-family: 'Open Sans'; font-size: 16px; line-height: 24px; background-color: rgb(255, 255, 255);\">fondos de pensiones<\/strong><span style=\"color: rgb(20, 20, 20); line-height: 24px; background-color: rgb(255, 255, 255);\">&nbsp;de capitalizaci\u00f3n individual se inici\u00f3 a mediados de 2003 y se adopt\u00f3 luego de un fracasado sistema de reparto manejado por el sector p\u00fablico con muy bajas coberturas, insostenibilidad financiera y luchas de poder por sectores interesados.<\/span><\/span><\/span><\/p>\n<p style=\"padding: 0px 0px 1em; margin-bottom: 0px; outline: none; list-style: none; border: 0px none; color: rgb(20, 20, 20); font-family: 'Open Sans'; font-size: 16px; line-height: 24px; text-align: justify; background-color: rgb(255, 255, 255);\"><span style=\"font-size:12px;\"><span style=\"font-family:verdana,geneva,sans-serif;\">El nuevo sistema implica que los empleados y empleadores depositan mensualmente en una cuenta propiedad del trabajador, para que le sirva al momento de su retiro.<\/span><\/span><\/p>\n<p style=\"padding: 0px 0px 1em; margin-bottom: 0px; outline: none; list-style: none; border: 0px none; color: rgb(20, 20, 20); font-family: 'Open Sans'; font-size: 16px; line-height: 24px; text-align: justify; background-color: rgb(255, 255, 255);\"><span style=\"font-size:12px;\"><span style=\"font-family:verdana,geneva,sans-serif;\"><img decoding=\"async\" alt=\"crees logo\" class=\"alignright size-thumbnail wp-image-22703\" height=\"128\" sizes=\"(max-width: 280px) 100vw, 280px\" src=\"https:\/\/crees.org.do\/wp-content\/uploads\/2021\/07\/crees-logo.jpg\" srcset=\"https:\/\/crees.org.do\/wp-content\/uploads\/2021\/07\/crees-logo.jpg 280w, https:\/\/crees.org.do\/wp-content\/uploads\/2021\/07\/crees-logo.jpg 520w\" style=\"padding: 4px; margin: 2px 3px 3px 8px; outline-style: none; list-style: none; border: 1px solid rgb(203, 205, 204); float: right; max-width: 100%; height: auto; display: inline;\" width=\"280\" \/>La idea es que esos recursos puedan invertirse en proyectos productivos para obtener un rendimiento para los trabajadores. De esta forma, los recursos ahorrados para los trabajadores se supone se traduzcan a inversi\u00f3n productiva, generando empleo y riquezas en el proceso.<\/span><\/span><\/p>\n<p style=\"padding: 0px 0px 1em; margin-bottom: 0px; outline: none; list-style: none; border: 0px none; color: rgb(20, 20, 20); font-family: 'Open Sans'; font-size: 16px; line-height: 24px; text-align: justify; background-color: rgb(255, 255, 255);\"><span style=\"font-size:12px;\"><span style=\"font-family:verdana,geneva,sans-serif;\">Desde el inicio de operaciones de las Administradoras de Fondos de Pensiones (AFP) se puede apreciar que tanto el n\u00famero de afiliados como de cotizantes ha ido en aumento. Los afiliados llegan a 3.3 millones de personas y, de \u00e9stos, s\u00f3lo 1.6 millones estaban cotizando al cierre del 2015.<\/span><\/span><\/p>\n<p style=\"padding: 0px 0px 1em; margin-bottom: 0px; outline: none; list-style: none; border: 0px none; color: rgb(20, 20, 20); font-family: 'Open Sans'; font-size: 16px; line-height: 24px; text-align: justify; background-color: rgb(255, 255, 255);\"><span style=\"font-size:12px;\"><span style=\"font-family:verdana,geneva,sans-serif;\">Aunque el n\u00famero de cotizantes aument\u00f3 un promedio anual de 8.2% desde que el nuevo sistema entr\u00f3 en vigencia, la relaci\u00f3n cotizante\/afiliado de 48.3% es baja en comparaci\u00f3n con otros pa\u00edses. Este \u00edndice muestra que menos de la mitad de los afiliados realizan aportes a su AFP, ya sea por encontrarse en la informalidad, estar desempleados o por ser trabajadores cuentapropistas, entre otros factores.<\/span><\/span><\/p>\n<p style=\"padding: 0px 0px 1em; margin-bottom: 0px; outline: none; list-style: none; border: 0px none; color: rgb(20, 20, 20); font-family: 'Open Sans'; font-size: 16px; line-height: 24px; text-align: justify; background-color: rgb(255, 255, 255);\"><span style=\"font-size:12px;\"><span style=\"font-family:verdana,geneva,sans-serif;\">Otro factor importante en el an\u00e1lisis de los fondos de pensiones es el salario promedio de los cotizantes. Este es igual a RD$21,370.58, lo que representa un aumento, en t\u00e9rminos nominales, de 201.5% desde julio de 2003, pero en t\u00e9rminos reales (ajustado por inflaci\u00f3n) fue de solo 13.8%. A diciembre 2015 el salario promedio de los cotizantes era 2.2 veces el salario m\u00ednimo cotizable actual de RD$ 9,885.00 (promedio de los salarios m\u00ednimos fijados por ley en los distintos sectores de producci\u00f3n de Rep\u00fablica Dominicana).<\/span><\/span><\/p>\n<p style=\"padding: 0px 0px 1em; margin-bottom: 0px; outline: none; list-style: none; border: 0px none; color: rgb(20, 20, 20); font-family: 'Open Sans'; font-size: 16px; line-height: 24px; text-align: justify; background-color: rgb(255, 255, 255);\"><span style=\"font-size:12px;\"><span style=\"font-family:verdana,geneva,sans-serif;\">La rentabilidad real que generan las cuentas de capitalizaci\u00f3n individual de las AFP se situ\u00f3 en 10.6% en diciembre de 2015, mayor al 4.1% correspondiente a la tasa de inter\u00e9s pasiva real de los bancos m\u00faltiples del pa\u00eds en el mismo per\u00edodo. La Tasa de Rentabilidad Real Promedio expresa el rendimiento o ingreso que obtienen las AFP al invertir los fondos de los trabajadores.<\/span><\/span><\/p>\n<p style=\"padding: 0px 0px 1em; margin-bottom: 0px; outline: none; list-style: none; border: 0px none; color: rgb(20, 20, 20); font-family: 'Open Sans'; font-size: 16px; line-height: 24px; text-align: justify; background-color: rgb(255, 255, 255);\"><span style=\"font-size:12px;\"><span style=\"font-family:verdana,geneva,sans-serif;\"><\/span><\/span><\/p>\n<p style=\"padding: 0px 0px 1em; margin-bottom: 0px; outline: none; list-style: none; border: 0px none; color: rgb(20, 20, 20); font-family: 'Open Sans'; font-size: 16px; line-height: 24px; background-color: rgb(255, 255, 255);\"><span style=\"font-size:12px;\"><span style=\"font-family:verdana,geneva,sans-serif;\"><a data-rel=\"lightbox-0\" href=\"https:\/\/crees.org.do\/wp-content\/uploads\/2021\/08\/crees-fondos-de-pensiones.jpg\" style=\"padding: 0px; margin: 0px; outline: none; list-style: none; border: 0px none; color: rgb(138, 184, 13); transition: all 0.2s ease-in-out;\" title=\"\"><img fetchpriority=\"high\" decoding=\"async\" alt=\"crees fondos de pensiones\" class=\"aligncenter wp-image-22702\" height=\"643\" sizes=\"(max-width: 685px) 100vw, 685px\" src=\"https:\/\/crees.org.do\/wp-content\/uploads\/2021\/08\/crees-fondos-de-pensiones.jpg\" srcset=\"https:\/\/crees.org.do\/wp-content\/uploads\/2021\/08\/crees-fondos-de-pensiones.jpg 800w, https:\/\/crees.org.do\/wp-content\/uploads\/2021\/08\/crees-fondos-de-pensiones.jpg 213w, https:\/\/crees.org.do\/wp-content\/uploads\/2021\/08\/crees-fondos-de-pensiones.jpg 469w, https:\/\/crees.org.do\/wp-content\/uploads\/2021\/08\/crees-fondos-de-pensiones.jpg 768w\" style=\"padding: 4px; margin: 2px auto; outline-style: none; list-style: none; border: 1px solid rgb(203, 205, 204); clear: both; max-width: 100%; height: auto; display: block; text-align: justify;\" width=\"685\" \/><\/a><\/span><\/span><\/p>\n<p style=\"padding: 0px 0px 1em; margin-bottom: 0px; outline: none; list-style: none; border: 0px none; color: rgb(20, 20, 20); font-family: 'Open Sans'; font-size: 16px; line-height: 24px; text-align: justify; background-color: rgb(255, 255, 255);\"><br style=\"padding: 0px; margin: 0px; outline: none; list-style: none; border: 0px none;\" \/><span style=\"font-size:12px;\"><span style=\"font-family:verdana,geneva,sans-serif;\">Las recaudaciones de las AFP representan el valor de todas las cotizaciones o aportes realizadas por los afiliados y sus empleadores durante un per\u00edodo determinado.<\/span><\/span><\/p>\n<p style=\"padding: 0px 0px 1em; margin-bottom: 0px; outline: none; list-style: none; border: 0px none; color: rgb(20, 20, 20); font-family: 'Open Sans'; font-size: 16px; line-height: 24px; text-align: justify; background-color: rgb(255, 255, 255);\"><span style=\"font-size:12px;\"><span style=\"font-family:verdana,geneva,sans-serif;\">Estas pasaron de RD$493 millones mensuales en diciembre de 2005 a RD$2,800 millones en diciembre de 2015, creciendo a una tasa promedio anual de 16%. En el 2015 las recaudaciones o aportes a las cuentas de capitalizaci\u00f3n individual de los trabajadores fue de RD$ 29,273 millones. Acumulado, las AFP administraban RD$288,317.5 millones al cierre del a\u00f1o pasado.<\/span><\/span><\/p>\n<p style=\"padding: 0px 0px 1em; margin-bottom: 0px; outline: none; list-style: none; border: 0px none; color: rgb(20, 20, 20); font-family: 'Open Sans'; font-size: 16px; line-height: 24px; text-align: justify; background-color: rgb(255, 255, 255);\"><span style=\"font-size:12px;\"><span style=\"font-family:verdana,geneva,sans-serif;\">El 70% de esos fondos se encuentran invertidos en t\u00edtulos del sector p\u00fablico, repartidos entre el Banco Central (47.77%) y el Ministerio de Hacienda (22.08%). El porcentaje restante se dividen entre las Instituciones Financieras (27.56%), las Instituciones no financieras o empresas privadas (2.50%) y en Organismos Multilaterales (0.09%).<\/span><\/span><\/p>\n<p style=\"padding: 0px 0px 1em; margin-bottom: 0px; outline: none; list-style: none; border: 0px none; color: rgb(20, 20, 20); font-family: 'Open Sans'; font-size: 16px; line-height: 24px; text-align: justify; background-color: rgb(255, 255, 255);\"><span style=\"font-size:12px;\"><span style=\"font-family:verdana,geneva,sans-serif;\">Lo anterior indica que la mayor parte del ahorro de los trabajadores dominicanos no se est\u00e1 traduciendo a nuevas inversiones en emprendimientos productivos, sino que se est\u00e1 colocando en t\u00edtulos de deuda p\u00fablica. De hecho, la gran mayor\u00eda de los fondos est\u00e1 financiando los d\u00e9ficits fiscales y cuasi-fiscales en que han incurrido el gobierno dominicano y el Banco Central durante los \u00faltimos a\u00f1os.<\/span><\/span><\/p>\n<p style=\"padding: 0px 0px 1em; margin-bottom: 0px; outline: none; list-style: none; border: 0px none; color: rgb(20, 20, 20); font-family: 'Open Sans'; font-size: 16px; line-height: 24px; text-align: justify; background-color: rgb(255, 255, 255);\"><span style=\"font-size:12px;\"><span style=\"font-family:verdana,geneva,sans-serif;\">El panorama anterior refleja la necesidad de reformas estructurales profundas que mejoren el clima de negocios del pa\u00eds para que nuevas y mayores inversiones incidan en la creaci\u00f3n de m\u00e1s puestos de trabajo formales. S\u00f3lo de esta forma se lograr\u00eda traducir el ahorro a inversiones productivas para asegurar a los trabajadores su pensi\u00f3n y los rendimientos de sus ahorros en el futuro.<\/span><\/span><\/p>\n<div class=\"pvc_clear\"><\/div>\n<p class=\"pvc_stats all \" data-element-id=\"20480\" style=\"\"><i class=\"pvc-stats-icon medium\" aria-hidden=\"true\"><svg aria-hidden=\"true\" focusable=\"false\" data-prefix=\"far\" data-icon=\"chart-bar\" role=\"img\" xmlns=\"http:\/\/www.w3.org\/2000\/svg\" viewBox=\"0 0 512 512\" class=\"svg-inline--fa fa-chart-bar fa-w-16 fa-2x\"><path fill=\"currentColor\" d=\"M396.8 352h22.4c6.4 0 12.8-6.4 12.8-12.8V108.8c0-6.4-6.4-12.8-12.8-12.8h-22.4c-6.4 0-12.8 6.4-12.8 12.8v230.4c0 6.4 6.4 12.8 12.8 12.8zm-192 0h22.4c6.4 0 12.8-6.4 12.8-12.8V140.8c0-6.4-6.4-12.8-12.8-12.8h-22.4c-6.4 0-12.8 6.4-12.8 12.8v198.4c0 6.4 6.4 12.8 12.8 12.8zm96 0h22.4c6.4 0 12.8-6.4 12.8-12.8V204.8c0-6.4-6.4-12.8-12.8-12.8h-22.4c-6.4 0-12.8 6.4-12.8 12.8v134.4c0 6.4 6.4 12.8 12.8 12.8zM496 400H48V80c0-8.84-7.16-16-16-16H16C7.16 64 0 71.16 0 80v336c0 17.67 14.33 32 32 32h464c8.84 0 16-7.16 16-16v-16c0-8.84-7.16-16-16-16zm-387.2-48h22.4c6.4 0 12.8-6.4 12.8-12.8v-70.4c0-6.4-6.4-12.8-12.8-12.8h-22.4c-6.4 0-12.8 6.4-12.8 12.8v70.4c0 6.4 6.4 12.8 12.8 12.8z\" class=\"\"><\/path><\/svg><\/i> Vistas Totales&nbsp;302&nbsp;, Vistas Hoy&nbsp;1&nbsp;<\/p>\n<div class=\"pvc_clear\"><\/div>\n","protected":false},"excerpt":{"rendered":"<p>full_html<\/p>\n<div class=\"pvc_clear\"><\/div>\n<p class=\"pvc_stats all \" data-element-id=\"20480\" style=\"\"><i class=\"pvc-stats-icon medium\" aria-hidden=\"true\"><svg aria-hidden=\"true\" focusable=\"false\" data-prefix=\"far\" data-icon=\"chart-bar\" role=\"img\" xmlns=\"http:\/\/www.w3.org\/2000\/svg\" viewBox=\"0 0 512 512\" class=\"svg-inline--fa fa-chart-bar fa-w-16 fa-2x\"><path fill=\"currentColor\" d=\"M396.8 352h22.4c6.4 0 12.8-6.4 12.8-12.8V108.8c0-6.4-6.4-12.8-12.8-12.8h-22.4c-6.4 0-12.8 6.4-12.8 12.8v230.4c0 6.4 6.4 12.8 12.8 12.8zm-192 0h22.4c6.4 0 12.8-6.4 12.8-12.8V140.8c0-6.4-6.4-12.8-12.8-12.8h-22.4c-6.4 0-12.8 6.4-12.8 12.8v198.4c0 6.4 6.4 12.8 12.8 12.8zm96 0h22.4c6.4 0 12.8-6.4 12.8-12.8V204.8c0-6.4-6.4-12.8-12.8-12.8h-22.4c-6.4 0-12.8 6.4-12.8 12.8v134.4c0 6.4 6.4 12.8 12.8 12.8zM496 400H48V80c0-8.84-7.16-16-16-16H16C7.16 64 0 71.16 0 80v336c0 17.67 14.33 32 32 32h464c8.84 0 16-7.16 16-16v-16c0-8.84-7.16-16-16-16zm-387.2-48h22.4c6.4 0 12.8-6.4 12.8-12.8v-70.4c0-6.4-6.4-12.8-12.8-12.8h-22.4c-6.4 0-12.8 6.4-12.8 12.8v70.4c0 6.4 6.4 12.8 12.8 12.8z\" class=\"\"><\/path><\/svg><\/i> Vistas Totales&nbsp;302&nbsp;, Vistas Hoy&nbsp;1&nbsp;<\/p>\n<div class=\"pvc_clear\"><\/div>\n","protected":false},"author":2,"featured_media":0,"comment_status":"open","ping_status":"open","sticky":false,"template":"","format":"standard","meta":{"footnotes":""},"categories":[21],"tags":[],"class_list":["post-20480","post","type-post","status-publish","format-standard","hentry","category-blog"],"yoast_head":"<!-- This site is optimized with the Yoast SEO plugin v25.2 - https:\/\/yoast.com\/wordpress\/plugins\/seo\/ -->\n<title>CREES: Fondos de pensiones, potencial por realizarse | CREES<\/title>\n<meta name=\"robots\" content=\"index, follow, max-snippet:-1, max-image-preview:large, max-video-preview:-1\" \/>\n<link rel=\"canonical\" href=\"https:\/\/crees.org.do\/?p=20480\" \/>\n<meta property=\"og:locale\" content=\"es_ES\" \/>\n<meta property=\"og:type\" content=\"article\" \/>\n<meta property=\"og:title\" content=\"CREES: Fondos de pensiones, potencial por realizarse | CREES\" \/>\n<meta property=\"og:description\" content=\"full_html\" \/>\n<meta property=\"og:url\" content=\"https:\/\/crees.org.do\/?p=20480\" \/>\n<meta property=\"og:site_name\" content=\"CREES\" \/>\n<meta property=\"article:publisher\" content=\"https:\/\/www.facebook.com\/CREESRD\/\" \/>\n<meta property=\"article:published_time\" content=\"2016-01-01T00:00:00+00:00\" \/>\n<meta property=\"og:image\" content=\"https:\/\/crees.org.do\/wp-content\/uploads\/2021\/07\/crees-logo.jpg\" \/>\n<meta name=\"author\" content=\"Crees\" \/>\n<meta name=\"twitter:card\" content=\"summary_large_image\" \/>\n<meta name=\"twitter:creator\" content=\"@CREESRD\" \/>\n<meta name=\"twitter:site\" content=\"@CREESRD\" \/>\n<meta name=\"twitter:label1\" content=\"Escrito por\" \/>\n\t<meta name=\"twitter:data1\" content=\"Crees\" \/>\n\t<meta name=\"twitter:label2\" content=\"Tiempo de lectura\" \/>\n\t<meta name=\"twitter:data2\" content=\"3 minutos\" \/>\n<script type=\"application\/ld+json\" class=\"yoast-schema-graph\">{\"@context\":\"https:\/\/schema.org\",\"@graph\":[{\"@type\":\"Article\",\"@id\":\"https:\/\/crees.org.do\/?p=20480#article\",\"isPartOf\":{\"@id\":\"https:\/\/crees.org.do\/?p=20480\"},\"author\":{\"name\":\"Crees\",\"@id\":\"https:\/\/crees.org.do\/#\/schema\/person\/e7f97cd94d7bf9cd0e0ce30acb7d56b8\"},\"headline\":\"CREES: Fondos de pensiones, potencial por realizarse\",\"datePublished\":\"2016-01-01T00:00:00+00:00\",\"mainEntityOfPage\":{\"@id\":\"https:\/\/crees.org.do\/?p=20480\"},\"wordCount\":660,\"commentCount\":0,\"publisher\":{\"@id\":\"https:\/\/crees.org.do\/#organization\"},\"image\":{\"@id\":\"https:\/\/crees.org.do\/?p=20480#primaryimage\"},\"thumbnailUrl\":\"https:\/\/crees.org.do\/wp-content\/uploads\/2021\/07\/crees-logo.jpg\",\"articleSection\":[\"Blog\"],\"inLanguage\":\"es\"},{\"@type\":\"WebPage\",\"@id\":\"https:\/\/crees.org.do\/?p=20480\",\"url\":\"https:\/\/crees.org.do\/?p=20480\",\"name\":\"CREES: Fondos de pensiones, potencial por realizarse | CREES\",\"isPartOf\":{\"@id\":\"https:\/\/crees.org.do\/#website\"},\"primaryImageOfPage\":{\"@id\":\"https:\/\/crees.org.do\/?p=20480#primaryimage\"},\"image\":{\"@id\":\"https:\/\/crees.org.do\/?p=20480#primaryimage\"},\"thumbnailUrl\":\"https:\/\/crees.org.do\/wp-content\/uploads\/2021\/07\/crees-logo.jpg\",\"datePublished\":\"2016-01-01T00:00:00+00:00\",\"breadcrumb\":{\"@id\":\"https:\/\/crees.org.do\/?p=20480#breadcrumb\"},\"inLanguage\":\"es\",\"potentialAction\":[{\"@type\":\"ReadAction\",\"target\":[\"https:\/\/crees.org.do\/?p=20480\"]}]},{\"@type\":\"ImageObject\",\"inLanguage\":\"es\",\"@id\":\"https:\/\/crees.org.do\/?p=20480#primaryimage\",\"url\":\"https:\/\/crees.org.do\/wp-content\/uploads\/2021\/07\/crees-logo.jpg\",\"contentUrl\":\"https:\/\/crees.org.do\/wp-content\/uploads\/2021\/07\/crees-logo.jpg\",\"width\":800,\"height\":233},{\"@type\":\"BreadcrumbList\",\"@id\":\"https:\/\/crees.org.do\/?p=20480#breadcrumb\",\"itemListElement\":[{\"@type\":\"ListItem\",\"position\":1,\"name\":\"Portada\",\"item\":\"https:\/\/crees.org.do\/\"},{\"@type\":\"ListItem\",\"position\":2,\"name\":\"CREES: Fondos de pensiones, potencial por realizarse\"}]},{\"@type\":\"WebSite\",\"@id\":\"https:\/\/crees.org.do\/#website\",\"url\":\"https:\/\/crees.org.do\/\",\"name\":\"CREES\",\"description\":\"Centro Regional de Estrategias Econ\u00f3micas Sostenibles\",\"publisher\":{\"@id\":\"https:\/\/crees.org.do\/#organization\"},\"potentialAction\":[{\"@type\":\"SearchAction\",\"target\":{\"@type\":\"EntryPoint\",\"urlTemplate\":\"https:\/\/crees.org.do\/?s={search_term_string}\"},\"query-input\":{\"@type\":\"PropertyValueSpecification\",\"valueRequired\":true,\"valueName\":\"search_term_string\"}}],\"inLanguage\":\"es\"},{\"@type\":\"Organization\",\"@id\":\"https:\/\/crees.org.do\/#organization\",\"name\":\"CREES | Centro Regional de Estrategias Econ\u00f3micas Sostenibles\",\"url\":\"https:\/\/crees.org.do\/\",\"logo\":{\"@type\":\"ImageObject\",\"inLanguage\":\"es\",\"@id\":\"https:\/\/crees.org.do\/#\/schema\/logo\/image\/\",\"url\":\"https:\/\/crees.org.do\/wp-content\/uploads\/2022\/03\/crees-logo-1.jpg\",\"contentUrl\":\"https:\/\/crees.org.do\/wp-content\/uploads\/2022\/03\/crees-logo-1.jpg\",\"width\":244,\"height\":71,\"caption\":\"CREES | Centro Regional de Estrategias Econ\u00f3micas Sostenibles\"},\"image\":{\"@id\":\"https:\/\/crees.org.do\/#\/schema\/logo\/image\/\"},\"sameAs\":[\"https:\/\/www.facebook.com\/CREESRD\/\",\"https:\/\/x.com\/CREESRD\"]},{\"@type\":\"Person\",\"@id\":\"https:\/\/crees.org.do\/#\/schema\/person\/e7f97cd94d7bf9cd0e0ce30acb7d56b8\",\"name\":\"Crees\",\"image\":{\"@type\":\"ImageObject\",\"inLanguage\":\"es\",\"@id\":\"https:\/\/crees.org.do\/#\/schema\/person\/image\/\",\"url\":\"https:\/\/secure.gravatar.com\/avatar\/390ac8f0be5d9aa046152553e2dd7011b59a512d89c150f5e5f28bb8d9a0b165?s=96&d=mm&r=g\",\"contentUrl\":\"https:\/\/secure.gravatar.com\/avatar\/390ac8f0be5d9aa046152553e2dd7011b59a512d89c150f5e5f28bb8d9a0b165?s=96&d=mm&r=g\",\"caption\":\"Crees\"},\"url\":\"https:\/\/crees.org.do\/?author=2\"}]}<\/script>\n<!-- \/ Yoast SEO plugin. -->","yoast_head_json":{"title":"CREES: Fondos de pensiones, potencial por realizarse | CREES","robots":{"index":"index","follow":"follow","max-snippet":"max-snippet:-1","max-image-preview":"max-image-preview:large","max-video-preview":"max-video-preview:-1"},"canonical":"https:\/\/crees.org.do\/?p=20480","og_locale":"es_ES","og_type":"article","og_title":"CREES: Fondos de pensiones, potencial por realizarse | CREES","og_description":"full_html","og_url":"https:\/\/crees.org.do\/?p=20480","og_site_name":"CREES","article_publisher":"https:\/\/www.facebook.com\/CREESRD\/","article_published_time":"2016-01-01T00:00:00+00:00","og_image":[{"url":"https:\/\/crees.org.do\/wp-content\/uploads\/2021\/07\/crees-logo.jpg","type":"","width":"","height":""}],"author":"Crees","twitter_card":"summary_large_image","twitter_creator":"@CREESRD","twitter_site":"@CREESRD","twitter_misc":{"Escrito por":"Crees","Tiempo de lectura":"3 minutos"},"schema":{"@context":"https:\/\/schema.org","@graph":[{"@type":"Article","@id":"https:\/\/crees.org.do\/?p=20480#article","isPartOf":{"@id":"https:\/\/crees.org.do\/?p=20480"},"author":{"name":"Crees","@id":"https:\/\/crees.org.do\/#\/schema\/person\/e7f97cd94d7bf9cd0e0ce30acb7d56b8"},"headline":"CREES: Fondos de pensiones, potencial por realizarse","datePublished":"2016-01-01T00:00:00+00:00","mainEntityOfPage":{"@id":"https:\/\/crees.org.do\/?p=20480"},"wordCount":660,"commentCount":0,"publisher":{"@id":"https:\/\/crees.org.do\/#organization"},"image":{"@id":"https:\/\/crees.org.do\/?p=20480#primaryimage"},"thumbnailUrl":"https:\/\/crees.org.do\/wp-content\/uploads\/2021\/07\/crees-logo.jpg","articleSection":["Blog"],"inLanguage":"es"},{"@type":"WebPage","@id":"https:\/\/crees.org.do\/?p=20480","url":"https:\/\/crees.org.do\/?p=20480","name":"CREES: Fondos de pensiones, potencial por realizarse | CREES","isPartOf":{"@id":"https:\/\/crees.org.do\/#website"},"primaryImageOfPage":{"@id":"https:\/\/crees.org.do\/?p=20480#primaryimage"},"image":{"@id":"https:\/\/crees.org.do\/?p=20480#primaryimage"},"thumbnailUrl":"https:\/\/crees.org.do\/wp-content\/uploads\/2021\/07\/crees-logo.jpg","datePublished":"2016-01-01T00:00:00+00:00","breadcrumb":{"@id":"https:\/\/crees.org.do\/?p=20480#breadcrumb"},"inLanguage":"es","potentialAction":[{"@type":"ReadAction","target":["https:\/\/crees.org.do\/?p=20480"]}]},{"@type":"ImageObject","inLanguage":"es","@id":"https:\/\/crees.org.do\/?p=20480#primaryimage","url":"https:\/\/crees.org.do\/wp-content\/uploads\/2021\/07\/crees-logo.jpg","contentUrl":"https:\/\/crees.org.do\/wp-content\/uploads\/2021\/07\/crees-logo.jpg","width":800,"height":233},{"@type":"BreadcrumbList","@id":"https:\/\/crees.org.do\/?p=20480#breadcrumb","itemListElement":[{"@type":"ListItem","position":1,"name":"Portada","item":"https:\/\/crees.org.do\/"},{"@type":"ListItem","position":2,"name":"CREES: Fondos de pensiones, potencial por realizarse"}]},{"@type":"WebSite","@id":"https:\/\/crees.org.do\/#website","url":"https:\/\/crees.org.do\/","name":"CREES","description":"Centro Regional de Estrategias Econ\u00f3micas Sostenibles","publisher":{"@id":"https:\/\/crees.org.do\/#organization"},"potentialAction":[{"@type":"SearchAction","target":{"@type":"EntryPoint","urlTemplate":"https:\/\/crees.org.do\/?s={search_term_string}"},"query-input":{"@type":"PropertyValueSpecification","valueRequired":true,"valueName":"search_term_string"}}],"inLanguage":"es"},{"@type":"Organization","@id":"https:\/\/crees.org.do\/#organization","name":"CREES | Centro Regional de Estrategias Econ\u00f3micas Sostenibles","url":"https:\/\/crees.org.do\/","logo":{"@type":"ImageObject","inLanguage":"es","@id":"https:\/\/crees.org.do\/#\/schema\/logo\/image\/","url":"https:\/\/crees.org.do\/wp-content\/uploads\/2022\/03\/crees-logo-1.jpg","contentUrl":"https:\/\/crees.org.do\/wp-content\/uploads\/2022\/03\/crees-logo-1.jpg","width":244,"height":71,"caption":"CREES | Centro Regional de Estrategias Econ\u00f3micas Sostenibles"},"image":{"@id":"https:\/\/crees.org.do\/#\/schema\/logo\/image\/"},"sameAs":["https:\/\/www.facebook.com\/CREESRD\/","https:\/\/x.com\/CREESRD"]},{"@type":"Person","@id":"https:\/\/crees.org.do\/#\/schema\/person\/e7f97cd94d7bf9cd0e0ce30acb7d56b8","name":"Crees","image":{"@type":"ImageObject","inLanguage":"es","@id":"https:\/\/crees.org.do\/#\/schema\/person\/image\/","url":"https:\/\/secure.gravatar.com\/avatar\/390ac8f0be5d9aa046152553e2dd7011b59a512d89c150f5e5f28bb8d9a0b165?s=96&d=mm&r=g","contentUrl":"https:\/\/secure.gravatar.com\/avatar\/390ac8f0be5d9aa046152553e2dd7011b59a512d89c150f5e5f28bb8d9a0b165?s=96&d=mm&r=g","caption":"Crees"},"url":"https:\/\/crees.org.do\/?author=2"}]}},"_links":{"self":[{"href":"https:\/\/crees.org.do\/index.php?rest_route=\/wp\/v2\/posts\/20480","targetHints":{"allow":["GET"]}}],"collection":[{"href":"https:\/\/crees.org.do\/index.php?rest_route=\/wp\/v2\/posts"}],"about":[{"href":"https:\/\/crees.org.do\/index.php?rest_route=\/wp\/v2\/types\/post"}],"author":[{"embeddable":true,"href":"https:\/\/crees.org.do\/index.php?rest_route=\/wp\/v2\/users\/2"}],"replies":[{"embeddable":true,"href":"https:\/\/crees.org.do\/index.php?rest_route=%2Fwp%2Fv2%2Fcomments&post=20480"}],"version-history":[{"count":0,"href":"https:\/\/crees.org.do\/index.php?rest_route=\/wp\/v2\/posts\/20480\/revisions"}],"wp:attachment":[{"href":"https:\/\/crees.org.do\/index.php?rest_route=%2Fwp%2Fv2%2Fmedia&parent=20480"}],"wp:term":[{"taxonomy":"category","embeddable":true,"href":"https:\/\/crees.org.do\/index.php?rest_route=%2Fwp%2Fv2%2Fcategories&post=20480"},{"taxonomy":"post_tag","embeddable":true,"href":"https:\/\/crees.org.do\/index.php?rest_route=%2Fwp%2Fv2%2Ftags&post=20480"}],"curies":[{"name":"wp","href":"https:\/\/api.w.org\/{rel}","templated":true}]}}