{"id":20493,"date":"2016-01-01T00:00:00","date_gmt":"2016-01-01T00:00:00","guid":{"rendered":"https:\/\/crees.org.do\/crees-se-mantiene-el-potencial-del-turismo-en-republica-dominicana\/"},"modified":"2016-01-01T00:00:00","modified_gmt":"2016-01-01T00:00:00","slug":"crees-se-mantiene-el-potencial-del-turismo-en-republica-dominicana","status":"publish","type":"post","link":"https:\/\/crees.org.do\/?p=20493","title":{"rendered":"CREES: Se mantiene el potencial del turismo en Rep\u00fablica Dominicana"},"content":{"rendered":"<p style=\"margin-top: 10px; margin-bottom: 8px; padding: 0px; border: 0px; font-stretch: inherit; font-size: 13px; line-height: 1.5em; font-family: arial; vertical-align: baseline; color: rgb(70, 66, 66); text-align: justify; background-color: rgb(255, 255, 255);\"><strong style=\"margin: 0px; padding: 0px; border: 0px; font-style: inherit; font-variant: inherit; font-stretch: inherit; font-size: inherit; line-height: inherit; font-family: inherit; vertical-align: baseline;\"><span style=\"margin: 0px; padding: 0px; border: 0px; font-style: inherit; font-variant: inherit; font-weight: inherit; font-stretch: inherit; font-size: 12px; line-height: inherit; font-family: inherit; vertical-align: baseline;\"><span style=\"margin: 0px; padding: 0px; border: 0px; font-style: inherit; font-variant: inherit; font-weight: inherit; font-stretch: inherit; font-size: inherit; line-height: inherit; font-family: verdana, geneva, sans-serif; vertical-align: baseline;\">Autor: CREES<\/span><\/span><\/strong><\/p>\n<p style=\"margin-top: 10px; margin-bottom: 8px; padding: 0px; border: 0px; font-stretch: inherit; font-size: 13px; line-height: 1.5em; font-family: arial; vertical-align: baseline; color: rgb(70, 66, 66); text-align: justify; background-color: rgb(255, 255, 255);\"><span style=\"font-family: verdana, geneva, sans-serif; font-size: inherit; font-style: inherit; font-variant: inherit; font-weight: inherit; line-height: inherit;\">Fecha: 23\/05\/2016<\/span><\/p>\n<p style=\"margin-top: 10px; margin-bottom: 8px; padding: 0px; border: 0px; font-stretch: inherit; font-size: 13px; line-height: 1.5em; font-family: arial; vertical-align: baseline; color: rgb(70, 66, 66); text-align: justify; background-color: rgb(255, 255, 255);\"><span style=\"margin: 0px; padding: 0px; border: 0px; font-style: inherit; font-variant: inherit; font-weight: inherit; font-stretch: inherit; font-size: 12px; line-height: inherit; font-family: inherit; vertical-align: baseline;\"><span style=\"margin: 0px; padding: 0px; border: 0px; font-style: inherit; font-variant: inherit; font-weight: inherit; font-stretch: inherit; font-size: inherit; line-height: inherit; font-family: verdana, geneva, sans-serif; vertical-align: baseline;\">Extra\u00eddo de <a href=\"http:\/\/www.eldinero.com.do\/23815\/crees-se-mantiene-el-potencial-del-turismo-en-republica-dominicana\/\">eldinero.com.do<\/a><\/span><\/span><\/p>\n<p style=\"margin-top: 10px; margin-bottom: 8px; padding: 0px; border: 0px; font-stretch: inherit; font-size: 13px; line-height: 1.5em; font-family: arial; vertical-align: baseline; color: rgb(70, 66, 66); text-align: justify; background-color: rgb(255, 255, 255);\"><span style=\"font-size:12px;\"><span style=\"font-family:verdana,geneva,sans-serif;\"><span style=\"color: rgb(20, 20, 20); line-height: 50px;\">D<\/span><\/span><\/span><span style=\"color: rgb(20, 20, 20); line-height: 24px; font-family: verdana, geneva, sans-serif; font-size: 12px;\">u<\/span><span style=\"color: rgb(20, 20, 20); line-height: 24px; font-family: verdana, geneva, sans-serif; font-size: 12px;\">rante los \u00faltimos 35 a\u00f1os, el sector tur\u00edstico de Rep\u00fablica Dominicana se ha caracterizado por un din\u00e1mico crecimiento econ\u00f3mico, por la creaci\u00f3n de diversos puestos de trabajo y por la generaci\u00f3n de divisas, principalmente, d\u00f3lares.<\/span><\/p>\n<p style=\"padding: 0px 0px 1em; margin-bottom: 0px; outline: none; list-style: none; border: 0px none; color: rgb(20, 20, 20); font-family: 'Open Sans'; font-size: 16px; line-height: 24px; background-color: rgb(255, 255, 255);\">&nbsp;<\/p>\n<p style=\"padding: 0px 0px 1em; margin-bottom: 0px; outline: none; list-style: none; border: 0px none; color: rgb(20, 20, 20); font-family: 'Open Sans'; font-size: 16px; line-height: 24px; background-color: rgb(255, 255, 255);\"><span style=\"font-size:12px;\"><span style=\"font-family:verdana,geneva,sans-serif;\">Seg\u00fan las estad\u00edsticas oficiales que provee el Banco Central (BC), el desempe\u00f1o del sector turismo lo ha llevado a representar el 7.1% del PIB real, el 6.3% de todos los empleos y a aportar US$6,153.1 millones en divisas durante el 2015.<\/span><\/span><\/p>\n<p style=\"padding: 0px 0px 1em; margin-bottom: 0px; outline: none; list-style: none; border: 0px none; color: rgb(20, 20, 20); font-family: 'Open Sans'; font-size: 16px; line-height: 24px; background-color: rgb(255, 255, 255);\"><span style=\"font-size:12px;\"><span style=\"font-family:verdana,geneva,sans-serif;\">Seg\u00fan la Balanza de Pagos, registra los ingresos que genera el turismo como parte de las exportaciones de servicios de la econom\u00eda dominicana. Los ingresos se mantienen en constante crecimiento durante el per\u00edodo mostrado alcanzando los US$6,153.1 millones durante todo el 2015.<\/span><\/span><\/p>\n<p style=\"padding: 0px 0px 1em; margin-bottom: 0px; outline: none; list-style: none; border: 0px none; color: rgb(20, 20, 20); font-family: 'Open Sans'; font-size: 16px; line-height: 24px; background-color: rgb(255, 255, 255);\"><span style=\"font-size:12px;\"><span style=\"font-family:verdana,geneva,sans-serif;\">Por otro lado, las inversiones y el desempe\u00f1o del sector turismo se han traducido en una constante creaci\u00f3n de puestos de trabajo, directos e indirectos. En promedio, los empleos directos e indirectos generados por el sector se han incrementado a una tasa de 7.7% anual durante los 35 a\u00f1os mostrados.<\/span><\/span><\/p>\n<p style=\"padding: 0px 0px 1em; margin-bottom: 0px; outline: none; list-style: none; border: 0px none; color: rgb(20, 20, 20); font-family: 'Open Sans'; font-size: 16px; line-height: 24px; background-color: rgb(255, 255, 255);\"><span style=\"font-size:12px;\"><span style=\"font-family:verdana,geneva,sans-serif;\"><a data-rel=\"lightbox-0\" href=\"https:\/\/crees.org.do\/wp-content\/uploads\/2021\/08\/ingresos-generados-turismo.jpg\" style=\"padding: 0px; margin: 0px; outline: none; list-style: none; border: 0px none; color: rgb(138, 184, 13); transition: all 0.2s ease-in-out;\" title=\"\"><img fetchpriority=\"high\" decoding=\"async\" alt=\"ingresos generados turismo\" class=\"alignright size-thumbnail wp-image-23820\" height=\"200\" sizes=\"(max-width: 276px) 100vw, 276px\" src=\"https:\/\/crees.org.do\/wp-content\/uploads\/2021\/08\/ingresos-generados-turismo.jpg\" srcset=\"https:\/\/crees.org.do\/wp-content\/uploads\/2021\/08\/ingresos-generados-turismo.jpg 276w, https:\/\/crees.org.do\/wp-content\/uploads\/2021\/08\/ingresos-generados-turismo.jpg 600w\" style=\"padding: 4px; margin: 2px 3px 3px 8px; outline-style: none; list-style: none; border: 1px solid rgb(203, 205, 204); float: right; max-width: 100%; height: auto; display: inline;\" width=\"276\" \/><\/a>En los \u00faltimos 5 a\u00f1os el incremento fue de 30.1% o de 58,775 puestos de trabajo nuevos, para alcanzar 254,146 puestos de trabajo en 2015; de \u00e9stos, el 28.2% fueron empleos directos.<\/span><\/span><\/p>\n<h2 style=\"padding: 0px; margin-top: 25px; margin-bottom: 10px; outline: none; list-style: none; border: 0px none; font-weight: normal; font-size: 30px; line-height: 1em; font-family: Helvetica; color: rgb(20, 20, 20); background-color: rgb(255, 255, 255);\"><span style=\"font-size:12px;\"><span style=\"font-family:verdana,geneva,sans-serif;\">Ocupaci\u00f3n<\/span><\/span><\/h2>\n<p style=\"padding: 0px 0px 1em; margin-bottom: 0px; outline: none; list-style: none; border: 0px none; color: rgb(20, 20, 20); font-family: 'Open Sans'; font-size: 16px; line-height: 24px; background-color: rgb(255, 255, 255);\"><span style=\"font-size:12px;\"><span style=\"font-family:verdana,geneva,sans-serif;\">La tasa de ocupaci\u00f3n, que mide, en promedio, qu\u00e9 proporci\u00f3n de la capacidad de acogida total (habitaciones) est\u00e1n ocupadas en los hoteles del pa\u00eds, ha rondado en 68.7% durante el per\u00edodo tratado.<\/span><\/span><\/p>\n<p style=\"padding: 0px 0px 1em; margin-bottom: 0px; outline: none; list-style: none; border: 0px none; color: rgb(20, 20, 20); font-family: 'Open Sans'; font-size: 16px; line-height: 24px; background-color: rgb(255, 255, 255);\"><span style=\"font-size:12px;\"><span style=\"font-family:verdana,geneva,sans-serif;\"><a data-rel=\"lightbox-1\" href=\"https:\/\/crees.org.do\/wp-content\/uploads\/2021\/08\/empleos-turismo.jpg\" style=\"padding: 0px; margin: 0px; outline: none; list-style: none; border: 0px none; color: rgb(138, 184, 13); transition: all 0.2s ease-in-out;\" title=\"\"><img decoding=\"async\" alt=\"empleos turismo\" class=\"alignright size-thumbnail wp-image-23819\" height=\"200\" sizes=\"(max-width: 276px) 100vw, 276px\" src=\"https:\/\/crees.org.do\/wp-content\/uploads\/2021\/08\/empleos-turismo.jpg\" srcset=\"https:\/\/crees.org.do\/wp-content\/uploads\/2021\/08\/empleos-turismo.jpg 276w, https:\/\/crees.org.do\/wp-content\/uploads\/2021\/08\/empleos-turismo.jpg 600w\" style=\"padding: 4px; margin: 2px 3px 3px 8px; outline-style: none; list-style: none; border: 1px solid rgb(203, 205, 204); float: right; max-width: 100%; height: auto; display: inline;\" width=\"276\" \/><\/a>Luego de la crisis financiera mundial de 2008, la tasa de ocupaci\u00f3n hotelera disminuy\u00f3 de 70.4% en 2008 a 66.0% en 2009. Sin embargo, en los \u00faltimos a\u00f1os la tasa de ocupaci\u00f3n se ha recuperado a\u00f1o tras a\u00f1o, llegando a 75.5% en 2015.<\/span><\/span><\/p>\n<p style=\"padding: 0px 0px 1em; margin-bottom: 0px; outline: none; list-style: none; border: 0px none; color: rgb(20, 20, 20); font-family: 'Open Sans'; font-size: 16px; line-height: 24px; background-color: rgb(255, 255, 255);\"><span style=\"font-size:12px;\"><span style=\"font-family:verdana,geneva,sans-serif;\">Los extranjeros no residentes (ENR) que ingresan al pa\u00eds cada a\u00f1o v\u00eda a\u00e9rea se han incrementado a\u00f1o tras a\u00f1o, mostrando una tasa promedio de 8.5% anual en los \u00faltimos 35 a\u00f1os.<\/span><\/span><\/p>\n<p style=\"padding: 0px 0px 1em; margin-bottom: 0px; outline: none; list-style: none; border: 0px none; color: rgb(20, 20, 20); font-family: 'Open Sans'; font-size: 16px; line-height: 24px; background-color: rgb(255, 255, 255);\"><span style=\"font-size:12px;\"><span style=\"font-family:verdana,geneva,sans-serif;\">Durante el 2015, la mayor\u00eda de los ENR que ingresaron al pa\u00eds provinieron de: Estados Unidos (2,001,909), Canad\u00e1 (745,860), Alemania (247,613) y Francia (227,483), entre otros.<\/span><\/span><\/p>\n<p style=\"padding: 0px 0px 1em; margin-bottom: 0px; outline: none; list-style: none; border: 0px none; color: rgb(20, 20, 20); font-family: 'Open Sans'; font-size: 16px; line-height: 24px; background-color: rgb(255, 255, 255);\"><span style=\"font-size:12px;\"><span style=\"font-family:verdana,geneva,sans-serif;\"><a data-rel=\"lightbox-2\" href=\"https:\/\/crees.org.do\/wp-content\/uploads\/2021\/08\/habitaciones-hoteleras-turismo.jpg\" style=\"padding: 0px; margin: 0px; outline: none; list-style: none; border: 0px none; color: rgb(138, 184, 13); transition: all 0.2s ease-in-out;\" title=\"\"><img decoding=\"async\" alt=\"habitaciones hoteleras turismo\" class=\"alignright size-thumbnail wp-image-23818\" height=\"200\" sizes=\"(max-width: 276px) 100vw, 276px\" src=\"https:\/\/crees.org.do\/wp-content\/uploads\/2021\/08\/habitaciones-hoteleras-turismo.jpg\" srcset=\"https:\/\/crees.org.do\/wp-content\/uploads\/2021\/08\/habitaciones-hoteleras-turismo.jpg 276w, https:\/\/crees.org.do\/wp-content\/uploads\/2021\/08\/habitaciones-hoteleras-turismo.jpg 600w\" style=\"padding: 4px; margin: 2px 3px 3px 8px; outline-style: none; list-style: none; border: 1px solid rgb(203, 205, 204); float: right; max-width: 100%; height: auto; display: inline;\" width=\"276\" \/><\/a>En los \u00faltimos 35 a\u00f1os, la cantidad de habitaciones hoteleras se increment\u00f3, en promedio, un 7.8% cada a\u00f1o. Su mayor crecimiento se registr\u00f3 en la d\u00e9cada de los 80, m\u00e1s que triplic\u00e1ndose al finalizar \u00e9sta, a ra\u00edz de la liberalizaci\u00f3n del tipo de cambio en esa \u00e9poca. Durante la d\u00e9cada de los 90, las habitaciones se incrementaron en 172.6%, llegando a las 51,916 habitaciones en el 2000; la gran mayor\u00eda se construyeron sin mecanismos de exoneraciones de impuestos.<\/span><\/span><\/p>\n<p style=\"padding: 0px 0px 1em; margin-bottom: 0px; outline: none; list-style: none; border: 0px none; color: rgb(20, 20, 20); font-family: 'Open Sans'; font-size: 16px; line-height: 24px; background-color: rgb(255, 255, 255);\"><span style=\"font-size:12px;\"><span style=\"font-family:verdana,geneva,sans-serif;\">El crecimiento fue m\u00e1s lento en la primera d\u00e9cada del 2000, cuando mostr\u00f3 un crecimiento absoluto de 29.2%, llegando a 67,095 habitaciones. En el 2015 el n\u00famero de habitaciones fue 69,816 unidades, lo que muestra un lento crecimiento de la cantidad de habitaciones. S\u00f3lo recientemente se destacan nuevos proyectos que a\u00f1adir\u00e1n habitaciones en la capital del pa\u00eds.<\/span><\/span><\/p>\n<p><a data-rel=\"lightbox-3\" href=\"https:\/\/crees.org.do\/wp-content\/uploads\/2021\/08\/tasa-ocupacion-hotelera-turismo.jpg\" style=\"color: rgb(138, 184, 13); text-decoration: underline; font-family: verdana, geneva, sans-serif; font-size: 12px; line-height: 24px; padding: 0px; margin: 0px; outline: none; list-style: none; border: 0px none; transition: all 0.2s ease-in-out; background-color: rgb(255, 255, 255);\" title=\"\"><img loading=\"lazy\" decoding=\"async\" alt=\"tasa ocupacion hotelera turismo\" class=\"alignright size-thumbnail wp-image-23817\" height=\"200\" sizes=\"(max-width: 276px) 100vw, 276px\" src=\"https:\/\/crees.org.do\/wp-content\/uploads\/2021\/08\/tasa-ocupacion-hotelera-turismo.jpg\" srcset=\"https:\/\/crees.org.do\/wp-content\/uploads\/2021\/08\/tasa-ocupacion-hotelera-turismo.jpg 276w, https:\/\/crees.org.do\/wp-content\/uploads\/2021\/08\/tasa-ocupacion-hotelera-turismo.jpg 600w\" style=\"outline-style: none; padding: 4px; margin: 2px 3px 3px 8px; list-style: none; border: 1px solid rgb(203, 205, 204); float: right; max-width: 100%; height: auto; display: inline;\" width=\"276\" \/><\/a><\/p>\n<p style=\"padding: 0px 0px 1em; margin-bottom: 0px; outline: none; list-style: none; border: 0px none; color: rgb(20, 20, 20); font-family: 'Open Sans'; font-size: 16px; line-height: 24px; background-color: rgb(255, 255, 255);\"><span style=\"font-size:12px;\"><span style=\"font-family:verdana,geneva,sans-serif;\">A pesar de la importancia del sector tur\u00edstico del pa\u00eds, \u00e9ste todav\u00eda debe enfrentar ciertos retos en lo que se refiere a su competitividad.<\/span><\/span><\/p>\n<p style=\"padding: 0px 0px 1em; margin-bottom: 0px; outline: none; list-style: none; border: 0px none; color: rgb(20, 20, 20); font-family: 'Open Sans'; font-size: 16px; line-height: 24px; background-color: rgb(255, 255, 255);\"><span style=\"font-size:12px;\"><span style=\"font-family:verdana,geneva,sans-serif;\">De acuerdo al \u00cdndice de Competitividad en Viajes y Turismo 2015 del Foro Econ\u00f3mico Mundial, Rep\u00fablica Dominicana se encuentra en el puesto 81 de 141 pa\u00edses.<\/span><\/span><\/p>\n<p style=\"padding: 0px 0px 1em; margin-bottom: 0px; outline: none; list-style: none; border: 0px none; color: rgb(20, 20, 20); font-family: 'Open Sans'; font-size: 16px; line-height: 24px; background-color: rgb(255, 255, 255);\"><span style=\"font-size:12px;\"><span style=\"font-family:verdana,geneva,sans-serif;\">En espec\u00edfico, todav\u00eda el sector tur\u00edstico dominicano enfrenta impuestos que lo hace perder capacidad de competir, como el ITBIS que pagan extranjeros (el tercero m\u00e1s alto de la regi\u00f3n), los impuestos y tarifas a los boletos a\u00e9reos, y los impuestos selectivos al seguro, bienes que requiere en los procesos productivos (electrodom\u00e9sticos, alfombras, cubierter\u00eda, etc) y el impuesto selectivo a las telecomunicaciones.<\/span><\/span><\/p>\n<p style=\"padding: 0px 0px 1em; margin-bottom: 0px; outline: none; list-style: none; border: 0px none; color: rgb(20, 20, 20); font-family: 'Open Sans'; font-size: 16px; line-height: 24px; background-color: rgb(255, 255, 255);\"><span style=\"font-size:12px;\"><span style=\"font-family:verdana,geneva,sans-serif;\"><a data-rel=\"lightbox-4\" href=\"https:\/\/crees.org.do\/wp-content\/uploads\/2021\/08\/llegada-extranjeros-no-residentes-turismo.jpg\" style=\"padding: 0px; margin: 0px; outline: none; list-style: none; border: 0px none; color: rgb(138, 184, 13); transition: all 0.2s ease-in-out;\" title=\"\"><img loading=\"lazy\" decoding=\"async\" alt=\"llegada extranjeros no residentes turismo\" class=\"alignright size-thumbnail wp-image-23816\" height=\"200\" sizes=\"(max-width: 276px) 100vw, 276px\" src=\"https:\/\/crees.org.do\/wp-content\/uploads\/2021\/08\/llegada-extranjeros-no-residentes-turismo.jpg\" srcset=\"https:\/\/crees.org.do\/wp-content\/uploads\/2021\/08\/llegada-extranjeros-no-residentes-turismo.jpg 276w, https:\/\/crees.org.do\/wp-content\/uploads\/2021\/08\/llegada-extranjeros-no-residentes-turismo.jpg 600w\" style=\"padding: 4px; margin: 2px 3px 3px 8px; outline-style: none; list-style: none; border: 1px solid rgb(203, 205, 204); float: right; max-width: 100%; height: auto; display: inline;\" width=\"276\" \/><\/a>Mejorar la competitividad y crecimiento econ\u00f3mico es una prioridad desde el punto de vista institucional y de pol\u00edticas p\u00fablicas. En este sentido, Rep\u00fablica Dominicana necesita impulsar reformas estructurales a nivel pol\u00edtico, jur\u00eddico y econ\u00f3mico que brinden confianza y certidumbre sobre el futuro.<\/span><\/span><\/p>\n<p style=\"padding: 0px 0px 1em; margin-bottom: 0px; outline: none; list-style: none; border: 0px none; color: rgb(20, 20, 20); font-family: 'Open Sans'; font-size: 16px; line-height: 24px; background-color: rgb(255, 255, 255);\">&nbsp;<\/p>\n<p style=\"padding: 0px 0px 1em; margin-bottom: 0px; outline: none; list-style: none; border: 0px none; color: rgb(20, 20, 20); font-family: 'Open Sans'; font-size: 16px; line-height: 24px; background-color: rgb(255, 255, 255);\"><span style=\"font-size:12px;\"><span style=\"font-family:verdana,geneva,sans-serif;\">De esta forma, se busca incentivar inversiones en el sector tur\u00edstico para poder atraer la meta de diez millones de turistas. Esto debe ser una prioridad para el sector turismo y el resto de la econom\u00eda dominicana.<\/span><\/span><\/p>\n<p style=\"margin-top: 10px; margin-bottom: 8px; padding: 0px; border: 0px; font-stretch: inherit; font-size: 13px; line-height: 1.5em; font-family: arial; vertical-align: baseline; color: rgb(70, 66, 66); text-align: justify; background-color: rgb(255, 255, 255);\">&nbsp;<\/p>\n<div class=\"pvc_clear\"><\/div>\n<p class=\"pvc_stats all \" data-element-id=\"20493\" style=\"\"><i class=\"pvc-stats-icon medium\" aria-hidden=\"true\"><svg aria-hidden=\"true\" focusable=\"false\" data-prefix=\"far\" data-icon=\"chart-bar\" role=\"img\" xmlns=\"http:\/\/www.w3.org\/2000\/svg\" viewBox=\"0 0 512 512\" class=\"svg-inline--fa fa-chart-bar fa-w-16 fa-2x\"><path fill=\"currentColor\" d=\"M396.8 352h22.4c6.4 0 12.8-6.4 12.8-12.8V108.8c0-6.4-6.4-12.8-12.8-12.8h-22.4c-6.4 0-12.8 6.4-12.8 12.8v230.4c0 6.4 6.4 12.8 12.8 12.8zm-192 0h22.4c6.4 0 12.8-6.4 12.8-12.8V140.8c0-6.4-6.4-12.8-12.8-12.8h-22.4c-6.4 0-12.8 6.4-12.8 12.8v198.4c0 6.4 6.4 12.8 12.8 12.8zm96 0h22.4c6.4 0 12.8-6.4 12.8-12.8V204.8c0-6.4-6.4-12.8-12.8-12.8h-22.4c-6.4 0-12.8 6.4-12.8 12.8v134.4c0 6.4 6.4 12.8 12.8 12.8zM496 400H48V80c0-8.84-7.16-16-16-16H16C7.16 64 0 71.16 0 80v336c0 17.67 14.33 32 32 32h464c8.84 0 16-7.16 16-16v-16c0-8.84-7.16-16-16-16zm-387.2-48h22.4c6.4 0 12.8-6.4 12.8-12.8v-70.4c0-6.4-6.4-12.8-12.8-12.8h-22.4c-6.4 0-12.8 6.4-12.8 12.8v70.4c0 6.4 6.4 12.8 12.8 12.8z\" class=\"\"><\/path><\/svg><\/i> Vistas Totales&nbsp;671&nbsp;, Vistas Hoy&nbsp;3&nbsp;<\/p>\n<div class=\"pvc_clear\"><\/div>\n","protected":false},"excerpt":{"rendered":"<p>full_html<\/p>\n<div class=\"pvc_clear\"><\/div>\n<p class=\"pvc_stats all \" data-element-id=\"20493\" style=\"\"><i class=\"pvc-stats-icon medium\" aria-hidden=\"true\"><svg aria-hidden=\"true\" focusable=\"false\" data-prefix=\"far\" data-icon=\"chart-bar\" role=\"img\" xmlns=\"http:\/\/www.w3.org\/2000\/svg\" viewBox=\"0 0 512 512\" class=\"svg-inline--fa fa-chart-bar fa-w-16 fa-2x\"><path fill=\"currentColor\" d=\"M396.8 352h22.4c6.4 0 12.8-6.4 12.8-12.8V108.8c0-6.4-6.4-12.8-12.8-12.8h-22.4c-6.4 0-12.8 6.4-12.8 12.8v230.4c0 6.4 6.4 12.8 12.8 12.8zm-192 0h22.4c6.4 0 12.8-6.4 12.8-12.8V140.8c0-6.4-6.4-12.8-12.8-12.8h-22.4c-6.4 0-12.8 6.4-12.8 12.8v198.4c0 6.4 6.4 12.8 12.8 12.8zm96 0h22.4c6.4 0 12.8-6.4 12.8-12.8V204.8c0-6.4-6.4-12.8-12.8-12.8h-22.4c-6.4 0-12.8 6.4-12.8 12.8v134.4c0 6.4 6.4 12.8 12.8 12.8zM496 400H48V80c0-8.84-7.16-16-16-16H16C7.16 64 0 71.16 0 80v336c0 17.67 14.33 32 32 32h464c8.84 0 16-7.16 16-16v-16c0-8.84-7.16-16-16-16zm-387.2-48h22.4c6.4 0 12.8-6.4 12.8-12.8v-70.4c0-6.4-6.4-12.8-12.8-12.8h-22.4c-6.4 0-12.8 6.4-12.8 12.8v70.4c0 6.4 6.4 12.8 12.8 12.8z\" class=\"\"><\/path><\/svg><\/i> Vistas Totales&nbsp;671&nbsp;, Vistas Hoy&nbsp;3&nbsp;<\/p>\n<div class=\"pvc_clear\"><\/div>\n","protected":false},"author":2,"featured_media":0,"comment_status":"open","ping_status":"open","sticky":false,"template":"","format":"standard","meta":{"footnotes":""},"categories":[21],"tags":[],"class_list":["post-20493","post","type-post","status-publish","format-standard","hentry","category-blog"],"yoast_head":"<!-- This site is optimized with the Yoast SEO plugin v25.2 - https:\/\/yoast.com\/wordpress\/plugins\/seo\/ -->\n<title>CREES: Se mantiene el potencial del turismo en Rep\u00fablica Dominicana | CREES<\/title>\n<meta name=\"robots\" content=\"index, follow, max-snippet:-1, max-image-preview:large, max-video-preview:-1\" \/>\n<link rel=\"canonical\" href=\"https:\/\/crees.org.do\/?p=20493\" \/>\n<meta property=\"og:locale\" content=\"es_ES\" \/>\n<meta property=\"og:type\" content=\"article\" \/>\n<meta property=\"og:title\" content=\"CREES: Se mantiene el potencial del turismo en Rep\u00fablica Dominicana | CREES\" \/>\n<meta property=\"og:description\" content=\"full_html\" \/>\n<meta property=\"og:url\" content=\"https:\/\/crees.org.do\/?p=20493\" \/>\n<meta property=\"og:site_name\" content=\"CREES\" \/>\n<meta property=\"article:publisher\" content=\"https:\/\/www.facebook.com\/CREESRD\/\" \/>\n<meta property=\"article:published_time\" content=\"2016-01-01T00:00:00+00:00\" \/>\n<meta property=\"og:image\" content=\"https:\/\/crees.org.do\/wp-content\/uploads\/2021\/08\/ingresos-generados-turismo.jpg\" \/>\n<meta name=\"author\" content=\"Crees\" \/>\n<meta name=\"twitter:card\" content=\"summary_large_image\" \/>\n<meta name=\"twitter:creator\" content=\"@CREESRD\" \/>\n<meta name=\"twitter:site\" content=\"@CREESRD\" \/>\n<meta name=\"twitter:label1\" content=\"Escrito por\" \/>\n\t<meta name=\"twitter:data1\" content=\"Crees\" \/>\n\t<meta name=\"twitter:label2\" content=\"Tiempo de lectura\" \/>\n\t<meta name=\"twitter:data2\" content=\"4 minutos\" \/>\n<script type=\"application\/ld+json\" class=\"yoast-schema-graph\">{\"@context\":\"https:\/\/schema.org\",\"@graph\":[{\"@type\":\"Article\",\"@id\":\"https:\/\/crees.org.do\/?p=20493#article\",\"isPartOf\":{\"@id\":\"https:\/\/crees.org.do\/?p=20493\"},\"author\":{\"name\":\"Crees\",\"@id\":\"https:\/\/crees.org.do\/#\/schema\/person\/e7f97cd94d7bf9cd0e0ce30acb7d56b8\"},\"headline\":\"CREES: Se mantiene el potencial del turismo en Rep\u00fablica Dominicana\",\"datePublished\":\"2016-01-01T00:00:00+00:00\",\"mainEntityOfPage\":{\"@id\":\"https:\/\/crees.org.do\/?p=20493\"},\"wordCount\":717,\"commentCount\":0,\"publisher\":{\"@id\":\"https:\/\/crees.org.do\/#organization\"},\"image\":{\"@id\":\"https:\/\/crees.org.do\/?p=20493#primaryimage\"},\"thumbnailUrl\":\"https:\/\/crees.org.do\/wp-content\/uploads\/2021\/08\/ingresos-generados-turismo.jpg\",\"articleSection\":[\"Blog\"],\"inLanguage\":\"es\"},{\"@type\":\"WebPage\",\"@id\":\"https:\/\/crees.org.do\/?p=20493\",\"url\":\"https:\/\/crees.org.do\/?p=20493\",\"name\":\"CREES: Se mantiene el potencial del turismo en Rep\u00fablica Dominicana | CREES\",\"isPartOf\":{\"@id\":\"https:\/\/crees.org.do\/#website\"},\"primaryImageOfPage\":{\"@id\":\"https:\/\/crees.org.do\/?p=20493#primaryimage\"},\"image\":{\"@id\":\"https:\/\/crees.org.do\/?p=20493#primaryimage\"},\"thumbnailUrl\":\"https:\/\/crees.org.do\/wp-content\/uploads\/2021\/08\/ingresos-generados-turismo.jpg\",\"datePublished\":\"2016-01-01T00:00:00+00:00\",\"breadcrumb\":{\"@id\":\"https:\/\/crees.org.do\/?p=20493#breadcrumb\"},\"inLanguage\":\"es\",\"potentialAction\":[{\"@type\":\"ReadAction\",\"target\":[\"https:\/\/crees.org.do\/?p=20493\"]}]},{\"@type\":\"ImageObject\",\"inLanguage\":\"es\",\"@id\":\"https:\/\/crees.org.do\/?p=20493#primaryimage\",\"url\":\"https:\/\/crees.org.do\/wp-content\/uploads\/2021\/08\/ingresos-generados-turismo.jpg\",\"contentUrl\":\"https:\/\/crees.org.do\/wp-content\/uploads\/2021\/08\/ingresos-generados-turismo.jpg\",\"width\":600,\"height\":435},{\"@type\":\"BreadcrumbList\",\"@id\":\"https:\/\/crees.org.do\/?p=20493#breadcrumb\",\"itemListElement\":[{\"@type\":\"ListItem\",\"position\":1,\"name\":\"Portada\",\"item\":\"https:\/\/crees.org.do\/\"},{\"@type\":\"ListItem\",\"position\":2,\"name\":\"CREES: Se mantiene el potencial del turismo en Rep\u00fablica Dominicana\"}]},{\"@type\":\"WebSite\",\"@id\":\"https:\/\/crees.org.do\/#website\",\"url\":\"https:\/\/crees.org.do\/\",\"name\":\"CREES\",\"description\":\"Centro Regional de Estrategias Econ\u00f3micas Sostenibles\",\"publisher\":{\"@id\":\"https:\/\/crees.org.do\/#organization\"},\"potentialAction\":[{\"@type\":\"SearchAction\",\"target\":{\"@type\":\"EntryPoint\",\"urlTemplate\":\"https:\/\/crees.org.do\/?s={search_term_string}\"},\"query-input\":{\"@type\":\"PropertyValueSpecification\",\"valueRequired\":true,\"valueName\":\"search_term_string\"}}],\"inLanguage\":\"es\"},{\"@type\":\"Organization\",\"@id\":\"https:\/\/crees.org.do\/#organization\",\"name\":\"CREES | Centro Regional de Estrategias Econ\u00f3micas Sostenibles\",\"url\":\"https:\/\/crees.org.do\/\",\"logo\":{\"@type\":\"ImageObject\",\"inLanguage\":\"es\",\"@id\":\"https:\/\/crees.org.do\/#\/schema\/logo\/image\/\",\"url\":\"https:\/\/crees.org.do\/wp-content\/uploads\/2022\/03\/crees-logo-1.jpg\",\"contentUrl\":\"https:\/\/crees.org.do\/wp-content\/uploads\/2022\/03\/crees-logo-1.jpg\",\"width\":244,\"height\":71,\"caption\":\"CREES | Centro Regional de Estrategias Econ\u00f3micas Sostenibles\"},\"image\":{\"@id\":\"https:\/\/crees.org.do\/#\/schema\/logo\/image\/\"},\"sameAs\":[\"https:\/\/www.facebook.com\/CREESRD\/\",\"https:\/\/x.com\/CREESRD\"]},{\"@type\":\"Person\",\"@id\":\"https:\/\/crees.org.do\/#\/schema\/person\/e7f97cd94d7bf9cd0e0ce30acb7d56b8\",\"name\":\"Crees\",\"image\":{\"@type\":\"ImageObject\",\"inLanguage\":\"es\",\"@id\":\"https:\/\/crees.org.do\/#\/schema\/person\/image\/\",\"url\":\"https:\/\/secure.gravatar.com\/avatar\/390ac8f0be5d9aa046152553e2dd7011b59a512d89c150f5e5f28bb8d9a0b165?s=96&d=mm&r=g\",\"contentUrl\":\"https:\/\/secure.gravatar.com\/avatar\/390ac8f0be5d9aa046152553e2dd7011b59a512d89c150f5e5f28bb8d9a0b165?s=96&d=mm&r=g\",\"caption\":\"Crees\"},\"url\":\"https:\/\/crees.org.do\/?author=2\"}]}<\/script>\n<!-- \/ Yoast SEO plugin. -->","yoast_head_json":{"title":"CREES: Se mantiene el potencial del turismo en Rep\u00fablica Dominicana | CREES","robots":{"index":"index","follow":"follow","max-snippet":"max-snippet:-1","max-image-preview":"max-image-preview:large","max-video-preview":"max-video-preview:-1"},"canonical":"https:\/\/crees.org.do\/?p=20493","og_locale":"es_ES","og_type":"article","og_title":"CREES: Se mantiene el potencial del turismo en Rep\u00fablica Dominicana | CREES","og_description":"full_html","og_url":"https:\/\/crees.org.do\/?p=20493","og_site_name":"CREES","article_publisher":"https:\/\/www.facebook.com\/CREESRD\/","article_published_time":"2016-01-01T00:00:00+00:00","og_image":[{"url":"https:\/\/crees.org.do\/wp-content\/uploads\/2021\/08\/ingresos-generados-turismo.jpg","type":"","width":"","height":""}],"author":"Crees","twitter_card":"summary_large_image","twitter_creator":"@CREESRD","twitter_site":"@CREESRD","twitter_misc":{"Escrito por":"Crees","Tiempo de lectura":"4 minutos"},"schema":{"@context":"https:\/\/schema.org","@graph":[{"@type":"Article","@id":"https:\/\/crees.org.do\/?p=20493#article","isPartOf":{"@id":"https:\/\/crees.org.do\/?p=20493"},"author":{"name":"Crees","@id":"https:\/\/crees.org.do\/#\/schema\/person\/e7f97cd94d7bf9cd0e0ce30acb7d56b8"},"headline":"CREES: Se mantiene el potencial del turismo en Rep\u00fablica Dominicana","datePublished":"2016-01-01T00:00:00+00:00","mainEntityOfPage":{"@id":"https:\/\/crees.org.do\/?p=20493"},"wordCount":717,"commentCount":0,"publisher":{"@id":"https:\/\/crees.org.do\/#organization"},"image":{"@id":"https:\/\/crees.org.do\/?p=20493#primaryimage"},"thumbnailUrl":"https:\/\/crees.org.do\/wp-content\/uploads\/2021\/08\/ingresos-generados-turismo.jpg","articleSection":["Blog"],"inLanguage":"es"},{"@type":"WebPage","@id":"https:\/\/crees.org.do\/?p=20493","url":"https:\/\/crees.org.do\/?p=20493","name":"CREES: Se mantiene el potencial del turismo en Rep\u00fablica Dominicana | CREES","isPartOf":{"@id":"https:\/\/crees.org.do\/#website"},"primaryImageOfPage":{"@id":"https:\/\/crees.org.do\/?p=20493#primaryimage"},"image":{"@id":"https:\/\/crees.org.do\/?p=20493#primaryimage"},"thumbnailUrl":"https:\/\/crees.org.do\/wp-content\/uploads\/2021\/08\/ingresos-generados-turismo.jpg","datePublished":"2016-01-01T00:00:00+00:00","breadcrumb":{"@id":"https:\/\/crees.org.do\/?p=20493#breadcrumb"},"inLanguage":"es","potentialAction":[{"@type":"ReadAction","target":["https:\/\/crees.org.do\/?p=20493"]}]},{"@type":"ImageObject","inLanguage":"es","@id":"https:\/\/crees.org.do\/?p=20493#primaryimage","url":"https:\/\/crees.org.do\/wp-content\/uploads\/2021\/08\/ingresos-generados-turismo.jpg","contentUrl":"https:\/\/crees.org.do\/wp-content\/uploads\/2021\/08\/ingresos-generados-turismo.jpg","width":600,"height":435},{"@type":"BreadcrumbList","@id":"https:\/\/crees.org.do\/?p=20493#breadcrumb","itemListElement":[{"@type":"ListItem","position":1,"name":"Portada","item":"https:\/\/crees.org.do\/"},{"@type":"ListItem","position":2,"name":"CREES: Se mantiene el potencial del turismo en Rep\u00fablica Dominicana"}]},{"@type":"WebSite","@id":"https:\/\/crees.org.do\/#website","url":"https:\/\/crees.org.do\/","name":"CREES","description":"Centro Regional de Estrategias Econ\u00f3micas Sostenibles","publisher":{"@id":"https:\/\/crees.org.do\/#organization"},"potentialAction":[{"@type":"SearchAction","target":{"@type":"EntryPoint","urlTemplate":"https:\/\/crees.org.do\/?s={search_term_string}"},"query-input":{"@type":"PropertyValueSpecification","valueRequired":true,"valueName":"search_term_string"}}],"inLanguage":"es"},{"@type":"Organization","@id":"https:\/\/crees.org.do\/#organization","name":"CREES | Centro Regional de Estrategias Econ\u00f3micas Sostenibles","url":"https:\/\/crees.org.do\/","logo":{"@type":"ImageObject","inLanguage":"es","@id":"https:\/\/crees.org.do\/#\/schema\/logo\/image\/","url":"https:\/\/crees.org.do\/wp-content\/uploads\/2022\/03\/crees-logo-1.jpg","contentUrl":"https:\/\/crees.org.do\/wp-content\/uploads\/2022\/03\/crees-logo-1.jpg","width":244,"height":71,"caption":"CREES | Centro Regional de Estrategias Econ\u00f3micas Sostenibles"},"image":{"@id":"https:\/\/crees.org.do\/#\/schema\/logo\/image\/"},"sameAs":["https:\/\/www.facebook.com\/CREESRD\/","https:\/\/x.com\/CREESRD"]},{"@type":"Person","@id":"https:\/\/crees.org.do\/#\/schema\/person\/e7f97cd94d7bf9cd0e0ce30acb7d56b8","name":"Crees","image":{"@type":"ImageObject","inLanguage":"es","@id":"https:\/\/crees.org.do\/#\/schema\/person\/image\/","url":"https:\/\/secure.gravatar.com\/avatar\/390ac8f0be5d9aa046152553e2dd7011b59a512d89c150f5e5f28bb8d9a0b165?s=96&d=mm&r=g","contentUrl":"https:\/\/secure.gravatar.com\/avatar\/390ac8f0be5d9aa046152553e2dd7011b59a512d89c150f5e5f28bb8d9a0b165?s=96&d=mm&r=g","caption":"Crees"},"url":"https:\/\/crees.org.do\/?author=2"}]}},"_links":{"self":[{"href":"https:\/\/crees.org.do\/index.php?rest_route=\/wp\/v2\/posts\/20493","targetHints":{"allow":["GET"]}}],"collection":[{"href":"https:\/\/crees.org.do\/index.php?rest_route=\/wp\/v2\/posts"}],"about":[{"href":"https:\/\/crees.org.do\/index.php?rest_route=\/wp\/v2\/types\/post"}],"author":[{"embeddable":true,"href":"https:\/\/crees.org.do\/index.php?rest_route=\/wp\/v2\/users\/2"}],"replies":[{"embeddable":true,"href":"https:\/\/crees.org.do\/index.php?rest_route=%2Fwp%2Fv2%2Fcomments&post=20493"}],"version-history":[{"count":0,"href":"https:\/\/crees.org.do\/index.php?rest_route=\/wp\/v2\/posts\/20493\/revisions"}],"wp:attachment":[{"href":"https:\/\/crees.org.do\/index.php?rest_route=%2Fwp%2Fv2%2Fmedia&parent=20493"}],"wp:term":[{"taxonomy":"category","embeddable":true,"href":"https:\/\/crees.org.do\/index.php?rest_route=%2Fwp%2Fv2%2Fcategories&post=20493"},{"taxonomy":"post_tag","embeddable":true,"href":"https:\/\/crees.org.do\/index.php?rest_route=%2Fwp%2Fv2%2Ftags&post=20493"}],"curies":[{"name":"wp","href":"https:\/\/api.w.org\/{rel}","templated":true}]}}