{"id":20498,"date":"2016-01-01T00:00:00","date_gmt":"2016-01-01T00:00:00","guid":{"rendered":"https:\/\/crees.org.do\/por-que-fracasan-los-paises\/"},"modified":"2016-01-01T00:00:00","modified_gmt":"2016-01-01T00:00:00","slug":"por-que-fracasan-los-paises","status":"publish","type":"post","link":"https:\/\/crees.org.do\/?p=20498","title":{"rendered":"\u00bfPor qu\u00e9 fracasan los pa\u00edses?"},"content":{"rendered":"<p style=\"margin-top: 10px; margin-bottom: 8px; padding: 0px; border: 0px; font-stretch: inherit; font-size: 13px; line-height: 1.5em; font-family: arial; vertical-align: baseline; color: rgb(70, 66, 66); text-align: justify; background-color: rgb(255, 255, 255);\"><span style=\"font-size:12px;\"><span style=\"font-family:verdana,geneva,sans-serif;\"><span style=\"margin: 0px; padding: 0px; border: 0px; font-style: inherit; font-variant: inherit; font-weight: inherit; font-stretch: inherit; line-height: inherit; vertical-align: baseline;\"><span style=\"margin: 0px; padding: 0px; border: 0px; font-style: inherit; font-variant: inherit; font-weight: inherit; font-stretch: inherit; line-height: inherit; vertical-align: baseline;\"><span style=\"margin: 0px; padding: 0px; border: 0px; font-style: inherit; font-variant: inherit; font-weight: inherit; font-stretch: inherit; line-height: inherit; vertical-align: baseline;\"><span style=\"margin: 0px; padding: 0px; border: 0px; font-style: inherit; font-variant: inherit; font-weight: inherit; font-stretch: inherit; line-height: inherit; vertical-align: baseline;\"><strong style=\"margin: 0px; padding: 0px; border: 0px; font-style: inherit; font-variant: inherit; font-stretch: inherit; font-size: inherit; line-height: inherit; font-family: inherit; vertical-align: baseline;\">Autor: Sergio Sarita Valdez<\/strong><\/span><\/span><\/span><\/span><\/span><\/span><\/p>\n<p style=\"margin-top: 10px; margin-bottom: 8px; padding: 0px; border: 0px; font-stretch: inherit; font-size: 13px; line-height: 1.5em; font-family: arial; vertical-align: baseline; color: rgb(70, 66, 66); text-align: justify; background-color: rgb(255, 255, 255);\"><span style=\"font-size:12px;\"><span style=\"font-family:verdana,geneva,sans-serif;\"><span style=\"margin: 0px; padding: 0px; border: 0px; font-style: inherit; font-variant: inherit; font-weight: inherit; font-stretch: inherit; line-height: inherit; vertical-align: baseline;\"><span style=\"margin: 0px; padding: 0px; border: 0px; font-style: inherit; font-variant: inherit; font-weight: inherit; font-stretch: inherit; line-height: inherit; vertical-align: baseline;\">Fecha: 31\/05\/2016<\/span><\/span><\/span><\/span><\/p>\n<p style=\"margin-top: 10px; margin-bottom: 8px; padding: 0px; border: 0px; font-stretch: inherit; font-size: 13px; line-height: 1.5em; font-family: arial; vertical-align: baseline; color: rgb(70, 66, 66); text-align: justify; background-color: rgb(255, 255, 255);\"><span style=\"font-size:12px;\"><span style=\"font-family:verdana,geneva,sans-serif;\"><span style=\"margin: 0px; padding: 0px; border: 0px; font-style: inherit; font-variant: inherit; font-weight: inherit; font-stretch: inherit; line-height: inherit; vertical-align: baseline;\"><span style=\"margin: 0px; padding: 0px; border: 0px; font-style: inherit; font-variant: inherit; font-weight: inherit; font-stretch: inherit; line-height: inherit; vertical-align: baseline;\"><span style=\"margin: 0px; padding: 0px; border: 0px; font-style: inherit; font-variant: inherit; font-weight: inherit; font-stretch: inherit; line-height: inherit; vertical-align: baseline;\"><span style=\"margin: 0px; padding: 0px; border: 0px; font-style: inherit; font-variant: inherit; font-weight: inherit; font-stretch: inherit; line-height: inherit; vertical-align: baseline;\"><span style=\"margin: 0px; padding: 0px; border: 0px; font-style: inherit; font-variant: inherit; font-weight: inherit; font-stretch: inherit; line-height: inherit; vertical-align: baseline;\"><span style=\"margin: 0px; padding: 0px; border: 0px; font-style: inherit; font-variant: inherit; font-weight: inherit; font-stretch: inherit; line-height: inherit; vertical-align: baseline;\">Extra\u00eddo de&nbsp;<a href=\"http:\/\/eldia.com.do\/gobierno-requiere-us1500-millones-mas-en-prestamos\/\" style=\"margin: 0px; padding: 0px; border: 0px; font-style: inherit; font-variant: inherit; font-weight: inherit; font-stretch: inherit; font-size: inherit; line-height: inherit; font-family: inherit; vertical-align: baseline; color: rgb(6, 89, 145);\">h<\/a><a href=\"http:\/\/hoy.com.do\/por-que-fracasan-los-paises\/\">oy.com.do<\/a><\/span><\/span><\/span><\/span><\/span><\/span><\/span><\/span><\/p>\n<p style=\"margin-top: 10px; margin-bottom: 8px; padding: 0px; border: 0px; font-stretch: inherit; font-size: 13px; line-height: 1.5em; font-family: arial; vertical-align: baseline; color: rgb(70, 66, 66); text-align: justify; background-color: rgb(255, 255, 255);\">&nbsp;<\/p>\n<p style=\"margin-top: 10px; margin-bottom: 8px; padding: 0px; border: 0px; font-stretch: inherit; font-size: 13px; line-height: 1.5em; font-family: arial; vertical-align: baseline; color: rgb(70, 66, 66); text-align: justify; background-color: rgb(255, 255, 255);\"><span style=\"font-size:12px;\"><span style=\"font-family:verdana,geneva,sans-serif;\"><span style=\"color: rgb(20, 20, 20); line-height: 22px;\">Daron Acemoglu y James A. Robinson, ambos catedr\u00e1ticos de universidades norteamericanas, emprendieron una ambiciosa tarea de investigaci\u00f3n hist\u00f3rica mundial sobre la g\u00e9nesis de los pa\u00edses ricos versus pa\u00edses pobres, mir\u00e1ndola desde una perspectiva econ\u00f3mica y pol\u00edtica.<\/span><\/span><\/span><\/p>\n<p style=\"text-align: justify;\"><span style=\"font-size:12px;\"><span style=\"font-family:verdana,geneva,sans-serif;\"><span style=\"color: rgb(20, 20, 20); line-height: 22px; background-color: rgb(255, 255, 255);\">Acemoglu es un economista norteamericano de origen turco, en tanto que James A. Robinson es nativo brit\u00e1nico, cient\u00edfico, pol\u00edtico y economista. Trataban ellos de rastrear los or\u00edgenes del poder, la prosperidad y la pobreza. Consiguieron los autores acoplar los esfuerzos de manera simbi\u00f3tica para producir un interesante, y quiz\u00e1s hasta controversial libro, que lleva el t\u00edtulo del presente art\u00edculo. Entre los que elogian la obra aparece el premio Nobel de Econom\u00eda del 2010, Peter Diamond, quien rese\u00f1a: &ldquo;En este libro, repleto de ejemplos hist\u00f3ricos reveladores, se defiende que unas instituciones pol\u00edticas con voluntad integradora que apoyan a instituciones econ\u00f3micas con car\u00e1cter inclusivo resultan clave para una prosperidad sostenida.<\/span><br style=\"color: rgb(20, 20, 20); font-family: Arial, Helvetica, sans-serif; line-height: 22px; background-color: rgb(255, 255, 255);\" \/><span style=\"color: rgb(20, 20, 20); line-height: 22px; background-color: rgb(255, 255, 255);\">Los autores demuestran c\u00f3mo el impulso de ciertos reg\u00edmenes nuevos da lugar a una espiral virtuosa, del mismo modo que los reg\u00edmenes nefastos caen en una espiral viciosa. En pocas palabras: es un an\u00e1lisis tan importante como imprescindible&rdquo;. Francis Fukuyama expresa: &lt;&lt;Acemoglu y Robinson, dos de los m\u00e1ximos expertos mundiales en desarrollo, revelan que ni la situaci\u00f3n geogr\u00e1fica, ni las enfermedades, ni la cultura explican por qu\u00e9 algunos pa\u00edses son ricos y otros pobres. La riqueza o la pobreza depende de las instituciones y la pol\u00edtica. Esta obra aporta una visi\u00f3n esclarecedora tanto para los especialistas como para el p\u00fablico en general&gt;&gt;.<\/span><br style=\"color: rgb(20, 20, 20); font-family: Arial, Helvetica, sans-serif; line-height: 22px; background-color: rgb(255, 255, 255);\" \/><span style=\"color: rgb(20, 20, 20); line-height: 22px; background-color: rgb(255, 255, 255);\">Entienden los autores que las causas por las cuales existen pa\u00edses ricos simult\u00e1neamente rodeados por una inmensidad de naciones pobres no es de orden geogr\u00e1fico, clim\u00e1tico, cultural, ni religioso como algunos piensan. A trav\u00e9s de m\u00faltiples datos comparativos, almacenados y relatados de modo cronol\u00f3gico estos intr\u00e9pidos analistas sociales descubren dos rasgos comunes denominadores en los pueblos que han alcanzado salir del subdesarrollo. Uno de estos es el nacimiento de una sociedad de econom\u00eda inclusiva, es decir, que facilite y garantice la igualdad de condiciones para la inversi\u00f3n de capital y tecnolog\u00eda, sin la amenaza de expropiaci\u00f3n por parte de los gobiernos.<\/span><br style=\"color: rgb(20, 20, 20); font-family: Arial, Helvetica, sans-serif; line-height: 22px; background-color: rgb(255, 255, 255);\" \/><span style=\"color: rgb(20, 20, 20); line-height: 22px; background-color: rgb(255, 255, 255);\">Argumentan la necesidad de un Estado centralizador que impida el monopolio, con reglas claras sin privilegios para unos en desmedro de otros.<\/span><br style=\"color: rgb(20, 20, 20); font-family: Arial, Helvetica, sans-serif; line-height: 22px; background-color: rgb(255, 255, 255);\" \/><span style=\"color: rgb(20, 20, 20); line-height: 22px; background-color: rgb(255, 255, 255);\">A pesar de lo extensa de la obra, la misma es de lectura f\u00e1cil para el lector ordinario; es amena y entretenida pues a trav\u00e9s de un relato de historia nos muestra la indisoluble relaci\u00f3n de dependencia existente entre la pol\u00edtica y la econom\u00eda. Una mala pol\u00edtica puede conducir a la hecatombe econ\u00f3mica de una naci\u00f3n; igualmente un descalabro financiero puede llegar a derribar al m\u00e1s poderoso de los gobiernos.<\/span><br style=\"color: rgb(20, 20, 20); font-family: Arial, Helvetica, sans-serif; line-height: 22px; background-color: rgb(255, 255, 255);\" \/><span style=\"color: rgb(20, 20, 20); line-height: 22px; background-color: rgb(255, 255, 255);\">Al voltear hacia la izquierda la \u00faltima p\u00e1gina del voluminoso, pero edificante escrito, he llegado a la siguiente conclusi\u00f3n: un gobierno democr\u00e1tico, progresista y honesto, debe empe\u00f1arse en que los impuestos que recauda sean manejados con pulcritud. Deber\u00e1 priorizar la inversi\u00f3n en salud, educaci\u00f3n, transporte p\u00fablico masivo, la salvaguarda de la libertad, y la plena garant\u00eda de la seguridad ciudadana. Un gobierno con esas caracter\u00edsticas estar\u00e1 trillando la ruta verdadera hacia el desarrollo y bienestar colectivo.<\/span><\/span><\/span><\/p>\n<div class=\"pvc_clear\"><\/div>\n<p class=\"pvc_stats all \" data-element-id=\"20498\" style=\"\"><i class=\"pvc-stats-icon medium\" aria-hidden=\"true\"><svg aria-hidden=\"true\" focusable=\"false\" data-prefix=\"far\" data-icon=\"chart-bar\" role=\"img\" xmlns=\"http:\/\/www.w3.org\/2000\/svg\" viewBox=\"0 0 512 512\" class=\"svg-inline--fa fa-chart-bar fa-w-16 fa-2x\"><path fill=\"currentColor\" d=\"M396.8 352h22.4c6.4 0 12.8-6.4 12.8-12.8V108.8c0-6.4-6.4-12.8-12.8-12.8h-22.4c-6.4 0-12.8 6.4-12.8 12.8v230.4c0 6.4 6.4 12.8 12.8 12.8zm-192 0h22.4c6.4 0 12.8-6.4 12.8-12.8V140.8c0-6.4-6.4-12.8-12.8-12.8h-22.4c-6.4 0-12.8 6.4-12.8 12.8v198.4c0 6.4 6.4 12.8 12.8 12.8zm96 0h22.4c6.4 0 12.8-6.4 12.8-12.8V204.8c0-6.4-6.4-12.8-12.8-12.8h-22.4c-6.4 0-12.8 6.4-12.8 12.8v134.4c0 6.4 6.4 12.8 12.8 12.8zM496 400H48V80c0-8.84-7.16-16-16-16H16C7.16 64 0 71.16 0 80v336c0 17.67 14.33 32 32 32h464c8.84 0 16-7.16 16-16v-16c0-8.84-7.16-16-16-16zm-387.2-48h22.4c6.4 0 12.8-6.4 12.8-12.8v-70.4c0-6.4-6.4-12.8-12.8-12.8h-22.4c-6.4 0-12.8 6.4-12.8 12.8v70.4c0 6.4 6.4 12.8 12.8 12.8z\" class=\"\"><\/path><\/svg><\/i> Vistas Totales&nbsp;334&nbsp;, Vistas Hoy&nbsp;1&nbsp;<\/p>\n<div class=\"pvc_clear\"><\/div>\n","protected":false},"excerpt":{"rendered":"<p>Autor: Sergio Sarita ValdezFecha: 31\/05\/2016Extra\u00eddo de hoy.com.doDaron Acemoglu y James A. Robinson, ambos catedr\u00e1ticos de universidades norteamericanas, emprendieron una ambiciosa tarea de investigaci\u00f3n hist\u00f3rica mundial sobre la g\u00e9nesis de los pa\u00edses ricos versus pa\u00edses pobres, mir\u00e1ndola desde una perspectiva econ\u00f3mica y pol\u00edtica.<\/p>\n<div class=\"pvc_clear\"><\/div>\n<p class=\"pvc_stats all \" data-element-id=\"20498\" style=\"\"><i class=\"pvc-stats-icon medium\" aria-hidden=\"true\"><svg aria-hidden=\"true\" focusable=\"false\" data-prefix=\"far\" data-icon=\"chart-bar\" role=\"img\" xmlns=\"http:\/\/www.w3.org\/2000\/svg\" viewBox=\"0 0 512 512\" class=\"svg-inline--fa fa-chart-bar fa-w-16 fa-2x\"><path fill=\"currentColor\" d=\"M396.8 352h22.4c6.4 0 12.8-6.4 12.8-12.8V108.8c0-6.4-6.4-12.8-12.8-12.8h-22.4c-6.4 0-12.8 6.4-12.8 12.8v230.4c0 6.4 6.4 12.8 12.8 12.8zm-192 0h22.4c6.4 0 12.8-6.4 12.8-12.8V140.8c0-6.4-6.4-12.8-12.8-12.8h-22.4c-6.4 0-12.8 6.4-12.8 12.8v198.4c0 6.4 6.4 12.8 12.8 12.8zm96 0h22.4c6.4 0 12.8-6.4 12.8-12.8V204.8c0-6.4-6.4-12.8-12.8-12.8h-22.4c-6.4 0-12.8 6.4-12.8 12.8v134.4c0 6.4 6.4 12.8 12.8 12.8zM496 400H48V80c0-8.84-7.16-16-16-16H16C7.16 64 0 71.16 0 80v336c0 17.67 14.33 32 32 32h464c8.84 0 16-7.16 16-16v-16c0-8.84-7.16-16-16-16zm-387.2-48h22.4c6.4 0 12.8-6.4 12.8-12.8v-70.4c0-6.4-6.4-12.8-12.8-12.8h-22.4c-6.4 0-12.8 6.4-12.8 12.8v70.4c0 6.4 6.4 12.8 12.8 12.8z\" class=\"\"><\/path><\/svg><\/i> Vistas Totales&nbsp;334&nbsp;, Vistas Hoy&nbsp;1&nbsp;<\/p>\n<div class=\"pvc_clear\"><\/div>\n","protected":false},"author":2,"featured_media":0,"comment_status":"open","ping_status":"open","sticky":false,"template":"","format":"standard","meta":{"footnotes":""},"categories":[21],"tags":[],"class_list":["post-20498","post","type-post","status-publish","format-standard","hentry","category-blog"],"yoast_head":"<!-- This site is optimized with the Yoast SEO plugin v25.2 - https:\/\/yoast.com\/wordpress\/plugins\/seo\/ -->\n<title>\u00bfPor qu\u00e9 fracasan los pa\u00edses? | CREES<\/title>\n<meta name=\"robots\" content=\"index, follow, max-snippet:-1, max-image-preview:large, max-video-preview:-1\" \/>\n<link rel=\"canonical\" href=\"https:\/\/crees.org.do\/?p=20498\" \/>\n<meta property=\"og:locale\" content=\"es_ES\" \/>\n<meta property=\"og:type\" content=\"article\" \/>\n<meta property=\"og:title\" content=\"\u00bfPor qu\u00e9 fracasan los pa\u00edses? | CREES\" \/>\n<meta property=\"og:description\" content=\"Autor: Sergio Sarita ValdezFecha: 31\/05\/2016Extra\u00eddo de hoy.com.doDaron Acemoglu y James A. Robinson, ambos catedr\u00e1ticos de universidades norteamericanas, emprendieron una ambiciosa tarea de investigaci\u00f3n hist\u00f3rica mundial sobre la g\u00e9nesis de los pa\u00edses ricos versus pa\u00edses pobres, mir\u00e1ndola desde una perspectiva econ\u00f3mica y pol\u00edtica.\" \/>\n<meta property=\"og:url\" content=\"https:\/\/crees.org.do\/?p=20498\" \/>\n<meta property=\"og:site_name\" content=\"CREES\" \/>\n<meta property=\"article:publisher\" content=\"https:\/\/www.facebook.com\/CREESRD\/\" \/>\n<meta property=\"article:published_time\" content=\"2016-01-01T00:00:00+00:00\" \/>\n<meta property=\"og:image\" content=\"https:\/\/crees.org.do\/wp-content\/uploads\/2022\/03\/crees-logo-1.jpg\" \/>\n\t<meta property=\"og:image:width\" content=\"244\" \/>\n\t<meta property=\"og:image:height\" content=\"71\" \/>\n\t<meta property=\"og:image:type\" content=\"image\/jpeg\" \/>\n<meta name=\"author\" content=\"Crees\" \/>\n<meta name=\"twitter:card\" content=\"summary_large_image\" \/>\n<meta name=\"twitter:creator\" content=\"@CREESRD\" \/>\n<meta name=\"twitter:site\" content=\"@CREESRD\" \/>\n<meta name=\"twitter:label1\" content=\"Escrito por\" \/>\n\t<meta name=\"twitter:data1\" content=\"Crees\" \/>\n\t<meta name=\"twitter:label2\" content=\"Tiempo de lectura\" \/>\n\t<meta name=\"twitter:data2\" content=\"3 minutos\" \/>\n<script type=\"application\/ld+json\" class=\"yoast-schema-graph\">{\"@context\":\"https:\/\/schema.org\",\"@graph\":[{\"@type\":\"Article\",\"@id\":\"https:\/\/crees.org.do\/?p=20498#article\",\"isPartOf\":{\"@id\":\"https:\/\/crees.org.do\/?p=20498\"},\"author\":{\"name\":\"Crees\",\"@id\":\"https:\/\/crees.org.do\/#\/schema\/person\/e7f97cd94d7bf9cd0e0ce30acb7d56b8\"},\"headline\":\"\u00bfPor qu\u00e9 fracasan los pa\u00edses?\",\"datePublished\":\"2016-01-01T00:00:00+00:00\",\"mainEntityOfPage\":{\"@id\":\"https:\/\/crees.org.do\/?p=20498\"},\"wordCount\":604,\"commentCount\":0,\"publisher\":{\"@id\":\"https:\/\/crees.org.do\/#organization\"},\"articleSection\":[\"Blog\"],\"inLanguage\":\"es\"},{\"@type\":\"WebPage\",\"@id\":\"https:\/\/crees.org.do\/?p=20498\",\"url\":\"https:\/\/crees.org.do\/?p=20498\",\"name\":\"\u00bfPor qu\u00e9 fracasan los pa\u00edses? | CREES\",\"isPartOf\":{\"@id\":\"https:\/\/crees.org.do\/#website\"},\"datePublished\":\"2016-01-01T00:00:00+00:00\",\"breadcrumb\":{\"@id\":\"https:\/\/crees.org.do\/?p=20498#breadcrumb\"},\"inLanguage\":\"es\",\"potentialAction\":[{\"@type\":\"ReadAction\",\"target\":[\"https:\/\/crees.org.do\/?p=20498\"]}]},{\"@type\":\"BreadcrumbList\",\"@id\":\"https:\/\/crees.org.do\/?p=20498#breadcrumb\",\"itemListElement\":[{\"@type\":\"ListItem\",\"position\":1,\"name\":\"Portada\",\"item\":\"https:\/\/crees.org.do\/\"},{\"@type\":\"ListItem\",\"position\":2,\"name\":\"\u00bfPor qu\u00e9 fracasan los pa\u00edses?\"}]},{\"@type\":\"WebSite\",\"@id\":\"https:\/\/crees.org.do\/#website\",\"url\":\"https:\/\/crees.org.do\/\",\"name\":\"CREES\",\"description\":\"Centro Regional de Estrategias Econ\u00f3micas Sostenibles\",\"publisher\":{\"@id\":\"https:\/\/crees.org.do\/#organization\"},\"potentialAction\":[{\"@type\":\"SearchAction\",\"target\":{\"@type\":\"EntryPoint\",\"urlTemplate\":\"https:\/\/crees.org.do\/?s={search_term_string}\"},\"query-input\":{\"@type\":\"PropertyValueSpecification\",\"valueRequired\":true,\"valueName\":\"search_term_string\"}}],\"inLanguage\":\"es\"},{\"@type\":\"Organization\",\"@id\":\"https:\/\/crees.org.do\/#organization\",\"name\":\"CREES | Centro Regional de Estrategias Econ\u00f3micas Sostenibles\",\"url\":\"https:\/\/crees.org.do\/\",\"logo\":{\"@type\":\"ImageObject\",\"inLanguage\":\"es\",\"@id\":\"https:\/\/crees.org.do\/#\/schema\/logo\/image\/\",\"url\":\"https:\/\/crees.org.do\/wp-content\/uploads\/2022\/03\/crees-logo-1.jpg\",\"contentUrl\":\"https:\/\/crees.org.do\/wp-content\/uploads\/2022\/03\/crees-logo-1.jpg\",\"width\":244,\"height\":71,\"caption\":\"CREES | Centro Regional de Estrategias Econ\u00f3micas Sostenibles\"},\"image\":{\"@id\":\"https:\/\/crees.org.do\/#\/schema\/logo\/image\/\"},\"sameAs\":[\"https:\/\/www.facebook.com\/CREESRD\/\",\"https:\/\/x.com\/CREESRD\"]},{\"@type\":\"Person\",\"@id\":\"https:\/\/crees.org.do\/#\/schema\/person\/e7f97cd94d7bf9cd0e0ce30acb7d56b8\",\"name\":\"Crees\",\"image\":{\"@type\":\"ImageObject\",\"inLanguage\":\"es\",\"@id\":\"https:\/\/crees.org.do\/#\/schema\/person\/image\/\",\"url\":\"https:\/\/secure.gravatar.com\/avatar\/390ac8f0be5d9aa046152553e2dd7011b59a512d89c150f5e5f28bb8d9a0b165?s=96&d=mm&r=g\",\"contentUrl\":\"https:\/\/secure.gravatar.com\/avatar\/390ac8f0be5d9aa046152553e2dd7011b59a512d89c150f5e5f28bb8d9a0b165?s=96&d=mm&r=g\",\"caption\":\"Crees\"},\"url\":\"https:\/\/crees.org.do\/?author=2\"}]}<\/script>\n<!-- \/ Yoast SEO plugin. -->","yoast_head_json":{"title":"\u00bfPor qu\u00e9 fracasan los pa\u00edses? | CREES","robots":{"index":"index","follow":"follow","max-snippet":"max-snippet:-1","max-image-preview":"max-image-preview:large","max-video-preview":"max-video-preview:-1"},"canonical":"https:\/\/crees.org.do\/?p=20498","og_locale":"es_ES","og_type":"article","og_title":"\u00bfPor qu\u00e9 fracasan los pa\u00edses? | CREES","og_description":"Autor: Sergio Sarita ValdezFecha: 31\/05\/2016Extra\u00eddo de hoy.com.doDaron Acemoglu y James A. Robinson, ambos catedr\u00e1ticos de universidades norteamericanas, emprendieron una ambiciosa tarea de investigaci\u00f3n hist\u00f3rica mundial sobre la g\u00e9nesis de los pa\u00edses ricos versus pa\u00edses pobres, mir\u00e1ndola desde una perspectiva econ\u00f3mica y pol\u00edtica.","og_url":"https:\/\/crees.org.do\/?p=20498","og_site_name":"CREES","article_publisher":"https:\/\/www.facebook.com\/CREESRD\/","article_published_time":"2016-01-01T00:00:00+00:00","og_image":[{"width":244,"height":71,"url":"https:\/\/crees.org.do\/wp-content\/uploads\/2022\/03\/crees-logo-1.jpg","type":"image\/jpeg"}],"author":"Crees","twitter_card":"summary_large_image","twitter_creator":"@CREESRD","twitter_site":"@CREESRD","twitter_misc":{"Escrito por":"Crees","Tiempo de lectura":"3 minutos"},"schema":{"@context":"https:\/\/schema.org","@graph":[{"@type":"Article","@id":"https:\/\/crees.org.do\/?p=20498#article","isPartOf":{"@id":"https:\/\/crees.org.do\/?p=20498"},"author":{"name":"Crees","@id":"https:\/\/crees.org.do\/#\/schema\/person\/e7f97cd94d7bf9cd0e0ce30acb7d56b8"},"headline":"\u00bfPor qu\u00e9 fracasan los pa\u00edses?","datePublished":"2016-01-01T00:00:00+00:00","mainEntityOfPage":{"@id":"https:\/\/crees.org.do\/?p=20498"},"wordCount":604,"commentCount":0,"publisher":{"@id":"https:\/\/crees.org.do\/#organization"},"articleSection":["Blog"],"inLanguage":"es"},{"@type":"WebPage","@id":"https:\/\/crees.org.do\/?p=20498","url":"https:\/\/crees.org.do\/?p=20498","name":"\u00bfPor qu\u00e9 fracasan los pa\u00edses? | CREES","isPartOf":{"@id":"https:\/\/crees.org.do\/#website"},"datePublished":"2016-01-01T00:00:00+00:00","breadcrumb":{"@id":"https:\/\/crees.org.do\/?p=20498#breadcrumb"},"inLanguage":"es","potentialAction":[{"@type":"ReadAction","target":["https:\/\/crees.org.do\/?p=20498"]}]},{"@type":"BreadcrumbList","@id":"https:\/\/crees.org.do\/?p=20498#breadcrumb","itemListElement":[{"@type":"ListItem","position":1,"name":"Portada","item":"https:\/\/crees.org.do\/"},{"@type":"ListItem","position":2,"name":"\u00bfPor qu\u00e9 fracasan los pa\u00edses?"}]},{"@type":"WebSite","@id":"https:\/\/crees.org.do\/#website","url":"https:\/\/crees.org.do\/","name":"CREES","description":"Centro Regional de Estrategias Econ\u00f3micas Sostenibles","publisher":{"@id":"https:\/\/crees.org.do\/#organization"},"potentialAction":[{"@type":"SearchAction","target":{"@type":"EntryPoint","urlTemplate":"https:\/\/crees.org.do\/?s={search_term_string}"},"query-input":{"@type":"PropertyValueSpecification","valueRequired":true,"valueName":"search_term_string"}}],"inLanguage":"es"},{"@type":"Organization","@id":"https:\/\/crees.org.do\/#organization","name":"CREES | Centro Regional de Estrategias Econ\u00f3micas Sostenibles","url":"https:\/\/crees.org.do\/","logo":{"@type":"ImageObject","inLanguage":"es","@id":"https:\/\/crees.org.do\/#\/schema\/logo\/image\/","url":"https:\/\/crees.org.do\/wp-content\/uploads\/2022\/03\/crees-logo-1.jpg","contentUrl":"https:\/\/crees.org.do\/wp-content\/uploads\/2022\/03\/crees-logo-1.jpg","width":244,"height":71,"caption":"CREES | Centro Regional de Estrategias Econ\u00f3micas Sostenibles"},"image":{"@id":"https:\/\/crees.org.do\/#\/schema\/logo\/image\/"},"sameAs":["https:\/\/www.facebook.com\/CREESRD\/","https:\/\/x.com\/CREESRD"]},{"@type":"Person","@id":"https:\/\/crees.org.do\/#\/schema\/person\/e7f97cd94d7bf9cd0e0ce30acb7d56b8","name":"Crees","image":{"@type":"ImageObject","inLanguage":"es","@id":"https:\/\/crees.org.do\/#\/schema\/person\/image\/","url":"https:\/\/secure.gravatar.com\/avatar\/390ac8f0be5d9aa046152553e2dd7011b59a512d89c150f5e5f28bb8d9a0b165?s=96&d=mm&r=g","contentUrl":"https:\/\/secure.gravatar.com\/avatar\/390ac8f0be5d9aa046152553e2dd7011b59a512d89c150f5e5f28bb8d9a0b165?s=96&d=mm&r=g","caption":"Crees"},"url":"https:\/\/crees.org.do\/?author=2"}]}},"_links":{"self":[{"href":"https:\/\/crees.org.do\/index.php?rest_route=\/wp\/v2\/posts\/20498","targetHints":{"allow":["GET"]}}],"collection":[{"href":"https:\/\/crees.org.do\/index.php?rest_route=\/wp\/v2\/posts"}],"about":[{"href":"https:\/\/crees.org.do\/index.php?rest_route=\/wp\/v2\/types\/post"}],"author":[{"embeddable":true,"href":"https:\/\/crees.org.do\/index.php?rest_route=\/wp\/v2\/users\/2"}],"replies":[{"embeddable":true,"href":"https:\/\/crees.org.do\/index.php?rest_route=%2Fwp%2Fv2%2Fcomments&post=20498"}],"version-history":[{"count":0,"href":"https:\/\/crees.org.do\/index.php?rest_route=\/wp\/v2\/posts\/20498\/revisions"}],"wp:attachment":[{"href":"https:\/\/crees.org.do\/index.php?rest_route=%2Fwp%2Fv2%2Fmedia&parent=20498"}],"wp:term":[{"taxonomy":"category","embeddable":true,"href":"https:\/\/crees.org.do\/index.php?rest_route=%2Fwp%2Fv2%2Fcategories&post=20498"},{"taxonomy":"post_tag","embeddable":true,"href":"https:\/\/crees.org.do\/index.php?rest_route=%2Fwp%2Fv2%2Ftags&post=20498"}],"curies":[{"name":"wp","href":"https:\/\/api.w.org\/{rel}","templated":true}]}}