{"id":20568,"date":"2016-01-01T00:00:00","date_gmt":"2016-01-01T00:00:00","guid":{"rendered":"https:\/\/crees.org.do\/un-recorte-de-produccion-de-la-opep-no-aliviaria-el-desequilibrio-del-crudo\/"},"modified":"2016-01-01T00:00:00","modified_gmt":"2016-01-01T00:00:00","slug":"un-recorte-de-produccion-de-la-opep-no-aliviaria-el-desequilibrio-del-crudo","status":"publish","type":"post","link":"https:\/\/crees.org.do\/?p=20568","title":{"rendered":"Un recorte de producci\u00f3n de la OPEP no aliviar\u00eda el desequilibrio del crudo"},"content":{"rendered":"<p style=\"text-align: justify;\"><span style=\"font-size:12px;\"><span style=\"font-family:verdana,geneva,sans-serif;\"><strong>Autor: Nicole Friedman<\/strong><\/span><\/span><\/p>\n<p style=\"text-align: justify;\"><span style=\"font-size:12px;\"><span style=\"font-family:verdana,geneva,sans-serif;\">Fecha: 4 de octubre, 2016<\/span><\/span><\/p>\n<p style=\"text-align: justify;\"><span style=\"font-size:12px;\"><span style=\"font-family:verdana,geneva,sans-serif;\">Extra\u00eddo de <a href=\"http:\/\/lat.wsj.com\/articles\/SB12668809145566034146904582350621096834022\">lat.wsj.com<\/a><\/span><\/span><\/p>\n<p style=\"margin-bottom: 18px; padding: 0px; border: 0px; outline: 0px; font-size: 16px; vertical-align: baseline; font-family: 'Chronicle SSm', serif; line-height: 28px; word-wrap: break-word; color: rgb(51, 51, 51); text-align: justify; background: 0px 0px rgb(255, 255, 255);\"><span style=\"font-size:12px;\"><span style=\"font-family:verdana,geneva,sans-serif;\">La decisi\u00f3n de la Organizaci\u00f3n de Pa\u00edses Exportadores de Petr\u00f3leo (OPEP) de recortar la producci\u00f3n podr\u00eda haber llegado tarde.<\/span><\/span><\/p>\n<p style=\"margin-bottom: 18px; padding: 0px; border: 0px; outline: 0px; font-size: 16px; vertical-align: baseline; font-family: 'Chronicle SSm', serif; line-height: 28px; word-wrap: break-word; color: rgb(51, 51, 51); text-align: justify; background: 0px 0px rgb(255, 255, 255);\"><span style=\"font-size:12px;\"><span style=\"font-family:verdana,geneva,sans-serif;\">Despu\u00e9s de producir a plena capacidad durante los \u00faltimos dos a\u00f1os, el organismo considera un plan para reducir la producci\u00f3n en hasta 700.000 barriles diarios este a\u00f1o. No obstante, numerosos analistas se\u00f1alan que los recortes propuestos no son lo suficientemente grandes, ni se ejecutar\u00e1n lo suficientemente r\u00e1pido, como para abordar el exceso de suministro mundial que ha deprimido los precios.<\/span><\/span><\/p>\n<p style=\"margin-bottom: 18px; padding: 0px; border: 0px; outline: 0px; font-size: 16px; vertical-align: baseline; font-family: 'Chronicle SSm', serif; line-height: 28px; word-wrap: break-word; color: rgb(51, 51, 51); text-align: justify; background: 0px 0px rgb(255, 255, 255);\"><span style=\"font-size:12px;\"><span style=\"font-family:verdana,geneva,sans-serif;\">Muchos analistas pronosticaron antes de comenzar el a\u00f1o que la oferta y la demanda de crudo alcanzar\u00eda un equilibrio para fin de 2016. Ahora, incluso tomando en cuenta el consenso que alcanz\u00f3 la OPEP la semana pasada, la mayor\u00eda estima que el equilibrio se lograr\u00e1 reci\u00e9n a mediados del pr\u00f3ximo a\u00f1o, o incluso m\u00e1s tarde. Los inventarios globales de petr\u00f3leo rondan sus m\u00e1ximos y a la organizaci\u00f3n le ha salido competencia de los productores de esquisto de Estados Unidos que pueden elevar r\u00e1pidamente su producci\u00f3n cuando suben los precios.<\/span><\/span><\/p>\n<div class=\"wsj-body-ad-placement\" id=\"realtor\" style=\"margin: 0px; padding: 0px; border: 0px; outline: 0px; font-size: 10px; vertical-align: baseline; color: rgb(51, 51, 51); font-family: Arial, Helvetica, sans-serif; line-height: normal; text-align: justify; background: 0px 0px rgb(255, 255, 255);\">&nbsp;<\/div>\n<p style=\"margin-bottom: 18px; padding: 0px; border: 0px; outline: 0px; font-size: 16px; vertical-align: baseline; font-family: 'Chronicle SSm', serif; line-height: 28px; word-wrap: break-word; color: rgb(51, 51, 51); text-align: justify; background: 0px 0px rgb(255, 255, 255);\"><span style=\"font-size:12px;\"><span style=\"font-family:verdana,geneva,sans-serif;\">&ldquo;Las empresas de perforaci\u00f3n estadounidenses, que son \u00e1giles y veloces, le han quitado parte del poder a la OPEP&rdquo;, dice&nbsp;Daniel Yergin,&nbsp;vicepresidente de&nbsp;<a class=\"company-name\" href=\"http:\/\/quotes.wsj.com\/INFO\" style=\"margin: 0px; padding: 0px; vertical-align: baseline; color: rgb(0, 128, 195); outline: 0px; background: 0px 0px;\">IHS Markit<\/a>&nbsp;y un experimentado observador del mercado. &ldquo;Ahora, hay mucho m\u00e1s petr\u00f3leo que no es de la OPEP&rdquo;.<\/span><\/span><\/p>\n<p style=\"margin-bottom: 18px; padding: 0px; border: 0px; outline: 0px; font-size: 16px; vertical-align: baseline; font-family: 'Chronicle SSm', serif; line-height: 28px; word-wrap: break-word; color: rgb(51, 51, 51); text-align: justify; background: 0px 0px rgb(255, 255, 255);\"><span style=\"font-size:12px;\"><span style=\"font-family:verdana,geneva,sans-serif;\">El cartel acord\u00f3 en Argelia reducir la producci\u00f3n a entre 32,5 millones y 33 millones de barriles diarios, frente a los 33,2 millones de barriles por d\u00eda producidos en agosto. La organizaci\u00f3n ultimar\u00e1 los detalles en una reuni\u00f3n prevista para noviembre.<\/span><\/span><\/p>\n<p style=\"margin-bottom: 18px; padding: 0px; border: 0px; outline: 0px; font-size: 16px; vertical-align: baseline; font-family: 'Chronicle SSm', serif; line-height: 28px; word-wrap: break-word; color: rgb(51, 51, 51); text-align: justify; background: 0px 0px rgb(255, 255, 255);\"><span style=\"font-size:12px;\"><span style=\"font-family:verdana,geneva,sans-serif;\">La noticia tom\u00f3 por sorpresa al mercado. El precio de referencia del petr\u00f3leo en EE.UU. subi\u00f3 8% en las \u00faltimas tres jornadas de la semana pasada para cerrar en US$48,24. Este a\u00f1o, los precios han aumentado 30% despu\u00e9s de caer por debajo de US$30 el barril a inicios de a\u00f1o, su menor nivel en los \u00faltimos 13 a\u00f1os.<\/span><\/span><\/p>\n<p style=\"margin-bottom: 18px; padding: 0px; border: 0px; outline: 0px; font-size: 16px; vertical-align: baseline; font-family: 'Chronicle SSm', serif; line-height: 28px; word-wrap: break-word; color: rgb(51, 51, 51); text-align: justify; background: 0px 0px rgb(255, 255, 255);\"><span style=\"font-size:12px;\"><span style=\"font-family:verdana,geneva,sans-serif;\">Todav\u00eda no hay claridad sobre qu\u00e9 pa\u00edses disminuir\u00e1n su producci\u00f3n y cu\u00e1les cifras se usar\u00e1n como referentes. No hay que perder de vista que los integrantes del organismo tienen un historial de no cumplir con las cuotas de producci\u00f3n acordadas.<\/span><\/span><\/p>\n<p style=\"margin-bottom: 18px; padding: 0px; border: 0px; outline: 0px; font-size: 16px; vertical-align: baseline; font-family: 'Chronicle SSm', serif; line-height: 28px; word-wrap: break-word; color: rgb(51, 51, 51); text-align: center; background: 0px 0px rgb(255, 255, 255);\"><span style=\"font-size:12px;\"><span style=\"font-family:verdana,geneva,sans-serif;\">[[{&#8220;type&#8221;:&#8221;media&#8221;,&#8221;view_mode&#8221;:&#8221;media_original&#8221;,&#8221;fid&#8221;:&#8221;4726&#8243;,&#8221;attributes&#8221;:{&#8220;alt&#8221;:&#8221;&#8221;,&#8221;class&#8221;:&#8221;media-image&#8221;,&#8221;style&#8221;:&#8221;height: 363px; width: 657px;&#8221;}}]]<\/span><\/span><\/p>\n<p style=\"margin-bottom: 18px; padding: 0px; border: 0px; outline: 0px; font-size: 16px; vertical-align: baseline; font-family: 'Chronicle SSm', serif; line-height: 28px; word-wrap: break-word; color: rgb(51, 51, 51); text-align: justify; background: 0px 0px rgb(255, 255, 255);\">&nbsp;<\/p>\n<p style=\"margin-bottom: 18px; padding: 0px; border: 0px; outline: 0px; font-size: 16px; vertical-align: baseline; font-family: 'Chronicle SSm', serif; line-height: 28px; word-wrap: break-word; color: rgb(51, 51, 51); text-align: justify; background: 0px 0px rgb(255, 255, 255);\"><span style=\"font-size:12px;\"><span style=\"font-family:verdana,geneva,sans-serif;\">Aunque la OPEP ratifique y logre que sus miembros se ci\u00f1an al acuerdo, muchos expertos dicen que los recortes tendr\u00e1n un impacto limitado en la correcci\u00f3n del exceso global de suministro. La sobreproducci\u00f3n refleja, en parte, el cambio en los papeles que desempe\u00f1an los productores estadounidenses y la OPEP, en el que las empresas de esquisto han obtenido una mayor participaci\u00f3n de mercado y m\u00e1s influencia sobre los precios globales.<\/span><\/span><\/p>\n<p style=\"margin-bottom: 18px; padding: 0px; border: 0px; outline: 0px; font-size: 16px; vertical-align: baseline; font-family: 'Chronicle SSm', serif; line-height: 28px; word-wrap: break-word; color: rgb(51, 51, 51); text-align: justify; background: 0px 0px rgb(255, 255, 255);\"><span style=\"font-size:12px;\"><span style=\"font-family:verdana,geneva,sans-serif;\">&ldquo;La OPEP no controla la producci\u00f3n marginal y, por ende, no tiene un control duradero sobre los precios&rdquo;, afirm\u00f3 una reciente nota del banco alem\u00e1n&nbsp;<a href=\"http:\/\/quotes.wsj.com\/CRZBY\" style=\"margin: 0px; padding: 0px; vertical-align: baseline; color: rgb(0, 128, 195); outline: 0px; background: 0px 0px;\">Commerzbank<\/a><span class=\"company-name-type\" style=\"margin: 0px; padding: 0px; border: 0px; outline: 0px; vertical-align: baseline; background: 0px 0px;\">&nbsp;AG<\/span>.<\/span><\/span><\/p>\n<p style=\"margin-bottom: 18px; padding: 0px; border: 0px; outline: 0px; font-size: 16px; vertical-align: baseline; font-family: 'Chronicle SSm', serif; line-height: 28px; word-wrap: break-word; color: rgb(51, 51, 51); text-align: justify; background: 0px 0px rgb(255, 255, 255);\"><span style=\"font-size:12px;\"><span style=\"font-family:verdana,geneva,sans-serif;\">Los pa\u00edses que no integran la organizaci\u00f3n representan 58% de la producci\u00f3n mundial de petr\u00f3leo, que en el segundo trimestre ascendi\u00f3 a 95,9 millones de barriles diarios, por encima de una demanda estimada en 95,6 millones de barriles al d\u00eda, seg\u00fan la Agencia Internacional de la Energ\u00eda (AIE).<\/span><\/span><\/p>\n<p style=\"margin-bottom: 18px; padding: 0px; border: 0px; outline: 0px; font-size: 16px; vertical-align: baseline; font-family: 'Chronicle SSm', serif; line-height: 28px; word-wrap: break-word; color: rgb(51, 51, 51); text-align: justify; background: 0px 0px rgb(255, 255, 255);\"><span style=\"font-size:12px;\"><span style=\"font-family:verdana,geneva,sans-serif;\">Los recortes propuestos por la OPEP reducir\u00edan el exceso de suministro global solamente si no fueran compensados por alzas de la producci\u00f3n de los pa\u00edses que no son miembros de la organizaci\u00f3n. Incluso si los recortes logran equiparar la producci\u00f3n de crudo con el consumo, los inventarios en todo el mundo seguir\u00edan siendo altos.<\/span><\/span><\/p>\n<div class=\"wsj-body-ad-placement\" id=\"unruly\" style=\"margin: 0px; padding: 0px; border: 0px; outline: 0px; font-size: 10px; vertical-align: baseline; color: rgb(51, 51, 51); font-family: Arial, Helvetica, sans-serif; line-height: normal; text-align: justify; background: 0px 0px rgb(255, 255, 255);\">&nbsp;<\/div>\n<p style=\"margin-bottom: 18px; padding: 0px; border: 0px; outline: 0px; font-size: 16px; vertical-align: baseline; font-family: 'Chronicle SSm', serif; line-height: 28px; word-wrap: break-word; color: rgb(51, 51, 51); text-align: justify; background: 0px 0px rgb(255, 255, 255);\"><span style=\"font-size:12px;\"><span style=\"font-family:verdana,geneva,sans-serif;\">En julio, el per\u00edodo m\u00e1s reciente del cual hay datos disponibles, las existencias de petr\u00f3leo crudo y productos refinados en manos de los pa\u00edses que integran la Organizaci\u00f3n para la Cooperaci\u00f3n y el Desarrollo Econ\u00f3micos (OCDE) superaron los 3.100 millones de barriles, un alza de 15% frente a los niveles de hace dos a\u00f1os, seg\u00fan la AIE. Los inventarios de los pa\u00edses que no son miembros de la OCDE tambi\u00e9n se ubican cerca de m\u00e1ximos hist\u00f3ricos, seg\u00fan estimaciones de Bernstein Research.<\/span><\/span><\/p>\n<p style=\"margin-bottom: 18px; padding: 0px; border: 0px; outline: 0px; font-size: 16px; vertical-align: baseline; font-family: 'Chronicle SSm', serif; line-height: 28px; word-wrap: break-word; color: rgb(51, 51, 51); text-align: justify; background: 0px 0px rgb(255, 255, 255);\"><span style=\"font-size:12px;\"><span style=\"font-family:verdana,geneva,sans-serif;\">&ldquo;A fin de cuentas, se reduce a fundamentos muy muy b\u00e1sicos: &iquest;cu\u00e1nto petr\u00f3leo hay en el sistema?&rdquo;, dice&nbsp;Joe Tanious,&nbsp;estratega s\u00e9nior de inversi\u00f3n de Bessemer Trust. &ldquo;Uno quiere ver una reducci\u00f3n de esos inventarios&rdquo;.<\/span><\/span><\/p>\n<p style=\"margin-bottom: 18px; padding: 0px; border: 0px; outline: 0px; font-size: 16px; vertical-align: baseline; font-family: 'Chronicle SSm', serif; line-height: 28px; word-wrap: break-word; color: rgb(51, 51, 51); text-align: justify; background: 0px 0px rgb(255, 255, 255);\"><span style=\"font-size:12px;\"><span style=\"font-family:verdana,geneva,sans-serif;\">En general, la AIE prev\u00e9 que la producci\u00f3n de pa\u00edses que no pertenecen a la OPEP disminuya en m\u00e1s de 800.000 barriles al d\u00eda este a\u00f1o, pero aumente en casi 400.000 barriles al d\u00eda en 2017 debido a una mayor producci\u00f3n de Canad\u00e1, Rusia y Brasil. Algunos inversionistas se\u00f1alan que el consenso peca de ser demasiado pesimista y opinan que el exceso de suministro se aliviar\u00e1. Resaltan, por ejemplo, que las empresas han reducido sus gastos en producci\u00f3n de petr\u00f3leo y gas natural en cientos de miles de millones de d\u00f3lares desde 2014 y que 2017 puede ser el tercer a\u00f1o consecutivo de una ca\u00edda en el gasto en energ\u00eda, seg\u00fan la AIE.<\/span><\/span><\/p>\n<p style=\"margin-bottom: 18px; padding: 0px; border: 0px; outline: 0px; font-size: 16px; vertical-align: baseline; font-family: 'Chronicle SSm', serif; line-height: 28px; word-wrap: break-word; color: rgb(51, 51, 51); text-align: justify; background: 0px 0px rgb(255, 255, 255);\"><span style=\"font-size:12px;\"><span style=\"font-family:verdana,geneva,sans-serif;\">&ldquo;El esquisto puede parar y reanudar la producci\u00f3n r\u00e1pidamente, pero no es el caso del 96% restante del mercado petrolero&rdquo;, diceRobin Wehb\u00e9,&nbsp;director de portafolio de Boston Company Asset Management, una filial de&nbsp;<a href=\"http:\/\/quotes.wsj.com\/BK\" style=\"margin: 0px; padding: 0px; vertical-align: baseline; color: rgb(0, 128, 195); outline: 0px; background: 0px 0px;\">Bank of New York Mellon<\/a><span class=\"company-name-type\" style=\"margin: 0px; padding: 0px; border: 0px; outline: 0px; vertical-align: baseline; background: 0px 0px;\">&nbsp;Corp.<\/span>&nbsp;Wehb\u00e9 a\u00f1ade que una &ldquo;hambruna de capital sin precedentes para las empresas petroleras&rdquo; desacelerar\u00eda la producci\u00f3n y elevar\u00eda los precios en los pr\u00f3ximos a\u00f1os.<\/span><\/span><\/p>\n<p style=\"margin-bottom: 18px; padding: 0px; border: 0px; outline: 0px; font-size: 16px; vertical-align: baseline; font-family: 'Chronicle SSm', serif; line-height: 28px; word-wrap: break-word; color: rgb(51, 51, 51); text-align: justify; background: 0px 0px rgb(255, 255, 255);\"><span style=\"font-size:12px;\"><span style=\"font-family:verdana,geneva,sans-serif;\">No obstante, la menor inversi\u00f3n no se ha traducido en una menor producci\u00f3n con la celeridad que algunos anticipaban. Los proyectos que se iniciaron hace a\u00f1os empiezan ahora a producir. La semana pasada, Bernstein Research public\u00f3 una lista de 136 iniciativas offshore que siguen en construci\u00f3n, algunas de las cuales no se completar\u00edan hasta 2021.<\/span><\/span><\/p>\n<p style=\"margin-bottom: 18px; padding: 0px; border: 0px; outline: 0px; font-size: 16px; vertical-align: baseline; font-family: 'Chronicle SSm', serif; line-height: 28px; word-wrap: break-word; color: rgb(51, 51, 51); text-align: justify; background: 0px 0px rgb(255, 255, 255);\"><span style=\"font-size:12px;\"><span style=\"font-family:verdana,geneva,sans-serif;\">Adem\u00e1s, la producci\u00f3n que fue interrumpida por motivos pol\u00edticos u otros factores est\u00e1 regresando al mercado. La producci\u00f3n iran\u00ed de agosto qued\u00f3 casi 800.000 barriles al d\u00eda por encima de su promedio en 2015, cuando estaba restringida por las sanciones internacionales, seg\u00fan la AIE. Tal cifra pr\u00e1cticamente contrarresta el descenso de la producci\u00f3n estadounidense en igual per\u00edodo. La producci\u00f3n canadiense ha repuntado despu\u00e9s de los incendios forestales que la afectaron en mayo. Igualmente, Nigeria y Libia podr\u00edan incrementar su producci\u00f3n en la medida en que amainen los conflictos pol\u00edticos.<\/span><\/span><\/p>\n<p style=\"margin-bottom: 18px; padding: 0px; border: 0px; outline: 0px; font-size: 16px; vertical-align: baseline; font-family: 'Chronicle SSm', serif; line-height: 28px; word-wrap: break-word; color: rgb(51, 51, 51); text-align: justify; background: 0px 0px rgb(255, 255, 255);\"><span style=\"font-size:12px;\"><span style=\"font-family:verdana,geneva,sans-serif;\">Por el lado de la demanda, el consumo ha estado por debajo de las previsiones. La AIE proyecta que la demanda aumente en unos 1,3 millones de barriles diarios este a\u00f1o, pero el crecimiento se vino abajo en el tercer trimestre ante una &ldquo;desaceleraci\u00f3n dr\u00e1stica en China e India&rdquo;, indic\u00f3 la agencia.<\/span><\/span><\/p>\n<p style=\"margin-bottom: 18px; padding: 0px; border: 0px; outline: 0px; font-size: 16px; vertical-align: baseline; font-family: 'Chronicle SSm', serif; line-height: 28px; word-wrap: break-word; color: rgb(51, 51, 51); text-align: justify; background: 0px 0px rgb(255, 255, 255);\"><span style=\"font-size:12px;\"><span style=\"font-family:verdana,geneva,sans-serif;\">La propia OPEP ha contribuido al exceso de oferta global al producir a niveles r\u00e9cord en los \u00faltimos meses. &ldquo;El mercado ha cambiado desde junio, y nuestras expectativas sobre el proceso de reequilibrio tambi\u00e9n lo han hecho&rdquo;, reconoci\u00f3 el mi\u00e9rcoles el ministro de Petr\u00f3leo de Qatar, Mohammed bin Saleh al-Sada. &ldquo;Es evidente que ahora hay un mayor grado de urgencia para lograr que el mercado regrese a un equilibrio lo antes posible&rdquo;.<\/span><\/span><\/p>\n<div class=\"pvc_clear\"><\/div>\n<p class=\"pvc_stats all \" data-element-id=\"20568\" style=\"\"><i class=\"pvc-stats-icon medium\" aria-hidden=\"true\"><svg aria-hidden=\"true\" focusable=\"false\" data-prefix=\"far\" data-icon=\"chart-bar\" role=\"img\" xmlns=\"http:\/\/www.w3.org\/2000\/svg\" viewBox=\"0 0 512 512\" class=\"svg-inline--fa fa-chart-bar fa-w-16 fa-2x\"><path fill=\"currentColor\" d=\"M396.8 352h22.4c6.4 0 12.8-6.4 12.8-12.8V108.8c0-6.4-6.4-12.8-12.8-12.8h-22.4c-6.4 0-12.8 6.4-12.8 12.8v230.4c0 6.4 6.4 12.8 12.8 12.8zm-192 0h22.4c6.4 0 12.8-6.4 12.8-12.8V140.8c0-6.4-6.4-12.8-12.8-12.8h-22.4c-6.4 0-12.8 6.4-12.8 12.8v198.4c0 6.4 6.4 12.8 12.8 12.8zm96 0h22.4c6.4 0 12.8-6.4 12.8-12.8V204.8c0-6.4-6.4-12.8-12.8-12.8h-22.4c-6.4 0-12.8 6.4-12.8 12.8v134.4c0 6.4 6.4 12.8 12.8 12.8zM496 400H48V80c0-8.84-7.16-16-16-16H16C7.16 64 0 71.16 0 80v336c0 17.67 14.33 32 32 32h464c8.84 0 16-7.16 16-16v-16c0-8.84-7.16-16-16-16zm-387.2-48h22.4c6.4 0 12.8-6.4 12.8-12.8v-70.4c0-6.4-6.4-12.8-12.8-12.8h-22.4c-6.4 0-12.8 6.4-12.8 12.8v70.4c0 6.4 6.4 12.8 12.8 12.8z\" class=\"\"><\/path><\/svg><\/i> Vistas Totales&nbsp;270&nbsp;, Vistas Hoy&nbsp;6&nbsp;<\/p>\n<div class=\"pvc_clear\"><\/div>\n","protected":false},"excerpt":{"rendered":"<p>Autor: Nicole FriedmanFecha: 4 de octubre, 2016Extra\u00eddo de lat.wsj.comLa decisi\u00f3n de la Organizaci\u00f3n de Pa\u00edses Exportadores de Petr\u00f3leo (OPEP) de recortar la producci\u00f3n podr\u00eda haber llegado tarde.<\/p>\n<div class=\"pvc_clear\"><\/div>\n<p class=\"pvc_stats all \" data-element-id=\"20568\" style=\"\"><i class=\"pvc-stats-icon medium\" aria-hidden=\"true\"><svg aria-hidden=\"true\" focusable=\"false\" data-prefix=\"far\" data-icon=\"chart-bar\" role=\"img\" xmlns=\"http:\/\/www.w3.org\/2000\/svg\" viewBox=\"0 0 512 512\" class=\"svg-inline--fa fa-chart-bar fa-w-16 fa-2x\"><path fill=\"currentColor\" d=\"M396.8 352h22.4c6.4 0 12.8-6.4 12.8-12.8V108.8c0-6.4-6.4-12.8-12.8-12.8h-22.4c-6.4 0-12.8 6.4-12.8 12.8v230.4c0 6.4 6.4 12.8 12.8 12.8zm-192 0h22.4c6.4 0 12.8-6.4 12.8-12.8V140.8c0-6.4-6.4-12.8-12.8-12.8h-22.4c-6.4 0-12.8 6.4-12.8 12.8v198.4c0 6.4 6.4 12.8 12.8 12.8zm96 0h22.4c6.4 0 12.8-6.4 12.8-12.8V204.8c0-6.4-6.4-12.8-12.8-12.8h-22.4c-6.4 0-12.8 6.4-12.8 12.8v134.4c0 6.4 6.4 12.8 12.8 12.8zM496 400H48V80c0-8.84-7.16-16-16-16H16C7.16 64 0 71.16 0 80v336c0 17.67 14.33 32 32 32h464c8.84 0 16-7.16 16-16v-16c0-8.84-7.16-16-16-16zm-387.2-48h22.4c6.4 0 12.8-6.4 12.8-12.8v-70.4c0-6.4-6.4-12.8-12.8-12.8h-22.4c-6.4 0-12.8 6.4-12.8 12.8v70.4c0 6.4 6.4 12.8 12.8 12.8z\" class=\"\"><\/path><\/svg><\/i> Vistas Totales&nbsp;270&nbsp;, Vistas Hoy&nbsp;6&nbsp;<\/p>\n<div class=\"pvc_clear\"><\/div>\n","protected":false},"author":2,"featured_media":0,"comment_status":"open","ping_status":"open","sticky":false,"template":"","format":"standard","meta":{"footnotes":""},"categories":[21],"tags":[],"class_list":["post-20568","post","type-post","status-publish","format-standard","hentry","category-blog"],"yoast_head":"<!-- This site is optimized with the Yoast SEO plugin v25.2 - https:\/\/yoast.com\/wordpress\/plugins\/seo\/ -->\n<title>Un recorte de producci\u00f3n de la OPEP no aliviar\u00eda el desequilibrio del crudo | CREES<\/title>\n<meta name=\"robots\" content=\"index, follow, max-snippet:-1, max-image-preview:large, max-video-preview:-1\" \/>\n<link rel=\"canonical\" href=\"https:\/\/crees.org.do\/?p=20568\" \/>\n<meta property=\"og:locale\" content=\"es_ES\" \/>\n<meta property=\"og:type\" content=\"article\" \/>\n<meta property=\"og:title\" content=\"Un recorte de producci\u00f3n de la OPEP no aliviar\u00eda el desequilibrio del crudo | CREES\" \/>\n<meta property=\"og:description\" content=\"Autor: Nicole FriedmanFecha: 4 de octubre, 2016Extra\u00eddo de lat.wsj.comLa decisi\u00f3n de la Organizaci\u00f3n de Pa\u00edses Exportadores de Petr\u00f3leo (OPEP) de recortar la producci\u00f3n podr\u00eda haber llegado tarde.\" \/>\n<meta property=\"og:url\" content=\"https:\/\/crees.org.do\/?p=20568\" \/>\n<meta property=\"og:site_name\" content=\"CREES\" \/>\n<meta property=\"article:publisher\" content=\"https:\/\/www.facebook.com\/CREESRD\/\" \/>\n<meta property=\"article:published_time\" content=\"2016-01-01T00:00:00+00:00\" \/>\n<meta property=\"og:image\" content=\"https:\/\/crees.org.do\/wp-content\/uploads\/2022\/03\/crees-logo-1.jpg\" \/>\n\t<meta property=\"og:image:width\" content=\"244\" \/>\n\t<meta property=\"og:image:height\" content=\"71\" \/>\n\t<meta property=\"og:image:type\" content=\"image\/jpeg\" \/>\n<meta name=\"author\" content=\"Crees\" \/>\n<meta name=\"twitter:card\" content=\"summary_large_image\" \/>\n<meta name=\"twitter:creator\" content=\"@CREESRD\" \/>\n<meta name=\"twitter:site\" content=\"@CREESRD\" \/>\n<meta name=\"twitter:label1\" content=\"Escrito por\" \/>\n\t<meta name=\"twitter:data1\" content=\"Crees\" \/>\n\t<meta name=\"twitter:label2\" content=\"Tiempo de lectura\" \/>\n\t<meta name=\"twitter:data2\" content=\"6 minutos\" \/>\n<script type=\"application\/ld+json\" class=\"yoast-schema-graph\">{\"@context\":\"https:\/\/schema.org\",\"@graph\":[{\"@type\":\"Article\",\"@id\":\"https:\/\/crees.org.do\/?p=20568#article\",\"isPartOf\":{\"@id\":\"https:\/\/crees.org.do\/?p=20568\"},\"author\":{\"name\":\"Crees\",\"@id\":\"https:\/\/crees.org.do\/#\/schema\/person\/e7f97cd94d7bf9cd0e0ce30acb7d56b8\"},\"headline\":\"Un recorte de producci\u00f3n de la OPEP no aliviar\u00eda el desequilibrio del crudo\",\"datePublished\":\"2016-01-01T00:00:00+00:00\",\"mainEntityOfPage\":{\"@id\":\"https:\/\/crees.org.do\/?p=20568\"},\"wordCount\":1300,\"commentCount\":0,\"publisher\":{\"@id\":\"https:\/\/crees.org.do\/#organization\"},\"articleSection\":[\"Blog\"],\"inLanguage\":\"es\"},{\"@type\":\"WebPage\",\"@id\":\"https:\/\/crees.org.do\/?p=20568\",\"url\":\"https:\/\/crees.org.do\/?p=20568\",\"name\":\"Un recorte de producci\u00f3n de la OPEP no aliviar\u00eda el desequilibrio del crudo | CREES\",\"isPartOf\":{\"@id\":\"https:\/\/crees.org.do\/#website\"},\"datePublished\":\"2016-01-01T00:00:00+00:00\",\"breadcrumb\":{\"@id\":\"https:\/\/crees.org.do\/?p=20568#breadcrumb\"},\"inLanguage\":\"es\",\"potentialAction\":[{\"@type\":\"ReadAction\",\"target\":[\"https:\/\/crees.org.do\/?p=20568\"]}]},{\"@type\":\"BreadcrumbList\",\"@id\":\"https:\/\/crees.org.do\/?p=20568#breadcrumb\",\"itemListElement\":[{\"@type\":\"ListItem\",\"position\":1,\"name\":\"Portada\",\"item\":\"https:\/\/crees.org.do\/\"},{\"@type\":\"ListItem\",\"position\":2,\"name\":\"Un recorte de producci\u00f3n de la OPEP no aliviar\u00eda el desequilibrio del crudo\"}]},{\"@type\":\"WebSite\",\"@id\":\"https:\/\/crees.org.do\/#website\",\"url\":\"https:\/\/crees.org.do\/\",\"name\":\"CREES\",\"description\":\"Centro Regional de Estrategias Econ\u00f3micas Sostenibles\",\"publisher\":{\"@id\":\"https:\/\/crees.org.do\/#organization\"},\"potentialAction\":[{\"@type\":\"SearchAction\",\"target\":{\"@type\":\"EntryPoint\",\"urlTemplate\":\"https:\/\/crees.org.do\/?s={search_term_string}\"},\"query-input\":{\"@type\":\"PropertyValueSpecification\",\"valueRequired\":true,\"valueName\":\"search_term_string\"}}],\"inLanguage\":\"es\"},{\"@type\":\"Organization\",\"@id\":\"https:\/\/crees.org.do\/#organization\",\"name\":\"CREES | Centro Regional de Estrategias Econ\u00f3micas Sostenibles\",\"url\":\"https:\/\/crees.org.do\/\",\"logo\":{\"@type\":\"ImageObject\",\"inLanguage\":\"es\",\"@id\":\"https:\/\/crees.org.do\/#\/schema\/logo\/image\/\",\"url\":\"https:\/\/crees.org.do\/wp-content\/uploads\/2022\/03\/crees-logo-1.jpg\",\"contentUrl\":\"https:\/\/crees.org.do\/wp-content\/uploads\/2022\/03\/crees-logo-1.jpg\",\"width\":244,\"height\":71,\"caption\":\"CREES | Centro Regional de Estrategias Econ\u00f3micas Sostenibles\"},\"image\":{\"@id\":\"https:\/\/crees.org.do\/#\/schema\/logo\/image\/\"},\"sameAs\":[\"https:\/\/www.facebook.com\/CREESRD\/\",\"https:\/\/x.com\/CREESRD\"]},{\"@type\":\"Person\",\"@id\":\"https:\/\/crees.org.do\/#\/schema\/person\/e7f97cd94d7bf9cd0e0ce30acb7d56b8\",\"name\":\"Crees\",\"image\":{\"@type\":\"ImageObject\",\"inLanguage\":\"es\",\"@id\":\"https:\/\/crees.org.do\/#\/schema\/person\/image\/\",\"url\":\"https:\/\/secure.gravatar.com\/avatar\/390ac8f0be5d9aa046152553e2dd7011b59a512d89c150f5e5f28bb8d9a0b165?s=96&d=mm&r=g\",\"contentUrl\":\"https:\/\/secure.gravatar.com\/avatar\/390ac8f0be5d9aa046152553e2dd7011b59a512d89c150f5e5f28bb8d9a0b165?s=96&d=mm&r=g\",\"caption\":\"Crees\"},\"url\":\"https:\/\/crees.org.do\/?author=2\"}]}<\/script>\n<!-- \/ Yoast SEO plugin. -->","yoast_head_json":{"title":"Un recorte de producci\u00f3n de la OPEP no aliviar\u00eda el desequilibrio del crudo | CREES","robots":{"index":"index","follow":"follow","max-snippet":"max-snippet:-1","max-image-preview":"max-image-preview:large","max-video-preview":"max-video-preview:-1"},"canonical":"https:\/\/crees.org.do\/?p=20568","og_locale":"es_ES","og_type":"article","og_title":"Un recorte de producci\u00f3n de la OPEP no aliviar\u00eda el desequilibrio del crudo | CREES","og_description":"Autor: Nicole FriedmanFecha: 4 de octubre, 2016Extra\u00eddo de lat.wsj.comLa decisi\u00f3n de la Organizaci\u00f3n de Pa\u00edses Exportadores de Petr\u00f3leo (OPEP) de recortar la producci\u00f3n podr\u00eda haber llegado tarde.","og_url":"https:\/\/crees.org.do\/?p=20568","og_site_name":"CREES","article_publisher":"https:\/\/www.facebook.com\/CREESRD\/","article_published_time":"2016-01-01T00:00:00+00:00","og_image":[{"width":244,"height":71,"url":"https:\/\/crees.org.do\/wp-content\/uploads\/2022\/03\/crees-logo-1.jpg","type":"image\/jpeg"}],"author":"Crees","twitter_card":"summary_large_image","twitter_creator":"@CREESRD","twitter_site":"@CREESRD","twitter_misc":{"Escrito por":"Crees","Tiempo de lectura":"6 minutos"},"schema":{"@context":"https:\/\/schema.org","@graph":[{"@type":"Article","@id":"https:\/\/crees.org.do\/?p=20568#article","isPartOf":{"@id":"https:\/\/crees.org.do\/?p=20568"},"author":{"name":"Crees","@id":"https:\/\/crees.org.do\/#\/schema\/person\/e7f97cd94d7bf9cd0e0ce30acb7d56b8"},"headline":"Un recorte de producci\u00f3n de la OPEP no aliviar\u00eda el desequilibrio del crudo","datePublished":"2016-01-01T00:00:00+00:00","mainEntityOfPage":{"@id":"https:\/\/crees.org.do\/?p=20568"},"wordCount":1300,"commentCount":0,"publisher":{"@id":"https:\/\/crees.org.do\/#organization"},"articleSection":["Blog"],"inLanguage":"es"},{"@type":"WebPage","@id":"https:\/\/crees.org.do\/?p=20568","url":"https:\/\/crees.org.do\/?p=20568","name":"Un recorte de producci\u00f3n de la OPEP no aliviar\u00eda el desequilibrio del crudo | CREES","isPartOf":{"@id":"https:\/\/crees.org.do\/#website"},"datePublished":"2016-01-01T00:00:00+00:00","breadcrumb":{"@id":"https:\/\/crees.org.do\/?p=20568#breadcrumb"},"inLanguage":"es","potentialAction":[{"@type":"ReadAction","target":["https:\/\/crees.org.do\/?p=20568"]}]},{"@type":"BreadcrumbList","@id":"https:\/\/crees.org.do\/?p=20568#breadcrumb","itemListElement":[{"@type":"ListItem","position":1,"name":"Portada","item":"https:\/\/crees.org.do\/"},{"@type":"ListItem","position":2,"name":"Un recorte de producci\u00f3n de la OPEP no aliviar\u00eda el desequilibrio del crudo"}]},{"@type":"WebSite","@id":"https:\/\/crees.org.do\/#website","url":"https:\/\/crees.org.do\/","name":"CREES","description":"Centro Regional de Estrategias Econ\u00f3micas Sostenibles","publisher":{"@id":"https:\/\/crees.org.do\/#organization"},"potentialAction":[{"@type":"SearchAction","target":{"@type":"EntryPoint","urlTemplate":"https:\/\/crees.org.do\/?s={search_term_string}"},"query-input":{"@type":"PropertyValueSpecification","valueRequired":true,"valueName":"search_term_string"}}],"inLanguage":"es"},{"@type":"Organization","@id":"https:\/\/crees.org.do\/#organization","name":"CREES | Centro Regional de Estrategias Econ\u00f3micas Sostenibles","url":"https:\/\/crees.org.do\/","logo":{"@type":"ImageObject","inLanguage":"es","@id":"https:\/\/crees.org.do\/#\/schema\/logo\/image\/","url":"https:\/\/crees.org.do\/wp-content\/uploads\/2022\/03\/crees-logo-1.jpg","contentUrl":"https:\/\/crees.org.do\/wp-content\/uploads\/2022\/03\/crees-logo-1.jpg","width":244,"height":71,"caption":"CREES | Centro Regional de Estrategias Econ\u00f3micas Sostenibles"},"image":{"@id":"https:\/\/crees.org.do\/#\/schema\/logo\/image\/"},"sameAs":["https:\/\/www.facebook.com\/CREESRD\/","https:\/\/x.com\/CREESRD"]},{"@type":"Person","@id":"https:\/\/crees.org.do\/#\/schema\/person\/e7f97cd94d7bf9cd0e0ce30acb7d56b8","name":"Crees","image":{"@type":"ImageObject","inLanguage":"es","@id":"https:\/\/crees.org.do\/#\/schema\/person\/image\/","url":"https:\/\/secure.gravatar.com\/avatar\/390ac8f0be5d9aa046152553e2dd7011b59a512d89c150f5e5f28bb8d9a0b165?s=96&d=mm&r=g","contentUrl":"https:\/\/secure.gravatar.com\/avatar\/390ac8f0be5d9aa046152553e2dd7011b59a512d89c150f5e5f28bb8d9a0b165?s=96&d=mm&r=g","caption":"Crees"},"url":"https:\/\/crees.org.do\/?author=2"}]}},"_links":{"self":[{"href":"https:\/\/crees.org.do\/index.php?rest_route=\/wp\/v2\/posts\/20568","targetHints":{"allow":["GET"]}}],"collection":[{"href":"https:\/\/crees.org.do\/index.php?rest_route=\/wp\/v2\/posts"}],"about":[{"href":"https:\/\/crees.org.do\/index.php?rest_route=\/wp\/v2\/types\/post"}],"author":[{"embeddable":true,"href":"https:\/\/crees.org.do\/index.php?rest_route=\/wp\/v2\/users\/2"}],"replies":[{"embeddable":true,"href":"https:\/\/crees.org.do\/index.php?rest_route=%2Fwp%2Fv2%2Fcomments&post=20568"}],"version-history":[{"count":0,"href":"https:\/\/crees.org.do\/index.php?rest_route=\/wp\/v2\/posts\/20568\/revisions"}],"wp:attachment":[{"href":"https:\/\/crees.org.do\/index.php?rest_route=%2Fwp%2Fv2%2Fmedia&parent=20568"}],"wp:term":[{"taxonomy":"category","embeddable":true,"href":"https:\/\/crees.org.do\/index.php?rest_route=%2Fwp%2Fv2%2Fcategories&post=20568"},{"taxonomy":"post_tag","embeddable":true,"href":"https:\/\/crees.org.do\/index.php?rest_route=%2Fwp%2Fv2%2Ftags&post=20568"}],"curies":[{"name":"wp","href":"https:\/\/api.w.org\/{rel}","templated":true}]}}