{"id":20575,"date":"2016-01-01T00:00:00","date_gmt":"2016-01-01T00:00:00","guid":{"rendered":"https:\/\/crees.org.do\/el-ministro-de-energia-defiende-capitalizacion\/"},"modified":"2021-08-17T21:42:34","modified_gmt":"2021-08-17T21:42:34","slug":"el-ministro-de-energia-defiende-capitalizacion","status":"publish","type":"post","link":"https:\/\/crees.org.do\/?p=20575","title":{"rendered":"El ministro de energ\u00eda defiende capitalizaci\u00f3n"},"content":{"rendered":"<p style=\"text-align: justify;\"><strong><span style=\"font-size:12px;\"><span style=\"font-family:verdana,geneva,sans-serif;\">Autor: Patria Reyes Rodr\u00edguez<\/span><\/span><\/strong><\/p>\n<p style=\"text-align: justify;\"><span style=\"font-size:12px;\"><span style=\"font-family:verdana,geneva,sans-serif;\">Fecha: 26 de octubre, 2016<\/span><\/span><\/p>\n<p style=\"text-align: justify;\"><span style=\"font-size:12px;\"><span style=\"font-family:verdana,geneva,sans-serif;\">Extra\u00eddo de <a href=\"http:\/\/www.listindiario.com\/economia\/2016\/10\/26\/440555\/el-ministro-de-energia-defiende-capitalizacion\">listindiario.com<\/a><\/span><\/span><\/p>\n<p style=\"margin-bottom: 10px; padding: 0px; border: 0px; outline: 0px; vertical-align: baseline; color: rgb(51, 51, 51); line-height: 18px; text-align: justify; background-color: rgb(255, 255, 255);\"><span style=\"font-size:12px;\"><span style=\"font-family:verdana,geneva,sans-serif;\">El ministro de Energ\u00eda y Minas, Antonio Isa Conde, defendi\u00f3 ayer el proceso de capitalizaci\u00f3n de las empresas el\u00e9ctricas estatales ejecutado a partir de 2007, destacando que &ldquo;fue la politiquer\u00eda lo que puso de rodilla ese proceso de reforma&rdquo;.<\/span><\/span><\/p>\n<p style=\"margin-bottom: 10px; padding: 0px; border: 0px; outline: 0px; vertical-align: baseline; color: rgb(51, 51, 51); line-height: 18px; text-align: justify; background-color: rgb(255, 255, 255);\"><span style=\"font-size:12px;\"><span style=\"font-family:verdana,geneva,sans-serif;\">Isa Conde manifest\u00f3 que a diferencia de otros pa\u00edses en que se aplic\u00f3 el modelo de capitalizaci\u00f3n, lo que pas\u00f3 en el pa\u00eds es que la misma &ldquo;fue&nbsp; vista como un bot\u00edn para los pol\u00edticos y la electricidad concebida como una mercanc\u00eda pol\u00edtica, con lo cual fue adulterado el proceso&rdquo;. Agreg\u00f3 que, a\u00fan as\u00ed, gener\u00f3 frutos positivos en el \u00e1rea de generaci\u00f3n.<\/span><\/span><\/p>\n<p style=\"margin-bottom: 10px; padding: 0px; border: 0px; outline: 0px; vertical-align: baseline; color: rgb(51, 51, 51); line-height: 18px; text-align: justify; background-color: rgb(255, 255, 255);\"><span style=\"font-size:12px;\"><span style=\"font-family:verdana,geneva,sans-serif;\">El ministro, al dar apertura al VI Foro El\u00e9ctrico de la Asociaci\u00f3n Dominicana de la Industria El\u00e9ctrica (ADIE), afirm\u00f3 que si no se hubiese&nbsp; realizado el proceso de capitalizaci\u00f3n, en poco tiempo Rep\u00fablica Dominicana iba a quedar apagada.<\/span><\/span><\/p>\n<p style=\"margin-bottom: 10px; padding: 0px; border: 0px; outline: 0px; vertical-align: baseline; color: rgb(51, 51, 51); line-height: 18px; text-align: justify; background-color: rgb(255, 255, 255);\"><span style=\"font-size:12px;\"><span style=\"font-family:verdana,geneva,sans-serif;\">Dijo que, gracias a este proceso,&nbsp; a la fecha la potencia servida ha aumentado en un 80% y la energ\u00eda servida un 56.5%. Destac\u00f3 que el Estado dominicano ha recibido RD$21,500 millones por concepto de dividendos e impuestos de las empresas generadoras Egehaina e Itabo, y destac\u00f3 que Egehaina haya hecho inversiones de capital por US$816 millones, que a la tasa de cambio actual suman RD$37,985 millones.<\/span><\/span><\/p>\n<p style=\"margin-bottom: 10px; padding: 0px; border: 0px; outline: 0px; vertical-align: baseline; color: rgb(51, 51, 51); line-height: 18px; text-align: justify; background-color: rgb(255, 255, 255);\"><span style=\"font-size:12px;\"><span style=\"font-family:verdana,geneva,sans-serif;\">Isa Conde refiri\u00f3 que el prop\u00f3sito de la capitalizaci\u00f3n no solo era conseguir capital, sino tambi\u00e9n evitar que las empresas fueran gestionadas por &ldquo;pol\u00edticos ineptos y corruptos&rdquo;, y por eso se entendi\u00f3 que la administraci\u00f3n deb\u00eda dejarse en manos del socio privado.<\/span><\/span><\/p>\n<p style=\"margin-bottom: 10px; padding: 0px; border: 0px; outline: 0px; vertical-align: baseline; color: rgb(51, 51, 51); line-height: 18px; text-align: justify; background-color: rgb(255, 255, 255);\"><span style=\"font-size:12px;\"><span style=\"font-family:verdana,geneva,sans-serif;\">Explic\u00f3 como punto cr\u00edtico que el Estado no cumpli\u00f3 su poder para ser regulador y de ah\u00ed se deribaron las desviaciones del proceso. Asimismo, expuso que los contratos no estaban estipulados para largo plazo (m\u00e1ximo cinco a\u00f1os) y solo compromet\u00eda el 20% de la demanda de las distribuidoras.<\/span><\/span><\/p>\n<p style=\"margin-bottom: 10px; padding: 0px; border: 0px; outline: 0px; vertical-align: baseline; color: rgb(51, 51, 51); line-height: 18px; text-align: justify; background-color: rgb(255, 255, 255);\"><span style=\"font-size:12px;\"><span style=\"font-family:verdana,geneva,sans-serif;\">Se\u00f1al\u00f3 que si los contratos se hubieran licitado al t\u00e9rmino del plazo estipulado en principio, &ldquo;el propio proceso habr\u00eda llevado a una reducci\u00f3n tarifaria, pero en lugar de eso se invent\u00f3 la f\u00f3rmula del Acuerdo de Madrid, que si bien mejor\u00f3 un poco el flujo de caja del Gobierno en el a\u00f1o corriente de su firma, destruy\u00f3 pr\u00e1cticamente el mercado spot y la din\u00e1mica de eficiencia de costo que dicho mercado y el mecanismo de las licitaciones significa&rdquo;.<\/span><\/span><\/p>\n<p style=\"margin-bottom: 10px; padding: 0px; border: 0px; outline: 0px; vertical-align: baseline; color: rgb(51, 51, 51); line-height: 18px; text-align: justify; background-color: rgb(255, 255, 255);\"><span style=\"font-size:12px;\"><span style=\"font-family:verdana,geneva,sans-serif;\">Como lecci\u00f3n aprendida, Isa Conde refiri\u00f3 que el Gobierno y los ciudadanos conscientes no deben dejarse chantajear con cualquier satanizaci\u00f3n que hagan los enemigos de los procesos de reforma en procura de abortarlos.<\/span><\/span><\/p>\n<p style=\"margin-bottom: 10px; padding: 0px; border: 0px; outline: 0px; vertical-align: baseline; color: rgb(51, 51, 51); line-height: 18px; text-align: justify; background-color: rgb(255, 255, 255);\"><span style=\"font-size:12px;\"><span style=\"font-family:verdana,geneva,sans-serif;\">Abog\u00f3 por licitaciones transparentes y exigentes con las condiciones que se esperan que tengan las empresas precalificadas, y sugiri\u00f3 tener cuidado extremo porque &ldquo;muchas veces quienes ganan no son los mejores sino los m\u00e1s audaces&rdquo;.<\/span><\/span><\/p>\n<p style=\"margin-bottom: 10px; padding: 0px; border: 0px; outline: 0px; vertical-align: baseline; color: rgb(51, 51, 51); line-height: 18px; text-align: justify; background-color: rgb(255, 255, 255);\"><span style=\"font-size:12px;\"><span style=\"font-family:verdana,geneva,sans-serif;\">El VI Foro El\u00e9ctrico de la ADIE cont\u00f3, adem\u00e1s, con la participaci\u00f3n del CEO de la empresa Interenergy, Rolando Gonz\u00e1lez Bunster, quien entrevistado por el periodista Roberto Cavada, narr\u00f3 la forma en que se convirti\u00f3 en inversionista del sector el\u00e9ctrico, y expres\u00f3 sus consideraciones sobre los temas m\u00e1s relevantes en la actualidad.<\/span><\/span><\/p>\n<p style=\"margin-bottom: 10px; padding: 0px; border: 0px; outline: 0px; vertical-align: baseline; color: rgb(51, 51, 51); line-height: 18px; text-align: justify; background-color: rgb(255, 255, 255);\"><span style=\"font-size:12px;\"><span style=\"font-family:verdana,geneva,sans-serif;\">Gonz\u00e1lez Bunster indic\u00f3 que la propuesta que hizo al Gobierno a principio de a\u00f1o, durante su participaci\u00f3n en el almuerzo de la C\u00e1mara Americana de Comercio, a\u00fan sigue en pie. En esta actividad, el m\u00e1ximo ejecutivo de Interenergy hab\u00eda afirmado que el problema el\u00e9ctrico dominicano se resolv\u00eda con US$600 millones y que su empresa estaba dispuesta a invertir US$200 millones. &nbsp;<\/span><\/span><\/p>\n<p style=\"margin-bottom: 10px; padding: 0px; border: 0px; outline: 0px; vertical-align: baseline; color: rgb(51, 51, 51); line-height: 18px; text-align: justify; background-color: rgb(255, 255, 255);\"><span style=\"font-size:12px;\"><span style=\"font-family:verdana,geneva,sans-serif;\">Dijo que el presidente Danilo Medina se motiv\u00f3 a conocer en detalle el modelo de gesti\u00f3n que aplica su empresa; sin embargo, el Gobierno no ha tomado ninguna decisi\u00f3n.<\/span><\/span><\/p>\n<p style=\"margin-bottom: 10px; padding: 0px; border: 0px; outline: 0px; vertical-align: baseline; color: rgb(51, 51, 51); line-height: 18px; text-align: justify; background-color: rgb(255, 255, 255);\"><span style=\"font-size:12px;\"><span style=\"font-family:verdana,geneva,sans-serif;\">En respuesta a la pregunta de si estar\u00eda dispuesto a invertir en Punta Catalina, Gonz\u00e1lez Bunster refiri\u00f3 que si esta fuera a generar con biomasa u otro combustible que no fuera carb\u00f3n lo podr\u00eda considerar, pero que su alianza con el Banco Mundial no le impide invertir en plantas de carb\u00f3n. Se mostr\u00f3 partidario de la alianza p\u00fablico-privada para superar el grave problema el\u00e9ctrico.<\/span><\/span><\/p>\n<p style=\"margin-bottom: 10px; padding: 0px; border: 0px; outline: 0px; vertical-align: baseline; color: rgb(51, 51, 51); line-height: 18px; text-align: justify; background-color: rgb(255, 255, 255);\"><span style=\"font-size:12px;\"><span style=\"font-family:verdana,geneva,sans-serif;\">Se\u00f1al\u00f3 que estar\u00edan dispuesto a buscar inversionistas que se integren y a buscar ayuda para que ese proyecto se realice.<\/span><\/span><\/p>\n<p style=\"margin-bottom: 10px; padding: 0px; border: 0px; outline: 0px; vertical-align: baseline; color: rgb(51, 51, 51); line-height: 18px; text-align: justify; background-color: rgb(255, 255, 255);\"><span style=\"font-size:12px;\"><span style=\"font-family:verdana,geneva,sans-serif;\"><strong>Conep reitera inter\u00e9s sobre el pacto<\/strong><br \/>Dentro de la realizaci\u00f3n del VI Foro de la ADIE, el presidente del Consejo Nacional de la Empresa Privada (Conep), Rafael Blanco Canto, dict\u00f3 una conferencia almuerzo sobre la visi\u00f3n del sector empresarial del sector el\u00e9ctrico, y en esta reiter\u00f3 la disposici\u00f3n de la entidad de continbuar dialogando&nbsp; para lograr un pacto el\u00e9ctrico que de respuesta a las necesidades del pa\u00eds y que garantice que la sociedad salga de la oscuridad a que ha estado sometida por a\u00f1os.<\/span><\/span><\/p>\n<div class=\"pvc_clear\"><\/div>\n<p class=\"pvc_stats all \" data-element-id=\"20575\" style=\"\"><i class=\"pvc-stats-icon medium\" aria-hidden=\"true\"><svg aria-hidden=\"true\" focusable=\"false\" data-prefix=\"far\" data-icon=\"chart-bar\" role=\"img\" xmlns=\"http:\/\/www.w3.org\/2000\/svg\" viewBox=\"0 0 512 512\" class=\"svg-inline--fa fa-chart-bar fa-w-16 fa-2x\"><path fill=\"currentColor\" d=\"M396.8 352h22.4c6.4 0 12.8-6.4 12.8-12.8V108.8c0-6.4-6.4-12.8-12.8-12.8h-22.4c-6.4 0-12.8 6.4-12.8 12.8v230.4c0 6.4 6.4 12.8 12.8 12.8zm-192 0h22.4c6.4 0 12.8-6.4 12.8-12.8V140.8c0-6.4-6.4-12.8-12.8-12.8h-22.4c-6.4 0-12.8 6.4-12.8 12.8v198.4c0 6.4 6.4 12.8 12.8 12.8zm96 0h22.4c6.4 0 12.8-6.4 12.8-12.8V204.8c0-6.4-6.4-12.8-12.8-12.8h-22.4c-6.4 0-12.8 6.4-12.8 12.8v134.4c0 6.4 6.4 12.8 12.8 12.8zM496 400H48V80c0-8.84-7.16-16-16-16H16C7.16 64 0 71.16 0 80v336c0 17.67 14.33 32 32 32h464c8.84 0 16-7.16 16-16v-16c0-8.84-7.16-16-16-16zm-387.2-48h22.4c6.4 0 12.8-6.4 12.8-12.8v-70.4c0-6.4-6.4-12.8-12.8-12.8h-22.4c-6.4 0-12.8 6.4-12.8 12.8v70.4c0 6.4 6.4 12.8 12.8 12.8z\" class=\"\"><\/path><\/svg><\/i> Vistas Totales&nbsp;271&nbsp;, Vistas Hoy&nbsp;2&nbsp;<\/p>\n<div class=\"pvc_clear\"><\/div>\n","protected":false},"excerpt":{"rendered":"<p>Autor: Patria Reyes Rodr\u00edguezFecha: 26 de octubre, 2016Extra\u00eddo de listindiario.comEl ministro de Energ\u00eda y Minas, Antonio Isa Conde, defendi\u00f3 ayer el proceso de capitalizaci\u00f3n de las empresas el\u00e9ctricas estatales ejecutado a partir de 2007, destacando que \u201cfue la politiquer\u00eda lo que puso de rodilla ese proceso de reforma\u201d.<\/p>\n<div class=\"pvc_clear\"><\/div>\n<p class=\"pvc_stats all \" data-element-id=\"20575\" style=\"\"><i class=\"pvc-stats-icon medium\" aria-hidden=\"true\"><svg aria-hidden=\"true\" focusable=\"false\" data-prefix=\"far\" data-icon=\"chart-bar\" role=\"img\" xmlns=\"http:\/\/www.w3.org\/2000\/svg\" viewBox=\"0 0 512 512\" class=\"svg-inline--fa fa-chart-bar fa-w-16 fa-2x\"><path fill=\"currentColor\" d=\"M396.8 352h22.4c6.4 0 12.8-6.4 12.8-12.8V108.8c0-6.4-6.4-12.8-12.8-12.8h-22.4c-6.4 0-12.8 6.4-12.8 12.8v230.4c0 6.4 6.4 12.8 12.8 12.8zm-192 0h22.4c6.4 0 12.8-6.4 12.8-12.8V140.8c0-6.4-6.4-12.8-12.8-12.8h-22.4c-6.4 0-12.8 6.4-12.8 12.8v198.4c0 6.4 6.4 12.8 12.8 12.8zm96 0h22.4c6.4 0 12.8-6.4 12.8-12.8V204.8c0-6.4-6.4-12.8-12.8-12.8h-22.4c-6.4 0-12.8 6.4-12.8 12.8v134.4c0 6.4 6.4 12.8 12.8 12.8zM496 400H48V80c0-8.84-7.16-16-16-16H16C7.16 64 0 71.16 0 80v336c0 17.67 14.33 32 32 32h464c8.84 0 16-7.16 16-16v-16c0-8.84-7.16-16-16-16zm-387.2-48h22.4c6.4 0 12.8-6.4 12.8-12.8v-70.4c0-6.4-6.4-12.8-12.8-12.8h-22.4c-6.4 0-12.8 6.4-12.8 12.8v70.4c0 6.4 6.4 12.8 12.8 12.8z\" class=\"\"><\/path><\/svg><\/i> Vistas Totales&nbsp;271&nbsp;, Vistas Hoy&nbsp;2&nbsp;<\/p>\n<div class=\"pvc_clear\"><\/div>\n","protected":false},"author":2,"featured_media":0,"comment_status":"open","ping_status":"open","sticky":false,"template":"","format":"standard","meta":{"footnotes":""},"categories":[21],"tags":[],"class_list":["post-20575","post","type-post","status-publish","format-standard","hentry","category-blog"],"yoast_head":"<!-- This site is optimized with the Yoast SEO plugin v25.2 - https:\/\/yoast.com\/wordpress\/plugins\/seo\/ -->\n<title>El ministro de energ\u00eda defiende capitalizaci\u00f3n | CREES<\/title>\n<meta name=\"robots\" content=\"index, follow, max-snippet:-1, max-image-preview:large, max-video-preview:-1\" \/>\n<link rel=\"canonical\" href=\"https:\/\/crees.org.do\/?p=20575\" \/>\n<meta property=\"og:locale\" content=\"es_ES\" \/>\n<meta property=\"og:type\" content=\"article\" \/>\n<meta property=\"og:title\" content=\"El ministro de energ\u00eda defiende capitalizaci\u00f3n | CREES\" \/>\n<meta property=\"og:description\" content=\"Autor: Patria Reyes Rodr\u00edguezFecha: 26 de octubre, 2016Extra\u00eddo de listindiario.comEl ministro de Energ\u00eda y Minas, Antonio Isa Conde, defendi\u00f3 ayer el proceso de capitalizaci\u00f3n de las empresas el\u00e9ctricas estatales ejecutado a partir de 2007, destacando que \u201cfue la politiquer\u00eda lo que puso de rodilla ese proceso de reforma\u201d.\" \/>\n<meta property=\"og:url\" content=\"https:\/\/crees.org.do\/?p=20575\" \/>\n<meta property=\"og:site_name\" content=\"CREES\" \/>\n<meta property=\"article:publisher\" content=\"https:\/\/www.facebook.com\/CREESRD\/\" \/>\n<meta property=\"article:published_time\" content=\"2016-01-01T00:00:00+00:00\" \/>\n<meta property=\"article:modified_time\" content=\"2021-08-17T21:42:34+00:00\" \/>\n<meta property=\"og:image\" content=\"https:\/\/crees.org.do\/wp-content\/uploads\/2022\/03\/crees-logo-1.jpg\" \/>\n\t<meta property=\"og:image:width\" content=\"244\" \/>\n\t<meta property=\"og:image:height\" content=\"71\" \/>\n\t<meta property=\"og:image:type\" content=\"image\/jpeg\" \/>\n<meta name=\"author\" content=\"Crees\" \/>\n<meta name=\"twitter:card\" content=\"summary_large_image\" \/>\n<meta name=\"twitter:creator\" content=\"@CREESRD\" \/>\n<meta name=\"twitter:site\" content=\"@CREESRD\" \/>\n<meta name=\"twitter:label1\" content=\"Escrito por\" \/>\n\t<meta name=\"twitter:data1\" content=\"Crees\" \/>\n\t<meta name=\"twitter:label2\" content=\"Tiempo de lectura\" \/>\n\t<meta name=\"twitter:data2\" content=\"4 minutos\" \/>\n<script type=\"application\/ld+json\" class=\"yoast-schema-graph\">{\"@context\":\"https:\/\/schema.org\",\"@graph\":[{\"@type\":\"Article\",\"@id\":\"https:\/\/crees.org.do\/?p=20575#article\",\"isPartOf\":{\"@id\":\"https:\/\/crees.org.do\/?p=20575\"},\"author\":{\"name\":\"Crees\",\"@id\":\"https:\/\/crees.org.do\/#\/schema\/person\/e7f97cd94d7bf9cd0e0ce30acb7d56b8\"},\"headline\":\"El ministro de energ\u00eda defiende capitalizaci\u00f3n\",\"datePublished\":\"2016-01-01T00:00:00+00:00\",\"dateModified\":\"2021-08-17T21:42:34+00:00\",\"mainEntityOfPage\":{\"@id\":\"https:\/\/crees.org.do\/?p=20575\"},\"wordCount\":857,\"commentCount\":0,\"publisher\":{\"@id\":\"https:\/\/crees.org.do\/#organization\"},\"articleSection\":[\"Blog\"],\"inLanguage\":\"es\"},{\"@type\":\"WebPage\",\"@id\":\"https:\/\/crees.org.do\/?p=20575\",\"url\":\"https:\/\/crees.org.do\/?p=20575\",\"name\":\"El ministro de energ\u00eda defiende capitalizaci\u00f3n | CREES\",\"isPartOf\":{\"@id\":\"https:\/\/crees.org.do\/#website\"},\"datePublished\":\"2016-01-01T00:00:00+00:00\",\"dateModified\":\"2021-08-17T21:42:34+00:00\",\"breadcrumb\":{\"@id\":\"https:\/\/crees.org.do\/?p=20575#breadcrumb\"},\"inLanguage\":\"es\",\"potentialAction\":[{\"@type\":\"ReadAction\",\"target\":[\"https:\/\/crees.org.do\/?p=20575\"]}]},{\"@type\":\"BreadcrumbList\",\"@id\":\"https:\/\/crees.org.do\/?p=20575#breadcrumb\",\"itemListElement\":[{\"@type\":\"ListItem\",\"position\":1,\"name\":\"Portada\",\"item\":\"https:\/\/crees.org.do\/\"},{\"@type\":\"ListItem\",\"position\":2,\"name\":\"El ministro de energ\u00eda defiende capitalizaci\u00f3n\"}]},{\"@type\":\"WebSite\",\"@id\":\"https:\/\/crees.org.do\/#website\",\"url\":\"https:\/\/crees.org.do\/\",\"name\":\"CREES\",\"description\":\"Centro Regional de Estrategias Econ\u00f3micas Sostenibles\",\"publisher\":{\"@id\":\"https:\/\/crees.org.do\/#organization\"},\"potentialAction\":[{\"@type\":\"SearchAction\",\"target\":{\"@type\":\"EntryPoint\",\"urlTemplate\":\"https:\/\/crees.org.do\/?s={search_term_string}\"},\"query-input\":{\"@type\":\"PropertyValueSpecification\",\"valueRequired\":true,\"valueName\":\"search_term_string\"}}],\"inLanguage\":\"es\"},{\"@type\":\"Organization\",\"@id\":\"https:\/\/crees.org.do\/#organization\",\"name\":\"CREES | Centro Regional de Estrategias Econ\u00f3micas Sostenibles\",\"url\":\"https:\/\/crees.org.do\/\",\"logo\":{\"@type\":\"ImageObject\",\"inLanguage\":\"es\",\"@id\":\"https:\/\/crees.org.do\/#\/schema\/logo\/image\/\",\"url\":\"https:\/\/crees.org.do\/wp-content\/uploads\/2022\/03\/crees-logo-1.jpg\",\"contentUrl\":\"https:\/\/crees.org.do\/wp-content\/uploads\/2022\/03\/crees-logo-1.jpg\",\"width\":244,\"height\":71,\"caption\":\"CREES | Centro Regional de Estrategias Econ\u00f3micas Sostenibles\"},\"image\":{\"@id\":\"https:\/\/crees.org.do\/#\/schema\/logo\/image\/\"},\"sameAs\":[\"https:\/\/www.facebook.com\/CREESRD\/\",\"https:\/\/x.com\/CREESRD\"]},{\"@type\":\"Person\",\"@id\":\"https:\/\/crees.org.do\/#\/schema\/person\/e7f97cd94d7bf9cd0e0ce30acb7d56b8\",\"name\":\"Crees\",\"image\":{\"@type\":\"ImageObject\",\"inLanguage\":\"es\",\"@id\":\"https:\/\/crees.org.do\/#\/schema\/person\/image\/\",\"url\":\"https:\/\/secure.gravatar.com\/avatar\/390ac8f0be5d9aa046152553e2dd7011b59a512d89c150f5e5f28bb8d9a0b165?s=96&d=mm&r=g\",\"contentUrl\":\"https:\/\/secure.gravatar.com\/avatar\/390ac8f0be5d9aa046152553e2dd7011b59a512d89c150f5e5f28bb8d9a0b165?s=96&d=mm&r=g\",\"caption\":\"Crees\"},\"url\":\"https:\/\/crees.org.do\/?author=2\"}]}<\/script>\n<!-- \/ Yoast SEO plugin. -->","yoast_head_json":{"title":"El ministro de energ\u00eda defiende capitalizaci\u00f3n | CREES","robots":{"index":"index","follow":"follow","max-snippet":"max-snippet:-1","max-image-preview":"max-image-preview:large","max-video-preview":"max-video-preview:-1"},"canonical":"https:\/\/crees.org.do\/?p=20575","og_locale":"es_ES","og_type":"article","og_title":"El ministro de energ\u00eda defiende capitalizaci\u00f3n | CREES","og_description":"Autor: Patria Reyes Rodr\u00edguezFecha: 26 de octubre, 2016Extra\u00eddo de listindiario.comEl ministro de Energ\u00eda y Minas, Antonio Isa Conde, defendi\u00f3 ayer el proceso de capitalizaci\u00f3n de las empresas el\u00e9ctricas estatales ejecutado a partir de 2007, destacando que \u201cfue la politiquer\u00eda lo que puso de rodilla ese proceso de reforma\u201d.","og_url":"https:\/\/crees.org.do\/?p=20575","og_site_name":"CREES","article_publisher":"https:\/\/www.facebook.com\/CREESRD\/","article_published_time":"2016-01-01T00:00:00+00:00","article_modified_time":"2021-08-17T21:42:34+00:00","og_image":[{"width":244,"height":71,"url":"https:\/\/crees.org.do\/wp-content\/uploads\/2022\/03\/crees-logo-1.jpg","type":"image\/jpeg"}],"author":"Crees","twitter_card":"summary_large_image","twitter_creator":"@CREESRD","twitter_site":"@CREESRD","twitter_misc":{"Escrito por":"Crees","Tiempo de lectura":"4 minutos"},"schema":{"@context":"https:\/\/schema.org","@graph":[{"@type":"Article","@id":"https:\/\/crees.org.do\/?p=20575#article","isPartOf":{"@id":"https:\/\/crees.org.do\/?p=20575"},"author":{"name":"Crees","@id":"https:\/\/crees.org.do\/#\/schema\/person\/e7f97cd94d7bf9cd0e0ce30acb7d56b8"},"headline":"El ministro de energ\u00eda defiende capitalizaci\u00f3n","datePublished":"2016-01-01T00:00:00+00:00","dateModified":"2021-08-17T21:42:34+00:00","mainEntityOfPage":{"@id":"https:\/\/crees.org.do\/?p=20575"},"wordCount":857,"commentCount":0,"publisher":{"@id":"https:\/\/crees.org.do\/#organization"},"articleSection":["Blog"],"inLanguage":"es"},{"@type":"WebPage","@id":"https:\/\/crees.org.do\/?p=20575","url":"https:\/\/crees.org.do\/?p=20575","name":"El ministro de energ\u00eda defiende capitalizaci\u00f3n | CREES","isPartOf":{"@id":"https:\/\/crees.org.do\/#website"},"datePublished":"2016-01-01T00:00:00+00:00","dateModified":"2021-08-17T21:42:34+00:00","breadcrumb":{"@id":"https:\/\/crees.org.do\/?p=20575#breadcrumb"},"inLanguage":"es","potentialAction":[{"@type":"ReadAction","target":["https:\/\/crees.org.do\/?p=20575"]}]},{"@type":"BreadcrumbList","@id":"https:\/\/crees.org.do\/?p=20575#breadcrumb","itemListElement":[{"@type":"ListItem","position":1,"name":"Portada","item":"https:\/\/crees.org.do\/"},{"@type":"ListItem","position":2,"name":"El ministro de energ\u00eda defiende capitalizaci\u00f3n"}]},{"@type":"WebSite","@id":"https:\/\/crees.org.do\/#website","url":"https:\/\/crees.org.do\/","name":"CREES","description":"Centro Regional de Estrategias Econ\u00f3micas Sostenibles","publisher":{"@id":"https:\/\/crees.org.do\/#organization"},"potentialAction":[{"@type":"SearchAction","target":{"@type":"EntryPoint","urlTemplate":"https:\/\/crees.org.do\/?s={search_term_string}"},"query-input":{"@type":"PropertyValueSpecification","valueRequired":true,"valueName":"search_term_string"}}],"inLanguage":"es"},{"@type":"Organization","@id":"https:\/\/crees.org.do\/#organization","name":"CREES | Centro Regional de Estrategias Econ\u00f3micas Sostenibles","url":"https:\/\/crees.org.do\/","logo":{"@type":"ImageObject","inLanguage":"es","@id":"https:\/\/crees.org.do\/#\/schema\/logo\/image\/","url":"https:\/\/crees.org.do\/wp-content\/uploads\/2022\/03\/crees-logo-1.jpg","contentUrl":"https:\/\/crees.org.do\/wp-content\/uploads\/2022\/03\/crees-logo-1.jpg","width":244,"height":71,"caption":"CREES | Centro Regional de Estrategias Econ\u00f3micas Sostenibles"},"image":{"@id":"https:\/\/crees.org.do\/#\/schema\/logo\/image\/"},"sameAs":["https:\/\/www.facebook.com\/CREESRD\/","https:\/\/x.com\/CREESRD"]},{"@type":"Person","@id":"https:\/\/crees.org.do\/#\/schema\/person\/e7f97cd94d7bf9cd0e0ce30acb7d56b8","name":"Crees","image":{"@type":"ImageObject","inLanguage":"es","@id":"https:\/\/crees.org.do\/#\/schema\/person\/image\/","url":"https:\/\/secure.gravatar.com\/avatar\/390ac8f0be5d9aa046152553e2dd7011b59a512d89c150f5e5f28bb8d9a0b165?s=96&d=mm&r=g","contentUrl":"https:\/\/secure.gravatar.com\/avatar\/390ac8f0be5d9aa046152553e2dd7011b59a512d89c150f5e5f28bb8d9a0b165?s=96&d=mm&r=g","caption":"Crees"},"url":"https:\/\/crees.org.do\/?author=2"}]}},"_links":{"self":[{"href":"https:\/\/crees.org.do\/index.php?rest_route=\/wp\/v2\/posts\/20575","targetHints":{"allow":["GET"]}}],"collection":[{"href":"https:\/\/crees.org.do\/index.php?rest_route=\/wp\/v2\/posts"}],"about":[{"href":"https:\/\/crees.org.do\/index.php?rest_route=\/wp\/v2\/types\/post"}],"author":[{"embeddable":true,"href":"https:\/\/crees.org.do\/index.php?rest_route=\/wp\/v2\/users\/2"}],"replies":[{"embeddable":true,"href":"https:\/\/crees.org.do\/index.php?rest_route=%2Fwp%2Fv2%2Fcomments&post=20575"}],"version-history":[{"count":1,"href":"https:\/\/crees.org.do\/index.php?rest_route=\/wp\/v2\/posts\/20575\/revisions"}],"predecessor-version":[{"id":20576,"href":"https:\/\/crees.org.do\/index.php?rest_route=\/wp\/v2\/posts\/20575\/revisions\/20576"}],"wp:attachment":[{"href":"https:\/\/crees.org.do\/index.php?rest_route=%2Fwp%2Fv2%2Fmedia&parent=20575"}],"wp:term":[{"taxonomy":"category","embeddable":true,"href":"https:\/\/crees.org.do\/index.php?rest_route=%2Fwp%2Fv2%2Fcategories&post=20575"},{"taxonomy":"post_tag","embeddable":true,"href":"https:\/\/crees.org.do\/index.php?rest_route=%2Fwp%2Fv2%2Ftags&post=20575"}],"curies":[{"name":"wp","href":"https:\/\/api.w.org\/{rel}","templated":true}]}}