{"id":20592,"date":"2017-01-01T00:00:00","date_gmt":"2017-01-01T00:00:00","guid":{"rendered":"https:\/\/crees.org.do\/magin-diaz-sistema-tributario-dominicano-facilita-la-elusion\/"},"modified":"2017-01-01T00:00:00","modified_gmt":"2017-01-01T00:00:00","slug":"magin-diaz-sistema-tributario-dominicano-facilita-la-elusion","status":"publish","type":"post","link":"https:\/\/crees.org.do\/?p=20592","title":{"rendered":"Mag\u00edn D\u00edaz: \u201cSistema tributario dominicano facilita la elusi\u00f3n\u201d"},"content":{"rendered":"<p style=\"text-align: justify;\"><span style=\"font-size:12px;\"><span style=\"font-family:verdana,geneva,sans-serif;\"><strong>Autor: Jairon Severino<\/strong><\/span><\/span><\/p>\n<p style=\"text-align: justify;\"><span style=\"font-size:12px;\"><span style=\"font-family:verdana,geneva,sans-serif;\">Fecha: 23 de enero, 2017<\/span><\/span><\/p>\n<p style=\"text-align: justify;\"><span style=\"font-size:12px;\"><span style=\"font-family:verdana,geneva,sans-serif;\">Extra\u00eddo de <a href=\"http:\/\/www.eldinero.com.do\/35744\/magin-diaz-sistema-tributario-dominicano-facilita-la-elusion-fiscal\/\">eldinero.com.do&nbsp;<\/a><\/span><\/span><\/p>\n<p style=\"box-sizing: border-box; line-height: 1.5; font-size: 16px; margin-bottom: 0px; padding-top: 0px; padding-bottom: 1em; color: rgb(68, 68, 68); font-family: 'Open Sans' !important; text-align: justify;\"><span style=\"font-size:12px;\"><span style=\"font-family:verdana,geneva,sans-serif;\">El director general de Impuestos Internos (DGII), Mag\u00edn D\u00edaz, lo afirma con propiedad: &ldquo;El sistema tributario dominicano facilita la elusi\u00f3n fiscal&rdquo;.<\/span><\/span><\/p>\n<p style=\"box-sizing: border-box; line-height: 1.5; font-size: 16px; margin-bottom: 0px; padding-top: 0px; padding-bottom: 1em; color: rgb(68, 68, 68); font-family: 'Open Sans' !important; text-align: justify;\"><span style=\"font-size:12px;\"><span style=\"font-family:verdana,geneva,sans-serif;\">Con s\u00f3lo seis meses en el cargo&nbsp;<span style=\"color:#000000;\"><strong><span style=\"box-sizing: border-box;\">coincide con la posici\u00f3n del Centro Regional de Estrategias Econ\u00f3micas Sostenibles<\/span>&nbsp;<\/strong><\/span><strong>(CREES)<\/strong>, entidad que afirma que &ldquo;el r\u00e9gimen tributario que impera es complicado, injusto, desigual, incentiva el desempleo y la informalidad; resulta inc\u00f3modo para la administraci\u00f3n tributaria y dificulta el cumplimiento de las obligaciones de los contribuyentes&rdquo;.<\/span><\/span><\/p>\n<p style=\"box-sizing: border-box; line-height: 1.5; font-size: 16px; margin-bottom: 0px; padding-top: 0px; padding-bottom: 1em; color: rgb(68, 68, 68); font-family: 'Open Sans' !important; text-align: justify;\"><span style=\"font-size:12px;\"><span style=\"font-family:verdana,geneva,sans-serif;\">El funcionario, responsable del 73% de los ingresos fiscales, considera que la complejidad del sistema tributario dominicano es un tema que debe resolverse. Entiende necesario que se simplifique no s\u00f3lo para la administraci\u00f3n, sino para los contribuyentes. &ldquo;En los pa\u00edses donde hay menos evasi\u00f3n los sistemas tributarios son m\u00e1s sencillos&rdquo;, indic\u00f3.<\/span><\/span><\/p>\n<p style=\"box-sizing: border-box; line-height: 1.5; font-size: 16px; margin-bottom: 0px; padding-top: 0px; padding-bottom: 1em; color: rgb(68, 68, 68); font-family: 'Open Sans' !important; text-align: justify;\"><span style=\"font-size:12px;\"><span style=\"font-family:verdana,geneva,sans-serif;\">Afirm\u00f3 que el C\u00f3digo Tributario est\u00e1 por cumplir 25 a\u00f1os y lo que ha ocurrido es la aprobaci\u00f3n e implementaci\u00f3n de numerosas leyes. Puso como ejemplo lo que sucedi\u00f3 en los a\u00f1os 2004, 2005, 2006, 2007, 2008, 2011 y otra m\u00e1s grande en 2012. Al director de Impuestos Internos no le cabe duda de que este sistema, por lo complicado que es, facilita la elusi\u00f3n fiscal.<\/span><\/span><\/p>\n<p style=\"box-sizing: border-box; line-height: 1.5; font-size: 16px; margin-bottom: 0px; padding-top: 0px; padding-bottom: 1em; color: rgb(68, 68, 68); font-family: 'Open Sans' !important; text-align: center;\"><span style=\"font-size:12px;\"><span style=\"font-family:verdana,geneva,sans-serif;\">[[{&#8220;type&#8221;:&#8221;media&#8221;,&#8221;view_mode&#8221;:&#8221;media_original&#8221;,&#8221;fid&#8221;:&#8221;4920&#8243;,&#8221;attributes&#8221;:{&#8220;alt&#8221;:&#8221;&#8221;,&#8221;class&#8221;:&#8221;media-image&#8221;}}]]<\/span><\/span><\/p>\n<p style=\"box-sizing: border-box; line-height: 1.5; font-size: 16px; margin-bottom: 0px; padding-top: 0px; padding-bottom: 1em; color: rgb(68, 68, 68); font-family: 'Open Sans' !important; text-align: justify;\"><span style=\"font-size:12px;\"><span style=\"font-family:verdana,geneva,sans-serif;\">El director de Impuestos Internos consider\u00f3 que las leyes de incentivo, aunque en principio tienen buenas intenciones, luego resultan &ldquo;dif\u00edciles de controlar, y terminan, en general, siendo abusadas&rdquo;. Sin embargo, indica que eso no quita que haya algunos sectores que est\u00e9n exentos de algunos impuestos.<\/span><\/span><\/p>\n<p style=\"box-sizing: border-box; line-height: 1.5; font-size: 16px; margin-bottom: 0px; padding-top: 0px; padding-bottom: 1em; color: rgb(68, 68, 68); font-family: 'Open Sans' !important; text-align: justify;\"><span style=\"font-size:12px;\"><span style=\"font-family:verdana,geneva,sans-serif;\">D\u00edaz est\u00e1 de acuerdo con que el Pacto El\u00e9ctrico sea primero que el Fiscal. Sin embargo, entiende que como se trata de un proceso en el que se discutir\u00e1 un pacto, es necesario escuchar a todos, a fin de saber cu\u00e1nto quiere la gente que se gaste en salud, educaci\u00f3n y otras \u00e1reas, y c\u00f3mo mantener esos gastos del 4% al sector educativo con una recaudaci\u00f3n de un 14% del producto interno bruto (PIB).<\/span><\/span><\/p>\n<p style=\"box-sizing: border-box; line-height: 1.5; font-size: 16px; margin-bottom: 0px; padding-top: 0px; padding-bottom: 1em; color: rgb(68, 68, 68); font-family: 'Open Sans' !important; text-align: justify;\"><span style=\"font-size:12px;\"><span style=\"font-family:verdana,geneva,sans-serif;\">Se mostr\u00f3 a favor de que se traten las leyes dispersas, especialmente las de incentivos. En ese sentido, entiende que podr\u00eda, incluso, agreg\u00e1rsele un t\u00edtulo al C\u00f3digo Tributario en el que se consoliden las leyes de incentivo.<\/span><\/span><\/p>\n<p style=\"box-sizing: border-box; line-height: 1.5; font-size: 16px; margin-bottom: 0px; padding-top: 0px; padding-bottom: 1em; color: rgb(68, 68, 68); font-family: 'Open Sans' !important; text-align: justify;\"><span style=\"font-size:12px;\"><span style=\"font-family:verdana,geneva,sans-serif;\">El funcionario destac\u00f3 que Impuestos Internos tiene alrededor de 40 oficinas en las principales ciudades del pa\u00eds. &ldquo;Lo que pasa es que en vez de tener 200 o 500 miembros, las brigadas deber\u00edan ser de varios millones para que todos seamos inspectores. Si usted va a un comercio y no le entregan su factura usted debe exigirla, y si no lo hacen, venir a denunciarlo&rdquo;, sostuvo.<\/span><\/span><\/p>\n<p style=\"box-sizing: border-box; line-height: 1.5; font-size: 16px; margin-bottom: 0px; padding-top: 0px; padding-bottom: 1em; color: rgb(68, 68, 68); font-family: 'Open Sans' !important; text-align: justify;\"><span style=\"font-size:12px;\"><span style=\"font-family:verdana,geneva,sans-serif;\">Apunta que en los pa\u00edses m\u00e1s desarrollados los mismos contribuyentes son parte de la administraci\u00f3n tributaria, tal y como hacen las administraciones chilena y peruana, y aclara que&nbsp;<a href=\"http:\/\/www.eldinero.com.do\/32790\/la-dgii-tambien-fiscaliza-las-ventas-de-grandes-comercios-en-el-viernes-negro\/\" style=\"box-sizing: border-box; color: rgb(145, 198, 74);\"><span style=\"color:#000000;\">se hizo por primera vez en el Black Friday<\/span><\/a>, y que lo estar\u00e1n haciendo constantemente.<\/span><\/span><\/p>\n<p style=\"box-sizing: border-box; line-height: 1.5; font-size: 16px; margin-bottom: 0px; padding-top: 0px; padding-bottom: 1em; color: rgb(68, 68, 68); font-family: 'Open Sans' !important; text-align: justify;\"><span style=\"font-size:12px;\"><span style=\"font-family:verdana,geneva,sans-serif;\">Indic\u00f3 que la meta a corto y mediano plazo en cuanto a la reducci\u00f3n de la evasi\u00f3n es llevarla a los a\u00f1os en que se ubicaba en alrededor de un 31%. &ldquo;No ayuda en nada a la DGII el sistema tributario que tenemos, el cual es m\u00e1s complicado de lo que era en 2007 y eso tambi\u00e9n complica la labor de Impuestos Internos&rdquo;, dijo.<\/span><\/span><\/p>\n<h2 style=\"box-sizing: border-box; font-family: Conv_MuseoSlabRegular; font-weight: bold; line-height: normal; color: rgb(66, 66, 81); margin-top: 0px; margin-bottom: 1em; font-size: 34px; padding: 10px 0px; text-align: justify;\"><span style=\"font-size:12px;\"><span style=\"font-family:verdana,geneva,sans-serif;\">Operativos<\/span><\/span><\/h2>\n<p style=\"box-sizing: border-box; line-height: 1.5; font-size: 16px; margin-bottom: 0px; padding-top: 0px; padding-bottom: 1em; color: rgb(68, 68, 68); font-family: 'Open Sans' !important; text-align: justify;\"><span style=\"font-size:12px;\"><span style=\"font-family:verdana,geneva,sans-serif;\">El director de Impuestos Internos revel\u00f3 que se han incrementado los operativos de compras encubiertas para poder descubrir o poner en evidencia a los evasores. Sin embargo, afirm\u00f3 que cualquier consumidor puede ir a cualquiera de las oficinas de esa dependencia a hacer la denuncia.<\/span><\/span><\/p>\n<p style=\"box-sizing: border-box; line-height: 1.5; font-size: 16px; margin-bottom: 0px; padding-top: 0px; padding-bottom: 1em; color: rgb(68, 68, 68); font-family: 'Open Sans' !important; text-align: justify;\"><span style=\"font-size:12px;\"><span style=\"font-family:verdana,geneva,sans-serif;\">&ldquo;Muchos de los levantamientos de incumplimientos se hacen as\u00ed. El consumidor trae una factura sin n\u00famero de comprobante fiscal y de inmediato se investiga&rdquo;, inform\u00f3.<\/span><\/span><\/p>\n<p style=\"box-sizing: border-box; line-height: 1.5; font-size: 16px; margin-bottom: 0px; padding-top: 0px; padding-bottom: 1em; color: rgb(68, 68, 68); font-family: 'Open Sans' !important; text-align: justify;\"><span style=\"font-size:12px;\"><span style=\"font-family:verdana,geneva,sans-serif;\">Para D\u00edaz, inmediatamente un comercio le propone a un cliente que le rebaja el ITBIS (Impuesto a la Transferencia de Bienes Industrializados y Servicios) es motivo para levantar sospecha y denunciar a ese establecimiento. A su entender, algo que perjudic\u00f3 a Impuestos Internos en los \u00faltimos cinco a\u00f1os, principalmente durante los \u00faltimos dos de Juan Hern\u00e1ndez, es el presupuesto asignado a la entidad porque, por ejemplo, el asignado en 2016 fue exactamente el de 2011 en t\u00e9rminos nominales.<\/span><\/span><\/p>\n<p style=\"box-sizing: border-box; line-height: 1.5; font-size: 16px; margin-bottom: 0px; padding-top: 0px; padding-bottom: 1em; color: rgb(68, 68, 68); font-family: 'Open Sans' !important; text-align: justify;\"><span style=\"font-size:12px;\"><span style=\"font-family:verdana,geneva,sans-serif;\">&ldquo;La ley dice que la DGII debe manejar el 2% de los ingresos tributarios, pero el a\u00f1o pasado lleg\u00f3 apenas al 0.94%. Por suerte, esta situaci\u00f3n est\u00e1 corregida ahora en 2017, lo que permitir\u00e1 hacer inversi\u00f3n en tecnolog\u00eda y en las oficinas para que los contribuyentes puedan sentirse c\u00f3modos. El presupuesto para este a\u00f1o fue aumentado en casi un 40% para hacer frente a las necesidades&rdquo;, indic\u00f3.<\/span><\/span><\/p>\n<h2 style=\"box-sizing: border-box; font-family: Conv_MuseoSlabRegular; font-weight: bold; line-height: normal; color: rgb(66, 66, 81); margin-top: 0px; margin-bottom: 1em; font-size: 34px; padding: 10px 0px; text-align: justify;\"><span style=\"font-size:12px;\"><span style=\"font-family:verdana,geneva,sans-serif;\">Posici\u00f3n sobre la emisi\u00f3n de deuda<\/span><\/span><\/h2>\n<p style=\"box-sizing: border-box; line-height: 1.5; font-size: 16px; margin-bottom: 0px; padding-top: 0px; padding-bottom: 1em; color: rgb(68, 68, 68); font-family: 'Open Sans' !important; text-align: justify;\"><span style=\"font-size:12px;\"><span style=\"font-family:verdana,geneva,sans-serif;\">El director de Impuestos Internos, Mag\u00edn D\u00edaz, consider\u00f3 que mientras el Presupuesto sea deficitario habr\u00e1 que emitir deuda. &ldquo;En el pa\u00eds ha habido un solo a\u00f1o de super\u00e1vit en los \u00faltimos 20 y la \u00fanica forma de contrarrestar eso es que esa situaci\u00f3n de d\u00e9ficit pase a super\u00e1vit&rdquo;, sostuvo.<\/span><\/span><\/p>\n<p style=\"box-sizing: border-box; line-height: 1.5; font-size: 16px; margin-bottom: 0px; padding-top: 0px; padding-bottom: 1em; color: rgb(68, 68, 68); font-family: 'Open Sans' !important; text-align: justify;\"><span style=\"font-size:12px;\"><span style=\"font-family:verdana,geneva,sans-serif;\">A su entender, gran parte del problema que enfrentan las finanzas p\u00fablicas lo representa el sector el\u00e9ctrico, raz\u00f3n por la cual considera atinada la decisi\u00f3n de negociar primero el Pacto El\u00e9ctrico antes que el Fiscal. A prop\u00f3sito de la emisi\u00f3n de US$1,200 millones en bonos soberanos, afirm\u00f3 que los t\u00e9cnicos consideraron que este era el mejor momento de hacerlo.<\/span><\/span><\/p>\n<div class=\"pvc_clear\"><\/div>\n<p class=\"pvc_stats all \" data-element-id=\"20592\" style=\"\"><i class=\"pvc-stats-icon medium\" aria-hidden=\"true\"><svg aria-hidden=\"true\" focusable=\"false\" data-prefix=\"far\" data-icon=\"chart-bar\" role=\"img\" xmlns=\"http:\/\/www.w3.org\/2000\/svg\" viewBox=\"0 0 512 512\" class=\"svg-inline--fa fa-chart-bar fa-w-16 fa-2x\"><path fill=\"currentColor\" d=\"M396.8 352h22.4c6.4 0 12.8-6.4 12.8-12.8V108.8c0-6.4-6.4-12.8-12.8-12.8h-22.4c-6.4 0-12.8 6.4-12.8 12.8v230.4c0 6.4 6.4 12.8 12.8 12.8zm-192 0h22.4c6.4 0 12.8-6.4 12.8-12.8V140.8c0-6.4-6.4-12.8-12.8-12.8h-22.4c-6.4 0-12.8 6.4-12.8 12.8v198.4c0 6.4 6.4 12.8 12.8 12.8zm96 0h22.4c6.4 0 12.8-6.4 12.8-12.8V204.8c0-6.4-6.4-12.8-12.8-12.8h-22.4c-6.4 0-12.8 6.4-12.8 12.8v134.4c0 6.4 6.4 12.8 12.8 12.8zM496 400H48V80c0-8.84-7.16-16-16-16H16C7.16 64 0 71.16 0 80v336c0 17.67 14.33 32 32 32h464c8.84 0 16-7.16 16-16v-16c0-8.84-7.16-16-16-16zm-387.2-48h22.4c6.4 0 12.8-6.4 12.8-12.8v-70.4c0-6.4-6.4-12.8-12.8-12.8h-22.4c-6.4 0-12.8 6.4-12.8 12.8v70.4c0 6.4 6.4 12.8 12.8 12.8z\" class=\"\"><\/path><\/svg><\/i> Vistas Totales&nbsp;344&nbsp;, Vistas Hoy&nbsp;1&nbsp;<\/p>\n<div class=\"pvc_clear\"><\/div>\n","protected":false},"excerpt":{"rendered":"<p>Autor: Jairon SeverinoFecha: 23 de enero, 2017Extra\u00eddo de eldinero.com.do El director general de Impuestos Internos (DGII), Mag\u00edn D\u00edaz, lo afirma con propiedad: \u201cEl sistema tributario dominicano facilita la elusi\u00f3n fiscal\u201d.Con s\u00f3lo seis meses en el cargo coincide con la posici\u00f3n del Centro Regional de Estrategias Econ\u00f3micas Sostenibles (CREES), entidad que afirma que \u201cel r\u00e9gimen tributario que impera es complicado, injusto, desigual, incentiva el desempleo y la informalidad; resulta inc\u00f3modo para la administraci\u00f3n tributaria y dificulta el cumplimiento de las obligaciones de los contribuyentes\u201d.<\/p>\n<div class=\"pvc_clear\"><\/div>\n<p class=\"pvc_stats all \" data-element-id=\"20592\" style=\"\"><i class=\"pvc-stats-icon medium\" aria-hidden=\"true\"><svg aria-hidden=\"true\" focusable=\"false\" data-prefix=\"far\" data-icon=\"chart-bar\" role=\"img\" xmlns=\"http:\/\/www.w3.org\/2000\/svg\" viewBox=\"0 0 512 512\" class=\"svg-inline--fa fa-chart-bar fa-w-16 fa-2x\"><path fill=\"currentColor\" d=\"M396.8 352h22.4c6.4 0 12.8-6.4 12.8-12.8V108.8c0-6.4-6.4-12.8-12.8-12.8h-22.4c-6.4 0-12.8 6.4-12.8 12.8v230.4c0 6.4 6.4 12.8 12.8 12.8zm-192 0h22.4c6.4 0 12.8-6.4 12.8-12.8V140.8c0-6.4-6.4-12.8-12.8-12.8h-22.4c-6.4 0-12.8 6.4-12.8 12.8v198.4c0 6.4 6.4 12.8 12.8 12.8zm96 0h22.4c6.4 0 12.8-6.4 12.8-12.8V204.8c0-6.4-6.4-12.8-12.8-12.8h-22.4c-6.4 0-12.8 6.4-12.8 12.8v134.4c0 6.4 6.4 12.8 12.8 12.8zM496 400H48V80c0-8.84-7.16-16-16-16H16C7.16 64 0 71.16 0 80v336c0 17.67 14.33 32 32 32h464c8.84 0 16-7.16 16-16v-16c0-8.84-7.16-16-16-16zm-387.2-48h22.4c6.4 0 12.8-6.4 12.8-12.8v-70.4c0-6.4-6.4-12.8-12.8-12.8h-22.4c-6.4 0-12.8 6.4-12.8 12.8v70.4c0 6.4 6.4 12.8 12.8 12.8z\" class=\"\"><\/path><\/svg><\/i> Vistas Totales&nbsp;344&nbsp;, Vistas Hoy&nbsp;1&nbsp;<\/p>\n<div class=\"pvc_clear\"><\/div>\n","protected":false},"author":2,"featured_media":0,"comment_status":"open","ping_status":"open","sticky":false,"template":"","format":"standard","meta":{"footnotes":""},"categories":[21],"tags":[],"class_list":["post-20592","post","type-post","status-publish","format-standard","hentry","category-blog"],"yoast_head":"<!-- This site is optimized with the Yoast SEO plugin v25.2 - https:\/\/yoast.com\/wordpress\/plugins\/seo\/ -->\n<title>Mag\u00edn D\u00edaz: \u201cSistema tributario dominicano facilita la elusi\u00f3n\u201d | CREES<\/title>\n<meta name=\"robots\" content=\"index, follow, max-snippet:-1, max-image-preview:large, max-video-preview:-1\" \/>\n<link rel=\"canonical\" href=\"https:\/\/crees.org.do\/?p=20592\" \/>\n<meta property=\"og:locale\" content=\"es_ES\" \/>\n<meta property=\"og:type\" content=\"article\" \/>\n<meta property=\"og:title\" content=\"Mag\u00edn D\u00edaz: \u201cSistema tributario dominicano facilita la elusi\u00f3n\u201d | CREES\" \/>\n<meta property=\"og:description\" content=\"Autor: Jairon SeverinoFecha: 23 de enero, 2017Extra\u00eddo de eldinero.com.do El director general de Impuestos Internos (DGII), Mag\u00edn D\u00edaz, lo afirma con propiedad: \u201cEl sistema tributario dominicano facilita la elusi\u00f3n fiscal\u201d.Con s\u00f3lo seis meses en el cargo coincide con la posici\u00f3n del Centro Regional de Estrategias Econ\u00f3micas Sostenibles (CREES), entidad que afirma que \u201cel r\u00e9gimen tributario que impera es complicado, injusto, desigual, incentiva el desempleo y la informalidad; resulta inc\u00f3modo para la administraci\u00f3n tributaria y dificulta el cumplimiento de las obligaciones de los contribuyentes\u201d.\" \/>\n<meta property=\"og:url\" content=\"https:\/\/crees.org.do\/?p=20592\" \/>\n<meta property=\"og:site_name\" content=\"CREES\" \/>\n<meta property=\"article:publisher\" content=\"https:\/\/www.facebook.com\/CREESRD\/\" \/>\n<meta property=\"article:published_time\" content=\"2017-01-01T00:00:00+00:00\" \/>\n<meta property=\"og:image\" content=\"https:\/\/crees.org.do\/wp-content\/uploads\/2022\/03\/crees-logo-1.jpg\" \/>\n\t<meta property=\"og:image:width\" content=\"244\" \/>\n\t<meta property=\"og:image:height\" content=\"71\" \/>\n\t<meta property=\"og:image:type\" content=\"image\/jpeg\" \/>\n<meta name=\"author\" content=\"Crees\" \/>\n<meta name=\"twitter:card\" content=\"summary_large_image\" \/>\n<meta name=\"twitter:creator\" content=\"@CREESRD\" \/>\n<meta name=\"twitter:site\" content=\"@CREESRD\" \/>\n<meta name=\"twitter:label1\" content=\"Escrito por\" \/>\n\t<meta name=\"twitter:data1\" content=\"Crees\" \/>\n\t<meta name=\"twitter:label2\" content=\"Tiempo de lectura\" \/>\n\t<meta name=\"twitter:data2\" content=\"5 minutos\" \/>\n<script type=\"application\/ld+json\" class=\"yoast-schema-graph\">{\"@context\":\"https:\/\/schema.org\",\"@graph\":[{\"@type\":\"Article\",\"@id\":\"https:\/\/crees.org.do\/?p=20592#article\",\"isPartOf\":{\"@id\":\"https:\/\/crees.org.do\/?p=20592\"},\"author\":{\"name\":\"Crees\",\"@id\":\"https:\/\/crees.org.do\/#\/schema\/person\/e7f97cd94d7bf9cd0e0ce30acb7d56b8\"},\"headline\":\"Mag\u00edn D\u00edaz: \u201cSistema tributario dominicano facilita la elusi\u00f3n\u201d\",\"datePublished\":\"2017-01-01T00:00:00+00:00\",\"mainEntityOfPage\":{\"@id\":\"https:\/\/crees.org.do\/?p=20592\"},\"wordCount\":957,\"commentCount\":0,\"publisher\":{\"@id\":\"https:\/\/crees.org.do\/#organization\"},\"articleSection\":[\"Blog\"],\"inLanguage\":\"es\"},{\"@type\":\"WebPage\",\"@id\":\"https:\/\/crees.org.do\/?p=20592\",\"url\":\"https:\/\/crees.org.do\/?p=20592\",\"name\":\"Mag\u00edn D\u00edaz: \u201cSistema tributario dominicano facilita la elusi\u00f3n\u201d | CREES\",\"isPartOf\":{\"@id\":\"https:\/\/crees.org.do\/#website\"},\"datePublished\":\"2017-01-01T00:00:00+00:00\",\"breadcrumb\":{\"@id\":\"https:\/\/crees.org.do\/?p=20592#breadcrumb\"},\"inLanguage\":\"es\",\"potentialAction\":[{\"@type\":\"ReadAction\",\"target\":[\"https:\/\/crees.org.do\/?p=20592\"]}]},{\"@type\":\"BreadcrumbList\",\"@id\":\"https:\/\/crees.org.do\/?p=20592#breadcrumb\",\"itemListElement\":[{\"@type\":\"ListItem\",\"position\":1,\"name\":\"Portada\",\"item\":\"https:\/\/crees.org.do\/\"},{\"@type\":\"ListItem\",\"position\":2,\"name\":\"Mag\u00edn D\u00edaz: \u201cSistema tributario dominicano facilita la elusi\u00f3n\u201d\"}]},{\"@type\":\"WebSite\",\"@id\":\"https:\/\/crees.org.do\/#website\",\"url\":\"https:\/\/crees.org.do\/\",\"name\":\"CREES\",\"description\":\"Centro Regional de Estrategias Econ\u00f3micas Sostenibles\",\"publisher\":{\"@id\":\"https:\/\/crees.org.do\/#organization\"},\"potentialAction\":[{\"@type\":\"SearchAction\",\"target\":{\"@type\":\"EntryPoint\",\"urlTemplate\":\"https:\/\/crees.org.do\/?s={search_term_string}\"},\"query-input\":{\"@type\":\"PropertyValueSpecification\",\"valueRequired\":true,\"valueName\":\"search_term_string\"}}],\"inLanguage\":\"es\"},{\"@type\":\"Organization\",\"@id\":\"https:\/\/crees.org.do\/#organization\",\"name\":\"CREES | Centro Regional de Estrategias Econ\u00f3micas Sostenibles\",\"url\":\"https:\/\/crees.org.do\/\",\"logo\":{\"@type\":\"ImageObject\",\"inLanguage\":\"es\",\"@id\":\"https:\/\/crees.org.do\/#\/schema\/logo\/image\/\",\"url\":\"https:\/\/crees.org.do\/wp-content\/uploads\/2022\/03\/crees-logo-1.jpg\",\"contentUrl\":\"https:\/\/crees.org.do\/wp-content\/uploads\/2022\/03\/crees-logo-1.jpg\",\"width\":244,\"height\":71,\"caption\":\"CREES | Centro Regional de Estrategias Econ\u00f3micas Sostenibles\"},\"image\":{\"@id\":\"https:\/\/crees.org.do\/#\/schema\/logo\/image\/\"},\"sameAs\":[\"https:\/\/www.facebook.com\/CREESRD\/\",\"https:\/\/x.com\/CREESRD\"]},{\"@type\":\"Person\",\"@id\":\"https:\/\/crees.org.do\/#\/schema\/person\/e7f97cd94d7bf9cd0e0ce30acb7d56b8\",\"name\":\"Crees\",\"image\":{\"@type\":\"ImageObject\",\"inLanguage\":\"es\",\"@id\":\"https:\/\/crees.org.do\/#\/schema\/person\/image\/\",\"url\":\"https:\/\/secure.gravatar.com\/avatar\/390ac8f0be5d9aa046152553e2dd7011b59a512d89c150f5e5f28bb8d9a0b165?s=96&d=mm&r=g\",\"contentUrl\":\"https:\/\/secure.gravatar.com\/avatar\/390ac8f0be5d9aa046152553e2dd7011b59a512d89c150f5e5f28bb8d9a0b165?s=96&d=mm&r=g\",\"caption\":\"Crees\"},\"url\":\"https:\/\/crees.org.do\/?author=2\"}]}<\/script>\n<!-- \/ Yoast SEO plugin. -->","yoast_head_json":{"title":"Mag\u00edn D\u00edaz: \u201cSistema tributario dominicano facilita la elusi\u00f3n\u201d | CREES","robots":{"index":"index","follow":"follow","max-snippet":"max-snippet:-1","max-image-preview":"max-image-preview:large","max-video-preview":"max-video-preview:-1"},"canonical":"https:\/\/crees.org.do\/?p=20592","og_locale":"es_ES","og_type":"article","og_title":"Mag\u00edn D\u00edaz: \u201cSistema tributario dominicano facilita la elusi\u00f3n\u201d | CREES","og_description":"Autor: Jairon SeverinoFecha: 23 de enero, 2017Extra\u00eddo de eldinero.com.do El director general de Impuestos Internos (DGII), Mag\u00edn D\u00edaz, lo afirma con propiedad: \u201cEl sistema tributario dominicano facilita la elusi\u00f3n fiscal\u201d.Con s\u00f3lo seis meses en el cargo coincide con la posici\u00f3n del Centro Regional de Estrategias Econ\u00f3micas Sostenibles (CREES), entidad que afirma que \u201cel r\u00e9gimen tributario que impera es complicado, injusto, desigual, incentiva el desempleo y la informalidad; resulta inc\u00f3modo para la administraci\u00f3n tributaria y dificulta el cumplimiento de las obligaciones de los contribuyentes\u201d.","og_url":"https:\/\/crees.org.do\/?p=20592","og_site_name":"CREES","article_publisher":"https:\/\/www.facebook.com\/CREESRD\/","article_published_time":"2017-01-01T00:00:00+00:00","og_image":[{"width":244,"height":71,"url":"https:\/\/crees.org.do\/wp-content\/uploads\/2022\/03\/crees-logo-1.jpg","type":"image\/jpeg"}],"author":"Crees","twitter_card":"summary_large_image","twitter_creator":"@CREESRD","twitter_site":"@CREESRD","twitter_misc":{"Escrito por":"Crees","Tiempo de lectura":"5 minutos"},"schema":{"@context":"https:\/\/schema.org","@graph":[{"@type":"Article","@id":"https:\/\/crees.org.do\/?p=20592#article","isPartOf":{"@id":"https:\/\/crees.org.do\/?p=20592"},"author":{"name":"Crees","@id":"https:\/\/crees.org.do\/#\/schema\/person\/e7f97cd94d7bf9cd0e0ce30acb7d56b8"},"headline":"Mag\u00edn D\u00edaz: \u201cSistema tributario dominicano facilita la elusi\u00f3n\u201d","datePublished":"2017-01-01T00:00:00+00:00","mainEntityOfPage":{"@id":"https:\/\/crees.org.do\/?p=20592"},"wordCount":957,"commentCount":0,"publisher":{"@id":"https:\/\/crees.org.do\/#organization"},"articleSection":["Blog"],"inLanguage":"es"},{"@type":"WebPage","@id":"https:\/\/crees.org.do\/?p=20592","url":"https:\/\/crees.org.do\/?p=20592","name":"Mag\u00edn D\u00edaz: \u201cSistema tributario dominicano facilita la elusi\u00f3n\u201d | CREES","isPartOf":{"@id":"https:\/\/crees.org.do\/#website"},"datePublished":"2017-01-01T00:00:00+00:00","breadcrumb":{"@id":"https:\/\/crees.org.do\/?p=20592#breadcrumb"},"inLanguage":"es","potentialAction":[{"@type":"ReadAction","target":["https:\/\/crees.org.do\/?p=20592"]}]},{"@type":"BreadcrumbList","@id":"https:\/\/crees.org.do\/?p=20592#breadcrumb","itemListElement":[{"@type":"ListItem","position":1,"name":"Portada","item":"https:\/\/crees.org.do\/"},{"@type":"ListItem","position":2,"name":"Mag\u00edn D\u00edaz: \u201cSistema tributario dominicano facilita la elusi\u00f3n\u201d"}]},{"@type":"WebSite","@id":"https:\/\/crees.org.do\/#website","url":"https:\/\/crees.org.do\/","name":"CREES","description":"Centro Regional de Estrategias Econ\u00f3micas Sostenibles","publisher":{"@id":"https:\/\/crees.org.do\/#organization"},"potentialAction":[{"@type":"SearchAction","target":{"@type":"EntryPoint","urlTemplate":"https:\/\/crees.org.do\/?s={search_term_string}"},"query-input":{"@type":"PropertyValueSpecification","valueRequired":true,"valueName":"search_term_string"}}],"inLanguage":"es"},{"@type":"Organization","@id":"https:\/\/crees.org.do\/#organization","name":"CREES | Centro Regional de Estrategias Econ\u00f3micas Sostenibles","url":"https:\/\/crees.org.do\/","logo":{"@type":"ImageObject","inLanguage":"es","@id":"https:\/\/crees.org.do\/#\/schema\/logo\/image\/","url":"https:\/\/crees.org.do\/wp-content\/uploads\/2022\/03\/crees-logo-1.jpg","contentUrl":"https:\/\/crees.org.do\/wp-content\/uploads\/2022\/03\/crees-logo-1.jpg","width":244,"height":71,"caption":"CREES | Centro Regional de Estrategias Econ\u00f3micas Sostenibles"},"image":{"@id":"https:\/\/crees.org.do\/#\/schema\/logo\/image\/"},"sameAs":["https:\/\/www.facebook.com\/CREESRD\/","https:\/\/x.com\/CREESRD"]},{"@type":"Person","@id":"https:\/\/crees.org.do\/#\/schema\/person\/e7f97cd94d7bf9cd0e0ce30acb7d56b8","name":"Crees","image":{"@type":"ImageObject","inLanguage":"es","@id":"https:\/\/crees.org.do\/#\/schema\/person\/image\/","url":"https:\/\/secure.gravatar.com\/avatar\/390ac8f0be5d9aa046152553e2dd7011b59a512d89c150f5e5f28bb8d9a0b165?s=96&d=mm&r=g","contentUrl":"https:\/\/secure.gravatar.com\/avatar\/390ac8f0be5d9aa046152553e2dd7011b59a512d89c150f5e5f28bb8d9a0b165?s=96&d=mm&r=g","caption":"Crees"},"url":"https:\/\/crees.org.do\/?author=2"}]}},"_links":{"self":[{"href":"https:\/\/crees.org.do\/index.php?rest_route=\/wp\/v2\/posts\/20592","targetHints":{"allow":["GET"]}}],"collection":[{"href":"https:\/\/crees.org.do\/index.php?rest_route=\/wp\/v2\/posts"}],"about":[{"href":"https:\/\/crees.org.do\/index.php?rest_route=\/wp\/v2\/types\/post"}],"author":[{"embeddable":true,"href":"https:\/\/crees.org.do\/index.php?rest_route=\/wp\/v2\/users\/2"}],"replies":[{"embeddable":true,"href":"https:\/\/crees.org.do\/index.php?rest_route=%2Fwp%2Fv2%2Fcomments&post=20592"}],"version-history":[{"count":0,"href":"https:\/\/crees.org.do\/index.php?rest_route=\/wp\/v2\/posts\/20592\/revisions"}],"wp:attachment":[{"href":"https:\/\/crees.org.do\/index.php?rest_route=%2Fwp%2Fv2%2Fmedia&parent=20592"}],"wp:term":[{"taxonomy":"category","embeddable":true,"href":"https:\/\/crees.org.do\/index.php?rest_route=%2Fwp%2Fv2%2Fcategories&post=20592"},{"taxonomy":"post_tag","embeddable":true,"href":"https:\/\/crees.org.do\/index.php?rest_route=%2Fwp%2Fv2%2Ftags&post=20592"}],"curies":[{"name":"wp","href":"https:\/\/api.w.org\/{rel}","templated":true}]}}