{"id":20593,"date":"2017-01-01T00:00:00","date_gmt":"2017-01-01T00:00:00","guid":{"rendered":"https:\/\/crees.org.do\/remesas-en-riesgo-el-factor-trump\/"},"modified":"2017-01-01T00:00:00","modified_gmt":"2017-01-01T00:00:00","slug":"remesas-en-riesgo-el-factor-trump","status":"publish","type":"post","link":"https:\/\/crees.org.do\/?p=20593","title":{"rendered":"Remesas en riesgo: El factor Trump"},"content":{"rendered":"<p style=\"text-align: justify;\"><strong><span style=\"font-size:12px;\"><span style=\"font-family:verdana,geneva,sans-serif;\">Autor: Central America Data&nbsp;<\/span><\/span><\/strong><\/p>\n<p style=\"text-align: justify;\"><span style=\"font-size:12px;\"><span style=\"font-family:verdana,geneva,sans-serif;\">Fecha: 30 de enero, 2017.<\/span><\/span><\/p>\n<p style=\"text-align: justify;\"><span style=\"font-size:12px;\"><span style=\"font-family:verdana,geneva,sans-serif;\">Extra\u00eddo de <a href=\"http:\/\/m.centralamericadata.com\/es\/article\/main\/Remesas_y_el_factor_Trump?u=b12845eab75942cd9f54ad8ffb65db5d&amp;s=n&amp;e=2&amp;mid=%5BMESSAGEID%5D\">centralamericadata.com&nbsp;<\/a><\/span><\/span><\/p>\n<div class=\"texto_article_subjet\" style=\"padding: 5px 0px; margin: 0px; color: rgb(102, 102, 102); font-weight: 700; font-size: 15px; line-height: 16.5px; font-family: Verdana, Geneva, Helvetica, sans-serif; text-align: justify; background-color: rgb(255, 255, 255);\"><span style=\"font-size:12px;\"><span style=\"font-family:verdana,geneva,sans-serif;\">El presidente de Estados Unidos ya est\u00e1 ejecutando su premisa &quot;Am\u00e9rica First&quot; (primero USA), lo que impone a Centroam\u00e9rica prever cambios negativos en el ingreso de divisas por remesas desde ese pa\u00eds.<\/span><\/span><\/div>\n<div class=\"texto_article_description\" style=\"padding: 5px 0px; margin: 0px; color: rgb(93, 93, 93); line-height: 19.2px; font-family: Verdana, Geneva, Helvetica, sans-serif; font-size: 16px; text-align: justify; background-color: rgb(255, 255, 255);\"><span style=\"font-size:12px;\"><span style=\"font-family:verdana,geneva,sans-serif;\">Del comunicado del Instituto Centroamericano de Estudios Fiscales (ICEFI):<br style=\"padding: 0px; margin: 0px;\" \/><br style=\"padding: 0px; margin: 0px;\" \/>Icefi recomienda cambio de modelo econ\u00f3mico y fiscal en Centroam\u00e9rica ante posible adopci\u00f3n de pol\u00edticas radicales de EE.UU.<br style=\"padding: 0px; margin: 0px;\" \/><br style=\"padding: 0px; margin: 0px;\" \/>La expectativa creciente en cuanto a que en la redefinici\u00f3n de las pol\u00edticas estadounidenses prevalezcan la institucionalidad, la moderaci\u00f3n y la sensatez, y que Latinoam\u00e9rica -y en particular Centroam\u00e9rica-, no parecieran figurar entre las principales prioridades del nuevo gobierno estadounidense, son elementos de confianza para la regi\u00f3n. Sin embargo, el riesgo de que el Presidente Trump cumpla las promesas de car\u00e1cter agresivo y radical que formul\u00f3 durante su campa\u00f1a electoral contin\u00faa estando vigente y, a criterio del Instituto Centroamericano de Estudios Fiscales (Icefi), debe analizarse con seriedad y criterios t\u00e9cnicos s\u00f3lidos.<br style=\"padding: 0px; margin: 0px;\" \/><br style=\"padding: 0px; margin: 0px;\" \/>Ante esta incertidumbre, el Icefi estudi\u00f3 los posibles impactos que sobre los pa\u00edses centroamericanos, en especial sobre sus&nbsp;<a class=\"hlink\" href=\"http:\/\/m.centralamericadata.com\/es\/search?q1=content_es_le:%22Econom%C3%ADa%22\" style=\"padding: 0px; margin: 0px; color: rgb(104, 1, 3); font-size: inherit;\" title=\"Econom\u00eda\">econom\u00edas<\/a>&nbsp;y sistemas fiscales, podr\u00edan registrarse en caso el nuevo presidente estadounidense cumpla sus propuestas m\u00e1s radicales y preocupantes en cuanto a migraci\u00f3n, comercio e inversi\u00f3n. En este sentido, el Icefi analiz\u00f3 los que podr\u00edan ser los principales canales de transmisi\u00f3n en Centroam\u00e9rica, por medio de los cuales estos pa\u00edses podr\u00edan sufrir efectos perniciosos.<br style=\"padding: 0px; margin: 0px;\" \/><br style=\"padding: 0px; margin: 0px;\" \/>En materia migratoria, durante su campa\u00f1a el ahora Presidente Trump prometi\u00f3 la construcci\u00f3n de un muro en la frontera entre EEUU y M\u00e9xico, deportaciones masivas, acciones que criminalizar\u00edan la migraci\u00f3n y una pol\u00edtica de &laquo;tolerancia cero&raquo; hacia los migrantes, con programas como &laquo;entrada-salida&raquo; (seguimiento a extranjeros que ingresen con visa para detectar los que no salgan del pa\u00eds), o &laquo;examen extremo&raquo; (para identificar caracter\u00edsticas ideol\u00f3gicas o religiosas de quienes ingresen a los EEUU). Para el Icefi, el cumplimiento de estas medidas podr\u00edan generar aspectos perjudiciales para El Salvador, Honduras y Guatemala (el denominado Tri\u00e1ngulo Norte Centroamericano), a trav\u00e9s de una disminuci\u00f3n de las<a class=\"hlink\" href=\"http:\/\/m.centralamericadata.com\/es\/search?q1=content_es_le:%22remesas%22\" style=\"padding: 0px; margin: 0px; color: rgb(104, 1, 3); font-size: inherit;\" title=\"remesas\">remesas<\/a>&nbsp;que los migrantes radicados en EEUU env\u00edan a sus familias en Centroam\u00e9rica, un rubro de importancia macroecon\u00f3mica creciente, en magnitudes comparables a las exportaciones y a la inversi\u00f3n extranjera directa que llega a esos pa\u00edses.<\/span><\/span><\/div>\n<div class=\"pvc_clear\"><\/div>\n<p class=\"pvc_stats all \" data-element-id=\"20593\" style=\"\"><i class=\"pvc-stats-icon medium\" aria-hidden=\"true\"><svg aria-hidden=\"true\" focusable=\"false\" data-prefix=\"far\" data-icon=\"chart-bar\" role=\"img\" xmlns=\"http:\/\/www.w3.org\/2000\/svg\" viewBox=\"0 0 512 512\" class=\"svg-inline--fa fa-chart-bar fa-w-16 fa-2x\"><path fill=\"currentColor\" d=\"M396.8 352h22.4c6.4 0 12.8-6.4 12.8-12.8V108.8c0-6.4-6.4-12.8-12.8-12.8h-22.4c-6.4 0-12.8 6.4-12.8 12.8v230.4c0 6.4 6.4 12.8 12.8 12.8zm-192 0h22.4c6.4 0 12.8-6.4 12.8-12.8V140.8c0-6.4-6.4-12.8-12.8-12.8h-22.4c-6.4 0-12.8 6.4-12.8 12.8v198.4c0 6.4 6.4 12.8 12.8 12.8zm96 0h22.4c6.4 0 12.8-6.4 12.8-12.8V204.8c0-6.4-6.4-12.8-12.8-12.8h-22.4c-6.4 0-12.8 6.4-12.8 12.8v134.4c0 6.4 6.4 12.8 12.8 12.8zM496 400H48V80c0-8.84-7.16-16-16-16H16C7.16 64 0 71.16 0 80v336c0 17.67 14.33 32 32 32h464c8.84 0 16-7.16 16-16v-16c0-8.84-7.16-16-16-16zm-387.2-48h22.4c6.4 0 12.8-6.4 12.8-12.8v-70.4c0-6.4-6.4-12.8-12.8-12.8h-22.4c-6.4 0-12.8 6.4-12.8 12.8v70.4c0 6.4 6.4 12.8 12.8 12.8z\" class=\"\"><\/path><\/svg><\/i> Vistas Totales&nbsp;312&nbsp;, Vistas Hoy&nbsp;2&nbsp;<\/p>\n<div class=\"pvc_clear\"><\/div>\n","protected":false},"excerpt":{"rendered":"<p>Autor: Central America Data Fecha: 30 de enero, 2017.Extra\u00eddo de centralamericadata.com El presidente de Estados Unidos ya est\u00e1 ejecutando su premisa &#8220;Am\u00e9rica First&#8221; (primero USA), lo que impone a Centroam\u00e9rica prever cambios negativos en el ingreso de divisas por remesas desde ese pa\u00eds.<\/p>\n<div class=\"pvc_clear\"><\/div>\n<p class=\"pvc_stats all \" data-element-id=\"20593\" style=\"\"><i class=\"pvc-stats-icon medium\" aria-hidden=\"true\"><svg aria-hidden=\"true\" focusable=\"false\" data-prefix=\"far\" data-icon=\"chart-bar\" role=\"img\" xmlns=\"http:\/\/www.w3.org\/2000\/svg\" viewBox=\"0 0 512 512\" class=\"svg-inline--fa fa-chart-bar fa-w-16 fa-2x\"><path fill=\"currentColor\" d=\"M396.8 352h22.4c6.4 0 12.8-6.4 12.8-12.8V108.8c0-6.4-6.4-12.8-12.8-12.8h-22.4c-6.4 0-12.8 6.4-12.8 12.8v230.4c0 6.4 6.4 12.8 12.8 12.8zm-192 0h22.4c6.4 0 12.8-6.4 12.8-12.8V140.8c0-6.4-6.4-12.8-12.8-12.8h-22.4c-6.4 0-12.8 6.4-12.8 12.8v198.4c0 6.4 6.4 12.8 12.8 12.8zm96 0h22.4c6.4 0 12.8-6.4 12.8-12.8V204.8c0-6.4-6.4-12.8-12.8-12.8h-22.4c-6.4 0-12.8 6.4-12.8 12.8v134.4c0 6.4 6.4 12.8 12.8 12.8zM496 400H48V80c0-8.84-7.16-16-16-16H16C7.16 64 0 71.16 0 80v336c0 17.67 14.33 32 32 32h464c8.84 0 16-7.16 16-16v-16c0-8.84-7.16-16-16-16zm-387.2-48h22.4c6.4 0 12.8-6.4 12.8-12.8v-70.4c0-6.4-6.4-12.8-12.8-12.8h-22.4c-6.4 0-12.8 6.4-12.8 12.8v70.4c0 6.4 6.4 12.8 12.8 12.8z\" class=\"\"><\/path><\/svg><\/i> Vistas Totales&nbsp;312&nbsp;, Vistas Hoy&nbsp;2&nbsp;<\/p>\n<div class=\"pvc_clear\"><\/div>\n","protected":false},"author":2,"featured_media":0,"comment_status":"open","ping_status":"open","sticky":false,"template":"","format":"standard","meta":{"footnotes":""},"categories":[21],"tags":[],"class_list":["post-20593","post","type-post","status-publish","format-standard","hentry","category-blog"],"yoast_head":"<!-- This site is optimized with the Yoast SEO plugin v25.2 - https:\/\/yoast.com\/wordpress\/plugins\/seo\/ -->\n<title>Remesas en riesgo: El factor Trump | CREES<\/title>\n<meta name=\"robots\" content=\"index, follow, max-snippet:-1, max-image-preview:large, max-video-preview:-1\" \/>\n<link rel=\"canonical\" href=\"https:\/\/crees.org.do\/?p=20593\" \/>\n<meta property=\"og:locale\" content=\"es_ES\" \/>\n<meta property=\"og:type\" content=\"article\" \/>\n<meta property=\"og:title\" content=\"Remesas en riesgo: El factor Trump | CREES\" \/>\n<meta property=\"og:description\" content=\"Autor: Central America Data Fecha: 30 de enero, 2017.Extra\u00eddo de centralamericadata.com El presidente de Estados Unidos ya est\u00e1 ejecutando su premisa &quot;Am\u00e9rica First&quot; (primero USA), lo que impone a Centroam\u00e9rica prever cambios negativos en el ingreso de divisas por remesas desde ese pa\u00eds.\" \/>\n<meta property=\"og:url\" content=\"https:\/\/crees.org.do\/?p=20593\" \/>\n<meta property=\"og:site_name\" content=\"CREES\" \/>\n<meta property=\"article:publisher\" content=\"https:\/\/www.facebook.com\/CREESRD\/\" \/>\n<meta property=\"article:published_time\" content=\"2017-01-01T00:00:00+00:00\" \/>\n<meta property=\"og:image\" content=\"https:\/\/crees.org.do\/wp-content\/uploads\/2022\/03\/crees-logo-1.jpg\" \/>\n\t<meta property=\"og:image:width\" content=\"244\" \/>\n\t<meta property=\"og:image:height\" content=\"71\" \/>\n\t<meta property=\"og:image:type\" content=\"image\/jpeg\" \/>\n<meta name=\"author\" content=\"Crees\" \/>\n<meta name=\"twitter:card\" content=\"summary_large_image\" \/>\n<meta name=\"twitter:creator\" content=\"@CREESRD\" \/>\n<meta name=\"twitter:site\" content=\"@CREESRD\" \/>\n<meta name=\"twitter:label1\" content=\"Escrito por\" \/>\n\t<meta name=\"twitter:data1\" content=\"Crees\" \/>\n\t<meta name=\"twitter:label2\" content=\"Tiempo de lectura\" \/>\n\t<meta name=\"twitter:data2\" content=\"2 minutos\" \/>\n<script type=\"application\/ld+json\" class=\"yoast-schema-graph\">{\"@context\":\"https:\/\/schema.org\",\"@graph\":[{\"@type\":\"Article\",\"@id\":\"https:\/\/crees.org.do\/?p=20593#article\",\"isPartOf\":{\"@id\":\"https:\/\/crees.org.do\/?p=20593\"},\"author\":{\"name\":\"Crees\",\"@id\":\"https:\/\/crees.org.do\/#\/schema\/person\/e7f97cd94d7bf9cd0e0ce30acb7d56b8\"},\"headline\":\"Remesas en riesgo: El factor Trump\",\"datePublished\":\"2017-01-01T00:00:00+00:00\",\"mainEntityOfPage\":{\"@id\":\"https:\/\/crees.org.do\/?p=20593\"},\"wordCount\":439,\"commentCount\":0,\"publisher\":{\"@id\":\"https:\/\/crees.org.do\/#organization\"},\"articleSection\":[\"Blog\"],\"inLanguage\":\"es\"},{\"@type\":\"WebPage\",\"@id\":\"https:\/\/crees.org.do\/?p=20593\",\"url\":\"https:\/\/crees.org.do\/?p=20593\",\"name\":\"Remesas en riesgo: El factor Trump | CREES\",\"isPartOf\":{\"@id\":\"https:\/\/crees.org.do\/#website\"},\"datePublished\":\"2017-01-01T00:00:00+00:00\",\"breadcrumb\":{\"@id\":\"https:\/\/crees.org.do\/?p=20593#breadcrumb\"},\"inLanguage\":\"es\",\"potentialAction\":[{\"@type\":\"ReadAction\",\"target\":[\"https:\/\/crees.org.do\/?p=20593\"]}]},{\"@type\":\"BreadcrumbList\",\"@id\":\"https:\/\/crees.org.do\/?p=20593#breadcrumb\",\"itemListElement\":[{\"@type\":\"ListItem\",\"position\":1,\"name\":\"Portada\",\"item\":\"https:\/\/crees.org.do\/\"},{\"@type\":\"ListItem\",\"position\":2,\"name\":\"Remesas en riesgo: El factor Trump\"}]},{\"@type\":\"WebSite\",\"@id\":\"https:\/\/crees.org.do\/#website\",\"url\":\"https:\/\/crees.org.do\/\",\"name\":\"CREES\",\"description\":\"Centro Regional de Estrategias Econ\u00f3micas Sostenibles\",\"publisher\":{\"@id\":\"https:\/\/crees.org.do\/#organization\"},\"potentialAction\":[{\"@type\":\"SearchAction\",\"target\":{\"@type\":\"EntryPoint\",\"urlTemplate\":\"https:\/\/crees.org.do\/?s={search_term_string}\"},\"query-input\":{\"@type\":\"PropertyValueSpecification\",\"valueRequired\":true,\"valueName\":\"search_term_string\"}}],\"inLanguage\":\"es\"},{\"@type\":\"Organization\",\"@id\":\"https:\/\/crees.org.do\/#organization\",\"name\":\"CREES | Centro Regional de Estrategias Econ\u00f3micas Sostenibles\",\"url\":\"https:\/\/crees.org.do\/\",\"logo\":{\"@type\":\"ImageObject\",\"inLanguage\":\"es\",\"@id\":\"https:\/\/crees.org.do\/#\/schema\/logo\/image\/\",\"url\":\"https:\/\/crees.org.do\/wp-content\/uploads\/2022\/03\/crees-logo-1.jpg\",\"contentUrl\":\"https:\/\/crees.org.do\/wp-content\/uploads\/2022\/03\/crees-logo-1.jpg\",\"width\":244,\"height\":71,\"caption\":\"CREES | Centro Regional de Estrategias Econ\u00f3micas Sostenibles\"},\"image\":{\"@id\":\"https:\/\/crees.org.do\/#\/schema\/logo\/image\/\"},\"sameAs\":[\"https:\/\/www.facebook.com\/CREESRD\/\",\"https:\/\/x.com\/CREESRD\"]},{\"@type\":\"Person\",\"@id\":\"https:\/\/crees.org.do\/#\/schema\/person\/e7f97cd94d7bf9cd0e0ce30acb7d56b8\",\"name\":\"Crees\",\"image\":{\"@type\":\"ImageObject\",\"inLanguage\":\"es\",\"@id\":\"https:\/\/crees.org.do\/#\/schema\/person\/image\/\",\"url\":\"https:\/\/secure.gravatar.com\/avatar\/390ac8f0be5d9aa046152553e2dd7011b59a512d89c150f5e5f28bb8d9a0b165?s=96&d=mm&r=g\",\"contentUrl\":\"https:\/\/secure.gravatar.com\/avatar\/390ac8f0be5d9aa046152553e2dd7011b59a512d89c150f5e5f28bb8d9a0b165?s=96&d=mm&r=g\",\"caption\":\"Crees\"},\"url\":\"https:\/\/crees.org.do\/?author=2\"}]}<\/script>\n<!-- \/ Yoast SEO plugin. -->","yoast_head_json":{"title":"Remesas en riesgo: El factor Trump | CREES","robots":{"index":"index","follow":"follow","max-snippet":"max-snippet:-1","max-image-preview":"max-image-preview:large","max-video-preview":"max-video-preview:-1"},"canonical":"https:\/\/crees.org.do\/?p=20593","og_locale":"es_ES","og_type":"article","og_title":"Remesas en riesgo: El factor Trump | CREES","og_description":"Autor: Central America Data Fecha: 30 de enero, 2017.Extra\u00eddo de centralamericadata.com El presidente de Estados Unidos ya est\u00e1 ejecutando su premisa \"Am\u00e9rica First\" (primero USA), lo que impone a Centroam\u00e9rica prever cambios negativos en el ingreso de divisas por remesas desde ese pa\u00eds.","og_url":"https:\/\/crees.org.do\/?p=20593","og_site_name":"CREES","article_publisher":"https:\/\/www.facebook.com\/CREESRD\/","article_published_time":"2017-01-01T00:00:00+00:00","og_image":[{"width":244,"height":71,"url":"https:\/\/crees.org.do\/wp-content\/uploads\/2022\/03\/crees-logo-1.jpg","type":"image\/jpeg"}],"author":"Crees","twitter_card":"summary_large_image","twitter_creator":"@CREESRD","twitter_site":"@CREESRD","twitter_misc":{"Escrito por":"Crees","Tiempo de lectura":"2 minutos"},"schema":{"@context":"https:\/\/schema.org","@graph":[{"@type":"Article","@id":"https:\/\/crees.org.do\/?p=20593#article","isPartOf":{"@id":"https:\/\/crees.org.do\/?p=20593"},"author":{"name":"Crees","@id":"https:\/\/crees.org.do\/#\/schema\/person\/e7f97cd94d7bf9cd0e0ce30acb7d56b8"},"headline":"Remesas en riesgo: El factor Trump","datePublished":"2017-01-01T00:00:00+00:00","mainEntityOfPage":{"@id":"https:\/\/crees.org.do\/?p=20593"},"wordCount":439,"commentCount":0,"publisher":{"@id":"https:\/\/crees.org.do\/#organization"},"articleSection":["Blog"],"inLanguage":"es"},{"@type":"WebPage","@id":"https:\/\/crees.org.do\/?p=20593","url":"https:\/\/crees.org.do\/?p=20593","name":"Remesas en riesgo: El factor Trump | CREES","isPartOf":{"@id":"https:\/\/crees.org.do\/#website"},"datePublished":"2017-01-01T00:00:00+00:00","breadcrumb":{"@id":"https:\/\/crees.org.do\/?p=20593#breadcrumb"},"inLanguage":"es","potentialAction":[{"@type":"ReadAction","target":["https:\/\/crees.org.do\/?p=20593"]}]},{"@type":"BreadcrumbList","@id":"https:\/\/crees.org.do\/?p=20593#breadcrumb","itemListElement":[{"@type":"ListItem","position":1,"name":"Portada","item":"https:\/\/crees.org.do\/"},{"@type":"ListItem","position":2,"name":"Remesas en riesgo: El factor Trump"}]},{"@type":"WebSite","@id":"https:\/\/crees.org.do\/#website","url":"https:\/\/crees.org.do\/","name":"CREES","description":"Centro Regional de Estrategias Econ\u00f3micas Sostenibles","publisher":{"@id":"https:\/\/crees.org.do\/#organization"},"potentialAction":[{"@type":"SearchAction","target":{"@type":"EntryPoint","urlTemplate":"https:\/\/crees.org.do\/?s={search_term_string}"},"query-input":{"@type":"PropertyValueSpecification","valueRequired":true,"valueName":"search_term_string"}}],"inLanguage":"es"},{"@type":"Organization","@id":"https:\/\/crees.org.do\/#organization","name":"CREES | Centro Regional de Estrategias Econ\u00f3micas Sostenibles","url":"https:\/\/crees.org.do\/","logo":{"@type":"ImageObject","inLanguage":"es","@id":"https:\/\/crees.org.do\/#\/schema\/logo\/image\/","url":"https:\/\/crees.org.do\/wp-content\/uploads\/2022\/03\/crees-logo-1.jpg","contentUrl":"https:\/\/crees.org.do\/wp-content\/uploads\/2022\/03\/crees-logo-1.jpg","width":244,"height":71,"caption":"CREES | Centro Regional de Estrategias Econ\u00f3micas Sostenibles"},"image":{"@id":"https:\/\/crees.org.do\/#\/schema\/logo\/image\/"},"sameAs":["https:\/\/www.facebook.com\/CREESRD\/","https:\/\/x.com\/CREESRD"]},{"@type":"Person","@id":"https:\/\/crees.org.do\/#\/schema\/person\/e7f97cd94d7bf9cd0e0ce30acb7d56b8","name":"Crees","image":{"@type":"ImageObject","inLanguage":"es","@id":"https:\/\/crees.org.do\/#\/schema\/person\/image\/","url":"https:\/\/secure.gravatar.com\/avatar\/390ac8f0be5d9aa046152553e2dd7011b59a512d89c150f5e5f28bb8d9a0b165?s=96&d=mm&r=g","contentUrl":"https:\/\/secure.gravatar.com\/avatar\/390ac8f0be5d9aa046152553e2dd7011b59a512d89c150f5e5f28bb8d9a0b165?s=96&d=mm&r=g","caption":"Crees"},"url":"https:\/\/crees.org.do\/?author=2"}]}},"_links":{"self":[{"href":"https:\/\/crees.org.do\/index.php?rest_route=\/wp\/v2\/posts\/20593","targetHints":{"allow":["GET"]}}],"collection":[{"href":"https:\/\/crees.org.do\/index.php?rest_route=\/wp\/v2\/posts"}],"about":[{"href":"https:\/\/crees.org.do\/index.php?rest_route=\/wp\/v2\/types\/post"}],"author":[{"embeddable":true,"href":"https:\/\/crees.org.do\/index.php?rest_route=\/wp\/v2\/users\/2"}],"replies":[{"embeddable":true,"href":"https:\/\/crees.org.do\/index.php?rest_route=%2Fwp%2Fv2%2Fcomments&post=20593"}],"version-history":[{"count":0,"href":"https:\/\/crees.org.do\/index.php?rest_route=\/wp\/v2\/posts\/20593\/revisions"}],"wp:attachment":[{"href":"https:\/\/crees.org.do\/index.php?rest_route=%2Fwp%2Fv2%2Fmedia&parent=20593"}],"wp:term":[{"taxonomy":"category","embeddable":true,"href":"https:\/\/crees.org.do\/index.php?rest_route=%2Fwp%2Fv2%2Fcategories&post=20593"},{"taxonomy":"post_tag","embeddable":true,"href":"https:\/\/crees.org.do\/index.php?rest_route=%2Fwp%2Fv2%2Ftags&post=20593"}],"curies":[{"name":"wp","href":"https:\/\/api.w.org\/{rel}","templated":true}]}}