{"id":20594,"date":"2017-01-01T00:00:00","date_gmt":"2017-01-01T00:00:00","guid":{"rendered":"https:\/\/crees.org.do\/dominicana-sigue-a-puerto-rico-y-venezuela-en-camino-de-la-insostenibilidad-fiscal\/"},"modified":"2017-01-01T00:00:00","modified_gmt":"2017-01-01T00:00:00","slug":"dominicana-sigue-a-puerto-rico-y-venezuela-en-camino-de-la-insostenibilidad-fiscal","status":"publish","type":"post","link":"https:\/\/crees.org.do\/?p=20594","title":{"rendered":"Dominicana sigue a Puerto Rico y Venezuela en camino de la insostenibilidad fiscal"},"content":{"rendered":"<p style=\"text-align: justify;\"><strong><span style=\"font-size:12px;\"><span style=\"font-family:verdana,geneva,sans-serif;\">Autor: Antonio Mar\u00eda Delgado&nbsp;<\/span><\/span><\/strong><\/p>\n<p style=\"text-align: justify;\"><span style=\"font-size:12px;\"><span style=\"font-family:verdana,geneva,sans-serif;\">Fecha: 29 de enero, 2017&nbsp;<\/span><\/span><\/p>\n<p style=\"text-align: justify;\"><span style=\"font-size:12px;\"><span style=\"font-family:verdana,geneva,sans-serif;\">Extra\u00eddo de <a href=\"http:\/\/www.elnuevoherald.com\/noticias\/mundo\/america-latina\/article129490124.html\">elnuevoherald.com<\/a><\/span><\/span><\/p>\n<p style=\"box-sizing: border-box; margin-bottom: 10px; line-height: 1.5em; font-family: Lyon, Georgia, serif; font-size: 17px; color: rgb(0, 0, 0); text-align: justify; background-color: rgb(255, 255, 255);\"><span style=\"font-size:12px;\"><span style=\"font-family:verdana,geneva,sans-serif;\">Rep\u00fablica Dominicana parece haber adoptado la misma receta que ha conducido a otros pa\u00edses al desastre econ\u00f3mico, incurriendo en pr\u00e9stamos a tasas excesivamente altas para financiar un desenfrenado gasto p\u00fablico.<\/span><\/span><\/p>\n<p style=\"box-sizing: border-box; margin-bottom: 10px; line-height: 1.5em; font-family: Lyon, Georgia, serif; font-size: 17px; color: rgb(0, 0, 0); text-align: justify; background-color: rgb(255, 255, 255);\"><span style=\"font-size:12px;\"><span style=\"font-family:verdana,geneva,sans-serif;\">Expertos consultados advierten que el peso de la deuda ha alcanzado niveles alarmantes para la naci\u00f3n caribe\u00f1a, cuyo gobierno por otro lado se reh\u00fasa a ejercer mayores controles sobre el gasto, una desastrosa combinaci\u00f3n que hace aumentar el riesgo de un default.<\/span><\/span><\/p>\n<div style=\"box-sizing: border-box; width: 1px; height: 1px; color: rgb(0, 0, 0); font-stretch: normal; font-size: 10pt; line-height: normal; font-family: sans-serif; overflow: hidden; text-align: justify;\"><br style=\"box-sizing: border-box;\" \/><span style=\"font-size:12px;\"><span style=\"font-family:verdana,geneva,sans-serif;\">Read more here: http:\/\/www.elnuevoherald.com\/noticias\/mundo\/america-latina\/article129490124.html#storylink=cpy<\/span><\/span><\/div>\n<p style=\"text-align: justify;\"><span style=\"font-size:12px;\"><span style=\"font-family:verdana,geneva,sans-serif;\"><span style=\"color: rgb(0, 0, 0); line-height: 25.5px; background-color: rgb(255, 255, 255);\">&ldquo;El pago de intereses ya es casi una cuarta parte del presupuesto del Estado&rdquo;, dijo Ernesto Selman, director ejecutivo del Centro Regional de Estudios Econ\u00f3micos para la Sostenibilidad (CREES).<\/span><\/span><\/span><\/p>\n<p style=\"text-align: justify;\"><span style=\"font-size:12px;\"><span style=\"font-family:verdana,geneva,sans-serif;\"><span style=\"color: rgb(0, 0, 0); line-height: 1.5em; background-color: rgb(255, 255, 255);\">&ldquo;Si no hay un cambio de tendencias en el mediano plazo, Rep\u00fablica Dominicana estar\u00eda corriendo el riesgo de volver a entrar en una situaci\u00f3n de default. No es una situaci\u00f3n inminente, y hay una oportunidad de cambio de esa tendencia, pero si en los pr\u00f3ximos a\u00f1os no cambia, eso es lo que va a ocurrir&rdquo;, agreg\u00f3.<\/span><\/span><\/span><\/p>\n<p style=\"box-sizing: border-box; margin-bottom: 10px; line-height: 1.5em; font-family: Lyon, Georgia, serif; font-size: 17px; color: rgb(0, 0, 0); text-align: justify; background-color: rgb(255, 255, 255);\"><span style=\"font-size:12px;\"><span style=\"font-family:verdana,geneva,sans-serif;\">CREES forma parte de un creciente coro de voces que han estado advirtiendo que Rep\u00fablica Dominicana deambula por el mismo camino de irresponsabilidad fiscal que han conducido a Puerto Rico, Venezuela y Brasil a la penuria econ\u00f3mica.<\/span><\/span><\/p>\n<p style=\"box-sizing: border-box; margin-bottom: 10px; line-height: 1.5em; font-family: Lyon, Georgia, serif; font-size: 17px; color: rgb(0, 0, 0); text-align: justify; background-color: rgb(255, 255, 255);\"><span style=\"font-size:12px;\"><span style=\"font-family:verdana,geneva,sans-serif;\">&ldquo;Son pol\u00edticas que al final son insostenibles&rdquo;, insiste Selman. &ldquo;Y eso lo decimos porque la Rep\u00fablica dominicana ha asumido d\u00e9ficit fiscales, a\u00f1o tras a\u00f1os, con excepci\u00f3n de un a\u00f1o, desde el a\u00f1o 2000 para ac\u00e1&rdquo;.<\/span><\/span><\/p>\n<p style=\"box-sizing: border-box; margin-bottom: 10px; line-height: 1.5em; font-family: Lyon, Georgia, serif; font-size: 17px; color: rgb(0, 0, 0); text-align: justify; background-color: rgb(255, 255, 255);\"><span style=\"font-size:12px;\"><span style=\"font-family:verdana,geneva,sans-serif;\">Y esos d\u00e9ficit fiscales se han financiado con endeudamiento.<\/span><\/span><\/p>\n<p style=\"box-sizing: border-box; margin-bottom: 10px; line-height: 1.5em; font-family: Lyon, Georgia, serif; font-size: 17px; color: rgb(0, 0, 0); text-align: justify; background-color: rgb(255, 255, 255);\"><span style=\"font-size:12px;\"><span style=\"font-family:verdana,geneva,sans-serif;\">Las cifras del Fondo Monetario Internacional colocaban la deuda p\u00fablica consolidada dominicana en el equivalente de 48.5 por ciento del Producto Interno Bruto en el 2015, y para el 2016 estimaba que alcanzar\u00eda el 49.5 por ciento.<\/span><\/span><\/p>\n<div style=\"box-sizing: border-box; width: 1px; height: 1px; color: rgb(0, 0, 0); font-stretch: normal; font-size: 10pt; line-height: normal; font-family: sans-serif; overflow: hidden; text-align: justify;\"><br style=\"box-sizing: border-box;\" \/><span style=\"font-size:12px;\"><span style=\"font-family:verdana,geneva,sans-serif;\">Read more here: http:\/\/www.elnuevoherald.com\/noticias\/mundo\/america-latina\/article129490124.html#storylink=cpy<\/span><\/span><\/div>\n<p style=\"text-align: justify;\"><span style=\"font-size:12px;\"><span style=\"font-family:verdana,geneva,sans-serif;\"><span style=\"color: rgb(0, 0, 0); line-height: 25.5px; background-color: rgb(255, 255, 255);\">Gran parte del problema son las altas tasas de inter\u00e9s que el pa\u00eds paga por esos pr\u00e9stamos, se\u00f1al\u00f3 Miguel Ceara, profesor investigador de la Pontificia Universidad Cat\u00f3lica Madre y Maestra, centro de estudios privado dominicano.<\/span><\/span><\/span><\/p>\n<p style=\"text-align: justify;\"><span style=\"font-size:12px;\"><span style=\"font-family:verdana,geneva,sans-serif;\"><span style=\"color: rgb(0, 0, 0); line-height: 1.5em; background-color: rgb(255, 255, 255);\">La tasa de inter\u00e9s promedio est\u00e1 por encima del 8 por ciento, y eso obliga a que el gobierno tenga que dedicar al pago de intereses una una enorme cantidad de recursos.<\/span><\/span><\/span><\/p>\n<p style=\"box-sizing: border-box; margin-bottom: 10px; line-height: 1.5em; font-family: Lyon, Georgia, serif; font-size: 17px; color: rgb(0, 0, 0); text-align: justify; background-color: rgb(255, 255, 255);\"><span style=\"font-size:12px;\"><span style=\"font-family:verdana,geneva,sans-serif;\">La suma de los intereses que paga el gobierno central y del Cuasi fiscal del Banco Central alcanza el 4.08 por ciento del PIB, escribi\u00f3 Ceara recientemente en un informe. &ldquo;Eso es m\u00e1s de lo que se destina al Ministerio de Educaci\u00f3n&rdquo;, enfatiz\u00f3.<\/span><\/span><\/p>\n<p style=\"box-sizing: border-box; margin-bottom: 10px; line-height: 1.5em; font-family: Lyon, Georgia, serif; font-size: 17px; color: rgb(0, 0, 0); text-align: justify; background-color: rgb(255, 255, 255);\"><span style=\"font-size:12px;\"><span style=\"font-family:verdana,geneva,sans-serif;\">Ceara dijo en una entrevista telef\u00f3nica que la deuda consolidada, la suma del costo de la deuda del gobierno central y la del Banco Central, ha llevado a que 29 de cada 100 pesos recaudados por concepto de impuestos se dediquen al pago de intereses.<\/span><\/span><\/p>\n<p style=\"box-sizing: border-box; margin-bottom: 10px; line-height: 1.5em; font-family: Lyon, Georgia, serif; font-size: 17px; color: rgb(0, 0, 0); text-align: justify; background-color: rgb(255, 255, 255);\"><span style=\"font-size:12px;\"><span style=\"font-family:verdana,geneva,sans-serif;\">Pero tal como ha ocurrido en pa\u00edses como Venezuela, gran parte de los fondos obtenidos a trav\u00e9s de ese endeudamiento se ha destinado a fines dudosos.<\/span><\/span><\/p>\n<div style=\"box-sizing: border-box; width: 1px; height: 1px; color: rgb(0, 0, 0); font-stretch: normal; font-size: 10pt; line-height: normal; font-family: sans-serif; overflow: hidden; text-align: justify;\"><br style=\"box-sizing: border-box;\" \/><span style=\"font-size:12px;\"><span style=\"font-family:verdana,geneva,sans-serif;\">Read more here: http:\/\/www.elnuevoherald.com\/noticias\/mundo\/america-latina\/article129490124.html#storylink=cpy<\/span><\/span><\/div>\n<p style=\"box-sizing: border-box; margin-bottom: 10px; line-height: 1.5em; font-family: Lyon, Georgia, serif; font-size: 17px; color: rgb(0, 0, 0); text-align: justify; background-color: rgb(255, 255, 255);\"><span style=\"font-size:12px;\"><span style=\"font-family:verdana,geneva,sans-serif;\">&ldquo;Con esa deuda se pag\u00f3 el fraude Odebrecht, la sobrevaloraci\u00f3n de obras en esos proyectos y la sobrevaloraci\u00f3n que hubo con los aviones Tucano, m\u00e1s la comisi\u00f3n ilegal que se pag\u00f3&rdquo;.<\/span><\/span><\/p>\n<p style=\"box-sizing: border-box; margin-bottom: 10px; line-height: 1.5em; font-family: Lyon, Georgia, serif; font-size: 17px; color: rgb(0, 0, 0); text-align: justify; background-color: rgb(255, 255, 255);\"><span style=\"font-size:12px;\"><span style=\"font-family:verdana,geneva,sans-serif;\">Seg\u00fan una investigaci\u00f3n realizada por el diario The Wall Street Journal, la empresa aeron\u00e1utica brasile\u00f1a Embraer pag\u00f3 sobornos a pol\u00edticos y militares dominicanos para que aprobaran un contrato de $92 millones para la compra de los aviones Super Tucano.<\/span><\/span><\/p>\n<p style=\"box-sizing: border-box; margin-bottom: 10px; line-height: 1.5em; font-family: Lyon, Georgia, serif; font-size: 17px; color: rgb(0, 0, 0); text-align: justify; background-color: rgb(255, 255, 255);\"><span style=\"font-size:12px;\"><span style=\"font-family:verdana,geneva,sans-serif;\">De la misma manera, Rep\u00fablica Dominicana est\u00e1 inmersa en el esc\u00e1ndalo de corrupci\u00f3n relacionado con la tambi\u00e9n brasile\u00f1a Odebrecht, el segundo pa\u00eds &mdash;Venezuela fue el primero&mdash; que m\u00e1s recibi\u00f3 sobornos para la obtenci\u00f3n de jugosos contratos de construcci\u00f3n.<\/span><\/span><\/p>\n<p style=\"box-sizing: border-box; margin-bottom: 10px; line-height: 1.5em; font-family: Lyon, Georgia, serif; font-size: 17px; color: rgb(0, 0, 0); text-align: justify; background-color: rgb(255, 255, 255);\"><span style=\"font-size:12px;\"><span style=\"font-family:verdana,geneva,sans-serif;\">&ldquo;Hay partidas [de gastos] que son incomprensibles&rdquo;, dijo Ceara. &ldquo;Hay un gran problema de sobrevalorizaci\u00f3n de obras. Obras que se presupuestan en 100, y aparecen ejecutadas no en 150, sino en 300 o en 400. Se multiplican por tres o por cuatro&rdquo;.<\/span><\/span><\/p>\n<p style=\"box-sizing: border-box; margin-bottom: 10px; line-height: 1.5em; font-family: Lyon, Georgia, serif; font-size: 17px; color: rgb(0, 0, 0); text-align: justify; background-color: rgb(255, 255, 255);\"><span style=\"font-size:12px;\"><span style=\"font-family:verdana,geneva,sans-serif;\">Pero parte de los problemas econ\u00f3micos de Rep\u00fablica Dominicana est\u00e1 en los altos subsidios que paga en el sector el\u00e9ctrico, operado por empresas estatales deficitarias, agreg\u00f3 Selman.<\/span><\/span><\/p>\n<div style=\"box-sizing: border-box; width: 1px; height: 1px; color: rgb(0, 0, 0); font-stretch: normal; font-size: 10pt; line-height: normal; font-family: sans-serif; overflow: hidden; text-align: justify;\"><br style=\"box-sizing: border-box;\" \/><span style=\"font-size:12px;\"><span style=\"font-family:verdana,geneva,sans-serif;\">Read more here: http:\/\/www.elnuevoherald.com\/noticias\/mundo\/america-latina\/article129490124.html#storylink=cpy<\/span><\/span><\/div>\n<p style=\"box-sizing: border-box; margin-bottom: 10px; line-height: 1.5em; font-family: Lyon, Georgia, serif; font-size: 17px; color: rgb(0, 0, 0); text-align: justify; background-color: rgb(255, 255, 255);\"><span style=\"font-size:12px;\"><span style=\"font-family:verdana,geneva,sans-serif;\">&ldquo;Eso es una similitud a la situaci\u00f3n de Puerto Rico, donde parte de los problemas econ\u00f3micos tambi\u00e9n parten de la energ\u00eda el\u00e9ctrica y el costo del servicio el\u00e9ctrico&rdquo;, explic\u00f3 Selman.<\/span><\/span><\/p>\n<p style=\"box-sizing: border-box; margin-bottom: 10px; line-height: 1.5em; font-family: Lyon, Georgia, serif; font-size: 17px; color: rgb(0, 0, 0); text-align: justify; background-color: rgb(255, 255, 255);\"><span style=\"font-size:12px;\"><span style=\"font-family:verdana,geneva,sans-serif;\">&ldquo;El tema es que las distribuidoras son del estado y son muy ineficientes; pierden una tercera parte de la electricidad que compran, y encima de eso dejan de cobrar el 3 por ciento de lo que facturan&rdquo;, agreg\u00f3.<\/span><\/span><\/p>\n<div class=\"ng_endnote_contact\" style=\"box-sizing: border-box; font-style: italic; margin: 35px 0px; color: rgb(0, 0, 0); font-family: 'McClatchy Sans', Arial, 'Helvetica Neue', Helvetica, sans-serif; line-height: 20px; background-color: rgb(255, 255, 255);\">\n<p style=\"box-sizing: border-box; margin-bottom: 10px; line-height: 1.5em; font-family: Lyon, Georgia, serif; text-align: justify;\">&nbsp;<\/p>\n<div style=\"box-sizing: border-box; width: 1px; height: 1px; font-style: normal; font-stretch: normal; font-size: 10pt; line-height: normal; font-family: sans-serif; overflow: hidden; text-align: justify;\"><br style=\"box-sizing: border-box;\" \/><span style=\"font-size:12px;\"><span style=\"font-family:verdana,geneva,sans-serif;\">Read more here: http:\/\/www.elnuevoherald.com\/noticias\/mundo\/america-latina\/article129490124.html#storylink=cpy<\/span><\/span><\/div>\n<\/div>\n<div style=\"box-sizing: border-box; color: rgb(0, 0, 0); width: 1px; height: 1px; font-stretch: normal; font-size: 10pt; line-height: normal; font-family: sans-serif; overflow: hidden; text-align: justify; background-color: rgb(255, 255, 255);\"><br style=\"box-sizing: border-box;\" \/><span style=\"font-size:12px;\"><span style=\"font-family:verdana,geneva,sans-serif;\">Read more here: http:\/\/www.elnuevoherald.com\/noticias\/mundo\/america-latina\/article129490124.html#storylink=cpy<\/span><\/span><\/div>\n<div style=\"box-sizing: border-box; color: rgb(0, 0, 0); width: 1px; height: 1px; font-stretch: normal; font-size: 10pt; line-height: normal; font-family: sans-serif; overflow: hidden; text-align: justify; background-color: rgb(255, 255, 255);\"><br style=\"box-sizing: border-box;\" \/><span style=\"font-size:12px;\"><span style=\"font-family:verdana,geneva,sans-serif;\">Read more here: http:\/\/www.elnuevoherald.com\/noticias\/mundo\/america-latina\/article129490124.html#storylink=cpy<\/span><\/span><\/div>\n<div class=\"pvc_clear\"><\/div>\n<p class=\"pvc_stats all \" data-element-id=\"20594\" style=\"\"><i class=\"pvc-stats-icon medium\" aria-hidden=\"true\"><svg aria-hidden=\"true\" focusable=\"false\" data-prefix=\"far\" data-icon=\"chart-bar\" role=\"img\" xmlns=\"http:\/\/www.w3.org\/2000\/svg\" viewBox=\"0 0 512 512\" class=\"svg-inline--fa fa-chart-bar fa-w-16 fa-2x\"><path fill=\"currentColor\" d=\"M396.8 352h22.4c6.4 0 12.8-6.4 12.8-12.8V108.8c0-6.4-6.4-12.8-12.8-12.8h-22.4c-6.4 0-12.8 6.4-12.8 12.8v230.4c0 6.4 6.4 12.8 12.8 12.8zm-192 0h22.4c6.4 0 12.8-6.4 12.8-12.8V140.8c0-6.4-6.4-12.8-12.8-12.8h-22.4c-6.4 0-12.8 6.4-12.8 12.8v198.4c0 6.4 6.4 12.8 12.8 12.8zm96 0h22.4c6.4 0 12.8-6.4 12.8-12.8V204.8c0-6.4-6.4-12.8-12.8-12.8h-22.4c-6.4 0-12.8 6.4-12.8 12.8v134.4c0 6.4 6.4 12.8 12.8 12.8zM496 400H48V80c0-8.84-7.16-16-16-16H16C7.16 64 0 71.16 0 80v336c0 17.67 14.33 32 32 32h464c8.84 0 16-7.16 16-16v-16c0-8.84-7.16-16-16-16zm-387.2-48h22.4c6.4 0 12.8-6.4 12.8-12.8v-70.4c0-6.4-6.4-12.8-12.8-12.8h-22.4c-6.4 0-12.8 6.4-12.8 12.8v70.4c0 6.4 6.4 12.8 12.8 12.8z\" class=\"\"><\/path><\/svg><\/i> Vistas Totales&nbsp;279&nbsp;, Vistas Hoy&nbsp;2&nbsp;<\/p>\n<div class=\"pvc_clear\"><\/div>\n","protected":false},"excerpt":{"rendered":"<p>Autor: Antonio Mar\u00eda Delgado Fecha: 29 de enero, 2017 Extra\u00eddo de elnuevoherald.comRep\u00fablica Dominicana parece haber adoptado la misma receta que ha conducido a otros pa\u00edses al desastre econ\u00f3mico, incurriendo en pr\u00e9stamos a tasas excesivamente altas para financiar un desenfrenado gasto p\u00fablico.<\/p>\n<div class=\"pvc_clear\"><\/div>\n<p class=\"pvc_stats all \" data-element-id=\"20594\" style=\"\"><i class=\"pvc-stats-icon medium\" aria-hidden=\"true\"><svg aria-hidden=\"true\" focusable=\"false\" data-prefix=\"far\" data-icon=\"chart-bar\" role=\"img\" xmlns=\"http:\/\/www.w3.org\/2000\/svg\" viewBox=\"0 0 512 512\" class=\"svg-inline--fa fa-chart-bar fa-w-16 fa-2x\"><path fill=\"currentColor\" d=\"M396.8 352h22.4c6.4 0 12.8-6.4 12.8-12.8V108.8c0-6.4-6.4-12.8-12.8-12.8h-22.4c-6.4 0-12.8 6.4-12.8 12.8v230.4c0 6.4 6.4 12.8 12.8 12.8zm-192 0h22.4c6.4 0 12.8-6.4 12.8-12.8V140.8c0-6.4-6.4-12.8-12.8-12.8h-22.4c-6.4 0-12.8 6.4-12.8 12.8v198.4c0 6.4 6.4 12.8 12.8 12.8zm96 0h22.4c6.4 0 12.8-6.4 12.8-12.8V204.8c0-6.4-6.4-12.8-12.8-12.8h-22.4c-6.4 0-12.8 6.4-12.8 12.8v134.4c0 6.4 6.4 12.8 12.8 12.8zM496 400H48V80c0-8.84-7.16-16-16-16H16C7.16 64 0 71.16 0 80v336c0 17.67 14.33 32 32 32h464c8.84 0 16-7.16 16-16v-16c0-8.84-7.16-16-16-16zm-387.2-48h22.4c6.4 0 12.8-6.4 12.8-12.8v-70.4c0-6.4-6.4-12.8-12.8-12.8h-22.4c-6.4 0-12.8 6.4-12.8 12.8v70.4c0 6.4 6.4 12.8 12.8 12.8z\" class=\"\"><\/path><\/svg><\/i> Vistas Totales&nbsp;279&nbsp;, Vistas Hoy&nbsp;2&nbsp;<\/p>\n<div class=\"pvc_clear\"><\/div>\n","protected":false},"author":2,"featured_media":0,"comment_status":"open","ping_status":"open","sticky":false,"template":"","format":"standard","meta":{"footnotes":""},"categories":[21],"tags":[],"class_list":["post-20594","post","type-post","status-publish","format-standard","hentry","category-blog"],"yoast_head":"<!-- This site is optimized with the Yoast SEO plugin v25.2 - https:\/\/yoast.com\/wordpress\/plugins\/seo\/ -->\n<title>Dominicana sigue a Puerto Rico y Venezuela en camino de la insostenibilidad fiscal | CREES<\/title>\n<meta name=\"robots\" content=\"index, follow, max-snippet:-1, max-image-preview:large, max-video-preview:-1\" \/>\n<link rel=\"canonical\" href=\"https:\/\/crees.org.do\/?p=20594\" \/>\n<meta property=\"og:locale\" content=\"es_ES\" \/>\n<meta property=\"og:type\" content=\"article\" \/>\n<meta property=\"og:title\" content=\"Dominicana sigue a Puerto Rico y Venezuela en camino de la insostenibilidad fiscal | CREES\" \/>\n<meta property=\"og:description\" content=\"Autor: Antonio Mar\u00eda Delgado Fecha: 29 de enero, 2017 Extra\u00eddo de elnuevoherald.comRep\u00fablica Dominicana parece haber adoptado la misma receta que ha conducido a otros pa\u00edses al desastre econ\u00f3mico, incurriendo en pr\u00e9stamos a tasas excesivamente altas para financiar un desenfrenado gasto p\u00fablico.\" \/>\n<meta property=\"og:url\" content=\"https:\/\/crees.org.do\/?p=20594\" \/>\n<meta property=\"og:site_name\" content=\"CREES\" \/>\n<meta property=\"article:publisher\" content=\"https:\/\/www.facebook.com\/CREESRD\/\" \/>\n<meta property=\"article:published_time\" content=\"2017-01-01T00:00:00+00:00\" \/>\n<meta property=\"og:image\" content=\"https:\/\/crees.org.do\/wp-content\/uploads\/2022\/03\/crees-logo-1.jpg\" \/>\n\t<meta property=\"og:image:width\" content=\"244\" \/>\n\t<meta property=\"og:image:height\" content=\"71\" \/>\n\t<meta property=\"og:image:type\" content=\"image\/jpeg\" \/>\n<meta name=\"author\" content=\"Crees\" \/>\n<meta name=\"twitter:card\" content=\"summary_large_image\" \/>\n<meta name=\"twitter:creator\" content=\"@CREESRD\" \/>\n<meta name=\"twitter:site\" content=\"@CREESRD\" \/>\n<meta name=\"twitter:label1\" content=\"Escrito por\" \/>\n\t<meta name=\"twitter:data1\" content=\"Crees\" \/>\n\t<meta name=\"twitter:label2\" content=\"Tiempo de lectura\" \/>\n\t<meta name=\"twitter:data2\" content=\"4 minutos\" \/>\n<script type=\"application\/ld+json\" class=\"yoast-schema-graph\">{\"@context\":\"https:\/\/schema.org\",\"@graph\":[{\"@type\":\"Article\",\"@id\":\"https:\/\/crees.org.do\/?p=20594#article\",\"isPartOf\":{\"@id\":\"https:\/\/crees.org.do\/?p=20594\"},\"author\":{\"name\":\"Crees\",\"@id\":\"https:\/\/crees.org.do\/#\/schema\/person\/e7f97cd94d7bf9cd0e0ce30acb7d56b8\"},\"headline\":\"Dominicana sigue a Puerto Rico y Venezuela en camino de la insostenibilidad fiscal\",\"datePublished\":\"2017-01-01T00:00:00+00:00\",\"mainEntityOfPage\":{\"@id\":\"https:\/\/crees.org.do\/?p=20594\"},\"wordCount\":903,\"commentCount\":0,\"publisher\":{\"@id\":\"https:\/\/crees.org.do\/#organization\"},\"articleSection\":[\"Blog\"],\"inLanguage\":\"es\"},{\"@type\":\"WebPage\",\"@id\":\"https:\/\/crees.org.do\/?p=20594\",\"url\":\"https:\/\/crees.org.do\/?p=20594\",\"name\":\"Dominicana sigue a Puerto Rico y Venezuela en camino de la insostenibilidad fiscal | CREES\",\"isPartOf\":{\"@id\":\"https:\/\/crees.org.do\/#website\"},\"datePublished\":\"2017-01-01T00:00:00+00:00\",\"breadcrumb\":{\"@id\":\"https:\/\/crees.org.do\/?p=20594#breadcrumb\"},\"inLanguage\":\"es\",\"potentialAction\":[{\"@type\":\"ReadAction\",\"target\":[\"https:\/\/crees.org.do\/?p=20594\"]}]},{\"@type\":\"BreadcrumbList\",\"@id\":\"https:\/\/crees.org.do\/?p=20594#breadcrumb\",\"itemListElement\":[{\"@type\":\"ListItem\",\"position\":1,\"name\":\"Portada\",\"item\":\"https:\/\/crees.org.do\/\"},{\"@type\":\"ListItem\",\"position\":2,\"name\":\"Dominicana sigue a Puerto Rico y Venezuela en camino de la insostenibilidad fiscal\"}]},{\"@type\":\"WebSite\",\"@id\":\"https:\/\/crees.org.do\/#website\",\"url\":\"https:\/\/crees.org.do\/\",\"name\":\"CREES\",\"description\":\"Centro Regional de Estrategias Econ\u00f3micas Sostenibles\",\"publisher\":{\"@id\":\"https:\/\/crees.org.do\/#organization\"},\"potentialAction\":[{\"@type\":\"SearchAction\",\"target\":{\"@type\":\"EntryPoint\",\"urlTemplate\":\"https:\/\/crees.org.do\/?s={search_term_string}\"},\"query-input\":{\"@type\":\"PropertyValueSpecification\",\"valueRequired\":true,\"valueName\":\"search_term_string\"}}],\"inLanguage\":\"es\"},{\"@type\":\"Organization\",\"@id\":\"https:\/\/crees.org.do\/#organization\",\"name\":\"CREES | Centro Regional de Estrategias Econ\u00f3micas Sostenibles\",\"url\":\"https:\/\/crees.org.do\/\",\"logo\":{\"@type\":\"ImageObject\",\"inLanguage\":\"es\",\"@id\":\"https:\/\/crees.org.do\/#\/schema\/logo\/image\/\",\"url\":\"https:\/\/crees.org.do\/wp-content\/uploads\/2022\/03\/crees-logo-1.jpg\",\"contentUrl\":\"https:\/\/crees.org.do\/wp-content\/uploads\/2022\/03\/crees-logo-1.jpg\",\"width\":244,\"height\":71,\"caption\":\"CREES | Centro Regional de Estrategias Econ\u00f3micas Sostenibles\"},\"image\":{\"@id\":\"https:\/\/crees.org.do\/#\/schema\/logo\/image\/\"},\"sameAs\":[\"https:\/\/www.facebook.com\/CREESRD\/\",\"https:\/\/x.com\/CREESRD\"]},{\"@type\":\"Person\",\"@id\":\"https:\/\/crees.org.do\/#\/schema\/person\/e7f97cd94d7bf9cd0e0ce30acb7d56b8\",\"name\":\"Crees\",\"image\":{\"@type\":\"ImageObject\",\"inLanguage\":\"es\",\"@id\":\"https:\/\/crees.org.do\/#\/schema\/person\/image\/\",\"url\":\"https:\/\/secure.gravatar.com\/avatar\/390ac8f0be5d9aa046152553e2dd7011b59a512d89c150f5e5f28bb8d9a0b165?s=96&d=mm&r=g\",\"contentUrl\":\"https:\/\/secure.gravatar.com\/avatar\/390ac8f0be5d9aa046152553e2dd7011b59a512d89c150f5e5f28bb8d9a0b165?s=96&d=mm&r=g\",\"caption\":\"Crees\"},\"url\":\"https:\/\/crees.org.do\/?author=2\"}]}<\/script>\n<!-- \/ Yoast SEO plugin. -->","yoast_head_json":{"title":"Dominicana sigue a Puerto Rico y Venezuela en camino de la insostenibilidad fiscal | CREES","robots":{"index":"index","follow":"follow","max-snippet":"max-snippet:-1","max-image-preview":"max-image-preview:large","max-video-preview":"max-video-preview:-1"},"canonical":"https:\/\/crees.org.do\/?p=20594","og_locale":"es_ES","og_type":"article","og_title":"Dominicana sigue a Puerto Rico y Venezuela en camino de la insostenibilidad fiscal | CREES","og_description":"Autor: Antonio Mar\u00eda Delgado Fecha: 29 de enero, 2017 Extra\u00eddo de elnuevoherald.comRep\u00fablica Dominicana parece haber adoptado la misma receta que ha conducido a otros pa\u00edses al desastre econ\u00f3mico, incurriendo en pr\u00e9stamos a tasas excesivamente altas para financiar un desenfrenado gasto p\u00fablico.","og_url":"https:\/\/crees.org.do\/?p=20594","og_site_name":"CREES","article_publisher":"https:\/\/www.facebook.com\/CREESRD\/","article_published_time":"2017-01-01T00:00:00+00:00","og_image":[{"width":244,"height":71,"url":"https:\/\/crees.org.do\/wp-content\/uploads\/2022\/03\/crees-logo-1.jpg","type":"image\/jpeg"}],"author":"Crees","twitter_card":"summary_large_image","twitter_creator":"@CREESRD","twitter_site":"@CREESRD","twitter_misc":{"Escrito por":"Crees","Tiempo de lectura":"4 minutos"},"schema":{"@context":"https:\/\/schema.org","@graph":[{"@type":"Article","@id":"https:\/\/crees.org.do\/?p=20594#article","isPartOf":{"@id":"https:\/\/crees.org.do\/?p=20594"},"author":{"name":"Crees","@id":"https:\/\/crees.org.do\/#\/schema\/person\/e7f97cd94d7bf9cd0e0ce30acb7d56b8"},"headline":"Dominicana sigue a Puerto Rico y Venezuela en camino de la insostenibilidad fiscal","datePublished":"2017-01-01T00:00:00+00:00","mainEntityOfPage":{"@id":"https:\/\/crees.org.do\/?p=20594"},"wordCount":903,"commentCount":0,"publisher":{"@id":"https:\/\/crees.org.do\/#organization"},"articleSection":["Blog"],"inLanguage":"es"},{"@type":"WebPage","@id":"https:\/\/crees.org.do\/?p=20594","url":"https:\/\/crees.org.do\/?p=20594","name":"Dominicana sigue a Puerto Rico y Venezuela en camino de la insostenibilidad fiscal | CREES","isPartOf":{"@id":"https:\/\/crees.org.do\/#website"},"datePublished":"2017-01-01T00:00:00+00:00","breadcrumb":{"@id":"https:\/\/crees.org.do\/?p=20594#breadcrumb"},"inLanguage":"es","potentialAction":[{"@type":"ReadAction","target":["https:\/\/crees.org.do\/?p=20594"]}]},{"@type":"BreadcrumbList","@id":"https:\/\/crees.org.do\/?p=20594#breadcrumb","itemListElement":[{"@type":"ListItem","position":1,"name":"Portada","item":"https:\/\/crees.org.do\/"},{"@type":"ListItem","position":2,"name":"Dominicana sigue a Puerto Rico y Venezuela en camino de la insostenibilidad fiscal"}]},{"@type":"WebSite","@id":"https:\/\/crees.org.do\/#website","url":"https:\/\/crees.org.do\/","name":"CREES","description":"Centro Regional de Estrategias Econ\u00f3micas Sostenibles","publisher":{"@id":"https:\/\/crees.org.do\/#organization"},"potentialAction":[{"@type":"SearchAction","target":{"@type":"EntryPoint","urlTemplate":"https:\/\/crees.org.do\/?s={search_term_string}"},"query-input":{"@type":"PropertyValueSpecification","valueRequired":true,"valueName":"search_term_string"}}],"inLanguage":"es"},{"@type":"Organization","@id":"https:\/\/crees.org.do\/#organization","name":"CREES | Centro Regional de Estrategias Econ\u00f3micas Sostenibles","url":"https:\/\/crees.org.do\/","logo":{"@type":"ImageObject","inLanguage":"es","@id":"https:\/\/crees.org.do\/#\/schema\/logo\/image\/","url":"https:\/\/crees.org.do\/wp-content\/uploads\/2022\/03\/crees-logo-1.jpg","contentUrl":"https:\/\/crees.org.do\/wp-content\/uploads\/2022\/03\/crees-logo-1.jpg","width":244,"height":71,"caption":"CREES | Centro Regional de Estrategias Econ\u00f3micas Sostenibles"},"image":{"@id":"https:\/\/crees.org.do\/#\/schema\/logo\/image\/"},"sameAs":["https:\/\/www.facebook.com\/CREESRD\/","https:\/\/x.com\/CREESRD"]},{"@type":"Person","@id":"https:\/\/crees.org.do\/#\/schema\/person\/e7f97cd94d7bf9cd0e0ce30acb7d56b8","name":"Crees","image":{"@type":"ImageObject","inLanguage":"es","@id":"https:\/\/crees.org.do\/#\/schema\/person\/image\/","url":"https:\/\/secure.gravatar.com\/avatar\/390ac8f0be5d9aa046152553e2dd7011b59a512d89c150f5e5f28bb8d9a0b165?s=96&d=mm&r=g","contentUrl":"https:\/\/secure.gravatar.com\/avatar\/390ac8f0be5d9aa046152553e2dd7011b59a512d89c150f5e5f28bb8d9a0b165?s=96&d=mm&r=g","caption":"Crees"},"url":"https:\/\/crees.org.do\/?author=2"}]}},"_links":{"self":[{"href":"https:\/\/crees.org.do\/index.php?rest_route=\/wp\/v2\/posts\/20594","targetHints":{"allow":["GET"]}}],"collection":[{"href":"https:\/\/crees.org.do\/index.php?rest_route=\/wp\/v2\/posts"}],"about":[{"href":"https:\/\/crees.org.do\/index.php?rest_route=\/wp\/v2\/types\/post"}],"author":[{"embeddable":true,"href":"https:\/\/crees.org.do\/index.php?rest_route=\/wp\/v2\/users\/2"}],"replies":[{"embeddable":true,"href":"https:\/\/crees.org.do\/index.php?rest_route=%2Fwp%2Fv2%2Fcomments&post=20594"}],"version-history":[{"count":0,"href":"https:\/\/crees.org.do\/index.php?rest_route=\/wp\/v2\/posts\/20594\/revisions"}],"wp:attachment":[{"href":"https:\/\/crees.org.do\/index.php?rest_route=%2Fwp%2Fv2%2Fmedia&parent=20594"}],"wp:term":[{"taxonomy":"category","embeddable":true,"href":"https:\/\/crees.org.do\/index.php?rest_route=%2Fwp%2Fv2%2Fcategories&post=20594"},{"taxonomy":"post_tag","embeddable":true,"href":"https:\/\/crees.org.do\/index.php?rest_route=%2Fwp%2Fv2%2Ftags&post=20594"}],"curies":[{"name":"wp","href":"https:\/\/api.w.org\/{rel}","templated":true}]}}