{"id":20596,"date":"2017-01-01T00:00:00","date_gmt":"2017-01-01T00:00:00","guid":{"rendered":"https:\/\/crees.org.do\/trump-hace-que-mexico-se-replantee-su-modelo-de-crecimiento-economico\/"},"modified":"2017-01-01T00:00:00","modified_gmt":"2017-01-01T00:00:00","slug":"trump-hace-que-mexico-se-replantee-su-modelo-de-crecimiento-economico","status":"publish","type":"post","link":"https:\/\/crees.org.do\/?p=20596","title":{"rendered":"Trump hace que M\u00e9xico se replantee su modelo de crecimiento econ\u00f3mico"},"content":{"rendered":"<p style=\"text-align: justify;\"><strong><span style=\"font-size:12px;\"><span style=\"font-family:verdana,geneva,sans-serif;\">Autor: Robbie Whelan&nbsp;<\/span><\/span><\/strong><\/p>\n<p style=\"text-align: justify;\"><span style=\"font-size:12px;\"><span style=\"font-family:verdana,geneva,sans-serif;\">Fecha: 12 de febrero, 2017<\/span><\/span><\/p>\n<p style=\"text-align: justify;\"><span style=\"font-size:12px;\"><span style=\"font-family:verdana,geneva,sans-serif;\">Extra\u00eddo de <a href=\"http:\/\/lat.wsj.com\/articles\/SB11319438290653513351704582618033677514026\">lat.wsj.com&nbsp;<\/a><\/span><\/span><\/p>\n<p style=\"margin-bottom: 18px; padding: 0px; border: 0px; outline: 0px; font-size: 16px; vertical-align: baseline; font-family: 'Chronicle SSm', serif; line-height: 28px; word-wrap: break-word; color: rgb(51, 51, 51); text-align: justify; background: 0px 0px rgb(255, 255, 255);\"><span style=\"font-size:12px;\"><span style=\"font-family:verdana,geneva,sans-serif;\">Las amenazas del presidente de Estados Unidos,&nbsp;Donald Trump,&nbsp;de renegociar el Tratado de Libre Comercio de Am\u00e9rica del Norte y de construir un muro en la frontera sur del pa\u00eds est\u00e1n sacudiendo a la econom\u00eda mexicana antes que se coloque el primer bloque de concreto o se fije una fecha para negociar el acuerdo.<\/span><\/span><\/p>\n<p style=\"margin-bottom: 18px; padding: 0px; border: 0px; outline: 0px; font-size: 16px; vertical-align: baseline; font-family: 'Chronicle SSm', serif; line-height: 28px; word-wrap: break-word; color: rgb(51, 51, 51); text-align: justify; background: 0px 0px rgb(255, 255, 255);\"><span style=\"font-size:12px;\"><span style=\"font-family:verdana,geneva,sans-serif;\">Se prev\u00e9 que el crecimiento de la econom\u00eda mexicana pr\u00e1cticamente se paralizar\u00e1 en 2017, la inversi\u00f3n interna se ha desplomado, el peso ha ca\u00eddo, las tasas de inter\u00e9s y la inflaci\u00f3n est\u00e1n en alza, y los l\u00edderes pol\u00edticos y empresariales del pa\u00eds se preguntan si necesitan un nuevo modelo econ\u00f3mico que dependa menos de su vecino del norte.<\/span><\/span><\/p>\n<p style=\"margin-bottom: 18px; padding: 0px; border: 0px; outline: 0px; font-size: 16px; vertical-align: baseline; font-family: 'Chronicle SSm', serif; line-height: 28px; word-wrap: break-word; color: rgb(51, 51, 51); text-align: justify; background: 0px 0px rgb(255, 255, 255);\"><span style=\"font-size:12px;\"><span style=\"font-family:verdana,geneva,sans-serif;\">Antes de las elecciones presidenciales de EE.UU. en noviembre, Citibanamex pronostic\u00f3 que el Producto Interno Bruto crecer\u00eda 2,3% en 2017. Desde entonces, el banco ha reducido dos veces sus previsiones, primero a 1,8% y recientemente a un flojo 1,2%, en parte debido a la incertidumbre sobre la relaci\u00f3n comercial y de inversi\u00f3n con EE.UU.<\/span><\/span><\/p>\n<div class=\"wsj-body-ad-placement\" id=\"realtor\" style=\"margin: 0px; padding: 0px; border: 0px; outline: 0px; font-size: 10px; vertical-align: baseline; color: rgb(51, 51, 51); font-family: Arial, Helvetica, sans-serif; line-height: normal; text-align: justify; background: 0px 0px rgb(255, 255, 255);\">&nbsp;<\/div>\n<p style=\"margin-bottom: 18px; padding: 0px; border: 0px; outline: 0px; font-size: 16px; vertical-align: baseline; font-family: 'Chronicle SSm', serif; line-height: 28px; word-wrap: break-word; color: rgb(51, 51, 51); text-align: justify; background: 0px 0px rgb(255, 255, 255);\"><span style=\"font-size:12px;\"><span style=\"font-family:verdana,geneva,sans-serif;\">Las encuestas muestran un creciente pesimismo entre los empresarios. Citibanamex predice que la inversi\u00f3n fija bruta en M\u00e9xico se contraer\u00e1 0,8% este a\u00f1o, despu\u00e9s de subir 4,6% en 2015. En los primeros nueve meses de 2016, la inversi\u00f3n extranjera directa cay\u00f3 24% frente al mismo lapso del a\u00f1o anterior, seg\u00fan el Banco de M\u00e9xico, conforme los negocios que dependen del comercio transfronterizo se preocupaban m\u00e1s por las cr\u00edticas a los pactos comerciales incluso antes de las elecciones en EE.UU. Desde 1999, EE.UU. ha representado 46% de la inversi\u00f3n extranjera directa en M\u00e9xico, con Espa\u00f1a como su segundo inversionista, con 3%, seg\u00fan la Secretar\u00eda de Econom\u00eda mexicana.<\/span><\/span><\/p>\n<p style=\"margin-bottom: 18px; padding: 0px; border: 0px; outline: 0px; font-size: 16px; vertical-align: baseline; font-family: 'Chronicle SSm', serif; line-height: 28px; word-wrap: break-word; color: rgb(51, 51, 51); text-align: justify; background: 0px 0px rgb(255, 255, 255);\"><span style=\"font-size:12px;\"><span style=\"font-family:verdana,geneva,sans-serif;\">&ldquo;La palabra clave para 2017 es incertidumbre&rdquo;, dice&nbsp;Sergio Luna, economista jefe de Citibanamex. &ldquo;Los fabricantes preferir\u00e1n tener m\u00e1s claridad antes de hacer cualquier inversi\u00f3n&rdquo;.<\/span><\/span><\/p>\n<p style=\"margin-bottom: 18px; padding: 0px; border: 0px; outline: 0px; font-size: 16px; vertical-align: baseline; font-family: 'Chronicle SSm', serif; line-height: 28px; word-wrap: break-word; color: rgb(51, 51, 51); text-align: justify; background: 0px 0px rgb(255, 255, 255);\"><span style=\"font-size:12px;\"><span style=\"font-family:verdana,geneva,sans-serif;\">Otro factor que ha mermado el crecimiento ha sido el alza de las tasas de inter\u00e9s: el banco central de M\u00e9xico ha elevado las tasas seis veces en el \u00faltimo a\u00f1o ante el debilitamiento del peso y las preocupaciones de que el declive de la divisa est\u00e9 generando presiones inflacionarias. Economistas de&nbsp;<a class=\"company-name\" href=\"http:\/\/quotes.wsj.com\/PNC\" style=\"margin: 0px; padding: 0px; vertical-align: baseline; color: rgb(0, 128, 195); outline: 0px; background: 0px 0px;\">PNC Financial Services Group<\/a>&nbsp;advierten que una recesi\u00f3n es probable en 2017.<\/span><\/span><\/p>\n<p style=\"margin-bottom: 18px; padding: 0px; border: 0px; outline: 0px; font-size: 16px; vertical-align: baseline; font-family: 'Chronicle SSm', serif; line-height: 28px; word-wrap: break-word; color: rgb(51, 51, 51); text-align: justify; background: 0px 0px rgb(255, 255, 255);\"><span style=\"font-size:12px;\"><span style=\"font-family:verdana,geneva,sans-serif;\">La preocupaci\u00f3n por las perspectivas a largo plazo est\u00e1 ligada a la dependencia de M\u00e9xico de las exportaciones, las cuales representan un tercio de su actividad econ\u00f3mica. Cerca de 80% de esas exportaciones van a EE.UU.<\/span><\/span><\/p>\n<p style=\"margin-bottom: 18px; padding: 0px; border: 0px; outline: 0px; font-size: 16px; vertical-align: baseline; font-family: 'Chronicle SSm', serif; line-height: 28px; word-wrap: break-word; color: rgb(51, 51, 51); text-align: center; background: 0px 0px rgb(255, 255, 255);\"><span style=\"font-size:12px;\"><span style=\"font-family:verdana,geneva,sans-serif;\">[[{&#8220;type&#8221;:&#8221;media&#8221;,&#8221;view_mode&#8221;:&#8221;media_original&#8221;,&#8221;fid&#8221;:&#8221;4966&#8243;,&#8221;attributes&#8221;:{&#8220;alt&#8221;:&#8221;&#8221;,&#8221;class&#8221;:&#8221;media-image&#8221;,&#8221;style&#8221;:&#8221;height: 521px; width: 657px;&#8221;}}]]<\/span><\/span><\/p>\n<p style=\"margin-bottom: 18px; padding: 0px; border: 0px; outline: 0px; font-size: 16px; vertical-align: baseline; font-family: 'Chronicle SSm', serif; line-height: 28px; word-wrap: break-word; color: rgb(51, 51, 51); text-align: justify; background: 0px 0px rgb(255, 255, 255);\"><span style=\"font-size:12px;\"><span style=\"font-family:verdana,geneva,sans-serif;\">&ldquo;Cualquier econom\u00eda, para ser saludable, debe estar basada en dos motores de crecimiento: el mercado interno y el mercado externo&rdquo;, dijo el secretario de Econom\u00eda,&nbsp;Ildefonso Guajardo,&nbsp;en una entrevista en su oficina en Ciudad de M\u00e9xico el martes. &ldquo;&iquest;Qu\u00e9 se puede hacer para fortalecer el motor externo? Se tiene que diversificar el comercio&rdquo;.<\/span><\/span><\/p>\n<p style=\"margin-bottom: 18px; padding: 0px; border: 0px; outline: 0px; font-size: 16px; vertical-align: baseline; font-family: 'Chronicle SSm', serif; line-height: 28px; word-wrap: break-word; color: rgb(51, 51, 51); text-align: justify; background: 0px 0px rgb(255, 255, 255);\"><span style=\"font-size:12px;\"><span style=\"font-family:verdana,geneva,sans-serif;\">Para ese fin, M\u00e9xico recientemente aceler\u00f3 las negociaciones para lograr la expansi\u00f3n de acuerdos comerciales con la Uni\u00f3n Europea y empez\u00f3 negociaciones con Argentina y Brasil sobre la posibilidad de comprar ma\u00edz, trigo y soya a los productores sudamericanos. Eso aliviar\u00eda su dependencia del grano estadounidense, lo cual ser\u00eda una ventaja en caso de una guerra comercial.<\/span><\/span><\/p>\n<div class=\"wsj-body-ad-placement\" id=\"unruly\" style=\"margin: 0px; padding: 0px; border: 0px; outline: 0px; font-size: 10px; vertical-align: baseline; color: rgb(51, 51, 51); font-family: Arial, Helvetica, sans-serif; line-height: normal; text-align: justify; background: 0px 0px rgb(255, 255, 255);\">&nbsp;<\/div>\n<p style=\"margin-bottom: 18px; padding: 0px; border: 0px; outline: 0px; font-size: 16px; vertical-align: baseline; font-family: 'Chronicle SSm', serif; line-height: 28px; word-wrap: break-word; color: rgb(51, 51, 51); text-align: justify; background: 0px 0px rgb(255, 255, 255);\"><span style=\"font-size:12px;\"><span style=\"font-family:verdana,geneva,sans-serif;\">Algunos en las industrias exportadoras de M\u00e9xico ven una ventaja en la ca\u00edda del peso, que ha perdido 16% de su valor frente al d\u00f3lar desde inicios de mayo. La idea es que cualquier gravamen fronterizo impuesto por EE.UU. sea compensado por una devaluaci\u00f3n que ser\u00e1 m\u00e1s que suficiente para mantener los bienes mexicanos competitivos.<\/span><\/span><\/p>\n<p style=\"margin-bottom: 18px; padding: 0px; border: 0px; outline: 0px; font-size: 16px; vertical-align: baseline; font-family: 'Chronicle SSm', serif; line-height: 28px; word-wrap: break-word; color: rgb(51, 51, 51); text-align: justify; background: 0px 0px rgb(255, 255, 255);\"><span style=\"font-size:12px;\"><span style=\"font-family:verdana,geneva,sans-serif;\">&ldquo;Sin importar qu\u00e9 arancel imponga Trump a los productos mexicanos, el peso se va a devaluar lo suficiente para acomodarse&rdquo;, dice&nbsp;Doug Donahue,&nbsp;quien dirige Entrada Group, una compa\u00f1\u00eda de San Antonio que ofrece servicios comerciales y renta parques industriales a exportadores mexicanos, 40% de los cuales son proveedores de autopartes.<\/span><\/span><\/p>\n<p style=\"margin-bottom: 18px; padding: 0px; border: 0px; outline: 0px; font-size: 16px; vertical-align: baseline; font-family: 'Chronicle SSm', serif; line-height: 28px; word-wrap: break-word; color: rgb(51, 51, 51); text-align: justify; background: 0px 0px rgb(255, 255, 255);\"><span style=\"font-size:12px;\"><span style=\"font-family:verdana,geneva,sans-serif;\">Sin embargo, la debilidad de la divisa tiene su lado negativo: la inflaci\u00f3n salt\u00f3 a 4,72% el mes pasado, el nivel m\u00e1s alto en m\u00e1s de cuatro a\u00f1os. La creciente inflaci\u00f3n probablemente obligar\u00e1 al banco central a seguir aumentando las tasas de inter\u00e9s, lo cual frena la demanda interna.<\/span><\/span><\/p>\n<p style=\"margin-bottom: 18px; padding: 0px; border: 0px; outline: 0px; font-size: 16px; vertical-align: baseline; font-family: 'Chronicle SSm', serif; line-height: 28px; word-wrap: break-word; color: rgb(51, 51, 51); text-align: justify; background: 0px 0px rgb(255, 255, 255);\"><span style=\"font-size:12px;\"><span style=\"font-family:verdana,geneva,sans-serif;\">Algunos sostienen que la postura proteccionista de Trump podr\u00eda ser el golpe que M\u00e9xico necesita para volcar la mirada hacia adentro e invertir para fortalecer la econom\u00eda interna.<\/span><\/span><\/p>\n<p style=\"margin-bottom: 18px; padding: 0px; border: 0px; outline: 0px; font-size: 16px; vertical-align: baseline; font-family: 'Chronicle SSm', serif; line-height: 28px; word-wrap: break-word; color: rgb(51, 51, 51); text-align: justify; background: 0px 0px rgb(255, 255, 255);\"><span style=\"font-size:12px;\"><span style=\"font-family:verdana,geneva,sans-serif;\">Los detractores del Nafta en M\u00e9xico resaltan que el crecimiento anual del PIB desde que se implement\u00f3 el acuerdo ha promediado 2,6%, frente a 4,2% durante las dos d\u00e9cadas anteriores. Los niveles de pobreza se han mantenido m\u00e1s o menos iguales que antes de la era del libre comercio.<\/span><\/span><\/p>\n<p style=\"margin-bottom: 18px; padding: 0px; border: 0px; outline: 0px; font-size: 16px; vertical-align: baseline; font-family: 'Chronicle SSm', serif; line-height: 28px; word-wrap: break-word; color: rgb(51, 51, 51); text-align: justify; background: 0px 0px rgb(255, 255, 255);\"><span style=\"font-size:12px;\"><span style=\"font-family:verdana,geneva,sans-serif;\">Pese a las recientes reformas que abrieron las industrias de energ\u00eda y telecomunicaciones y atrajeron miles de millones en inversi\u00f3n extranjera, M\u00e9xico a\u00fan enfrenta barreras y riesgos significativos asociados con un mayor \u00e9nfasis en su mercado interno, incluyendo las altas tasas de delincuencia organizada, un d\u00e9bil estado de derecho, una educaci\u00f3n de bajo nivel y corrupci\u00f3n pol\u00edtica.<\/span><\/span><\/p>\n<p style=\"margin-bottom: 18px; padding: 0px; border: 0px; outline: 0px; font-size: 16px; vertical-align: baseline; font-family: 'Chronicle SSm', serif; line-height: 28px; word-wrap: break-word; color: rgb(51, 51, 51); text-align: justify; background: 0px 0px rgb(255, 255, 255);\"><span style=\"font-size:12px;\"><span style=\"font-family:verdana,geneva,sans-serif;\">Con el fin de concentrarse en el crecimiento interno, &ldquo;hay una necesidad m\u00e1s imperiosa que nunca para que M\u00e9xico contin\u00fae con sus reformas internas&rdquo;, se\u00f1ala&nbsp;Christopher Wilson,&nbsp;experto en M\u00e9xico del&nbsp;Wilson Center,&nbsp;una entidad de estudios con sede en Washington.<\/span><\/span><\/p>\n<p style=\"margin-bottom: 18px; padding: 0px; border: 0px; outline: 0px; font-size: 16px; vertical-align: baseline; font-family: 'Chronicle SSm', serif; line-height: 28px; word-wrap: break-word; color: rgb(51, 51, 51); text-align: justify; background: 0px 0px rgb(255, 255, 255);\"><span style=\"font-size:12px;\"><span style=\"font-family:verdana,geneva,sans-serif;\">Monica DeBolle,&nbsp;del Instituto Peterson para la Econom\u00eda Internacional, se\u00f1ala que 60% de los trabajadores mexicanos a\u00fan se desempe\u00f1an en la econom\u00eda informal, donde no pagan impuestos, pese a los programas del gobierno dirigidos a ayudarlos a acceder a los servicios bancarios y la red de seguridad social. &ldquo;Los consumidores de M\u00e9xico tienen una existencia precaria&rdquo;, dice DeBolle. &ldquo;Pasar de una econom\u00eda que est\u00e1 liderada por las exportaciones a una liderada por el mercado interno ser\u00eda muy dif\u00edcil&rdquo;.<\/span><\/span><\/p>\n<p style=\"margin-bottom: 18px; padding: 0px; border: 0px; outline: 0px; font-size: 16px; vertical-align: baseline; font-family: 'Chronicle SSm', serif; line-height: 28px; word-wrap: break-word; color: rgb(51, 51, 51); text-align: justify; background: 0px 0px rgb(255, 255, 255);\"><span style=\"font-size:12px;\"><span style=\"font-family:verdana,geneva,sans-serif;\">Otros, incluyendo a muchos de los principales empresarios mexicanos, opinan que la mejor oportunidad del pa\u00eds es desviar la atenci\u00f3n de Trump hacia China, pa\u00eds con el cual EE.UU. tuvo un d\u00e9ficit comercial de US$347.000 millones s\u00f3lo en bienes el a\u00f1o pasado.<\/span><\/span><\/p>\n<p style=\"margin-bottom: 18px; padding: 0px; border: 0px; outline: 0px; font-size: 16px; vertical-align: baseline; font-family: 'Chronicle SSm', serif; line-height: 28px; word-wrap: break-word; color: rgb(51, 51, 51); text-align: justify; background: 0px 0px rgb(255, 255, 255);\"><span style=\"font-size:12px;\"><span style=\"font-family:verdana,geneva,sans-serif;\">Eduardo Garza&nbsp;T. Fern\u00e1ndez, presidente del Grupo Frisa Industrias, un fabricante de acero que export\u00f3 cerca de la mitad de sus US$500 millones en ventas el a\u00f1o pasado a EE.UU., dice que los productores mexicanos deber\u00edan comprar m\u00e1s suministros en Norteam\u00e9rica, en vez de en Asia, para reducir el d\u00e9ficit y eludir la ira de Trump.<\/span><\/span><\/p>\n<p style=\"margin-bottom: 18px; padding: 0px; border: 0px; outline: 0px; font-size: 16px; vertical-align: baseline; font-family: 'Chronicle SSm', serif; line-height: 28px; word-wrap: break-word; color: rgb(51, 51, 51); text-align: justify; background: 0px 0px rgb(255, 255, 255);\"><span style=\"font-size:12px;\"><span style=\"font-family:verdana,geneva,sans-serif;\">La idea es una parte central de la estrategia de M\u00e9xico para renegociar el Nafta. &ldquo;Las cosas van a ser m\u00e1s costosas para las empresas mexicanas&rdquo;, dice Garza, &ldquo;pero debe haber m\u00e1s integraci\u00f3n&rdquo;.<\/span><\/span><\/p>\n<div class=\"pvc_clear\"><\/div>\n<p class=\"pvc_stats all \" data-element-id=\"20596\" style=\"\"><i class=\"pvc-stats-icon medium\" aria-hidden=\"true\"><svg aria-hidden=\"true\" focusable=\"false\" data-prefix=\"far\" data-icon=\"chart-bar\" role=\"img\" xmlns=\"http:\/\/www.w3.org\/2000\/svg\" viewBox=\"0 0 512 512\" class=\"svg-inline--fa fa-chart-bar fa-w-16 fa-2x\"><path fill=\"currentColor\" d=\"M396.8 352h22.4c6.4 0 12.8-6.4 12.8-12.8V108.8c0-6.4-6.4-12.8-12.8-12.8h-22.4c-6.4 0-12.8 6.4-12.8 12.8v230.4c0 6.4 6.4 12.8 12.8 12.8zm-192 0h22.4c6.4 0 12.8-6.4 12.8-12.8V140.8c0-6.4-6.4-12.8-12.8-12.8h-22.4c-6.4 0-12.8 6.4-12.8 12.8v198.4c0 6.4 6.4 12.8 12.8 12.8zm96 0h22.4c6.4 0 12.8-6.4 12.8-12.8V204.8c0-6.4-6.4-12.8-12.8-12.8h-22.4c-6.4 0-12.8 6.4-12.8 12.8v134.4c0 6.4 6.4 12.8 12.8 12.8zM496 400H48V80c0-8.84-7.16-16-16-16H16C7.16 64 0 71.16 0 80v336c0 17.67 14.33 32 32 32h464c8.84 0 16-7.16 16-16v-16c0-8.84-7.16-16-16-16zm-387.2-48h22.4c6.4 0 12.8-6.4 12.8-12.8v-70.4c0-6.4-6.4-12.8-12.8-12.8h-22.4c-6.4 0-12.8 6.4-12.8 12.8v70.4c0 6.4 6.4 12.8 12.8 12.8z\" class=\"\"><\/path><\/svg><\/i> Vistas Totales&nbsp;275&nbsp;, Vistas Hoy&nbsp;2&nbsp;<\/p>\n<div class=\"pvc_clear\"><\/div>\n","protected":false},"excerpt":{"rendered":"<p>Autor: Robbie Whelan Fecha: 12 de febrero, 2017Extra\u00eddo de lat.wsj.com Las amenazas del presidente de Estados Unidos, Donald Trump, de renegociar el Tratado de Libre Comercio de Am\u00e9rica del Norte y de construir un muro en la frontera sur del pa\u00eds est\u00e1n sacudiendo a la econom\u00eda mexicana antes que se coloque el primer bloque de concreto o se fije una fecha para negociar el acuerdo.<\/p>\n<div class=\"pvc_clear\"><\/div>\n<p class=\"pvc_stats all \" data-element-id=\"20596\" style=\"\"><i class=\"pvc-stats-icon medium\" aria-hidden=\"true\"><svg aria-hidden=\"true\" focusable=\"false\" data-prefix=\"far\" data-icon=\"chart-bar\" role=\"img\" xmlns=\"http:\/\/www.w3.org\/2000\/svg\" viewBox=\"0 0 512 512\" class=\"svg-inline--fa fa-chart-bar fa-w-16 fa-2x\"><path fill=\"currentColor\" d=\"M396.8 352h22.4c6.4 0 12.8-6.4 12.8-12.8V108.8c0-6.4-6.4-12.8-12.8-12.8h-22.4c-6.4 0-12.8 6.4-12.8 12.8v230.4c0 6.4 6.4 12.8 12.8 12.8zm-192 0h22.4c6.4 0 12.8-6.4 12.8-12.8V140.8c0-6.4-6.4-12.8-12.8-12.8h-22.4c-6.4 0-12.8 6.4-12.8 12.8v198.4c0 6.4 6.4 12.8 12.8 12.8zm96 0h22.4c6.4 0 12.8-6.4 12.8-12.8V204.8c0-6.4-6.4-12.8-12.8-12.8h-22.4c-6.4 0-12.8 6.4-12.8 12.8v134.4c0 6.4 6.4 12.8 12.8 12.8zM496 400H48V80c0-8.84-7.16-16-16-16H16C7.16 64 0 71.16 0 80v336c0 17.67 14.33 32 32 32h464c8.84 0 16-7.16 16-16v-16c0-8.84-7.16-16-16-16zm-387.2-48h22.4c6.4 0 12.8-6.4 12.8-12.8v-70.4c0-6.4-6.4-12.8-12.8-12.8h-22.4c-6.4 0-12.8 6.4-12.8 12.8v70.4c0 6.4 6.4 12.8 12.8 12.8z\" class=\"\"><\/path><\/svg><\/i> Vistas Totales&nbsp;275&nbsp;, Vistas Hoy&nbsp;2&nbsp;<\/p>\n<div class=\"pvc_clear\"><\/div>\n","protected":false},"author":2,"featured_media":0,"comment_status":"open","ping_status":"open","sticky":false,"template":"","format":"standard","meta":{"footnotes":""},"categories":[21],"tags":[],"class_list":["post-20596","post","type-post","status-publish","format-standard","hentry","category-blog"],"yoast_head":"<!-- This site is optimized with the Yoast SEO plugin v25.2 - https:\/\/yoast.com\/wordpress\/plugins\/seo\/ -->\n<title>Trump hace que M\u00e9xico se replantee su modelo de crecimiento econ\u00f3mico | CREES<\/title>\n<meta name=\"robots\" content=\"index, follow, max-snippet:-1, max-image-preview:large, max-video-preview:-1\" \/>\n<link rel=\"canonical\" href=\"https:\/\/crees.org.do\/?p=20596\" \/>\n<meta property=\"og:locale\" content=\"es_ES\" \/>\n<meta property=\"og:type\" content=\"article\" \/>\n<meta property=\"og:title\" content=\"Trump hace que M\u00e9xico se replantee su modelo de crecimiento econ\u00f3mico | CREES\" \/>\n<meta property=\"og:description\" content=\"Autor: Robbie Whelan Fecha: 12 de febrero, 2017Extra\u00eddo de lat.wsj.com Las amenazas del presidente de Estados Unidos, Donald Trump, de renegociar el Tratado de Libre Comercio de Am\u00e9rica del Norte y de construir un muro en la frontera sur del pa\u00eds est\u00e1n sacudiendo a la econom\u00eda mexicana antes que se coloque el primer bloque de concreto o se fije una fecha para negociar el acuerdo.\" \/>\n<meta property=\"og:url\" content=\"https:\/\/crees.org.do\/?p=20596\" \/>\n<meta property=\"og:site_name\" content=\"CREES\" \/>\n<meta property=\"article:publisher\" content=\"https:\/\/www.facebook.com\/CREESRD\/\" \/>\n<meta property=\"article:published_time\" content=\"2017-01-01T00:00:00+00:00\" \/>\n<meta property=\"og:image\" content=\"https:\/\/crees.org.do\/wp-content\/uploads\/2022\/03\/crees-logo-1.jpg\" \/>\n\t<meta property=\"og:image:width\" content=\"244\" \/>\n\t<meta property=\"og:image:height\" content=\"71\" \/>\n\t<meta property=\"og:image:type\" content=\"image\/jpeg\" \/>\n<meta name=\"author\" content=\"Crees\" \/>\n<meta name=\"twitter:card\" content=\"summary_large_image\" \/>\n<meta name=\"twitter:creator\" content=\"@CREESRD\" \/>\n<meta name=\"twitter:site\" content=\"@CREESRD\" \/>\n<meta name=\"twitter:label1\" content=\"Escrito por\" \/>\n\t<meta name=\"twitter:data1\" content=\"Crees\" \/>\n\t<meta name=\"twitter:label2\" content=\"Tiempo de lectura\" \/>\n\t<meta name=\"twitter:data2\" content=\"6 minutos\" \/>\n<script type=\"application\/ld+json\" class=\"yoast-schema-graph\">{\"@context\":\"https:\/\/schema.org\",\"@graph\":[{\"@type\":\"Article\",\"@id\":\"https:\/\/crees.org.do\/?p=20596#article\",\"isPartOf\":{\"@id\":\"https:\/\/crees.org.do\/?p=20596\"},\"author\":{\"name\":\"Crees\",\"@id\":\"https:\/\/crees.org.do\/#\/schema\/person\/e7f97cd94d7bf9cd0e0ce30acb7d56b8\"},\"headline\":\"Trump hace que M\u00e9xico se replantee su modelo de crecimiento econ\u00f3mico\",\"datePublished\":\"2017-01-01T00:00:00+00:00\",\"mainEntityOfPage\":{\"@id\":\"https:\/\/crees.org.do\/?p=20596\"},\"wordCount\":1224,\"commentCount\":0,\"publisher\":{\"@id\":\"https:\/\/crees.org.do\/#organization\"},\"articleSection\":[\"Blog\"],\"inLanguage\":\"es\"},{\"@type\":\"WebPage\",\"@id\":\"https:\/\/crees.org.do\/?p=20596\",\"url\":\"https:\/\/crees.org.do\/?p=20596\",\"name\":\"Trump hace que M\u00e9xico se replantee su modelo de crecimiento econ\u00f3mico | CREES\",\"isPartOf\":{\"@id\":\"https:\/\/crees.org.do\/#website\"},\"datePublished\":\"2017-01-01T00:00:00+00:00\",\"breadcrumb\":{\"@id\":\"https:\/\/crees.org.do\/?p=20596#breadcrumb\"},\"inLanguage\":\"es\",\"potentialAction\":[{\"@type\":\"ReadAction\",\"target\":[\"https:\/\/crees.org.do\/?p=20596\"]}]},{\"@type\":\"BreadcrumbList\",\"@id\":\"https:\/\/crees.org.do\/?p=20596#breadcrumb\",\"itemListElement\":[{\"@type\":\"ListItem\",\"position\":1,\"name\":\"Portada\",\"item\":\"https:\/\/crees.org.do\/\"},{\"@type\":\"ListItem\",\"position\":2,\"name\":\"Trump hace que M\u00e9xico se replantee su modelo de crecimiento econ\u00f3mico\"}]},{\"@type\":\"WebSite\",\"@id\":\"https:\/\/crees.org.do\/#website\",\"url\":\"https:\/\/crees.org.do\/\",\"name\":\"CREES\",\"description\":\"Centro Regional de Estrategias Econ\u00f3micas Sostenibles\",\"publisher\":{\"@id\":\"https:\/\/crees.org.do\/#organization\"},\"potentialAction\":[{\"@type\":\"SearchAction\",\"target\":{\"@type\":\"EntryPoint\",\"urlTemplate\":\"https:\/\/crees.org.do\/?s={search_term_string}\"},\"query-input\":{\"@type\":\"PropertyValueSpecification\",\"valueRequired\":true,\"valueName\":\"search_term_string\"}}],\"inLanguage\":\"es\"},{\"@type\":\"Organization\",\"@id\":\"https:\/\/crees.org.do\/#organization\",\"name\":\"CREES | Centro Regional de Estrategias Econ\u00f3micas Sostenibles\",\"url\":\"https:\/\/crees.org.do\/\",\"logo\":{\"@type\":\"ImageObject\",\"inLanguage\":\"es\",\"@id\":\"https:\/\/crees.org.do\/#\/schema\/logo\/image\/\",\"url\":\"https:\/\/crees.org.do\/wp-content\/uploads\/2022\/03\/crees-logo-1.jpg\",\"contentUrl\":\"https:\/\/crees.org.do\/wp-content\/uploads\/2022\/03\/crees-logo-1.jpg\",\"width\":244,\"height\":71,\"caption\":\"CREES | Centro Regional de Estrategias Econ\u00f3micas Sostenibles\"},\"image\":{\"@id\":\"https:\/\/crees.org.do\/#\/schema\/logo\/image\/\"},\"sameAs\":[\"https:\/\/www.facebook.com\/CREESRD\/\",\"https:\/\/x.com\/CREESRD\"]},{\"@type\":\"Person\",\"@id\":\"https:\/\/crees.org.do\/#\/schema\/person\/e7f97cd94d7bf9cd0e0ce30acb7d56b8\",\"name\":\"Crees\",\"image\":{\"@type\":\"ImageObject\",\"inLanguage\":\"es\",\"@id\":\"https:\/\/crees.org.do\/#\/schema\/person\/image\/\",\"url\":\"https:\/\/secure.gravatar.com\/avatar\/390ac8f0be5d9aa046152553e2dd7011b59a512d89c150f5e5f28bb8d9a0b165?s=96&d=mm&r=g\",\"contentUrl\":\"https:\/\/secure.gravatar.com\/avatar\/390ac8f0be5d9aa046152553e2dd7011b59a512d89c150f5e5f28bb8d9a0b165?s=96&d=mm&r=g\",\"caption\":\"Crees\"},\"url\":\"https:\/\/crees.org.do\/?author=2\"}]}<\/script>\n<!-- \/ Yoast SEO plugin. -->","yoast_head_json":{"title":"Trump hace que M\u00e9xico se replantee su modelo de crecimiento econ\u00f3mico | CREES","robots":{"index":"index","follow":"follow","max-snippet":"max-snippet:-1","max-image-preview":"max-image-preview:large","max-video-preview":"max-video-preview:-1"},"canonical":"https:\/\/crees.org.do\/?p=20596","og_locale":"es_ES","og_type":"article","og_title":"Trump hace que M\u00e9xico se replantee su modelo de crecimiento econ\u00f3mico | CREES","og_description":"Autor: Robbie Whelan Fecha: 12 de febrero, 2017Extra\u00eddo de lat.wsj.com Las amenazas del presidente de Estados Unidos, Donald Trump, de renegociar el Tratado de Libre Comercio de Am\u00e9rica del Norte y de construir un muro en la frontera sur del pa\u00eds est\u00e1n sacudiendo a la econom\u00eda mexicana antes que se coloque el primer bloque de concreto o se fije una fecha para negociar el acuerdo.","og_url":"https:\/\/crees.org.do\/?p=20596","og_site_name":"CREES","article_publisher":"https:\/\/www.facebook.com\/CREESRD\/","article_published_time":"2017-01-01T00:00:00+00:00","og_image":[{"width":244,"height":71,"url":"https:\/\/crees.org.do\/wp-content\/uploads\/2022\/03\/crees-logo-1.jpg","type":"image\/jpeg"}],"author":"Crees","twitter_card":"summary_large_image","twitter_creator":"@CREESRD","twitter_site":"@CREESRD","twitter_misc":{"Escrito por":"Crees","Tiempo de lectura":"6 minutos"},"schema":{"@context":"https:\/\/schema.org","@graph":[{"@type":"Article","@id":"https:\/\/crees.org.do\/?p=20596#article","isPartOf":{"@id":"https:\/\/crees.org.do\/?p=20596"},"author":{"name":"Crees","@id":"https:\/\/crees.org.do\/#\/schema\/person\/e7f97cd94d7bf9cd0e0ce30acb7d56b8"},"headline":"Trump hace que M\u00e9xico se replantee su modelo de crecimiento econ\u00f3mico","datePublished":"2017-01-01T00:00:00+00:00","mainEntityOfPage":{"@id":"https:\/\/crees.org.do\/?p=20596"},"wordCount":1224,"commentCount":0,"publisher":{"@id":"https:\/\/crees.org.do\/#organization"},"articleSection":["Blog"],"inLanguage":"es"},{"@type":"WebPage","@id":"https:\/\/crees.org.do\/?p=20596","url":"https:\/\/crees.org.do\/?p=20596","name":"Trump hace que M\u00e9xico se replantee su modelo de crecimiento econ\u00f3mico | CREES","isPartOf":{"@id":"https:\/\/crees.org.do\/#website"},"datePublished":"2017-01-01T00:00:00+00:00","breadcrumb":{"@id":"https:\/\/crees.org.do\/?p=20596#breadcrumb"},"inLanguage":"es","potentialAction":[{"@type":"ReadAction","target":["https:\/\/crees.org.do\/?p=20596"]}]},{"@type":"BreadcrumbList","@id":"https:\/\/crees.org.do\/?p=20596#breadcrumb","itemListElement":[{"@type":"ListItem","position":1,"name":"Portada","item":"https:\/\/crees.org.do\/"},{"@type":"ListItem","position":2,"name":"Trump hace que M\u00e9xico se replantee su modelo de crecimiento econ\u00f3mico"}]},{"@type":"WebSite","@id":"https:\/\/crees.org.do\/#website","url":"https:\/\/crees.org.do\/","name":"CREES","description":"Centro Regional de Estrategias Econ\u00f3micas Sostenibles","publisher":{"@id":"https:\/\/crees.org.do\/#organization"},"potentialAction":[{"@type":"SearchAction","target":{"@type":"EntryPoint","urlTemplate":"https:\/\/crees.org.do\/?s={search_term_string}"},"query-input":{"@type":"PropertyValueSpecification","valueRequired":true,"valueName":"search_term_string"}}],"inLanguage":"es"},{"@type":"Organization","@id":"https:\/\/crees.org.do\/#organization","name":"CREES | Centro Regional de Estrategias Econ\u00f3micas Sostenibles","url":"https:\/\/crees.org.do\/","logo":{"@type":"ImageObject","inLanguage":"es","@id":"https:\/\/crees.org.do\/#\/schema\/logo\/image\/","url":"https:\/\/crees.org.do\/wp-content\/uploads\/2022\/03\/crees-logo-1.jpg","contentUrl":"https:\/\/crees.org.do\/wp-content\/uploads\/2022\/03\/crees-logo-1.jpg","width":244,"height":71,"caption":"CREES | Centro Regional de Estrategias Econ\u00f3micas Sostenibles"},"image":{"@id":"https:\/\/crees.org.do\/#\/schema\/logo\/image\/"},"sameAs":["https:\/\/www.facebook.com\/CREESRD\/","https:\/\/x.com\/CREESRD"]},{"@type":"Person","@id":"https:\/\/crees.org.do\/#\/schema\/person\/e7f97cd94d7bf9cd0e0ce30acb7d56b8","name":"Crees","image":{"@type":"ImageObject","inLanguage":"es","@id":"https:\/\/crees.org.do\/#\/schema\/person\/image\/","url":"https:\/\/secure.gravatar.com\/avatar\/390ac8f0be5d9aa046152553e2dd7011b59a512d89c150f5e5f28bb8d9a0b165?s=96&d=mm&r=g","contentUrl":"https:\/\/secure.gravatar.com\/avatar\/390ac8f0be5d9aa046152553e2dd7011b59a512d89c150f5e5f28bb8d9a0b165?s=96&d=mm&r=g","caption":"Crees"},"url":"https:\/\/crees.org.do\/?author=2"}]}},"_links":{"self":[{"href":"https:\/\/crees.org.do\/index.php?rest_route=\/wp\/v2\/posts\/20596","targetHints":{"allow":["GET"]}}],"collection":[{"href":"https:\/\/crees.org.do\/index.php?rest_route=\/wp\/v2\/posts"}],"about":[{"href":"https:\/\/crees.org.do\/index.php?rest_route=\/wp\/v2\/types\/post"}],"author":[{"embeddable":true,"href":"https:\/\/crees.org.do\/index.php?rest_route=\/wp\/v2\/users\/2"}],"replies":[{"embeddable":true,"href":"https:\/\/crees.org.do\/index.php?rest_route=%2Fwp%2Fv2%2Fcomments&post=20596"}],"version-history":[{"count":0,"href":"https:\/\/crees.org.do\/index.php?rest_route=\/wp\/v2\/posts\/20596\/revisions"}],"wp:attachment":[{"href":"https:\/\/crees.org.do\/index.php?rest_route=%2Fwp%2Fv2%2Fmedia&parent=20596"}],"wp:term":[{"taxonomy":"category","embeddable":true,"href":"https:\/\/crees.org.do\/index.php?rest_route=%2Fwp%2Fv2%2Fcategories&post=20596"},{"taxonomy":"post_tag","embeddable":true,"href":"https:\/\/crees.org.do\/index.php?rest_route=%2Fwp%2Fv2%2Ftags&post=20596"}],"curies":[{"name":"wp","href":"https:\/\/api.w.org\/{rel}","templated":true}]}}