{"id":20601,"date":"2017-01-01T00:00:00","date_gmt":"2017-01-01T00:00:00","guid":{"rendered":"https:\/\/crees.org.do\/una-propuesta-sobre-el-derecho-de-cesantia\/"},"modified":"2017-01-01T00:00:00","modified_gmt":"2017-01-01T00:00:00","slug":"una-propuesta-sobre-el-derecho-de-cesantia","status":"publish","type":"post","link":"https:\/\/crees.org.do\/?p=20601","title":{"rendered":"Una propuesta sobre el derecho de cesant\u00eda"},"content":{"rendered":"<p style=\"text-align: justify;\"><span style=\"font-size:12px;\"><span style=\"font-family:verdana,geneva,sans-serif;\"><strong>Autor: Esteban Delgado<\/strong><\/span><\/span><\/p>\n<p style=\"text-align: justify;\"><span style=\"font-size:12px;\"><span style=\"font-family:verdana,geneva,sans-serif;\">Fecha: 13 de febrero, 2017<\/span><\/span><\/p>\n<p style=\"text-align: justify;\"><span style=\"font-size:12px;\"><span style=\"font-family:verdana,geneva,sans-serif;\">Extra\u00eddo de <a href=\"http:\/\/www.eldinero.com.do\/37000\/una-propuesta-sobre-el-derecho-de-cesantia\/\">eldinero.com.do&nbsp;<\/a><\/span><\/span><\/p>\n<p style=\"box-sizing: border-box; font-family: Roboto, sans-serif; line-height: 1.5; font-size: 17px; margin-bottom: 0px; padding-top: 0px; padding-bottom: 1em; color: rgb(68, 68, 68); text-align: justify;\"><span style=\"font-size:12px;\"><span style=\"font-family:verdana,geneva,sans-serif;\">El sector empresarial est\u00e1 interesado en una modificaci\u00f3n del C\u00f3digo de Trabajo de Rep\u00fablica Dominicana (Ley 14-92), con el objetivo de reducir costos laborales y mejorar su competitividad, con la promesa de aumentar la oferta de empleos. Esa \u00faltima parte es dif\u00edcil de creer, pero es lo que han planteado los empleadores.<\/span><\/span><\/p>\n<p style=\"box-sizing: border-box; font-family: Roboto, sans-serif; line-height: 1.5; font-size: 17px; margin-bottom: 0px; padding-top: 0px; padding-bottom: 1em; color: rgb(68, 68, 68); text-align: justify;\"><span style=\"font-size:12px;\"><span style=\"font-family:verdana,geneva,sans-serif;\">En ese inter\u00e9s, los patronos plantean la modificaci\u00f3n de uno de los derechos laborales m\u00e1s trascendentes: la cesant\u00eda, que de acuerdo con el Art\u00edculo 80 de la ley consiste en que si el empleador desahucia o &ldquo;cancela&rdquo; al trabajador le debe pagar una especie de auxilio econ\u00f3mico que se fija textualmente de la siguiente forma:<\/span><\/span><\/p>\n<ol style=\"box-sizing: border-box; margin-top: 0px; margin-bottom: 10px; color: rgb(68, 68, 68); font-family: 'Helvetica Neue', Helvetica, Arial, sans-serif; font-size: 15px; line-height: 21.4286px;\">\n<li style=\"box-sizing: border-box; text-align: justify;\"><span style=\"font-size:12px;\"><span style=\"font-family:verdana,geneva,sans-serif;\">Despu\u00e9s de un trabajo continuo no menor de tres meses ni mayor de seis, una suma igual a seis d\u00edas de salario ordinario.<\/span><\/span><\/li>\n<li style=\"box-sizing: border-box; text-align: justify;\"><span style=\"font-size:12px;\"><span style=\"font-family:verdana,geneva,sans-serif;\">Despu\u00e9s de un trabajo continuo no menor de seis meses ni mayor de un a\u00f1o, una suma igual a trece d\u00edas de salario ordinario.<\/span><\/span><\/li>\n<li style=\"box-sizing: border-box; text-align: justify;\"><span style=\"font-size:12px;\"><span style=\"font-family:verdana,geneva,sans-serif;\">Despu\u00e9s de un trabajo continuo no menor de un a\u00f1o ni mayor de cinco, una suma igual a veinti\u00fan d\u00edas de salario ordinario, por cada a\u00f1o de servicio prestado.<\/span><\/span><\/li>\n<li style=\"box-sizing: border-box; text-align: justify;\"><span style=\"font-size:12px;\"><span style=\"font-family:verdana,geneva,sans-serif;\">Despu\u00e9s de un trabajo continuo no menor de cinco a\u00f1os, una suma igual a veintitr\u00e9s d\u00edas de salario ordinario, por cada a\u00f1o de servicio prestado.<\/span><\/span><\/li>\n<\/ol>\n<p style=\"box-sizing: border-box; font-family: Roboto, sans-serif; line-height: 1.5; font-size: 17px; margin-bottom: 0px; padding-top: 0px; padding-bottom: 1em; color: rgb(68, 68, 68); text-align: justify;\"><span style=\"font-size:12px;\"><span style=\"font-family:verdana,geneva,sans-serif;\">Lo anterior indica que la cesant\u00eda o &ldquo;liquidaci\u00f3n&rdquo;, como le llaman popularmente, es ilimitada y va en aumento en la medida en que pasan los a\u00f1os de servicio en la empresa. Entonces, para un empresario es un costo laboral que crece con el tiempo.<\/span><\/span><\/p>\n<p style=\"box-sizing: border-box; font-family: Roboto, sans-serif; line-height: 1.5; font-size: 17px; margin-bottom: 0px; padding-top: 0px; padding-bottom: 1em; color: rgb(68, 68, 68); text-align: justify;\"><span style=\"font-size:12px;\"><span style=\"font-family:verdana,geneva,sans-serif;\">Pero la cesant\u00eda no es totalmente positiva para el trabajador. Tiene de adverso el desincentivo a aceptar una nueva oferta de empleo que pudiera ser m\u00e1s favorable. Muchos trabajadores se aferran a un empleo no tanto por la estabilidad que ofrece o por el buen salario, sino por &ldquo;no perder la cesant\u00eda&rdquo;, lo cual se puede convertir en un estancamiento de su desarrollo profesional.<\/span><\/span><\/p>\n<p style=\"box-sizing: border-box; font-family: Roboto, sans-serif; line-height: 1.5; font-size: 17px; margin-bottom: 0px; padding-top: 0px; padding-bottom: 1em; color: rgb(68, 68, 68); text-align: justify;\"><span style=\"font-size:12px;\"><span style=\"font-family:verdana,geneva,sans-serif;\">Eso porque si el trabajador es quien decide irse de la empresa, autom\u00e1ticamente pierde la cesant\u00eda acumulada, algo hasta cierto punto absurdo, porque motiva a algunos trabajadores a reducir su rendimiento para motivar la cancelaci\u00f3n y llevarse su dinero de cesant\u00eda.<\/span><\/span><\/p>\n<p style=\"box-sizing: border-box; font-family: Roboto, sans-serif; line-height: 1.5; font-size: 17px; margin-bottom: 0px; padding-top: 0px; padding-bottom: 1em; color: rgb(68, 68, 68); text-align: justify;\"><span style=\"font-size:12px;\"><span style=\"font-family:verdana,geneva,sans-serif;\">No hay dudas de que la cesant\u00eda es un derecho adquirido que no debe ser eliminado. Sin embargo, se puede modificar para ponerle un l\u00edmite que garantice, por un lado el auxilio econ\u00f3mico para el trabajador y de otra parte una reducci\u00f3n del costo laboral para el empleador.<\/span><\/span><\/p>\n<p style=\"box-sizing: border-box; font-family: Roboto, sans-serif; line-height: 1.5; font-size: 17px; margin-bottom: 0px; padding-top: 0px; padding-bottom: 1em; color: rgb(68, 68, 68); text-align: justify;\"><span style=\"font-size:12px;\"><span style=\"font-family:verdana,geneva,sans-serif;\">Por ejemplo, un empleado con cuatro a\u00f1os de labor, al ser desahuciado acumula el derecho a m\u00e1s o menos tres meses y medio de salario.<\/span><\/span><\/p>\n<p style=\"box-sizing: border-box; font-family: Roboto, sans-serif; line-height: 1.5; font-size: 17px; margin-bottom: 0px; padding-top: 0px; padding-bottom: 1em; color: rgb(68, 68, 68); text-align: justify;\"><span style=\"font-size:12px;\"><span style=\"font-family:verdana,geneva,sans-serif;\">Una opci\u00f3n pudiera ser que el derecho de cesant\u00eda se acumule como hasta ahora, pero con un l\u00edmite de hasta cinco a\u00f1os y que al cabo de ese tiempo alcance el monto equivalente a cinco meses de salario (actualmente es un poco menos) para el trabajador desahuciado. A cambio de esa congelaci\u00f3n, se le puede ofrecer al trabajador el derecho a recibir el 50% del monto acumulado cuando es su decisi\u00f3n y no la del empleador irse del trabajo (actualmente ese derecho no existe).<\/span><\/span><\/p>\n<p style=\"box-sizing: border-box; font-family: Roboto, sans-serif; line-height: 1.5; font-size: 17px; margin-bottom: 0px; padding-top: 0px; padding-bottom: 1em; color: rgb(68, 68, 68); text-align: justify;\"><span style=\"font-size:12px;\"><span style=\"font-family:verdana,geneva,sans-serif;\">Esa opci\u00f3n debe tener sus condicionalidades, como la de que los cinco salarios acumulados sean los vigentes al momento del empleado salir de la empresa, independientemente de que dure m\u00e1s de ese tiempo. Es decir, suponga que usted tiene cinco a\u00f1os de empleado y ya acumul\u00f3 una cesant\u00eda de cinco meses de salarios, pero devenga en ese momento 20,000 pesos mensuales (100,000 pesos acumulados).<\/span><\/span><\/p>\n<p style=\"box-sizing: border-box; font-family: Roboto, sans-serif; line-height: 1.5; font-size: 17px; margin-bottom: 0px; padding-top: 0px; padding-bottom: 1em; color: rgb(68, 68, 68); text-align: justify;\"><span style=\"font-size:12px;\"><span style=\"font-family:verdana,geneva,sans-serif;\">Si usted sigue laborando en la empresa hasta llegar a los 10 a\u00f1os y su salario ahora es de 30,000 pesos mensuales, la cesant\u00eda sigue en cinco meses de salario, pero con base en el ingreso actual de 30,000 pesos (150,000 pesos acumulados), lo cual indica que si bien no crece la cantidad de meses de sueldo a recibir, s\u00ed se ajusta al salario vigente.<\/span><\/span><\/p>\n<p style=\"box-sizing: border-box; font-family: Roboto, sans-serif; line-height: 1.5; font-size: 17px; margin-bottom: 0px; padding-top: 0px; padding-bottom: 1em; color: rgb(68, 68, 68); text-align: justify;\"><span style=\"font-size:12px;\"><span style=\"font-family:verdana,geneva,sans-serif;\">Esa es solo una propuesta de La Escuela Econ\u00f3mica, que esperamos sea al menos analizada, pues reducir\u00eda los costos laborales y a la vez dar\u00eda un derecho adicional al trabajador, a cambio de ceder la ilimitaci\u00f3n actual del derecho de cesant\u00eda.<\/span><\/span><\/p>\n<div class=\"pvc_clear\"><\/div>\n<p class=\"pvc_stats all \" data-element-id=\"20601\" style=\"\"><i class=\"pvc-stats-icon medium\" aria-hidden=\"true\"><svg aria-hidden=\"true\" focusable=\"false\" data-prefix=\"far\" data-icon=\"chart-bar\" role=\"img\" xmlns=\"http:\/\/www.w3.org\/2000\/svg\" viewBox=\"0 0 512 512\" class=\"svg-inline--fa fa-chart-bar fa-w-16 fa-2x\"><path fill=\"currentColor\" d=\"M396.8 352h22.4c6.4 0 12.8-6.4 12.8-12.8V108.8c0-6.4-6.4-12.8-12.8-12.8h-22.4c-6.4 0-12.8 6.4-12.8 12.8v230.4c0 6.4 6.4 12.8 12.8 12.8zm-192 0h22.4c6.4 0 12.8-6.4 12.8-12.8V140.8c0-6.4-6.4-12.8-12.8-12.8h-22.4c-6.4 0-12.8 6.4-12.8 12.8v198.4c0 6.4 6.4 12.8 12.8 12.8zm96 0h22.4c6.4 0 12.8-6.4 12.8-12.8V204.8c0-6.4-6.4-12.8-12.8-12.8h-22.4c-6.4 0-12.8 6.4-12.8 12.8v134.4c0 6.4 6.4 12.8 12.8 12.8zM496 400H48V80c0-8.84-7.16-16-16-16H16C7.16 64 0 71.16 0 80v336c0 17.67 14.33 32 32 32h464c8.84 0 16-7.16 16-16v-16c0-8.84-7.16-16-16-16zm-387.2-48h22.4c6.4 0 12.8-6.4 12.8-12.8v-70.4c0-6.4-6.4-12.8-12.8-12.8h-22.4c-6.4 0-12.8 6.4-12.8 12.8v70.4c0 6.4 6.4 12.8 12.8 12.8z\" class=\"\"><\/path><\/svg><\/i> Vistas Totales&nbsp;402&nbsp;, Vistas Hoy&nbsp;6&nbsp;<\/p>\n<div class=\"pvc_clear\"><\/div>\n","protected":false},"excerpt":{"rendered":"<p>Autor: Esteban DelgadoFecha: 13 de febrero, 2017Extra\u00eddo de eldinero.com.do El sector empresarial est\u00e1 interesado en una modificaci\u00f3n del C\u00f3digo de Trabajo de Rep\u00fablica Dominicana (Ley 14-92), con el objetivo de reducir costos laborales y mejorar su competitividad, con la promesa de aumentar la oferta de empleos. Esa \u00faltima parte es dif\u00edcil de creer, pero es lo que han planteado los empleadores.<\/p>\n<div class=\"pvc_clear\"><\/div>\n<p class=\"pvc_stats all \" data-element-id=\"20601\" style=\"\"><i class=\"pvc-stats-icon medium\" aria-hidden=\"true\"><svg aria-hidden=\"true\" focusable=\"false\" data-prefix=\"far\" data-icon=\"chart-bar\" role=\"img\" xmlns=\"http:\/\/www.w3.org\/2000\/svg\" viewBox=\"0 0 512 512\" class=\"svg-inline--fa fa-chart-bar fa-w-16 fa-2x\"><path fill=\"currentColor\" d=\"M396.8 352h22.4c6.4 0 12.8-6.4 12.8-12.8V108.8c0-6.4-6.4-12.8-12.8-12.8h-22.4c-6.4 0-12.8 6.4-12.8 12.8v230.4c0 6.4 6.4 12.8 12.8 12.8zm-192 0h22.4c6.4 0 12.8-6.4 12.8-12.8V140.8c0-6.4-6.4-12.8-12.8-12.8h-22.4c-6.4 0-12.8 6.4-12.8 12.8v198.4c0 6.4 6.4 12.8 12.8 12.8zm96 0h22.4c6.4 0 12.8-6.4 12.8-12.8V204.8c0-6.4-6.4-12.8-12.8-12.8h-22.4c-6.4 0-12.8 6.4-12.8 12.8v134.4c0 6.4 6.4 12.8 12.8 12.8zM496 400H48V80c0-8.84-7.16-16-16-16H16C7.16 64 0 71.16 0 80v336c0 17.67 14.33 32 32 32h464c8.84 0 16-7.16 16-16v-16c0-8.84-7.16-16-16-16zm-387.2-48h22.4c6.4 0 12.8-6.4 12.8-12.8v-70.4c0-6.4-6.4-12.8-12.8-12.8h-22.4c-6.4 0-12.8 6.4-12.8 12.8v70.4c0 6.4 6.4 12.8 12.8 12.8z\" class=\"\"><\/path><\/svg><\/i> Vistas Totales&nbsp;402&nbsp;, Vistas Hoy&nbsp;6&nbsp;<\/p>\n<div class=\"pvc_clear\"><\/div>\n","protected":false},"author":2,"featured_media":0,"comment_status":"open","ping_status":"open","sticky":false,"template":"","format":"standard","meta":{"footnotes":""},"categories":[21],"tags":[],"class_list":["post-20601","post","type-post","status-publish","format-standard","hentry","category-blog"],"yoast_head":"<!-- This site is optimized with the Yoast SEO plugin v25.2 - https:\/\/yoast.com\/wordpress\/plugins\/seo\/ -->\n<title>Una propuesta sobre el derecho de cesant\u00eda | CREES<\/title>\n<meta name=\"robots\" content=\"index, follow, max-snippet:-1, max-image-preview:large, max-video-preview:-1\" \/>\n<link rel=\"canonical\" href=\"https:\/\/crees.org.do\/?p=20601\" \/>\n<meta property=\"og:locale\" content=\"es_ES\" \/>\n<meta property=\"og:type\" content=\"article\" \/>\n<meta property=\"og:title\" content=\"Una propuesta sobre el derecho de cesant\u00eda | CREES\" \/>\n<meta property=\"og:description\" content=\"Autor: Esteban DelgadoFecha: 13 de febrero, 2017Extra\u00eddo de eldinero.com.do El sector empresarial est\u00e1 interesado en una modificaci\u00f3n del C\u00f3digo de Trabajo de Rep\u00fablica Dominicana (Ley 14-92), con el objetivo de reducir costos laborales y mejorar su competitividad, con la promesa de aumentar la oferta de empleos. Esa \u00faltima parte es dif\u00edcil de creer, pero es lo que han planteado los empleadores.\" \/>\n<meta property=\"og:url\" content=\"https:\/\/crees.org.do\/?p=20601\" \/>\n<meta property=\"og:site_name\" content=\"CREES\" \/>\n<meta property=\"article:publisher\" content=\"https:\/\/www.facebook.com\/CREESRD\/\" \/>\n<meta property=\"article:published_time\" content=\"2017-01-01T00:00:00+00:00\" \/>\n<meta property=\"og:image\" content=\"https:\/\/crees.org.do\/wp-content\/uploads\/2022\/03\/crees-logo-1.jpg\" \/>\n\t<meta property=\"og:image:width\" content=\"244\" \/>\n\t<meta property=\"og:image:height\" content=\"71\" \/>\n\t<meta property=\"og:image:type\" content=\"image\/jpeg\" \/>\n<meta name=\"author\" content=\"Crees\" \/>\n<meta name=\"twitter:card\" content=\"summary_large_image\" \/>\n<meta name=\"twitter:creator\" content=\"@CREESRD\" \/>\n<meta name=\"twitter:site\" content=\"@CREESRD\" \/>\n<meta name=\"twitter:label1\" content=\"Escrito por\" \/>\n\t<meta name=\"twitter:data1\" content=\"Crees\" \/>\n\t<meta name=\"twitter:label2\" content=\"Tiempo de lectura\" \/>\n\t<meta name=\"twitter:data2\" content=\"4 minutos\" \/>\n<script type=\"application\/ld+json\" class=\"yoast-schema-graph\">{\"@context\":\"https:\/\/schema.org\",\"@graph\":[{\"@type\":\"Article\",\"@id\":\"https:\/\/crees.org.do\/?p=20601#article\",\"isPartOf\":{\"@id\":\"https:\/\/crees.org.do\/?p=20601\"},\"author\":{\"name\":\"Crees\",\"@id\":\"https:\/\/crees.org.do\/#\/schema\/person\/e7f97cd94d7bf9cd0e0ce30acb7d56b8\"},\"headline\":\"Una propuesta sobre el derecho de cesant\u00eda\",\"datePublished\":\"2017-01-01T00:00:00+00:00\",\"mainEntityOfPage\":{\"@id\":\"https:\/\/crees.org.do\/?p=20601\"},\"wordCount\":761,\"commentCount\":0,\"publisher\":{\"@id\":\"https:\/\/crees.org.do\/#organization\"},\"articleSection\":[\"Blog\"],\"inLanguage\":\"es\"},{\"@type\":\"WebPage\",\"@id\":\"https:\/\/crees.org.do\/?p=20601\",\"url\":\"https:\/\/crees.org.do\/?p=20601\",\"name\":\"Una propuesta sobre el derecho de cesant\u00eda | CREES\",\"isPartOf\":{\"@id\":\"https:\/\/crees.org.do\/#website\"},\"datePublished\":\"2017-01-01T00:00:00+00:00\",\"breadcrumb\":{\"@id\":\"https:\/\/crees.org.do\/?p=20601#breadcrumb\"},\"inLanguage\":\"es\",\"potentialAction\":[{\"@type\":\"ReadAction\",\"target\":[\"https:\/\/crees.org.do\/?p=20601\"]}]},{\"@type\":\"BreadcrumbList\",\"@id\":\"https:\/\/crees.org.do\/?p=20601#breadcrumb\",\"itemListElement\":[{\"@type\":\"ListItem\",\"position\":1,\"name\":\"Portada\",\"item\":\"https:\/\/crees.org.do\/\"},{\"@type\":\"ListItem\",\"position\":2,\"name\":\"Una propuesta sobre el derecho de cesant\u00eda\"}]},{\"@type\":\"WebSite\",\"@id\":\"https:\/\/crees.org.do\/#website\",\"url\":\"https:\/\/crees.org.do\/\",\"name\":\"CREES\",\"description\":\"Centro Regional de Estrategias Econ\u00f3micas Sostenibles\",\"publisher\":{\"@id\":\"https:\/\/crees.org.do\/#organization\"},\"potentialAction\":[{\"@type\":\"SearchAction\",\"target\":{\"@type\":\"EntryPoint\",\"urlTemplate\":\"https:\/\/crees.org.do\/?s={search_term_string}\"},\"query-input\":{\"@type\":\"PropertyValueSpecification\",\"valueRequired\":true,\"valueName\":\"search_term_string\"}}],\"inLanguage\":\"es\"},{\"@type\":\"Organization\",\"@id\":\"https:\/\/crees.org.do\/#organization\",\"name\":\"CREES | Centro Regional de Estrategias Econ\u00f3micas Sostenibles\",\"url\":\"https:\/\/crees.org.do\/\",\"logo\":{\"@type\":\"ImageObject\",\"inLanguage\":\"es\",\"@id\":\"https:\/\/crees.org.do\/#\/schema\/logo\/image\/\",\"url\":\"https:\/\/crees.org.do\/wp-content\/uploads\/2022\/03\/crees-logo-1.jpg\",\"contentUrl\":\"https:\/\/crees.org.do\/wp-content\/uploads\/2022\/03\/crees-logo-1.jpg\",\"width\":244,\"height\":71,\"caption\":\"CREES | Centro Regional de Estrategias Econ\u00f3micas Sostenibles\"},\"image\":{\"@id\":\"https:\/\/crees.org.do\/#\/schema\/logo\/image\/\"},\"sameAs\":[\"https:\/\/www.facebook.com\/CREESRD\/\",\"https:\/\/x.com\/CREESRD\"]},{\"@type\":\"Person\",\"@id\":\"https:\/\/crees.org.do\/#\/schema\/person\/e7f97cd94d7bf9cd0e0ce30acb7d56b8\",\"name\":\"Crees\",\"image\":{\"@type\":\"ImageObject\",\"inLanguage\":\"es\",\"@id\":\"https:\/\/crees.org.do\/#\/schema\/person\/image\/\",\"url\":\"https:\/\/secure.gravatar.com\/avatar\/390ac8f0be5d9aa046152553e2dd7011b59a512d89c150f5e5f28bb8d9a0b165?s=96&d=mm&r=g\",\"contentUrl\":\"https:\/\/secure.gravatar.com\/avatar\/390ac8f0be5d9aa046152553e2dd7011b59a512d89c150f5e5f28bb8d9a0b165?s=96&d=mm&r=g\",\"caption\":\"Crees\"},\"url\":\"https:\/\/crees.org.do\/?author=2\"}]}<\/script>\n<!-- \/ Yoast SEO plugin. -->","yoast_head_json":{"title":"Una propuesta sobre el derecho de cesant\u00eda | CREES","robots":{"index":"index","follow":"follow","max-snippet":"max-snippet:-1","max-image-preview":"max-image-preview:large","max-video-preview":"max-video-preview:-1"},"canonical":"https:\/\/crees.org.do\/?p=20601","og_locale":"es_ES","og_type":"article","og_title":"Una propuesta sobre el derecho de cesant\u00eda | CREES","og_description":"Autor: Esteban DelgadoFecha: 13 de febrero, 2017Extra\u00eddo de eldinero.com.do El sector empresarial est\u00e1 interesado en una modificaci\u00f3n del C\u00f3digo de Trabajo de Rep\u00fablica Dominicana (Ley 14-92), con el objetivo de reducir costos laborales y mejorar su competitividad, con la promesa de aumentar la oferta de empleos. Esa \u00faltima parte es dif\u00edcil de creer, pero es lo que han planteado los empleadores.","og_url":"https:\/\/crees.org.do\/?p=20601","og_site_name":"CREES","article_publisher":"https:\/\/www.facebook.com\/CREESRD\/","article_published_time":"2017-01-01T00:00:00+00:00","og_image":[{"width":244,"height":71,"url":"https:\/\/crees.org.do\/wp-content\/uploads\/2022\/03\/crees-logo-1.jpg","type":"image\/jpeg"}],"author":"Crees","twitter_card":"summary_large_image","twitter_creator":"@CREESRD","twitter_site":"@CREESRD","twitter_misc":{"Escrito por":"Crees","Tiempo de lectura":"4 minutos"},"schema":{"@context":"https:\/\/schema.org","@graph":[{"@type":"Article","@id":"https:\/\/crees.org.do\/?p=20601#article","isPartOf":{"@id":"https:\/\/crees.org.do\/?p=20601"},"author":{"name":"Crees","@id":"https:\/\/crees.org.do\/#\/schema\/person\/e7f97cd94d7bf9cd0e0ce30acb7d56b8"},"headline":"Una propuesta sobre el derecho de cesant\u00eda","datePublished":"2017-01-01T00:00:00+00:00","mainEntityOfPage":{"@id":"https:\/\/crees.org.do\/?p=20601"},"wordCount":761,"commentCount":0,"publisher":{"@id":"https:\/\/crees.org.do\/#organization"},"articleSection":["Blog"],"inLanguage":"es"},{"@type":"WebPage","@id":"https:\/\/crees.org.do\/?p=20601","url":"https:\/\/crees.org.do\/?p=20601","name":"Una propuesta sobre el derecho de cesant\u00eda | CREES","isPartOf":{"@id":"https:\/\/crees.org.do\/#website"},"datePublished":"2017-01-01T00:00:00+00:00","breadcrumb":{"@id":"https:\/\/crees.org.do\/?p=20601#breadcrumb"},"inLanguage":"es","potentialAction":[{"@type":"ReadAction","target":["https:\/\/crees.org.do\/?p=20601"]}]},{"@type":"BreadcrumbList","@id":"https:\/\/crees.org.do\/?p=20601#breadcrumb","itemListElement":[{"@type":"ListItem","position":1,"name":"Portada","item":"https:\/\/crees.org.do\/"},{"@type":"ListItem","position":2,"name":"Una propuesta sobre el derecho de cesant\u00eda"}]},{"@type":"WebSite","@id":"https:\/\/crees.org.do\/#website","url":"https:\/\/crees.org.do\/","name":"CREES","description":"Centro Regional de Estrategias Econ\u00f3micas Sostenibles","publisher":{"@id":"https:\/\/crees.org.do\/#organization"},"potentialAction":[{"@type":"SearchAction","target":{"@type":"EntryPoint","urlTemplate":"https:\/\/crees.org.do\/?s={search_term_string}"},"query-input":{"@type":"PropertyValueSpecification","valueRequired":true,"valueName":"search_term_string"}}],"inLanguage":"es"},{"@type":"Organization","@id":"https:\/\/crees.org.do\/#organization","name":"CREES | Centro Regional de Estrategias Econ\u00f3micas Sostenibles","url":"https:\/\/crees.org.do\/","logo":{"@type":"ImageObject","inLanguage":"es","@id":"https:\/\/crees.org.do\/#\/schema\/logo\/image\/","url":"https:\/\/crees.org.do\/wp-content\/uploads\/2022\/03\/crees-logo-1.jpg","contentUrl":"https:\/\/crees.org.do\/wp-content\/uploads\/2022\/03\/crees-logo-1.jpg","width":244,"height":71,"caption":"CREES | Centro Regional de Estrategias Econ\u00f3micas Sostenibles"},"image":{"@id":"https:\/\/crees.org.do\/#\/schema\/logo\/image\/"},"sameAs":["https:\/\/www.facebook.com\/CREESRD\/","https:\/\/x.com\/CREESRD"]},{"@type":"Person","@id":"https:\/\/crees.org.do\/#\/schema\/person\/e7f97cd94d7bf9cd0e0ce30acb7d56b8","name":"Crees","image":{"@type":"ImageObject","inLanguage":"es","@id":"https:\/\/crees.org.do\/#\/schema\/person\/image\/","url":"https:\/\/secure.gravatar.com\/avatar\/390ac8f0be5d9aa046152553e2dd7011b59a512d89c150f5e5f28bb8d9a0b165?s=96&d=mm&r=g","contentUrl":"https:\/\/secure.gravatar.com\/avatar\/390ac8f0be5d9aa046152553e2dd7011b59a512d89c150f5e5f28bb8d9a0b165?s=96&d=mm&r=g","caption":"Crees"},"url":"https:\/\/crees.org.do\/?author=2"}]}},"_links":{"self":[{"href":"https:\/\/crees.org.do\/index.php?rest_route=\/wp\/v2\/posts\/20601","targetHints":{"allow":["GET"]}}],"collection":[{"href":"https:\/\/crees.org.do\/index.php?rest_route=\/wp\/v2\/posts"}],"about":[{"href":"https:\/\/crees.org.do\/index.php?rest_route=\/wp\/v2\/types\/post"}],"author":[{"embeddable":true,"href":"https:\/\/crees.org.do\/index.php?rest_route=\/wp\/v2\/users\/2"}],"replies":[{"embeddable":true,"href":"https:\/\/crees.org.do\/index.php?rest_route=%2Fwp%2Fv2%2Fcomments&post=20601"}],"version-history":[{"count":0,"href":"https:\/\/crees.org.do\/index.php?rest_route=\/wp\/v2\/posts\/20601\/revisions"}],"wp:attachment":[{"href":"https:\/\/crees.org.do\/index.php?rest_route=%2Fwp%2Fv2%2Fmedia&parent=20601"}],"wp:term":[{"taxonomy":"category","embeddable":true,"href":"https:\/\/crees.org.do\/index.php?rest_route=%2Fwp%2Fv2%2Fcategories&post=20601"},{"taxonomy":"post_tag","embeddable":true,"href":"https:\/\/crees.org.do\/index.php?rest_route=%2Fwp%2Fv2%2Ftags&post=20601"}],"curies":[{"name":"wp","href":"https:\/\/api.w.org\/{rel}","templated":true}]}}