{"id":20614,"date":"2017-01-01T00:00:00","date_gmt":"2017-01-01T00:00:00","guid":{"rendered":"https:\/\/crees.org.do\/salario-minimo-o-empleo-minimo\/"},"modified":"2017-01-01T00:00:00","modified_gmt":"2017-01-01T00:00:00","slug":"salario-minimo-o-empleo-minimo","status":"publish","type":"post","link":"https:\/\/crees.org.do\/?p=20614","title":{"rendered":"\u00bfSalario m\u00ednimo o empleo m\u00ednimo?"},"content":{"rendered":"<p style=\"text-align: justify;\"><strong><span style=\"font-size:12px;\"><span style=\"font-family:verdana,geneva,sans-serif;\">Autor: Pedro Silverio \u00c1lvarez<\/span><\/span><\/strong><\/p>\n<p style=\"text-align: justify;\"><span style=\"font-size:12px;\"><span style=\"font-family:verdana,geneva,sans-serif;\">Fecha: 7 de abril, 2017.&nbsp;<\/span><\/span><\/p>\n<p style=\"text-align: justify;\"><span style=\"font-size:12px;\"><span style=\"font-family:verdana,geneva,sans-serif;\">Extra\u00eddo de <a href=\"https:\/\/www.diariolibre.com\/opinion\/en-directo\/salario-minimo-o-empleo-minimo-IC6765291\">diariolibre.com<\/a><\/span><\/span><\/p>\n<p style=\"font-family: Arial, Helvetica, sans-serif; color: rgb(51, 51, 51); line-height: 20px; margin-top: 10px; margin-bottom: 10px; text-align: justify;\"><span style=\"font-size:12px;\"><span style=\"font-family:verdana,geneva,sans-serif;\">E<i>n pa\u00edses con altos niveles de corrupci\u00f3n, los sobornos necesarios para que los bur\u00f3cratas autoricen la operaci\u00f3n de los negocios asimismo tienen que ser deducidos de los ingresos de ventas y de la misma manera reduce el valor del producto y de los trabajadores que lo producen, aun si estos trabajadores tuvieran el mismo producto por hora que trabajadores en una econom\u00eda m\u00e1s moderna y menos corrupta. En realidad, los trabajadores del Tercer Mundo, m\u00e1s t\u00edpicamente, tienen menor producci\u00f3n por hora, y los altos costos de transportaci\u00f3n y corrupci\u00f3n que deben ser deducidos de las ventas pueden hacer que los trabajadores ganen una fracci\u00f3n de lo que trabajadores ganan por trabajo similar en otros pa\u00edses.&rdquo;<\/i>&nbsp;Thomas Sowell, Basic Economics, 2015<\/span><\/span><\/p>\n<p style=\"font-family: Arial, Helvetica, sans-serif; color: rgb(51, 51, 51); line-height: 20px; margin-top: 10px; margin-bottom: 10px; text-align: justify;\"><span style=\"font-size:12px;\"><span style=\"font-family:verdana,geneva,sans-serif;\">La idea del rol de los precios es simple, poderosa y frecuentemente mal entendida, aun por los propios economistas. Podemos entender que el precio es el mecanismo que sirve de ajuste entre la oferta y la demanda de bienes y servicios. Pero restringimos ese rol para los productos o servicios no &ldquo;politizados&rdquo;. Para los bienes o servicios &ldquo;politizados&rdquo; &ndash;salarios, tasa de cambio, educaci\u00f3n, transporte, etc.- predominan los criterios pol\u00edticos-ideol\u00f3gicos que solo sirven para distorsionar el funcionamiento de esos mercados. Por eso se hace dif\u00edcil una discusi\u00f3n seria sobre las implicaciones en el mercado laboral del incremento en los salarios m\u00ednimos, reci\u00e9n decretados por el Comit\u00e9 Nacional de Salarios (CNS). Y todo se reduce a un debate, propio del manique\u00edsmo, entre &ldquo;izquierdistas&rdquo; y &ldquo;derechistas&rdquo;, explotados y explotadores.<\/span><\/span><\/p>\n<p style=\"font-family: Arial, Helvetica, sans-serif; color: rgb(51, 51, 51); line-height: 20px; margin-top: 10px; margin-bottom: 10px; text-align: justify;\"><span style=\"font-size:12px;\"><span style=\"font-family:verdana,geneva,sans-serif;\">En general, todos quisi\u00e9ramos que los trabajadores recibieran la mayor remuneraci\u00f3n posible; pero esto no puede ocurrir al margen de la l\u00f3gica econ\u00f3mica de un sistema que est\u00e1 supuesto a funcionar en base a las decisiones de agentes fundamentalmente privados que asignan recursos escasos a los prop\u00f3sitos m\u00e1s rentables. No se debe desconocer, sin embargo, que aun en los mercados se dan relaciones de poder entre los participantes. Particularmente, en el mercado laboral es obvia la lucha entre los sindicatos y las organizaciones empresariales. Y el Estado, como jugador activo e interesado, mueve sus cartas de acuerdo a su ecuaci\u00f3n de beneficio pol\u00edtico; por eso, el incremento del salario m\u00ednimo puede verse como una estrategia del gobierno para agenciarse el apoyo de un importante sector laboral en un momento de gran vulnerabilidad pol\u00edtica.<\/span><\/span><\/p>\n<p style=\"font-family: Arial, Helvetica, sans-serif; color: rgb(51, 51, 51); line-height: 20px; margin-top: 10px; margin-bottom: 10px; text-align: justify;\"><span style=\"font-size:12px;\"><span style=\"font-family:verdana,geneva,sans-serif;\">Es casi imposible una discusi\u00f3n sobre el mercado laboral sin referirse a la conexi\u00f3n entre salario y productividad. Err\u00f3neamente, se parte de la premisa de que todo el aumento en la productividad de la econom\u00eda dominicana en los \u00faltimos 25 a\u00f1os se debe exclusivamente a la participaci\u00f3n de la mano de obra en los procesos de producci\u00f3n. Y se olvida &ndash;convenientemente- que otros factores de producci\u00f3n como la tecnolog\u00eda y el capital intervienen en dichos procesos. De modo que para hablar con propiedad se debe establecer cu\u00e1l es el aporte relativo de cada uno de esos factores al incremento en la productividad; de lo contrario, se confunde la productividad laboral con la productividad de la econom\u00eda como un todo. Esta distinci\u00f3n es crucial para llevar a cabo un razonable proceso de negociaci\u00f3n laboral. Como bien plantea Sowell (2015) &ldquo;en casi cualquier ocupaci\u00f3n tu productividad depende no solo de tu propio trabajo sino tambi\u00e9n de la cooperaci\u00f3n de otros factores, tales como la calidad del equipo, la gerencia y otros trabajadores a tu alrededor.&rdquo;<\/span><\/span><\/p>\n<p style=\"font-family: Arial, Helvetica, sans-serif; color: rgb(51, 51, 51); line-height: 20px; margin-top: 10px; margin-bottom: 10px; text-align: justify;\"><span style=\"font-size:12px;\"><span style=\"font-family:verdana,geneva,sans-serif;\">Las cifras oficiales, igualmente, atribuyen a la productividad laboral unos niveles que contrastan con los niveles de calificaci\u00f3n de la oferta laboral dominicana. Por un lado, tenemos una mano de obra con unos bajos niveles de educaci\u00f3n y, por el otro lado, con una alta productividad, dada una econom\u00eda que crece m\u00e1s que el resto de la regi\u00f3n. Algo no encaja en el rompecabezas, y una de las piezas que est\u00e1 sobredimensionada &ndash;y por lo tanto, no encaja- es la de la productividad laboral. Un argumento cotidiano en el debate es que el incremento del salario m\u00ednimo se traducir\u00eda en un mayor dinamismo econ\u00f3mico que, a su vez, terminar\u00eda beneficiando a los empresarios. Gracias por la noticia&#8230; Pero, &iquest;c\u00f3mo es posible que los empresarios &ndash;de quienes se asume son maximizadores de beneficios- no hayan descubierto el potencial de tal estrategia? En realidad, el alza del salario m\u00ednimo incrementa la demanda agregada, a la vez que reduce la capacidad de las empresas para sostener o incrementar el nivel de producci\u00f3n &ndash;posible impacto negativo sobre la inflaci\u00f3n- e impacta negativamente en la contrataci\u00f3n de nuevos trabajadores o causa el despido de los ya contratados. Al final, los favorecidos son los que retienen sus empleos, pero los despedidos se quedar\u00e1n sin salarios m\u00ednimos y sin ingresos. En el fondo, con el salario m\u00ednimo se promueve el empleo m\u00ednimo.<\/span><\/span><\/p>\n<p style=\"font-family: Arial, Helvetica, sans-serif; color: rgb(51, 51, 51); line-height: 20px; margin-top: 10px; margin-bottom: 10px; text-align: justify;\"><span style=\"font-size:12px;\"><span style=\"font-family:verdana,geneva,sans-serif;\">El mayor cuestionamiento a la decisi\u00f3n del CNS es que se contin\u00faa con el enfoque de abordar los problemas de forma parcial y coyuntural. Los costos laborales no pueden ser vistos como si trataran exclusivamente del salario que recibe el trabajador; la carga laboral de la empresa va m\u00e1s all\u00e1 e incluye todos los costos que tienen que absorber las empresas relacionados con la contrataci\u00f3n de un trabajador y que no se reflejan en el pago semanal o quincenal; o sea, todo el pasivo laboral. Igual debe abordarse la dilatada reclasificaci\u00f3n de las empresas. Debe implementarse, por tanto, una reforma laboral que establezca un nuevo marco normativo que remueva las barreras y de mayor flexibilidad al mercado de trabajo.<\/span><\/span><\/p>\n<p style=\"font-family: Arial, Helvetica, sans-serif; color: rgb(51, 51, 51); line-height: 20px; margin-top: 10px; margin-bottom: 10px; text-align: justify;\"><span style=\"font-size:12px;\"><span style=\"font-family:verdana,geneva,sans-serif;\">Quiz\u00e1s ha llegado el momento de hacer una verdadera revoluci\u00f3n laboral, pues en los dem\u00e1s \u00f3rdenes se dice que se est\u00e1 haciendo una revoluci\u00f3n&#8230; en la educaci\u00f3n, en la seguridad, en las comunicaciones, en la electricidad, en las compras y contrataciones&#8230; con el \u00fanico prop\u00f3sito de dejarlo todo en su mismo lugar.<\/span><\/span><\/p>\n<div style=\"text-align: justify;\">&nbsp;<\/div>\n<p style=\"text-align: justify;\">&nbsp;<\/p>\n<p>&nbsp;<\/p>\n<div class=\"pvc_clear\"><\/div>\n<p class=\"pvc_stats all \" data-element-id=\"20614\" style=\"\"><i class=\"pvc-stats-icon medium\" aria-hidden=\"true\"><svg aria-hidden=\"true\" focusable=\"false\" data-prefix=\"far\" data-icon=\"chart-bar\" role=\"img\" xmlns=\"http:\/\/www.w3.org\/2000\/svg\" viewBox=\"0 0 512 512\" class=\"svg-inline--fa fa-chart-bar fa-w-16 fa-2x\"><path fill=\"currentColor\" d=\"M396.8 352h22.4c6.4 0 12.8-6.4 12.8-12.8V108.8c0-6.4-6.4-12.8-12.8-12.8h-22.4c-6.4 0-12.8 6.4-12.8 12.8v230.4c0 6.4 6.4 12.8 12.8 12.8zm-192 0h22.4c6.4 0 12.8-6.4 12.8-12.8V140.8c0-6.4-6.4-12.8-12.8-12.8h-22.4c-6.4 0-12.8 6.4-12.8 12.8v198.4c0 6.4 6.4 12.8 12.8 12.8zm96 0h22.4c6.4 0 12.8-6.4 12.8-12.8V204.8c0-6.4-6.4-12.8-12.8-12.8h-22.4c-6.4 0-12.8 6.4-12.8 12.8v134.4c0 6.4 6.4 12.8 12.8 12.8zM496 400H48V80c0-8.84-7.16-16-16-16H16C7.16 64 0 71.16 0 80v336c0 17.67 14.33 32 32 32h464c8.84 0 16-7.16 16-16v-16c0-8.84-7.16-16-16-16zm-387.2-48h22.4c6.4 0 12.8-6.4 12.8-12.8v-70.4c0-6.4-6.4-12.8-12.8-12.8h-22.4c-6.4 0-12.8 6.4-12.8 12.8v70.4c0 6.4 6.4 12.8 12.8 12.8z\" class=\"\"><\/path><\/svg><\/i> Vistas Totales&nbsp;268&nbsp;, Vistas Hoy&nbsp;3&nbsp;<\/p>\n<div class=\"pvc_clear\"><\/div>\n","protected":false},"excerpt":{"rendered":"<p>Autor: Pedro Silverio \u00c1lvarezFecha: 7 de abril, 2017. Extra\u00eddo de diariolibre.comLa idea del rol de los precios es simple, poderosa y frecuentemente mal entendida, aun por los propios economistas. Podemos entender que el precio es el mecanismo que sirve de ajuste entre la oferta y la demanda de bienes y servicios. Pero restringimos ese rol para los productos o servicios no \u201cpolitizados\u201d. Para los bienes o servicios \u201cpolitizados\u201d \u2013salarios, tasa de cambio, educaci\u00f3n, transporte, etc.- predominan los criterios pol\u00edticos-ideol\u00f3gicos que solo sirven para distorsionar el funcionamiento de esos mercados. Por eso se hace dif\u00edcil una discusi\u00f3n seria sobre las implicaciones en el mercado laboral del incremento en los salarios m\u00ednimos, reci\u00e9n decretados por el Comit\u00e9 Nacional de Salarios (CNS). Y todo se reduce a un debate, propio del manique\u00edsmo, entre \u201cizquierdistas\u201d y \u201cderechistas\u201d, explotados y explotadores.<\/p>\n<div class=\"pvc_clear\"><\/div>\n<p class=\"pvc_stats all \" data-element-id=\"20614\" style=\"\"><i class=\"pvc-stats-icon medium\" aria-hidden=\"true\"><svg aria-hidden=\"true\" focusable=\"false\" data-prefix=\"far\" data-icon=\"chart-bar\" role=\"img\" xmlns=\"http:\/\/www.w3.org\/2000\/svg\" viewBox=\"0 0 512 512\" class=\"svg-inline--fa fa-chart-bar fa-w-16 fa-2x\"><path fill=\"currentColor\" d=\"M396.8 352h22.4c6.4 0 12.8-6.4 12.8-12.8V108.8c0-6.4-6.4-12.8-12.8-12.8h-22.4c-6.4 0-12.8 6.4-12.8 12.8v230.4c0 6.4 6.4 12.8 12.8 12.8zm-192 0h22.4c6.4 0 12.8-6.4 12.8-12.8V140.8c0-6.4-6.4-12.8-12.8-12.8h-22.4c-6.4 0-12.8 6.4-12.8 12.8v198.4c0 6.4 6.4 12.8 12.8 12.8zm96 0h22.4c6.4 0 12.8-6.4 12.8-12.8V204.8c0-6.4-6.4-12.8-12.8-12.8h-22.4c-6.4 0-12.8 6.4-12.8 12.8v134.4c0 6.4 6.4 12.8 12.8 12.8zM496 400H48V80c0-8.84-7.16-16-16-16H16C7.16 64 0 71.16 0 80v336c0 17.67 14.33 32 32 32h464c8.84 0 16-7.16 16-16v-16c0-8.84-7.16-16-16-16zm-387.2-48h22.4c6.4 0 12.8-6.4 12.8-12.8v-70.4c0-6.4-6.4-12.8-12.8-12.8h-22.4c-6.4 0-12.8 6.4-12.8 12.8v70.4c0 6.4 6.4 12.8 12.8 12.8z\" class=\"\"><\/path><\/svg><\/i> Vistas Totales&nbsp;268&nbsp;, Vistas Hoy&nbsp;3&nbsp;<\/p>\n<div class=\"pvc_clear\"><\/div>\n","protected":false},"author":2,"featured_media":0,"comment_status":"open","ping_status":"open","sticky":false,"template":"","format":"standard","meta":{"footnotes":""},"categories":[21],"tags":[],"class_list":["post-20614","post","type-post","status-publish","format-standard","hentry","category-blog"],"yoast_head":"<!-- This site is optimized with the Yoast SEO plugin v25.2 - https:\/\/yoast.com\/wordpress\/plugins\/seo\/ -->\n<title>\u00bfSalario m\u00ednimo o empleo m\u00ednimo? | CREES<\/title>\n<meta name=\"robots\" content=\"index, follow, max-snippet:-1, max-image-preview:large, max-video-preview:-1\" \/>\n<link rel=\"canonical\" href=\"https:\/\/crees.org.do\/?p=20614\" \/>\n<meta property=\"og:locale\" content=\"es_ES\" \/>\n<meta property=\"og:type\" content=\"article\" \/>\n<meta property=\"og:title\" content=\"\u00bfSalario m\u00ednimo o empleo m\u00ednimo? | CREES\" \/>\n<meta property=\"og:description\" content=\"Autor: Pedro Silverio \u00c1lvarezFecha: 7 de abril, 2017. Extra\u00eddo de diariolibre.comLa idea del rol de los precios es simple, poderosa y frecuentemente mal entendida, aun por los propios economistas. Podemos entender que el precio es el mecanismo que sirve de ajuste entre la oferta y la demanda de bienes y servicios. Pero restringimos ese rol para los productos o servicios no \u201cpolitizados\u201d. Para los bienes o servicios \u201cpolitizados\u201d \u2013salarios, tasa de cambio, educaci\u00f3n, transporte, etc.- predominan los criterios pol\u00edticos-ideol\u00f3gicos que solo sirven para distorsionar el funcionamiento de esos mercados. Por eso se hace dif\u00edcil una discusi\u00f3n seria sobre las implicaciones en el mercado laboral del incremento en los salarios m\u00ednimos, reci\u00e9n decretados por el Comit\u00e9 Nacional de Salarios (CNS). Y todo se reduce a un debate, propio del manique\u00edsmo, entre \u201cizquierdistas\u201d y \u201cderechistas\u201d, explotados y explotadores.\" \/>\n<meta property=\"og:url\" content=\"https:\/\/crees.org.do\/?p=20614\" \/>\n<meta property=\"og:site_name\" content=\"CREES\" \/>\n<meta property=\"article:publisher\" content=\"https:\/\/www.facebook.com\/CREESRD\/\" \/>\n<meta property=\"article:published_time\" content=\"2017-01-01T00:00:00+00:00\" \/>\n<meta property=\"og:image\" content=\"https:\/\/crees.org.do\/wp-content\/uploads\/2022\/03\/crees-logo-1.jpg\" \/>\n\t<meta property=\"og:image:width\" content=\"244\" \/>\n\t<meta property=\"og:image:height\" content=\"71\" \/>\n\t<meta property=\"og:image:type\" content=\"image\/jpeg\" \/>\n<meta name=\"author\" content=\"Crees\" \/>\n<meta name=\"twitter:card\" content=\"summary_large_image\" \/>\n<meta name=\"twitter:creator\" content=\"@CREESRD\" \/>\n<meta name=\"twitter:site\" content=\"@CREESRD\" \/>\n<meta name=\"twitter:label1\" content=\"Escrito por\" \/>\n\t<meta name=\"twitter:data1\" content=\"Crees\" \/>\n\t<meta name=\"twitter:label2\" content=\"Tiempo de lectura\" \/>\n\t<meta name=\"twitter:data2\" content=\"5 minutos\" \/>\n<script type=\"application\/ld+json\" class=\"yoast-schema-graph\">{\"@context\":\"https:\/\/schema.org\",\"@graph\":[{\"@type\":\"Article\",\"@id\":\"https:\/\/crees.org.do\/?p=20614#article\",\"isPartOf\":{\"@id\":\"https:\/\/crees.org.do\/?p=20614\"},\"author\":{\"name\":\"Crees\",\"@id\":\"https:\/\/crees.org.do\/#\/schema\/person\/e7f97cd94d7bf9cd0e0ce30acb7d56b8\"},\"headline\":\"\u00bfSalario m\u00ednimo o empleo m\u00ednimo?\",\"datePublished\":\"2017-01-01T00:00:00+00:00\",\"mainEntityOfPage\":{\"@id\":\"https:\/\/crees.org.do\/?p=20614\"},\"wordCount\":1063,\"commentCount\":0,\"publisher\":{\"@id\":\"https:\/\/crees.org.do\/#organization\"},\"articleSection\":[\"Blog\"],\"inLanguage\":\"es\"},{\"@type\":\"WebPage\",\"@id\":\"https:\/\/crees.org.do\/?p=20614\",\"url\":\"https:\/\/crees.org.do\/?p=20614\",\"name\":\"\u00bfSalario m\u00ednimo o empleo m\u00ednimo? | CREES\",\"isPartOf\":{\"@id\":\"https:\/\/crees.org.do\/#website\"},\"datePublished\":\"2017-01-01T00:00:00+00:00\",\"breadcrumb\":{\"@id\":\"https:\/\/crees.org.do\/?p=20614#breadcrumb\"},\"inLanguage\":\"es\",\"potentialAction\":[{\"@type\":\"ReadAction\",\"target\":[\"https:\/\/crees.org.do\/?p=20614\"]}]},{\"@type\":\"BreadcrumbList\",\"@id\":\"https:\/\/crees.org.do\/?p=20614#breadcrumb\",\"itemListElement\":[{\"@type\":\"ListItem\",\"position\":1,\"name\":\"Portada\",\"item\":\"https:\/\/crees.org.do\/\"},{\"@type\":\"ListItem\",\"position\":2,\"name\":\"\u00bfSalario m\u00ednimo o empleo m\u00ednimo?\"}]},{\"@type\":\"WebSite\",\"@id\":\"https:\/\/crees.org.do\/#website\",\"url\":\"https:\/\/crees.org.do\/\",\"name\":\"CREES\",\"description\":\"Centro Regional de Estrategias Econ\u00f3micas Sostenibles\",\"publisher\":{\"@id\":\"https:\/\/crees.org.do\/#organization\"},\"potentialAction\":[{\"@type\":\"SearchAction\",\"target\":{\"@type\":\"EntryPoint\",\"urlTemplate\":\"https:\/\/crees.org.do\/?s={search_term_string}\"},\"query-input\":{\"@type\":\"PropertyValueSpecification\",\"valueRequired\":true,\"valueName\":\"search_term_string\"}}],\"inLanguage\":\"es\"},{\"@type\":\"Organization\",\"@id\":\"https:\/\/crees.org.do\/#organization\",\"name\":\"CREES | Centro Regional de Estrategias Econ\u00f3micas Sostenibles\",\"url\":\"https:\/\/crees.org.do\/\",\"logo\":{\"@type\":\"ImageObject\",\"inLanguage\":\"es\",\"@id\":\"https:\/\/crees.org.do\/#\/schema\/logo\/image\/\",\"url\":\"https:\/\/crees.org.do\/wp-content\/uploads\/2022\/03\/crees-logo-1.jpg\",\"contentUrl\":\"https:\/\/crees.org.do\/wp-content\/uploads\/2022\/03\/crees-logo-1.jpg\",\"width\":244,\"height\":71,\"caption\":\"CREES | Centro Regional de Estrategias Econ\u00f3micas Sostenibles\"},\"image\":{\"@id\":\"https:\/\/crees.org.do\/#\/schema\/logo\/image\/\"},\"sameAs\":[\"https:\/\/www.facebook.com\/CREESRD\/\",\"https:\/\/x.com\/CREESRD\"]},{\"@type\":\"Person\",\"@id\":\"https:\/\/crees.org.do\/#\/schema\/person\/e7f97cd94d7bf9cd0e0ce30acb7d56b8\",\"name\":\"Crees\",\"image\":{\"@type\":\"ImageObject\",\"inLanguage\":\"es\",\"@id\":\"https:\/\/crees.org.do\/#\/schema\/person\/image\/\",\"url\":\"https:\/\/secure.gravatar.com\/avatar\/390ac8f0be5d9aa046152553e2dd7011b59a512d89c150f5e5f28bb8d9a0b165?s=96&d=mm&r=g\",\"contentUrl\":\"https:\/\/secure.gravatar.com\/avatar\/390ac8f0be5d9aa046152553e2dd7011b59a512d89c150f5e5f28bb8d9a0b165?s=96&d=mm&r=g\",\"caption\":\"Crees\"},\"url\":\"https:\/\/crees.org.do\/?author=2\"}]}<\/script>\n<!-- \/ Yoast SEO plugin. -->","yoast_head_json":{"title":"\u00bfSalario m\u00ednimo o empleo m\u00ednimo? | CREES","robots":{"index":"index","follow":"follow","max-snippet":"max-snippet:-1","max-image-preview":"max-image-preview:large","max-video-preview":"max-video-preview:-1"},"canonical":"https:\/\/crees.org.do\/?p=20614","og_locale":"es_ES","og_type":"article","og_title":"\u00bfSalario m\u00ednimo o empleo m\u00ednimo? | CREES","og_description":"Autor: Pedro Silverio \u00c1lvarezFecha: 7 de abril, 2017. Extra\u00eddo de diariolibre.comLa idea del rol de los precios es simple, poderosa y frecuentemente mal entendida, aun por los propios economistas. Podemos entender que el precio es el mecanismo que sirve de ajuste entre la oferta y la demanda de bienes y servicios. Pero restringimos ese rol para los productos o servicios no \u201cpolitizados\u201d. Para los bienes o servicios \u201cpolitizados\u201d \u2013salarios, tasa de cambio, educaci\u00f3n, transporte, etc.- predominan los criterios pol\u00edticos-ideol\u00f3gicos que solo sirven para distorsionar el funcionamiento de esos mercados. Por eso se hace dif\u00edcil una discusi\u00f3n seria sobre las implicaciones en el mercado laboral del incremento en los salarios m\u00ednimos, reci\u00e9n decretados por el Comit\u00e9 Nacional de Salarios (CNS). Y todo se reduce a un debate, propio del manique\u00edsmo, entre \u201cizquierdistas\u201d y \u201cderechistas\u201d, explotados y explotadores.","og_url":"https:\/\/crees.org.do\/?p=20614","og_site_name":"CREES","article_publisher":"https:\/\/www.facebook.com\/CREESRD\/","article_published_time":"2017-01-01T00:00:00+00:00","og_image":[{"width":244,"height":71,"url":"https:\/\/crees.org.do\/wp-content\/uploads\/2022\/03\/crees-logo-1.jpg","type":"image\/jpeg"}],"author":"Crees","twitter_card":"summary_large_image","twitter_creator":"@CREESRD","twitter_site":"@CREESRD","twitter_misc":{"Escrito por":"Crees","Tiempo de lectura":"5 minutos"},"schema":{"@context":"https:\/\/schema.org","@graph":[{"@type":"Article","@id":"https:\/\/crees.org.do\/?p=20614#article","isPartOf":{"@id":"https:\/\/crees.org.do\/?p=20614"},"author":{"name":"Crees","@id":"https:\/\/crees.org.do\/#\/schema\/person\/e7f97cd94d7bf9cd0e0ce30acb7d56b8"},"headline":"\u00bfSalario m\u00ednimo o empleo m\u00ednimo?","datePublished":"2017-01-01T00:00:00+00:00","mainEntityOfPage":{"@id":"https:\/\/crees.org.do\/?p=20614"},"wordCount":1063,"commentCount":0,"publisher":{"@id":"https:\/\/crees.org.do\/#organization"},"articleSection":["Blog"],"inLanguage":"es"},{"@type":"WebPage","@id":"https:\/\/crees.org.do\/?p=20614","url":"https:\/\/crees.org.do\/?p=20614","name":"\u00bfSalario m\u00ednimo o empleo m\u00ednimo? | CREES","isPartOf":{"@id":"https:\/\/crees.org.do\/#website"},"datePublished":"2017-01-01T00:00:00+00:00","breadcrumb":{"@id":"https:\/\/crees.org.do\/?p=20614#breadcrumb"},"inLanguage":"es","potentialAction":[{"@type":"ReadAction","target":["https:\/\/crees.org.do\/?p=20614"]}]},{"@type":"BreadcrumbList","@id":"https:\/\/crees.org.do\/?p=20614#breadcrumb","itemListElement":[{"@type":"ListItem","position":1,"name":"Portada","item":"https:\/\/crees.org.do\/"},{"@type":"ListItem","position":2,"name":"\u00bfSalario m\u00ednimo o empleo m\u00ednimo?"}]},{"@type":"WebSite","@id":"https:\/\/crees.org.do\/#website","url":"https:\/\/crees.org.do\/","name":"CREES","description":"Centro Regional de Estrategias Econ\u00f3micas Sostenibles","publisher":{"@id":"https:\/\/crees.org.do\/#organization"},"potentialAction":[{"@type":"SearchAction","target":{"@type":"EntryPoint","urlTemplate":"https:\/\/crees.org.do\/?s={search_term_string}"},"query-input":{"@type":"PropertyValueSpecification","valueRequired":true,"valueName":"search_term_string"}}],"inLanguage":"es"},{"@type":"Organization","@id":"https:\/\/crees.org.do\/#organization","name":"CREES | Centro Regional de Estrategias Econ\u00f3micas Sostenibles","url":"https:\/\/crees.org.do\/","logo":{"@type":"ImageObject","inLanguage":"es","@id":"https:\/\/crees.org.do\/#\/schema\/logo\/image\/","url":"https:\/\/crees.org.do\/wp-content\/uploads\/2022\/03\/crees-logo-1.jpg","contentUrl":"https:\/\/crees.org.do\/wp-content\/uploads\/2022\/03\/crees-logo-1.jpg","width":244,"height":71,"caption":"CREES | Centro Regional de Estrategias Econ\u00f3micas Sostenibles"},"image":{"@id":"https:\/\/crees.org.do\/#\/schema\/logo\/image\/"},"sameAs":["https:\/\/www.facebook.com\/CREESRD\/","https:\/\/x.com\/CREESRD"]},{"@type":"Person","@id":"https:\/\/crees.org.do\/#\/schema\/person\/e7f97cd94d7bf9cd0e0ce30acb7d56b8","name":"Crees","image":{"@type":"ImageObject","inLanguage":"es","@id":"https:\/\/crees.org.do\/#\/schema\/person\/image\/","url":"https:\/\/secure.gravatar.com\/avatar\/390ac8f0be5d9aa046152553e2dd7011b59a512d89c150f5e5f28bb8d9a0b165?s=96&d=mm&r=g","contentUrl":"https:\/\/secure.gravatar.com\/avatar\/390ac8f0be5d9aa046152553e2dd7011b59a512d89c150f5e5f28bb8d9a0b165?s=96&d=mm&r=g","caption":"Crees"},"url":"https:\/\/crees.org.do\/?author=2"}]}},"_links":{"self":[{"href":"https:\/\/crees.org.do\/index.php?rest_route=\/wp\/v2\/posts\/20614","targetHints":{"allow":["GET"]}}],"collection":[{"href":"https:\/\/crees.org.do\/index.php?rest_route=\/wp\/v2\/posts"}],"about":[{"href":"https:\/\/crees.org.do\/index.php?rest_route=\/wp\/v2\/types\/post"}],"author":[{"embeddable":true,"href":"https:\/\/crees.org.do\/index.php?rest_route=\/wp\/v2\/users\/2"}],"replies":[{"embeddable":true,"href":"https:\/\/crees.org.do\/index.php?rest_route=%2Fwp%2Fv2%2Fcomments&post=20614"}],"version-history":[{"count":0,"href":"https:\/\/crees.org.do\/index.php?rest_route=\/wp\/v2\/posts\/20614\/revisions"}],"wp:attachment":[{"href":"https:\/\/crees.org.do\/index.php?rest_route=%2Fwp%2Fv2%2Fmedia&parent=20614"}],"wp:term":[{"taxonomy":"category","embeddable":true,"href":"https:\/\/crees.org.do\/index.php?rest_route=%2Fwp%2Fv2%2Fcategories&post=20614"},{"taxonomy":"post_tag","embeddable":true,"href":"https:\/\/crees.org.do\/index.php?rest_route=%2Fwp%2Fv2%2Ftags&post=20614"}],"curies":[{"name":"wp","href":"https:\/\/api.w.org\/{rel}","templated":true}]}}