{"id":20620,"date":"2017-01-01T00:00:00","date_gmt":"2017-01-01T00:00:00","guid":{"rendered":"https:\/\/crees.org.do\/turismo-aporto-79-servicios-de-exportacion-y-alza-empleo-67-4\/"},"modified":"2017-01-01T00:00:00","modified_gmt":"2017-01-01T00:00:00","slug":"turismo-aporto-79-servicios-de-exportacion-y-alza-empleo-67-4","status":"publish","type":"post","link":"https:\/\/crees.org.do\/?p=20620","title":{"rendered":"Turismo aport\u00f3 79% servicios de exportaci\u00f3n y alza empleo 67.4%"},"content":{"rendered":"<p style=\"text-align: justify;\"><strong><span style=\"font-size:12px;\"><span style=\"font-family:verdana,geneva,sans-serif;\">Autor: Pedro Germos\u00e9n&nbsp;<\/span><\/span><\/strong><\/p>\n<p style=\"text-align: justify;\"><span style=\"font-size:12px;\"><span style=\"font-family:verdana,geneva,sans-serif;\">Fecha: 2 de mayo del 2017<\/span><\/span><\/p>\n<p style=\"text-align: justify;\"><span style=\"font-size:12px;\"><span style=\"font-family:verdana,geneva,sans-serif;\">Extra\u00eddo de <a href=\"http:\/\/hoy.com.do\/turismo-aporto-79-servicios-de-exportacion-y-alza-empleo-67-4\/\">hoy.com.do&nbsp;<\/a><\/span><\/span><\/p>\n<p style=\"text-align: justify;\"><span style=\"font-size:12px;\"><span style=\"font-family:verdana,geneva,sans-serif;\"><span style=\"color: rgb(51, 51, 51); line-height: 22.5px; background-color: rgb(255, 255, 255);\">Entre el 2010 y el 2016 el turismo aport\u00f3 el 79% de las exportaciones de servicios de la Rep\u00fablica Dominicana y durante los \u00faltimos 10 a\u00f1os, el n\u00famero de habitaciones hoteleras creci\u00f3 en 18%, mientras que el empleo total creci\u00f3 en 67.4%. Sin embargo, entre las debilidades y retos a encarar figuran la violencia, homicidios y, entre otros, &ldquo;la baja confiabilidad en los servicios policiales&rdquo;.<\/span><br style=\"box-sizing: border-box; line-height: 2.7em; color: rgb(51, 51, 51); font-family: 'Open Sans', sans-serif; font-size: 15px; background-color: rgb(255, 255, 255);\" \/><span style=\"color: rgb(51, 51, 51); line-height: 22.5px; background-color: rgb(255, 255, 255);\">As\u00ed lo consigna el Centro Regional de Estrategias Econ\u00f3micas Sostenibles (CREES), que sostiene que el turismo se ha consolidado en el pa\u00eds como uno de los sectores econ\u00f3micos de mayor importancia, tanto en la generaci\u00f3n de empleos, ingresos y divisas, como en el encadenamiento de procesos productivos y en el incremento de la demanda de bienes intermedios producidos en el pa\u00eds.<\/span><br style=\"box-sizing: border-box; line-height: 2.7em; color: rgb(51, 51, 51); font-family: 'Open Sans', sans-serif; font-size: 15px; background-color: rgb(255, 255, 255);\" \/><span style=\"color: rgb(51, 51, 51); line-height: 22.5px; background-color: rgb(255, 255, 255);\">Citando el Informe de Competitividad de Viajes y Turismo 2017, del Foro Econ\u00f3mico Mundial (WEF, por sus siglas en ingl\u00e9s), el CREES destaca que el n\u00famero de habitaciones de hoteles viene creciendo desde mediados del 1980, ya que de 5,394 habitaciones de entonces ahora existen 74,981, es decir, un crecimiento promedio anual de 7.8%.<\/span><br style=\"box-sizing: border-box; line-height: 2.7em; color: rgb(51, 51, 51); font-family: 'Open Sans', sans-serif; font-size: 15px; background-color: rgb(255, 255, 255);\" \/><span style=\"color: rgb(51, 51, 51); line-height: 22.5px; background-color: rgb(255, 255, 255);\">Ingresos. Resalta que en los \u00faltimos 36 a\u00f1os los ingresos por turismo se incrementaron a raz\u00f3n de 10.7% cada a\u00f1o, en promedio.<\/span><br style=\"box-sizing: border-box; line-height: 2.7em; color: rgb(51, 51, 51); font-family: 'Open Sans', sans-serif; font-size: 15px; background-color: rgb(255, 255, 255);\" \/><span style=\"color: rgb(51, 51, 51); line-height: 22.5px; background-color: rgb(255, 255, 255);\">Sin embargo, se\u00f1ala, el crecimiento fue de 5.6% anual, durante los \u00faltimos 10 a\u00f1os, al punto de que para el 2016, los ingresos por turismo ascendieron a US$6,723.3 millones.<\/span><br style=\"box-sizing: border-box; line-height: 2.7em; color: rgb(51, 51, 51); font-family: 'Open Sans', sans-serif; font-size: 15px; background-color: rgb(255, 255, 255);\" \/><span style=\"color: rgb(51, 51, 51); line-height: 22.5px; background-color: rgb(255, 255, 255);\">Empleos. Destaca que los empleos directos del sector se incrementaron sensiblemente durante el a\u00f1o 2016, pasando de 71,686 empleados a 88,777.<\/span><br style=\"box-sizing: border-box; line-height: 2.7em; color: rgb(51, 51, 51); font-family: 'Open Sans', sans-serif; font-size: 15px; background-color: rgb(255, 255, 255);\" \/><span style=\"color: rgb(51, 51, 51); line-height: 22.5px; background-color: rgb(255, 255, 255);\">Adem\u00e1s, el CREES resalta que fruto del encadenamiento productivo que genera el sector, se han creado diversos empleos indirectos.<\/span><br style=\"box-sizing: border-box; line-height: 2.7em; color: rgb(51, 51, 51); font-family: 'Open Sans', sans-serif; font-size: 15px; background-color: rgb(255, 255, 255);\" \/><span style=\"color: rgb(51, 51, 51); line-height: 22.5px; background-color: rgb(255, 255, 255);\">Se\u00f1ala que al 2016, los empleos directos e indirectos del sector ascendieron a 315,153 personas.<\/span><br style=\"box-sizing: border-box; line-height: 2.7em; color: rgb(51, 51, 51); font-family: 'Open Sans', sans-serif; font-size: 15px; background-color: rgb(255, 255, 255);\" \/><span style=\"color: rgb(51, 51, 51); line-height: 22.5px; background-color: rgb(255, 255, 255);\">Competitividad. Indica que los resultados de este a\u00f1o establecen que Espa\u00f1a es el pa\u00eds con el sector tur\u00edstico m\u00e1s competitivo, seguido de Francia, Alemania, Jap\u00f3n y el Reino Unido.<\/span><br style=\"box-sizing: border-box; line-height: 2.7em; color: rgb(51, 51, 51); font-family: 'Open Sans', sans-serif; font-size: 15px; background-color: rgb(255, 255, 255);\" \/><span style=\"color: rgb(51, 51, 51); line-height: 22.5px; background-color: rgb(255, 255, 255);\">Por otro lado, agrega, la regi\u00f3n de Am\u00e9rica Latina y el Caribe es liderada por M\u00e9xico, seguido por Brasil, Panam\u00e1, Costa Rica, Chile y, como se puede observar, la Rep\u00fablica Dominicana qued\u00f3 muy alejada de los l\u00edderes de la regi\u00f3n al ocupar la posici\u00f3n 76 dentro del \u00edndice y la posici\u00f3n 13 de los 20 pa\u00edses, incluida la regi\u00f3n de Am\u00e9rica Latina y el Caribe.<\/span><br style=\"box-sizing: border-box; line-height: 2.7em; color: rgb(51, 51, 51); font-family: 'Open Sans', sans-serif; font-size: 15px; background-color: rgb(255, 255, 255);\" \/><span style=\"color: rgb(51, 51, 51); line-height: 22.5px; background-color: rgb(255, 255, 255);\">Sin embargo, el CREES se\u00f1ala que respecto a la versi\u00f3n anterior del informe, la Rep\u00fablica Dominicana increment\u00f3 ligeramente su puntaje al pasar de 3.5 en 2015 a 3.6 en 2017, de un puntaje m\u00e1ximo de 7.<\/span><br style=\"box-sizing: border-box; line-height: 2.7em; color: rgb(51, 51, 51); font-family: 'Open Sans', sans-serif; font-size: 15px; background-color: rgb(255, 255, 255);\" \/><span style=\"color: rgb(51, 51, 51); line-height: 22.5px; background-color: rgb(255, 255, 255);\">Retos. Se\u00f1ala que Rep\u00fablica Dominicana todav\u00eda presenta retos importantes en el sub\u00edndice de Ambiente Favorable para la Inversi\u00f3n, dado que ocupa la 99 posici\u00f3n en ese rengl\u00f3n.<\/span><br style=\"box-sizing: border-box; line-height: 2.7em; color: rgb(51, 51, 51); font-family: 'Open Sans', sans-serif; font-size: 15px; background-color: rgb(255, 255, 255);\" \/><span style=\"color: rgb(51, 51, 51); line-height: 22.5px; background-color: rgb(255, 255, 255);\">El informe citado por el CREES expresa que los pilares de Clima de Negocios, Seguridad y Protecci\u00f3n, y Recursos Humanos y Mercado Laboral, sobresalen.<\/span><br style=\"box-sizing: border-box; line-height: 2.7em; color: rgb(51, 51, 51); font-family: 'Open Sans', sans-serif; font-size: 15px; background-color: rgb(255, 255, 255);\" \/><span style=\"color: rgb(51, 51, 51); line-height: 22.5px; background-color: rgb(255, 255, 255);\">Debilidades. Indica que es resaltable que aunque obtuvo un puntaje de 4.3 en Ambiente Favorable para la Inversi\u00f3n, la posici\u00f3n del pa\u00eds es relativamente d\u00e9bil, lo que implica que este sub\u00edndice es muy competitivo y que los dem\u00e1s pa\u00edses evaluados tienen mejor desempe\u00f1o.<\/span><br style=\"box-sizing: border-box; line-height: 2.7em; color: rgb(51, 51, 51); font-family: 'Open Sans', sans-serif; font-size: 15px; background-color: rgb(255, 255, 255);\" \/><span style=\"color: rgb(51, 51, 51); line-height: 22.5px; background-color: rgb(255, 255, 255);\">Recomienda tomar medidas y aplicar reformas que mejoren el Ambiente Favorable para la Inversi\u00f3n en el pa\u00eds.<\/span><br style=\"box-sizing: border-box; line-height: 2.7em; color: rgb(51, 51, 51); font-family: 'Open Sans', sans-serif; font-size: 15px; background-color: rgb(255, 255, 255);\" \/><span style=\"color: rgb(51, 51, 51); line-height: 22.5px; background-color: rgb(255, 255, 255);\">Dentro de los componentes de este sub\u00edndice a mejorar, destaca el clima de negocio del pa\u00eds, ubicado en la posici\u00f3n 100 de 136, los altos costos para abrir un negocio (posici\u00f3n 97), la tasa de impuesto total que grava las rentas de las empresas (posici\u00f3n 87) y la eficiencia del sistema legal para resolver disputas (posici\u00f3n 110).<\/span><br style=\"box-sizing: border-box; line-height: 2.7em; color: rgb(51, 51, 51); font-family: 'Open Sans', sans-serif; font-size: 15px; background-color: rgb(255, 255, 255);\" \/><span style=\"color: rgb(51, 51, 51); line-height: 22.5px; background-color: rgb(255, 255, 255);\">Seguridad. Otros elementos que penalizan a los negocios en el pa\u00eds competen a la Seguridad y Protecci\u00f3n y, seg\u00fan el \u00edndice, estos elementos son los costos para las empresas que representa el crimen y la violencia (posici\u00f3n 120), la baja confiabilidad de los servicios policiales (posici\u00f3n 131) y las altas tasas de homicidios (posici\u00f3n 125).<\/span><br style=\"box-sizing: border-box; line-height: 2.7em; color: rgb(51, 51, 51); font-family: 'Open Sans', sans-serif; font-size: 15px; background-color: rgb(255, 255, 255);\" \/><span style=\"color: rgb(51, 51, 51); line-height: 22.5px; background-color: rgb(255, 255, 255);\">Infraestructuras. El documento destaca que en cuanto a la infraestructura de la tecnolog\u00eda de la informaci\u00f3n y las comunicaciones, el pa\u00eds se situ\u00f3 en el lugar 107.<\/span><br style=\"box-sizing: border-box; line-height: 2.7em; color: rgb(51, 51, 51); font-family: 'Open Sans', sans-serif; font-size: 15px; background-color: rgb(255, 255, 255);\" \/><span style=\"color: rgb(51, 51, 51); line-height: 22.5px; background-color: rgb(255, 255, 255);\">El informe alerta que el principal problema que enfrenta el pa\u00eds en dicha variable es la calidad de la oferta el\u00e9ctrica, en la que ocupa el lugar 122.<\/span><br style=\"box-sizing: border-box; line-height: 2.7em; color: rgb(51, 51, 51); font-family: 'Open Sans', sans-serif; font-size: 15px; background-color: rgb(255, 255, 255);\" \/><span style=\"color: rgb(51, 51, 51); line-height: 22.5px; background-color: rgb(255, 255, 255);\">Se\u00f1ala que esta posici\u00f3n explica por qu\u00e9 a pesar de que una importante proporci\u00f3n de los hoteles del pa\u00eds est\u00e1n en la zona de concesi\u00f3n de CEPM (2), aislados de los principales problemas del sector el\u00e9ctrico dominicano, &ldquo;los dem\u00e1s hoteles situados fuera de esa zona se enfrentan a los diversos problemas del sector el\u00e9ctrico que todos conocemos&rdquo;. Destaca las inversiones del Estado, publicidad y ciertas pol\u00edticas p\u00fablicas dirigidas a apuntalar el turismo.<\/span><\/span><\/span><\/p>\n<div class=\"pvc_clear\"><\/div>\n<p class=\"pvc_stats all \" data-element-id=\"20620\" style=\"\"><i class=\"pvc-stats-icon medium\" aria-hidden=\"true\"><svg aria-hidden=\"true\" focusable=\"false\" data-prefix=\"far\" data-icon=\"chart-bar\" role=\"img\" xmlns=\"http:\/\/www.w3.org\/2000\/svg\" viewBox=\"0 0 512 512\" class=\"svg-inline--fa fa-chart-bar fa-w-16 fa-2x\"><path fill=\"currentColor\" d=\"M396.8 352h22.4c6.4 0 12.8-6.4 12.8-12.8V108.8c0-6.4-6.4-12.8-12.8-12.8h-22.4c-6.4 0-12.8 6.4-12.8 12.8v230.4c0 6.4 6.4 12.8 12.8 12.8zm-192 0h22.4c6.4 0 12.8-6.4 12.8-12.8V140.8c0-6.4-6.4-12.8-12.8-12.8h-22.4c-6.4 0-12.8 6.4-12.8 12.8v198.4c0 6.4 6.4 12.8 12.8 12.8zm96 0h22.4c6.4 0 12.8-6.4 12.8-12.8V204.8c0-6.4-6.4-12.8-12.8-12.8h-22.4c-6.4 0-12.8 6.4-12.8 12.8v134.4c0 6.4 6.4 12.8 12.8 12.8zM496 400H48V80c0-8.84-7.16-16-16-16H16C7.16 64 0 71.16 0 80v336c0 17.67 14.33 32 32 32h464c8.84 0 16-7.16 16-16v-16c0-8.84-7.16-16-16-16zm-387.2-48h22.4c6.4 0 12.8-6.4 12.8-12.8v-70.4c0-6.4-6.4-12.8-12.8-12.8h-22.4c-6.4 0-12.8 6.4-12.8 12.8v70.4c0 6.4 6.4 12.8 12.8 12.8z\" class=\"\"><\/path><\/svg><\/i> Vistas Totales&nbsp;271&nbsp;, Vistas Hoy&nbsp;2&nbsp;<\/p>\n<div class=\"pvc_clear\"><\/div>\n","protected":false},"excerpt":{"rendered":"<p>Autor: Pedro Germos\u00e9n Fecha: 2 de mayo del 2017Extra\u00eddo de hoy.com.do Entre el 2010 y el 2016 el turismo aport\u00f3 el 79% de las exportaciones de servicios de la Rep\u00fablica Dominicana y durante los \u00faltimos 10 a\u00f1os, el n\u00famero de habitaciones hoteleras creci\u00f3 en 18%, mientras que el empleo total creci\u00f3 en 67.4%. Sin embargo, entre las debilidades y retos a encarar figuran la violencia, homicidios y, entre otros, \u201cla baja confiabilidad en los servicios policiales\u201d.<\/p>\n<div class=\"pvc_clear\"><\/div>\n<p class=\"pvc_stats all \" data-element-id=\"20620\" style=\"\"><i class=\"pvc-stats-icon medium\" aria-hidden=\"true\"><svg aria-hidden=\"true\" focusable=\"false\" data-prefix=\"far\" data-icon=\"chart-bar\" role=\"img\" xmlns=\"http:\/\/www.w3.org\/2000\/svg\" viewBox=\"0 0 512 512\" class=\"svg-inline--fa fa-chart-bar fa-w-16 fa-2x\"><path fill=\"currentColor\" d=\"M396.8 352h22.4c6.4 0 12.8-6.4 12.8-12.8V108.8c0-6.4-6.4-12.8-12.8-12.8h-22.4c-6.4 0-12.8 6.4-12.8 12.8v230.4c0 6.4 6.4 12.8 12.8 12.8zm-192 0h22.4c6.4 0 12.8-6.4 12.8-12.8V140.8c0-6.4-6.4-12.8-12.8-12.8h-22.4c-6.4 0-12.8 6.4-12.8 12.8v198.4c0 6.4 6.4 12.8 12.8 12.8zm96 0h22.4c6.4 0 12.8-6.4 12.8-12.8V204.8c0-6.4-6.4-12.8-12.8-12.8h-22.4c-6.4 0-12.8 6.4-12.8 12.8v134.4c0 6.4 6.4 12.8 12.8 12.8zM496 400H48V80c0-8.84-7.16-16-16-16H16C7.16 64 0 71.16 0 80v336c0 17.67 14.33 32 32 32h464c8.84 0 16-7.16 16-16v-16c0-8.84-7.16-16-16-16zm-387.2-48h22.4c6.4 0 12.8-6.4 12.8-12.8v-70.4c0-6.4-6.4-12.8-12.8-12.8h-22.4c-6.4 0-12.8 6.4-12.8 12.8v70.4c0 6.4 6.4 12.8 12.8 12.8z\" class=\"\"><\/path><\/svg><\/i> Vistas Totales&nbsp;271&nbsp;, Vistas Hoy&nbsp;2&nbsp;<\/p>\n<div class=\"pvc_clear\"><\/div>\n","protected":false},"author":2,"featured_media":0,"comment_status":"open","ping_status":"open","sticky":false,"template":"","format":"standard","meta":{"footnotes":""},"categories":[21],"tags":[],"class_list":["post-20620","post","type-post","status-publish","format-standard","hentry","category-blog"],"yoast_head":"<!-- This site is optimized with the Yoast SEO plugin v25.2 - https:\/\/yoast.com\/wordpress\/plugins\/seo\/ -->\n<title>Turismo aport\u00f3 79% servicios de exportaci\u00f3n y alza empleo 67.4% | CREES<\/title>\n<meta name=\"robots\" content=\"index, follow, max-snippet:-1, max-image-preview:large, max-video-preview:-1\" \/>\n<link rel=\"canonical\" href=\"https:\/\/crees.org.do\/?p=20620\" \/>\n<meta property=\"og:locale\" content=\"es_ES\" \/>\n<meta property=\"og:type\" content=\"article\" \/>\n<meta property=\"og:title\" content=\"Turismo aport\u00f3 79% servicios de exportaci\u00f3n y alza empleo 67.4% | CREES\" \/>\n<meta property=\"og:description\" content=\"Autor: Pedro Germos\u00e9n Fecha: 2 de mayo del 2017Extra\u00eddo de hoy.com.do Entre el 2010 y el 2016 el turismo aport\u00f3 el 79% de las exportaciones de servicios de la Rep\u00fablica Dominicana y durante los \u00faltimos 10 a\u00f1os, el n\u00famero de habitaciones hoteleras creci\u00f3 en 18%, mientras que el empleo total creci\u00f3 en 67.4%. Sin embargo, entre las debilidades y retos a encarar figuran la violencia, homicidios y, entre otros, \u201cla baja confiabilidad en los servicios policiales\u201d.\" \/>\n<meta property=\"og:url\" content=\"https:\/\/crees.org.do\/?p=20620\" \/>\n<meta property=\"og:site_name\" content=\"CREES\" \/>\n<meta property=\"article:publisher\" content=\"https:\/\/www.facebook.com\/CREESRD\/\" \/>\n<meta property=\"article:published_time\" content=\"2017-01-01T00:00:00+00:00\" \/>\n<meta property=\"og:image\" content=\"https:\/\/crees.org.do\/wp-content\/uploads\/2022\/03\/crees-logo-1.jpg\" \/>\n\t<meta property=\"og:image:width\" content=\"244\" \/>\n\t<meta property=\"og:image:height\" content=\"71\" \/>\n\t<meta property=\"og:image:type\" content=\"image\/jpeg\" \/>\n<meta name=\"author\" content=\"Crees\" \/>\n<meta name=\"twitter:card\" content=\"summary_large_image\" \/>\n<meta name=\"twitter:creator\" content=\"@CREESRD\" \/>\n<meta name=\"twitter:site\" content=\"@CREESRD\" \/>\n<meta name=\"twitter:label1\" content=\"Escrito por\" \/>\n\t<meta name=\"twitter:data1\" content=\"Crees\" \/>\n\t<meta name=\"twitter:label2\" content=\"Tiempo de lectura\" \/>\n\t<meta name=\"twitter:data2\" content=\"4 minutos\" \/>\n<script type=\"application\/ld+json\" class=\"yoast-schema-graph\">{\"@context\":\"https:\/\/schema.org\",\"@graph\":[{\"@type\":\"Article\",\"@id\":\"https:\/\/crees.org.do\/?p=20620#article\",\"isPartOf\":{\"@id\":\"https:\/\/crees.org.do\/?p=20620\"},\"author\":{\"name\":\"Crees\",\"@id\":\"https:\/\/crees.org.do\/#\/schema\/person\/e7f97cd94d7bf9cd0e0ce30acb7d56b8\"},\"headline\":\"Turismo aport\u00f3 79% servicios de exportaci\u00f3n y alza empleo 67.4%\",\"datePublished\":\"2017-01-01T00:00:00+00:00\",\"mainEntityOfPage\":{\"@id\":\"https:\/\/crees.org.do\/?p=20620\"},\"wordCount\":839,\"commentCount\":0,\"publisher\":{\"@id\":\"https:\/\/crees.org.do\/#organization\"},\"articleSection\":[\"Blog\"],\"inLanguage\":\"es\"},{\"@type\":\"WebPage\",\"@id\":\"https:\/\/crees.org.do\/?p=20620\",\"url\":\"https:\/\/crees.org.do\/?p=20620\",\"name\":\"Turismo aport\u00f3 79% servicios de exportaci\u00f3n y alza empleo 67.4% | CREES\",\"isPartOf\":{\"@id\":\"https:\/\/crees.org.do\/#website\"},\"datePublished\":\"2017-01-01T00:00:00+00:00\",\"breadcrumb\":{\"@id\":\"https:\/\/crees.org.do\/?p=20620#breadcrumb\"},\"inLanguage\":\"es\",\"potentialAction\":[{\"@type\":\"ReadAction\",\"target\":[\"https:\/\/crees.org.do\/?p=20620\"]}]},{\"@type\":\"BreadcrumbList\",\"@id\":\"https:\/\/crees.org.do\/?p=20620#breadcrumb\",\"itemListElement\":[{\"@type\":\"ListItem\",\"position\":1,\"name\":\"Portada\",\"item\":\"https:\/\/crees.org.do\/\"},{\"@type\":\"ListItem\",\"position\":2,\"name\":\"Turismo aport\u00f3 79% servicios de exportaci\u00f3n y alza empleo 67.4%\"}]},{\"@type\":\"WebSite\",\"@id\":\"https:\/\/crees.org.do\/#website\",\"url\":\"https:\/\/crees.org.do\/\",\"name\":\"CREES\",\"description\":\"Centro Regional de Estrategias Econ\u00f3micas Sostenibles\",\"publisher\":{\"@id\":\"https:\/\/crees.org.do\/#organization\"},\"potentialAction\":[{\"@type\":\"SearchAction\",\"target\":{\"@type\":\"EntryPoint\",\"urlTemplate\":\"https:\/\/crees.org.do\/?s={search_term_string}\"},\"query-input\":{\"@type\":\"PropertyValueSpecification\",\"valueRequired\":true,\"valueName\":\"search_term_string\"}}],\"inLanguage\":\"es\"},{\"@type\":\"Organization\",\"@id\":\"https:\/\/crees.org.do\/#organization\",\"name\":\"CREES | Centro Regional de Estrategias Econ\u00f3micas Sostenibles\",\"url\":\"https:\/\/crees.org.do\/\",\"logo\":{\"@type\":\"ImageObject\",\"inLanguage\":\"es\",\"@id\":\"https:\/\/crees.org.do\/#\/schema\/logo\/image\/\",\"url\":\"https:\/\/crees.org.do\/wp-content\/uploads\/2022\/03\/crees-logo-1.jpg\",\"contentUrl\":\"https:\/\/crees.org.do\/wp-content\/uploads\/2022\/03\/crees-logo-1.jpg\",\"width\":244,\"height\":71,\"caption\":\"CREES | Centro Regional de Estrategias Econ\u00f3micas Sostenibles\"},\"image\":{\"@id\":\"https:\/\/crees.org.do\/#\/schema\/logo\/image\/\"},\"sameAs\":[\"https:\/\/www.facebook.com\/CREESRD\/\",\"https:\/\/x.com\/CREESRD\"]},{\"@type\":\"Person\",\"@id\":\"https:\/\/crees.org.do\/#\/schema\/person\/e7f97cd94d7bf9cd0e0ce30acb7d56b8\",\"name\":\"Crees\",\"image\":{\"@type\":\"ImageObject\",\"inLanguage\":\"es\",\"@id\":\"https:\/\/crees.org.do\/#\/schema\/person\/image\/\",\"url\":\"https:\/\/secure.gravatar.com\/avatar\/390ac8f0be5d9aa046152553e2dd7011b59a512d89c150f5e5f28bb8d9a0b165?s=96&d=mm&r=g\",\"contentUrl\":\"https:\/\/secure.gravatar.com\/avatar\/390ac8f0be5d9aa046152553e2dd7011b59a512d89c150f5e5f28bb8d9a0b165?s=96&d=mm&r=g\",\"caption\":\"Crees\"},\"url\":\"https:\/\/crees.org.do\/?author=2\"}]}<\/script>\n<!-- \/ Yoast SEO plugin. -->","yoast_head_json":{"title":"Turismo aport\u00f3 79% servicios de exportaci\u00f3n y alza empleo 67.4% | CREES","robots":{"index":"index","follow":"follow","max-snippet":"max-snippet:-1","max-image-preview":"max-image-preview:large","max-video-preview":"max-video-preview:-1"},"canonical":"https:\/\/crees.org.do\/?p=20620","og_locale":"es_ES","og_type":"article","og_title":"Turismo aport\u00f3 79% servicios de exportaci\u00f3n y alza empleo 67.4% | CREES","og_description":"Autor: Pedro Germos\u00e9n Fecha: 2 de mayo del 2017Extra\u00eddo de hoy.com.do Entre el 2010 y el 2016 el turismo aport\u00f3 el 79% de las exportaciones de servicios de la Rep\u00fablica Dominicana y durante los \u00faltimos 10 a\u00f1os, el n\u00famero de habitaciones hoteleras creci\u00f3 en 18%, mientras que el empleo total creci\u00f3 en 67.4%. Sin embargo, entre las debilidades y retos a encarar figuran la violencia, homicidios y, entre otros, \u201cla baja confiabilidad en los servicios policiales\u201d.","og_url":"https:\/\/crees.org.do\/?p=20620","og_site_name":"CREES","article_publisher":"https:\/\/www.facebook.com\/CREESRD\/","article_published_time":"2017-01-01T00:00:00+00:00","og_image":[{"width":244,"height":71,"url":"https:\/\/crees.org.do\/wp-content\/uploads\/2022\/03\/crees-logo-1.jpg","type":"image\/jpeg"}],"author":"Crees","twitter_card":"summary_large_image","twitter_creator":"@CREESRD","twitter_site":"@CREESRD","twitter_misc":{"Escrito por":"Crees","Tiempo de lectura":"4 minutos"},"schema":{"@context":"https:\/\/schema.org","@graph":[{"@type":"Article","@id":"https:\/\/crees.org.do\/?p=20620#article","isPartOf":{"@id":"https:\/\/crees.org.do\/?p=20620"},"author":{"name":"Crees","@id":"https:\/\/crees.org.do\/#\/schema\/person\/e7f97cd94d7bf9cd0e0ce30acb7d56b8"},"headline":"Turismo aport\u00f3 79% servicios de exportaci\u00f3n y alza empleo 67.4%","datePublished":"2017-01-01T00:00:00+00:00","mainEntityOfPage":{"@id":"https:\/\/crees.org.do\/?p=20620"},"wordCount":839,"commentCount":0,"publisher":{"@id":"https:\/\/crees.org.do\/#organization"},"articleSection":["Blog"],"inLanguage":"es"},{"@type":"WebPage","@id":"https:\/\/crees.org.do\/?p=20620","url":"https:\/\/crees.org.do\/?p=20620","name":"Turismo aport\u00f3 79% servicios de exportaci\u00f3n y alza empleo 67.4% | CREES","isPartOf":{"@id":"https:\/\/crees.org.do\/#website"},"datePublished":"2017-01-01T00:00:00+00:00","breadcrumb":{"@id":"https:\/\/crees.org.do\/?p=20620#breadcrumb"},"inLanguage":"es","potentialAction":[{"@type":"ReadAction","target":["https:\/\/crees.org.do\/?p=20620"]}]},{"@type":"BreadcrumbList","@id":"https:\/\/crees.org.do\/?p=20620#breadcrumb","itemListElement":[{"@type":"ListItem","position":1,"name":"Portada","item":"https:\/\/crees.org.do\/"},{"@type":"ListItem","position":2,"name":"Turismo aport\u00f3 79% servicios de exportaci\u00f3n y alza empleo 67.4%"}]},{"@type":"WebSite","@id":"https:\/\/crees.org.do\/#website","url":"https:\/\/crees.org.do\/","name":"CREES","description":"Centro Regional de Estrategias Econ\u00f3micas Sostenibles","publisher":{"@id":"https:\/\/crees.org.do\/#organization"},"potentialAction":[{"@type":"SearchAction","target":{"@type":"EntryPoint","urlTemplate":"https:\/\/crees.org.do\/?s={search_term_string}"},"query-input":{"@type":"PropertyValueSpecification","valueRequired":true,"valueName":"search_term_string"}}],"inLanguage":"es"},{"@type":"Organization","@id":"https:\/\/crees.org.do\/#organization","name":"CREES | Centro Regional de Estrategias Econ\u00f3micas Sostenibles","url":"https:\/\/crees.org.do\/","logo":{"@type":"ImageObject","inLanguage":"es","@id":"https:\/\/crees.org.do\/#\/schema\/logo\/image\/","url":"https:\/\/crees.org.do\/wp-content\/uploads\/2022\/03\/crees-logo-1.jpg","contentUrl":"https:\/\/crees.org.do\/wp-content\/uploads\/2022\/03\/crees-logo-1.jpg","width":244,"height":71,"caption":"CREES | Centro Regional de Estrategias Econ\u00f3micas Sostenibles"},"image":{"@id":"https:\/\/crees.org.do\/#\/schema\/logo\/image\/"},"sameAs":["https:\/\/www.facebook.com\/CREESRD\/","https:\/\/x.com\/CREESRD"]},{"@type":"Person","@id":"https:\/\/crees.org.do\/#\/schema\/person\/e7f97cd94d7bf9cd0e0ce30acb7d56b8","name":"Crees","image":{"@type":"ImageObject","inLanguage":"es","@id":"https:\/\/crees.org.do\/#\/schema\/person\/image\/","url":"https:\/\/secure.gravatar.com\/avatar\/390ac8f0be5d9aa046152553e2dd7011b59a512d89c150f5e5f28bb8d9a0b165?s=96&d=mm&r=g","contentUrl":"https:\/\/secure.gravatar.com\/avatar\/390ac8f0be5d9aa046152553e2dd7011b59a512d89c150f5e5f28bb8d9a0b165?s=96&d=mm&r=g","caption":"Crees"},"url":"https:\/\/crees.org.do\/?author=2"}]}},"_links":{"self":[{"href":"https:\/\/crees.org.do\/index.php?rest_route=\/wp\/v2\/posts\/20620","targetHints":{"allow":["GET"]}}],"collection":[{"href":"https:\/\/crees.org.do\/index.php?rest_route=\/wp\/v2\/posts"}],"about":[{"href":"https:\/\/crees.org.do\/index.php?rest_route=\/wp\/v2\/types\/post"}],"author":[{"embeddable":true,"href":"https:\/\/crees.org.do\/index.php?rest_route=\/wp\/v2\/users\/2"}],"replies":[{"embeddable":true,"href":"https:\/\/crees.org.do\/index.php?rest_route=%2Fwp%2Fv2%2Fcomments&post=20620"}],"version-history":[{"count":0,"href":"https:\/\/crees.org.do\/index.php?rest_route=\/wp\/v2\/posts\/20620\/revisions"}],"wp:attachment":[{"href":"https:\/\/crees.org.do\/index.php?rest_route=%2Fwp%2Fv2%2Fmedia&parent=20620"}],"wp:term":[{"taxonomy":"category","embeddable":true,"href":"https:\/\/crees.org.do\/index.php?rest_route=%2Fwp%2Fv2%2Fcategories&post=20620"},{"taxonomy":"post_tag","embeddable":true,"href":"https:\/\/crees.org.do\/index.php?rest_route=%2Fwp%2Fv2%2Ftags&post=20620"}],"curies":[{"name":"wp","href":"https:\/\/api.w.org\/{rel}","templated":true}]}}